{"id":209725,"date":"2024-01-20T10:49:01","date_gmt":"2024-01-20T14:49:01","guid":{"rendered":"https:\/\/www.manaus.am.gov.br\/semasc\/prefeitura-de-manaus-alerta-usuarios-do-bolsa-familia-para-atualizacao-do-cadastro-unico\/"},"modified":"2024-01-25T11:55:29","modified_gmt":"2024-01-25T15:55:29","slug":"prefeitura-de-manaus-alerta-usuarios-do-bolsa-familia-para-atualizacao-do-cadastro-unico","status":"publish","type":"post","link":"https:\/\/www.manaus.am.gov.br\/semasc\/prefeitura-de-manaus-alerta-usuarios-do-bolsa-familia-para-atualizacao-do-cadastro-unico\/","title":{"rendered":"Prefeitura de Manaus alerta usu\u00e1rios do Bolsa Fam\u00edlia para atualiza\u00e7\u00e3o do Cadastro \u00danico"},"content":{"rendered":"\n<p>A Prefeitura de Manaus alerta os usu\u00e1rios do programa Bolsa Fam\u00edlia para a necessidade de atualiza\u00e7\u00e3o das informa\u00e7\u00f5es do Cadastro \u00danico. Mudan\u00e7as de endere\u00e7o, telefone de contato e composi\u00e7\u00e3o familiar, nascimento de uma crian\u00e7a, falecimento de um familiar ou casamento, s\u00e3o alguns dos dados que devem ser atualizados. O n\u00e3o atendimento desta condicionante pode implicar na suspens\u00e3o do benef\u00edcio.<\/p>\n\n\n\n<p>\u201c\u00c9 importante que as fam\u00edlias estejam com o Cadastro \u00danico atualizado. A revis\u00e3o das informa\u00e7\u00f5es deve ser feita sempre que houver alguma mudan\u00e7a na composi\u00e7\u00e3o familiar, na renda ou em outros dados relevantes. Para aqueles que tiveram o Bolsa Fam\u00edlia suspenso, a recomenda\u00e7\u00e3o \u00e9 procurar o Cras (Centro de Refer\u00eancia de Assist\u00eancia Social) da \u00e1rea de abrang\u00eancia para regularizar a situa\u00e7\u00e3o\u201d, destacou o secret\u00e1rio municipal da Mulher, Assist\u00eancia Social e Cidadania (Semasc), Eduardo Lucas.<\/p>\n\n\n\n<p>Manaus conta com 20 CRAS distribu\u00eddos em todas as zonas da cidade, al\u00e9m de tr\u00eas unidades descentralizadas, localizadas no Shopping Phelippe Daou, na Galeria Popular Esp\u00edrito Santo e na sede da Semasc. O agendamento do atendimento pode ser feito por meio do endere\u00e7o eletr\u00f4nico <a href=\"http:\/\/agendasemasc.manaus.am.gov.br\">http:\/\/agendasemasc.manaus.am.gov.br<\/a>.&nbsp;&nbsp;&nbsp;<\/p>\n\n\n\n<p><strong>Cadastro<\/strong><\/p>\n\n\n\n<p>O Cadastro \u00danico \u00e9 a principal ferramenta para a sele\u00e7\u00e3o de benefici\u00e1rios de programas sociais, incluindo o Bolsa Fam\u00edlia. Nele, as fam\u00edlias informam os dados exigidos para a an\u00e1lise e concess\u00e3o dos benef\u00edcios. A falta de atualiza\u00e7\u00e3o pode levar \u00e0 suspens\u00e3o do Bolsa Fam\u00edlia, impactando diretamente a vida de quem depende desse aux\u00edlio para suprir necessidades b\u00e1sicas, raz\u00e3o pela qual \u00e9 fundamental que os benefici\u00e1rios estejam atentos \u00e0 regularidade de suas informa\u00e7\u00f5es no sistema.<\/p>\n\n\n\n<p>Entre as condicionalidades para n\u00e3o ter o benef\u00edcio suspenso, al\u00e9m da manuten\u00e7\u00e3o do cadastro atualizado, est\u00e3o: manter o cadastro atualizado, acompanhamento do calend\u00e1rio nacional de vacina\u00e7\u00e3o, frequ\u00eancia escolar, realiza\u00e7\u00e3o do acompanhamento pr\u00e9-natal e acompanhamento do estado nutricional das crian\u00e7as menores de 7 anos.<\/p>\n\n\n\n<p>Milhares de brasileiros que dependem do Bolsa Fam\u00edlia para garantir o sustento de suas fam\u00edlias est\u00e3o enfrentando a suspens\u00e3o do benef\u00edcio devido \u00e0 falta de atualiza\u00e7\u00e3o do Cadastro \u00danico.<\/p>\n\n\n\n<p>&#8212; &#8212; &#8212;<\/p>\n\n\n\n<p><strong>Texto<\/strong> &#8211; Leonardo Fierro \/ Semasc<\/p>\n\n\n\n<p><strong>Foto<\/strong> \u2013 Arquivo \/ Semcom<\/p>\n","protected":false},"excerpt":{"rendered":"","protected":false},"author":61,"featured_media":209728,"comment_status":"closed","ping_status":"closed","sticky":false,"template":"","format":"standard","meta":{"footnotes":""},"categories":[34],"tags":[886,887,74,7,18],"acf":[],"yoast_head":"<!-- This site is optimized with the Yoast SEO plugin v23.0 - https:\/\/yoast.com\/wordpress\/plugins\/seo\/ -->\n<title>Usu\u00e1rios do Bolsa Fam\u00edlia devem fazer atualiza\u00e7\u00e3o cadastral<\/title>\n<meta name=\"description\" content=\"A Prefeitura de Manaus alerta os usu\u00e1rios do programa Bolsa Fam\u00edlia para a necessidade de atualiza\u00e7\u00e3o das informa\u00e7\u00f5es do Cadastro \u00danico.\" \/>\n<meta name=\"robots\" content=\"noindex, follow\" \/>\n<meta property=\"og:locale\" content=\"pt_BR\" \/>\n<meta property=\"og:type\" content=\"article\" \/>\n<meta property=\"og:title\" content=\"Usu\u00e1rios do Bolsa Fam\u00edlia devem fazer atualiza\u00e7\u00e3o cadastral\" \/>\n<meta property=\"og:description\" content=\"A Prefeitura de Manaus alerta os usu\u00e1rios do programa Bolsa Fam\u00edlia para a necessidade de atualiza\u00e7\u00e3o das informa\u00e7\u00f5es do Cadastro \u00danico.\" \/>\n<meta property=\"og:url\" content=\"https:\/\/www.manaus.am.gov.br\/semasc\/prefeitura-de-manaus-alerta-usuarios-do-bolsa-familia-para-atualizacao-do-cadastro-unico\/\" \/>\n<meta property=\"og:site_name\" content=\"SEMASC\" \/>\n<meta property=\"article:publisher\" content=\"https:\/\/www.facebook.com\/semascmanaus\" \/>\n<meta property=\"article:published_time\" content=\"2024-01-20T14:49:01+00:00\" \/>\n<meta property=\"article:modified_time\" content=\"2024-01-25T15:55:29+00:00\" \/>\n<meta property=\"og:image\" content=\"https:\/\/www.manaus.am.gov.br\/semasc\/wp-content\/uploads\/sites\/17\/2024\/01\/Cadastro-Unico-2.jpg\" \/>\n\t<meta property=\"og:image:width\" content=\"799\" \/>\n\t<meta property=\"og:image:height\" content=\"533\" \/>\n\t<meta property=\"og:image:type\" content=\"image\/jpeg\" \/>\n<meta name=\"author\" content=\"smonteiro\" \/>\n<meta name=\"twitter:card\" content=\"summary_large_image\" \/>\n<meta name=\"twitter:label1\" content=\"Written by\" \/>\n\t<meta name=\"twitter:data1\" content=\"smonteiro\" \/>\n\t<meta name=\"twitter:label2\" content=\"Est. reading time\" \/>\n\t<meta name=\"twitter:data2\" content=\"2 minutos\" \/>\n<script type=\"application\/ld+json\" class=\"yoast-schema-graph\">{\"@context\":\"https:\/\/schema.org\",\"@graph\":[{\"@type\":\"Article\",\"@id\":\"https:\/\/www.manaus.am.gov.br\/semasc\/prefeitura-de-manaus-alerta-usuarios-do-bolsa-familia-para-atualizacao-do-cadastro-unico\/#article\",\"isPartOf\":{\"@id\":\"https:\/\/www.manaus.am.gov.br\/semasc\/prefeitura-de-manaus-alerta-usuarios-do-bolsa-familia-para-atualizacao-do-cadastro-unico\/\"},\"author\":{\"name\":\"smonteiro\",\"@id\":\"https:\/\/www.manaus.am.gov.br\/semasc\/#\/schema\/person\/ab4dcf766a54dff74e8d267f5c591961\"},\"headline\":\"Prefeitura de Manaus alerta usu\u00e1rios do Bolsa Fam\u00edlia para atualiza\u00e7\u00e3o do Cadastro \u00danico\",\"datePublished\":\"2024-01-20T14:49:01+00:00\",\"dateModified\":\"2024-01-25T15:55:29+00:00\",\"mainEntityOfPage\":{\"@id\":\"https:\/\/www.manaus.am.gov.br\/semasc\/prefeitura-de-manaus-alerta-usuarios-do-bolsa-familia-para-atualizacao-do-cadastro-unico\/\"},\"wordCount\":414,\"publisher\":{\"@id\":\"https:\/\/www.manaus.am.gov.br\/semasc\/#organization\"},\"image\":{\"@id\":\"https:\/\/www.manaus.am.gov.br\/semasc\/prefeitura-de-manaus-alerta-usuarios-do-bolsa-familia-para-atualizacao-do-cadastro-unico\/#primaryimage\"},\"thumbnailUrl\":\"https:\/\/www.manaus.am.gov.br\/semasc\/wp-content\/uploads\/sites\/17\/2024\/01\/Cadastro-Unico-2.jpg\",\"keywords\":[\"atualiza\u00e7\u00e3o\",\"bolsa fam\u00edlia\",\"Cadastro \u00danico\",\"prefeitura de manaus\",\"Semasc\"],\"articleSection\":[\"Assist\u00eancia Social\"],\"inLanguage\":\"pt-BR\"},{\"@type\":\"WebPage\",\"@id\":\"https:\/\/www.manaus.am.gov.br\/semasc\/prefeitura-de-manaus-alerta-usuarios-do-bolsa-familia-para-atualizacao-do-cadastro-unico\/\",\"url\":\"https:\/\/www.manaus.am.gov.br\/semasc\/prefeitura-de-manaus-alerta-usuarios-do-bolsa-familia-para-atualizacao-do-cadastro-unico\/\",\"name\":\"Usu\u00e1rios do Bolsa Fam\u00edlia devem fazer atualiza\u00e7\u00e3o cadastral\",\"isPartOf\":{\"@id\":\"https:\/\/www.manaus.am.gov.br\/semasc\/#website\"},\"primaryImageOfPage\":{\"@id\":\"https:\/\/www.manaus.am.gov.br\/semasc\/prefeitura-de-manaus-alerta-usuarios-do-bolsa-familia-para-atualizacao-do-cadastro-unico\/#primaryimage\"},\"image\":{\"@id\":\"https:\/\/www.manaus.am.gov.br\/semasc\/prefeitura-de-manaus-alerta-usuarios-do-bolsa-familia-para-atualizacao-do-cadastro-unico\/#primaryimage\"},\"thumbnailUrl\":\"https:\/\/www.manaus.am.gov.br\/semasc\/wp-content\/uploads\/sites\/17\/2024\/01\/Cadastro-Unico-2.jpg\",\"datePublished\":\"2024-01-20T14:49:01+00:00\",\"dateModified\":\"2024-01-25T15:55:29+00:00\",\"description\":\"A Prefeitura de Manaus alerta os usu\u00e1rios do programa Bolsa Fam\u00edlia para a necessidade de atualiza\u00e7\u00e3o das informa\u00e7\u00f5es do Cadastro \u00danico.\",\"breadcrumb\":{\"@id\":\"https:\/\/www.manaus.am.gov.br\/semasc\/prefeitura-de-manaus-alerta-usuarios-do-bolsa-familia-para-atualizacao-do-cadastro-unico\/#breadcrumb\"},\"inLanguage\":\"pt-BR\",\"potentialAction\":[{\"@type\":\"ReadAction\",\"target\":[\"https:\/\/www.manaus.am.gov.br\/semasc\/prefeitura-de-manaus-alerta-usuarios-do-bolsa-familia-para-atualizacao-do-cadastro-unico\/\"]}]},{\"@type\":\"ImageObject\",\"inLanguage\":\"pt-BR\",\"@id\":\"https:\/\/www.manaus.am.gov.br\/semasc\/prefeitura-de-manaus-alerta-usuarios-do-bolsa-familia-para-atualizacao-do-cadastro-unico\/#primaryimage\",\"url\":\"https:\/\/www.manaus.am.gov.br\/semasc\/wp-content\/uploads\/sites\/17\/2024\/01\/Cadastro-Unico-2.jpg\",\"contentUrl\":\"https:\/\/www.manaus.am.gov.br\/semasc\/wp-content\/uploads\/sites\/17\/2024\/01\/Cadastro-Unico-2.jpg\",\"width\":799,\"height\":533},{\"@type\":\"BreadcrumbList\",\"@id\":\"https:\/\/www.manaus.am.gov.br\/semasc\/prefeitura-de-manaus-alerta-usuarios-do-bolsa-familia-para-atualizacao-do-cadastro-unico\/#breadcrumb\",\"itemListElement\":[{\"@type\":\"ListItem\",\"position\":1,\"name\":\"Home\",\"item\":\"https:\/\/www.manaus.am.gov.br\/semasc\/\"},{\"@type\":\"ListItem\",\"position\":2,\"name\":\"Prefeitura de Manaus alerta usu\u00e1rios do Bolsa Fam\u00edlia para atualiza\u00e7\u00e3o do Cadastro \u00danico\"}]},{\"@type\":\"WebSite\",\"@id\":\"https:\/\/www.manaus.am.gov.br\/semasc\/#website\",\"url\":\"https:\/\/www.manaus.am.gov.br\/semasc\/\",\"name\":\"SEMASC\",\"description\":\"Secretaria Municipal da Mulher, Assist\u00eancia Social e Cidadania.\",\"publisher\":{\"@id\":\"https:\/\/www.manaus.am.gov.br\/semasc\/#organization\"},\"alternateName\":\"Secretaria Municipal da Mulher, Assist\u00eancia Social e Cidadania\",\"potentialAction\":[{\"@type\":\"SearchAction\",\"target\":{\"@type\":\"EntryPoint\",\"urlTemplate\":\"https:\/\/www.manaus.am.gov.br\/semasc\/?s={search_term_string}\"},\"query-input\":\"required name=search_term_string\"}],\"inLanguage\":\"pt-BR\"},{\"@type\":\"Organization\",\"@id\":\"https:\/\/www.manaus.am.gov.br\/semasc\/#organization\",\"name\":\"Prefeitura de Manaus\",\"alternateName\":\"Prefeitura Municipal de Manaus\",\"url\":\"https:\/\/www.manaus.am.gov.br\/semasc\/\",\"logo\":{\"@type\":\"ImageObject\",\"inLanguage\":\"pt-BR\",\"@id\":\"https:\/\/www.manaus.am.gov.br\/semasc\/#\/schema\/logo\/image\/\",\"url\":\"https:\/\/www.manaus.am.gov.br\/semasc\/wp-content\/uploads\/sites\/17\/2024\/07\/favicon.png\",\"contentUrl\":\"https:\/\/www.manaus.am.gov.br\/semasc\/wp-content\/uploads\/sites\/17\/2024\/07\/favicon.png\",\"width\":300,\"height\":300,\"caption\":\"Prefeitura de Manaus\"},\"image\":{\"@id\":\"https:\/\/www.manaus.am.gov.br\/semasc\/#\/schema\/logo\/image\/\"},\"sameAs\":[\"https:\/\/www.facebook.com\/semascmanaus\",\"https:\/\/www.instagram.com\/semascmanaus\/\"]},{\"@type\":\"Person\",\"@id\":\"https:\/\/www.manaus.am.gov.br\/semasc\/#\/schema\/person\/ab4dcf766a54dff74e8d267f5c591961\",\"name\":\"smonteiro\",\"image\":{\"@type\":\"ImageObject\",\"inLanguage\":\"pt-BR\",\"@id\":\"https:\/\/www.manaus.am.gov.br\/semasc\/#\/schema\/person\/image\/\",\"url\":\"https:\/\/secure.gravatar.com\/avatar\/21c8776ef61d9272c73322052e042d77?s=96&d=mm&r=g\",\"contentUrl\":\"https:\/\/secure.gravatar.com\/avatar\/21c8776ef61d9272c73322052e042d77?s=96&d=mm&r=g\",\"caption\":\"smonteiro\"}}]}<\/script>\n<!-- \/ Yoast SEO plugin. -->","yoast_head_json":{"title":"Usu\u00e1rios do Bolsa Fam\u00edlia devem fazer atualiza\u00e7\u00e3o cadastral","description":"A Prefeitura de Manaus alerta os usu\u00e1rios do programa Bolsa Fam\u00edlia para a necessidade de atualiza\u00e7\u00e3o das informa\u00e7\u00f5es do Cadastro \u00danico.","robots":{"index":"noindex","follow":"follow"},"og_locale":"pt_BR","og_type":"article","og_title":"Usu\u00e1rios do Bolsa Fam\u00edlia devem fazer atualiza\u00e7\u00e3o cadastral","og_description":"A Prefeitura de Manaus alerta os usu\u00e1rios do programa Bolsa Fam\u00edlia para a necessidade de atualiza\u00e7\u00e3o das informa\u00e7\u00f5es do Cadastro \u00danico.","og_url":"https:\/\/www.manaus.am.gov.br\/semasc\/prefeitura-de-manaus-alerta-usuarios-do-bolsa-familia-para-atualizacao-do-cadastro-unico\/","og_site_name":"SEMASC","article_publisher":"https:\/\/www.facebook.com\/semascmanaus","article_published_time":"2024-01-20T14:49:01+00:00","article_modified_time":"2024-01-25T15:55:29+00:00","og_image":[{"width":799,"height":533,"url":"https:\/\/www.manaus.am.gov.br\/semasc\/wp-content\/uploads\/sites\/17\/2024\/01\/Cadastro-Unico-2.jpg","type":"image\/jpeg"}],"author":"smonteiro","twitter_card":"summary_large_image","twitter_misc":{"Written by":"smonteiro","Est. reading time":"2 minutos"},"schema":{"@context":"https:\/\/schema.org","@graph":[{"@type":"Article","@id":"https:\/\/www.manaus.am.gov.br\/semasc\/prefeitura-de-manaus-alerta-usuarios-do-bolsa-familia-para-atualizacao-do-cadastro-unico\/#article","isPartOf":{"@id":"https:\/\/www.manaus.am.gov.br\/semasc\/prefeitura-de-manaus-alerta-usuarios-do-bolsa-familia-para-atualizacao-do-cadastro-unico\/"},"author":{"name":"smonteiro","@id":"https:\/\/www.manaus.am.gov.br\/semasc\/#\/schema\/person\/ab4dcf766a54dff74e8d267f5c591961"},"headline":"Prefeitura de Manaus alerta usu\u00e1rios do Bolsa Fam\u00edlia para atualiza\u00e7\u00e3o do Cadastro \u00danico","datePublished":"2024-01-20T14:49:01+00:00","dateModified":"2024-01-25T15:55:29+00:00","mainEntityOfPage":{"@id":"https:\/\/www.manaus.am.gov.br\/semasc\/prefeitura-de-manaus-alerta-usuarios-do-bolsa-familia-para-atualizacao-do-cadastro-unico\/"},"wordCount":414,"publisher":{"@id":"https:\/\/www.manaus.am.gov.br\/semasc\/#organization"},"image":{"@id":"https:\/\/www.manaus.am.gov.br\/semasc\/prefeitura-de-manaus-alerta-usuarios-do-bolsa-familia-para-atualizacao-do-cadastro-unico\/#primaryimage"},"thumbnailUrl":"https:\/\/www.manaus.am.gov.br\/semasc\/wp-content\/uploads\/sites\/17\/2024\/01\/Cadastro-Unico-2.jpg","keywords":["atualiza\u00e7\u00e3o","bolsa fam\u00edlia","Cadastro \u00danico","prefeitura de manaus","Semasc"],"articleSection":["Assist\u00eancia Social"],"inLanguage":"pt-BR"},{"@type":"WebPage","@id":"https:\/\/www.manaus.am.gov.br\/semasc\/prefeitura-de-manaus-alerta-usuarios-do-bolsa-familia-para-atualizacao-do-cadastro-unico\/","url":"https:\/\/www.manaus.am.gov.br\/semasc\/prefeitura-de-manaus-alerta-usuarios-do-bolsa-familia-para-atualizacao-do-cadastro-unico\/","name":"Usu\u00e1rios do Bolsa Fam\u00edlia devem fazer atualiza\u00e7\u00e3o cadastral","isPartOf":{"@id":"https:\/\/www.manaus.am.gov.br\/semasc\/#website"},"primaryImageOfPage":{"@id":"https:\/\/www.manaus.am.gov.br\/semasc\/prefeitura-de-manaus-alerta-usuarios-do-bolsa-familia-para-atualizacao-do-cadastro-unico\/#primaryimage"},"image":{"@id":"https:\/\/www.manaus.am.gov.br\/semasc\/prefeitura-de-manaus-alerta-usuarios-do-bolsa-familia-para-atualizacao-do-cadastro-unico\/#primaryimage"},"thumbnailUrl":"https:\/\/www.manaus.am.gov.br\/semasc\/wp-content\/uploads\/sites\/17\/2024\/01\/Cadastro-Unico-2.jpg","datePublished":"2024-01-20T14:49:01+00:00","dateModified":"2024-01-25T15:55:29+00:00","description":"A Prefeitura de Manaus alerta os usu\u00e1rios do programa Bolsa Fam\u00edlia para a necessidade de atualiza\u00e7\u00e3o das informa\u00e7\u00f5es do Cadastro \u00danico.","breadcrumb":{"@id":"https:\/\/www.manaus.am.gov.br\/semasc\/prefeitura-de-manaus-alerta-usuarios-do-bolsa-familia-para-atualizacao-do-cadastro-unico\/#breadcrumb"},"inLanguage":"pt-BR","potentialAction":[{"@type":"ReadAction","target":["https:\/\/www.manaus.am.gov.br\/semasc\/prefeitura-de-manaus-alerta-usuarios-do-bolsa-familia-para-atualizacao-do-cadastro-unico\/"]}]},{"@type":"ImageObject","inLanguage":"pt-BR","@id":"https:\/\/www.manaus.am.gov.br\/semasc\/prefeitura-de-manaus-alerta-usuarios-do-bolsa-familia-para-atualizacao-do-cadastro-unico\/#primaryimage","url":"https:\/\/www.manaus.am.gov.br\/semasc\/wp-content\/uploads\/sites\/17\/2024\/01\/Cadastro-Unico-2.jpg","contentUrl":"https:\/\/www.manaus.am.gov.br\/semasc\/wp-content\/uploads\/sites\/17\/2024\/01\/Cadastro-Unico-2.jpg","width":799,"height":533},{"@type":"BreadcrumbList","@id":"https:\/\/www.manaus.am.gov.br\/semasc\/prefeitura-de-manaus-alerta-usuarios-do-bolsa-familia-para-atualizacao-do-cadastro-unico\/#breadcrumb","itemListElement":[{"@type":"ListItem","position":1,"name":"Home","item":"https:\/\/www.manaus.am.gov.br\/semasc\/"},{"@type":"ListItem","position":2,"name":"Prefeitura de Manaus alerta usu\u00e1rios do Bolsa Fam\u00edlia para atualiza\u00e7\u00e3o do Cadastro \u00danico"}]},{"@type":"WebSite","@id":"https:\/\/www.manaus.am.gov.br\/semasc\/#website","url":"https:\/\/www.manaus.am.gov.br\/semasc\/","name":"SEMASC","description":"Secretaria Municipal da Mulher, Assist\u00eancia Social e Cidadania.","publisher":{"@id":"https:\/\/www.manaus.am.gov.br\/semasc\/#organization"},"alternateName":"Secretaria Municipal da Mulher, Assist\u00eancia Social e Cidadania","potentialAction":[{"@type":"SearchAction","target":{"@type":"EntryPoint","urlTemplate":"https:\/\/www.manaus.am.gov.br\/semasc\/?s={search_term_string}"},"query-input":"required name=search_term_string"}],"inLanguage":"pt-BR"},{"@type":"Organization","@id":"https:\/\/www.manaus.am.gov.br\/semasc\/#organization","name":"Prefeitura de Manaus","alternateName":"Prefeitura Municipal de Manaus","url":"https:\/\/www.manaus.am.gov.br\/semasc\/","logo":{"@type":"ImageObject","inLanguage":"pt-BR","@id":"https:\/\/www.manaus.am.gov.br\/semasc\/#\/schema\/logo\/image\/","url":"https:\/\/www.manaus.am.gov.br\/semasc\/wp-content\/uploads\/sites\/17\/2024\/07\/favicon.png","contentUrl":"https:\/\/www.manaus.am.gov.br\/semasc\/wp-content\/uploads\/sites\/17\/2024\/07\/favicon.png","width":300,"height":300,"caption":"Prefeitura de Manaus"},"image":{"@id":"https:\/\/www.manaus.am.gov.br\/semasc\/#\/schema\/logo\/image\/"},"sameAs":["https:\/\/www.facebook.com\/semascmanaus","https:\/\/www.instagram.com\/semascmanaus\/"]},{"@type":"Person","@id":"https:\/\/www.manaus.am.gov.br\/semasc\/#\/schema\/person\/ab4dcf766a54dff74e8d267f5c591961","name":"smonteiro","image":{"@type":"ImageObject","inLanguage":"pt-BR","@id":"https:\/\/www.manaus.am.gov.br\/semasc\/#\/schema\/person\/image\/","url":"https:\/\/secure.gravatar.com\/avatar\/21c8776ef61d9272c73322052e042d77?s=96&d=mm&r=g","contentUrl":"https:\/\/secure.gravatar.com\/avatar\/21c8776ef61d9272c73322052e042d77?s=96&d=mm&r=g","caption":"smonteiro"}}]}},"_links":{"self":[{"href":"https:\/\/www.manaus.am.gov.br\/semasc\/wp-json\/wp\/v2\/posts\/209725"}],"collection":[{"href":"https:\/\/www.manaus.am.gov.br\/semasc\/wp-json\/wp\/v2\/posts"}],"about":[{"href":"https:\/\/www.manaus.am.gov.br\/semasc\/wp-json\/wp\/v2\/types\/post"}],"author":[{"embeddable":true,"href":"https:\/\/www.manaus.am.gov.br\/semasc\/wp-json\/wp\/v2\/users\/61"}],"replies":[{"embeddable":true,"href":"https:\/\/www.manaus.am.gov.br\/semasc\/wp-json\/wp\/v2\/comments?post=209725"}],"version-history":[{"count":2,"href":"https:\/\/www.manaus.am.gov.br\/semasc\/wp-json\/wp\/v2\/posts\/209725\/revisions"}],"predecessor-version":[{"id":209729,"href":"https:\/\/www.manaus.am.gov.br\/semasc\/wp-json\/wp\/v2\/posts\/209725\/revisions\/209729"}],"wp:featuredmedia":[{"embeddable":true,"href":"https:\/\/www.manaus.am.gov.br\/semasc\/wp-json\/wp\/v2\/media\/209728"}],"wp:attachment":[{"href":"https:\/\/www.manaus.am.gov.br\/semasc\/wp-json\/wp\/v2\/media?parent=209725"}],"wp:term":[{"taxonomy":"category","embeddable":true,"href":"https:\/\/www.manaus.am.gov.br\/semasc\/wp-json\/wp\/v2\/categories?post=209725"},{"taxonomy":"post_tag","embeddable":true,"href":"https:\/\/www.manaus.am.gov.br\/semasc\/wp-json\/wp\/v2\/tags?post=209725"}],"curies":[{"name":"wp","href":"https:\/\/api.w.org\/{rel}","templated":true}]}}