{"id":209722,"date":"2024-01-19T16:49:55","date_gmt":"2024-01-19T20:49:55","guid":{"rendered":"https:\/\/www.manaus.am.gov.br\/semasc\/prefeitura-de-manaus-e-aadesam-dao-inicio-a-inscricoes-de-processo-seletivo-para-atuar-na-semasc\/"},"modified":"2024-01-25T11:54:13","modified_gmt":"2024-01-25T15:54:13","slug":"prefeitura-de-manaus-e-aadesam-dao-inicio-a-inscricoes-de-processo-seletivo-para-atuar-na-semasc","status":"publish","type":"post","link":"https:\/\/www.manaus.am.gov.br\/semasc\/prefeitura-de-manaus-e-aadesam-dao-inicio-a-inscricoes-de-processo-seletivo-para-atuar-na-semasc\/","title":{"rendered":"Prefeitura de Manaus e Aadesam d\u00e3o in\u00edcio a inscri\u00e7\u00f5es de processo seletivo para atuar na Semasc"},"content":{"rendered":"\n<p>Abertas nesta sexta-feira, 19\/1, as inscri\u00e7\u00f5es do Processo Seletivo Simplificado para a contrata\u00e7\u00e3o de profissionais que ir\u00e3o atuar na Secretaria Municipal da Mulher, Assist\u00eancia Social e Cidadania (Semasc). O PSS \u00e9 parte do projeto \u201cManaus Mais Prote\u00e7\u00e3o Social\u201d, celebrado entre a Ag\u00eancia Amazonense de Desenvolvimento Econ\u00f4mico, Social e Ambiental (Aadesam) e a Prefeitura de Manaus para o fortalecimento da pol\u00edtica p\u00fablica de Assist\u00eancia Social na capital amazonense.<\/p>\n\n\n\n<p>Ao todo, s\u00e3o 78 vagas nos n\u00edveis m\u00e9dio e superior, para contrata\u00e7\u00e3o imediata de profissionais de diferentes \u00e1reas. Os sal\u00e1rios v\u00e3o at\u00e9 R$ 3.500.<\/p>\n\n\n\n<p>\u201cPossu\u00edmos uma necessidade de complementa\u00e7\u00e3o do nosso quadro de servidores e funcion\u00e1rios para atuar em nossos principais equipamentos socioassistenciais, como os Centros de Refer\u00eancia de Assist\u00eancia Social (Cras), servi\u00e7os de acolhimento e afins. Este \u00e9 um processo que vem para sanar ao menos algumas dessas demandas e ajudar no fortalecimento do Sistema \u00danico de Assist\u00eancia Social (Suas) no mun\u00edcipio de Manaus\u201d, destacou Lorena Barreto, diretora de \u00e1rea de Gest\u00e3o do Suas, na Semasc.<\/p>\n\n\n\n<p>As inscri\u00e7\u00f5es seguir\u00e3o abertas at\u00e9 o dia 31\/1, devendo ser realizadas por meio do endere\u00e7o <a href=\"http:\/\/www.pss.aadesam.org.br\">www.pss.aadesam.org.br<\/a>, onde o edital completo do processo seletivo e os documentos necess\u00e1rios tamb\u00e9m podem ser conferidos.<\/p>\n\n\n\n<p>&#8212; &#8212; &#8212;<\/p>\n\n\n\n<p><strong>Texto<\/strong> &#8211; Guilherme Pacheco \/ Semasc<\/p>\n\n\n\n<p><strong>Foto<\/strong> &#8211; Diego Lima \/ Semcom<\/p>\n","protected":false},"excerpt":{"rendered":"","protected":false},"author":61,"featured_media":209723,"comment_status":"closed","ping_status":"closed","sticky":false,"template":"","format":"standard","meta":{"footnotes":""},"categories":[34],"tags":[883,72,7,884,885],"acf":[],"yoast_head":"<!-- This site is optimized with the Yoast SEO plugin v23.0 - https:\/\/yoast.com\/wordpress\/plugins\/seo\/ -->\n<title>Prefeitura e AADESAM abrem inscri\u00e7\u00f5es de PSS para a Semasc<\/title>\n<meta name=\"description\" content=\"Abertas nesta sexta-feira, 19\/1, as inscri\u00e7\u00f5es do PSS para a contrata\u00e7\u00e3o de profissionais que ir\u00e3o atuar na Semasc.\" \/>\n<meta name=\"robots\" content=\"noindex, follow\" \/>\n<meta property=\"og:locale\" content=\"pt_BR\" \/>\n<meta property=\"og:type\" content=\"article\" \/>\n<meta property=\"og:title\" content=\"Prefeitura e AADESAM abrem inscri\u00e7\u00f5es de PSS para a Semasc\" \/>\n<meta property=\"og:description\" content=\"Abertas nesta sexta-feira, 19\/1, as inscri\u00e7\u00f5es do PSS para a contrata\u00e7\u00e3o de profissionais que ir\u00e3o atuar na Semasc.\" \/>\n<meta property=\"og:url\" content=\"https:\/\/www.manaus.am.gov.br\/semasc\/prefeitura-de-manaus-e-aadesam-dao-inicio-a-inscricoes-de-processo-seletivo-para-atuar-na-semasc\/\" \/>\n<meta property=\"og:site_name\" content=\"SEMASC\" \/>\n<meta property=\"article:publisher\" content=\"https:\/\/www.facebook.com\/semascmanaus\" \/>\n<meta property=\"article:published_time\" content=\"2024-01-19T20:49:55+00:00\" \/>\n<meta property=\"article:modified_time\" content=\"2024-01-25T15:54:13+00:00\" \/>\n<meta property=\"og:image\" content=\"https:\/\/www.manaus.am.gov.br\/semasc\/wp-content\/uploads\/sites\/17\/2024\/01\/Lorena-Barreto-1024x768.jpeg\" \/>\n\t<meta property=\"og:image:width\" content=\"1024\" \/>\n\t<meta property=\"og:image:height\" content=\"768\" \/>\n\t<meta property=\"og:image:type\" content=\"image\/jpeg\" \/>\n<meta name=\"author\" content=\"smonteiro\" \/>\n<meta name=\"twitter:card\" content=\"summary_large_image\" \/>\n<meta name=\"twitter:label1\" content=\"Written by\" \/>\n\t<meta name=\"twitter:data1\" content=\"smonteiro\" \/>\n\t<meta name=\"twitter:label2\" content=\"Est. reading time\" \/>\n\t<meta name=\"twitter:data2\" content=\"2 minutos\" \/>\n<script type=\"application\/ld+json\" class=\"yoast-schema-graph\">{\"@context\":\"https:\/\/schema.org\",\"@graph\":[{\"@type\":\"Article\",\"@id\":\"https:\/\/www.manaus.am.gov.br\/semasc\/prefeitura-de-manaus-e-aadesam-dao-inicio-a-inscricoes-de-processo-seletivo-para-atuar-na-semasc\/#article\",\"isPartOf\":{\"@id\":\"https:\/\/www.manaus.am.gov.br\/semasc\/prefeitura-de-manaus-e-aadesam-dao-inicio-a-inscricoes-de-processo-seletivo-para-atuar-na-semasc\/\"},\"author\":{\"name\":\"smonteiro\",\"@id\":\"https:\/\/www.manaus.am.gov.br\/semasc\/#\/schema\/person\/ab4dcf766a54dff74e8d267f5c591961\"},\"headline\":\"Prefeitura de Manaus e Aadesam d\u00e3o in\u00edcio a inscri\u00e7\u00f5es de processo seletivo para atuar na Semasc\",\"datePublished\":\"2024-01-19T20:49:55+00:00\",\"dateModified\":\"2024-01-25T15:54:13+00:00\",\"mainEntityOfPage\":{\"@id\":\"https:\/\/www.manaus.am.gov.br\/semasc\/prefeitura-de-manaus-e-aadesam-dao-inicio-a-inscricoes-de-processo-seletivo-para-atuar-na-semasc\/\"},\"wordCount\":255,\"publisher\":{\"@id\":\"https:\/\/www.manaus.am.gov.br\/semasc\/#organization\"},\"image\":{\"@id\":\"https:\/\/www.manaus.am.gov.br\/semasc\/prefeitura-de-manaus-e-aadesam-dao-inicio-a-inscricoes-de-processo-seletivo-para-atuar-na-semasc\/#primaryimage\"},\"thumbnailUrl\":\"https:\/\/www.manaus.am.gov.br\/semasc\/wp-content\/uploads\/sites\/17\/2024\/01\/Lorena-Barreto.jpeg\",\"keywords\":[\"AADESAM\",\"assist\u00eancia social\",\"prefeitura de manaus\",\"processo seletivo\",\"pss\"],\"articleSection\":[\"Assist\u00eancia Social\"],\"inLanguage\":\"pt-BR\"},{\"@type\":\"WebPage\",\"@id\":\"https:\/\/www.manaus.am.gov.br\/semasc\/prefeitura-de-manaus-e-aadesam-dao-inicio-a-inscricoes-de-processo-seletivo-para-atuar-na-semasc\/\",\"url\":\"https:\/\/www.manaus.am.gov.br\/semasc\/prefeitura-de-manaus-e-aadesam-dao-inicio-a-inscricoes-de-processo-seletivo-para-atuar-na-semasc\/\",\"name\":\"Prefeitura e AADESAM abrem inscri\u00e7\u00f5es de PSS para a Semasc\",\"isPartOf\":{\"@id\":\"https:\/\/www.manaus.am.gov.br\/semasc\/#website\"},\"primaryImageOfPage\":{\"@id\":\"https:\/\/www.manaus.am.gov.br\/semasc\/prefeitura-de-manaus-e-aadesam-dao-inicio-a-inscricoes-de-processo-seletivo-para-atuar-na-semasc\/#primaryimage\"},\"image\":{\"@id\":\"https:\/\/www.manaus.am.gov.br\/semasc\/prefeitura-de-manaus-e-aadesam-dao-inicio-a-inscricoes-de-processo-seletivo-para-atuar-na-semasc\/#primaryimage\"},\"thumbnailUrl\":\"https:\/\/www.manaus.am.gov.br\/semasc\/wp-content\/uploads\/sites\/17\/2024\/01\/Lorena-Barreto.jpeg\",\"datePublished\":\"2024-01-19T20:49:55+00:00\",\"dateModified\":\"2024-01-25T15:54:13+00:00\",\"description\":\"Abertas nesta sexta-feira, 19\/1, as inscri\u00e7\u00f5es do PSS para a contrata\u00e7\u00e3o de profissionais que ir\u00e3o atuar na Semasc.\",\"breadcrumb\":{\"@id\":\"https:\/\/www.manaus.am.gov.br\/semasc\/prefeitura-de-manaus-e-aadesam-dao-inicio-a-inscricoes-de-processo-seletivo-para-atuar-na-semasc\/#breadcrumb\"},\"inLanguage\":\"pt-BR\",\"potentialAction\":[{\"@type\":\"ReadAction\",\"target\":[\"https:\/\/www.manaus.am.gov.br\/semasc\/prefeitura-de-manaus-e-aadesam-dao-inicio-a-inscricoes-de-processo-seletivo-para-atuar-na-semasc\/\"]}]},{\"@type\":\"ImageObject\",\"inLanguage\":\"pt-BR\",\"@id\":\"https:\/\/www.manaus.am.gov.br\/semasc\/prefeitura-de-manaus-e-aadesam-dao-inicio-a-inscricoes-de-processo-seletivo-para-atuar-na-semasc\/#primaryimage\",\"url\":\"https:\/\/www.manaus.am.gov.br\/semasc\/wp-content\/uploads\/sites\/17\/2024\/01\/Lorena-Barreto.jpeg\",\"contentUrl\":\"https:\/\/www.manaus.am.gov.br\/semasc\/wp-content\/uploads\/sites\/17\/2024\/01\/Lorena-Barreto.jpeg\",\"width\":4032,\"height\":3024},{\"@type\":\"BreadcrumbList\",\"@id\":\"https:\/\/www.manaus.am.gov.br\/semasc\/prefeitura-de-manaus-e-aadesam-dao-inicio-a-inscricoes-de-processo-seletivo-para-atuar-na-semasc\/#breadcrumb\",\"itemListElement\":[{\"@type\":\"ListItem\",\"position\":1,\"name\":\"Home\",\"item\":\"https:\/\/www.manaus.am.gov.br\/semasc\/\"},{\"@type\":\"ListItem\",\"position\":2,\"name\":\"Prefeitura de Manaus e Aadesam d\u00e3o in\u00edcio a inscri\u00e7\u00f5es de processo seletivo para atuar na Semasc\"}]},{\"@type\":\"WebSite\",\"@id\":\"https:\/\/www.manaus.am.gov.br\/semasc\/#website\",\"url\":\"https:\/\/www.manaus.am.gov.br\/semasc\/\",\"name\":\"SEMASC\",\"description\":\"Secretaria Municipal da Mulher, Assist\u00eancia Social e Cidadania.\",\"publisher\":{\"@id\":\"https:\/\/www.manaus.am.gov.br\/semasc\/#organization\"},\"alternateName\":\"Secretaria Municipal da Mulher, Assist\u00eancia Social e Cidadania\",\"potentialAction\":[{\"@type\":\"SearchAction\",\"target\":{\"@type\":\"EntryPoint\",\"urlTemplate\":\"https:\/\/www.manaus.am.gov.br\/semasc\/?s={search_term_string}\"},\"query-input\":\"required name=search_term_string\"}],\"inLanguage\":\"pt-BR\"},{\"@type\":\"Organization\",\"@id\":\"https:\/\/www.manaus.am.gov.br\/semasc\/#organization\",\"name\":\"Prefeitura de Manaus\",\"alternateName\":\"Prefeitura Municipal de Manaus\",\"url\":\"https:\/\/www.manaus.am.gov.br\/semasc\/\",\"logo\":{\"@type\":\"ImageObject\",\"inLanguage\":\"pt-BR\",\"@id\":\"https:\/\/www.manaus.am.gov.br\/semasc\/#\/schema\/logo\/image\/\",\"url\":\"https:\/\/www.manaus.am.gov.br\/semasc\/wp-content\/uploads\/sites\/17\/2024\/07\/favicon.png\",\"contentUrl\":\"https:\/\/www.manaus.am.gov.br\/semasc\/wp-content\/uploads\/sites\/17\/2024\/07\/favicon.png\",\"width\":300,\"height\":300,\"caption\":\"Prefeitura de Manaus\"},\"image\":{\"@id\":\"https:\/\/www.manaus.am.gov.br\/semasc\/#\/schema\/logo\/image\/\"},\"sameAs\":[\"https:\/\/www.facebook.com\/semascmanaus\",\"https:\/\/www.instagram.com\/semascmanaus\/\"]},{\"@type\":\"Person\",\"@id\":\"https:\/\/www.manaus.am.gov.br\/semasc\/#\/schema\/person\/ab4dcf766a54dff74e8d267f5c591961\",\"name\":\"smonteiro\",\"image\":{\"@type\":\"ImageObject\",\"inLanguage\":\"pt-BR\",\"@id\":\"https:\/\/www.manaus.am.gov.br\/semasc\/#\/schema\/person\/image\/\",\"url\":\"https:\/\/secure.gravatar.com\/avatar\/21c8776ef61d9272c73322052e042d77?s=96&d=mm&r=g\",\"contentUrl\":\"https:\/\/secure.gravatar.com\/avatar\/21c8776ef61d9272c73322052e042d77?s=96&d=mm&r=g\",\"caption\":\"smonteiro\"}}]}<\/script>\n<!-- \/ Yoast SEO plugin. -->","yoast_head_json":{"title":"Prefeitura e AADESAM abrem inscri\u00e7\u00f5es de PSS para a Semasc","description":"Abertas nesta sexta-feira, 19\/1, as inscri\u00e7\u00f5es do PSS para a contrata\u00e7\u00e3o de profissionais que ir\u00e3o atuar na Semasc.","robots":{"index":"noindex","follow":"follow"},"og_locale":"pt_BR","og_type":"article","og_title":"Prefeitura e AADESAM abrem inscri\u00e7\u00f5es de PSS para a Semasc","og_description":"Abertas nesta sexta-feira, 19\/1, as inscri\u00e7\u00f5es do PSS para a contrata\u00e7\u00e3o de profissionais que ir\u00e3o atuar na Semasc.","og_url":"https:\/\/www.manaus.am.gov.br\/semasc\/prefeitura-de-manaus-e-aadesam-dao-inicio-a-inscricoes-de-processo-seletivo-para-atuar-na-semasc\/","og_site_name":"SEMASC","article_publisher":"https:\/\/www.facebook.com\/semascmanaus","article_published_time":"2024-01-19T20:49:55+00:00","article_modified_time":"2024-01-25T15:54:13+00:00","og_image":[{"width":1024,"height":768,"url":"https:\/\/www.manaus.am.gov.br\/semasc\/wp-content\/uploads\/sites\/17\/2024\/01\/Lorena-Barreto-1024x768.jpeg","type":"image\/jpeg"}],"author":"smonteiro","twitter_card":"summary_large_image","twitter_misc":{"Written by":"smonteiro","Est. reading time":"2 minutos"},"schema":{"@context":"https:\/\/schema.org","@graph":[{"@type":"Article","@id":"https:\/\/www.manaus.am.gov.br\/semasc\/prefeitura-de-manaus-e-aadesam-dao-inicio-a-inscricoes-de-processo-seletivo-para-atuar-na-semasc\/#article","isPartOf":{"@id":"https:\/\/www.manaus.am.gov.br\/semasc\/prefeitura-de-manaus-e-aadesam-dao-inicio-a-inscricoes-de-processo-seletivo-para-atuar-na-semasc\/"},"author":{"name":"smonteiro","@id":"https:\/\/www.manaus.am.gov.br\/semasc\/#\/schema\/person\/ab4dcf766a54dff74e8d267f5c591961"},"headline":"Prefeitura de Manaus e Aadesam d\u00e3o in\u00edcio a inscri\u00e7\u00f5es de processo seletivo para atuar na Semasc","datePublished":"2024-01-19T20:49:55+00:00","dateModified":"2024-01-25T15:54:13+00:00","mainEntityOfPage":{"@id":"https:\/\/www.manaus.am.gov.br\/semasc\/prefeitura-de-manaus-e-aadesam-dao-inicio-a-inscricoes-de-processo-seletivo-para-atuar-na-semasc\/"},"wordCount":255,"publisher":{"@id":"https:\/\/www.manaus.am.gov.br\/semasc\/#organization"},"image":{"@id":"https:\/\/www.manaus.am.gov.br\/semasc\/prefeitura-de-manaus-e-aadesam-dao-inicio-a-inscricoes-de-processo-seletivo-para-atuar-na-semasc\/#primaryimage"},"thumbnailUrl":"https:\/\/www.manaus.am.gov.br\/semasc\/wp-content\/uploads\/sites\/17\/2024\/01\/Lorena-Barreto.jpeg","keywords":["AADESAM","assist\u00eancia social","prefeitura de manaus","processo seletivo","pss"],"articleSection":["Assist\u00eancia Social"],"inLanguage":"pt-BR"},{"@type":"WebPage","@id":"https:\/\/www.manaus.am.gov.br\/semasc\/prefeitura-de-manaus-e-aadesam-dao-inicio-a-inscricoes-de-processo-seletivo-para-atuar-na-semasc\/","url":"https:\/\/www.manaus.am.gov.br\/semasc\/prefeitura-de-manaus-e-aadesam-dao-inicio-a-inscricoes-de-processo-seletivo-para-atuar-na-semasc\/","name":"Prefeitura e AADESAM abrem inscri\u00e7\u00f5es de PSS para a Semasc","isPartOf":{"@id":"https:\/\/www.manaus.am.gov.br\/semasc\/#website"},"primaryImageOfPage":{"@id":"https:\/\/www.manaus.am.gov.br\/semasc\/prefeitura-de-manaus-e-aadesam-dao-inicio-a-inscricoes-de-processo-seletivo-para-atuar-na-semasc\/#primaryimage"},"image":{"@id":"https:\/\/www.manaus.am.gov.br\/semasc\/prefeitura-de-manaus-e-aadesam-dao-inicio-a-inscricoes-de-processo-seletivo-para-atuar-na-semasc\/#primaryimage"},"thumbnailUrl":"https:\/\/www.manaus.am.gov.br\/semasc\/wp-content\/uploads\/sites\/17\/2024\/01\/Lorena-Barreto.jpeg","datePublished":"2024-01-19T20:49:55+00:00","dateModified":"2024-01-25T15:54:13+00:00","description":"Abertas nesta sexta-feira, 19\/1, as inscri\u00e7\u00f5es do PSS para a contrata\u00e7\u00e3o de profissionais que ir\u00e3o atuar na Semasc.","breadcrumb":{"@id":"https:\/\/www.manaus.am.gov.br\/semasc\/prefeitura-de-manaus-e-aadesam-dao-inicio-a-inscricoes-de-processo-seletivo-para-atuar-na-semasc\/#breadcrumb"},"inLanguage":"pt-BR","potentialAction":[{"@type":"ReadAction","target":["https:\/\/www.manaus.am.gov.br\/semasc\/prefeitura-de-manaus-e-aadesam-dao-inicio-a-inscricoes-de-processo-seletivo-para-atuar-na-semasc\/"]}]},{"@type":"ImageObject","inLanguage":"pt-BR","@id":"https:\/\/www.manaus.am.gov.br\/semasc\/prefeitura-de-manaus-e-aadesam-dao-inicio-a-inscricoes-de-processo-seletivo-para-atuar-na-semasc\/#primaryimage","url":"https:\/\/www.manaus.am.gov.br\/semasc\/wp-content\/uploads\/sites\/17\/2024\/01\/Lorena-Barreto.jpeg","contentUrl":"https:\/\/www.manaus.am.gov.br\/semasc\/wp-content\/uploads\/sites\/17\/2024\/01\/Lorena-Barreto.jpeg","width":4032,"height":3024},{"@type":"BreadcrumbList","@id":"https:\/\/www.manaus.am.gov.br\/semasc\/prefeitura-de-manaus-e-aadesam-dao-inicio-a-inscricoes-de-processo-seletivo-para-atuar-na-semasc\/#breadcrumb","itemListElement":[{"@type":"ListItem","position":1,"name":"Home","item":"https:\/\/www.manaus.am.gov.br\/semasc\/"},{"@type":"ListItem","position":2,"name":"Prefeitura de Manaus e Aadesam d\u00e3o in\u00edcio a inscri\u00e7\u00f5es de processo seletivo para atuar na Semasc"}]},{"@type":"WebSite","@id":"https:\/\/www.manaus.am.gov.br\/semasc\/#website","url":"https:\/\/www.manaus.am.gov.br\/semasc\/","name":"SEMASC","description":"Secretaria Municipal da Mulher, Assist\u00eancia Social e Cidadania.","publisher":{"@id":"https:\/\/www.manaus.am.gov.br\/semasc\/#organization"},"alternateName":"Secretaria Municipal da Mulher, Assist\u00eancia Social e Cidadania","potentialAction":[{"@type":"SearchAction","target":{"@type":"EntryPoint","urlTemplate":"https:\/\/www.manaus.am.gov.br\/semasc\/?s={search_term_string}"},"query-input":"required name=search_term_string"}],"inLanguage":"pt-BR"},{"@type":"Organization","@id":"https:\/\/www.manaus.am.gov.br\/semasc\/#organization","name":"Prefeitura de Manaus","alternateName":"Prefeitura Municipal de Manaus","url":"https:\/\/www.manaus.am.gov.br\/semasc\/","logo":{"@type":"ImageObject","inLanguage":"pt-BR","@id":"https:\/\/www.manaus.am.gov.br\/semasc\/#\/schema\/logo\/image\/","url":"https:\/\/www.manaus.am.gov.br\/semasc\/wp-content\/uploads\/sites\/17\/2024\/07\/favicon.png","contentUrl":"https:\/\/www.manaus.am.gov.br\/semasc\/wp-content\/uploads\/sites\/17\/2024\/07\/favicon.png","width":300,"height":300,"caption":"Prefeitura de Manaus"},"image":{"@id":"https:\/\/www.manaus.am.gov.br\/semasc\/#\/schema\/logo\/image\/"},"sameAs":["https:\/\/www.facebook.com\/semascmanaus","https:\/\/www.instagram.com\/semascmanaus\/"]},{"@type":"Person","@id":"https:\/\/www.manaus.am.gov.br\/semasc\/#\/schema\/person\/ab4dcf766a54dff74e8d267f5c591961","name":"smonteiro","image":{"@type":"ImageObject","inLanguage":"pt-BR","@id":"https:\/\/www.manaus.am.gov.br\/semasc\/#\/schema\/person\/image\/","url":"https:\/\/secure.gravatar.com\/avatar\/21c8776ef61d9272c73322052e042d77?s=96&d=mm&r=g","contentUrl":"https:\/\/secure.gravatar.com\/avatar\/21c8776ef61d9272c73322052e042d77?s=96&d=mm&r=g","caption":"smonteiro"}}]}},"_links":{"self":[{"href":"https:\/\/www.manaus.am.gov.br\/semasc\/wp-json\/wp\/v2\/posts\/209722"}],"collection":[{"href":"https:\/\/www.manaus.am.gov.br\/semasc\/wp-json\/wp\/v2\/posts"}],"about":[{"href":"https:\/\/www.manaus.am.gov.br\/semasc\/wp-json\/wp\/v2\/types\/post"}],"author":[{"embeddable":true,"href":"https:\/\/www.manaus.am.gov.br\/semasc\/wp-json\/wp\/v2\/users\/61"}],"replies":[{"embeddable":true,"href":"https:\/\/www.manaus.am.gov.br\/semasc\/wp-json\/wp\/v2\/comments?post=209722"}],"version-history":[{"count":1,"href":"https:\/\/www.manaus.am.gov.br\/semasc\/wp-json\/wp\/v2\/posts\/209722\/revisions"}],"predecessor-version":[{"id":209724,"href":"https:\/\/www.manaus.am.gov.br\/semasc\/wp-json\/wp\/v2\/posts\/209722\/revisions\/209724"}],"wp:featuredmedia":[{"embeddable":true,"href":"https:\/\/www.manaus.am.gov.br\/semasc\/wp-json\/wp\/v2\/media\/209723"}],"wp:attachment":[{"href":"https:\/\/www.manaus.am.gov.br\/semasc\/wp-json\/wp\/v2\/media?parent=209722"}],"wp:term":[{"taxonomy":"category","embeddable":true,"href":"https:\/\/www.manaus.am.gov.br\/semasc\/wp-json\/wp\/v2\/categories?post=209722"},{"taxonomy":"post_tag","embeddable":true,"href":"https:\/\/www.manaus.am.gov.br\/semasc\/wp-json\/wp\/v2\/tags?post=209722"}],"curies":[{"name":"wp","href":"https:\/\/api.w.org\/{rel}","templated":true}]}}