{"id":209690,"date":"2023-03-13T17:52:38","date_gmt":"2023-03-13T21:52:38","guid":{"rendered":"https:\/\/www.manaus.am.gov.br\/semasc\/forca-tarefa-interdita-130-residencias\/"},"modified":"2024-01-16T15:50:49","modified_gmt":"2024-01-16T19:50:49","slug":"forca-tarefa-interdita-130-residencias","status":"publish","type":"post","link":"https:\/\/www.manaus.am.gov.br\/semasc\/forca-tarefa-interdita-130-residencias\/","title":{"rendered":"For\u00e7a-tarefa da Prefeitura de Manaus interdita mais de 130 resid\u00eancias em risco"},"content":{"rendered":"\n<p><br><br>A Prefeitura de Manaus, por meio do Centro de Coopera\u00e7\u00e3o a Cidade (CCC), informa que, at\u00e9 as 17h desta segunda-feira, 13\/3, o Comit\u00ea de Gest\u00e3o de Crise interditou mais de 130 im\u00f3veis da \u00e1rea atingida por um deslizamento de barranco no bairro Jorge Teixeira, zona Leste. Os moradores dever\u00e3o ser encaminhados para a Secretaria Municipal da Mulher, Assist\u00eancia Social e Cidadania (Semasc), para serem inseridos no Aux\u00edlio Aluguel.<\/p>\n\n\n\n<p>Pelo menos 13 \u00f3rg\u00e3os estaduais e municipais est\u00e3o atuando em conjunto em uma for\u00e7a-tarefa que iniciou com a busca pelos desaparecidos no soterramento que destruiu 20 casas.<\/p>\n\n\n\n<p>De acordo com os \u00f3rg\u00e3os integrados, foram contabilizadas mais de 100 resid\u00eancias na \u00e1rea do deslizamento que ser\u00e3o demolidas ap\u00f3s a remo\u00e7\u00e3o total dos moradores e pertences. Al\u00e9m das fam\u00edlias impactadas pelo deslizamento, a Defesa Civil do munic\u00edpio, em conjunto com o Instituto Municipal de Planejamento Urbano (Implurb), est\u00e1 vistoriando as casas do alto do barranco, localizadas nas ruas Top\u00e1zio e Talism\u00e3 e que tamb\u00e9m se encontram em \u00e1rea de risco. Neste local, 30 im\u00f3veis j\u00e1 foram interditados.<\/p>\n\n\n\n<p>O Comit\u00ea de Gest\u00e3o de Crise continuar\u00e1 ativo at\u00e9 que o status da cidade esteja normalizado e a ocorr\u00eancia conclu\u00edda.<\/p>\n\n\n\n<p>&#8212; &#8212; &#8212;<\/p>\n\n\n\n<p><strong>Texto <\/strong>\u2013 Divulga\u00e7\u00e3o \/ CCC<br><strong>Foto<\/strong> \u2013 Cl\u00f3vis Miranda \/ Semcom<br><strong>Dispon\u00edvel em<\/strong> &#8211; <a href=\"https:\/\/flic.kr\/p\/2omVeM7\" target=\"_blank\" rel=\"noreferrer noopener\">https:\/\/flic.kr\/p\/2omVeM7<\/a><\/p>\n","protected":false},"excerpt":{"rendered":"","protected":false},"author":25,"featured_media":209691,"comment_status":"closed","ping_status":"closed","sticky":false,"template":"","format":"standard","meta":{"footnotes":""},"categories":[131],"tags":[860,814],"acf":[],"yoast_head":"<!-- This site is optimized with the Yoast SEO plugin v23.0 - https:\/\/yoast.com\/wordpress\/plugins\/seo\/ -->\n<title>For\u00e7a-tarefa da Prefeitura de Manaus interdita mais de 130 resid\u00eancias em risco<\/title>\n<meta name=\"description\" content=\"A Prefeitura de Manaus, por meio do Centro de Coopera\u00e7\u00e3o a Cidade (CCC), informa que, at\u00e9 as 17h desta segunda-feira, 13\/3, o Comit\u00ea de Gest\u00e3o de Crise interditou mais de 130 im\u00f3veis da \u00e1rea atingida por um deslizamento de barranco no bairro Jorge Teixeira, zona Leste.\" \/>\n<meta name=\"robots\" content=\"noindex, follow\" \/>\n<meta property=\"og:locale\" content=\"pt_BR\" \/>\n<meta property=\"og:type\" content=\"article\" \/>\n<meta property=\"og:title\" content=\"For\u00e7a-tarefa da Prefeitura de Manaus interdita mais de 130 resid\u00eancias em risco\" \/>\n<meta property=\"og:description\" content=\"A Prefeitura de Manaus, por meio do Centro de Coopera\u00e7\u00e3o a Cidade (CCC), informa que, at\u00e9 as 17h desta segunda-feira, 13\/3, o Comit\u00ea de Gest\u00e3o de Crise interditou mais de 130 im\u00f3veis da \u00e1rea atingida por um deslizamento de barranco no bairro Jorge Teixeira, zona Leste.\" \/>\n<meta property=\"og:url\" content=\"https:\/\/www.manaus.am.gov.br\/semasc\/forca-tarefa-interdita-130-residencias\/\" \/>\n<meta property=\"og:site_name\" content=\"SEMASC\" \/>\n<meta property=\"article:publisher\" content=\"https:\/\/www.facebook.com\/semascmanaus\" \/>\n<meta property=\"article:published_time\" content=\"2023-03-13T21:52:38+00:00\" \/>\n<meta property=\"article:modified_time\" content=\"2024-01-16T19:50:49+00:00\" \/>\n<meta property=\"og:image\" content=\"https:\/\/www.manaus.am.gov.br\/semasc\/wp-content\/uploads\/sites\/17\/2024\/01\/52745258644_ecd387be43_c.jpg\" \/>\n\t<meta property=\"og:image:width\" content=\"799\" \/>\n\t<meta property=\"og:image:height\" content=\"533\" \/>\n\t<meta property=\"og:image:type\" content=\"image\/jpeg\" \/>\n<meta name=\"author\" content=\"Maur\u00edcio Freire\" \/>\n<meta name=\"twitter:card\" content=\"summary_large_image\" \/>\n<meta name=\"twitter:label1\" content=\"Written by\" \/>\n\t<meta name=\"twitter:data1\" content=\"Maur\u00edcio Freire\" \/>\n\t<meta name=\"twitter:label2\" content=\"Est. reading time\" \/>\n\t<meta name=\"twitter:data2\" content=\"2 minutos\" \/>\n<script type=\"application\/ld+json\" class=\"yoast-schema-graph\">{\"@context\":\"https:\/\/schema.org\",\"@graph\":[{\"@type\":\"Article\",\"@id\":\"https:\/\/www.manaus.am.gov.br\/semasc\/forca-tarefa-interdita-130-residencias\/#article\",\"isPartOf\":{\"@id\":\"https:\/\/www.manaus.am.gov.br\/semasc\/forca-tarefa-interdita-130-residencias\/\"},\"author\":{\"name\":\"Maur\u00edcio Freire\",\"@id\":\"https:\/\/www.manaus.am.gov.br\/semasc\/#\/schema\/person\/587989a23a463cde5618e6a028977a9a\"},\"headline\":\"For\u00e7a-tarefa da Prefeitura de Manaus interdita mais de 130 resid\u00eancias em risco\",\"datePublished\":\"2023-03-13T21:52:38+00:00\",\"dateModified\":\"2024-01-16T19:50:49+00:00\",\"mainEntityOfPage\":{\"@id\":\"https:\/\/www.manaus.am.gov.br\/semasc\/forca-tarefa-interdita-130-residencias\/\"},\"wordCount\":244,\"publisher\":{\"@id\":\"https:\/\/www.manaus.am.gov.br\/semasc\/#organization\"},\"image\":{\"@id\":\"https:\/\/www.manaus.am.gov.br\/semasc\/forca-tarefa-interdita-130-residencias\/#primaryimage\"},\"thumbnailUrl\":\"https:\/\/www.manaus.am.gov.br\/semasc\/wp-content\/uploads\/sites\/17\/2024\/01\/52745258644_ecd387be43_c.jpg\",\"keywords\":[\"for\u00e7a-tarefa\",\"jorge teixeira\"],\"articleSection\":[\"A\u00e7\u00e3o\"],\"inLanguage\":\"pt-BR\"},{\"@type\":\"WebPage\",\"@id\":\"https:\/\/www.manaus.am.gov.br\/semasc\/forca-tarefa-interdita-130-residencias\/\",\"url\":\"https:\/\/www.manaus.am.gov.br\/semasc\/forca-tarefa-interdita-130-residencias\/\",\"name\":\"For\u00e7a-tarefa da Prefeitura de Manaus interdita mais de 130 resid\u00eancias em risco\",\"isPartOf\":{\"@id\":\"https:\/\/www.manaus.am.gov.br\/semasc\/#website\"},\"primaryImageOfPage\":{\"@id\":\"https:\/\/www.manaus.am.gov.br\/semasc\/forca-tarefa-interdita-130-residencias\/#primaryimage\"},\"image\":{\"@id\":\"https:\/\/www.manaus.am.gov.br\/semasc\/forca-tarefa-interdita-130-residencias\/#primaryimage\"},\"thumbnailUrl\":\"https:\/\/www.manaus.am.gov.br\/semasc\/wp-content\/uploads\/sites\/17\/2024\/01\/52745258644_ecd387be43_c.jpg\",\"datePublished\":\"2023-03-13T21:52:38+00:00\",\"dateModified\":\"2024-01-16T19:50:49+00:00\",\"description\":\"A Prefeitura de Manaus, por meio do Centro de Coopera\u00e7\u00e3o a Cidade (CCC), informa que, at\u00e9 as 17h desta segunda-feira, 13\/3, o Comit\u00ea de Gest\u00e3o de Crise interditou mais de 130 im\u00f3veis da \u00e1rea atingida por um deslizamento de barranco no bairro Jorge Teixeira, zona Leste.\",\"breadcrumb\":{\"@id\":\"https:\/\/www.manaus.am.gov.br\/semasc\/forca-tarefa-interdita-130-residencias\/#breadcrumb\"},\"inLanguage\":\"pt-BR\",\"potentialAction\":[{\"@type\":\"ReadAction\",\"target\":[\"https:\/\/www.manaus.am.gov.br\/semasc\/forca-tarefa-interdita-130-residencias\/\"]}]},{\"@type\":\"ImageObject\",\"inLanguage\":\"pt-BR\",\"@id\":\"https:\/\/www.manaus.am.gov.br\/semasc\/forca-tarefa-interdita-130-residencias\/#primaryimage\",\"url\":\"https:\/\/www.manaus.am.gov.br\/semasc\/wp-content\/uploads\/sites\/17\/2024\/01\/52745258644_ecd387be43_c.jpg\",\"contentUrl\":\"https:\/\/www.manaus.am.gov.br\/semasc\/wp-content\/uploads\/sites\/17\/2024\/01\/52745258644_ecd387be43_c.jpg\",\"width\":799,\"height\":533},{\"@type\":\"BreadcrumbList\",\"@id\":\"https:\/\/www.manaus.am.gov.br\/semasc\/forca-tarefa-interdita-130-residencias\/#breadcrumb\",\"itemListElement\":[{\"@type\":\"ListItem\",\"position\":1,\"name\":\"Home\",\"item\":\"https:\/\/www.manaus.am.gov.br\/semasc\/\"},{\"@type\":\"ListItem\",\"position\":2,\"name\":\"For\u00e7a-tarefa da Prefeitura de Manaus interdita mais de 130 resid\u00eancias em risco\"}]},{\"@type\":\"WebSite\",\"@id\":\"https:\/\/www.manaus.am.gov.br\/semasc\/#website\",\"url\":\"https:\/\/www.manaus.am.gov.br\/semasc\/\",\"name\":\"SEMASC\",\"description\":\"Secretaria Municipal da Mulher, Assist\u00eancia Social e Cidadania.\",\"publisher\":{\"@id\":\"https:\/\/www.manaus.am.gov.br\/semasc\/#organization\"},\"alternateName\":\"Secretaria Municipal da Mulher, Assist\u00eancia Social e Cidadania\",\"potentialAction\":[{\"@type\":\"SearchAction\",\"target\":{\"@type\":\"EntryPoint\",\"urlTemplate\":\"https:\/\/www.manaus.am.gov.br\/semasc\/?s={search_term_string}\"},\"query-input\":\"required name=search_term_string\"}],\"inLanguage\":\"pt-BR\"},{\"@type\":\"Organization\",\"@id\":\"https:\/\/www.manaus.am.gov.br\/semasc\/#organization\",\"name\":\"Prefeitura de Manaus\",\"alternateName\":\"Prefeitura Municipal de Manaus\",\"url\":\"https:\/\/www.manaus.am.gov.br\/semasc\/\",\"logo\":{\"@type\":\"ImageObject\",\"inLanguage\":\"pt-BR\",\"@id\":\"https:\/\/www.manaus.am.gov.br\/semasc\/#\/schema\/logo\/image\/\",\"url\":\"https:\/\/www.manaus.am.gov.br\/semasc\/wp-content\/uploads\/sites\/17\/2024\/07\/favicon.png\",\"contentUrl\":\"https:\/\/www.manaus.am.gov.br\/semasc\/wp-content\/uploads\/sites\/17\/2024\/07\/favicon.png\",\"width\":300,\"height\":300,\"caption\":\"Prefeitura de Manaus\"},\"image\":{\"@id\":\"https:\/\/www.manaus.am.gov.br\/semasc\/#\/schema\/logo\/image\/\"},\"sameAs\":[\"https:\/\/www.facebook.com\/semascmanaus\",\"https:\/\/www.instagram.com\/semascmanaus\/\"]},{\"@type\":\"Person\",\"@id\":\"https:\/\/www.manaus.am.gov.br\/semasc\/#\/schema\/person\/587989a23a463cde5618e6a028977a9a\",\"name\":\"Maur\u00edcio Freire\",\"image\":{\"@type\":\"ImageObject\",\"inLanguage\":\"pt-BR\",\"@id\":\"https:\/\/www.manaus.am.gov.br\/semasc\/#\/schema\/person\/image\/\",\"url\":\"https:\/\/secure.gravatar.com\/avatar\/dc1481799a1f75c733ac3b2634cd6749?s=96&d=mm&r=g\",\"contentUrl\":\"https:\/\/secure.gravatar.com\/avatar\/dc1481799a1f75c733ac3b2634cd6749?s=96&d=mm&r=g\",\"caption\":\"Maur\u00edcio Freire\"}}]}<\/script>\n<!-- \/ Yoast SEO plugin. -->","yoast_head_json":{"title":"For\u00e7a-tarefa da Prefeitura de Manaus interdita mais de 130 resid\u00eancias em risco","description":"A Prefeitura de Manaus, por meio do Centro de Coopera\u00e7\u00e3o a Cidade (CCC), informa que, at\u00e9 as 17h desta segunda-feira, 13\/3, o Comit\u00ea de Gest\u00e3o de Crise interditou mais de 130 im\u00f3veis da \u00e1rea atingida por um deslizamento de barranco no bairro Jorge Teixeira, zona Leste.","robots":{"index":"noindex","follow":"follow"},"og_locale":"pt_BR","og_type":"article","og_title":"For\u00e7a-tarefa da Prefeitura de Manaus interdita mais de 130 resid\u00eancias em risco","og_description":"A Prefeitura de Manaus, por meio do Centro de Coopera\u00e7\u00e3o a Cidade (CCC), informa que, at\u00e9 as 17h desta segunda-feira, 13\/3, o Comit\u00ea de Gest\u00e3o de Crise interditou mais de 130 im\u00f3veis da \u00e1rea atingida por um deslizamento de barranco no bairro Jorge Teixeira, zona Leste.","og_url":"https:\/\/www.manaus.am.gov.br\/semasc\/forca-tarefa-interdita-130-residencias\/","og_site_name":"SEMASC","article_publisher":"https:\/\/www.facebook.com\/semascmanaus","article_published_time":"2023-03-13T21:52:38+00:00","article_modified_time":"2024-01-16T19:50:49+00:00","og_image":[{"width":799,"height":533,"url":"https:\/\/www.manaus.am.gov.br\/semasc\/wp-content\/uploads\/sites\/17\/2024\/01\/52745258644_ecd387be43_c.jpg","type":"image\/jpeg"}],"author":"Maur\u00edcio Freire","twitter_card":"summary_large_image","twitter_misc":{"Written by":"Maur\u00edcio Freire","Est. reading time":"2 minutos"},"schema":{"@context":"https:\/\/schema.org","@graph":[{"@type":"Article","@id":"https:\/\/www.manaus.am.gov.br\/semasc\/forca-tarefa-interdita-130-residencias\/#article","isPartOf":{"@id":"https:\/\/www.manaus.am.gov.br\/semasc\/forca-tarefa-interdita-130-residencias\/"},"author":{"name":"Maur\u00edcio Freire","@id":"https:\/\/www.manaus.am.gov.br\/semasc\/#\/schema\/person\/587989a23a463cde5618e6a028977a9a"},"headline":"For\u00e7a-tarefa da Prefeitura de Manaus interdita mais de 130 resid\u00eancias em risco","datePublished":"2023-03-13T21:52:38+00:00","dateModified":"2024-01-16T19:50:49+00:00","mainEntityOfPage":{"@id":"https:\/\/www.manaus.am.gov.br\/semasc\/forca-tarefa-interdita-130-residencias\/"},"wordCount":244,"publisher":{"@id":"https:\/\/www.manaus.am.gov.br\/semasc\/#organization"},"image":{"@id":"https:\/\/www.manaus.am.gov.br\/semasc\/forca-tarefa-interdita-130-residencias\/#primaryimage"},"thumbnailUrl":"https:\/\/www.manaus.am.gov.br\/semasc\/wp-content\/uploads\/sites\/17\/2024\/01\/52745258644_ecd387be43_c.jpg","keywords":["for\u00e7a-tarefa","jorge teixeira"],"articleSection":["A\u00e7\u00e3o"],"inLanguage":"pt-BR"},{"@type":"WebPage","@id":"https:\/\/www.manaus.am.gov.br\/semasc\/forca-tarefa-interdita-130-residencias\/","url":"https:\/\/www.manaus.am.gov.br\/semasc\/forca-tarefa-interdita-130-residencias\/","name":"For\u00e7a-tarefa da Prefeitura de Manaus interdita mais de 130 resid\u00eancias em risco","isPartOf":{"@id":"https:\/\/www.manaus.am.gov.br\/semasc\/#website"},"primaryImageOfPage":{"@id":"https:\/\/www.manaus.am.gov.br\/semasc\/forca-tarefa-interdita-130-residencias\/#primaryimage"},"image":{"@id":"https:\/\/www.manaus.am.gov.br\/semasc\/forca-tarefa-interdita-130-residencias\/#primaryimage"},"thumbnailUrl":"https:\/\/www.manaus.am.gov.br\/semasc\/wp-content\/uploads\/sites\/17\/2024\/01\/52745258644_ecd387be43_c.jpg","datePublished":"2023-03-13T21:52:38+00:00","dateModified":"2024-01-16T19:50:49+00:00","description":"A Prefeitura de Manaus, por meio do Centro de Coopera\u00e7\u00e3o a Cidade (CCC), informa que, at\u00e9 as 17h desta segunda-feira, 13\/3, o Comit\u00ea de Gest\u00e3o de Crise interditou mais de 130 im\u00f3veis da \u00e1rea atingida por um deslizamento de barranco no bairro Jorge Teixeira, zona Leste.","breadcrumb":{"@id":"https:\/\/www.manaus.am.gov.br\/semasc\/forca-tarefa-interdita-130-residencias\/#breadcrumb"},"inLanguage":"pt-BR","potentialAction":[{"@type":"ReadAction","target":["https:\/\/www.manaus.am.gov.br\/semasc\/forca-tarefa-interdita-130-residencias\/"]}]},{"@type":"ImageObject","inLanguage":"pt-BR","@id":"https:\/\/www.manaus.am.gov.br\/semasc\/forca-tarefa-interdita-130-residencias\/#primaryimage","url":"https:\/\/www.manaus.am.gov.br\/semasc\/wp-content\/uploads\/sites\/17\/2024\/01\/52745258644_ecd387be43_c.jpg","contentUrl":"https:\/\/www.manaus.am.gov.br\/semasc\/wp-content\/uploads\/sites\/17\/2024\/01\/52745258644_ecd387be43_c.jpg","width":799,"height":533},{"@type":"BreadcrumbList","@id":"https:\/\/www.manaus.am.gov.br\/semasc\/forca-tarefa-interdita-130-residencias\/#breadcrumb","itemListElement":[{"@type":"ListItem","position":1,"name":"Home","item":"https:\/\/www.manaus.am.gov.br\/semasc\/"},{"@type":"ListItem","position":2,"name":"For\u00e7a-tarefa da Prefeitura de Manaus interdita mais de 130 resid\u00eancias em risco"}]},{"@type":"WebSite","@id":"https:\/\/www.manaus.am.gov.br\/semasc\/#website","url":"https:\/\/www.manaus.am.gov.br\/semasc\/","name":"SEMASC","description":"Secretaria Municipal da Mulher, Assist\u00eancia Social e Cidadania.","publisher":{"@id":"https:\/\/www.manaus.am.gov.br\/semasc\/#organization"},"alternateName":"Secretaria Municipal da Mulher, Assist\u00eancia Social e Cidadania","potentialAction":[{"@type":"SearchAction","target":{"@type":"EntryPoint","urlTemplate":"https:\/\/www.manaus.am.gov.br\/semasc\/?s={search_term_string}"},"query-input":"required name=search_term_string"}],"inLanguage":"pt-BR"},{"@type":"Organization","@id":"https:\/\/www.manaus.am.gov.br\/semasc\/#organization","name":"Prefeitura de Manaus","alternateName":"Prefeitura Municipal de Manaus","url":"https:\/\/www.manaus.am.gov.br\/semasc\/","logo":{"@type":"ImageObject","inLanguage":"pt-BR","@id":"https:\/\/www.manaus.am.gov.br\/semasc\/#\/schema\/logo\/image\/","url":"https:\/\/www.manaus.am.gov.br\/semasc\/wp-content\/uploads\/sites\/17\/2024\/07\/favicon.png","contentUrl":"https:\/\/www.manaus.am.gov.br\/semasc\/wp-content\/uploads\/sites\/17\/2024\/07\/favicon.png","width":300,"height":300,"caption":"Prefeitura de Manaus"},"image":{"@id":"https:\/\/www.manaus.am.gov.br\/semasc\/#\/schema\/logo\/image\/"},"sameAs":["https:\/\/www.facebook.com\/semascmanaus","https:\/\/www.instagram.com\/semascmanaus\/"]},{"@type":"Person","@id":"https:\/\/www.manaus.am.gov.br\/semasc\/#\/schema\/person\/587989a23a463cde5618e6a028977a9a","name":"Maur\u00edcio Freire","image":{"@type":"ImageObject","inLanguage":"pt-BR","@id":"https:\/\/www.manaus.am.gov.br\/semasc\/#\/schema\/person\/image\/","url":"https:\/\/secure.gravatar.com\/avatar\/dc1481799a1f75c733ac3b2634cd6749?s=96&d=mm&r=g","contentUrl":"https:\/\/secure.gravatar.com\/avatar\/dc1481799a1f75c733ac3b2634cd6749?s=96&d=mm&r=g","caption":"Maur\u00edcio Freire"}}]}},"_links":{"self":[{"href":"https:\/\/www.manaus.am.gov.br\/semasc\/wp-json\/wp\/v2\/posts\/209690"}],"collection":[{"href":"https:\/\/www.manaus.am.gov.br\/semasc\/wp-json\/wp\/v2\/posts"}],"about":[{"href":"https:\/\/www.manaus.am.gov.br\/semasc\/wp-json\/wp\/v2\/types\/post"}],"author":[{"embeddable":true,"href":"https:\/\/www.manaus.am.gov.br\/semasc\/wp-json\/wp\/v2\/users\/25"}],"replies":[{"embeddable":true,"href":"https:\/\/www.manaus.am.gov.br\/semasc\/wp-json\/wp\/v2\/comments?post=209690"}],"version-history":[{"count":0,"href":"https:\/\/www.manaus.am.gov.br\/semasc\/wp-json\/wp\/v2\/posts\/209690\/revisions"}],"wp:featuredmedia":[{"embeddable":true,"href":"https:\/\/www.manaus.am.gov.br\/semasc\/wp-json\/wp\/v2\/media\/209691"}],"wp:attachment":[{"href":"https:\/\/www.manaus.am.gov.br\/semasc\/wp-json\/wp\/v2\/media?parent=209690"}],"wp:term":[{"taxonomy":"category","embeddable":true,"href":"https:\/\/www.manaus.am.gov.br\/semasc\/wp-json\/wp\/v2\/categories?post=209690"},{"taxonomy":"post_tag","embeddable":true,"href":"https:\/\/www.manaus.am.gov.br\/semasc\/wp-json\/wp\/v2\/tags?post=209690"}],"curies":[{"name":"wp","href":"https:\/\/api.w.org\/{rel}","templated":true}]}}