{"id":209673,"date":"2024-01-12T19:29:57","date_gmt":"2024-01-12T23:29:57","guid":{"rendered":"https:\/\/www.manaus.am.gov.br\/semasc\/prefeitura-de-manaus-da-assistencia-as-familias-atingidas-por-incendio-nesta-sexta-feira-12\/"},"modified":"2024-01-12T19:30:13","modified_gmt":"2024-01-12T23:30:13","slug":"prefeitura-de-manaus-da-assistencia-as-familias-atingidas-por-incendio-nesta-sexta-feira-12","status":"publish","type":"post","link":"https:\/\/www.manaus.am.gov.br\/semasc\/prefeitura-de-manaus-da-assistencia-as-familias-atingidas-por-incendio-nesta-sexta-feira-12\/","title":{"rendered":"Prefeitura de Manaus d\u00e1 assist\u00eancia \u00e0s fam\u00edlias atingidas por inc\u00eandio nesta sexta-feira, 12"},"content":{"rendered":"\n<p>A Prefeitura de Manaus, por meio das secretarias municipais de Seguran\u00e7a P\u00fablica e Defesa Social (Semseg) e da Mulher, Assist\u00eancia Social e Cidadania (Semasc), est\u00e1 fazendo o acompanhamento das 26 fam\u00edlias afetadas pelo inc\u00eandio ocorrido na tarde desta sexta-feira, 12\/1, na travessa Rodovi\u00e1ria, pr\u00f3ximo aos becos do Nonato e Ayr\u00e3o, no bairro Pra\u00e7a 14, zona Sul de Manaus. Pelo menos 11 casas foram atingidas pelo fogo.<\/p>\n\n\n\n<p>A Ger\u00eancia de Encaminhamento e Acompanhamento (GEA) da Secretaria Executiva de Prote\u00e7\u00e3o e Defesa Civil (Sepdec), vinculada \u00e0 Semseg, esteve no local para realizar o cadastro dessas fam\u00edlias que dever\u00e3o comparecer, na segunda-feira, 15\/1, \u00e0 sede da Sepdec, na avenida Compensa, n\u00ba 770, Vila da Prata, zona Oeste, para que o GEA d\u00ea continuidade ao processo.<\/p>\n\n\n\n<p>A orienta\u00e7\u00e3o inicial \u00e9 para que essas fam\u00edlias busquem abrigo em casas de familiares at\u00e9 a segunda-feira.<\/p>\n\n\n\n<p>Equipes da Semasc atenderam as fam\u00edlias, sendo 21 crian\u00e7as, 10 adolescentes, 3 idosos e 43 adultos, de oito resid\u00eancias, que receberam cestas b\u00e1sicas e colch\u00f5es.<\/p>\n\n\n\n<p>A secretaria informou que ser\u00e1 feita uma avalia\u00e7\u00e3o social de cada situa\u00e7\u00e3o para an\u00e1lise quanto a inclus\u00e3o no &#8220;Aux\u00edlio Aluguel&#8221;, j\u00e1 que nem todas as fam\u00edlias tiveram perda total. O benef\u00edcio, no valor de R$ 600, dever\u00e1 ser liberado pelo operador banc\u00e1rio no prazo de 15 dias.<\/p>\n\n\n\n<p><strong>Texto<\/strong> &#8211; Divulga\u00e7\u00e3o \/ Semasc<\/p>\n","protected":false},"excerpt":{"rendered":"","protected":false},"author":61,"featured_media":208808,"comment_status":"closed","ping_status":"closed","sticky":false,"template":"","format":"standard","meta":{"footnotes":""},"categories":[34],"tags":[627,7,18,9],"acf":[],"yoast_head":"<!-- This site is optimized with the Yoast SEO plugin v23.0 - https:\/\/yoast.com\/wordpress\/plugins\/seo\/ -->\n<title>Prefeitura d\u00e1 assist\u00eancia \u00e0s fam\u00edlias atingidas por inc\u00eandio<\/title>\n<meta name=\"description\" content=\"A Prefeitura de Manaus est\u00e1 fazendo o acompanhamento das 26 fam\u00edlias afetadas pelo inc\u00eandio ocorrido na tarde desta sexta-feira, 12\/1\" \/>\n<meta name=\"robots\" content=\"noindex, follow\" \/>\n<meta property=\"og:locale\" content=\"pt_BR\" \/>\n<meta property=\"og:type\" content=\"article\" \/>\n<meta property=\"og:title\" content=\"Prefeitura d\u00e1 assist\u00eancia \u00e0s fam\u00edlias atingidas por inc\u00eandio\" \/>\n<meta property=\"og:description\" content=\"A Prefeitura de Manaus est\u00e1 fazendo o acompanhamento das 26 fam\u00edlias afetadas pelo inc\u00eandio ocorrido na tarde desta sexta-feira, 12\/1\" \/>\n<meta property=\"og:url\" content=\"https:\/\/www.manaus.am.gov.br\/semasc\/prefeitura-de-manaus-da-assistencia-as-familias-atingidas-por-incendio-nesta-sexta-feira-12\/\" \/>\n<meta property=\"og:site_name\" content=\"SEMASC\" \/>\n<meta property=\"article:publisher\" content=\"https:\/\/www.facebook.com\/semascmanaus\" \/>\n<meta property=\"article:published_time\" content=\"2024-01-12T23:29:57+00:00\" \/>\n<meta property=\"article:modified_time\" content=\"2024-01-12T23:30:13+00:00\" \/>\n<meta property=\"og:image\" content=\"https:\/\/www.manaus.am.gov.br\/semasc\/wp-content\/uploads\/sites\/17\/2023\/08\/Nota-1.png\" \/>\n\t<meta property=\"og:image:width\" content=\"900\" \/>\n\t<meta property=\"og:image:height\" content=\"509\" \/>\n\t<meta property=\"og:image:type\" content=\"image\/png\" \/>\n<meta name=\"author\" content=\"smonteiro\" \/>\n<meta name=\"twitter:card\" content=\"summary_large_image\" \/>\n<meta name=\"twitter:label1\" content=\"Written by\" \/>\n\t<meta name=\"twitter:data1\" content=\"smonteiro\" \/>\n\t<meta name=\"twitter:label2\" content=\"Est. reading time\" \/>\n\t<meta name=\"twitter:data2\" content=\"2 minutos\" \/>\n<script type=\"application\/ld+json\" class=\"yoast-schema-graph\">{\"@context\":\"https:\/\/schema.org\",\"@graph\":[{\"@type\":\"Article\",\"@id\":\"https:\/\/www.manaus.am.gov.br\/semasc\/prefeitura-de-manaus-da-assistencia-as-familias-atingidas-por-incendio-nesta-sexta-feira-12\/#article\",\"isPartOf\":{\"@id\":\"https:\/\/www.manaus.am.gov.br\/semasc\/prefeitura-de-manaus-da-assistencia-as-familias-atingidas-por-incendio-nesta-sexta-feira-12\/\"},\"author\":{\"name\":\"smonteiro\",\"@id\":\"https:\/\/www.manaus.am.gov.br\/semasc\/#\/schema\/person\/ab4dcf766a54dff74e8d267f5c591961\"},\"headline\":\"Prefeitura de Manaus d\u00e1 assist\u00eancia \u00e0s fam\u00edlias atingidas por inc\u00eandio nesta sexta-feira, 12\",\"datePublished\":\"2024-01-12T23:29:57+00:00\",\"dateModified\":\"2024-01-12T23:30:13+00:00\",\"mainEntityOfPage\":{\"@id\":\"https:\/\/www.manaus.am.gov.br\/semasc\/prefeitura-de-manaus-da-assistencia-as-familias-atingidas-por-incendio-nesta-sexta-feira-12\/\"},\"wordCount\":244,\"publisher\":{\"@id\":\"https:\/\/www.manaus.am.gov.br\/semasc\/#organization\"},\"image\":{\"@id\":\"https:\/\/www.manaus.am.gov.br\/semasc\/prefeitura-de-manaus-da-assistencia-as-familias-atingidas-por-incendio-nesta-sexta-feira-12\/#primaryimage\"},\"thumbnailUrl\":\"https:\/\/www.manaus.am.gov.br\/semasc\/wp-content\/uploads\/sites\/17\/2023\/08\/Nota-1.png\",\"keywords\":[\"inc\u00eandio\",\"prefeitura de manaus\",\"Semasc\",\"Semseg\"],\"articleSection\":[\"Assist\u00eancia Social\"],\"inLanguage\":\"pt-BR\"},{\"@type\":\"WebPage\",\"@id\":\"https:\/\/www.manaus.am.gov.br\/semasc\/prefeitura-de-manaus-da-assistencia-as-familias-atingidas-por-incendio-nesta-sexta-feira-12\/\",\"url\":\"https:\/\/www.manaus.am.gov.br\/semasc\/prefeitura-de-manaus-da-assistencia-as-familias-atingidas-por-incendio-nesta-sexta-feira-12\/\",\"name\":\"Prefeitura d\u00e1 assist\u00eancia \u00e0s fam\u00edlias atingidas por inc\u00eandio\",\"isPartOf\":{\"@id\":\"https:\/\/www.manaus.am.gov.br\/semasc\/#website\"},\"primaryImageOfPage\":{\"@id\":\"https:\/\/www.manaus.am.gov.br\/semasc\/prefeitura-de-manaus-da-assistencia-as-familias-atingidas-por-incendio-nesta-sexta-feira-12\/#primaryimage\"},\"image\":{\"@id\":\"https:\/\/www.manaus.am.gov.br\/semasc\/prefeitura-de-manaus-da-assistencia-as-familias-atingidas-por-incendio-nesta-sexta-feira-12\/#primaryimage\"},\"thumbnailUrl\":\"https:\/\/www.manaus.am.gov.br\/semasc\/wp-content\/uploads\/sites\/17\/2023\/08\/Nota-1.png\",\"datePublished\":\"2024-01-12T23:29:57+00:00\",\"dateModified\":\"2024-01-12T23:30:13+00:00\",\"description\":\"A Prefeitura de Manaus est\u00e1 fazendo o acompanhamento das 26 fam\u00edlias afetadas pelo inc\u00eandio ocorrido na tarde desta sexta-feira, 12\/1\",\"breadcrumb\":{\"@id\":\"https:\/\/www.manaus.am.gov.br\/semasc\/prefeitura-de-manaus-da-assistencia-as-familias-atingidas-por-incendio-nesta-sexta-feira-12\/#breadcrumb\"},\"inLanguage\":\"pt-BR\",\"potentialAction\":[{\"@type\":\"ReadAction\",\"target\":[\"https:\/\/www.manaus.am.gov.br\/semasc\/prefeitura-de-manaus-da-assistencia-as-familias-atingidas-por-incendio-nesta-sexta-feira-12\/\"]}]},{\"@type\":\"ImageObject\",\"inLanguage\":\"pt-BR\",\"@id\":\"https:\/\/www.manaus.am.gov.br\/semasc\/prefeitura-de-manaus-da-assistencia-as-familias-atingidas-por-incendio-nesta-sexta-feira-12\/#primaryimage\",\"url\":\"https:\/\/www.manaus.am.gov.br\/semasc\/wp-content\/uploads\/sites\/17\/2023\/08\/Nota-1.png\",\"contentUrl\":\"https:\/\/www.manaus.am.gov.br\/semasc\/wp-content\/uploads\/sites\/17\/2023\/08\/Nota-1.png\",\"width\":900,\"height\":509},{\"@type\":\"BreadcrumbList\",\"@id\":\"https:\/\/www.manaus.am.gov.br\/semasc\/prefeitura-de-manaus-da-assistencia-as-familias-atingidas-por-incendio-nesta-sexta-feira-12\/#breadcrumb\",\"itemListElement\":[{\"@type\":\"ListItem\",\"position\":1,\"name\":\"Home\",\"item\":\"https:\/\/www.manaus.am.gov.br\/semasc\/\"},{\"@type\":\"ListItem\",\"position\":2,\"name\":\"Prefeitura de Manaus d\u00e1 assist\u00eancia \u00e0s fam\u00edlias atingidas por inc\u00eandio nesta sexta-feira, 12\"}]},{\"@type\":\"WebSite\",\"@id\":\"https:\/\/www.manaus.am.gov.br\/semasc\/#website\",\"url\":\"https:\/\/www.manaus.am.gov.br\/semasc\/\",\"name\":\"SEMASC\",\"description\":\"Secretaria Municipal da Mulher, Assist\u00eancia Social e Cidadania.\",\"publisher\":{\"@id\":\"https:\/\/www.manaus.am.gov.br\/semasc\/#organization\"},\"alternateName\":\"Secretaria Municipal da Mulher, Assist\u00eancia Social e Cidadania\",\"potentialAction\":[{\"@type\":\"SearchAction\",\"target\":{\"@type\":\"EntryPoint\",\"urlTemplate\":\"https:\/\/www.manaus.am.gov.br\/semasc\/?s={search_term_string}\"},\"query-input\":\"required name=search_term_string\"}],\"inLanguage\":\"pt-BR\"},{\"@type\":\"Organization\",\"@id\":\"https:\/\/www.manaus.am.gov.br\/semasc\/#organization\",\"name\":\"Prefeitura de Manaus\",\"alternateName\":\"Prefeitura Municipal de Manaus\",\"url\":\"https:\/\/www.manaus.am.gov.br\/semasc\/\",\"logo\":{\"@type\":\"ImageObject\",\"inLanguage\":\"pt-BR\",\"@id\":\"https:\/\/www.manaus.am.gov.br\/semasc\/#\/schema\/logo\/image\/\",\"url\":\"https:\/\/www.manaus.am.gov.br\/semasc\/wp-content\/uploads\/sites\/17\/2024\/07\/favicon.png\",\"contentUrl\":\"https:\/\/www.manaus.am.gov.br\/semasc\/wp-content\/uploads\/sites\/17\/2024\/07\/favicon.png\",\"width\":300,\"height\":300,\"caption\":\"Prefeitura de Manaus\"},\"image\":{\"@id\":\"https:\/\/www.manaus.am.gov.br\/semasc\/#\/schema\/logo\/image\/\"},\"sameAs\":[\"https:\/\/www.facebook.com\/semascmanaus\",\"https:\/\/www.instagram.com\/semascmanaus\/\"]},{\"@type\":\"Person\",\"@id\":\"https:\/\/www.manaus.am.gov.br\/semasc\/#\/schema\/person\/ab4dcf766a54dff74e8d267f5c591961\",\"name\":\"smonteiro\",\"image\":{\"@type\":\"ImageObject\",\"inLanguage\":\"pt-BR\",\"@id\":\"https:\/\/www.manaus.am.gov.br\/semasc\/#\/schema\/person\/image\/\",\"url\":\"https:\/\/secure.gravatar.com\/avatar\/21c8776ef61d9272c73322052e042d77?s=96&d=mm&r=g\",\"contentUrl\":\"https:\/\/secure.gravatar.com\/avatar\/21c8776ef61d9272c73322052e042d77?s=96&d=mm&r=g\",\"caption\":\"smonteiro\"}}]}<\/script>\n<!-- \/ Yoast SEO plugin. -->","yoast_head_json":{"title":"Prefeitura d\u00e1 assist\u00eancia \u00e0s fam\u00edlias atingidas por inc\u00eandio","description":"A Prefeitura de Manaus est\u00e1 fazendo o acompanhamento das 26 fam\u00edlias afetadas pelo inc\u00eandio ocorrido na tarde desta sexta-feira, 12\/1","robots":{"index":"noindex","follow":"follow"},"og_locale":"pt_BR","og_type":"article","og_title":"Prefeitura d\u00e1 assist\u00eancia \u00e0s fam\u00edlias atingidas por inc\u00eandio","og_description":"A Prefeitura de Manaus est\u00e1 fazendo o acompanhamento das 26 fam\u00edlias afetadas pelo inc\u00eandio ocorrido na tarde desta sexta-feira, 12\/1","og_url":"https:\/\/www.manaus.am.gov.br\/semasc\/prefeitura-de-manaus-da-assistencia-as-familias-atingidas-por-incendio-nesta-sexta-feira-12\/","og_site_name":"SEMASC","article_publisher":"https:\/\/www.facebook.com\/semascmanaus","article_published_time":"2024-01-12T23:29:57+00:00","article_modified_time":"2024-01-12T23:30:13+00:00","og_image":[{"width":900,"height":509,"url":"https:\/\/www.manaus.am.gov.br\/semasc\/wp-content\/uploads\/sites\/17\/2023\/08\/Nota-1.png","type":"image\/png"}],"author":"smonteiro","twitter_card":"summary_large_image","twitter_misc":{"Written by":"smonteiro","Est. reading time":"2 minutos"},"schema":{"@context":"https:\/\/schema.org","@graph":[{"@type":"Article","@id":"https:\/\/www.manaus.am.gov.br\/semasc\/prefeitura-de-manaus-da-assistencia-as-familias-atingidas-por-incendio-nesta-sexta-feira-12\/#article","isPartOf":{"@id":"https:\/\/www.manaus.am.gov.br\/semasc\/prefeitura-de-manaus-da-assistencia-as-familias-atingidas-por-incendio-nesta-sexta-feira-12\/"},"author":{"name":"smonteiro","@id":"https:\/\/www.manaus.am.gov.br\/semasc\/#\/schema\/person\/ab4dcf766a54dff74e8d267f5c591961"},"headline":"Prefeitura de Manaus d\u00e1 assist\u00eancia \u00e0s fam\u00edlias atingidas por inc\u00eandio nesta sexta-feira, 12","datePublished":"2024-01-12T23:29:57+00:00","dateModified":"2024-01-12T23:30:13+00:00","mainEntityOfPage":{"@id":"https:\/\/www.manaus.am.gov.br\/semasc\/prefeitura-de-manaus-da-assistencia-as-familias-atingidas-por-incendio-nesta-sexta-feira-12\/"},"wordCount":244,"publisher":{"@id":"https:\/\/www.manaus.am.gov.br\/semasc\/#organization"},"image":{"@id":"https:\/\/www.manaus.am.gov.br\/semasc\/prefeitura-de-manaus-da-assistencia-as-familias-atingidas-por-incendio-nesta-sexta-feira-12\/#primaryimage"},"thumbnailUrl":"https:\/\/www.manaus.am.gov.br\/semasc\/wp-content\/uploads\/sites\/17\/2023\/08\/Nota-1.png","keywords":["inc\u00eandio","prefeitura de manaus","Semasc","Semseg"],"articleSection":["Assist\u00eancia Social"],"inLanguage":"pt-BR"},{"@type":"WebPage","@id":"https:\/\/www.manaus.am.gov.br\/semasc\/prefeitura-de-manaus-da-assistencia-as-familias-atingidas-por-incendio-nesta-sexta-feira-12\/","url":"https:\/\/www.manaus.am.gov.br\/semasc\/prefeitura-de-manaus-da-assistencia-as-familias-atingidas-por-incendio-nesta-sexta-feira-12\/","name":"Prefeitura d\u00e1 assist\u00eancia \u00e0s fam\u00edlias atingidas por inc\u00eandio","isPartOf":{"@id":"https:\/\/www.manaus.am.gov.br\/semasc\/#website"},"primaryImageOfPage":{"@id":"https:\/\/www.manaus.am.gov.br\/semasc\/prefeitura-de-manaus-da-assistencia-as-familias-atingidas-por-incendio-nesta-sexta-feira-12\/#primaryimage"},"image":{"@id":"https:\/\/www.manaus.am.gov.br\/semasc\/prefeitura-de-manaus-da-assistencia-as-familias-atingidas-por-incendio-nesta-sexta-feira-12\/#primaryimage"},"thumbnailUrl":"https:\/\/www.manaus.am.gov.br\/semasc\/wp-content\/uploads\/sites\/17\/2023\/08\/Nota-1.png","datePublished":"2024-01-12T23:29:57+00:00","dateModified":"2024-01-12T23:30:13+00:00","description":"A Prefeitura de Manaus est\u00e1 fazendo o acompanhamento das 26 fam\u00edlias afetadas pelo inc\u00eandio ocorrido na tarde desta sexta-feira, 12\/1","breadcrumb":{"@id":"https:\/\/www.manaus.am.gov.br\/semasc\/prefeitura-de-manaus-da-assistencia-as-familias-atingidas-por-incendio-nesta-sexta-feira-12\/#breadcrumb"},"inLanguage":"pt-BR","potentialAction":[{"@type":"ReadAction","target":["https:\/\/www.manaus.am.gov.br\/semasc\/prefeitura-de-manaus-da-assistencia-as-familias-atingidas-por-incendio-nesta-sexta-feira-12\/"]}]},{"@type":"ImageObject","inLanguage":"pt-BR","@id":"https:\/\/www.manaus.am.gov.br\/semasc\/prefeitura-de-manaus-da-assistencia-as-familias-atingidas-por-incendio-nesta-sexta-feira-12\/#primaryimage","url":"https:\/\/www.manaus.am.gov.br\/semasc\/wp-content\/uploads\/sites\/17\/2023\/08\/Nota-1.png","contentUrl":"https:\/\/www.manaus.am.gov.br\/semasc\/wp-content\/uploads\/sites\/17\/2023\/08\/Nota-1.png","width":900,"height":509},{"@type":"BreadcrumbList","@id":"https:\/\/www.manaus.am.gov.br\/semasc\/prefeitura-de-manaus-da-assistencia-as-familias-atingidas-por-incendio-nesta-sexta-feira-12\/#breadcrumb","itemListElement":[{"@type":"ListItem","position":1,"name":"Home","item":"https:\/\/www.manaus.am.gov.br\/semasc\/"},{"@type":"ListItem","position":2,"name":"Prefeitura de Manaus d\u00e1 assist\u00eancia \u00e0s fam\u00edlias atingidas por inc\u00eandio nesta sexta-feira, 12"}]},{"@type":"WebSite","@id":"https:\/\/www.manaus.am.gov.br\/semasc\/#website","url":"https:\/\/www.manaus.am.gov.br\/semasc\/","name":"SEMASC","description":"Secretaria Municipal da Mulher, Assist\u00eancia Social e Cidadania.","publisher":{"@id":"https:\/\/www.manaus.am.gov.br\/semasc\/#organization"},"alternateName":"Secretaria Municipal da Mulher, Assist\u00eancia Social e Cidadania","potentialAction":[{"@type":"SearchAction","target":{"@type":"EntryPoint","urlTemplate":"https:\/\/www.manaus.am.gov.br\/semasc\/?s={search_term_string}"},"query-input":"required name=search_term_string"}],"inLanguage":"pt-BR"},{"@type":"Organization","@id":"https:\/\/www.manaus.am.gov.br\/semasc\/#organization","name":"Prefeitura de Manaus","alternateName":"Prefeitura Municipal de Manaus","url":"https:\/\/www.manaus.am.gov.br\/semasc\/","logo":{"@type":"ImageObject","inLanguage":"pt-BR","@id":"https:\/\/www.manaus.am.gov.br\/semasc\/#\/schema\/logo\/image\/","url":"https:\/\/www.manaus.am.gov.br\/semasc\/wp-content\/uploads\/sites\/17\/2024\/07\/favicon.png","contentUrl":"https:\/\/www.manaus.am.gov.br\/semasc\/wp-content\/uploads\/sites\/17\/2024\/07\/favicon.png","width":300,"height":300,"caption":"Prefeitura de Manaus"},"image":{"@id":"https:\/\/www.manaus.am.gov.br\/semasc\/#\/schema\/logo\/image\/"},"sameAs":["https:\/\/www.facebook.com\/semascmanaus","https:\/\/www.instagram.com\/semascmanaus\/"]},{"@type":"Person","@id":"https:\/\/www.manaus.am.gov.br\/semasc\/#\/schema\/person\/ab4dcf766a54dff74e8d267f5c591961","name":"smonteiro","image":{"@type":"ImageObject","inLanguage":"pt-BR","@id":"https:\/\/www.manaus.am.gov.br\/semasc\/#\/schema\/person\/image\/","url":"https:\/\/secure.gravatar.com\/avatar\/21c8776ef61d9272c73322052e042d77?s=96&d=mm&r=g","contentUrl":"https:\/\/secure.gravatar.com\/avatar\/21c8776ef61d9272c73322052e042d77?s=96&d=mm&r=g","caption":"smonteiro"}}]}},"_links":{"self":[{"href":"https:\/\/www.manaus.am.gov.br\/semasc\/wp-json\/wp\/v2\/posts\/209673"}],"collection":[{"href":"https:\/\/www.manaus.am.gov.br\/semasc\/wp-json\/wp\/v2\/posts"}],"about":[{"href":"https:\/\/www.manaus.am.gov.br\/semasc\/wp-json\/wp\/v2\/types\/post"}],"author":[{"embeddable":true,"href":"https:\/\/www.manaus.am.gov.br\/semasc\/wp-json\/wp\/v2\/users\/61"}],"replies":[{"embeddable":true,"href":"https:\/\/www.manaus.am.gov.br\/semasc\/wp-json\/wp\/v2\/comments?post=209673"}],"version-history":[{"count":1,"href":"https:\/\/www.manaus.am.gov.br\/semasc\/wp-json\/wp\/v2\/posts\/209673\/revisions"}],"predecessor-version":[{"id":209674,"href":"https:\/\/www.manaus.am.gov.br\/semasc\/wp-json\/wp\/v2\/posts\/209673\/revisions\/209674"}],"wp:featuredmedia":[{"embeddable":true,"href":"https:\/\/www.manaus.am.gov.br\/semasc\/wp-json\/wp\/v2\/media\/208808"}],"wp:attachment":[{"href":"https:\/\/www.manaus.am.gov.br\/semasc\/wp-json\/wp\/v2\/media?parent=209673"}],"wp:term":[{"taxonomy":"category","embeddable":true,"href":"https:\/\/www.manaus.am.gov.br\/semasc\/wp-json\/wp\/v2\/categories?post=209673"},{"taxonomy":"post_tag","embeddable":true,"href":"https:\/\/www.manaus.am.gov.br\/semasc\/wp-json\/wp\/v2\/tags?post=209673"}],"curies":[{"name":"wp","href":"https:\/\/api.w.org\/{rel}","templated":true}]}}