{"id":209667,"date":"2024-01-09T21:35:15","date_gmt":"2024-01-10T01:35:15","guid":{"rendered":"https:\/\/www.manaus.am.gov.br\/semasc\/decisao-judicial-suspende-solenidade-de-posse-dos-conselheiros-tutelares\/"},"modified":"2024-01-09T21:35:16","modified_gmt":"2024-01-10T01:35:16","slug":"decisao-judicial-suspende-solenidade-de-posse-dos-conselheiros-tutelares","status":"publish","type":"post","link":"https:\/\/www.manaus.am.gov.br\/semasc\/decisao-judicial-suspende-solenidade-de-posse-dos-conselheiros-tutelares\/","title":{"rendered":"Decis\u00e3o judicial suspende solenidade de posse dos Conselheiros Tutelares"},"content":{"rendered":"\n<p>O Conselho Municipal dos Direitos da Crian\u00e7a e do Adolescente (CMDCA) e a Prefeitura de Manaus, por interm\u00e9dio da Secretaria Municipal da Mulher, Assist\u00eancia Social e Cidadania (Semasc), informam que a solenidade de posse dos Conselheiros Tutelares para o quadri\u00eanio 2024\/2027, agendada para esta quarta-feira, 10\/1, est\u00e1 suspensa em decorr\u00eancia de uma decis\u00e3o judicial proferida no plant\u00e3o judicial desta ter\u00e7a-feira, 9\/1.<\/p>\n\n\n\n<p>A administra\u00e7\u00e3o municipal respeita e ir\u00e1 cumprir a decis\u00e3o, mas ressalta que todas as fases do processo eleitoral foram conduzidas em estrito cumprimento da legisla\u00e7\u00e3o vigente e da resolu\u00e7\u00e3o do Conselho Nacional dos Direitos da Crian\u00e7a e do Adolescente (Conanda). E por esta raz\u00e3o, ir\u00e1 recorrer da medida nas inst\u00e2ncias legais cab\u00edveis.<\/p>\n\n\n\n<p>Assim como a elei\u00e7\u00e3o, realizada em um mesmo dia em todo o Pa\u00eds, a posse dos novos conselheiros tamb\u00e9m se dar\u00e1 de forma simult\u00e2nea em todas as cidades brasileiras, nesta quarta-feira.<\/p>\n","protected":false},"excerpt":{"rendered":"","protected":false},"author":61,"featured_media":208808,"comment_status":"closed","ping_status":"closed","sticky":false,"template":"","format":"standard","meta":{"footnotes":""},"categories":[66],"tags":[67,43,298,7],"acf":[],"yoast_head":"<!-- This site is optimized with the Yoast SEO plugin v23.0 - https:\/\/yoast.com\/wordpress\/plugins\/seo\/ -->\n<title>Decis\u00e3o judicial suspende posse dos Conselheiros Tutelares<\/title>\n<meta name=\"description\" content=\"O CMDCA e a Prefeitura de Manaus informam a suspens\u00e3o da posse dos Conselheiros Tutelares, que estava marcada para esta quarta-feira, 10\/1\" \/>\n<meta name=\"robots\" content=\"noindex, follow\" \/>\n<meta property=\"og:locale\" content=\"pt_BR\" \/>\n<meta property=\"og:type\" content=\"article\" \/>\n<meta property=\"og:title\" content=\"Decis\u00e3o judicial suspende posse dos Conselheiros Tutelares\" \/>\n<meta property=\"og:description\" content=\"O CMDCA e a Prefeitura de Manaus informam a suspens\u00e3o da posse dos Conselheiros Tutelares, que estava marcada para esta quarta-feira, 10\/1\" \/>\n<meta property=\"og:url\" content=\"https:\/\/www.manaus.am.gov.br\/semasc\/decisao-judicial-suspende-solenidade-de-posse-dos-conselheiros-tutelares\/\" \/>\n<meta property=\"og:site_name\" content=\"SEMASC\" \/>\n<meta property=\"article:publisher\" content=\"https:\/\/www.facebook.com\/semascmanaus\" \/>\n<meta property=\"article:published_time\" content=\"2024-01-10T01:35:15+00:00\" \/>\n<meta property=\"article:modified_time\" content=\"2024-01-10T01:35:16+00:00\" \/>\n<meta property=\"og:image\" content=\"https:\/\/www.manaus.am.gov.br\/semasc\/wp-content\/uploads\/sites\/17\/2023\/08\/Nota-1.png\" \/>\n\t<meta property=\"og:image:width\" content=\"900\" \/>\n\t<meta property=\"og:image:height\" content=\"509\" \/>\n\t<meta property=\"og:image:type\" content=\"image\/png\" \/>\n<meta name=\"author\" content=\"smonteiro\" \/>\n<meta name=\"twitter:card\" content=\"summary_large_image\" \/>\n<meta name=\"twitter:label1\" content=\"Written by\" \/>\n\t<meta name=\"twitter:data1\" content=\"smonteiro\" \/>\n\t<meta name=\"twitter:label2\" content=\"Est. reading time\" \/>\n\t<meta name=\"twitter:data2\" content=\"1 minuto\" \/>\n<script type=\"application\/ld+json\" class=\"yoast-schema-graph\">{\"@context\":\"https:\/\/schema.org\",\"@graph\":[{\"@type\":\"Article\",\"@id\":\"https:\/\/www.manaus.am.gov.br\/semasc\/decisao-judicial-suspende-solenidade-de-posse-dos-conselheiros-tutelares\/#article\",\"isPartOf\":{\"@id\":\"https:\/\/www.manaus.am.gov.br\/semasc\/decisao-judicial-suspende-solenidade-de-posse-dos-conselheiros-tutelares\/\"},\"author\":{\"name\":\"smonteiro\",\"@id\":\"https:\/\/www.manaus.am.gov.br\/semasc\/#\/schema\/person\/ab4dcf766a54dff74e8d267f5c591961\"},\"headline\":\"Decis\u00e3o judicial suspende solenidade de posse dos Conselheiros Tutelares\",\"datePublished\":\"2024-01-10T01:35:15+00:00\",\"dateModified\":\"2024-01-10T01:35:16+00:00\",\"mainEntityOfPage\":{\"@id\":\"https:\/\/www.manaus.am.gov.br\/semasc\/decisao-judicial-suspende-solenidade-de-posse-dos-conselheiros-tutelares\/\"},\"wordCount\":171,\"publisher\":{\"@id\":\"https:\/\/www.manaus.am.gov.br\/semasc\/#organization\"},\"image\":{\"@id\":\"https:\/\/www.manaus.am.gov.br\/semasc\/decisao-judicial-suspende-solenidade-de-posse-dos-conselheiros-tutelares\/#primaryimage\"},\"thumbnailUrl\":\"https:\/\/www.manaus.am.gov.br\/semasc\/wp-content\/uploads\/sites\/17\/2023\/08\/Nota-1.png\",\"keywords\":[\"CMDCA\",\"conselheiros tutelares\",\"posse\",\"prefeitura de manaus\"],\"articleSection\":[\"Conselho\"],\"inLanguage\":\"pt-BR\"},{\"@type\":\"WebPage\",\"@id\":\"https:\/\/www.manaus.am.gov.br\/semasc\/decisao-judicial-suspende-solenidade-de-posse-dos-conselheiros-tutelares\/\",\"url\":\"https:\/\/www.manaus.am.gov.br\/semasc\/decisao-judicial-suspende-solenidade-de-posse-dos-conselheiros-tutelares\/\",\"name\":\"Decis\u00e3o judicial suspende posse dos Conselheiros Tutelares\",\"isPartOf\":{\"@id\":\"https:\/\/www.manaus.am.gov.br\/semasc\/#website\"},\"primaryImageOfPage\":{\"@id\":\"https:\/\/www.manaus.am.gov.br\/semasc\/decisao-judicial-suspende-solenidade-de-posse-dos-conselheiros-tutelares\/#primaryimage\"},\"image\":{\"@id\":\"https:\/\/www.manaus.am.gov.br\/semasc\/decisao-judicial-suspende-solenidade-de-posse-dos-conselheiros-tutelares\/#primaryimage\"},\"thumbnailUrl\":\"https:\/\/www.manaus.am.gov.br\/semasc\/wp-content\/uploads\/sites\/17\/2023\/08\/Nota-1.png\",\"datePublished\":\"2024-01-10T01:35:15+00:00\",\"dateModified\":\"2024-01-10T01:35:16+00:00\",\"description\":\"O CMDCA e a Prefeitura de Manaus informam a suspens\u00e3o da posse dos Conselheiros Tutelares, que estava marcada para esta quarta-feira, 10\/1\",\"breadcrumb\":{\"@id\":\"https:\/\/www.manaus.am.gov.br\/semasc\/decisao-judicial-suspende-solenidade-de-posse-dos-conselheiros-tutelares\/#breadcrumb\"},\"inLanguage\":\"pt-BR\",\"potentialAction\":[{\"@type\":\"ReadAction\",\"target\":[\"https:\/\/www.manaus.am.gov.br\/semasc\/decisao-judicial-suspende-solenidade-de-posse-dos-conselheiros-tutelares\/\"]}]},{\"@type\":\"ImageObject\",\"inLanguage\":\"pt-BR\",\"@id\":\"https:\/\/www.manaus.am.gov.br\/semasc\/decisao-judicial-suspende-solenidade-de-posse-dos-conselheiros-tutelares\/#primaryimage\",\"url\":\"https:\/\/www.manaus.am.gov.br\/semasc\/wp-content\/uploads\/sites\/17\/2023\/08\/Nota-1.png\",\"contentUrl\":\"https:\/\/www.manaus.am.gov.br\/semasc\/wp-content\/uploads\/sites\/17\/2023\/08\/Nota-1.png\",\"width\":900,\"height\":509},{\"@type\":\"BreadcrumbList\",\"@id\":\"https:\/\/www.manaus.am.gov.br\/semasc\/decisao-judicial-suspende-solenidade-de-posse-dos-conselheiros-tutelares\/#breadcrumb\",\"itemListElement\":[{\"@type\":\"ListItem\",\"position\":1,\"name\":\"Home\",\"item\":\"https:\/\/www.manaus.am.gov.br\/semasc\/\"},{\"@type\":\"ListItem\",\"position\":2,\"name\":\"Decis\u00e3o judicial suspende solenidade de posse dos Conselheiros Tutelares\"}]},{\"@type\":\"WebSite\",\"@id\":\"https:\/\/www.manaus.am.gov.br\/semasc\/#website\",\"url\":\"https:\/\/www.manaus.am.gov.br\/semasc\/\",\"name\":\"SEMASC\",\"description\":\"Secretaria Municipal da Mulher, Assist\u00eancia Social e Cidadania.\",\"publisher\":{\"@id\":\"https:\/\/www.manaus.am.gov.br\/semasc\/#organization\"},\"alternateName\":\"Secretaria Municipal da Mulher, Assist\u00eancia Social e Cidadania\",\"potentialAction\":[{\"@type\":\"SearchAction\",\"target\":{\"@type\":\"EntryPoint\",\"urlTemplate\":\"https:\/\/www.manaus.am.gov.br\/semasc\/?s={search_term_string}\"},\"query-input\":\"required name=search_term_string\"}],\"inLanguage\":\"pt-BR\"},{\"@type\":\"Organization\",\"@id\":\"https:\/\/www.manaus.am.gov.br\/semasc\/#organization\",\"name\":\"Prefeitura de Manaus\",\"alternateName\":\"Prefeitura Municipal de Manaus\",\"url\":\"https:\/\/www.manaus.am.gov.br\/semasc\/\",\"logo\":{\"@type\":\"ImageObject\",\"inLanguage\":\"pt-BR\",\"@id\":\"https:\/\/www.manaus.am.gov.br\/semasc\/#\/schema\/logo\/image\/\",\"url\":\"https:\/\/www.manaus.am.gov.br\/semasc\/wp-content\/uploads\/sites\/17\/2024\/07\/favicon.png\",\"contentUrl\":\"https:\/\/www.manaus.am.gov.br\/semasc\/wp-content\/uploads\/sites\/17\/2024\/07\/favicon.png\",\"width\":300,\"height\":300,\"caption\":\"Prefeitura de Manaus\"},\"image\":{\"@id\":\"https:\/\/www.manaus.am.gov.br\/semasc\/#\/schema\/logo\/image\/\"},\"sameAs\":[\"https:\/\/www.facebook.com\/semascmanaus\",\"https:\/\/www.instagram.com\/semascmanaus\/\"]},{\"@type\":\"Person\",\"@id\":\"https:\/\/www.manaus.am.gov.br\/semasc\/#\/schema\/person\/ab4dcf766a54dff74e8d267f5c591961\",\"name\":\"smonteiro\",\"image\":{\"@type\":\"ImageObject\",\"inLanguage\":\"pt-BR\",\"@id\":\"https:\/\/www.manaus.am.gov.br\/semasc\/#\/schema\/person\/image\/\",\"url\":\"https:\/\/secure.gravatar.com\/avatar\/21c8776ef61d9272c73322052e042d77?s=96&d=mm&r=g\",\"contentUrl\":\"https:\/\/secure.gravatar.com\/avatar\/21c8776ef61d9272c73322052e042d77?s=96&d=mm&r=g\",\"caption\":\"smonteiro\"}}]}<\/script>\n<!-- \/ Yoast SEO plugin. -->","yoast_head_json":{"title":"Decis\u00e3o judicial suspende posse dos Conselheiros Tutelares","description":"O CMDCA e a Prefeitura de Manaus informam a suspens\u00e3o da posse dos Conselheiros Tutelares, que estava marcada para esta quarta-feira, 10\/1","robots":{"index":"noindex","follow":"follow"},"og_locale":"pt_BR","og_type":"article","og_title":"Decis\u00e3o judicial suspende posse dos Conselheiros Tutelares","og_description":"O CMDCA e a Prefeitura de Manaus informam a suspens\u00e3o da posse dos Conselheiros Tutelares, que estava marcada para esta quarta-feira, 10\/1","og_url":"https:\/\/www.manaus.am.gov.br\/semasc\/decisao-judicial-suspende-solenidade-de-posse-dos-conselheiros-tutelares\/","og_site_name":"SEMASC","article_publisher":"https:\/\/www.facebook.com\/semascmanaus","article_published_time":"2024-01-10T01:35:15+00:00","article_modified_time":"2024-01-10T01:35:16+00:00","og_image":[{"width":900,"height":509,"url":"https:\/\/www.manaus.am.gov.br\/semasc\/wp-content\/uploads\/sites\/17\/2023\/08\/Nota-1.png","type":"image\/png"}],"author":"smonteiro","twitter_card":"summary_large_image","twitter_misc":{"Written by":"smonteiro","Est. reading time":"1 minuto"},"schema":{"@context":"https:\/\/schema.org","@graph":[{"@type":"Article","@id":"https:\/\/www.manaus.am.gov.br\/semasc\/decisao-judicial-suspende-solenidade-de-posse-dos-conselheiros-tutelares\/#article","isPartOf":{"@id":"https:\/\/www.manaus.am.gov.br\/semasc\/decisao-judicial-suspende-solenidade-de-posse-dos-conselheiros-tutelares\/"},"author":{"name":"smonteiro","@id":"https:\/\/www.manaus.am.gov.br\/semasc\/#\/schema\/person\/ab4dcf766a54dff74e8d267f5c591961"},"headline":"Decis\u00e3o judicial suspende solenidade de posse dos Conselheiros Tutelares","datePublished":"2024-01-10T01:35:15+00:00","dateModified":"2024-01-10T01:35:16+00:00","mainEntityOfPage":{"@id":"https:\/\/www.manaus.am.gov.br\/semasc\/decisao-judicial-suspende-solenidade-de-posse-dos-conselheiros-tutelares\/"},"wordCount":171,"publisher":{"@id":"https:\/\/www.manaus.am.gov.br\/semasc\/#organization"},"image":{"@id":"https:\/\/www.manaus.am.gov.br\/semasc\/decisao-judicial-suspende-solenidade-de-posse-dos-conselheiros-tutelares\/#primaryimage"},"thumbnailUrl":"https:\/\/www.manaus.am.gov.br\/semasc\/wp-content\/uploads\/sites\/17\/2023\/08\/Nota-1.png","keywords":["CMDCA","conselheiros tutelares","posse","prefeitura de manaus"],"articleSection":["Conselho"],"inLanguage":"pt-BR"},{"@type":"WebPage","@id":"https:\/\/www.manaus.am.gov.br\/semasc\/decisao-judicial-suspende-solenidade-de-posse-dos-conselheiros-tutelares\/","url":"https:\/\/www.manaus.am.gov.br\/semasc\/decisao-judicial-suspende-solenidade-de-posse-dos-conselheiros-tutelares\/","name":"Decis\u00e3o judicial suspende posse dos Conselheiros Tutelares","isPartOf":{"@id":"https:\/\/www.manaus.am.gov.br\/semasc\/#website"},"primaryImageOfPage":{"@id":"https:\/\/www.manaus.am.gov.br\/semasc\/decisao-judicial-suspende-solenidade-de-posse-dos-conselheiros-tutelares\/#primaryimage"},"image":{"@id":"https:\/\/www.manaus.am.gov.br\/semasc\/decisao-judicial-suspende-solenidade-de-posse-dos-conselheiros-tutelares\/#primaryimage"},"thumbnailUrl":"https:\/\/www.manaus.am.gov.br\/semasc\/wp-content\/uploads\/sites\/17\/2023\/08\/Nota-1.png","datePublished":"2024-01-10T01:35:15+00:00","dateModified":"2024-01-10T01:35:16+00:00","description":"O CMDCA e a Prefeitura de Manaus informam a suspens\u00e3o da posse dos Conselheiros Tutelares, que estava marcada para esta quarta-feira, 10\/1","breadcrumb":{"@id":"https:\/\/www.manaus.am.gov.br\/semasc\/decisao-judicial-suspende-solenidade-de-posse-dos-conselheiros-tutelares\/#breadcrumb"},"inLanguage":"pt-BR","potentialAction":[{"@type":"ReadAction","target":["https:\/\/www.manaus.am.gov.br\/semasc\/decisao-judicial-suspende-solenidade-de-posse-dos-conselheiros-tutelares\/"]}]},{"@type":"ImageObject","inLanguage":"pt-BR","@id":"https:\/\/www.manaus.am.gov.br\/semasc\/decisao-judicial-suspende-solenidade-de-posse-dos-conselheiros-tutelares\/#primaryimage","url":"https:\/\/www.manaus.am.gov.br\/semasc\/wp-content\/uploads\/sites\/17\/2023\/08\/Nota-1.png","contentUrl":"https:\/\/www.manaus.am.gov.br\/semasc\/wp-content\/uploads\/sites\/17\/2023\/08\/Nota-1.png","width":900,"height":509},{"@type":"BreadcrumbList","@id":"https:\/\/www.manaus.am.gov.br\/semasc\/decisao-judicial-suspende-solenidade-de-posse-dos-conselheiros-tutelares\/#breadcrumb","itemListElement":[{"@type":"ListItem","position":1,"name":"Home","item":"https:\/\/www.manaus.am.gov.br\/semasc\/"},{"@type":"ListItem","position":2,"name":"Decis\u00e3o judicial suspende solenidade de posse dos Conselheiros Tutelares"}]},{"@type":"WebSite","@id":"https:\/\/www.manaus.am.gov.br\/semasc\/#website","url":"https:\/\/www.manaus.am.gov.br\/semasc\/","name":"SEMASC","description":"Secretaria Municipal da Mulher, Assist\u00eancia Social e Cidadania.","publisher":{"@id":"https:\/\/www.manaus.am.gov.br\/semasc\/#organization"},"alternateName":"Secretaria Municipal da Mulher, Assist\u00eancia Social e Cidadania","potentialAction":[{"@type":"SearchAction","target":{"@type":"EntryPoint","urlTemplate":"https:\/\/www.manaus.am.gov.br\/semasc\/?s={search_term_string}"},"query-input":"required name=search_term_string"}],"inLanguage":"pt-BR"},{"@type":"Organization","@id":"https:\/\/www.manaus.am.gov.br\/semasc\/#organization","name":"Prefeitura de Manaus","alternateName":"Prefeitura Municipal de Manaus","url":"https:\/\/www.manaus.am.gov.br\/semasc\/","logo":{"@type":"ImageObject","inLanguage":"pt-BR","@id":"https:\/\/www.manaus.am.gov.br\/semasc\/#\/schema\/logo\/image\/","url":"https:\/\/www.manaus.am.gov.br\/semasc\/wp-content\/uploads\/sites\/17\/2024\/07\/favicon.png","contentUrl":"https:\/\/www.manaus.am.gov.br\/semasc\/wp-content\/uploads\/sites\/17\/2024\/07\/favicon.png","width":300,"height":300,"caption":"Prefeitura de Manaus"},"image":{"@id":"https:\/\/www.manaus.am.gov.br\/semasc\/#\/schema\/logo\/image\/"},"sameAs":["https:\/\/www.facebook.com\/semascmanaus","https:\/\/www.instagram.com\/semascmanaus\/"]},{"@type":"Person","@id":"https:\/\/www.manaus.am.gov.br\/semasc\/#\/schema\/person\/ab4dcf766a54dff74e8d267f5c591961","name":"smonteiro","image":{"@type":"ImageObject","inLanguage":"pt-BR","@id":"https:\/\/www.manaus.am.gov.br\/semasc\/#\/schema\/person\/image\/","url":"https:\/\/secure.gravatar.com\/avatar\/21c8776ef61d9272c73322052e042d77?s=96&d=mm&r=g","contentUrl":"https:\/\/secure.gravatar.com\/avatar\/21c8776ef61d9272c73322052e042d77?s=96&d=mm&r=g","caption":"smonteiro"}}]}},"_links":{"self":[{"href":"https:\/\/www.manaus.am.gov.br\/semasc\/wp-json\/wp\/v2\/posts\/209667"}],"collection":[{"href":"https:\/\/www.manaus.am.gov.br\/semasc\/wp-json\/wp\/v2\/posts"}],"about":[{"href":"https:\/\/www.manaus.am.gov.br\/semasc\/wp-json\/wp\/v2\/types\/post"}],"author":[{"embeddable":true,"href":"https:\/\/www.manaus.am.gov.br\/semasc\/wp-json\/wp\/v2\/users\/61"}],"replies":[{"embeddable":true,"href":"https:\/\/www.manaus.am.gov.br\/semasc\/wp-json\/wp\/v2\/comments?post=209667"}],"version-history":[{"count":0,"href":"https:\/\/www.manaus.am.gov.br\/semasc\/wp-json\/wp\/v2\/posts\/209667\/revisions"}],"wp:featuredmedia":[{"embeddable":true,"href":"https:\/\/www.manaus.am.gov.br\/semasc\/wp-json\/wp\/v2\/media\/208808"}],"wp:attachment":[{"href":"https:\/\/www.manaus.am.gov.br\/semasc\/wp-json\/wp\/v2\/media?parent=209667"}],"wp:term":[{"taxonomy":"category","embeddable":true,"href":"https:\/\/www.manaus.am.gov.br\/semasc\/wp-json\/wp\/v2\/categories?post=209667"},{"taxonomy":"post_tag","embeddable":true,"href":"https:\/\/www.manaus.am.gov.br\/semasc\/wp-json\/wp\/v2\/tags?post=209667"}],"curies":[{"name":"wp","href":"https:\/\/api.w.org\/{rel}","templated":true}]}}