{"id":209655,"date":"2024-01-04T13:00:48","date_gmt":"2024-01-04T17:00:48","guid":{"rendered":"https:\/\/www.manaus.am.gov.br\/semasc\/conselho-tutelar-leste-ii-entra-em-reforma-e-suspende-atendimentos-presenciais-a-partir-desta-sexta-5-1\/"},"modified":"2024-01-04T13:00:49","modified_gmt":"2024-01-04T17:00:49","slug":"conselho-tutelar-leste-ii-entra-em-reforma-e-suspende-atendimentos-presenciais-a-partir-desta-sexta-5-1","status":"publish","type":"post","link":"https:\/\/www.manaus.am.gov.br\/semasc\/conselho-tutelar-leste-ii-entra-em-reforma-e-suspende-atendimentos-presenciais-a-partir-desta-sexta-5-1\/","title":{"rendered":"Conselho Tutelar Leste II entra em reforma e suspende atendimentos presenciais a partir desta sexta, 5\/1"},"content":{"rendered":"\n<p>A Prefeitura de Manaus, por meio da Secretaria Municipal da Mulher, Assist\u00eancia Social e Cidadania (Semasc), informa que a partir desta sexta-feira, 5\/1, o Conselho Tutelar Leste II, localizado no subsolo do Shopping Cidade Leste, no bairro Tancredo Neves, zona Leste, dar\u00e1 in\u00edcio a um processo de mudan\u00e7a de espa\u00e7o, sendo realocado para o andar superior do centro comercial, pr\u00f3ximo ao Audit\u00f3rio Yousef Abd Alhameed Imwas.<\/p>\n\n\n\n<p>Durante o processo de mudan\u00e7a, ainda sem data para conclus\u00e3o, os atendimentos eletivos se encontrar\u00e3o suspensos, sendo realizados apenas atendimentos emergenciais via Disque Den\u00fancia, atrav\u00e9s dos n\u00fameros 0800 092 1407, 0800 092 6644 ou 100.<\/p>\n\n\n\n<p>&#8212; &#8212; &#8212;<\/p>\n\n\n\n<p><strong>Texto<\/strong> -Guilherme Pacheco \/ Semasc<\/p>\n","protected":false},"excerpt":{"rendered":"","protected":false},"author":57,"featured_media":208808,"comment_status":"closed","ping_status":"closed","sticky":false,"template":"","format":"standard","meta":{"footnotes":""},"categories":[34],"tags":[72,82,18,323],"acf":[],"yoast_head":"<!-- This site is optimized with the Yoast SEO plugin v23.0 - https:\/\/yoast.com\/wordpress\/plugins\/seo\/ -->\n<title>Conselho Tutelar Leste entra em reforma e suspende servi\u00e7o<\/title>\n<meta name=\"description\" content=\"A Prefeitura de Manaus informa que a partir desta sexta-feira, 5\/1, o Conselho Tutelar Leste II dar\u00e1 in\u00edcio a um processo de mudan\u00e7a de espa\u00e7o\" \/>\n<meta name=\"robots\" content=\"noindex, follow\" \/>\n<meta property=\"og:locale\" content=\"pt_BR\" \/>\n<meta property=\"og:type\" content=\"article\" \/>\n<meta property=\"og:title\" content=\"Conselho Tutelar Leste entra em reforma e suspende servi\u00e7o\" \/>\n<meta property=\"og:description\" content=\"A Prefeitura de Manaus informa que a partir desta sexta-feira, 5\/1, o Conselho Tutelar Leste II dar\u00e1 in\u00edcio a um processo de mudan\u00e7a de espa\u00e7o\" \/>\n<meta property=\"og:url\" content=\"https:\/\/www.manaus.am.gov.br\/semasc\/conselho-tutelar-leste-ii-entra-em-reforma-e-suspende-atendimentos-presenciais-a-partir-desta-sexta-5-1\/\" \/>\n<meta property=\"og:site_name\" content=\"SEMASC\" \/>\n<meta property=\"article:publisher\" content=\"https:\/\/www.facebook.com\/semascmanaus\" \/>\n<meta property=\"article:published_time\" content=\"2024-01-04T17:00:48+00:00\" \/>\n<meta property=\"article:modified_time\" content=\"2024-01-04T17:00:49+00:00\" \/>\n<meta property=\"og:image\" content=\"https:\/\/www.manaus.am.gov.br\/semasc\/wp-content\/uploads\/sites\/17\/2023\/08\/Nota-1.png\" \/>\n\t<meta property=\"og:image:width\" content=\"900\" \/>\n\t<meta property=\"og:image:height\" content=\"509\" \/>\n\t<meta property=\"og:image:type\" content=\"image\/png\" \/>\n<meta name=\"author\" content=\"Thiago Fernando\" \/>\n<meta name=\"twitter:card\" content=\"summary_large_image\" \/>\n<meta name=\"twitter:label1\" content=\"Written by\" \/>\n\t<meta name=\"twitter:data1\" content=\"Thiago Fernando\" \/>\n\t<meta name=\"twitter:label2\" content=\"Est. reading time\" \/>\n\t<meta name=\"twitter:data2\" content=\"1 minuto\" \/>\n<script type=\"application\/ld+json\" class=\"yoast-schema-graph\">{\"@context\":\"https:\/\/schema.org\",\"@graph\":[{\"@type\":\"Article\",\"@id\":\"https:\/\/www.manaus.am.gov.br\/semasc\/conselho-tutelar-leste-ii-entra-em-reforma-e-suspende-atendimentos-presenciais-a-partir-desta-sexta-5-1\/#article\",\"isPartOf\":{\"@id\":\"https:\/\/www.manaus.am.gov.br\/semasc\/conselho-tutelar-leste-ii-entra-em-reforma-e-suspende-atendimentos-presenciais-a-partir-desta-sexta-5-1\/\"},\"author\":{\"name\":\"Thiago Fernando\",\"@id\":\"https:\/\/www.manaus.am.gov.br\/semasc\/#\/schema\/person\/a5ee5376db6e21af026374b369f30882\"},\"headline\":\"Conselho Tutelar Leste II entra em reforma e suspende atendimentos presenciais a partir desta sexta, 5\/1\",\"datePublished\":\"2024-01-04T17:00:48+00:00\",\"dateModified\":\"2024-01-04T17:00:49+00:00\",\"mainEntityOfPage\":{\"@id\":\"https:\/\/www.manaus.am.gov.br\/semasc\/conselho-tutelar-leste-ii-entra-em-reforma-e-suspende-atendimentos-presenciais-a-partir-desta-sexta-5-1\/\"},\"wordCount\":127,\"publisher\":{\"@id\":\"https:\/\/www.manaus.am.gov.br\/semasc\/#organization\"},\"image\":{\"@id\":\"https:\/\/www.manaus.am.gov.br\/semasc\/conselho-tutelar-leste-ii-entra-em-reforma-e-suspende-atendimentos-presenciais-a-partir-desta-sexta-5-1\/#primaryimage\"},\"thumbnailUrl\":\"https:\/\/www.manaus.am.gov.br\/semasc\/wp-content\/uploads\/sites\/17\/2023\/08\/Nota-1.png\",\"keywords\":[\"assist\u00eancia social\",\"Conselho Tutelar\",\"Semasc\",\"zona leste\"],\"articleSection\":[\"Assist\u00eancia Social\"],\"inLanguage\":\"pt-BR\"},{\"@type\":\"WebPage\",\"@id\":\"https:\/\/www.manaus.am.gov.br\/semasc\/conselho-tutelar-leste-ii-entra-em-reforma-e-suspende-atendimentos-presenciais-a-partir-desta-sexta-5-1\/\",\"url\":\"https:\/\/www.manaus.am.gov.br\/semasc\/conselho-tutelar-leste-ii-entra-em-reforma-e-suspende-atendimentos-presenciais-a-partir-desta-sexta-5-1\/\",\"name\":\"Conselho Tutelar Leste entra em reforma e suspende servi\u00e7o\",\"isPartOf\":{\"@id\":\"https:\/\/www.manaus.am.gov.br\/semasc\/#website\"},\"primaryImageOfPage\":{\"@id\":\"https:\/\/www.manaus.am.gov.br\/semasc\/conselho-tutelar-leste-ii-entra-em-reforma-e-suspende-atendimentos-presenciais-a-partir-desta-sexta-5-1\/#primaryimage\"},\"image\":{\"@id\":\"https:\/\/www.manaus.am.gov.br\/semasc\/conselho-tutelar-leste-ii-entra-em-reforma-e-suspende-atendimentos-presenciais-a-partir-desta-sexta-5-1\/#primaryimage\"},\"thumbnailUrl\":\"https:\/\/www.manaus.am.gov.br\/semasc\/wp-content\/uploads\/sites\/17\/2023\/08\/Nota-1.png\",\"datePublished\":\"2024-01-04T17:00:48+00:00\",\"dateModified\":\"2024-01-04T17:00:49+00:00\",\"description\":\"A Prefeitura de Manaus informa que a partir desta sexta-feira, 5\/1, o Conselho Tutelar Leste II dar\u00e1 in\u00edcio a um processo de mudan\u00e7a de espa\u00e7o\",\"breadcrumb\":{\"@id\":\"https:\/\/www.manaus.am.gov.br\/semasc\/conselho-tutelar-leste-ii-entra-em-reforma-e-suspende-atendimentos-presenciais-a-partir-desta-sexta-5-1\/#breadcrumb\"},\"inLanguage\":\"pt-BR\",\"potentialAction\":[{\"@type\":\"ReadAction\",\"target\":[\"https:\/\/www.manaus.am.gov.br\/semasc\/conselho-tutelar-leste-ii-entra-em-reforma-e-suspende-atendimentos-presenciais-a-partir-desta-sexta-5-1\/\"]}]},{\"@type\":\"ImageObject\",\"inLanguage\":\"pt-BR\",\"@id\":\"https:\/\/www.manaus.am.gov.br\/semasc\/conselho-tutelar-leste-ii-entra-em-reforma-e-suspende-atendimentos-presenciais-a-partir-desta-sexta-5-1\/#primaryimage\",\"url\":\"https:\/\/www.manaus.am.gov.br\/semasc\/wp-content\/uploads\/sites\/17\/2023\/08\/Nota-1.png\",\"contentUrl\":\"https:\/\/www.manaus.am.gov.br\/semasc\/wp-content\/uploads\/sites\/17\/2023\/08\/Nota-1.png\",\"width\":900,\"height\":509},{\"@type\":\"BreadcrumbList\",\"@id\":\"https:\/\/www.manaus.am.gov.br\/semasc\/conselho-tutelar-leste-ii-entra-em-reforma-e-suspende-atendimentos-presenciais-a-partir-desta-sexta-5-1\/#breadcrumb\",\"itemListElement\":[{\"@type\":\"ListItem\",\"position\":1,\"name\":\"Home\",\"item\":\"https:\/\/www.manaus.am.gov.br\/semasc\/\"},{\"@type\":\"ListItem\",\"position\":2,\"name\":\"Conselho Tutelar Leste II entra em reforma e suspende atendimentos presenciais a partir desta sexta, 5\/1\"}]},{\"@type\":\"WebSite\",\"@id\":\"https:\/\/www.manaus.am.gov.br\/semasc\/#website\",\"url\":\"https:\/\/www.manaus.am.gov.br\/semasc\/\",\"name\":\"SEMASC\",\"description\":\"Secretaria Municipal da Mulher, Assist\u00eancia Social e Cidadania.\",\"publisher\":{\"@id\":\"https:\/\/www.manaus.am.gov.br\/semasc\/#organization\"},\"alternateName\":\"Secretaria Municipal da Mulher, Assist\u00eancia Social e Cidadania\",\"potentialAction\":[{\"@type\":\"SearchAction\",\"target\":{\"@type\":\"EntryPoint\",\"urlTemplate\":\"https:\/\/www.manaus.am.gov.br\/semasc\/?s={search_term_string}\"},\"query-input\":\"required name=search_term_string\"}],\"inLanguage\":\"pt-BR\"},{\"@type\":\"Organization\",\"@id\":\"https:\/\/www.manaus.am.gov.br\/semasc\/#organization\",\"name\":\"Prefeitura de Manaus\",\"alternateName\":\"Prefeitura Municipal de Manaus\",\"url\":\"https:\/\/www.manaus.am.gov.br\/semasc\/\",\"logo\":{\"@type\":\"ImageObject\",\"inLanguage\":\"pt-BR\",\"@id\":\"https:\/\/www.manaus.am.gov.br\/semasc\/#\/schema\/logo\/image\/\",\"url\":\"https:\/\/www.manaus.am.gov.br\/semasc\/wp-content\/uploads\/sites\/17\/2024\/07\/favicon.png\",\"contentUrl\":\"https:\/\/www.manaus.am.gov.br\/semasc\/wp-content\/uploads\/sites\/17\/2024\/07\/favicon.png\",\"width\":300,\"height\":300,\"caption\":\"Prefeitura de Manaus\"},\"image\":{\"@id\":\"https:\/\/www.manaus.am.gov.br\/semasc\/#\/schema\/logo\/image\/\"},\"sameAs\":[\"https:\/\/www.facebook.com\/semascmanaus\",\"https:\/\/www.instagram.com\/semascmanaus\/\"]},{\"@type\":\"Person\",\"@id\":\"https:\/\/www.manaus.am.gov.br\/semasc\/#\/schema\/person\/a5ee5376db6e21af026374b369f30882\",\"name\":\"Thiago Fernando\",\"image\":{\"@type\":\"ImageObject\",\"inLanguage\":\"pt-BR\",\"@id\":\"https:\/\/www.manaus.am.gov.br\/semasc\/#\/schema\/person\/image\/\",\"url\":\"https:\/\/secure.gravatar.com\/avatar\/f5aab8722444041451501c077052ac07?s=96&d=mm&r=g\",\"contentUrl\":\"https:\/\/secure.gravatar.com\/avatar\/f5aab8722444041451501c077052ac07?s=96&d=mm&r=g\",\"caption\":\"Thiago Fernando\"}}]}<\/script>\n<!-- \/ Yoast SEO plugin. -->","yoast_head_json":{"title":"Conselho Tutelar Leste entra em reforma e suspende servi\u00e7o","description":"A Prefeitura de Manaus informa que a partir desta sexta-feira, 5\/1, o Conselho Tutelar Leste II dar\u00e1 in\u00edcio a um processo de mudan\u00e7a de espa\u00e7o","robots":{"index":"noindex","follow":"follow"},"og_locale":"pt_BR","og_type":"article","og_title":"Conselho Tutelar Leste entra em reforma e suspende servi\u00e7o","og_description":"A Prefeitura de Manaus informa que a partir desta sexta-feira, 5\/1, o Conselho Tutelar Leste II dar\u00e1 in\u00edcio a um processo de mudan\u00e7a de espa\u00e7o","og_url":"https:\/\/www.manaus.am.gov.br\/semasc\/conselho-tutelar-leste-ii-entra-em-reforma-e-suspende-atendimentos-presenciais-a-partir-desta-sexta-5-1\/","og_site_name":"SEMASC","article_publisher":"https:\/\/www.facebook.com\/semascmanaus","article_published_time":"2024-01-04T17:00:48+00:00","article_modified_time":"2024-01-04T17:00:49+00:00","og_image":[{"width":900,"height":509,"url":"https:\/\/www.manaus.am.gov.br\/semasc\/wp-content\/uploads\/sites\/17\/2023\/08\/Nota-1.png","type":"image\/png"}],"author":"Thiago Fernando","twitter_card":"summary_large_image","twitter_misc":{"Written by":"Thiago Fernando","Est. reading time":"1 minuto"},"schema":{"@context":"https:\/\/schema.org","@graph":[{"@type":"Article","@id":"https:\/\/www.manaus.am.gov.br\/semasc\/conselho-tutelar-leste-ii-entra-em-reforma-e-suspende-atendimentos-presenciais-a-partir-desta-sexta-5-1\/#article","isPartOf":{"@id":"https:\/\/www.manaus.am.gov.br\/semasc\/conselho-tutelar-leste-ii-entra-em-reforma-e-suspende-atendimentos-presenciais-a-partir-desta-sexta-5-1\/"},"author":{"name":"Thiago Fernando","@id":"https:\/\/www.manaus.am.gov.br\/semasc\/#\/schema\/person\/a5ee5376db6e21af026374b369f30882"},"headline":"Conselho Tutelar Leste II entra em reforma e suspende atendimentos presenciais a partir desta sexta, 5\/1","datePublished":"2024-01-04T17:00:48+00:00","dateModified":"2024-01-04T17:00:49+00:00","mainEntityOfPage":{"@id":"https:\/\/www.manaus.am.gov.br\/semasc\/conselho-tutelar-leste-ii-entra-em-reforma-e-suspende-atendimentos-presenciais-a-partir-desta-sexta-5-1\/"},"wordCount":127,"publisher":{"@id":"https:\/\/www.manaus.am.gov.br\/semasc\/#organization"},"image":{"@id":"https:\/\/www.manaus.am.gov.br\/semasc\/conselho-tutelar-leste-ii-entra-em-reforma-e-suspende-atendimentos-presenciais-a-partir-desta-sexta-5-1\/#primaryimage"},"thumbnailUrl":"https:\/\/www.manaus.am.gov.br\/semasc\/wp-content\/uploads\/sites\/17\/2023\/08\/Nota-1.png","keywords":["assist\u00eancia social","Conselho Tutelar","Semasc","zona leste"],"articleSection":["Assist\u00eancia Social"],"inLanguage":"pt-BR"},{"@type":"WebPage","@id":"https:\/\/www.manaus.am.gov.br\/semasc\/conselho-tutelar-leste-ii-entra-em-reforma-e-suspende-atendimentos-presenciais-a-partir-desta-sexta-5-1\/","url":"https:\/\/www.manaus.am.gov.br\/semasc\/conselho-tutelar-leste-ii-entra-em-reforma-e-suspende-atendimentos-presenciais-a-partir-desta-sexta-5-1\/","name":"Conselho Tutelar Leste entra em reforma e suspende servi\u00e7o","isPartOf":{"@id":"https:\/\/www.manaus.am.gov.br\/semasc\/#website"},"primaryImageOfPage":{"@id":"https:\/\/www.manaus.am.gov.br\/semasc\/conselho-tutelar-leste-ii-entra-em-reforma-e-suspende-atendimentos-presenciais-a-partir-desta-sexta-5-1\/#primaryimage"},"image":{"@id":"https:\/\/www.manaus.am.gov.br\/semasc\/conselho-tutelar-leste-ii-entra-em-reforma-e-suspende-atendimentos-presenciais-a-partir-desta-sexta-5-1\/#primaryimage"},"thumbnailUrl":"https:\/\/www.manaus.am.gov.br\/semasc\/wp-content\/uploads\/sites\/17\/2023\/08\/Nota-1.png","datePublished":"2024-01-04T17:00:48+00:00","dateModified":"2024-01-04T17:00:49+00:00","description":"A Prefeitura de Manaus informa que a partir desta sexta-feira, 5\/1, o Conselho Tutelar Leste II dar\u00e1 in\u00edcio a um processo de mudan\u00e7a de espa\u00e7o","breadcrumb":{"@id":"https:\/\/www.manaus.am.gov.br\/semasc\/conselho-tutelar-leste-ii-entra-em-reforma-e-suspende-atendimentos-presenciais-a-partir-desta-sexta-5-1\/#breadcrumb"},"inLanguage":"pt-BR","potentialAction":[{"@type":"ReadAction","target":["https:\/\/www.manaus.am.gov.br\/semasc\/conselho-tutelar-leste-ii-entra-em-reforma-e-suspende-atendimentos-presenciais-a-partir-desta-sexta-5-1\/"]}]},{"@type":"ImageObject","inLanguage":"pt-BR","@id":"https:\/\/www.manaus.am.gov.br\/semasc\/conselho-tutelar-leste-ii-entra-em-reforma-e-suspende-atendimentos-presenciais-a-partir-desta-sexta-5-1\/#primaryimage","url":"https:\/\/www.manaus.am.gov.br\/semasc\/wp-content\/uploads\/sites\/17\/2023\/08\/Nota-1.png","contentUrl":"https:\/\/www.manaus.am.gov.br\/semasc\/wp-content\/uploads\/sites\/17\/2023\/08\/Nota-1.png","width":900,"height":509},{"@type":"BreadcrumbList","@id":"https:\/\/www.manaus.am.gov.br\/semasc\/conselho-tutelar-leste-ii-entra-em-reforma-e-suspende-atendimentos-presenciais-a-partir-desta-sexta-5-1\/#breadcrumb","itemListElement":[{"@type":"ListItem","position":1,"name":"Home","item":"https:\/\/www.manaus.am.gov.br\/semasc\/"},{"@type":"ListItem","position":2,"name":"Conselho Tutelar Leste II entra em reforma e suspende atendimentos presenciais a partir desta sexta, 5\/1"}]},{"@type":"WebSite","@id":"https:\/\/www.manaus.am.gov.br\/semasc\/#website","url":"https:\/\/www.manaus.am.gov.br\/semasc\/","name":"SEMASC","description":"Secretaria Municipal da Mulher, Assist\u00eancia Social e Cidadania.","publisher":{"@id":"https:\/\/www.manaus.am.gov.br\/semasc\/#organization"},"alternateName":"Secretaria Municipal da Mulher, Assist\u00eancia Social e Cidadania","potentialAction":[{"@type":"SearchAction","target":{"@type":"EntryPoint","urlTemplate":"https:\/\/www.manaus.am.gov.br\/semasc\/?s={search_term_string}"},"query-input":"required name=search_term_string"}],"inLanguage":"pt-BR"},{"@type":"Organization","@id":"https:\/\/www.manaus.am.gov.br\/semasc\/#organization","name":"Prefeitura de Manaus","alternateName":"Prefeitura Municipal de Manaus","url":"https:\/\/www.manaus.am.gov.br\/semasc\/","logo":{"@type":"ImageObject","inLanguage":"pt-BR","@id":"https:\/\/www.manaus.am.gov.br\/semasc\/#\/schema\/logo\/image\/","url":"https:\/\/www.manaus.am.gov.br\/semasc\/wp-content\/uploads\/sites\/17\/2024\/07\/favicon.png","contentUrl":"https:\/\/www.manaus.am.gov.br\/semasc\/wp-content\/uploads\/sites\/17\/2024\/07\/favicon.png","width":300,"height":300,"caption":"Prefeitura de Manaus"},"image":{"@id":"https:\/\/www.manaus.am.gov.br\/semasc\/#\/schema\/logo\/image\/"},"sameAs":["https:\/\/www.facebook.com\/semascmanaus","https:\/\/www.instagram.com\/semascmanaus\/"]},{"@type":"Person","@id":"https:\/\/www.manaus.am.gov.br\/semasc\/#\/schema\/person\/a5ee5376db6e21af026374b369f30882","name":"Thiago Fernando","image":{"@type":"ImageObject","inLanguage":"pt-BR","@id":"https:\/\/www.manaus.am.gov.br\/semasc\/#\/schema\/person\/image\/","url":"https:\/\/secure.gravatar.com\/avatar\/f5aab8722444041451501c077052ac07?s=96&d=mm&r=g","contentUrl":"https:\/\/secure.gravatar.com\/avatar\/f5aab8722444041451501c077052ac07?s=96&d=mm&r=g","caption":"Thiago Fernando"}}]}},"_links":{"self":[{"href":"https:\/\/www.manaus.am.gov.br\/semasc\/wp-json\/wp\/v2\/posts\/209655"}],"collection":[{"href":"https:\/\/www.manaus.am.gov.br\/semasc\/wp-json\/wp\/v2\/posts"}],"about":[{"href":"https:\/\/www.manaus.am.gov.br\/semasc\/wp-json\/wp\/v2\/types\/post"}],"author":[{"embeddable":true,"href":"https:\/\/www.manaus.am.gov.br\/semasc\/wp-json\/wp\/v2\/users\/57"}],"replies":[{"embeddable":true,"href":"https:\/\/www.manaus.am.gov.br\/semasc\/wp-json\/wp\/v2\/comments?post=209655"}],"version-history":[{"count":0,"href":"https:\/\/www.manaus.am.gov.br\/semasc\/wp-json\/wp\/v2\/posts\/209655\/revisions"}],"wp:featuredmedia":[{"embeddable":true,"href":"https:\/\/www.manaus.am.gov.br\/semasc\/wp-json\/wp\/v2\/media\/208808"}],"wp:attachment":[{"href":"https:\/\/www.manaus.am.gov.br\/semasc\/wp-json\/wp\/v2\/media?parent=209655"}],"wp:term":[{"taxonomy":"category","embeddable":true,"href":"https:\/\/www.manaus.am.gov.br\/semasc\/wp-json\/wp\/v2\/categories?post=209655"},{"taxonomy":"post_tag","embeddable":true,"href":"https:\/\/www.manaus.am.gov.br\/semasc\/wp-json\/wp\/v2\/tags?post=209655"}],"curies":[{"name":"wp","href":"https:\/\/api.w.org\/{rel}","templated":true}]}}