{"id":209633,"date":"2023-12-21T16:31:11","date_gmt":"2023-12-21T20:31:11","guid":{"rendered":"https:\/\/www.manaus.am.gov.br\/semasc\/prefeitura-de-manaus-promove-confraternizacao-para-usuarios-dos-cras-e-creas\/"},"modified":"2024-01-19T15:08:02","modified_gmt":"2024-01-19T19:08:02","slug":"prefeitura-de-manaus-promove-confraternizacao-para-usuarios-dos-cras-e-creas","status":"publish","type":"post","link":"https:\/\/www.manaus.am.gov.br\/semasc\/prefeitura-de-manaus-promove-confraternizacao-para-usuarios-dos-cras-e-creas\/","title":{"rendered":"Prefeitura de Manaus promove confraterniza\u00e7\u00e3o para usu\u00e1rios dos Cras e Creas"},"content":{"rendered":"\n<p>Com a finalidade de celebrar os trabalhos realizados pelos equipamentos socioassistenciais, a Prefeitura de Manaus promoveu, ao longo da semana, confraterniza\u00e7\u00f5es para marcar o encerramento das atividades do ano nesses pontos de atendimento \u00e0s fam\u00edlias em situa\u00e7\u00e3o de vulnerabilidade social na cidade. Coordenadas pela Secretaria Municipal da Mulher, Assist\u00eancia Social e Cidadania (Semasc), as reuni\u00f5es aconteceram nos 20 Centros de Refer\u00eancia de Assist\u00eancia Social (Cras) e cinco Centros de Refer\u00eancia Especializados de Assist\u00eancia Social (Creas) do munic\u00edpio.<\/p>\n\n\n\n<p>Durante as celebra\u00e7\u00f5es, que reuniram usu\u00e1rios do Sistema \u00danico de Assist\u00eancia Social (Suas) atra\u00e7\u00f5es musicais, caf\u00e9s da manh\u00e3 e almo\u00e7os com grupos do Servi\u00e7o de Conviv\u00eancia e Fortalecimento de V\u00ednculos (SCFV), sorteio de presentes e muito mais.<\/p>\n\n\n\n<p>\u201cS\u00e3o servi\u00e7os important\u00edssimos para o desenvolvimento da conviv\u00eancia comunit\u00e1ria, da troca de experi\u00eancias e do sentimento de coletividade dessas fam\u00edlias. Nesse sentido, as confraterniza\u00e7\u00f5es acabam servindo tanto como uma forma de medir os resultados alcan\u00e7ados com as fam\u00edlias atendidas pela Prote\u00e7\u00e3o Social B\u00e1sica e Especial, quanto para nos reunirmos mais uma vez, enquanto nos preparamos para 2024\u201d, destacou Jucimaria Menezes, diretora do Departamento de Prote\u00e7\u00e3o Social B\u00e1sica da Semasc.<\/p>\n\n\n\n<p>No Cras Japiim, equipamento localizado na zona Sul, os usu\u00e1rios foram convidados a participar, nesta quinta-feira, 21\/12, de um caf\u00e9 da manh\u00e3 especialmente preparado pela equipe t\u00e9cnica respons\u00e1vel pela unidade. Antes de comer, entretanto, o grupo de idosos do servi\u00e7o de conviv\u00eancia apresentou uma pequena cantata aos presentes no sal\u00e3o de atendimentos.<\/p>\n\n\n\n<p>Acompanhada pela unidade h\u00e1 sete anos, a dona de casa Socorro Oliveira, de 65 anos, ressaltou a import\u00e2ncia do equipamento em sua vida, desde que ficou vi\u00fava, Ela agradeceu por mais um ano sendo atendida pela equipe t\u00e9cnica do Cras.<\/p>\n\n\n\n<p>\u201cO Cras \u00e9 uma coisa maravilhosa para a minha vida, \u00e9 inexplic\u00e1vel. Quando meu marido faleceu, h\u00e1 sete anos, eu n\u00e3o conseguia sair de casa, eu n\u00e3o tinha \u00e2nimo, mas tudo mudou quando conheci o servi\u00e7o de conviv\u00eancia. Poder concluir mais um ano ao lado dessa equipe \u00e9 muito gratificante e muito importante para mim\u201d, afirmou.<\/p>\n\n\n\n<p>Tamb\u00e9m o Creas Centro-Sul, com apoio do Santu\u00e1rio S\u00e3o Jos\u00e9 Oper\u00e1rio, localizado no centro hist\u00f3rico de Manaus, promoveu um almo\u00e7o natalino com os usu\u00e1rios atendidos pelo Servi\u00e7o de Prote\u00e7\u00e3o a Adolescentes em Cumprimento de Medidas Socioeducativas. De acordo com a coordenadora do equipamento, Maria Jos\u00e9 Rebou\u00e7as, momentos de confraterniza\u00e7\u00e3o tamb\u00e9m s\u00e3o atividades essenciais no atendimento a fam\u00edlias que j\u00e1 tiveram seus direitos violados.<\/p>\n\n\n\n<p>\u201cO Natal representa um momento de alegria, de paz, de amor e solidariedade, coisas que cotidianamente exercitamos como parte do acompanhamento de usu\u00e1rios e suas fam\u00edlias no equipamento. Com este almo\u00e7o, esperamos trazer um pouco desse esp\u00edrito natalino \u00e0queles que mais precisam e mostrar a eles que continuaremos a trabalhar de forma intensa e eficaz no ano de 2024\u201d, destacou.<\/p>\n\n\n\n<p>A dona de casa, Ana P. B., de 39 anos, participou do almo\u00e7o ao lado das filhas, e agradeceu a iniciativa de reunir todos os usu\u00e1rios em \u00fanico espa\u00e7o. \u201c\u00c9 um momento muito gostoso em que todos nos sentimos acolhidos, o que \u00e9 muito importante, j\u00e1 que o significado do Natal \u00e9 exatamente esse: partilhar. Estar junto de outras fam\u00edlias, colegas, amigos da equipe do Creas \u00e9 realmente muito gratificante e s\u00f3 tenho a agradecer pelo apoio prestado a mim e minha fam\u00edlia\u201d, concluiu.<\/p>\n\n\n\n<p>&#8212; &#8212; &#8212;<\/p>\n\n\n\n<p><strong>Texto<\/strong> &#8211; Guilherme Pacheco \/ Semasc<\/p>\n\n\n\n<p><strong>Fotos<\/strong> &#8211; Diego Lima \/ Semasc<\/p>\n\n\n\n<p>SEMASC &#8211; Secretaria Municipal da Mulher, Assist\u00eancia Social e Cidadania<\/p>\n\n\n\n<p>Assessor Respons\u00e1vel: Leonardo Fierro (92) 99446-4599<\/p>\n\n\n\n<p>E-mail: comunicacao.semasc@manaus.am.gov.br<\/p>\n","protected":false},"excerpt":{"rendered":"","protected":false},"author":61,"featured_media":209634,"comment_status":"closed","ping_status":"closed","sticky":false,"template":"","format":"standard","meta":{"footnotes":""},"categories":[34],"tags":[841,121,57,842,7,18],"acf":[],"yoast_head":"<!-- This site is optimized with the Yoast SEO plugin v23.0 - https:\/\/yoast.com\/wordpress\/plugins\/seo\/ -->\n<title>Prefeitura promove confraterniza\u00e7\u00e3o nos Cras e Creas<\/title>\n<meta name=\"description\" content=\"Prefeitura de Manaus promoveu, ao longo da semana, confraterniza\u00e7\u00f5es para marcar o encerramento das atividades do ano nos Cras e Creas\" \/>\n<meta name=\"robots\" content=\"noindex, follow\" \/>\n<meta property=\"og:locale\" content=\"pt_BR\" \/>\n<meta property=\"og:type\" content=\"article\" \/>\n<meta property=\"og:title\" content=\"Prefeitura promove confraterniza\u00e7\u00e3o nos Cras e Creas\" \/>\n<meta property=\"og:description\" content=\"Prefeitura de Manaus promoveu, ao longo da semana, confraterniza\u00e7\u00f5es para marcar o encerramento das atividades do ano nos Cras e Creas\" \/>\n<meta property=\"og:url\" content=\"https:\/\/www.manaus.am.gov.br\/semasc\/prefeitura-de-manaus-promove-confraternizacao-para-usuarios-dos-cras-e-creas\/\" \/>\n<meta property=\"og:site_name\" content=\"SEMASC\" \/>\n<meta property=\"article:publisher\" content=\"https:\/\/www.facebook.com\/semascmanaus\" \/>\n<meta property=\"article:published_time\" content=\"2023-12-21T20:31:11+00:00\" \/>\n<meta property=\"article:modified_time\" content=\"2024-01-19T19:08:02+00:00\" \/>\n<meta property=\"og:image\" content=\"https:\/\/www.manaus.am.gov.br\/semasc\/wp-content\/uploads\/sites\/17\/2023\/12\/Confraternizacoes-Equipamentos-Semasc-1.jpg\" \/>\n\t<meta property=\"og:image:width\" content=\"800\" \/>\n\t<meta property=\"og:image:height\" content=\"600\" \/>\n\t<meta property=\"og:image:type\" content=\"image\/jpeg\" \/>\n<meta name=\"author\" content=\"smonteiro\" \/>\n<meta name=\"twitter:card\" content=\"summary_large_image\" \/>\n<meta name=\"twitter:label1\" content=\"Written by\" \/>\n\t<meta name=\"twitter:data1\" content=\"smonteiro\" \/>\n\t<meta name=\"twitter:label2\" content=\"Est. reading time\" \/>\n\t<meta name=\"twitter:data2\" content=\"4 minutos\" \/>\n<script type=\"application\/ld+json\" class=\"yoast-schema-graph\">{\"@context\":\"https:\/\/schema.org\",\"@graph\":[{\"@type\":\"Article\",\"@id\":\"https:\/\/www.manaus.am.gov.br\/semasc\/prefeitura-de-manaus-promove-confraternizacao-para-usuarios-dos-cras-e-creas\/#article\",\"isPartOf\":{\"@id\":\"https:\/\/www.manaus.am.gov.br\/semasc\/prefeitura-de-manaus-promove-confraternizacao-para-usuarios-dos-cras-e-creas\/\"},\"author\":{\"name\":\"smonteiro\",\"@id\":\"https:\/\/www.manaus.am.gov.br\/semasc\/#\/schema\/person\/ab4dcf766a54dff74e8d267f5c591961\"},\"headline\":\"Prefeitura de Manaus promove confraterniza\u00e7\u00e3o para usu\u00e1rios dos Cras e Creas\",\"datePublished\":\"2023-12-21T20:31:11+00:00\",\"dateModified\":\"2024-01-19T19:08:02+00:00\",\"mainEntityOfPage\":{\"@id\":\"https:\/\/www.manaus.am.gov.br\/semasc\/prefeitura-de-manaus-promove-confraternizacao-para-usuarios-dos-cras-e-creas\/\"},\"wordCount\":645,\"publisher\":{\"@id\":\"https:\/\/www.manaus.am.gov.br\/semasc\/#organization\"},\"image\":{\"@id\":\"https:\/\/www.manaus.am.gov.br\/semasc\/prefeitura-de-manaus-promove-confraternizacao-para-usuarios-dos-cras-e-creas\/#primaryimage\"},\"thumbnailUrl\":\"https:\/\/www.manaus.am.gov.br\/semasc\/wp-content\/uploads\/sites\/17\/2023\/12\/Confraternizacoes-Equipamentos-Semasc-1.jpg\",\"keywords\":[\"confraterniza\u00e7\u00e3o\",\"cras\",\"Creas\",\"equipamentos socioassistenciais\",\"prefeitura de manaus\",\"Semasc\"],\"articleSection\":[\"Assist\u00eancia Social\"],\"inLanguage\":\"pt-BR\"},{\"@type\":\"WebPage\",\"@id\":\"https:\/\/www.manaus.am.gov.br\/semasc\/prefeitura-de-manaus-promove-confraternizacao-para-usuarios-dos-cras-e-creas\/\",\"url\":\"https:\/\/www.manaus.am.gov.br\/semasc\/prefeitura-de-manaus-promove-confraternizacao-para-usuarios-dos-cras-e-creas\/\",\"name\":\"Prefeitura promove confraterniza\u00e7\u00e3o nos Cras e Creas\",\"isPartOf\":{\"@id\":\"https:\/\/www.manaus.am.gov.br\/semasc\/#website\"},\"primaryImageOfPage\":{\"@id\":\"https:\/\/www.manaus.am.gov.br\/semasc\/prefeitura-de-manaus-promove-confraternizacao-para-usuarios-dos-cras-e-creas\/#primaryimage\"},\"image\":{\"@id\":\"https:\/\/www.manaus.am.gov.br\/semasc\/prefeitura-de-manaus-promove-confraternizacao-para-usuarios-dos-cras-e-creas\/#primaryimage\"},\"thumbnailUrl\":\"https:\/\/www.manaus.am.gov.br\/semasc\/wp-content\/uploads\/sites\/17\/2023\/12\/Confraternizacoes-Equipamentos-Semasc-1.jpg\",\"datePublished\":\"2023-12-21T20:31:11+00:00\",\"dateModified\":\"2024-01-19T19:08:02+00:00\",\"description\":\"Prefeitura de Manaus promoveu, ao longo da semana, confraterniza\u00e7\u00f5es para marcar o encerramento das atividades do ano nos Cras e Creas\",\"breadcrumb\":{\"@id\":\"https:\/\/www.manaus.am.gov.br\/semasc\/prefeitura-de-manaus-promove-confraternizacao-para-usuarios-dos-cras-e-creas\/#breadcrumb\"},\"inLanguage\":\"pt-BR\",\"potentialAction\":[{\"@type\":\"ReadAction\",\"target\":[\"https:\/\/www.manaus.am.gov.br\/semasc\/prefeitura-de-manaus-promove-confraternizacao-para-usuarios-dos-cras-e-creas\/\"]}]},{\"@type\":\"ImageObject\",\"inLanguage\":\"pt-BR\",\"@id\":\"https:\/\/www.manaus.am.gov.br\/semasc\/prefeitura-de-manaus-promove-confraternizacao-para-usuarios-dos-cras-e-creas\/#primaryimage\",\"url\":\"https:\/\/www.manaus.am.gov.br\/semasc\/wp-content\/uploads\/sites\/17\/2023\/12\/Confraternizacoes-Equipamentos-Semasc-1.jpg\",\"contentUrl\":\"https:\/\/www.manaus.am.gov.br\/semasc\/wp-content\/uploads\/sites\/17\/2023\/12\/Confraternizacoes-Equipamentos-Semasc-1.jpg\",\"width\":800,\"height\":600,\"caption\":\"#paratodosverem - usu\u00e1rios do Cras participam de confraterniza\u00e7\u00e3o de Natal\"},{\"@type\":\"BreadcrumbList\",\"@id\":\"https:\/\/www.manaus.am.gov.br\/semasc\/prefeitura-de-manaus-promove-confraternizacao-para-usuarios-dos-cras-e-creas\/#breadcrumb\",\"itemListElement\":[{\"@type\":\"ListItem\",\"position\":1,\"name\":\"Home\",\"item\":\"https:\/\/www.manaus.am.gov.br\/semasc\/\"},{\"@type\":\"ListItem\",\"position\":2,\"name\":\"Prefeitura de Manaus promove confraterniza\u00e7\u00e3o para usu\u00e1rios dos Cras e Creas\"}]},{\"@type\":\"WebSite\",\"@id\":\"https:\/\/www.manaus.am.gov.br\/semasc\/#website\",\"url\":\"https:\/\/www.manaus.am.gov.br\/semasc\/\",\"name\":\"SEMASC\",\"description\":\"Secretaria Municipal da Mulher, Assist\u00eancia Social e Cidadania.\",\"publisher\":{\"@id\":\"https:\/\/www.manaus.am.gov.br\/semasc\/#organization\"},\"alternateName\":\"Secretaria Municipal da Mulher, Assist\u00eancia Social e Cidadania\",\"potentialAction\":[{\"@type\":\"SearchAction\",\"target\":{\"@type\":\"EntryPoint\",\"urlTemplate\":\"https:\/\/www.manaus.am.gov.br\/semasc\/?s={search_term_string}\"},\"query-input\":\"required name=search_term_string\"}],\"inLanguage\":\"pt-BR\"},{\"@type\":\"Organization\",\"@id\":\"https:\/\/www.manaus.am.gov.br\/semasc\/#organization\",\"name\":\"Prefeitura de Manaus\",\"alternateName\":\"Prefeitura Municipal de Manaus\",\"url\":\"https:\/\/www.manaus.am.gov.br\/semasc\/\",\"logo\":{\"@type\":\"ImageObject\",\"inLanguage\":\"pt-BR\",\"@id\":\"https:\/\/www.manaus.am.gov.br\/semasc\/#\/schema\/logo\/image\/\",\"url\":\"https:\/\/www.manaus.am.gov.br\/semasc\/wp-content\/uploads\/sites\/17\/2024\/07\/favicon.png\",\"contentUrl\":\"https:\/\/www.manaus.am.gov.br\/semasc\/wp-content\/uploads\/sites\/17\/2024\/07\/favicon.png\",\"width\":300,\"height\":300,\"caption\":\"Prefeitura de Manaus\"},\"image\":{\"@id\":\"https:\/\/www.manaus.am.gov.br\/semasc\/#\/schema\/logo\/image\/\"},\"sameAs\":[\"https:\/\/www.facebook.com\/semascmanaus\",\"https:\/\/www.instagram.com\/semascmanaus\/\"]},{\"@type\":\"Person\",\"@id\":\"https:\/\/www.manaus.am.gov.br\/semasc\/#\/schema\/person\/ab4dcf766a54dff74e8d267f5c591961\",\"name\":\"smonteiro\",\"image\":{\"@type\":\"ImageObject\",\"inLanguage\":\"pt-BR\",\"@id\":\"https:\/\/www.manaus.am.gov.br\/semasc\/#\/schema\/person\/image\/\",\"url\":\"https:\/\/secure.gravatar.com\/avatar\/21c8776ef61d9272c73322052e042d77?s=96&d=mm&r=g\",\"contentUrl\":\"https:\/\/secure.gravatar.com\/avatar\/21c8776ef61d9272c73322052e042d77?s=96&d=mm&r=g\",\"caption\":\"smonteiro\"}}]}<\/script>\n<!-- \/ Yoast SEO plugin. -->","yoast_head_json":{"title":"Prefeitura promove confraterniza\u00e7\u00e3o nos Cras e Creas","description":"Prefeitura de Manaus promoveu, ao longo da semana, confraterniza\u00e7\u00f5es para marcar o encerramento das atividades do ano nos Cras e Creas","robots":{"index":"noindex","follow":"follow"},"og_locale":"pt_BR","og_type":"article","og_title":"Prefeitura promove confraterniza\u00e7\u00e3o nos Cras e Creas","og_description":"Prefeitura de Manaus promoveu, ao longo da semana, confraterniza\u00e7\u00f5es para marcar o encerramento das atividades do ano nos Cras e Creas","og_url":"https:\/\/www.manaus.am.gov.br\/semasc\/prefeitura-de-manaus-promove-confraternizacao-para-usuarios-dos-cras-e-creas\/","og_site_name":"SEMASC","article_publisher":"https:\/\/www.facebook.com\/semascmanaus","article_published_time":"2023-12-21T20:31:11+00:00","article_modified_time":"2024-01-19T19:08:02+00:00","og_image":[{"width":800,"height":600,"url":"https:\/\/www.manaus.am.gov.br\/semasc\/wp-content\/uploads\/sites\/17\/2023\/12\/Confraternizacoes-Equipamentos-Semasc-1.jpg","type":"image\/jpeg"}],"author":"smonteiro","twitter_card":"summary_large_image","twitter_misc":{"Written by":"smonteiro","Est. reading time":"4 minutos"},"schema":{"@context":"https:\/\/schema.org","@graph":[{"@type":"Article","@id":"https:\/\/www.manaus.am.gov.br\/semasc\/prefeitura-de-manaus-promove-confraternizacao-para-usuarios-dos-cras-e-creas\/#article","isPartOf":{"@id":"https:\/\/www.manaus.am.gov.br\/semasc\/prefeitura-de-manaus-promove-confraternizacao-para-usuarios-dos-cras-e-creas\/"},"author":{"name":"smonteiro","@id":"https:\/\/www.manaus.am.gov.br\/semasc\/#\/schema\/person\/ab4dcf766a54dff74e8d267f5c591961"},"headline":"Prefeitura de Manaus promove confraterniza\u00e7\u00e3o para usu\u00e1rios dos Cras e Creas","datePublished":"2023-12-21T20:31:11+00:00","dateModified":"2024-01-19T19:08:02+00:00","mainEntityOfPage":{"@id":"https:\/\/www.manaus.am.gov.br\/semasc\/prefeitura-de-manaus-promove-confraternizacao-para-usuarios-dos-cras-e-creas\/"},"wordCount":645,"publisher":{"@id":"https:\/\/www.manaus.am.gov.br\/semasc\/#organization"},"image":{"@id":"https:\/\/www.manaus.am.gov.br\/semasc\/prefeitura-de-manaus-promove-confraternizacao-para-usuarios-dos-cras-e-creas\/#primaryimage"},"thumbnailUrl":"https:\/\/www.manaus.am.gov.br\/semasc\/wp-content\/uploads\/sites\/17\/2023\/12\/Confraternizacoes-Equipamentos-Semasc-1.jpg","keywords":["confraterniza\u00e7\u00e3o","cras","Creas","equipamentos socioassistenciais","prefeitura de manaus","Semasc"],"articleSection":["Assist\u00eancia Social"],"inLanguage":"pt-BR"},{"@type":"WebPage","@id":"https:\/\/www.manaus.am.gov.br\/semasc\/prefeitura-de-manaus-promove-confraternizacao-para-usuarios-dos-cras-e-creas\/","url":"https:\/\/www.manaus.am.gov.br\/semasc\/prefeitura-de-manaus-promove-confraternizacao-para-usuarios-dos-cras-e-creas\/","name":"Prefeitura promove confraterniza\u00e7\u00e3o nos Cras e Creas","isPartOf":{"@id":"https:\/\/www.manaus.am.gov.br\/semasc\/#website"},"primaryImageOfPage":{"@id":"https:\/\/www.manaus.am.gov.br\/semasc\/prefeitura-de-manaus-promove-confraternizacao-para-usuarios-dos-cras-e-creas\/#primaryimage"},"image":{"@id":"https:\/\/www.manaus.am.gov.br\/semasc\/prefeitura-de-manaus-promove-confraternizacao-para-usuarios-dos-cras-e-creas\/#primaryimage"},"thumbnailUrl":"https:\/\/www.manaus.am.gov.br\/semasc\/wp-content\/uploads\/sites\/17\/2023\/12\/Confraternizacoes-Equipamentos-Semasc-1.jpg","datePublished":"2023-12-21T20:31:11+00:00","dateModified":"2024-01-19T19:08:02+00:00","description":"Prefeitura de Manaus promoveu, ao longo da semana, confraterniza\u00e7\u00f5es para marcar o encerramento das atividades do ano nos Cras e Creas","breadcrumb":{"@id":"https:\/\/www.manaus.am.gov.br\/semasc\/prefeitura-de-manaus-promove-confraternizacao-para-usuarios-dos-cras-e-creas\/#breadcrumb"},"inLanguage":"pt-BR","potentialAction":[{"@type":"ReadAction","target":["https:\/\/www.manaus.am.gov.br\/semasc\/prefeitura-de-manaus-promove-confraternizacao-para-usuarios-dos-cras-e-creas\/"]}]},{"@type":"ImageObject","inLanguage":"pt-BR","@id":"https:\/\/www.manaus.am.gov.br\/semasc\/prefeitura-de-manaus-promove-confraternizacao-para-usuarios-dos-cras-e-creas\/#primaryimage","url":"https:\/\/www.manaus.am.gov.br\/semasc\/wp-content\/uploads\/sites\/17\/2023\/12\/Confraternizacoes-Equipamentos-Semasc-1.jpg","contentUrl":"https:\/\/www.manaus.am.gov.br\/semasc\/wp-content\/uploads\/sites\/17\/2023\/12\/Confraternizacoes-Equipamentos-Semasc-1.jpg","width":800,"height":600,"caption":"#paratodosverem - usu\u00e1rios do Cras participam de confraterniza\u00e7\u00e3o de Natal"},{"@type":"BreadcrumbList","@id":"https:\/\/www.manaus.am.gov.br\/semasc\/prefeitura-de-manaus-promove-confraternizacao-para-usuarios-dos-cras-e-creas\/#breadcrumb","itemListElement":[{"@type":"ListItem","position":1,"name":"Home","item":"https:\/\/www.manaus.am.gov.br\/semasc\/"},{"@type":"ListItem","position":2,"name":"Prefeitura de Manaus promove confraterniza\u00e7\u00e3o para usu\u00e1rios dos Cras e Creas"}]},{"@type":"WebSite","@id":"https:\/\/www.manaus.am.gov.br\/semasc\/#website","url":"https:\/\/www.manaus.am.gov.br\/semasc\/","name":"SEMASC","description":"Secretaria Municipal da Mulher, Assist\u00eancia Social e Cidadania.","publisher":{"@id":"https:\/\/www.manaus.am.gov.br\/semasc\/#organization"},"alternateName":"Secretaria Municipal da Mulher, Assist\u00eancia Social e Cidadania","potentialAction":[{"@type":"SearchAction","target":{"@type":"EntryPoint","urlTemplate":"https:\/\/www.manaus.am.gov.br\/semasc\/?s={search_term_string}"},"query-input":"required name=search_term_string"}],"inLanguage":"pt-BR"},{"@type":"Organization","@id":"https:\/\/www.manaus.am.gov.br\/semasc\/#organization","name":"Prefeitura de Manaus","alternateName":"Prefeitura Municipal de Manaus","url":"https:\/\/www.manaus.am.gov.br\/semasc\/","logo":{"@type":"ImageObject","inLanguage":"pt-BR","@id":"https:\/\/www.manaus.am.gov.br\/semasc\/#\/schema\/logo\/image\/","url":"https:\/\/www.manaus.am.gov.br\/semasc\/wp-content\/uploads\/sites\/17\/2024\/07\/favicon.png","contentUrl":"https:\/\/www.manaus.am.gov.br\/semasc\/wp-content\/uploads\/sites\/17\/2024\/07\/favicon.png","width":300,"height":300,"caption":"Prefeitura de Manaus"},"image":{"@id":"https:\/\/www.manaus.am.gov.br\/semasc\/#\/schema\/logo\/image\/"},"sameAs":["https:\/\/www.facebook.com\/semascmanaus","https:\/\/www.instagram.com\/semascmanaus\/"]},{"@type":"Person","@id":"https:\/\/www.manaus.am.gov.br\/semasc\/#\/schema\/person\/ab4dcf766a54dff74e8d267f5c591961","name":"smonteiro","image":{"@type":"ImageObject","inLanguage":"pt-BR","@id":"https:\/\/www.manaus.am.gov.br\/semasc\/#\/schema\/person\/image\/","url":"https:\/\/secure.gravatar.com\/avatar\/21c8776ef61d9272c73322052e042d77?s=96&d=mm&r=g","contentUrl":"https:\/\/secure.gravatar.com\/avatar\/21c8776ef61d9272c73322052e042d77?s=96&d=mm&r=g","caption":"smonteiro"}}]}},"_links":{"self":[{"href":"https:\/\/www.manaus.am.gov.br\/semasc\/wp-json\/wp\/v2\/posts\/209633"}],"collection":[{"href":"https:\/\/www.manaus.am.gov.br\/semasc\/wp-json\/wp\/v2\/posts"}],"about":[{"href":"https:\/\/www.manaus.am.gov.br\/semasc\/wp-json\/wp\/v2\/types\/post"}],"author":[{"embeddable":true,"href":"https:\/\/www.manaus.am.gov.br\/semasc\/wp-json\/wp\/v2\/users\/61"}],"replies":[{"embeddable":true,"href":"https:\/\/www.manaus.am.gov.br\/semasc\/wp-json\/wp\/v2\/comments?post=209633"}],"version-history":[{"count":1,"href":"https:\/\/www.manaus.am.gov.br\/semasc\/wp-json\/wp\/v2\/posts\/209633\/revisions"}],"predecessor-version":[{"id":209635,"href":"https:\/\/www.manaus.am.gov.br\/semasc\/wp-json\/wp\/v2\/posts\/209633\/revisions\/209635"}],"wp:featuredmedia":[{"embeddable":true,"href":"https:\/\/www.manaus.am.gov.br\/semasc\/wp-json\/wp\/v2\/media\/209634"}],"wp:attachment":[{"href":"https:\/\/www.manaus.am.gov.br\/semasc\/wp-json\/wp\/v2\/media?parent=209633"}],"wp:term":[{"taxonomy":"category","embeddable":true,"href":"https:\/\/www.manaus.am.gov.br\/semasc\/wp-json\/wp\/v2\/categories?post=209633"},{"taxonomy":"post_tag","embeddable":true,"href":"https:\/\/www.manaus.am.gov.br\/semasc\/wp-json\/wp\/v2\/tags?post=209633"}],"curies":[{"name":"wp","href":"https:\/\/api.w.org\/{rel}","templated":true}]}}