{"id":209625,"date":"2023-12-20T14:31:19","date_gmt":"2023-12-20T18:31:19","guid":{"rendered":"https:\/\/www.manaus.am.gov.br\/semasc\/prefeitura-de-manaus-promove-acao-de-cidadania-natalina-para-usuarios-atendidos-pelo-centro-pop\/"},"modified":"2024-01-10T16:53:28","modified_gmt":"2024-01-10T20:53:28","slug":"prefeitura-de-manaus-promove-acao-de-cidadania-natalina-para-usuarios-atendidos-pelo-centro-pop","status":"publish","type":"post","link":"https:\/\/www.manaus.am.gov.br\/semasc\/prefeitura-de-manaus-promove-acao-de-cidadania-natalina-para-usuarios-atendidos-pelo-centro-pop\/","title":{"rendered":"Prefeitura de Manaus promove a\u00e7\u00e3o de cidadania natalina para usu\u00e1rios atendidos pelo Centro POP"},"content":{"rendered":"\n<p>Buscando oferecer atividades que promovam o acesso da popula\u00e7\u00e3o vulner\u00e1vel da capital a direitos b\u00e1sicos, a Prefeitura de Manaus, por meio da Secretaria Municipal da Mulher, Assist\u00eancia Social e Cidadania (Semasc), e o instituto Desafio Jovem Manaus, via o projeto de abordagem social \u201cBra\u00e7os Abertos\u201d, promoveram, nesta quarta-feira, 20\/12, uma a\u00e7\u00e3o de cidadania natalina a usu\u00e1rios atendidos pelo Centro de Refer\u00eancia Especializado para Pessoas em Situa\u00e7\u00e3o de Rua (Centro POP), na zona Centro-Sul.<\/p>\n\n\n\n<p>Durante a a\u00e7\u00e3o, homens e mulheres acompanhados pelo equipamento puderam ter acesso a servi\u00e7os gratuitos de embelezamento, como corte de cabelo, esmalta\u00e7\u00e3o de unhas e design de sobrancelhas, massoterapia, distribui\u00e7\u00e3o de kits de higiene pessoal, escuta qualificada e encaminhamentos para outros servi\u00e7os socioassistenciais e de documenta\u00e7\u00e3o b\u00e1sica. Al\u00e9m dos servi\u00e7os, a a\u00e7\u00e3o contou com a participa\u00e7\u00e3o do \u201cCoral da Sefaz do Amazonas\u201d, que levou diversas can\u00e7\u00f5es natalinas ao almo\u00e7o especial preparado para os usu\u00e1rios.<\/p>\n\n\n\n<p>\u201cA realiza\u00e7\u00e3o dessa atividade tem o objetivo de trazer aos nossos usu\u00e1rios uma experi\u00eancia de conviv\u00eancia comunit\u00e1ria e intera\u00e7\u00e3o social que os fa\u00e7a sentir, ao menos um pouco, o que \u00e9 uma celebra\u00e7\u00e3o de Natal. Sabemos que muitos, infelizmente, n\u00e3o t\u00eam a oportunidade de estar com suas fam\u00edlias nesta \u00e9poca do ano.&nbsp; Ent\u00e3o, trabalhar para oferecer um momento como esse, com can\u00e7\u00f5es de Natal, com um almo\u00e7o diferenciado e servi\u00e7os de embelezamento para o aumento da autoestima tamb\u00e9m \u00e9 fundamental para a garantia de direitos b\u00e1sicos dessas pessoas\u201d, destacou o gerente do Centro POP, Marcos Coutinho.<\/p>\n\n\n\n<p>Coordenadora do projeto de abordagem social \u201cBra\u00e7os Abertos\u201d, Franciane Lima enfatizou a import\u00e2ncia da parceria firmada com o Centro POP e a prefeitura, ao longo do ano de 2023, destacando a necessidade cont\u00ednua dessa coopera\u00e7\u00e3o para o atendimento de pessoas em situa\u00e7\u00e3o de rua no munic\u00edpio.<\/p>\n\n\n\n<p>\u201cSomos parceiros do Centro POP desde 2017, continuando firmes e fortes neste ano. Pensando nessa parceria e no fato de que compartilhamos do mesmo p\u00fablico-alvo, achamos que seria interessante encerrarmos o ano dentro do equipamento, trazendo uma programa\u00e7\u00e3o mais voltada para a autoestima e a conviv\u00eancia dos usu\u00e1rios\u201d, afirmou.<\/p>\n\n\n\n<p>Acompanhado pela equipe t\u00e9cnica do Centro POP, o usu\u00e1rio Luiz S. L., 57, agradeceu pelo corte de cabelo e reafirmou a satisfa\u00e7\u00e3o de participar da a\u00e7\u00e3o. \u201cEssas a\u00e7\u00f5es s\u00e3o ideais para todos n\u00f3s, pois passamos por muitas dificuldades no dia a dia. Diariamente, \u00e9 uma luta diferente, mas com o apoio de toda essa equipe, a gente consegue seguir em frente em busca de coisas melhores, o que \u00e9 muito importante\u201d, concluiu.<\/p>\n\n\n\n<p>&#8212; &#8212; &#8212;<\/p>\n\n\n\n<p><strong>Texto<\/strong>&nbsp;&#8211; Guilherme Pacheco \/ Semasc<\/p>\n\n\n\n<p><strong>Fotos<\/strong>&nbsp;&#8211; Diego Lima \/ Semasc<\/p>\n","protected":false},"excerpt":{"rendered":"","protected":false},"author":23,"featured_media":209626,"comment_status":"closed","ping_status":"closed","sticky":false,"template":"","format":"standard","meta":{"footnotes":""},"categories":[34],"tags":[838,205,839,840,7,18],"acf":[],"yoast_head":"<!-- This site is optimized with the Yoast SEO plugin v23.0 - https:\/\/yoast.com\/wordpress\/plugins\/seo\/ -->\n<title>Prefeitura de Manaus promove a\u00e7\u00e3o de cidadania natalina para usu\u00e1rios atendidos pelo Centro POP<\/title>\n<meta name=\"description\" content=\"Buscando oferecer atividades que promovam o acesso da popula\u00e7\u00e3o vulner\u00e1vel da capital a direitos b\u00e1sicos, a Prefeitura de Manaus, por meio da Secretaria Municipal da Mulher, Assist\u00eancia Social e Cidadania (Semasc), e o instituto Desafio Jovem Manaus, via o projeto de abordagem social \u201cBra\u00e7os Abertos\u201d, promoveram, nesta quarta-feira, 20\/12, uma a\u00e7\u00e3o de cidadania natalina a usu\u00e1rios atendidos pelo Centro de Refer\u00eancia Especializado para Pessoas em Situa\u00e7\u00e3o de Rua (Centro POP), na zona Centro-Sul.\" \/>\n<meta name=\"robots\" content=\"noindex, follow\" \/>\n<meta property=\"og:locale\" content=\"pt_BR\" \/>\n<meta property=\"og:type\" content=\"article\" \/>\n<meta property=\"og:title\" content=\"Prefeitura de Manaus promove a\u00e7\u00e3o de cidadania natalina para usu\u00e1rios atendidos pelo Centro POP\" \/>\n<meta property=\"og:description\" content=\"Buscando oferecer atividades que promovam o acesso da popula\u00e7\u00e3o vulner\u00e1vel da capital a direitos b\u00e1sicos, a Prefeitura de Manaus, por meio da Secretaria Municipal da Mulher, Assist\u00eancia Social e Cidadania (Semasc), e o instituto Desafio Jovem Manaus, via o projeto de abordagem social \u201cBra\u00e7os Abertos\u201d, promoveram, nesta quarta-feira, 20\/12, uma a\u00e7\u00e3o de cidadania natalina a usu\u00e1rios atendidos pelo Centro de Refer\u00eancia Especializado para Pessoas em Situa\u00e7\u00e3o de Rua (Centro POP), na zona Centro-Sul.\" \/>\n<meta property=\"og:url\" content=\"https:\/\/www.manaus.am.gov.br\/semasc\/prefeitura-de-manaus-promove-acao-de-cidadania-natalina-para-usuarios-atendidos-pelo-centro-pop\/\" \/>\n<meta property=\"og:site_name\" content=\"SEMASC\" \/>\n<meta property=\"article:publisher\" content=\"https:\/\/www.facebook.com\/semascmanaus\" \/>\n<meta property=\"article:published_time\" content=\"2023-12-20T18:31:19+00:00\" \/>\n<meta property=\"article:modified_time\" content=\"2024-01-10T20:53:28+00:00\" \/>\n<meta property=\"og:image\" content=\"https:\/\/www.manaus.am.gov.br\/semasc\/wp-content\/uploads\/sites\/17\/2023\/12\/WhatsApp-Image-2023-12-20-at-14.12.35-2-1.jpeg\" \/>\n\t<meta property=\"og:image:width\" content=\"2560\" \/>\n\t<meta property=\"og:image:height\" content=\"1706\" \/>\n\t<meta property=\"og:image:type\" content=\"image\/jpeg\" \/>\n<meta name=\"author\" content=\"Adriana Costa\" \/>\n<meta name=\"twitter:card\" content=\"summary_large_image\" \/>\n<meta name=\"twitter:label1\" content=\"Written by\" \/>\n\t<meta name=\"twitter:data1\" content=\"Adriana Costa\" \/>\n\t<meta name=\"twitter:label2\" content=\"Est. reading time\" \/>\n\t<meta name=\"twitter:data2\" content=\"3 minutos\" \/>\n<script type=\"application\/ld+json\" class=\"yoast-schema-graph\">{\"@context\":\"https:\/\/schema.org\",\"@graph\":[{\"@type\":\"Article\",\"@id\":\"https:\/\/www.manaus.am.gov.br\/semasc\/prefeitura-de-manaus-promove-acao-de-cidadania-natalina-para-usuarios-atendidos-pelo-centro-pop\/#article\",\"isPartOf\":{\"@id\":\"https:\/\/www.manaus.am.gov.br\/semasc\/prefeitura-de-manaus-promove-acao-de-cidadania-natalina-para-usuarios-atendidos-pelo-centro-pop\/\"},\"author\":{\"name\":\"Adriana Costa\",\"@id\":\"https:\/\/www.manaus.am.gov.br\/semasc\/#\/schema\/person\/4e49f4e267757a06ca072ec61b2b9968\"},\"headline\":\"Prefeitura de Manaus promove a\u00e7\u00e3o de cidadania natalina para usu\u00e1rios atendidos pelo Centro POP\",\"datePublished\":\"2023-12-20T18:31:19+00:00\",\"dateModified\":\"2024-01-10T20:53:28+00:00\",\"mainEntityOfPage\":{\"@id\":\"https:\/\/www.manaus.am.gov.br\/semasc\/prefeitura-de-manaus-promove-acao-de-cidadania-natalina-para-usuarios-atendidos-pelo-centro-pop\/\"},\"wordCount\":491,\"publisher\":{\"@id\":\"https:\/\/www.manaus.am.gov.br\/semasc\/#organization\"},\"image\":{\"@id\":\"https:\/\/www.manaus.am.gov.br\/semasc\/prefeitura-de-manaus-promove-acao-de-cidadania-natalina-para-usuarios-atendidos-pelo-centro-pop\/#primaryimage\"},\"thumbnailUrl\":\"https:\/\/www.manaus.am.gov.br\/semasc\/wp-content\/uploads\/sites\/17\/2023\/12\/WhatsApp-Image-2023-12-20-at-14.12.35-2-1.jpeg\",\"keywords\":[\"a\u00e7\u00e3o de cidadania natalina\",\"centro pop\",\"centro-sul\",\"popula\u00e7\u00e3o vulner\u00e1vel\",\"prefeitura de manaus\",\"Semasc\"],\"articleSection\":[\"Assist\u00eancia Social\"],\"inLanguage\":\"pt-BR\"},{\"@type\":\"WebPage\",\"@id\":\"https:\/\/www.manaus.am.gov.br\/semasc\/prefeitura-de-manaus-promove-acao-de-cidadania-natalina-para-usuarios-atendidos-pelo-centro-pop\/\",\"url\":\"https:\/\/www.manaus.am.gov.br\/semasc\/prefeitura-de-manaus-promove-acao-de-cidadania-natalina-para-usuarios-atendidos-pelo-centro-pop\/\",\"name\":\"Prefeitura de Manaus promove a\u00e7\u00e3o de cidadania natalina para usu\u00e1rios atendidos pelo Centro POP\",\"isPartOf\":{\"@id\":\"https:\/\/www.manaus.am.gov.br\/semasc\/#website\"},\"primaryImageOfPage\":{\"@id\":\"https:\/\/www.manaus.am.gov.br\/semasc\/prefeitura-de-manaus-promove-acao-de-cidadania-natalina-para-usuarios-atendidos-pelo-centro-pop\/#primaryimage\"},\"image\":{\"@id\":\"https:\/\/www.manaus.am.gov.br\/semasc\/prefeitura-de-manaus-promove-acao-de-cidadania-natalina-para-usuarios-atendidos-pelo-centro-pop\/#primaryimage\"},\"thumbnailUrl\":\"https:\/\/www.manaus.am.gov.br\/semasc\/wp-content\/uploads\/sites\/17\/2023\/12\/WhatsApp-Image-2023-12-20-at-14.12.35-2-1.jpeg\",\"datePublished\":\"2023-12-20T18:31:19+00:00\",\"dateModified\":\"2024-01-10T20:53:28+00:00\",\"description\":\"Buscando oferecer atividades que promovam o acesso da popula\u00e7\u00e3o vulner\u00e1vel da capital a direitos b\u00e1sicos, a Prefeitura de Manaus, por meio da Secretaria Municipal da Mulher, Assist\u00eancia Social e Cidadania (Semasc), e o instituto Desafio Jovem Manaus, via o projeto de abordagem social \u201cBra\u00e7os Abertos\u201d, promoveram, nesta quarta-feira, 20\/12, uma a\u00e7\u00e3o de cidadania natalina a usu\u00e1rios atendidos pelo Centro de Refer\u00eancia Especializado para Pessoas em Situa\u00e7\u00e3o de Rua (Centro POP), na zona Centro-Sul.\",\"breadcrumb\":{\"@id\":\"https:\/\/www.manaus.am.gov.br\/semasc\/prefeitura-de-manaus-promove-acao-de-cidadania-natalina-para-usuarios-atendidos-pelo-centro-pop\/#breadcrumb\"},\"inLanguage\":\"pt-BR\",\"potentialAction\":[{\"@type\":\"ReadAction\",\"target\":[\"https:\/\/www.manaus.am.gov.br\/semasc\/prefeitura-de-manaus-promove-acao-de-cidadania-natalina-para-usuarios-atendidos-pelo-centro-pop\/\"]}]},{\"@type\":\"ImageObject\",\"inLanguage\":\"pt-BR\",\"@id\":\"https:\/\/www.manaus.am.gov.br\/semasc\/prefeitura-de-manaus-promove-acao-de-cidadania-natalina-para-usuarios-atendidos-pelo-centro-pop\/#primaryimage\",\"url\":\"https:\/\/www.manaus.am.gov.br\/semasc\/wp-content\/uploads\/sites\/17\/2023\/12\/WhatsApp-Image-2023-12-20-at-14.12.35-2-1.jpeg\",\"contentUrl\":\"https:\/\/www.manaus.am.gov.br\/semasc\/wp-content\/uploads\/sites\/17\/2023\/12\/WhatsApp-Image-2023-12-20-at-14.12.35-2-1.jpeg\",\"width\":2560,\"height\":1706},{\"@type\":\"BreadcrumbList\",\"@id\":\"https:\/\/www.manaus.am.gov.br\/semasc\/prefeitura-de-manaus-promove-acao-de-cidadania-natalina-para-usuarios-atendidos-pelo-centro-pop\/#breadcrumb\",\"itemListElement\":[{\"@type\":\"ListItem\",\"position\":1,\"name\":\"Home\",\"item\":\"https:\/\/www.manaus.am.gov.br\/semasc\/\"},{\"@type\":\"ListItem\",\"position\":2,\"name\":\"Prefeitura de Manaus promove a\u00e7\u00e3o de cidadania natalina para usu\u00e1rios atendidos pelo Centro POP\"}]},{\"@type\":\"WebSite\",\"@id\":\"https:\/\/www.manaus.am.gov.br\/semasc\/#website\",\"url\":\"https:\/\/www.manaus.am.gov.br\/semasc\/\",\"name\":\"SEMASC\",\"description\":\"Secretaria Municipal da Mulher, Assist\u00eancia Social e Cidadania.\",\"publisher\":{\"@id\":\"https:\/\/www.manaus.am.gov.br\/semasc\/#organization\"},\"alternateName\":\"Secretaria Municipal da Mulher, Assist\u00eancia Social e Cidadania\",\"potentialAction\":[{\"@type\":\"SearchAction\",\"target\":{\"@type\":\"EntryPoint\",\"urlTemplate\":\"https:\/\/www.manaus.am.gov.br\/semasc\/?s={search_term_string}\"},\"query-input\":\"required name=search_term_string\"}],\"inLanguage\":\"pt-BR\"},{\"@type\":\"Organization\",\"@id\":\"https:\/\/www.manaus.am.gov.br\/semasc\/#organization\",\"name\":\"Prefeitura de Manaus\",\"alternateName\":\"Prefeitura Municipal de Manaus\",\"url\":\"https:\/\/www.manaus.am.gov.br\/semasc\/\",\"logo\":{\"@type\":\"ImageObject\",\"inLanguage\":\"pt-BR\",\"@id\":\"https:\/\/www.manaus.am.gov.br\/semasc\/#\/schema\/logo\/image\/\",\"url\":\"https:\/\/www.manaus.am.gov.br\/semasc\/wp-content\/uploads\/sites\/17\/2024\/07\/favicon.png\",\"contentUrl\":\"https:\/\/www.manaus.am.gov.br\/semasc\/wp-content\/uploads\/sites\/17\/2024\/07\/favicon.png\",\"width\":300,\"height\":300,\"caption\":\"Prefeitura de Manaus\"},\"image\":{\"@id\":\"https:\/\/www.manaus.am.gov.br\/semasc\/#\/schema\/logo\/image\/\"},\"sameAs\":[\"https:\/\/www.facebook.com\/semascmanaus\",\"https:\/\/www.instagram.com\/semascmanaus\/\"]},{\"@type\":\"Person\",\"@id\":\"https:\/\/www.manaus.am.gov.br\/semasc\/#\/schema\/person\/4e49f4e267757a06ca072ec61b2b9968\",\"name\":\"Adriana Costa\",\"image\":{\"@type\":\"ImageObject\",\"inLanguage\":\"pt-BR\",\"@id\":\"https:\/\/www.manaus.am.gov.br\/semasc\/#\/schema\/person\/image\/\",\"url\":\"https:\/\/secure.gravatar.com\/avatar\/576258617ef7194f718179e766d57bd4?s=96&d=mm&r=g\",\"contentUrl\":\"https:\/\/secure.gravatar.com\/avatar\/576258617ef7194f718179e766d57bd4?s=96&d=mm&r=g\",\"caption\":\"Adriana Costa\"}}]}<\/script>\n<!-- \/ Yoast SEO plugin. -->","yoast_head_json":{"title":"Prefeitura de Manaus promove a\u00e7\u00e3o de cidadania natalina para usu\u00e1rios atendidos pelo Centro POP","description":"Buscando oferecer atividades que promovam o acesso da popula\u00e7\u00e3o vulner\u00e1vel da capital a direitos b\u00e1sicos, a Prefeitura de Manaus, por meio da Secretaria Municipal da Mulher, Assist\u00eancia Social e Cidadania (Semasc), e o instituto Desafio Jovem Manaus, via o projeto de abordagem social \u201cBra\u00e7os Abertos\u201d, promoveram, nesta quarta-feira, 20\/12, uma a\u00e7\u00e3o de cidadania natalina a usu\u00e1rios atendidos pelo Centro de Refer\u00eancia Especializado para Pessoas em Situa\u00e7\u00e3o de Rua (Centro POP), na zona Centro-Sul.","robots":{"index":"noindex","follow":"follow"},"og_locale":"pt_BR","og_type":"article","og_title":"Prefeitura de Manaus promove a\u00e7\u00e3o de cidadania natalina para usu\u00e1rios atendidos pelo Centro POP","og_description":"Buscando oferecer atividades que promovam o acesso da popula\u00e7\u00e3o vulner\u00e1vel da capital a direitos b\u00e1sicos, a Prefeitura de Manaus, por meio da Secretaria Municipal da Mulher, Assist\u00eancia Social e Cidadania (Semasc), e o instituto Desafio Jovem Manaus, via o projeto de abordagem social \u201cBra\u00e7os Abertos\u201d, promoveram, nesta quarta-feira, 20\/12, uma a\u00e7\u00e3o de cidadania natalina a usu\u00e1rios atendidos pelo Centro de Refer\u00eancia Especializado para Pessoas em Situa\u00e7\u00e3o de Rua (Centro POP), na zona Centro-Sul.","og_url":"https:\/\/www.manaus.am.gov.br\/semasc\/prefeitura-de-manaus-promove-acao-de-cidadania-natalina-para-usuarios-atendidos-pelo-centro-pop\/","og_site_name":"SEMASC","article_publisher":"https:\/\/www.facebook.com\/semascmanaus","article_published_time":"2023-12-20T18:31:19+00:00","article_modified_time":"2024-01-10T20:53:28+00:00","og_image":[{"width":2560,"height":1706,"url":"https:\/\/www.manaus.am.gov.br\/semasc\/wp-content\/uploads\/sites\/17\/2023\/12\/WhatsApp-Image-2023-12-20-at-14.12.35-2-1.jpeg","type":"image\/jpeg"}],"author":"Adriana Costa","twitter_card":"summary_large_image","twitter_misc":{"Written by":"Adriana Costa","Est. reading time":"3 minutos"},"schema":{"@context":"https:\/\/schema.org","@graph":[{"@type":"Article","@id":"https:\/\/www.manaus.am.gov.br\/semasc\/prefeitura-de-manaus-promove-acao-de-cidadania-natalina-para-usuarios-atendidos-pelo-centro-pop\/#article","isPartOf":{"@id":"https:\/\/www.manaus.am.gov.br\/semasc\/prefeitura-de-manaus-promove-acao-de-cidadania-natalina-para-usuarios-atendidos-pelo-centro-pop\/"},"author":{"name":"Adriana Costa","@id":"https:\/\/www.manaus.am.gov.br\/semasc\/#\/schema\/person\/4e49f4e267757a06ca072ec61b2b9968"},"headline":"Prefeitura de Manaus promove a\u00e7\u00e3o de cidadania natalina para usu\u00e1rios atendidos pelo Centro POP","datePublished":"2023-12-20T18:31:19+00:00","dateModified":"2024-01-10T20:53:28+00:00","mainEntityOfPage":{"@id":"https:\/\/www.manaus.am.gov.br\/semasc\/prefeitura-de-manaus-promove-acao-de-cidadania-natalina-para-usuarios-atendidos-pelo-centro-pop\/"},"wordCount":491,"publisher":{"@id":"https:\/\/www.manaus.am.gov.br\/semasc\/#organization"},"image":{"@id":"https:\/\/www.manaus.am.gov.br\/semasc\/prefeitura-de-manaus-promove-acao-de-cidadania-natalina-para-usuarios-atendidos-pelo-centro-pop\/#primaryimage"},"thumbnailUrl":"https:\/\/www.manaus.am.gov.br\/semasc\/wp-content\/uploads\/sites\/17\/2023\/12\/WhatsApp-Image-2023-12-20-at-14.12.35-2-1.jpeg","keywords":["a\u00e7\u00e3o de cidadania natalina","centro pop","centro-sul","popula\u00e7\u00e3o vulner\u00e1vel","prefeitura de manaus","Semasc"],"articleSection":["Assist\u00eancia Social"],"inLanguage":"pt-BR"},{"@type":"WebPage","@id":"https:\/\/www.manaus.am.gov.br\/semasc\/prefeitura-de-manaus-promove-acao-de-cidadania-natalina-para-usuarios-atendidos-pelo-centro-pop\/","url":"https:\/\/www.manaus.am.gov.br\/semasc\/prefeitura-de-manaus-promove-acao-de-cidadania-natalina-para-usuarios-atendidos-pelo-centro-pop\/","name":"Prefeitura de Manaus promove a\u00e7\u00e3o de cidadania natalina para usu\u00e1rios atendidos pelo Centro POP","isPartOf":{"@id":"https:\/\/www.manaus.am.gov.br\/semasc\/#website"},"primaryImageOfPage":{"@id":"https:\/\/www.manaus.am.gov.br\/semasc\/prefeitura-de-manaus-promove-acao-de-cidadania-natalina-para-usuarios-atendidos-pelo-centro-pop\/#primaryimage"},"image":{"@id":"https:\/\/www.manaus.am.gov.br\/semasc\/prefeitura-de-manaus-promove-acao-de-cidadania-natalina-para-usuarios-atendidos-pelo-centro-pop\/#primaryimage"},"thumbnailUrl":"https:\/\/www.manaus.am.gov.br\/semasc\/wp-content\/uploads\/sites\/17\/2023\/12\/WhatsApp-Image-2023-12-20-at-14.12.35-2-1.jpeg","datePublished":"2023-12-20T18:31:19+00:00","dateModified":"2024-01-10T20:53:28+00:00","description":"Buscando oferecer atividades que promovam o acesso da popula\u00e7\u00e3o vulner\u00e1vel da capital a direitos b\u00e1sicos, a Prefeitura de Manaus, por meio da Secretaria Municipal da Mulher, Assist\u00eancia Social e Cidadania (Semasc), e o instituto Desafio Jovem Manaus, via o projeto de abordagem social \u201cBra\u00e7os Abertos\u201d, promoveram, nesta quarta-feira, 20\/12, uma a\u00e7\u00e3o de cidadania natalina a usu\u00e1rios atendidos pelo Centro de Refer\u00eancia Especializado para Pessoas em Situa\u00e7\u00e3o de Rua (Centro POP), na zona Centro-Sul.","breadcrumb":{"@id":"https:\/\/www.manaus.am.gov.br\/semasc\/prefeitura-de-manaus-promove-acao-de-cidadania-natalina-para-usuarios-atendidos-pelo-centro-pop\/#breadcrumb"},"inLanguage":"pt-BR","potentialAction":[{"@type":"ReadAction","target":["https:\/\/www.manaus.am.gov.br\/semasc\/prefeitura-de-manaus-promove-acao-de-cidadania-natalina-para-usuarios-atendidos-pelo-centro-pop\/"]}]},{"@type":"ImageObject","inLanguage":"pt-BR","@id":"https:\/\/www.manaus.am.gov.br\/semasc\/prefeitura-de-manaus-promove-acao-de-cidadania-natalina-para-usuarios-atendidos-pelo-centro-pop\/#primaryimage","url":"https:\/\/www.manaus.am.gov.br\/semasc\/wp-content\/uploads\/sites\/17\/2023\/12\/WhatsApp-Image-2023-12-20-at-14.12.35-2-1.jpeg","contentUrl":"https:\/\/www.manaus.am.gov.br\/semasc\/wp-content\/uploads\/sites\/17\/2023\/12\/WhatsApp-Image-2023-12-20-at-14.12.35-2-1.jpeg","width":2560,"height":1706},{"@type":"BreadcrumbList","@id":"https:\/\/www.manaus.am.gov.br\/semasc\/prefeitura-de-manaus-promove-acao-de-cidadania-natalina-para-usuarios-atendidos-pelo-centro-pop\/#breadcrumb","itemListElement":[{"@type":"ListItem","position":1,"name":"Home","item":"https:\/\/www.manaus.am.gov.br\/semasc\/"},{"@type":"ListItem","position":2,"name":"Prefeitura de Manaus promove a\u00e7\u00e3o de cidadania natalina para usu\u00e1rios atendidos pelo Centro POP"}]},{"@type":"WebSite","@id":"https:\/\/www.manaus.am.gov.br\/semasc\/#website","url":"https:\/\/www.manaus.am.gov.br\/semasc\/","name":"SEMASC","description":"Secretaria Municipal da Mulher, Assist\u00eancia Social e Cidadania.","publisher":{"@id":"https:\/\/www.manaus.am.gov.br\/semasc\/#organization"},"alternateName":"Secretaria Municipal da Mulher, Assist\u00eancia Social e Cidadania","potentialAction":[{"@type":"SearchAction","target":{"@type":"EntryPoint","urlTemplate":"https:\/\/www.manaus.am.gov.br\/semasc\/?s={search_term_string}"},"query-input":"required name=search_term_string"}],"inLanguage":"pt-BR"},{"@type":"Organization","@id":"https:\/\/www.manaus.am.gov.br\/semasc\/#organization","name":"Prefeitura de Manaus","alternateName":"Prefeitura Municipal de Manaus","url":"https:\/\/www.manaus.am.gov.br\/semasc\/","logo":{"@type":"ImageObject","inLanguage":"pt-BR","@id":"https:\/\/www.manaus.am.gov.br\/semasc\/#\/schema\/logo\/image\/","url":"https:\/\/www.manaus.am.gov.br\/semasc\/wp-content\/uploads\/sites\/17\/2024\/07\/favicon.png","contentUrl":"https:\/\/www.manaus.am.gov.br\/semasc\/wp-content\/uploads\/sites\/17\/2024\/07\/favicon.png","width":300,"height":300,"caption":"Prefeitura de Manaus"},"image":{"@id":"https:\/\/www.manaus.am.gov.br\/semasc\/#\/schema\/logo\/image\/"},"sameAs":["https:\/\/www.facebook.com\/semascmanaus","https:\/\/www.instagram.com\/semascmanaus\/"]},{"@type":"Person","@id":"https:\/\/www.manaus.am.gov.br\/semasc\/#\/schema\/person\/4e49f4e267757a06ca072ec61b2b9968","name":"Adriana Costa","image":{"@type":"ImageObject","inLanguage":"pt-BR","@id":"https:\/\/www.manaus.am.gov.br\/semasc\/#\/schema\/person\/image\/","url":"https:\/\/secure.gravatar.com\/avatar\/576258617ef7194f718179e766d57bd4?s=96&d=mm&r=g","contentUrl":"https:\/\/secure.gravatar.com\/avatar\/576258617ef7194f718179e766d57bd4?s=96&d=mm&r=g","caption":"Adriana Costa"}}]}},"_links":{"self":[{"href":"https:\/\/www.manaus.am.gov.br\/semasc\/wp-json\/wp\/v2\/posts\/209625"}],"collection":[{"href":"https:\/\/www.manaus.am.gov.br\/semasc\/wp-json\/wp\/v2\/posts"}],"about":[{"href":"https:\/\/www.manaus.am.gov.br\/semasc\/wp-json\/wp\/v2\/types\/post"}],"author":[{"embeddable":true,"href":"https:\/\/www.manaus.am.gov.br\/semasc\/wp-json\/wp\/v2\/users\/23"}],"replies":[{"embeddable":true,"href":"https:\/\/www.manaus.am.gov.br\/semasc\/wp-json\/wp\/v2\/comments?post=209625"}],"version-history":[{"count":1,"href":"https:\/\/www.manaus.am.gov.br\/semasc\/wp-json\/wp\/v2\/posts\/209625\/revisions"}],"predecessor-version":[{"id":209632,"href":"https:\/\/www.manaus.am.gov.br\/semasc\/wp-json\/wp\/v2\/posts\/209625\/revisions\/209632"}],"wp:featuredmedia":[{"embeddable":true,"href":"https:\/\/www.manaus.am.gov.br\/semasc\/wp-json\/wp\/v2\/media\/209626"}],"wp:attachment":[{"href":"https:\/\/www.manaus.am.gov.br\/semasc\/wp-json\/wp\/v2\/media?parent=209625"}],"wp:term":[{"taxonomy":"category","embeddable":true,"href":"https:\/\/www.manaus.am.gov.br\/semasc\/wp-json\/wp\/v2\/categories?post=209625"},{"taxonomy":"post_tag","embeddable":true,"href":"https:\/\/www.manaus.am.gov.br\/semasc\/wp-json\/wp\/v2\/tags?post=209625"}],"curies":[{"name":"wp","href":"https:\/\/api.w.org\/{rel}","templated":true}]}}