{"id":209558,"date":"2023-12-15T20:39:19","date_gmt":"2023-12-16T00:39:19","guid":{"rendered":"https:\/\/www.manaus.am.gov.br\/semasc\/manaus-recebe-representantes-do-ministerio-dos-direitos-humanos-e-cidadania-para-avaliar-e-discutir-politicas-publicas\/"},"modified":"2024-01-03T13:28:55","modified_gmt":"2024-01-03T17:28:55","slug":"manaus-recebe-representantes-do-ministerio-dos-direitos-humanos-e-cidadania-para-avaliar-e-discutir-politicas-publicas","status":"publish","type":"post","link":"https:\/\/www.manaus.am.gov.br\/semasc\/manaus-recebe-representantes-do-ministerio-dos-direitos-humanos-e-cidadania-para-avaliar-e-discutir-politicas-publicas\/","title":{"rendered":"Manaus recebe representantes do Minist\u00e9rio dos Direitos Humanos e Cidadania para avaliar e discutir pol\u00edticas p\u00fablicas\u00a0"},"content":{"rendered":"\n<p>A equipe t\u00e9cnica do Minist\u00e9rio dos Direitos Humanos e Cidadania (MDHC) cumpriu, nesta sexta-feira, 15\/12, o segundo e \u00faltimo dia de visita institucional para avaliar a execu\u00e7\u00e3o de pol\u00edticas p\u00fablicas voltadas para o atendimento da popula\u00e7\u00e3o em situa\u00e7\u00e3o de extrema vulnerabilidade social pela Prefeitura de Manaus. O grupo teve o acompanhamento da Secretaria Municipal da Mulher, Assist\u00eancia Social e Cidadania (Semasc). Pela manh\u00e3, estiveram no mutir\u00e3o de cidadania promovido pela secretaria para a oferta de servi\u00e7os p\u00fablicos gratuitos a fam\u00edlias em situa\u00e7\u00e3o de vulnerabilidade social nos bairros Col\u00f4nia Oliveira Machado e Educandos, na zona Sul.<\/p>\n\n\n\n<p>O titular da Semasc, Eduardo Lucas, classificou como oportuna a vinda da equipe do MDHC a Manaus. \u201cO Brasil vem enfrentando, principalmente ap\u00f3s o per\u00edodo pand\u00eamico, um aumento preocupante no n\u00famero de pessoas em situa\u00e7\u00e3o de extrema vulnerabilidade, em especial, pessoas em situa\u00e7\u00e3o de rua. Em Manaus, infelizmente, n\u00e3o \u00e9 diferente\u201d, destacou Lucas, complementando que \u201cpor isso \u00e9 t\u00e3o importante para n\u00f3s, contarmos com a presen\u00e7a de representantes do Governo Federal nessas atividades e no debate acerca das pol\u00edticas p\u00fablicas desenvolvidas pela gest\u00e3o municipal no atendimento cont\u00ednuo desses grupos populacionais\u201d, explicou o secret\u00e1rio.<\/p>\n\n\n\n<p>Durante a a\u00e7\u00e3o social realizada pela manh\u00e3 na quadra de esportes da Par\u00f3quia S\u00e3o Francisco das Chagas, no bairro Col\u00f4nia Oliveira Machado, foram ofertados \u00e0 popula\u00e7\u00e3o, em parceria com secretarias e entidades municipais, estaduais e organiza\u00e7\u00f5es da sociedade civil, servi\u00e7os de inser\u00e7\u00e3o e atualiza\u00e7\u00e3o do Cadastro \u00danico, emiss\u00e3o de documenta\u00e7\u00e3o b\u00e1sica e carteira de trabalho, regulariza\u00e7\u00e3o do T\u00edtulo de Eleitor, entre outros, com mais de mil pessoas tendo sido atendidas.&nbsp;<\/p>\n\n\n\n<p>O cronograma de atividades foi encerrado pela parte da tarde, com a realiza\u00e7\u00e3o de um encontro entre o governo federal, secretarias municipais e Organiza\u00e7\u00f5es da Sociedade Civil, na Assembleia Legislativa do Estado do Amazonas (Aleam), na zona Centro-Sul.&nbsp;O debate envolveu, ainda, todas as secretarias do munic\u00edpio, conselhos municipais, ag\u00eancias da Organiza\u00e7\u00e3o das Na\u00e7\u00f5es Unidas (ONU) e Organiza\u00e7\u00f5es da Sociedade Civil atuantes na execu\u00e7\u00e3o de pol\u00edticas p\u00fablicas e oferta de servi\u00e7os voltados para a promo\u00e7\u00e3o e defesa de direitos de grupos socialmente vulner\u00e1veis no munic\u00edpio de Manaus.&nbsp;<\/p>\n\n\n\n<p>Representando o ministro S\u00edlvio Almeida na visita, o diretor de Promo\u00e7\u00e3o dos Direitos Humanos da Secretaria Nacional de Promo\u00e7\u00e3o e Defesa dos Direitos Humanos, Alex Vargem, destacou a import\u00e2ncia da colabora\u00e7\u00e3o cont\u00ednua entre o governo federal e o poder p\u00fablico manauara na qualifica\u00e7\u00e3o do trabalho realizado no atendimento \u00e0 popula\u00e7\u00e3o carente da capital.&nbsp;<\/p>\n\n\n\n<p>\u201cO debate intersetorial e aprofundado acerca da realidade vivida pela cidade de Manaus e outras capitais do Brasil, bem como as a\u00e7\u00f5es de cidadania promovidas periodicamente pelo poder p\u00fablico local, s\u00e3o de suma import\u00e2ncia para o fortalecimento da cidadania e da garantia de direitos no munic\u00edpio. \u00c9 fundamental que pensemos formas de ampliar a acessibilidade a esses servi\u00e7os, principalmente no que diz respeito \u00e0 emiss\u00e3o de documenta\u00e7\u00e3o b\u00e1sica e os altos \u00edndices de sub-registro civil identificados na regi\u00e3o, e o encontro de hoje vem justamente para que esse di\u00e1logo seja poss\u00edvel\u201d, destacou.&nbsp;<\/p>\n\n\n\n<p>Presidente do&nbsp;Comit\u00ea Intersetorial e Monitoramento da Pol\u00edtica Municipal para a Popula\u00e7\u00e3o em Situa\u00e7\u00e3o de Rua (Ciamp), entidade convidada a participar do encontro com a equipe ministerial, Gra\u00e7a Prola caracterizou o momento como uma oportunidade \u00edmpar para a apresenta\u00e7\u00e3o das principais demandas da Rede de Prote\u00e7\u00e3o Social manauara e os principais avan\u00e7os realizados ao longo do ano.&nbsp;<\/p>\n\n\n\n<p>\u201c\u00c9 um encontro que serviu para dar voz aos trabalhadores que militam pela causa da defesa dos Direitos Humanos na cidade de Manaus. Hoje, foi poss\u00edvel apresentarmos ao minist\u00e9rio os principais aspectos sociais do munic\u00edpio, nossas principais demandas, os maiores desafios enfrentados em nosso cotidiano e ainda destacar os principais avan\u00e7os e vit\u00f3rias\u201d, afirmou Prola, tamb\u00e9m subsecret\u00e1ria de Pol\u00edticas Afirmativas para Mulheres e Direitos Humanos.&nbsp;<\/p>\n\n\n\n<p>&#8212; &#8212; &#8212;<\/p>\n\n\n\n<p><strong>Texto:&nbsp;<\/strong>Guilherme Pacheco \/ Semasc&nbsp;<\/p>\n\n\n\n<p><strong>Fotos:&nbsp;<\/strong>&nbsp;Cl\u00f3vis Miranda e Jo\u00e3o Viana \/ Semcom&nbsp;<\/p>\n","protected":false},"excerpt":{"rendered":"","protected":false},"author":61,"featured_media":209559,"comment_status":"closed","ping_status":"closed","sticky":false,"template":"","format":"standard","meta":{"footnotes":""},"categories":[195],"tags":[798,805,7,18],"acf":[],"yoast_head":"<!-- This site is optimized with the Yoast SEO plugin v23.0 - https:\/\/yoast.com\/wordpress\/plugins\/seo\/ -->\n<title>Representantes do MDHC discutem pol\u00edticas p\u00fablicas em Manaus<\/title>\n<meta name=\"description\" content=\"A equipe t\u00e9cnica do MDHC cumpriu, nesta sexta-feira, 15\/12, o segundo e \u00faltimo dia de visita institucional a Manaus.\" \/>\n<meta name=\"robots\" content=\"noindex, follow\" \/>\n<meta property=\"og:locale\" content=\"pt_BR\" \/>\n<meta property=\"og:type\" content=\"article\" \/>\n<meta property=\"og:title\" content=\"Representantes do MDHC discutem pol\u00edticas p\u00fablicas em Manaus\" \/>\n<meta property=\"og:description\" content=\"A equipe t\u00e9cnica do MDHC cumpriu, nesta sexta-feira, 15\/12, o segundo e \u00faltimo dia de visita institucional a Manaus.\" \/>\n<meta property=\"og:url\" content=\"https:\/\/www.manaus.am.gov.br\/semasc\/manaus-recebe-representantes-do-ministerio-dos-direitos-humanos-e-cidadania-para-avaliar-e-discutir-politicas-publicas\/\" \/>\n<meta property=\"og:site_name\" content=\"SEMASC\" \/>\n<meta property=\"article:publisher\" content=\"https:\/\/www.facebook.com\/semascmanaus\" \/>\n<meta property=\"article:published_time\" content=\"2023-12-16T00:39:19+00:00\" \/>\n<meta property=\"article:modified_time\" content=\"2024-01-03T17:28:55+00:00\" \/>\n<meta property=\"og:image\" content=\"https:\/\/www.manaus.am.gov.br\/semasc\/wp-content\/uploads\/sites\/17\/2023\/12\/Visita-MDCH-1.jpg\" \/>\n\t<meta property=\"og:image:width\" content=\"799\" \/>\n\t<meta property=\"og:image:height\" content=\"533\" \/>\n\t<meta property=\"og:image:type\" content=\"image\/jpeg\" \/>\n<meta name=\"author\" content=\"smonteiro\" \/>\n<meta name=\"twitter:card\" content=\"summary_large_image\" \/>\n<meta name=\"twitter:label1\" content=\"Written by\" \/>\n\t<meta name=\"twitter:data1\" content=\"smonteiro\" \/>\n\t<meta name=\"twitter:label2\" content=\"Est. reading time\" \/>\n\t<meta name=\"twitter:data2\" content=\"4 minutos\" \/>\n<script type=\"application\/ld+json\" class=\"yoast-schema-graph\">{\"@context\":\"https:\/\/schema.org\",\"@graph\":[{\"@type\":\"Article\",\"@id\":\"https:\/\/www.manaus.am.gov.br\/semasc\/manaus-recebe-representantes-do-ministerio-dos-direitos-humanos-e-cidadania-para-avaliar-e-discutir-politicas-publicas\/#article\",\"isPartOf\":{\"@id\":\"https:\/\/www.manaus.am.gov.br\/semasc\/manaus-recebe-representantes-do-ministerio-dos-direitos-humanos-e-cidadania-para-avaliar-e-discutir-politicas-publicas\/\"},\"author\":{\"name\":\"smonteiro\",\"@id\":\"https:\/\/www.manaus.am.gov.br\/semasc\/#\/schema\/person\/ab4dcf766a54dff74e8d267f5c591961\"},\"headline\":\"Manaus recebe representantes do Minist\u00e9rio dos Direitos Humanos e Cidadania para avaliar e discutir pol\u00edticas p\u00fablicas\u00a0\",\"datePublished\":\"2023-12-16T00:39:19+00:00\",\"dateModified\":\"2024-01-03T17:28:55+00:00\",\"mainEntityOfPage\":{\"@id\":\"https:\/\/www.manaus.am.gov.br\/semasc\/manaus-recebe-representantes-do-ministerio-dos-direitos-humanos-e-cidadania-para-avaliar-e-discutir-politicas-publicas\/\"},\"wordCount\":745,\"publisher\":{\"@id\":\"https:\/\/www.manaus.am.gov.br\/semasc\/#organization\"},\"image\":{\"@id\":\"https:\/\/www.manaus.am.gov.br\/semasc\/manaus-recebe-representantes-do-ministerio-dos-direitos-humanos-e-cidadania-para-avaliar-e-discutir-politicas-publicas\/#primaryimage\"},\"thumbnailUrl\":\"https:\/\/www.manaus.am.gov.br\/semasc\/wp-content\/uploads\/sites\/17\/2023\/12\/Visita-MDCH-1.jpg\",\"keywords\":[\"Migrantes\",\"Pol\u00edticas P\u00fablicas\",\"prefeitura de manaus\",\"Semasc\"],\"articleSection\":[\"Pol\u00edticas P\u00fablicas\"],\"inLanguage\":\"pt-BR\"},{\"@type\":\"WebPage\",\"@id\":\"https:\/\/www.manaus.am.gov.br\/semasc\/manaus-recebe-representantes-do-ministerio-dos-direitos-humanos-e-cidadania-para-avaliar-e-discutir-politicas-publicas\/\",\"url\":\"https:\/\/www.manaus.am.gov.br\/semasc\/manaus-recebe-representantes-do-ministerio-dos-direitos-humanos-e-cidadania-para-avaliar-e-discutir-politicas-publicas\/\",\"name\":\"Representantes do MDHC discutem pol\u00edticas p\u00fablicas em Manaus\",\"isPartOf\":{\"@id\":\"https:\/\/www.manaus.am.gov.br\/semasc\/#website\"},\"primaryImageOfPage\":{\"@id\":\"https:\/\/www.manaus.am.gov.br\/semasc\/manaus-recebe-representantes-do-ministerio-dos-direitos-humanos-e-cidadania-para-avaliar-e-discutir-politicas-publicas\/#primaryimage\"},\"image\":{\"@id\":\"https:\/\/www.manaus.am.gov.br\/semasc\/manaus-recebe-representantes-do-ministerio-dos-direitos-humanos-e-cidadania-para-avaliar-e-discutir-politicas-publicas\/#primaryimage\"},\"thumbnailUrl\":\"https:\/\/www.manaus.am.gov.br\/semasc\/wp-content\/uploads\/sites\/17\/2023\/12\/Visita-MDCH-1.jpg\",\"datePublished\":\"2023-12-16T00:39:19+00:00\",\"dateModified\":\"2024-01-03T17:28:55+00:00\",\"description\":\"A equipe t\u00e9cnica do MDHC cumpriu, nesta sexta-feira, 15\/12, o segundo e \u00faltimo dia de visita institucional a Manaus.\",\"breadcrumb\":{\"@id\":\"https:\/\/www.manaus.am.gov.br\/semasc\/manaus-recebe-representantes-do-ministerio-dos-direitos-humanos-e-cidadania-para-avaliar-e-discutir-politicas-publicas\/#breadcrumb\"},\"inLanguage\":\"pt-BR\",\"potentialAction\":[{\"@type\":\"ReadAction\",\"target\":[\"https:\/\/www.manaus.am.gov.br\/semasc\/manaus-recebe-representantes-do-ministerio-dos-direitos-humanos-e-cidadania-para-avaliar-e-discutir-politicas-publicas\/\"]}]},{\"@type\":\"ImageObject\",\"inLanguage\":\"pt-BR\",\"@id\":\"https:\/\/www.manaus.am.gov.br\/semasc\/manaus-recebe-representantes-do-ministerio-dos-direitos-humanos-e-cidadania-para-avaliar-e-discutir-politicas-publicas\/#primaryimage\",\"url\":\"https:\/\/www.manaus.am.gov.br\/semasc\/wp-content\/uploads\/sites\/17\/2023\/12\/Visita-MDCH-1.jpg\",\"contentUrl\":\"https:\/\/www.manaus.am.gov.br\/semasc\/wp-content\/uploads\/sites\/17\/2023\/12\/Visita-MDCH-1.jpg\",\"width\":799,\"height\":533},{\"@type\":\"BreadcrumbList\",\"@id\":\"https:\/\/www.manaus.am.gov.br\/semasc\/manaus-recebe-representantes-do-ministerio-dos-direitos-humanos-e-cidadania-para-avaliar-e-discutir-politicas-publicas\/#breadcrumb\",\"itemListElement\":[{\"@type\":\"ListItem\",\"position\":1,\"name\":\"Home\",\"item\":\"https:\/\/www.manaus.am.gov.br\/semasc\/\"},{\"@type\":\"ListItem\",\"position\":2,\"name\":\"Manaus recebe representantes do Minist\u00e9rio dos Direitos Humanos e Cidadania para avaliar e discutir pol\u00edticas p\u00fablicas\u00a0\"}]},{\"@type\":\"WebSite\",\"@id\":\"https:\/\/www.manaus.am.gov.br\/semasc\/#website\",\"url\":\"https:\/\/www.manaus.am.gov.br\/semasc\/\",\"name\":\"SEMASC\",\"description\":\"Secretaria Municipal da Mulher, Assist\u00eancia Social e Cidadania.\",\"publisher\":{\"@id\":\"https:\/\/www.manaus.am.gov.br\/semasc\/#organization\"},\"alternateName\":\"Secretaria Municipal da Mulher, Assist\u00eancia Social e Cidadania\",\"potentialAction\":[{\"@type\":\"SearchAction\",\"target\":{\"@type\":\"EntryPoint\",\"urlTemplate\":\"https:\/\/www.manaus.am.gov.br\/semasc\/?s={search_term_string}\"},\"query-input\":\"required name=search_term_string\"}],\"inLanguage\":\"pt-BR\"},{\"@type\":\"Organization\",\"@id\":\"https:\/\/www.manaus.am.gov.br\/semasc\/#organization\",\"name\":\"Prefeitura de Manaus\",\"alternateName\":\"Prefeitura Municipal de Manaus\",\"url\":\"https:\/\/www.manaus.am.gov.br\/semasc\/\",\"logo\":{\"@type\":\"ImageObject\",\"inLanguage\":\"pt-BR\",\"@id\":\"https:\/\/www.manaus.am.gov.br\/semasc\/#\/schema\/logo\/image\/\",\"url\":\"https:\/\/www.manaus.am.gov.br\/semasc\/wp-content\/uploads\/sites\/17\/2024\/07\/favicon.png\",\"contentUrl\":\"https:\/\/www.manaus.am.gov.br\/semasc\/wp-content\/uploads\/sites\/17\/2024\/07\/favicon.png\",\"width\":300,\"height\":300,\"caption\":\"Prefeitura de Manaus\"},\"image\":{\"@id\":\"https:\/\/www.manaus.am.gov.br\/semasc\/#\/schema\/logo\/image\/\"},\"sameAs\":[\"https:\/\/www.facebook.com\/semascmanaus\",\"https:\/\/www.instagram.com\/semascmanaus\/\"]},{\"@type\":\"Person\",\"@id\":\"https:\/\/www.manaus.am.gov.br\/semasc\/#\/schema\/person\/ab4dcf766a54dff74e8d267f5c591961\",\"name\":\"smonteiro\",\"image\":{\"@type\":\"ImageObject\",\"inLanguage\":\"pt-BR\",\"@id\":\"https:\/\/www.manaus.am.gov.br\/semasc\/#\/schema\/person\/image\/\",\"url\":\"https:\/\/secure.gravatar.com\/avatar\/21c8776ef61d9272c73322052e042d77?s=96&d=mm&r=g\",\"contentUrl\":\"https:\/\/secure.gravatar.com\/avatar\/21c8776ef61d9272c73322052e042d77?s=96&d=mm&r=g\",\"caption\":\"smonteiro\"}}]}<\/script>\n<!-- \/ Yoast SEO plugin. -->","yoast_head_json":{"title":"Representantes do MDHC discutem pol\u00edticas p\u00fablicas em Manaus","description":"A equipe t\u00e9cnica do MDHC cumpriu, nesta sexta-feira, 15\/12, o segundo e \u00faltimo dia de visita institucional a Manaus.","robots":{"index":"noindex","follow":"follow"},"og_locale":"pt_BR","og_type":"article","og_title":"Representantes do MDHC discutem pol\u00edticas p\u00fablicas em Manaus","og_description":"A equipe t\u00e9cnica do MDHC cumpriu, nesta sexta-feira, 15\/12, o segundo e \u00faltimo dia de visita institucional a Manaus.","og_url":"https:\/\/www.manaus.am.gov.br\/semasc\/manaus-recebe-representantes-do-ministerio-dos-direitos-humanos-e-cidadania-para-avaliar-e-discutir-politicas-publicas\/","og_site_name":"SEMASC","article_publisher":"https:\/\/www.facebook.com\/semascmanaus","article_published_time":"2023-12-16T00:39:19+00:00","article_modified_time":"2024-01-03T17:28:55+00:00","og_image":[{"width":799,"height":533,"url":"https:\/\/www.manaus.am.gov.br\/semasc\/wp-content\/uploads\/sites\/17\/2023\/12\/Visita-MDCH-1.jpg","type":"image\/jpeg"}],"author":"smonteiro","twitter_card":"summary_large_image","twitter_misc":{"Written by":"smonteiro","Est. reading time":"4 minutos"},"schema":{"@context":"https:\/\/schema.org","@graph":[{"@type":"Article","@id":"https:\/\/www.manaus.am.gov.br\/semasc\/manaus-recebe-representantes-do-ministerio-dos-direitos-humanos-e-cidadania-para-avaliar-e-discutir-politicas-publicas\/#article","isPartOf":{"@id":"https:\/\/www.manaus.am.gov.br\/semasc\/manaus-recebe-representantes-do-ministerio-dos-direitos-humanos-e-cidadania-para-avaliar-e-discutir-politicas-publicas\/"},"author":{"name":"smonteiro","@id":"https:\/\/www.manaus.am.gov.br\/semasc\/#\/schema\/person\/ab4dcf766a54dff74e8d267f5c591961"},"headline":"Manaus recebe representantes do Minist\u00e9rio dos Direitos Humanos e Cidadania para avaliar e discutir pol\u00edticas p\u00fablicas\u00a0","datePublished":"2023-12-16T00:39:19+00:00","dateModified":"2024-01-03T17:28:55+00:00","mainEntityOfPage":{"@id":"https:\/\/www.manaus.am.gov.br\/semasc\/manaus-recebe-representantes-do-ministerio-dos-direitos-humanos-e-cidadania-para-avaliar-e-discutir-politicas-publicas\/"},"wordCount":745,"publisher":{"@id":"https:\/\/www.manaus.am.gov.br\/semasc\/#organization"},"image":{"@id":"https:\/\/www.manaus.am.gov.br\/semasc\/manaus-recebe-representantes-do-ministerio-dos-direitos-humanos-e-cidadania-para-avaliar-e-discutir-politicas-publicas\/#primaryimage"},"thumbnailUrl":"https:\/\/www.manaus.am.gov.br\/semasc\/wp-content\/uploads\/sites\/17\/2023\/12\/Visita-MDCH-1.jpg","keywords":["Migrantes","Pol\u00edticas P\u00fablicas","prefeitura de manaus","Semasc"],"articleSection":["Pol\u00edticas P\u00fablicas"],"inLanguage":"pt-BR"},{"@type":"WebPage","@id":"https:\/\/www.manaus.am.gov.br\/semasc\/manaus-recebe-representantes-do-ministerio-dos-direitos-humanos-e-cidadania-para-avaliar-e-discutir-politicas-publicas\/","url":"https:\/\/www.manaus.am.gov.br\/semasc\/manaus-recebe-representantes-do-ministerio-dos-direitos-humanos-e-cidadania-para-avaliar-e-discutir-politicas-publicas\/","name":"Representantes do MDHC discutem pol\u00edticas p\u00fablicas em Manaus","isPartOf":{"@id":"https:\/\/www.manaus.am.gov.br\/semasc\/#website"},"primaryImageOfPage":{"@id":"https:\/\/www.manaus.am.gov.br\/semasc\/manaus-recebe-representantes-do-ministerio-dos-direitos-humanos-e-cidadania-para-avaliar-e-discutir-politicas-publicas\/#primaryimage"},"image":{"@id":"https:\/\/www.manaus.am.gov.br\/semasc\/manaus-recebe-representantes-do-ministerio-dos-direitos-humanos-e-cidadania-para-avaliar-e-discutir-politicas-publicas\/#primaryimage"},"thumbnailUrl":"https:\/\/www.manaus.am.gov.br\/semasc\/wp-content\/uploads\/sites\/17\/2023\/12\/Visita-MDCH-1.jpg","datePublished":"2023-12-16T00:39:19+00:00","dateModified":"2024-01-03T17:28:55+00:00","description":"A equipe t\u00e9cnica do MDHC cumpriu, nesta sexta-feira, 15\/12, o segundo e \u00faltimo dia de visita institucional a Manaus.","breadcrumb":{"@id":"https:\/\/www.manaus.am.gov.br\/semasc\/manaus-recebe-representantes-do-ministerio-dos-direitos-humanos-e-cidadania-para-avaliar-e-discutir-politicas-publicas\/#breadcrumb"},"inLanguage":"pt-BR","potentialAction":[{"@type":"ReadAction","target":["https:\/\/www.manaus.am.gov.br\/semasc\/manaus-recebe-representantes-do-ministerio-dos-direitos-humanos-e-cidadania-para-avaliar-e-discutir-politicas-publicas\/"]}]},{"@type":"ImageObject","inLanguage":"pt-BR","@id":"https:\/\/www.manaus.am.gov.br\/semasc\/manaus-recebe-representantes-do-ministerio-dos-direitos-humanos-e-cidadania-para-avaliar-e-discutir-politicas-publicas\/#primaryimage","url":"https:\/\/www.manaus.am.gov.br\/semasc\/wp-content\/uploads\/sites\/17\/2023\/12\/Visita-MDCH-1.jpg","contentUrl":"https:\/\/www.manaus.am.gov.br\/semasc\/wp-content\/uploads\/sites\/17\/2023\/12\/Visita-MDCH-1.jpg","width":799,"height":533},{"@type":"BreadcrumbList","@id":"https:\/\/www.manaus.am.gov.br\/semasc\/manaus-recebe-representantes-do-ministerio-dos-direitos-humanos-e-cidadania-para-avaliar-e-discutir-politicas-publicas\/#breadcrumb","itemListElement":[{"@type":"ListItem","position":1,"name":"Home","item":"https:\/\/www.manaus.am.gov.br\/semasc\/"},{"@type":"ListItem","position":2,"name":"Manaus recebe representantes do Minist\u00e9rio dos Direitos Humanos e Cidadania para avaliar e discutir pol\u00edticas p\u00fablicas\u00a0"}]},{"@type":"WebSite","@id":"https:\/\/www.manaus.am.gov.br\/semasc\/#website","url":"https:\/\/www.manaus.am.gov.br\/semasc\/","name":"SEMASC","description":"Secretaria Municipal da Mulher, Assist\u00eancia Social e Cidadania.","publisher":{"@id":"https:\/\/www.manaus.am.gov.br\/semasc\/#organization"},"alternateName":"Secretaria Municipal da Mulher, Assist\u00eancia Social e Cidadania","potentialAction":[{"@type":"SearchAction","target":{"@type":"EntryPoint","urlTemplate":"https:\/\/www.manaus.am.gov.br\/semasc\/?s={search_term_string}"},"query-input":"required name=search_term_string"}],"inLanguage":"pt-BR"},{"@type":"Organization","@id":"https:\/\/www.manaus.am.gov.br\/semasc\/#organization","name":"Prefeitura de Manaus","alternateName":"Prefeitura Municipal de Manaus","url":"https:\/\/www.manaus.am.gov.br\/semasc\/","logo":{"@type":"ImageObject","inLanguage":"pt-BR","@id":"https:\/\/www.manaus.am.gov.br\/semasc\/#\/schema\/logo\/image\/","url":"https:\/\/www.manaus.am.gov.br\/semasc\/wp-content\/uploads\/sites\/17\/2024\/07\/favicon.png","contentUrl":"https:\/\/www.manaus.am.gov.br\/semasc\/wp-content\/uploads\/sites\/17\/2024\/07\/favicon.png","width":300,"height":300,"caption":"Prefeitura de Manaus"},"image":{"@id":"https:\/\/www.manaus.am.gov.br\/semasc\/#\/schema\/logo\/image\/"},"sameAs":["https:\/\/www.facebook.com\/semascmanaus","https:\/\/www.instagram.com\/semascmanaus\/"]},{"@type":"Person","@id":"https:\/\/www.manaus.am.gov.br\/semasc\/#\/schema\/person\/ab4dcf766a54dff74e8d267f5c591961","name":"smonteiro","image":{"@type":"ImageObject","inLanguage":"pt-BR","@id":"https:\/\/www.manaus.am.gov.br\/semasc\/#\/schema\/person\/image\/","url":"https:\/\/secure.gravatar.com\/avatar\/21c8776ef61d9272c73322052e042d77?s=96&d=mm&r=g","contentUrl":"https:\/\/secure.gravatar.com\/avatar\/21c8776ef61d9272c73322052e042d77?s=96&d=mm&r=g","caption":"smonteiro"}}]}},"_links":{"self":[{"href":"https:\/\/www.manaus.am.gov.br\/semasc\/wp-json\/wp\/v2\/posts\/209558"}],"collection":[{"href":"https:\/\/www.manaus.am.gov.br\/semasc\/wp-json\/wp\/v2\/posts"}],"about":[{"href":"https:\/\/www.manaus.am.gov.br\/semasc\/wp-json\/wp\/v2\/types\/post"}],"author":[{"embeddable":true,"href":"https:\/\/www.manaus.am.gov.br\/semasc\/wp-json\/wp\/v2\/users\/61"}],"replies":[{"embeddable":true,"href":"https:\/\/www.manaus.am.gov.br\/semasc\/wp-json\/wp\/v2\/comments?post=209558"}],"version-history":[{"count":1,"href":"https:\/\/www.manaus.am.gov.br\/semasc\/wp-json\/wp\/v2\/posts\/209558\/revisions"}],"predecessor-version":[{"id":209563,"href":"https:\/\/www.manaus.am.gov.br\/semasc\/wp-json\/wp\/v2\/posts\/209558\/revisions\/209563"}],"wp:featuredmedia":[{"embeddable":true,"href":"https:\/\/www.manaus.am.gov.br\/semasc\/wp-json\/wp\/v2\/media\/209559"}],"wp:attachment":[{"href":"https:\/\/www.manaus.am.gov.br\/semasc\/wp-json\/wp\/v2\/media?parent=209558"}],"wp:term":[{"taxonomy":"category","embeddable":true,"href":"https:\/\/www.manaus.am.gov.br\/semasc\/wp-json\/wp\/v2\/categories?post=209558"},{"taxonomy":"post_tag","embeddable":true,"href":"https:\/\/www.manaus.am.gov.br\/semasc\/wp-json\/wp\/v2\/tags?post=209558"}],"curies":[{"name":"wp","href":"https:\/\/api.w.org\/{rel}","templated":true}]}}