{"id":209550,"date":"2023-12-14T23:35:15","date_gmt":"2023-12-15T03:35:15","guid":{"rendered":"https:\/\/www.manaus.am.gov.br\/semasc\/prefeitura-de-manaus-promove-baile-de-debutantes-para-idosas\/"},"modified":"2023-12-26T09:56:24","modified_gmt":"2023-12-26T13:56:24","slug":"prefeitura-de-manaus-promove-baile-de-debutantes-para-idosas","status":"publish","type":"post","link":"https:\/\/www.manaus.am.gov.br\/semasc\/prefeitura-de-manaus-promove-baile-de-debutantes-para-idosas\/","title":{"rendered":"Prefeitura de Manaus promove baile de debutantes para idosas"},"content":{"rendered":"\n<p>Com a proposta de promover a conviv\u00eancia comunit\u00e1ria, o fortalecimento de v\u00ednculos e a garantia de direitos da popula\u00e7\u00e3o em situa\u00e7\u00e3o de vulnerabilidade social, a Prefeitura de Manaus, por meio da Secretaria Municipal da Mulher, Assist\u00eancia Social e Cidadania (Semasc) e do Fundo Manaus Solid\u00e1ria (FMS), em parceria com a Associa\u00e7\u00e3o das Donas de Casa do Morro da Liberdade, realizou na noite desta quinta-feira, 14\/12, o baile de debutantes da terceira idade \u201cRevivendo Meus 15 Anos\u201d.<\/p>\n\n\n\n<p>Realizada na quadra da escola de samba Reino Unido da Liberdade, na zona Sul, a festa reuniu 75 mulheres com mais de 60 anos de idade, atendidas pela associa\u00e7\u00e3o e por Centros de Refer\u00eancia de Assist\u00eancia Social (CRAS) do territ\u00f3rio. Acompanhadas de seus familiares, elas participaram de uma celebra\u00e7\u00e3o que n\u00e3o tiveram a oportunidade de viver quando mais jovens. O evento, que reuniu 400 pessoas, contou com os tradicionais ritos de um baile de debutantes, um buffet especial e outras atra\u00e7\u00f5es culturais ao longo da noite.<\/p>\n\n\n\n<p>\u201cEstamos no nosso terceiro ano de gest\u00e3o, um ano de muitos desafios, mas que n\u00e3o nos impediram de chegar a este momento especial de confraterniza\u00e7\u00e3o e celebra\u00e7\u00e3o dessas debutantes t\u00e3o lindas. Realizamos hoje um trabalho muito bonito dentro de nossa comunidade, envolvendo a garantia de direitos dessas pessoas e antecipando um ano de 2024 repleto de a\u00e7\u00f5es como essa, para entender e oferecer, de maneira qualificada, respostas para as demandas da popula\u00e7\u00e3o, mesmo as mais pessoais e simb\u00f3licas\u201d, destacou o prefeito de Manaus, David Almeida.<\/p>\n\n\n\n<p>O titular da Semasc, Eduardo Lucas, ressaltou a import\u00e2ncia do evento para a aproxima\u00e7\u00e3o da gest\u00e3o municipal das fam\u00edlias em situa\u00e7\u00e3o de vulnerabilidade social da capital amazonense, fazendo parte de um processo de entendimento do Poder P\u00fablico, de que a garantia de direitos vai al\u00e9m da simples oferta de servi\u00e7os.<\/p>\n\n\n\n<p>\u201c\u00c9 um projeto muito lindo e especial para todos os envolvidos nele, pois estamos dando a oportunidade para que essas mulheres e suas fam\u00edlias possam vivenciar as emo\u00e7\u00f5es de uma festa t\u00e3o significativa para a vida de uma mulher e que muitas, por diversos motivos, n\u00e3o conseguiram ter. Isso tudo fica ainda mais bonito quando se percebe que muitas aqui tamb\u00e9m s\u00e3o atendidas por nossos equipamentos, o que faz de hoje um verdadeiro exemplo do que \u00e9 a garantia de direitos, para al\u00e9m daquilo que se conhece e se imagina\u201d, explicou.<\/p>\n\n\n\n<p>Presidente da Associa\u00e7\u00e3o das Donas de Casa do Morro da Liberdade, L\u00facia dos Reis agradeceu a parceria firmada e relatou a emo\u00e7\u00e3o ao poder viver, ao lado das mulheres atendidas pela institui\u00e7\u00e3o, um momento t\u00e3o feliz e marcante na vida de todas.<\/p>\n\n\n\n<p>\u201cEu acredito que Deus coloca as pessoas certas no lugar em que elas precisam estar, e ver a felicidade no olhar dessas mulheres hoje, para mim, \u00e9 a prova concreta disso. Eu s\u00f3 tenho a agradecer ao prefeito David (Almeida) e toda a sua equipe por nos permitir realizar n\u00e3o apenas um sonho, mas 75 sonhos em uma noite s\u00f3. \u00c9 lindo, \u00e9 incr\u00edvel, \u00e9 emocionante\u201d, concluiu.<\/p>\n\n\n\n<p>Uma das debutantes a participar da festa, a cabeleireira Maria do Socorro Campos, de 61 anos, n\u00e3o escondeu a emo\u00e7\u00e3o por, finalmente, poder dan\u00e7ar a t\u00e3o sonhada valsa dos seus 15 anos.<\/p>\n\n\n\n<p>\u201cEu at\u00e9 tive a minha festa, mas, na \u00e9poca, o meu pai havia acabado de falecer, o que deixou tudo um tanto ou quanto melanc\u00f3lico. Hoje, gra\u00e7as a prefeitura e a associa\u00e7\u00e3o, vou conseguir dan\u00e7ar minha valsa e, dessa vez, ao lado do meu filho. \u00c9 algo que n\u00e3o tenho palavras para descrever, \u00e9 um sonho de menina que se realiza d\u00e9cadas depois, em um evento espetacular e feito com tanto carinho para n\u00f3s\u201d, finalizou.<\/p>\n\n\n\n<p>&#8212; &#8212; &#8212;<\/p>\n\n\n\n<p><strong>Texto &#8211;<\/strong> Guilherme Pacheco \/ Semasc<\/p>\n\n\n\n<p><strong>Fotos<\/strong> &#8211; Diego Lima \/ Semasc<\/p>\n","protected":false},"excerpt":{"rendered":"","protected":false},"author":61,"featured_media":209551,"comment_status":"closed","ping_status":"closed","sticky":false,"template":"","format":"standard","meta":{"footnotes":""},"categories":[801],"tags":[802,803,274,18,804],"acf":[],"yoast_head":"<!-- This site is optimized with the Yoast SEO plugin v23.0 - https:\/\/yoast.com\/wordpress\/plugins\/seo\/ -->\n<title>Prefeitura de Manaus promove baile de debutantes para idosas<\/title>\n<meta name=\"description\" content=\"A Prefeitura de Manaus realizou na noite desta quinta-feira, 14\/12, o baile de debutantes da terceira idade \u201cRevivendo Meus 15 Anos\u201d.\" \/>\n<meta name=\"robots\" content=\"noindex, follow\" \/>\n<meta property=\"og:locale\" content=\"pt_BR\" \/>\n<meta property=\"og:type\" content=\"article\" \/>\n<meta property=\"og:title\" content=\"Prefeitura de Manaus promove baile de debutantes para idosas\" \/>\n<meta property=\"og:description\" content=\"A Prefeitura de Manaus realizou na noite desta quinta-feira, 14\/12, o baile de debutantes da terceira idade \u201cRevivendo Meus 15 Anos\u201d.\" \/>\n<meta property=\"og:url\" content=\"https:\/\/www.manaus.am.gov.br\/semasc\/prefeitura-de-manaus-promove-baile-de-debutantes-para-idosas\/\" \/>\n<meta property=\"og:site_name\" content=\"SEMASC\" \/>\n<meta property=\"article:publisher\" content=\"https:\/\/www.facebook.com\/semascmanaus\" \/>\n<meta property=\"article:published_time\" content=\"2023-12-15T03:35:15+00:00\" \/>\n<meta property=\"article:modified_time\" content=\"2023-12-26T13:56:24+00:00\" \/>\n<meta property=\"og:image\" content=\"https:\/\/www.manaus.am.gov.br\/semasc\/wp-content\/uploads\/sites\/17\/2023\/12\/Debutantes3-e1702611291493.jpeg\" \/>\n\t<meta property=\"og:image:width\" content=\"2000\" \/>\n\t<meta property=\"og:image:height\" content=\"1333\" \/>\n\t<meta property=\"og:image:type\" content=\"image\/jpeg\" \/>\n<meta name=\"author\" content=\"smonteiro\" \/>\n<meta name=\"twitter:card\" content=\"summary_large_image\" \/>\n<meta name=\"twitter:label1\" content=\"Written by\" \/>\n\t<meta name=\"twitter:data1\" content=\"smonteiro\" \/>\n\t<meta name=\"twitter:label2\" content=\"Est. reading time\" \/>\n\t<meta name=\"twitter:data2\" content=\"4 minutos\" \/>\n<script type=\"application\/ld+json\" class=\"yoast-schema-graph\">{\"@context\":\"https:\/\/schema.org\",\"@graph\":[{\"@type\":\"Article\",\"@id\":\"https:\/\/www.manaus.am.gov.br\/semasc\/prefeitura-de-manaus-promove-baile-de-debutantes-para-idosas\/#article\",\"isPartOf\":{\"@id\":\"https:\/\/www.manaus.am.gov.br\/semasc\/prefeitura-de-manaus-promove-baile-de-debutantes-para-idosas\/\"},\"author\":{\"name\":\"smonteiro\",\"@id\":\"https:\/\/www.manaus.am.gov.br\/semasc\/#\/schema\/person\/ab4dcf766a54dff74e8d267f5c591961\"},\"headline\":\"Prefeitura de Manaus promove baile de debutantes para idosas\",\"datePublished\":\"2023-12-15T03:35:15+00:00\",\"dateModified\":\"2023-12-26T13:56:24+00:00\",\"mainEntityOfPage\":{\"@id\":\"https:\/\/www.manaus.am.gov.br\/semasc\/prefeitura-de-manaus-promove-baile-de-debutantes-para-idosas\/\"},\"wordCount\":665,\"publisher\":{\"@id\":\"https:\/\/www.manaus.am.gov.br\/semasc\/#organization\"},\"image\":{\"@id\":\"https:\/\/www.manaus.am.gov.br\/semasc\/prefeitura-de-manaus-promove-baile-de-debutantes-para-idosas\/#primaryimage\"},\"thumbnailUrl\":\"https:\/\/www.manaus.am.gov.br\/semasc\/wp-content\/uploads\/sites\/17\/2023\/12\/Debutantes3-e1702611291493.jpeg\",\"keywords\":[\"baile\",\"baile de debutantes\",\"David Almeida\",\"Semasc\",\"terceira idade\"],\"articleSection\":[\"Prefeito\"],\"inLanguage\":\"pt-BR\"},{\"@type\":\"WebPage\",\"@id\":\"https:\/\/www.manaus.am.gov.br\/semasc\/prefeitura-de-manaus-promove-baile-de-debutantes-para-idosas\/\",\"url\":\"https:\/\/www.manaus.am.gov.br\/semasc\/prefeitura-de-manaus-promove-baile-de-debutantes-para-idosas\/\",\"name\":\"Prefeitura de Manaus promove baile de debutantes para idosas\",\"isPartOf\":{\"@id\":\"https:\/\/www.manaus.am.gov.br\/semasc\/#website\"},\"primaryImageOfPage\":{\"@id\":\"https:\/\/www.manaus.am.gov.br\/semasc\/prefeitura-de-manaus-promove-baile-de-debutantes-para-idosas\/#primaryimage\"},\"image\":{\"@id\":\"https:\/\/www.manaus.am.gov.br\/semasc\/prefeitura-de-manaus-promove-baile-de-debutantes-para-idosas\/#primaryimage\"},\"thumbnailUrl\":\"https:\/\/www.manaus.am.gov.br\/semasc\/wp-content\/uploads\/sites\/17\/2023\/12\/Debutantes3-e1702611291493.jpeg\",\"datePublished\":\"2023-12-15T03:35:15+00:00\",\"dateModified\":\"2023-12-26T13:56:24+00:00\",\"description\":\"A Prefeitura de Manaus realizou na noite desta quinta-feira, 14\/12, o baile de debutantes da terceira idade \u201cRevivendo Meus 15 Anos\u201d.\",\"breadcrumb\":{\"@id\":\"https:\/\/www.manaus.am.gov.br\/semasc\/prefeitura-de-manaus-promove-baile-de-debutantes-para-idosas\/#breadcrumb\"},\"inLanguage\":\"pt-BR\",\"potentialAction\":[{\"@type\":\"ReadAction\",\"target\":[\"https:\/\/www.manaus.am.gov.br\/semasc\/prefeitura-de-manaus-promove-baile-de-debutantes-para-idosas\/\"]}]},{\"@type\":\"ImageObject\",\"inLanguage\":\"pt-BR\",\"@id\":\"https:\/\/www.manaus.am.gov.br\/semasc\/prefeitura-de-manaus-promove-baile-de-debutantes-para-idosas\/#primaryimage\",\"url\":\"https:\/\/www.manaus.am.gov.br\/semasc\/wp-content\/uploads\/sites\/17\/2023\/12\/Debutantes3-e1702611291493.jpeg\",\"contentUrl\":\"https:\/\/www.manaus.am.gov.br\/semasc\/wp-content\/uploads\/sites\/17\/2023\/12\/Debutantes3-e1702611291493.jpeg\",\"width\":2000,\"height\":1333},{\"@type\":\"BreadcrumbList\",\"@id\":\"https:\/\/www.manaus.am.gov.br\/semasc\/prefeitura-de-manaus-promove-baile-de-debutantes-para-idosas\/#breadcrumb\",\"itemListElement\":[{\"@type\":\"ListItem\",\"position\":1,\"name\":\"Home\",\"item\":\"https:\/\/www.manaus.am.gov.br\/semasc\/\"},{\"@type\":\"ListItem\",\"position\":2,\"name\":\"Prefeitura de Manaus promove baile de debutantes para idosas\"}]},{\"@type\":\"WebSite\",\"@id\":\"https:\/\/www.manaus.am.gov.br\/semasc\/#website\",\"url\":\"https:\/\/www.manaus.am.gov.br\/semasc\/\",\"name\":\"SEMASC\",\"description\":\"Secretaria Municipal da Mulher, Assist\u00eancia Social e Cidadania.\",\"publisher\":{\"@id\":\"https:\/\/www.manaus.am.gov.br\/semasc\/#organization\"},\"alternateName\":\"Secretaria Municipal da Mulher, Assist\u00eancia Social e Cidadania\",\"potentialAction\":[{\"@type\":\"SearchAction\",\"target\":{\"@type\":\"EntryPoint\",\"urlTemplate\":\"https:\/\/www.manaus.am.gov.br\/semasc\/?s={search_term_string}\"},\"query-input\":\"required name=search_term_string\"}],\"inLanguage\":\"pt-BR\"},{\"@type\":\"Organization\",\"@id\":\"https:\/\/www.manaus.am.gov.br\/semasc\/#organization\",\"name\":\"Prefeitura de Manaus\",\"alternateName\":\"Prefeitura Municipal de Manaus\",\"url\":\"https:\/\/www.manaus.am.gov.br\/semasc\/\",\"logo\":{\"@type\":\"ImageObject\",\"inLanguage\":\"pt-BR\",\"@id\":\"https:\/\/www.manaus.am.gov.br\/semasc\/#\/schema\/logo\/image\/\",\"url\":\"https:\/\/www.manaus.am.gov.br\/semasc\/wp-content\/uploads\/sites\/17\/2024\/07\/favicon.png\",\"contentUrl\":\"https:\/\/www.manaus.am.gov.br\/semasc\/wp-content\/uploads\/sites\/17\/2024\/07\/favicon.png\",\"width\":300,\"height\":300,\"caption\":\"Prefeitura de Manaus\"},\"image\":{\"@id\":\"https:\/\/www.manaus.am.gov.br\/semasc\/#\/schema\/logo\/image\/\"},\"sameAs\":[\"https:\/\/www.facebook.com\/semascmanaus\",\"https:\/\/www.instagram.com\/semascmanaus\/\"]},{\"@type\":\"Person\",\"@id\":\"https:\/\/www.manaus.am.gov.br\/semasc\/#\/schema\/person\/ab4dcf766a54dff74e8d267f5c591961\",\"name\":\"smonteiro\",\"image\":{\"@type\":\"ImageObject\",\"inLanguage\":\"pt-BR\",\"@id\":\"https:\/\/www.manaus.am.gov.br\/semasc\/#\/schema\/person\/image\/\",\"url\":\"https:\/\/secure.gravatar.com\/avatar\/21c8776ef61d9272c73322052e042d77?s=96&d=mm&r=g\",\"contentUrl\":\"https:\/\/secure.gravatar.com\/avatar\/21c8776ef61d9272c73322052e042d77?s=96&d=mm&r=g\",\"caption\":\"smonteiro\"}}]}<\/script>\n<!-- \/ Yoast SEO plugin. -->","yoast_head_json":{"title":"Prefeitura de Manaus promove baile de debutantes para idosas","description":"A Prefeitura de Manaus realizou na noite desta quinta-feira, 14\/12, o baile de debutantes da terceira idade \u201cRevivendo Meus 15 Anos\u201d.","robots":{"index":"noindex","follow":"follow"},"og_locale":"pt_BR","og_type":"article","og_title":"Prefeitura de Manaus promove baile de debutantes para idosas","og_description":"A Prefeitura de Manaus realizou na noite desta quinta-feira, 14\/12, o baile de debutantes da terceira idade \u201cRevivendo Meus 15 Anos\u201d.","og_url":"https:\/\/www.manaus.am.gov.br\/semasc\/prefeitura-de-manaus-promove-baile-de-debutantes-para-idosas\/","og_site_name":"SEMASC","article_publisher":"https:\/\/www.facebook.com\/semascmanaus","article_published_time":"2023-12-15T03:35:15+00:00","article_modified_time":"2023-12-26T13:56:24+00:00","og_image":[{"width":2000,"height":1333,"url":"https:\/\/www.manaus.am.gov.br\/semasc\/wp-content\/uploads\/sites\/17\/2023\/12\/Debutantes3-e1702611291493.jpeg","type":"image\/jpeg"}],"author":"smonteiro","twitter_card":"summary_large_image","twitter_misc":{"Written by":"smonteiro","Est. reading time":"4 minutos"},"schema":{"@context":"https:\/\/schema.org","@graph":[{"@type":"Article","@id":"https:\/\/www.manaus.am.gov.br\/semasc\/prefeitura-de-manaus-promove-baile-de-debutantes-para-idosas\/#article","isPartOf":{"@id":"https:\/\/www.manaus.am.gov.br\/semasc\/prefeitura-de-manaus-promove-baile-de-debutantes-para-idosas\/"},"author":{"name":"smonteiro","@id":"https:\/\/www.manaus.am.gov.br\/semasc\/#\/schema\/person\/ab4dcf766a54dff74e8d267f5c591961"},"headline":"Prefeitura de Manaus promove baile de debutantes para idosas","datePublished":"2023-12-15T03:35:15+00:00","dateModified":"2023-12-26T13:56:24+00:00","mainEntityOfPage":{"@id":"https:\/\/www.manaus.am.gov.br\/semasc\/prefeitura-de-manaus-promove-baile-de-debutantes-para-idosas\/"},"wordCount":665,"publisher":{"@id":"https:\/\/www.manaus.am.gov.br\/semasc\/#organization"},"image":{"@id":"https:\/\/www.manaus.am.gov.br\/semasc\/prefeitura-de-manaus-promove-baile-de-debutantes-para-idosas\/#primaryimage"},"thumbnailUrl":"https:\/\/www.manaus.am.gov.br\/semasc\/wp-content\/uploads\/sites\/17\/2023\/12\/Debutantes3-e1702611291493.jpeg","keywords":["baile","baile de debutantes","David Almeida","Semasc","terceira idade"],"articleSection":["Prefeito"],"inLanguage":"pt-BR"},{"@type":"WebPage","@id":"https:\/\/www.manaus.am.gov.br\/semasc\/prefeitura-de-manaus-promove-baile-de-debutantes-para-idosas\/","url":"https:\/\/www.manaus.am.gov.br\/semasc\/prefeitura-de-manaus-promove-baile-de-debutantes-para-idosas\/","name":"Prefeitura de Manaus promove baile de debutantes para idosas","isPartOf":{"@id":"https:\/\/www.manaus.am.gov.br\/semasc\/#website"},"primaryImageOfPage":{"@id":"https:\/\/www.manaus.am.gov.br\/semasc\/prefeitura-de-manaus-promove-baile-de-debutantes-para-idosas\/#primaryimage"},"image":{"@id":"https:\/\/www.manaus.am.gov.br\/semasc\/prefeitura-de-manaus-promove-baile-de-debutantes-para-idosas\/#primaryimage"},"thumbnailUrl":"https:\/\/www.manaus.am.gov.br\/semasc\/wp-content\/uploads\/sites\/17\/2023\/12\/Debutantes3-e1702611291493.jpeg","datePublished":"2023-12-15T03:35:15+00:00","dateModified":"2023-12-26T13:56:24+00:00","description":"A Prefeitura de Manaus realizou na noite desta quinta-feira, 14\/12, o baile de debutantes da terceira idade \u201cRevivendo Meus 15 Anos\u201d.","breadcrumb":{"@id":"https:\/\/www.manaus.am.gov.br\/semasc\/prefeitura-de-manaus-promove-baile-de-debutantes-para-idosas\/#breadcrumb"},"inLanguage":"pt-BR","potentialAction":[{"@type":"ReadAction","target":["https:\/\/www.manaus.am.gov.br\/semasc\/prefeitura-de-manaus-promove-baile-de-debutantes-para-idosas\/"]}]},{"@type":"ImageObject","inLanguage":"pt-BR","@id":"https:\/\/www.manaus.am.gov.br\/semasc\/prefeitura-de-manaus-promove-baile-de-debutantes-para-idosas\/#primaryimage","url":"https:\/\/www.manaus.am.gov.br\/semasc\/wp-content\/uploads\/sites\/17\/2023\/12\/Debutantes3-e1702611291493.jpeg","contentUrl":"https:\/\/www.manaus.am.gov.br\/semasc\/wp-content\/uploads\/sites\/17\/2023\/12\/Debutantes3-e1702611291493.jpeg","width":2000,"height":1333},{"@type":"BreadcrumbList","@id":"https:\/\/www.manaus.am.gov.br\/semasc\/prefeitura-de-manaus-promove-baile-de-debutantes-para-idosas\/#breadcrumb","itemListElement":[{"@type":"ListItem","position":1,"name":"Home","item":"https:\/\/www.manaus.am.gov.br\/semasc\/"},{"@type":"ListItem","position":2,"name":"Prefeitura de Manaus promove baile de debutantes para idosas"}]},{"@type":"WebSite","@id":"https:\/\/www.manaus.am.gov.br\/semasc\/#website","url":"https:\/\/www.manaus.am.gov.br\/semasc\/","name":"SEMASC","description":"Secretaria Municipal da Mulher, Assist\u00eancia Social e Cidadania.","publisher":{"@id":"https:\/\/www.manaus.am.gov.br\/semasc\/#organization"},"alternateName":"Secretaria Municipal da Mulher, Assist\u00eancia Social e Cidadania","potentialAction":[{"@type":"SearchAction","target":{"@type":"EntryPoint","urlTemplate":"https:\/\/www.manaus.am.gov.br\/semasc\/?s={search_term_string}"},"query-input":"required name=search_term_string"}],"inLanguage":"pt-BR"},{"@type":"Organization","@id":"https:\/\/www.manaus.am.gov.br\/semasc\/#organization","name":"Prefeitura de Manaus","alternateName":"Prefeitura Municipal de Manaus","url":"https:\/\/www.manaus.am.gov.br\/semasc\/","logo":{"@type":"ImageObject","inLanguage":"pt-BR","@id":"https:\/\/www.manaus.am.gov.br\/semasc\/#\/schema\/logo\/image\/","url":"https:\/\/www.manaus.am.gov.br\/semasc\/wp-content\/uploads\/sites\/17\/2024\/07\/favicon.png","contentUrl":"https:\/\/www.manaus.am.gov.br\/semasc\/wp-content\/uploads\/sites\/17\/2024\/07\/favicon.png","width":300,"height":300,"caption":"Prefeitura de Manaus"},"image":{"@id":"https:\/\/www.manaus.am.gov.br\/semasc\/#\/schema\/logo\/image\/"},"sameAs":["https:\/\/www.facebook.com\/semascmanaus","https:\/\/www.instagram.com\/semascmanaus\/"]},{"@type":"Person","@id":"https:\/\/www.manaus.am.gov.br\/semasc\/#\/schema\/person\/ab4dcf766a54dff74e8d267f5c591961","name":"smonteiro","image":{"@type":"ImageObject","inLanguage":"pt-BR","@id":"https:\/\/www.manaus.am.gov.br\/semasc\/#\/schema\/person\/image\/","url":"https:\/\/secure.gravatar.com\/avatar\/21c8776ef61d9272c73322052e042d77?s=96&d=mm&r=g","contentUrl":"https:\/\/secure.gravatar.com\/avatar\/21c8776ef61d9272c73322052e042d77?s=96&d=mm&r=g","caption":"smonteiro"}}]}},"_links":{"self":[{"href":"https:\/\/www.manaus.am.gov.br\/semasc\/wp-json\/wp\/v2\/posts\/209550"}],"collection":[{"href":"https:\/\/www.manaus.am.gov.br\/semasc\/wp-json\/wp\/v2\/posts"}],"about":[{"href":"https:\/\/www.manaus.am.gov.br\/semasc\/wp-json\/wp\/v2\/types\/post"}],"author":[{"embeddable":true,"href":"https:\/\/www.manaus.am.gov.br\/semasc\/wp-json\/wp\/v2\/users\/61"}],"replies":[{"embeddable":true,"href":"https:\/\/www.manaus.am.gov.br\/semasc\/wp-json\/wp\/v2\/comments?post=209550"}],"version-history":[{"count":1,"href":"https:\/\/www.manaus.am.gov.br\/semasc\/wp-json\/wp\/v2\/posts\/209550\/revisions"}],"predecessor-version":[{"id":209639,"href":"https:\/\/www.manaus.am.gov.br\/semasc\/wp-json\/wp\/v2\/posts\/209550\/revisions\/209639"}],"wp:featuredmedia":[{"embeddable":true,"href":"https:\/\/www.manaus.am.gov.br\/semasc\/wp-json\/wp\/v2\/media\/209551"}],"wp:attachment":[{"href":"https:\/\/www.manaus.am.gov.br\/semasc\/wp-json\/wp\/v2\/media?parent=209550"}],"wp:term":[{"taxonomy":"category","embeddable":true,"href":"https:\/\/www.manaus.am.gov.br\/semasc\/wp-json\/wp\/v2\/categories?post=209550"},{"taxonomy":"post_tag","embeddable":true,"href":"https:\/\/www.manaus.am.gov.br\/semasc\/wp-json\/wp\/v2\/tags?post=209550"}],"curies":[{"name":"wp","href":"https:\/\/api.w.org\/{rel}","templated":true}]}}