{"id":209546,"date":"2023-12-14T17:16:56","date_gmt":"2023-12-14T21:16:56","guid":{"rendered":"https:\/\/www.manaus.am.gov.br\/semasc\/sistemas-do-cadastro-unico-ficarao-fora-do-ar-durante-a-ultima-semana-de-dezembro\/"},"modified":"2023-12-14T17:21:21","modified_gmt":"2023-12-14T21:21:21","slug":"sistemas-do-cadastro-unico-ficarao-fora-do-ar-durante-a-ultima-semana-de-dezembro","status":"publish","type":"post","link":"https:\/\/www.manaus.am.gov.br\/semasc\/sistemas-do-cadastro-unico-ficarao-fora-do-ar-durante-a-ultima-semana-de-dezembro\/","title":{"rendered":"Sistemas do Cadastro \u00danico ficar\u00e3o fora do ar durante a \u00faltima semana de dezembro"},"content":{"rendered":"\n<p>A Prefeitura de Manaus, por meio da Secretaria Municipal da Mulher, Assist\u00eancia Social e Cidadania (Semasc), comunica que durante o per\u00edodo de 26 a 30\/12 todos os atendimentos relacionados ao Cadastro \u00danico estar\u00e3o suspensos.<\/p>\n\n\n\n<p>A indisponibilidade ocorrer\u00e1 devido a uma manuten\u00e7\u00e3o de n\u00edvel nacional no sistema do cadastro para a implanta\u00e7\u00e3o de melhorias, realizada pelo Minist\u00e9rio do Desenvolvimento e Assist\u00eancia Social, Fam\u00edlia e Combate \u00e0 Fome. O sistema voltar\u00e1 a operar normalmente a partir do dia 2\/1.<\/p>\n\n\n\n<p>&#8212; &#8212; &#8212;<\/p>\n\n\n\n<p><strong>Texto: <\/strong>Guilherme Pacheco \/ Semasc<\/p>\n","protected":false},"excerpt":{"rendered":"","protected":false},"author":61,"featured_media":208808,"comment_status":"closed","ping_status":"closed","sticky":false,"template":"","format":"standard","meta":{"footnotes":""},"categories":[34],"tags":[432,90,794,795],"acf":[],"yoast_head":"<!-- This site is optimized with the Yoast SEO plugin v23.0 - https:\/\/yoast.com\/wordpress\/plugins\/seo\/ -->\n<title>Sistemas do Cad\u00danico fora do ar na \u00faltima semana de dezembro<\/title>\n<meta name=\"description\" content=\"A Prefeitura de Manaus comunica que entre 26 a 30\/12 todos os atendimentos relacionados ao Cadastro \u00danico se encontrar\u00e3o suspensos.\" \/>\n<meta name=\"robots\" content=\"noindex, follow\" \/>\n<meta property=\"og:locale\" content=\"pt_BR\" \/>\n<meta property=\"og:type\" content=\"article\" \/>\n<meta property=\"og:title\" content=\"Sistemas do Cad\u00danico fora do ar na \u00faltima semana de dezembro\" \/>\n<meta property=\"og:description\" content=\"A Prefeitura de Manaus comunica que entre 26 a 30\/12 todos os atendimentos relacionados ao Cadastro \u00danico se encontrar\u00e3o suspensos.\" \/>\n<meta property=\"og:url\" content=\"https:\/\/www.manaus.am.gov.br\/semasc\/sistemas-do-cadastro-unico-ficarao-fora-do-ar-durante-a-ultima-semana-de-dezembro\/\" \/>\n<meta property=\"og:site_name\" content=\"SEMASC\" \/>\n<meta property=\"article:publisher\" content=\"https:\/\/www.facebook.com\/semascmanaus\" \/>\n<meta property=\"article:published_time\" content=\"2023-12-14T21:16:56+00:00\" \/>\n<meta property=\"article:modified_time\" content=\"2023-12-14T21:21:21+00:00\" \/>\n<meta property=\"og:image\" content=\"https:\/\/www.manaus.am.gov.br\/semasc\/wp-content\/uploads\/sites\/17\/2023\/08\/Nota-1.png\" \/>\n\t<meta property=\"og:image:width\" content=\"900\" \/>\n\t<meta property=\"og:image:height\" content=\"509\" \/>\n\t<meta property=\"og:image:type\" content=\"image\/png\" \/>\n<meta name=\"author\" content=\"smonteiro\" \/>\n<meta name=\"twitter:card\" content=\"summary_large_image\" \/>\n<meta name=\"twitter:label1\" content=\"Written by\" \/>\n\t<meta name=\"twitter:data1\" content=\"smonteiro\" \/>\n\t<meta name=\"twitter:label2\" content=\"Est. reading time\" \/>\n\t<meta name=\"twitter:data2\" content=\"1 minuto\" \/>\n<script type=\"application\/ld+json\" class=\"yoast-schema-graph\">{\"@context\":\"https:\/\/schema.org\",\"@graph\":[{\"@type\":\"Article\",\"@id\":\"https:\/\/www.manaus.am.gov.br\/semasc\/sistemas-do-cadastro-unico-ficarao-fora-do-ar-durante-a-ultima-semana-de-dezembro\/#article\",\"isPartOf\":{\"@id\":\"https:\/\/www.manaus.am.gov.br\/semasc\/sistemas-do-cadastro-unico-ficarao-fora-do-ar-durante-a-ultima-semana-de-dezembro\/\"},\"author\":{\"name\":\"smonteiro\",\"@id\":\"https:\/\/www.manaus.am.gov.br\/semasc\/#\/schema\/person\/ab4dcf766a54dff74e8d267f5c591961\"},\"headline\":\"Sistemas do Cadastro \u00danico ficar\u00e3o fora do ar durante a \u00faltima semana de dezembro\",\"datePublished\":\"2023-12-14T21:16:56+00:00\",\"dateModified\":\"2023-12-14T21:21:21+00:00\",\"mainEntityOfPage\":{\"@id\":\"https:\/\/www.manaus.am.gov.br\/semasc\/sistemas-do-cadastro-unico-ficarao-fora-do-ar-durante-a-ultima-semana-de-dezembro\/\"},\"wordCount\":104,\"publisher\":{\"@id\":\"https:\/\/www.manaus.am.gov.br\/semasc\/#organization\"},\"image\":{\"@id\":\"https:\/\/www.manaus.am.gov.br\/semasc\/sistemas-do-cadastro-unico-ficarao-fora-do-ar-durante-a-ultima-semana-de-dezembro\/#primaryimage\"},\"thumbnailUrl\":\"https:\/\/www.manaus.am.gov.br\/semasc\/wp-content\/uploads\/sites\/17\/2023\/08\/Nota-1.png\",\"keywords\":[\"atendimentos\",\"cadastro \u00fanico\",\"manuten\u00e7\u00e3o\",\"melhorias\"],\"articleSection\":[\"Assist\u00eancia Social\"],\"inLanguage\":\"pt-BR\"},{\"@type\":\"WebPage\",\"@id\":\"https:\/\/www.manaus.am.gov.br\/semasc\/sistemas-do-cadastro-unico-ficarao-fora-do-ar-durante-a-ultima-semana-de-dezembro\/\",\"url\":\"https:\/\/www.manaus.am.gov.br\/semasc\/sistemas-do-cadastro-unico-ficarao-fora-do-ar-durante-a-ultima-semana-de-dezembro\/\",\"name\":\"Sistemas do Cad\u00danico fora do ar na \u00faltima semana de dezembro\",\"isPartOf\":{\"@id\":\"https:\/\/www.manaus.am.gov.br\/semasc\/#website\"},\"primaryImageOfPage\":{\"@id\":\"https:\/\/www.manaus.am.gov.br\/semasc\/sistemas-do-cadastro-unico-ficarao-fora-do-ar-durante-a-ultima-semana-de-dezembro\/#primaryimage\"},\"image\":{\"@id\":\"https:\/\/www.manaus.am.gov.br\/semasc\/sistemas-do-cadastro-unico-ficarao-fora-do-ar-durante-a-ultima-semana-de-dezembro\/#primaryimage\"},\"thumbnailUrl\":\"https:\/\/www.manaus.am.gov.br\/semasc\/wp-content\/uploads\/sites\/17\/2023\/08\/Nota-1.png\",\"datePublished\":\"2023-12-14T21:16:56+00:00\",\"dateModified\":\"2023-12-14T21:21:21+00:00\",\"description\":\"A Prefeitura de Manaus comunica que entre 26 a 30\/12 todos os atendimentos relacionados ao Cadastro \u00danico se encontrar\u00e3o suspensos.\",\"breadcrumb\":{\"@id\":\"https:\/\/www.manaus.am.gov.br\/semasc\/sistemas-do-cadastro-unico-ficarao-fora-do-ar-durante-a-ultima-semana-de-dezembro\/#breadcrumb\"},\"inLanguage\":\"pt-BR\",\"potentialAction\":[{\"@type\":\"ReadAction\",\"target\":[\"https:\/\/www.manaus.am.gov.br\/semasc\/sistemas-do-cadastro-unico-ficarao-fora-do-ar-durante-a-ultima-semana-de-dezembro\/\"]}]},{\"@type\":\"ImageObject\",\"inLanguage\":\"pt-BR\",\"@id\":\"https:\/\/www.manaus.am.gov.br\/semasc\/sistemas-do-cadastro-unico-ficarao-fora-do-ar-durante-a-ultima-semana-de-dezembro\/#primaryimage\",\"url\":\"https:\/\/www.manaus.am.gov.br\/semasc\/wp-content\/uploads\/sites\/17\/2023\/08\/Nota-1.png\",\"contentUrl\":\"https:\/\/www.manaus.am.gov.br\/semasc\/wp-content\/uploads\/sites\/17\/2023\/08\/Nota-1.png\",\"width\":900,\"height\":509},{\"@type\":\"BreadcrumbList\",\"@id\":\"https:\/\/www.manaus.am.gov.br\/semasc\/sistemas-do-cadastro-unico-ficarao-fora-do-ar-durante-a-ultima-semana-de-dezembro\/#breadcrumb\",\"itemListElement\":[{\"@type\":\"ListItem\",\"position\":1,\"name\":\"Home\",\"item\":\"https:\/\/www.manaus.am.gov.br\/semasc\/\"},{\"@type\":\"ListItem\",\"position\":2,\"name\":\"Sistemas do Cadastro \u00danico ficar\u00e3o fora do ar durante a \u00faltima semana de dezembro\"}]},{\"@type\":\"WebSite\",\"@id\":\"https:\/\/www.manaus.am.gov.br\/semasc\/#website\",\"url\":\"https:\/\/www.manaus.am.gov.br\/semasc\/\",\"name\":\"SEMASC\",\"description\":\"Secretaria Municipal da Mulher, Assist\u00eancia Social e Cidadania.\",\"publisher\":{\"@id\":\"https:\/\/www.manaus.am.gov.br\/semasc\/#organization\"},\"alternateName\":\"Secretaria Municipal da Mulher, Assist\u00eancia Social e Cidadania\",\"potentialAction\":[{\"@type\":\"SearchAction\",\"target\":{\"@type\":\"EntryPoint\",\"urlTemplate\":\"https:\/\/www.manaus.am.gov.br\/semasc\/?s={search_term_string}\"},\"query-input\":\"required name=search_term_string\"}],\"inLanguage\":\"pt-BR\"},{\"@type\":\"Organization\",\"@id\":\"https:\/\/www.manaus.am.gov.br\/semasc\/#organization\",\"name\":\"Prefeitura de Manaus\",\"alternateName\":\"Prefeitura Municipal de Manaus\",\"url\":\"https:\/\/www.manaus.am.gov.br\/semasc\/\",\"logo\":{\"@type\":\"ImageObject\",\"inLanguage\":\"pt-BR\",\"@id\":\"https:\/\/www.manaus.am.gov.br\/semasc\/#\/schema\/logo\/image\/\",\"url\":\"https:\/\/www.manaus.am.gov.br\/semasc\/wp-content\/uploads\/sites\/17\/2024\/07\/favicon.png\",\"contentUrl\":\"https:\/\/www.manaus.am.gov.br\/semasc\/wp-content\/uploads\/sites\/17\/2024\/07\/favicon.png\",\"width\":300,\"height\":300,\"caption\":\"Prefeitura de Manaus\"},\"image\":{\"@id\":\"https:\/\/www.manaus.am.gov.br\/semasc\/#\/schema\/logo\/image\/\"},\"sameAs\":[\"https:\/\/www.facebook.com\/semascmanaus\",\"https:\/\/www.instagram.com\/semascmanaus\/\"]},{\"@type\":\"Person\",\"@id\":\"https:\/\/www.manaus.am.gov.br\/semasc\/#\/schema\/person\/ab4dcf766a54dff74e8d267f5c591961\",\"name\":\"smonteiro\",\"image\":{\"@type\":\"ImageObject\",\"inLanguage\":\"pt-BR\",\"@id\":\"https:\/\/www.manaus.am.gov.br\/semasc\/#\/schema\/person\/image\/\",\"url\":\"https:\/\/secure.gravatar.com\/avatar\/21c8776ef61d9272c73322052e042d77?s=96&d=mm&r=g\",\"contentUrl\":\"https:\/\/secure.gravatar.com\/avatar\/21c8776ef61d9272c73322052e042d77?s=96&d=mm&r=g\",\"caption\":\"smonteiro\"}}]}<\/script>\n<!-- \/ Yoast SEO plugin. -->","yoast_head_json":{"title":"Sistemas do Cad\u00danico fora do ar na \u00faltima semana de dezembro","description":"A Prefeitura de Manaus comunica que entre 26 a 30\/12 todos os atendimentos relacionados ao Cadastro \u00danico se encontrar\u00e3o suspensos.","robots":{"index":"noindex","follow":"follow"},"og_locale":"pt_BR","og_type":"article","og_title":"Sistemas do Cad\u00danico fora do ar na \u00faltima semana de dezembro","og_description":"A Prefeitura de Manaus comunica que entre 26 a 30\/12 todos os atendimentos relacionados ao Cadastro \u00danico se encontrar\u00e3o suspensos.","og_url":"https:\/\/www.manaus.am.gov.br\/semasc\/sistemas-do-cadastro-unico-ficarao-fora-do-ar-durante-a-ultima-semana-de-dezembro\/","og_site_name":"SEMASC","article_publisher":"https:\/\/www.facebook.com\/semascmanaus","article_published_time":"2023-12-14T21:16:56+00:00","article_modified_time":"2023-12-14T21:21:21+00:00","og_image":[{"width":900,"height":509,"url":"https:\/\/www.manaus.am.gov.br\/semasc\/wp-content\/uploads\/sites\/17\/2023\/08\/Nota-1.png","type":"image\/png"}],"author":"smonteiro","twitter_card":"summary_large_image","twitter_misc":{"Written by":"smonteiro","Est. reading time":"1 minuto"},"schema":{"@context":"https:\/\/schema.org","@graph":[{"@type":"Article","@id":"https:\/\/www.manaus.am.gov.br\/semasc\/sistemas-do-cadastro-unico-ficarao-fora-do-ar-durante-a-ultima-semana-de-dezembro\/#article","isPartOf":{"@id":"https:\/\/www.manaus.am.gov.br\/semasc\/sistemas-do-cadastro-unico-ficarao-fora-do-ar-durante-a-ultima-semana-de-dezembro\/"},"author":{"name":"smonteiro","@id":"https:\/\/www.manaus.am.gov.br\/semasc\/#\/schema\/person\/ab4dcf766a54dff74e8d267f5c591961"},"headline":"Sistemas do Cadastro \u00danico ficar\u00e3o fora do ar durante a \u00faltima semana de dezembro","datePublished":"2023-12-14T21:16:56+00:00","dateModified":"2023-12-14T21:21:21+00:00","mainEntityOfPage":{"@id":"https:\/\/www.manaus.am.gov.br\/semasc\/sistemas-do-cadastro-unico-ficarao-fora-do-ar-durante-a-ultima-semana-de-dezembro\/"},"wordCount":104,"publisher":{"@id":"https:\/\/www.manaus.am.gov.br\/semasc\/#organization"},"image":{"@id":"https:\/\/www.manaus.am.gov.br\/semasc\/sistemas-do-cadastro-unico-ficarao-fora-do-ar-durante-a-ultima-semana-de-dezembro\/#primaryimage"},"thumbnailUrl":"https:\/\/www.manaus.am.gov.br\/semasc\/wp-content\/uploads\/sites\/17\/2023\/08\/Nota-1.png","keywords":["atendimentos","cadastro \u00fanico","manuten\u00e7\u00e3o","melhorias"],"articleSection":["Assist\u00eancia Social"],"inLanguage":"pt-BR"},{"@type":"WebPage","@id":"https:\/\/www.manaus.am.gov.br\/semasc\/sistemas-do-cadastro-unico-ficarao-fora-do-ar-durante-a-ultima-semana-de-dezembro\/","url":"https:\/\/www.manaus.am.gov.br\/semasc\/sistemas-do-cadastro-unico-ficarao-fora-do-ar-durante-a-ultima-semana-de-dezembro\/","name":"Sistemas do Cad\u00danico fora do ar na \u00faltima semana de dezembro","isPartOf":{"@id":"https:\/\/www.manaus.am.gov.br\/semasc\/#website"},"primaryImageOfPage":{"@id":"https:\/\/www.manaus.am.gov.br\/semasc\/sistemas-do-cadastro-unico-ficarao-fora-do-ar-durante-a-ultima-semana-de-dezembro\/#primaryimage"},"image":{"@id":"https:\/\/www.manaus.am.gov.br\/semasc\/sistemas-do-cadastro-unico-ficarao-fora-do-ar-durante-a-ultima-semana-de-dezembro\/#primaryimage"},"thumbnailUrl":"https:\/\/www.manaus.am.gov.br\/semasc\/wp-content\/uploads\/sites\/17\/2023\/08\/Nota-1.png","datePublished":"2023-12-14T21:16:56+00:00","dateModified":"2023-12-14T21:21:21+00:00","description":"A Prefeitura de Manaus comunica que entre 26 a 30\/12 todos os atendimentos relacionados ao Cadastro \u00danico se encontrar\u00e3o suspensos.","breadcrumb":{"@id":"https:\/\/www.manaus.am.gov.br\/semasc\/sistemas-do-cadastro-unico-ficarao-fora-do-ar-durante-a-ultima-semana-de-dezembro\/#breadcrumb"},"inLanguage":"pt-BR","potentialAction":[{"@type":"ReadAction","target":["https:\/\/www.manaus.am.gov.br\/semasc\/sistemas-do-cadastro-unico-ficarao-fora-do-ar-durante-a-ultima-semana-de-dezembro\/"]}]},{"@type":"ImageObject","inLanguage":"pt-BR","@id":"https:\/\/www.manaus.am.gov.br\/semasc\/sistemas-do-cadastro-unico-ficarao-fora-do-ar-durante-a-ultima-semana-de-dezembro\/#primaryimage","url":"https:\/\/www.manaus.am.gov.br\/semasc\/wp-content\/uploads\/sites\/17\/2023\/08\/Nota-1.png","contentUrl":"https:\/\/www.manaus.am.gov.br\/semasc\/wp-content\/uploads\/sites\/17\/2023\/08\/Nota-1.png","width":900,"height":509},{"@type":"BreadcrumbList","@id":"https:\/\/www.manaus.am.gov.br\/semasc\/sistemas-do-cadastro-unico-ficarao-fora-do-ar-durante-a-ultima-semana-de-dezembro\/#breadcrumb","itemListElement":[{"@type":"ListItem","position":1,"name":"Home","item":"https:\/\/www.manaus.am.gov.br\/semasc\/"},{"@type":"ListItem","position":2,"name":"Sistemas do Cadastro \u00danico ficar\u00e3o fora do ar durante a \u00faltima semana de dezembro"}]},{"@type":"WebSite","@id":"https:\/\/www.manaus.am.gov.br\/semasc\/#website","url":"https:\/\/www.manaus.am.gov.br\/semasc\/","name":"SEMASC","description":"Secretaria Municipal da Mulher, Assist\u00eancia Social e Cidadania.","publisher":{"@id":"https:\/\/www.manaus.am.gov.br\/semasc\/#organization"},"alternateName":"Secretaria Municipal da Mulher, Assist\u00eancia Social e Cidadania","potentialAction":[{"@type":"SearchAction","target":{"@type":"EntryPoint","urlTemplate":"https:\/\/www.manaus.am.gov.br\/semasc\/?s={search_term_string}"},"query-input":"required name=search_term_string"}],"inLanguage":"pt-BR"},{"@type":"Organization","@id":"https:\/\/www.manaus.am.gov.br\/semasc\/#organization","name":"Prefeitura de Manaus","alternateName":"Prefeitura Municipal de Manaus","url":"https:\/\/www.manaus.am.gov.br\/semasc\/","logo":{"@type":"ImageObject","inLanguage":"pt-BR","@id":"https:\/\/www.manaus.am.gov.br\/semasc\/#\/schema\/logo\/image\/","url":"https:\/\/www.manaus.am.gov.br\/semasc\/wp-content\/uploads\/sites\/17\/2024\/07\/favicon.png","contentUrl":"https:\/\/www.manaus.am.gov.br\/semasc\/wp-content\/uploads\/sites\/17\/2024\/07\/favicon.png","width":300,"height":300,"caption":"Prefeitura de Manaus"},"image":{"@id":"https:\/\/www.manaus.am.gov.br\/semasc\/#\/schema\/logo\/image\/"},"sameAs":["https:\/\/www.facebook.com\/semascmanaus","https:\/\/www.instagram.com\/semascmanaus\/"]},{"@type":"Person","@id":"https:\/\/www.manaus.am.gov.br\/semasc\/#\/schema\/person\/ab4dcf766a54dff74e8d267f5c591961","name":"smonteiro","image":{"@type":"ImageObject","inLanguage":"pt-BR","@id":"https:\/\/www.manaus.am.gov.br\/semasc\/#\/schema\/person\/image\/","url":"https:\/\/secure.gravatar.com\/avatar\/21c8776ef61d9272c73322052e042d77?s=96&d=mm&r=g","contentUrl":"https:\/\/secure.gravatar.com\/avatar\/21c8776ef61d9272c73322052e042d77?s=96&d=mm&r=g","caption":"smonteiro"}}]}},"_links":{"self":[{"href":"https:\/\/www.manaus.am.gov.br\/semasc\/wp-json\/wp\/v2\/posts\/209546"}],"collection":[{"href":"https:\/\/www.manaus.am.gov.br\/semasc\/wp-json\/wp\/v2\/posts"}],"about":[{"href":"https:\/\/www.manaus.am.gov.br\/semasc\/wp-json\/wp\/v2\/types\/post"}],"author":[{"embeddable":true,"href":"https:\/\/www.manaus.am.gov.br\/semasc\/wp-json\/wp\/v2\/users\/61"}],"replies":[{"embeddable":true,"href":"https:\/\/www.manaus.am.gov.br\/semasc\/wp-json\/wp\/v2\/comments?post=209546"}],"version-history":[{"count":1,"href":"https:\/\/www.manaus.am.gov.br\/semasc\/wp-json\/wp\/v2\/posts\/209546\/revisions"}],"predecessor-version":[{"id":209547,"href":"https:\/\/www.manaus.am.gov.br\/semasc\/wp-json\/wp\/v2\/posts\/209546\/revisions\/209547"}],"wp:featuredmedia":[{"embeddable":true,"href":"https:\/\/www.manaus.am.gov.br\/semasc\/wp-json\/wp\/v2\/media\/208808"}],"wp:attachment":[{"href":"https:\/\/www.manaus.am.gov.br\/semasc\/wp-json\/wp\/v2\/media?parent=209546"}],"wp:term":[{"taxonomy":"category","embeddable":true,"href":"https:\/\/www.manaus.am.gov.br\/semasc\/wp-json\/wp\/v2\/categories?post=209546"},{"taxonomy":"post_tag","embeddable":true,"href":"https:\/\/www.manaus.am.gov.br\/semasc\/wp-json\/wp\/v2\/tags?post=209546"}],"curies":[{"name":"wp","href":"https:\/\/api.w.org\/{rel}","templated":true}]}}