{"id":209473,"date":"2023-12-04T16:42:05","date_gmt":"2023-12-04T20:42:05","guid":{"rendered":"https:\/\/www.manaus.am.gov.br\/semasc\/prefeitura-prorroga-inscricoes-para-organizacoes-da-sociedade-civil-ocss\/"},"modified":"2023-12-04T16:42:06","modified_gmt":"2023-12-04T20:42:06","slug":"prefeitura-prorroga-inscricoes-para-organizacoes-da-sociedade-civil-ocss","status":"publish","type":"post","link":"https:\/\/www.manaus.am.gov.br\/semasc\/prefeitura-prorroga-inscricoes-para-organizacoes-da-sociedade-civil-ocss\/","title":{"rendered":"Prefeitura prorroga inscri\u00e7\u00f5es para Organiza\u00e7\u00f5es da Sociedade Civil (OCSs)"},"content":{"rendered":"\n<p>A Prefeitura de Manaus, por meio da Secretaria Municipal da Mulher, Assist\u00eancia Social e Cidadania (Semasc), publicou, na \u00faltima sexta-feira, 1\u00ba\/12, na edi\u00e7\u00e3o 5.717 do Di\u00e1rio Oficial do Municipal (DOM), a Portaria n\u00ba 341\/2023, que altera o edital para credenciamento de Organiza\u00e7\u00f5es da Sociedade Civil (OCSs) que desejem estabelecer futuras parcerias com a gest\u00e3o municipal. De acordo com a publica\u00e7\u00e3o, as inscri\u00e7\u00f5es, que anteriormente seguiriam abertas at\u00e9 o dia 30\/11, se estender\u00e3o at\u00e9 o dia 15\/12. &nbsp;<\/p>\n\n\n\n<p>As institui\u00e7\u00f5es que atendam todas as exig\u00eancias da Lei n\u00b0 13.019\/2014 para o reconhecimento de OSCs, bem como os requisitos previstos no pr\u00f3prio edital, e que desejem participar do credenciamento, precisam apresentar a documenta\u00e7\u00e3o necess\u00e1ria em m\u00eddia do tipo pen-drive, no formato PDF, presencialmente, no setor de Presta\u00e7\u00e3o de Contas da Semasc, localizada na avenida Ayr\u00e3o, s\/n\u00b0, Centro, at\u00e9 a nova data estipulada. &nbsp;<\/p>\n\n\n\n<p>No edital, as condi\u00e7\u00f5es para a participa\u00e7\u00e3o e a documenta\u00e7\u00e3o necess\u00e1ria para o credenciamento podem ser conferidos na p\u00e1gina 29 da edi\u00e7\u00e3o 5.705 do DOM, onde o documento foi originalmente publicado, por meio do endere\u00e7o&nbsp;<a href=\"http:\/\/dom.manaus.am.gov.br\/\" target=\"_blank\" rel=\"noreferrer noopener\">dom.manaus.am.gov.br<\/a>.&nbsp;<\/p>\n\n\n\n<p>&#8212; &#8212; &#8212;&nbsp;<\/p>\n\n\n\n<p><strong>Texto &#8211;&nbsp;<\/strong>Guilherme Pacheco \/ Semasc&nbsp;<\/p>\n","protected":false},"excerpt":{"rendered":"","protected":false},"author":57,"featured_media":208808,"comment_status":"closed","ping_status":"closed","sticky":false,"template":"","format":"standard","meta":{"footnotes":""},"categories":[759],"tags":[760,492,18],"acf":[],"yoast_head":"<!-- This site is optimized with the Yoast SEO plugin v23.0 - https:\/\/yoast.com\/wordpress\/plugins\/seo\/ -->\n<title>Prefeitura prorroga inscri\u00e7\u00f5es para o credenciamento de OCSs<\/title>\n<meta name=\"description\" content=\"A Prefeitura de Manaus publicou a Portaria N\u00ba 341\/2023, que altera o edital para credenciamento de Organiza\u00e7\u00f5es da Sociedade Civil (OCSc)\" \/>\n<meta name=\"robots\" content=\"noindex, follow\" \/>\n<meta property=\"og:locale\" content=\"pt_BR\" \/>\n<meta property=\"og:type\" content=\"article\" \/>\n<meta property=\"og:title\" content=\"Prefeitura prorroga inscri\u00e7\u00f5es para o credenciamento de OCSs\" \/>\n<meta property=\"og:description\" content=\"A Prefeitura de Manaus publicou a Portaria N\u00ba 341\/2023, que altera o edital para credenciamento de Organiza\u00e7\u00f5es da Sociedade Civil (OCSc)\" \/>\n<meta property=\"og:url\" content=\"https:\/\/www.manaus.am.gov.br\/semasc\/prefeitura-prorroga-inscricoes-para-organizacoes-da-sociedade-civil-ocss\/\" \/>\n<meta property=\"og:site_name\" content=\"SEMASC\" \/>\n<meta property=\"article:publisher\" content=\"https:\/\/www.facebook.com\/semascmanaus\" \/>\n<meta property=\"article:published_time\" content=\"2023-12-04T20:42:05+00:00\" \/>\n<meta property=\"article:modified_time\" content=\"2023-12-04T20:42:06+00:00\" \/>\n<meta property=\"og:image\" content=\"https:\/\/www.manaus.am.gov.br\/semasc\/wp-content\/uploads\/sites\/17\/2023\/08\/Nota-1.png\" \/>\n\t<meta property=\"og:image:width\" content=\"900\" \/>\n\t<meta property=\"og:image:height\" content=\"509\" \/>\n\t<meta property=\"og:image:type\" content=\"image\/png\" \/>\n<meta name=\"author\" content=\"Thiago Fernando\" \/>\n<meta name=\"twitter:card\" content=\"summary_large_image\" \/>\n<meta name=\"twitter:label1\" content=\"Written by\" \/>\n\t<meta name=\"twitter:data1\" content=\"Thiago Fernando\" \/>\n\t<meta name=\"twitter:label2\" content=\"Est. reading time\" \/>\n\t<meta name=\"twitter:data2\" content=\"1 minuto\" \/>\n<script type=\"application\/ld+json\" class=\"yoast-schema-graph\">{\"@context\":\"https:\/\/schema.org\",\"@graph\":[{\"@type\":\"Article\",\"@id\":\"https:\/\/www.manaus.am.gov.br\/semasc\/prefeitura-prorroga-inscricoes-para-organizacoes-da-sociedade-civil-ocss\/#article\",\"isPartOf\":{\"@id\":\"https:\/\/www.manaus.am.gov.br\/semasc\/prefeitura-prorroga-inscricoes-para-organizacoes-da-sociedade-civil-ocss\/\"},\"author\":{\"name\":\"Thiago Fernando\",\"@id\":\"https:\/\/www.manaus.am.gov.br\/semasc\/#\/schema\/person\/a5ee5376db6e21af026374b369f30882\"},\"headline\":\"Prefeitura prorroga inscri\u00e7\u00f5es para Organiza\u00e7\u00f5es da Sociedade Civil (OCSs)\",\"datePublished\":\"2023-12-04T20:42:05+00:00\",\"dateModified\":\"2023-12-04T20:42:06+00:00\",\"mainEntityOfPage\":{\"@id\":\"https:\/\/www.manaus.am.gov.br\/semasc\/prefeitura-prorroga-inscricoes-para-organizacoes-da-sociedade-civil-ocss\/\"},\"wordCount\":221,\"publisher\":{\"@id\":\"https:\/\/www.manaus.am.gov.br\/semasc\/#organization\"},\"image\":{\"@id\":\"https:\/\/www.manaus.am.gov.br\/semasc\/prefeitura-prorroga-inscricoes-para-organizacoes-da-sociedade-civil-ocss\/#primaryimage\"},\"thumbnailUrl\":\"https:\/\/www.manaus.am.gov.br\/semasc\/wp-content\/uploads\/sites\/17\/2023\/08\/Nota-1.png\",\"keywords\":[\"edital \u2018Manaus Faz Cultura\u2019\",\"organiza\u00e7\u00f5es da sociedade civil\",\"Semasc\"],\"articleSection\":[\"Edital\"],\"inLanguage\":\"pt-BR\"},{\"@type\":\"WebPage\",\"@id\":\"https:\/\/www.manaus.am.gov.br\/semasc\/prefeitura-prorroga-inscricoes-para-organizacoes-da-sociedade-civil-ocss\/\",\"url\":\"https:\/\/www.manaus.am.gov.br\/semasc\/prefeitura-prorroga-inscricoes-para-organizacoes-da-sociedade-civil-ocss\/\",\"name\":\"Prefeitura prorroga inscri\u00e7\u00f5es para o credenciamento de OCSs\",\"isPartOf\":{\"@id\":\"https:\/\/www.manaus.am.gov.br\/semasc\/#website\"},\"primaryImageOfPage\":{\"@id\":\"https:\/\/www.manaus.am.gov.br\/semasc\/prefeitura-prorroga-inscricoes-para-organizacoes-da-sociedade-civil-ocss\/#primaryimage\"},\"image\":{\"@id\":\"https:\/\/www.manaus.am.gov.br\/semasc\/prefeitura-prorroga-inscricoes-para-organizacoes-da-sociedade-civil-ocss\/#primaryimage\"},\"thumbnailUrl\":\"https:\/\/www.manaus.am.gov.br\/semasc\/wp-content\/uploads\/sites\/17\/2023\/08\/Nota-1.png\",\"datePublished\":\"2023-12-04T20:42:05+00:00\",\"dateModified\":\"2023-12-04T20:42:06+00:00\",\"description\":\"A Prefeitura de Manaus publicou a Portaria N\u00ba 341\/2023, que altera o edital para credenciamento de Organiza\u00e7\u00f5es da Sociedade Civil (OCSc)\",\"breadcrumb\":{\"@id\":\"https:\/\/www.manaus.am.gov.br\/semasc\/prefeitura-prorroga-inscricoes-para-organizacoes-da-sociedade-civil-ocss\/#breadcrumb\"},\"inLanguage\":\"pt-BR\",\"potentialAction\":[{\"@type\":\"ReadAction\",\"target\":[\"https:\/\/www.manaus.am.gov.br\/semasc\/prefeitura-prorroga-inscricoes-para-organizacoes-da-sociedade-civil-ocss\/\"]}]},{\"@type\":\"ImageObject\",\"inLanguage\":\"pt-BR\",\"@id\":\"https:\/\/www.manaus.am.gov.br\/semasc\/prefeitura-prorroga-inscricoes-para-organizacoes-da-sociedade-civil-ocss\/#primaryimage\",\"url\":\"https:\/\/www.manaus.am.gov.br\/semasc\/wp-content\/uploads\/sites\/17\/2023\/08\/Nota-1.png\",\"contentUrl\":\"https:\/\/www.manaus.am.gov.br\/semasc\/wp-content\/uploads\/sites\/17\/2023\/08\/Nota-1.png\",\"width\":900,\"height\":509},{\"@type\":\"BreadcrumbList\",\"@id\":\"https:\/\/www.manaus.am.gov.br\/semasc\/prefeitura-prorroga-inscricoes-para-organizacoes-da-sociedade-civil-ocss\/#breadcrumb\",\"itemListElement\":[{\"@type\":\"ListItem\",\"position\":1,\"name\":\"Home\",\"item\":\"https:\/\/www.manaus.am.gov.br\/semasc\/\"},{\"@type\":\"ListItem\",\"position\":2,\"name\":\"Prefeitura prorroga inscri\u00e7\u00f5es para Organiza\u00e7\u00f5es da Sociedade Civil (OCSs)\"}]},{\"@type\":\"WebSite\",\"@id\":\"https:\/\/www.manaus.am.gov.br\/semasc\/#website\",\"url\":\"https:\/\/www.manaus.am.gov.br\/semasc\/\",\"name\":\"SEMASC\",\"description\":\"Secretaria Municipal da Mulher, Assist\u00eancia Social e Cidadania.\",\"publisher\":{\"@id\":\"https:\/\/www.manaus.am.gov.br\/semasc\/#organization\"},\"alternateName\":\"Secretaria Municipal da Mulher, Assist\u00eancia Social e Cidadania\",\"potentialAction\":[{\"@type\":\"SearchAction\",\"target\":{\"@type\":\"EntryPoint\",\"urlTemplate\":\"https:\/\/www.manaus.am.gov.br\/semasc\/?s={search_term_string}\"},\"query-input\":\"required name=search_term_string\"}],\"inLanguage\":\"pt-BR\"},{\"@type\":\"Organization\",\"@id\":\"https:\/\/www.manaus.am.gov.br\/semasc\/#organization\",\"name\":\"Prefeitura de Manaus\",\"alternateName\":\"Prefeitura Municipal de Manaus\",\"url\":\"https:\/\/www.manaus.am.gov.br\/semasc\/\",\"logo\":{\"@type\":\"ImageObject\",\"inLanguage\":\"pt-BR\",\"@id\":\"https:\/\/www.manaus.am.gov.br\/semasc\/#\/schema\/logo\/image\/\",\"url\":\"https:\/\/www.manaus.am.gov.br\/semasc\/wp-content\/uploads\/sites\/17\/2024\/07\/favicon.png\",\"contentUrl\":\"https:\/\/www.manaus.am.gov.br\/semasc\/wp-content\/uploads\/sites\/17\/2024\/07\/favicon.png\",\"width\":300,\"height\":300,\"caption\":\"Prefeitura de Manaus\"},\"image\":{\"@id\":\"https:\/\/www.manaus.am.gov.br\/semasc\/#\/schema\/logo\/image\/\"},\"sameAs\":[\"https:\/\/www.facebook.com\/semascmanaus\",\"https:\/\/www.instagram.com\/semascmanaus\/\"]},{\"@type\":\"Person\",\"@id\":\"https:\/\/www.manaus.am.gov.br\/semasc\/#\/schema\/person\/a5ee5376db6e21af026374b369f30882\",\"name\":\"Thiago Fernando\",\"image\":{\"@type\":\"ImageObject\",\"inLanguage\":\"pt-BR\",\"@id\":\"https:\/\/www.manaus.am.gov.br\/semasc\/#\/schema\/person\/image\/\",\"url\":\"https:\/\/secure.gravatar.com\/avatar\/f5aab8722444041451501c077052ac07?s=96&d=mm&r=g\",\"contentUrl\":\"https:\/\/secure.gravatar.com\/avatar\/f5aab8722444041451501c077052ac07?s=96&d=mm&r=g\",\"caption\":\"Thiago Fernando\"}}]}<\/script>\n<!-- \/ Yoast SEO plugin. -->","yoast_head_json":{"title":"Prefeitura prorroga inscri\u00e7\u00f5es para o credenciamento de OCSs","description":"A Prefeitura de Manaus publicou a Portaria N\u00ba 341\/2023, que altera o edital para credenciamento de Organiza\u00e7\u00f5es da Sociedade Civil (OCSc)","robots":{"index":"noindex","follow":"follow"},"og_locale":"pt_BR","og_type":"article","og_title":"Prefeitura prorroga inscri\u00e7\u00f5es para o credenciamento de OCSs","og_description":"A Prefeitura de Manaus publicou a Portaria N\u00ba 341\/2023, que altera o edital para credenciamento de Organiza\u00e7\u00f5es da Sociedade Civil (OCSc)","og_url":"https:\/\/www.manaus.am.gov.br\/semasc\/prefeitura-prorroga-inscricoes-para-organizacoes-da-sociedade-civil-ocss\/","og_site_name":"SEMASC","article_publisher":"https:\/\/www.facebook.com\/semascmanaus","article_published_time":"2023-12-04T20:42:05+00:00","article_modified_time":"2023-12-04T20:42:06+00:00","og_image":[{"width":900,"height":509,"url":"https:\/\/www.manaus.am.gov.br\/semasc\/wp-content\/uploads\/sites\/17\/2023\/08\/Nota-1.png","type":"image\/png"}],"author":"Thiago Fernando","twitter_card":"summary_large_image","twitter_misc":{"Written by":"Thiago Fernando","Est. reading time":"1 minuto"},"schema":{"@context":"https:\/\/schema.org","@graph":[{"@type":"Article","@id":"https:\/\/www.manaus.am.gov.br\/semasc\/prefeitura-prorroga-inscricoes-para-organizacoes-da-sociedade-civil-ocss\/#article","isPartOf":{"@id":"https:\/\/www.manaus.am.gov.br\/semasc\/prefeitura-prorroga-inscricoes-para-organizacoes-da-sociedade-civil-ocss\/"},"author":{"name":"Thiago Fernando","@id":"https:\/\/www.manaus.am.gov.br\/semasc\/#\/schema\/person\/a5ee5376db6e21af026374b369f30882"},"headline":"Prefeitura prorroga inscri\u00e7\u00f5es para Organiza\u00e7\u00f5es da Sociedade Civil (OCSs)","datePublished":"2023-12-04T20:42:05+00:00","dateModified":"2023-12-04T20:42:06+00:00","mainEntityOfPage":{"@id":"https:\/\/www.manaus.am.gov.br\/semasc\/prefeitura-prorroga-inscricoes-para-organizacoes-da-sociedade-civil-ocss\/"},"wordCount":221,"publisher":{"@id":"https:\/\/www.manaus.am.gov.br\/semasc\/#organization"},"image":{"@id":"https:\/\/www.manaus.am.gov.br\/semasc\/prefeitura-prorroga-inscricoes-para-organizacoes-da-sociedade-civil-ocss\/#primaryimage"},"thumbnailUrl":"https:\/\/www.manaus.am.gov.br\/semasc\/wp-content\/uploads\/sites\/17\/2023\/08\/Nota-1.png","keywords":["edital \u2018Manaus Faz Cultura\u2019","organiza\u00e7\u00f5es da sociedade civil","Semasc"],"articleSection":["Edital"],"inLanguage":"pt-BR"},{"@type":"WebPage","@id":"https:\/\/www.manaus.am.gov.br\/semasc\/prefeitura-prorroga-inscricoes-para-organizacoes-da-sociedade-civil-ocss\/","url":"https:\/\/www.manaus.am.gov.br\/semasc\/prefeitura-prorroga-inscricoes-para-organizacoes-da-sociedade-civil-ocss\/","name":"Prefeitura prorroga inscri\u00e7\u00f5es para o credenciamento de OCSs","isPartOf":{"@id":"https:\/\/www.manaus.am.gov.br\/semasc\/#website"},"primaryImageOfPage":{"@id":"https:\/\/www.manaus.am.gov.br\/semasc\/prefeitura-prorroga-inscricoes-para-organizacoes-da-sociedade-civil-ocss\/#primaryimage"},"image":{"@id":"https:\/\/www.manaus.am.gov.br\/semasc\/prefeitura-prorroga-inscricoes-para-organizacoes-da-sociedade-civil-ocss\/#primaryimage"},"thumbnailUrl":"https:\/\/www.manaus.am.gov.br\/semasc\/wp-content\/uploads\/sites\/17\/2023\/08\/Nota-1.png","datePublished":"2023-12-04T20:42:05+00:00","dateModified":"2023-12-04T20:42:06+00:00","description":"A Prefeitura de Manaus publicou a Portaria N\u00ba 341\/2023, que altera o edital para credenciamento de Organiza\u00e7\u00f5es da Sociedade Civil (OCSc)","breadcrumb":{"@id":"https:\/\/www.manaus.am.gov.br\/semasc\/prefeitura-prorroga-inscricoes-para-organizacoes-da-sociedade-civil-ocss\/#breadcrumb"},"inLanguage":"pt-BR","potentialAction":[{"@type":"ReadAction","target":["https:\/\/www.manaus.am.gov.br\/semasc\/prefeitura-prorroga-inscricoes-para-organizacoes-da-sociedade-civil-ocss\/"]}]},{"@type":"ImageObject","inLanguage":"pt-BR","@id":"https:\/\/www.manaus.am.gov.br\/semasc\/prefeitura-prorroga-inscricoes-para-organizacoes-da-sociedade-civil-ocss\/#primaryimage","url":"https:\/\/www.manaus.am.gov.br\/semasc\/wp-content\/uploads\/sites\/17\/2023\/08\/Nota-1.png","contentUrl":"https:\/\/www.manaus.am.gov.br\/semasc\/wp-content\/uploads\/sites\/17\/2023\/08\/Nota-1.png","width":900,"height":509},{"@type":"BreadcrumbList","@id":"https:\/\/www.manaus.am.gov.br\/semasc\/prefeitura-prorroga-inscricoes-para-organizacoes-da-sociedade-civil-ocss\/#breadcrumb","itemListElement":[{"@type":"ListItem","position":1,"name":"Home","item":"https:\/\/www.manaus.am.gov.br\/semasc\/"},{"@type":"ListItem","position":2,"name":"Prefeitura prorroga inscri\u00e7\u00f5es para Organiza\u00e7\u00f5es da Sociedade Civil (OCSs)"}]},{"@type":"WebSite","@id":"https:\/\/www.manaus.am.gov.br\/semasc\/#website","url":"https:\/\/www.manaus.am.gov.br\/semasc\/","name":"SEMASC","description":"Secretaria Municipal da Mulher, Assist\u00eancia Social e Cidadania.","publisher":{"@id":"https:\/\/www.manaus.am.gov.br\/semasc\/#organization"},"alternateName":"Secretaria Municipal da Mulher, Assist\u00eancia Social e Cidadania","potentialAction":[{"@type":"SearchAction","target":{"@type":"EntryPoint","urlTemplate":"https:\/\/www.manaus.am.gov.br\/semasc\/?s={search_term_string}"},"query-input":"required name=search_term_string"}],"inLanguage":"pt-BR"},{"@type":"Organization","@id":"https:\/\/www.manaus.am.gov.br\/semasc\/#organization","name":"Prefeitura de Manaus","alternateName":"Prefeitura Municipal de Manaus","url":"https:\/\/www.manaus.am.gov.br\/semasc\/","logo":{"@type":"ImageObject","inLanguage":"pt-BR","@id":"https:\/\/www.manaus.am.gov.br\/semasc\/#\/schema\/logo\/image\/","url":"https:\/\/www.manaus.am.gov.br\/semasc\/wp-content\/uploads\/sites\/17\/2024\/07\/favicon.png","contentUrl":"https:\/\/www.manaus.am.gov.br\/semasc\/wp-content\/uploads\/sites\/17\/2024\/07\/favicon.png","width":300,"height":300,"caption":"Prefeitura de Manaus"},"image":{"@id":"https:\/\/www.manaus.am.gov.br\/semasc\/#\/schema\/logo\/image\/"},"sameAs":["https:\/\/www.facebook.com\/semascmanaus","https:\/\/www.instagram.com\/semascmanaus\/"]},{"@type":"Person","@id":"https:\/\/www.manaus.am.gov.br\/semasc\/#\/schema\/person\/a5ee5376db6e21af026374b369f30882","name":"Thiago Fernando","image":{"@type":"ImageObject","inLanguage":"pt-BR","@id":"https:\/\/www.manaus.am.gov.br\/semasc\/#\/schema\/person\/image\/","url":"https:\/\/secure.gravatar.com\/avatar\/f5aab8722444041451501c077052ac07?s=96&d=mm&r=g","contentUrl":"https:\/\/secure.gravatar.com\/avatar\/f5aab8722444041451501c077052ac07?s=96&d=mm&r=g","caption":"Thiago Fernando"}}]}},"_links":{"self":[{"href":"https:\/\/www.manaus.am.gov.br\/semasc\/wp-json\/wp\/v2\/posts\/209473"}],"collection":[{"href":"https:\/\/www.manaus.am.gov.br\/semasc\/wp-json\/wp\/v2\/posts"}],"about":[{"href":"https:\/\/www.manaus.am.gov.br\/semasc\/wp-json\/wp\/v2\/types\/post"}],"author":[{"embeddable":true,"href":"https:\/\/www.manaus.am.gov.br\/semasc\/wp-json\/wp\/v2\/users\/57"}],"replies":[{"embeddable":true,"href":"https:\/\/www.manaus.am.gov.br\/semasc\/wp-json\/wp\/v2\/comments?post=209473"}],"version-history":[{"count":0,"href":"https:\/\/www.manaus.am.gov.br\/semasc\/wp-json\/wp\/v2\/posts\/209473\/revisions"}],"wp:featuredmedia":[{"embeddable":true,"href":"https:\/\/www.manaus.am.gov.br\/semasc\/wp-json\/wp\/v2\/media\/208808"}],"wp:attachment":[{"href":"https:\/\/www.manaus.am.gov.br\/semasc\/wp-json\/wp\/v2\/media?parent=209473"}],"wp:term":[{"taxonomy":"category","embeddable":true,"href":"https:\/\/www.manaus.am.gov.br\/semasc\/wp-json\/wp\/v2\/categories?post=209473"},{"taxonomy":"post_tag","embeddable":true,"href":"https:\/\/www.manaus.am.gov.br\/semasc\/wp-json\/wp\/v2\/tags?post=209473"}],"curies":[{"name":"wp","href":"https:\/\/api.w.org\/{rel}","templated":true}]}}