{"id":209468,"date":"2023-12-04T15:01:55","date_gmt":"2023-12-04T19:01:55","guid":{"rendered":"https:\/\/www.manaus.am.gov.br\/semasc\/prefeitura-e-shopping-promovem-sessao-de-cinema-para-familias-atendidas-por-equipamentos-socioassistenciais\/"},"modified":"2024-11-04T09:51:01","modified_gmt":"2024-11-04T13:51:01","slug":"prefeitura-e-shopping-promovem-sessao-de-cinema-para-familias-atendidas-por-equipamentos-socioassistenciais","status":"publish","type":"post","link":"https:\/\/www.manaus.am.gov.br\/semasc\/prefeitura-e-shopping-promovem-sessao-de-cinema-para-familias-atendidas-por-equipamentos-socioassistenciais\/","title":{"rendered":"Prefeitura e shopping promovem sess\u00e3o de cinema para fam\u00edlias atendidas por equipamentos socioassistenciais"},"content":{"rendered":"\n<p>Com o objetivo de garantir acesso \u00e0 cidadania, lazer e cultura a fam\u00edlias em situa\u00e7\u00e3o de vulnerabilidade social atendidas por equipamentos socioassistenciais administrados pelo poder p\u00fablico manauara, a Prefeitura de Manaus, por meio da Secretaria Municipal da Mulher, Assist\u00eancia Social e Cidadania (Semasc), participou, nesta segunda-feira, 4\/12, da \u00faltima sess\u00e3o do \u201cCinema Solid\u00e1rio\u201d neste ano, atividade promovida pelo Amazonas Shopping, localizado na zona Centro-Sul, em parceria com a gest\u00e3o municipal e outras entidades da sociedade civil.<\/p>\n\n\n\n<p>Ao todo, 11 crian\u00e7as e adolescentes acompanhados pelo Servi\u00e7o de Conviv\u00eancia e Fortalecimento de V\u00ednculos do Centro de Refer\u00eancia de Assist\u00eancia Social (Cras) S\u00e3o Raimundo e 17 crian\u00e7as atendidas pelo Servi\u00e7o de Acolhimento Provis\u00f3rio Ind\u00edgena Venezuelano Warao Tarum\u00e3-A\u00e7u foram convidados a participar da programa\u00e7\u00e3o.&nbsp;<\/p>\n\n\n\n<p>\u201cA atividade social \u00e9 sempre muito bem-vinda no acompanhamento psicossocial das fam\u00edlias referenciadas, principalmente, quando falamos de crian\u00e7as e adolescentes em situa\u00e7\u00e3o de vulnerabilidade social e com acesso limitado a programa\u00e7\u00f5es desse tipo. Parcerias assim s\u00e3o muito importantes para que essas crian\u00e7as se sintam inclu\u00eddas socialmente e desenvolvam um sentimento de pertencimento \u00e0 comunidade que as cerca\u201d, destacou o psic\u00f3logo do Cras S\u00e3o Raimundo, Daniel Castilho.<\/p>\n\n\n\n<p>De acordo com o coordenador de Qualidade do Amazonas Shopping, Jos\u00e9 Fortes, o \u201cCinema Solid\u00e1rio\u201d faz parte da estrat\u00e9gia de desenvolvimento sustent\u00e1vel ASG (Ambiental, Social e de Governan\u00e7a) do centro comercial, sendo uma atividade voltada, principalmente, para a amplia\u00e7\u00e3o da acessibilidade das experi\u00eancias oferecidas pelo shopping.<\/p>\n\n\n\n<p>\u201cAcreditamos que, enquanto empresa, possu\u00edmos um papel social muito importante a ser cumprido dentro da cidade de Manaus e para com o nosso p\u00fablico, por isso o desenvolvimento de uma programa\u00e7\u00e3o como o \u2018Cinema Solid\u00e1rio\u2019 \u00e9 t\u00e3o importante para o shopping\u201d, explicou.<\/p>\n\n\n\n<p>M\u00e3e do pequeno Jo\u00e3o Gabriel, de 8 anos, portador de paralisia cerebral, a dona de casa Mirta Matos, cuja fam\u00edlia \u00e9 acompanhada pelo Cras S\u00e3o Raimundo, elogiou a programa\u00e7\u00e3o e ressaltou a import\u00e2ncia de atividades que promovam o acesso do filho a momentos de lazer e entretenimento de qualidade.<\/p>\n\n\n\n<p>\u201cComo m\u00e3e de uma crian\u00e7a com necessidades especiais, vejo que a Prefeitura de Manaus e seus parceiros v\u00eam abra\u00e7ando a quest\u00e3o da inclus\u00e3o social. N\u00e3o tenho palavras para descrever a emo\u00e7\u00e3o que foi participar de uma manh\u00e3 como essa ao lado do meu filho. S\u00f3 tenho a agradecer\u201d, finalizou.<\/p>\n\n\n\n<p>&#8212; &#8212; &#8212;<\/p>\n\n\n\n<p><strong>Texto &#8211;&nbsp;<\/strong>Guilherme Pacheco \/ Semasc<\/p>\n\n\n\n<p><strong>Fotos &#8211;&nbsp;<\/strong>Diego Lima \/ Semasc<\/p>\n","protected":false},"excerpt":{"rendered":"","protected":false},"author":23,"featured_media":209469,"comment_status":"closed","ping_status":"closed","sticky":false,"template":"","format":"standard","meta":{"footnotes":""},"categories":[34],"tags":[72,757,7,18,758],"acf":[],"yoast_head":"<!-- This site is optimized with the Yoast SEO plugin v23.0 - https:\/\/yoast.com\/wordpress\/plugins\/seo\/ -->\n<title>Prefeitura promove sess\u00e3o de cinema para fam\u00edlias atendidas por equipamentos socioassistenciais<\/title>\n<meta name=\"description\" content=\"Com o objetivo de garantir acesso \u00e0 cidadania, lazer e cultura a fam\u00edlias em situa\u00e7\u00e3o de vulnerabilidade social atendidas por equipamentos socioassistenciais administrados pelo poder p\u00fablico manauara, a Prefeitura de Manaus, por meio da Secretaria Municipal da Mulher, Assist\u00eancia Social e Cidadania (Semasc), participou, nesta segunda-feira, 4\/12, da \u00faltima sess\u00e3o do \u201cCinema Solid\u00e1rio\u201d neste ano, atividade promovida pelo Amazonas Shopping, localizado na zona Centro-Sul, em parceria com a gest\u00e3o municipal e outras entidades da sociedade civil.\" \/>\n<meta name=\"robots\" content=\"noindex, follow\" \/>\n<meta property=\"og:locale\" content=\"pt_BR\" \/>\n<meta property=\"og:type\" content=\"article\" \/>\n<meta property=\"og:title\" content=\"Prefeitura promove sess\u00e3o de cinema para fam\u00edlias atendidas por equipamentos socioassistenciais\" \/>\n<meta property=\"og:description\" content=\"Com o objetivo de garantir acesso \u00e0 cidadania, lazer e cultura a fam\u00edlias em situa\u00e7\u00e3o de vulnerabilidade social atendidas por equipamentos socioassistenciais administrados pelo poder p\u00fablico manauara, a Prefeitura de Manaus, por meio da Secretaria Municipal da Mulher, Assist\u00eancia Social e Cidadania (Semasc), participou, nesta segunda-feira, 4\/12, da \u00faltima sess\u00e3o do \u201cCinema Solid\u00e1rio\u201d neste ano, atividade promovida pelo Amazonas Shopping, localizado na zona Centro-Sul, em parceria com a gest\u00e3o municipal e outras entidades da sociedade civil.\" \/>\n<meta property=\"og:url\" content=\"https:\/\/www.manaus.am.gov.br\/semasc\/prefeitura-e-shopping-promovem-sessao-de-cinema-para-familias-atendidas-por-equipamentos-socioassistenciais\/\" \/>\n<meta property=\"og:site_name\" content=\"SEMASC\" \/>\n<meta property=\"article:publisher\" content=\"https:\/\/www.facebook.com\/semascmanaus\" \/>\n<meta property=\"article:published_time\" content=\"2023-12-04T19:01:55+00:00\" \/>\n<meta property=\"article:modified_time\" content=\"2024-11-04T13:51:01+00:00\" \/>\n<meta property=\"og:image\" content=\"https:\/\/www.manaus.am.gov.br\/semasc\/wp-content\/uploads\/sites\/17\/2023\/12\/WhatsApp-Image-2023-12-04-at-14.36.10.jpeg\" \/>\n\t<meta property=\"og:image:width\" content=\"2560\" \/>\n\t<meta property=\"og:image:height\" content=\"1706\" \/>\n\t<meta property=\"og:image:type\" content=\"image\/jpeg\" \/>\n<meta name=\"author\" content=\"Adriana Costa\" \/>\n<meta name=\"twitter:card\" content=\"summary_large_image\" \/>\n<meta name=\"twitter:label1\" content=\"Written by\" \/>\n\t<meta name=\"twitter:data1\" content=\"Adriana Costa\" \/>\n\t<meta name=\"twitter:label2\" content=\"Est. reading time\" \/>\n\t<meta name=\"twitter:data2\" content=\"3 minutos\" \/>\n<script type=\"application\/ld+json\" class=\"yoast-schema-graph\">{\"@context\":\"https:\/\/schema.org\",\"@graph\":[{\"@type\":\"Article\",\"@id\":\"https:\/\/www.manaus.am.gov.br\/semasc\/prefeitura-e-shopping-promovem-sessao-de-cinema-para-familias-atendidas-por-equipamentos-socioassistenciais\/#article\",\"isPartOf\":{\"@id\":\"https:\/\/www.manaus.am.gov.br\/semasc\/prefeitura-e-shopping-promovem-sessao-de-cinema-para-familias-atendidas-por-equipamentos-socioassistenciais\/\"},\"author\":{\"name\":\"Adriana Costa\",\"@id\":\"https:\/\/www.manaus.am.gov.br\/semasc\/#\/schema\/person\/4e49f4e267757a06ca072ec61b2b9968\"},\"headline\":\"Prefeitura e shopping promovem sess\u00e3o de cinema para fam\u00edlias atendidas por equipamentos socioassistenciais\",\"datePublished\":\"2023-12-04T19:01:55+00:00\",\"dateModified\":\"2024-11-04T13:51:01+00:00\",\"mainEntityOfPage\":{\"@id\":\"https:\/\/www.manaus.am.gov.br\/semasc\/prefeitura-e-shopping-promovem-sessao-de-cinema-para-familias-atendidas-por-equipamentos-socioassistenciais\/\"},\"wordCount\":449,\"publisher\":{\"@id\":\"https:\/\/www.manaus.am.gov.br\/semasc\/#organization\"},\"image\":{\"@id\":\"https:\/\/www.manaus.am.gov.br\/semasc\/prefeitura-e-shopping-promovem-sessao-de-cinema-para-familias-atendidas-por-equipamentos-socioassistenciais\/#primaryimage\"},\"thumbnailUrl\":\"https:\/\/www.manaus.am.gov.br\/semasc\/wp-content\/uploads\/sites\/17\/2023\/12\/WhatsApp-Image-2023-12-04-at-14.36.10.jpeg\",\"keywords\":[\"assist\u00eancia social\",\"cinema solid\u00e1rio\",\"prefeitura de manaus\",\"Semasc\",\"shopping\"],\"articleSection\":[\"Assist\u00eancia Social\"],\"inLanguage\":\"pt-BR\"},{\"@type\":\"WebPage\",\"@id\":\"https:\/\/www.manaus.am.gov.br\/semasc\/prefeitura-e-shopping-promovem-sessao-de-cinema-para-familias-atendidas-por-equipamentos-socioassistenciais\/\",\"url\":\"https:\/\/www.manaus.am.gov.br\/semasc\/prefeitura-e-shopping-promovem-sessao-de-cinema-para-familias-atendidas-por-equipamentos-socioassistenciais\/\",\"name\":\"Prefeitura promove sess\u00e3o de cinema para fam\u00edlias atendidas por equipamentos socioassistenciais\",\"isPartOf\":{\"@id\":\"https:\/\/www.manaus.am.gov.br\/semasc\/#website\"},\"primaryImageOfPage\":{\"@id\":\"https:\/\/www.manaus.am.gov.br\/semasc\/prefeitura-e-shopping-promovem-sessao-de-cinema-para-familias-atendidas-por-equipamentos-socioassistenciais\/#primaryimage\"},\"image\":{\"@id\":\"https:\/\/www.manaus.am.gov.br\/semasc\/prefeitura-e-shopping-promovem-sessao-de-cinema-para-familias-atendidas-por-equipamentos-socioassistenciais\/#primaryimage\"},\"thumbnailUrl\":\"https:\/\/www.manaus.am.gov.br\/semasc\/wp-content\/uploads\/sites\/17\/2023\/12\/WhatsApp-Image-2023-12-04-at-14.36.10.jpeg\",\"datePublished\":\"2023-12-04T19:01:55+00:00\",\"dateModified\":\"2024-11-04T13:51:01+00:00\",\"description\":\"Com o objetivo de garantir acesso \u00e0 cidadania, lazer e cultura a fam\u00edlias em situa\u00e7\u00e3o de vulnerabilidade social atendidas por equipamentos socioassistenciais administrados pelo poder p\u00fablico manauara, a Prefeitura de Manaus, por meio da Secretaria Municipal da Mulher, Assist\u00eancia Social e Cidadania (Semasc), participou, nesta segunda-feira, 4\/12, da \u00faltima sess\u00e3o do \u201cCinema Solid\u00e1rio\u201d neste ano, atividade promovida pelo Amazonas Shopping, localizado na zona Centro-Sul, em parceria com a gest\u00e3o municipal e outras entidades da sociedade civil.\",\"breadcrumb\":{\"@id\":\"https:\/\/www.manaus.am.gov.br\/semasc\/prefeitura-e-shopping-promovem-sessao-de-cinema-para-familias-atendidas-por-equipamentos-socioassistenciais\/#breadcrumb\"},\"inLanguage\":\"pt-BR\",\"potentialAction\":[{\"@type\":\"ReadAction\",\"target\":[\"https:\/\/www.manaus.am.gov.br\/semasc\/prefeitura-e-shopping-promovem-sessao-de-cinema-para-familias-atendidas-por-equipamentos-socioassistenciais\/\"]}]},{\"@type\":\"ImageObject\",\"inLanguage\":\"pt-BR\",\"@id\":\"https:\/\/www.manaus.am.gov.br\/semasc\/prefeitura-e-shopping-promovem-sessao-de-cinema-para-familias-atendidas-por-equipamentos-socioassistenciais\/#primaryimage\",\"url\":\"https:\/\/www.manaus.am.gov.br\/semasc\/wp-content\/uploads\/sites\/17\/2023\/12\/WhatsApp-Image-2023-12-04-at-14.36.10.jpeg\",\"contentUrl\":\"https:\/\/www.manaus.am.gov.br\/semasc\/wp-content\/uploads\/sites\/17\/2023\/12\/WhatsApp-Image-2023-12-04-at-14.36.10.jpeg\",\"width\":2560,\"height\":1706},{\"@type\":\"BreadcrumbList\",\"@id\":\"https:\/\/www.manaus.am.gov.br\/semasc\/prefeitura-e-shopping-promovem-sessao-de-cinema-para-familias-atendidas-por-equipamentos-socioassistenciais\/#breadcrumb\",\"itemListElement\":[{\"@type\":\"ListItem\",\"position\":1,\"name\":\"Home\",\"item\":\"https:\/\/www.manaus.am.gov.br\/semasc\/\"},{\"@type\":\"ListItem\",\"position\":2,\"name\":\"Prefeitura e shopping promovem sess\u00e3o de cinema para fam\u00edlias atendidas por equipamentos socioassistenciais\"}]},{\"@type\":\"WebSite\",\"@id\":\"https:\/\/www.manaus.am.gov.br\/semasc\/#website\",\"url\":\"https:\/\/www.manaus.am.gov.br\/semasc\/\",\"name\":\"SEMASC\",\"description\":\"Secretaria Municipal da Mulher, Assist\u00eancia Social e Cidadania.\",\"publisher\":{\"@id\":\"https:\/\/www.manaus.am.gov.br\/semasc\/#organization\"},\"alternateName\":\"Secretaria Municipal da Mulher, Assist\u00eancia Social e Cidadania\",\"potentialAction\":[{\"@type\":\"SearchAction\",\"target\":{\"@type\":\"EntryPoint\",\"urlTemplate\":\"https:\/\/www.manaus.am.gov.br\/semasc\/?s={search_term_string}\"},\"query-input\":\"required name=search_term_string\"}],\"inLanguage\":\"pt-BR\"},{\"@type\":\"Organization\",\"@id\":\"https:\/\/www.manaus.am.gov.br\/semasc\/#organization\",\"name\":\"Prefeitura de Manaus\",\"alternateName\":\"Prefeitura Municipal de Manaus\",\"url\":\"https:\/\/www.manaus.am.gov.br\/semasc\/\",\"logo\":{\"@type\":\"ImageObject\",\"inLanguage\":\"pt-BR\",\"@id\":\"https:\/\/www.manaus.am.gov.br\/semasc\/#\/schema\/logo\/image\/\",\"url\":\"https:\/\/www.manaus.am.gov.br\/semasc\/wp-content\/uploads\/sites\/17\/2024\/07\/favicon.png\",\"contentUrl\":\"https:\/\/www.manaus.am.gov.br\/semasc\/wp-content\/uploads\/sites\/17\/2024\/07\/favicon.png\",\"width\":300,\"height\":300,\"caption\":\"Prefeitura de Manaus\"},\"image\":{\"@id\":\"https:\/\/www.manaus.am.gov.br\/semasc\/#\/schema\/logo\/image\/\"},\"sameAs\":[\"https:\/\/www.facebook.com\/semascmanaus\",\"https:\/\/www.instagram.com\/semascmanaus\/\"]},{\"@type\":\"Person\",\"@id\":\"https:\/\/www.manaus.am.gov.br\/semasc\/#\/schema\/person\/4e49f4e267757a06ca072ec61b2b9968\",\"name\":\"Adriana Costa\",\"image\":{\"@type\":\"ImageObject\",\"inLanguage\":\"pt-BR\",\"@id\":\"https:\/\/www.manaus.am.gov.br\/semasc\/#\/schema\/person\/image\/\",\"url\":\"https:\/\/secure.gravatar.com\/avatar\/576258617ef7194f718179e766d57bd4?s=96&d=mm&r=g\",\"contentUrl\":\"https:\/\/secure.gravatar.com\/avatar\/576258617ef7194f718179e766d57bd4?s=96&d=mm&r=g\",\"caption\":\"Adriana Costa\"}}]}<\/script>\n<!-- \/ Yoast SEO plugin. -->","yoast_head_json":{"title":"Prefeitura promove sess\u00e3o de cinema para fam\u00edlias atendidas por equipamentos socioassistenciais","description":"Com o objetivo de garantir acesso \u00e0 cidadania, lazer e cultura a fam\u00edlias em situa\u00e7\u00e3o de vulnerabilidade social atendidas por equipamentos socioassistenciais administrados pelo poder p\u00fablico manauara, a Prefeitura de Manaus, por meio da Secretaria Municipal da Mulher, Assist\u00eancia Social e Cidadania (Semasc), participou, nesta segunda-feira, 4\/12, da \u00faltima sess\u00e3o do \u201cCinema Solid\u00e1rio\u201d neste ano, atividade promovida pelo Amazonas Shopping, localizado na zona Centro-Sul, em parceria com a gest\u00e3o municipal e outras entidades da sociedade civil.","robots":{"index":"noindex","follow":"follow"},"og_locale":"pt_BR","og_type":"article","og_title":"Prefeitura promove sess\u00e3o de cinema para fam\u00edlias atendidas por equipamentos socioassistenciais","og_description":"Com o objetivo de garantir acesso \u00e0 cidadania, lazer e cultura a fam\u00edlias em situa\u00e7\u00e3o de vulnerabilidade social atendidas por equipamentos socioassistenciais administrados pelo poder p\u00fablico manauara, a Prefeitura de Manaus, por meio da Secretaria Municipal da Mulher, Assist\u00eancia Social e Cidadania (Semasc), participou, nesta segunda-feira, 4\/12, da \u00faltima sess\u00e3o do \u201cCinema Solid\u00e1rio\u201d neste ano, atividade promovida pelo Amazonas Shopping, localizado na zona Centro-Sul, em parceria com a gest\u00e3o municipal e outras entidades da sociedade civil.","og_url":"https:\/\/www.manaus.am.gov.br\/semasc\/prefeitura-e-shopping-promovem-sessao-de-cinema-para-familias-atendidas-por-equipamentos-socioassistenciais\/","og_site_name":"SEMASC","article_publisher":"https:\/\/www.facebook.com\/semascmanaus","article_published_time":"2023-12-04T19:01:55+00:00","article_modified_time":"2024-11-04T13:51:01+00:00","og_image":[{"width":2560,"height":1706,"url":"https:\/\/www.manaus.am.gov.br\/semasc\/wp-content\/uploads\/sites\/17\/2023\/12\/WhatsApp-Image-2023-12-04-at-14.36.10.jpeg","type":"image\/jpeg"}],"author":"Adriana Costa","twitter_card":"summary_large_image","twitter_misc":{"Written by":"Adriana Costa","Est. reading time":"3 minutos"},"schema":{"@context":"https:\/\/schema.org","@graph":[{"@type":"Article","@id":"https:\/\/www.manaus.am.gov.br\/semasc\/prefeitura-e-shopping-promovem-sessao-de-cinema-para-familias-atendidas-por-equipamentos-socioassistenciais\/#article","isPartOf":{"@id":"https:\/\/www.manaus.am.gov.br\/semasc\/prefeitura-e-shopping-promovem-sessao-de-cinema-para-familias-atendidas-por-equipamentos-socioassistenciais\/"},"author":{"name":"Adriana Costa","@id":"https:\/\/www.manaus.am.gov.br\/semasc\/#\/schema\/person\/4e49f4e267757a06ca072ec61b2b9968"},"headline":"Prefeitura e shopping promovem sess\u00e3o de cinema para fam\u00edlias atendidas por equipamentos socioassistenciais","datePublished":"2023-12-04T19:01:55+00:00","dateModified":"2024-11-04T13:51:01+00:00","mainEntityOfPage":{"@id":"https:\/\/www.manaus.am.gov.br\/semasc\/prefeitura-e-shopping-promovem-sessao-de-cinema-para-familias-atendidas-por-equipamentos-socioassistenciais\/"},"wordCount":449,"publisher":{"@id":"https:\/\/www.manaus.am.gov.br\/semasc\/#organization"},"image":{"@id":"https:\/\/www.manaus.am.gov.br\/semasc\/prefeitura-e-shopping-promovem-sessao-de-cinema-para-familias-atendidas-por-equipamentos-socioassistenciais\/#primaryimage"},"thumbnailUrl":"https:\/\/www.manaus.am.gov.br\/semasc\/wp-content\/uploads\/sites\/17\/2023\/12\/WhatsApp-Image-2023-12-04-at-14.36.10.jpeg","keywords":["assist\u00eancia social","cinema solid\u00e1rio","prefeitura de manaus","Semasc","shopping"],"articleSection":["Assist\u00eancia Social"],"inLanguage":"pt-BR"},{"@type":"WebPage","@id":"https:\/\/www.manaus.am.gov.br\/semasc\/prefeitura-e-shopping-promovem-sessao-de-cinema-para-familias-atendidas-por-equipamentos-socioassistenciais\/","url":"https:\/\/www.manaus.am.gov.br\/semasc\/prefeitura-e-shopping-promovem-sessao-de-cinema-para-familias-atendidas-por-equipamentos-socioassistenciais\/","name":"Prefeitura promove sess\u00e3o de cinema para fam\u00edlias atendidas por equipamentos socioassistenciais","isPartOf":{"@id":"https:\/\/www.manaus.am.gov.br\/semasc\/#website"},"primaryImageOfPage":{"@id":"https:\/\/www.manaus.am.gov.br\/semasc\/prefeitura-e-shopping-promovem-sessao-de-cinema-para-familias-atendidas-por-equipamentos-socioassistenciais\/#primaryimage"},"image":{"@id":"https:\/\/www.manaus.am.gov.br\/semasc\/prefeitura-e-shopping-promovem-sessao-de-cinema-para-familias-atendidas-por-equipamentos-socioassistenciais\/#primaryimage"},"thumbnailUrl":"https:\/\/www.manaus.am.gov.br\/semasc\/wp-content\/uploads\/sites\/17\/2023\/12\/WhatsApp-Image-2023-12-04-at-14.36.10.jpeg","datePublished":"2023-12-04T19:01:55+00:00","dateModified":"2024-11-04T13:51:01+00:00","description":"Com o objetivo de garantir acesso \u00e0 cidadania, lazer e cultura a fam\u00edlias em situa\u00e7\u00e3o de vulnerabilidade social atendidas por equipamentos socioassistenciais administrados pelo poder p\u00fablico manauara, a Prefeitura de Manaus, por meio da Secretaria Municipal da Mulher, Assist\u00eancia Social e Cidadania (Semasc), participou, nesta segunda-feira, 4\/12, da \u00faltima sess\u00e3o do \u201cCinema Solid\u00e1rio\u201d neste ano, atividade promovida pelo Amazonas Shopping, localizado na zona Centro-Sul, em parceria com a gest\u00e3o municipal e outras entidades da sociedade civil.","breadcrumb":{"@id":"https:\/\/www.manaus.am.gov.br\/semasc\/prefeitura-e-shopping-promovem-sessao-de-cinema-para-familias-atendidas-por-equipamentos-socioassistenciais\/#breadcrumb"},"inLanguage":"pt-BR","potentialAction":[{"@type":"ReadAction","target":["https:\/\/www.manaus.am.gov.br\/semasc\/prefeitura-e-shopping-promovem-sessao-de-cinema-para-familias-atendidas-por-equipamentos-socioassistenciais\/"]}]},{"@type":"ImageObject","inLanguage":"pt-BR","@id":"https:\/\/www.manaus.am.gov.br\/semasc\/prefeitura-e-shopping-promovem-sessao-de-cinema-para-familias-atendidas-por-equipamentos-socioassistenciais\/#primaryimage","url":"https:\/\/www.manaus.am.gov.br\/semasc\/wp-content\/uploads\/sites\/17\/2023\/12\/WhatsApp-Image-2023-12-04-at-14.36.10.jpeg","contentUrl":"https:\/\/www.manaus.am.gov.br\/semasc\/wp-content\/uploads\/sites\/17\/2023\/12\/WhatsApp-Image-2023-12-04-at-14.36.10.jpeg","width":2560,"height":1706},{"@type":"BreadcrumbList","@id":"https:\/\/www.manaus.am.gov.br\/semasc\/prefeitura-e-shopping-promovem-sessao-de-cinema-para-familias-atendidas-por-equipamentos-socioassistenciais\/#breadcrumb","itemListElement":[{"@type":"ListItem","position":1,"name":"Home","item":"https:\/\/www.manaus.am.gov.br\/semasc\/"},{"@type":"ListItem","position":2,"name":"Prefeitura e shopping promovem sess\u00e3o de cinema para fam\u00edlias atendidas por equipamentos socioassistenciais"}]},{"@type":"WebSite","@id":"https:\/\/www.manaus.am.gov.br\/semasc\/#website","url":"https:\/\/www.manaus.am.gov.br\/semasc\/","name":"SEMASC","description":"Secretaria Municipal da Mulher, Assist\u00eancia Social e Cidadania.","publisher":{"@id":"https:\/\/www.manaus.am.gov.br\/semasc\/#organization"},"alternateName":"Secretaria Municipal da Mulher, Assist\u00eancia Social e Cidadania","potentialAction":[{"@type":"SearchAction","target":{"@type":"EntryPoint","urlTemplate":"https:\/\/www.manaus.am.gov.br\/semasc\/?s={search_term_string}"},"query-input":"required name=search_term_string"}],"inLanguage":"pt-BR"},{"@type":"Organization","@id":"https:\/\/www.manaus.am.gov.br\/semasc\/#organization","name":"Prefeitura de Manaus","alternateName":"Prefeitura Municipal de Manaus","url":"https:\/\/www.manaus.am.gov.br\/semasc\/","logo":{"@type":"ImageObject","inLanguage":"pt-BR","@id":"https:\/\/www.manaus.am.gov.br\/semasc\/#\/schema\/logo\/image\/","url":"https:\/\/www.manaus.am.gov.br\/semasc\/wp-content\/uploads\/sites\/17\/2024\/07\/favicon.png","contentUrl":"https:\/\/www.manaus.am.gov.br\/semasc\/wp-content\/uploads\/sites\/17\/2024\/07\/favicon.png","width":300,"height":300,"caption":"Prefeitura de Manaus"},"image":{"@id":"https:\/\/www.manaus.am.gov.br\/semasc\/#\/schema\/logo\/image\/"},"sameAs":["https:\/\/www.facebook.com\/semascmanaus","https:\/\/www.instagram.com\/semascmanaus\/"]},{"@type":"Person","@id":"https:\/\/www.manaus.am.gov.br\/semasc\/#\/schema\/person\/4e49f4e267757a06ca072ec61b2b9968","name":"Adriana Costa","image":{"@type":"ImageObject","inLanguage":"pt-BR","@id":"https:\/\/www.manaus.am.gov.br\/semasc\/#\/schema\/person\/image\/","url":"https:\/\/secure.gravatar.com\/avatar\/576258617ef7194f718179e766d57bd4?s=96&d=mm&r=g","contentUrl":"https:\/\/secure.gravatar.com\/avatar\/576258617ef7194f718179e766d57bd4?s=96&d=mm&r=g","caption":"Adriana Costa"}}]}},"_links":{"self":[{"href":"https:\/\/www.manaus.am.gov.br\/semasc\/wp-json\/wp\/v2\/posts\/209468"}],"collection":[{"href":"https:\/\/www.manaus.am.gov.br\/semasc\/wp-json\/wp\/v2\/posts"}],"about":[{"href":"https:\/\/www.manaus.am.gov.br\/semasc\/wp-json\/wp\/v2\/types\/post"}],"author":[{"embeddable":true,"href":"https:\/\/www.manaus.am.gov.br\/semasc\/wp-json\/wp\/v2\/users\/23"}],"replies":[{"embeddable":true,"href":"https:\/\/www.manaus.am.gov.br\/semasc\/wp-json\/wp\/v2\/comments?post=209468"}],"version-history":[{"count":1,"href":"https:\/\/www.manaus.am.gov.br\/semasc\/wp-json\/wp\/v2\/posts\/209468\/revisions"}],"predecessor-version":[{"id":209502,"href":"https:\/\/www.manaus.am.gov.br\/semasc\/wp-json\/wp\/v2\/posts\/209468\/revisions\/209502"}],"wp:featuredmedia":[{"embeddable":true,"href":"https:\/\/www.manaus.am.gov.br\/semasc\/wp-json\/wp\/v2\/media\/209469"}],"wp:attachment":[{"href":"https:\/\/www.manaus.am.gov.br\/semasc\/wp-json\/wp\/v2\/media?parent=209468"}],"wp:term":[{"taxonomy":"category","embeddable":true,"href":"https:\/\/www.manaus.am.gov.br\/semasc\/wp-json\/wp\/v2\/categories?post=209468"},{"taxonomy":"post_tag","embeddable":true,"href":"https:\/\/www.manaus.am.gov.br\/semasc\/wp-json\/wp\/v2\/tags?post=209468"}],"curies":[{"name":"wp","href":"https:\/\/api.w.org\/{rel}","templated":true}]}}