{"id":209449,"date":"2023-12-01T21:21:23","date_gmt":"2023-12-02T01:21:23","guid":{"rendered":"https:\/\/www.manaus.am.gov.br\/semasc\/prefeitura-promove-atividade-de-prevencao-e-controle-do-hiv-aids-na-campanha-dezembro-vermelho\/"},"modified":"2023-12-01T21:21:25","modified_gmt":"2023-12-02T01:21:25","slug":"prefeitura-promove-atividade-de-prevencao-e-controle-do-hiv-aids-na-campanha-dezembro-vermelho","status":"publish","type":"post","link":"https:\/\/www.manaus.am.gov.br\/semasc\/prefeitura-promove-atividade-de-prevencao-e-controle-do-hiv-aids-na-campanha-dezembro-vermelho\/","title":{"rendered":"Prefeitura promove atividade de preven\u00e7\u00e3o e controle do HIV\/Aids na campanha \u2018Dezembro Vermelho\u2019"},"content":{"rendered":"\n<p>A necessidade da sensibiliza\u00e7\u00e3o da sociedade sobre a import\u00e2ncia da preven\u00e7\u00e3o ao HIV\/Aids, das a\u00e7\u00f5es de controle da doen\u00e7a e do combate ao preconceito contra pessoas que vivem com o HIV, foram refor\u00e7adas na abertura oficial da campanha \u2018Dezembro Vermelho\u2019, nesta sexta-feira, 1\/12, pela Prefeitura de Manaus, por meio da Secretaria Municipal de Sa\u00fade (Semsa), na Pra\u00e7a da Matriz, no Centro, zona Sul.<\/p>\n\n\n\n<p>A programa\u00e7\u00e3o de abertura do evento contemplou a oferta de testes r\u00e1pidos para o diagn\u00f3stico do HIV, panfletagem com material informativo, rodas de conversa, orienta\u00e7\u00f5es de preven\u00e7\u00e3o, disponibiliza\u00e7\u00e3o de preservativos internos e externos, gel lubrificante e de autotestes. A atividade foi desenvolvida em parceria com a Funda\u00e7\u00e3o de Vigil\u00e2ncia em Sa\u00fade do Amazonas \u2013 Dra. Rosemary Costa Pinto (FVS-RCP), Funda\u00e7\u00e3o de Medicina Tropical (FMT) e Organiza\u00e7\u00f5es da Sociedade Civil (OSCs).<\/p>\n\n\n\n<p>O subsecret\u00e1rio de Gest\u00e3o da Sa\u00fade da Semsa, Djalma Coelho, destacou o avan\u00e7o da atual gest\u00e3o com o fortalecimento dos Servi\u00e7os de Aten\u00e7\u00e3o Especializada (SAEs) a da oferta da Profilaxia Pr\u00e9-exposi\u00e7\u00e3o ao HIV (PrEP) e da Profilaxia P\u00f3s-Exposi\u00e7\u00e3o ao HIV (PEP), estrat\u00e9gias que s\u00e3o direcionadas a pessoas que j\u00e1 convivem ou que apresentam risco de infe\u00e7\u00e3o pelo HIV, como essenciais para fortalecer a prote\u00e7\u00e3o aos usu\u00e1rios mais vulner\u00e1veis.<\/p>\n\n\n\n<p>\u201cA Semsa tem servi\u00e7os especializados e oferta de PrEP e PEP distribu\u00eddos nos seus distritos de sa\u00fade e estamos caminhando para ampliar ainda mais o acesso a essas estrat\u00e9gias em mais unidades. A capacita\u00e7\u00e3o dos servidores para manejo cl\u00ednico de pessoas que convivem com HIV tamb\u00e9m tem sido refor\u00e7ada. Paralelamente a isso, temos um trabalho intenso de educa\u00e7\u00e3o em sa\u00fade para contribuir na sensibiliza\u00e7\u00e3o da sociedade\u201d, acentuou.<\/p>\n\n\n\n<p>Segundo a diretora de Vigil\u00e2ncia Epidemiol\u00f3gica, Ambiental, Zoonoses e da Sa\u00fade do Trabalhador (DVAE\/Semsa), Marin\u00e9lia Ferreira, o evento foi essencial para chamar a aten\u00e7\u00e3o sobre as atividades que ser\u00e3o desenvolvidas ao longo do m\u00eas de dezembro, com a intensifica\u00e7\u00e3o das a\u00e7\u00f5es de preven\u00e7\u00e3o e controle do HIV\/Aids, e atividades de educa\u00e7\u00e3o em sa\u00fade.<\/p>\n\n\n\n<p>\u201cEsse \u00e9 um movimento que acontece todos os anos para mobilizar a sociedade em rela\u00e7\u00e3o \u00e0s formas de preven\u00e7\u00e3o e da import\u00e2ncia da realiza\u00e7\u00e3o do teste r\u00e1pido para o diagn\u00f3stico precoce, assim como informar sobre os servi\u00e7os que existem na rede municipal para o acompanhamento cl\u00ednico dos pacientes. Com esse refor\u00e7o nas a\u00e7\u00f5es, a Semsa consegue envolver um maior n\u00famero de pessoas, potencializando o alerta sobre os riscos da infec\u00e7\u00e3o\u201d, explicou Marin\u00e9lia.<\/p>\n\n\n\n<p>A Aids \u00e9 uma doen\u00e7a causada pelo V\u00edrus da Imunodefici\u00eancia Humana (HIV \u00e9 a sigla em ingl\u00eas), que ataca o sistema imunol\u00f3gico e prejudica a capacidade de defesa do organismo contra doen\u00e7as. O v\u00edrus \u00e9 transmitido, principalmente, por meio do contato sexual (oral, vaginal, anal), sem o uso de preservativo, com uma pessoa que esteja infectada. Tamb\u00e9m pode ocorrer transmiss\u00e3o da m\u00e3e para a crian\u00e7a durante a gesta\u00e7\u00e3o, o parto ou a amamenta\u00e7\u00e3o.<\/p>\n\n\n\n<p><strong>Grupos vulner\u00e1veis<\/strong><\/p>\n\n\n\n<p>Ao longo do evento, equipes de abordagem social da Secretaria Municipal da Mulher, Assist\u00eancia Social e Cidadania (Semasc) atuaram na sensibiliza\u00e7\u00e3o e distribui\u00e7\u00e3o de preservativos a pessoas em situa\u00e7\u00e3o de rua e profissionais do sexo presentes no entorno da Pra\u00e7a da Matriz.<\/p>\n\n\n\n<p>A subsecret\u00e1ria de Pol\u00edticas Afirmativas para Mulheres e Direitos Humanos da Semasc, Gra\u00e7a Prola, destacou a import\u00e2ncia do foco da gest\u00e3o municipal no atendimento a diferentes grupos em situa\u00e7\u00e3o de vulnerabilidade social.<\/p>\n\n\n\n<p>&#8220;A Prefeitura de Manaus, preocupada com todos os segmentos populacionais do munic\u00edpio, trabalha hoje para que todos tenham acesso aos servi\u00e7os de preven\u00e7\u00e3o ao HIV e outros tipos de Infec\u00e7\u00f5es Sexualmente Transmiss\u00edveis (ISTs). O foco nesses dois grupos em espec\u00edfico, seja nas ruas ou dentro dos nossos servi\u00e7os de atendimento especializado, \u00e9 fundamental para que a campanha chegue onde deve chegar e atinja quem deve atingir&#8221;, explicou.<\/p>\n\n\n\n<p>A a\u00e7\u00f5es de sensibiliza\u00e7\u00e3o conjuntas entre Semasc e Semsa prosseguiram no bairro Jorge Teixeira, na zona Leste, contando com o apoio da Unidade B\u00e1sica de Sa\u00fade (UBS) M\u00f3vel.<\/p>\n\n\n\n<p><strong>Teste r\u00e1pido<\/strong><\/p>\n\n\n\n<p>A chefe do N\u00facleo de Controle de HIV\/Aids, Infec\u00e7\u00f5es Sexualmente Transmiss\u00edveis (ISTs) e Hepatites Virais da Semsa, Ant\u00f4nia Thayn\u00e1 Souza Saraiva da Silva, informou que o teste r\u00e1pido para HIV est\u00e1 dispon\u00edvel em 196 Unidades de Sa\u00fade da rede municipal e apresenta resultado em no m\u00e1ximo, 30 minutos.<\/p>\n\n\n\n<p>\u201c\u00c9 um exame muito pr\u00e1tico por n\u00e3o ter necessidade de estrutura laboratorial e \u00e9 feito com a coleta de sangue da ponta dos dedos da m\u00e3o. O servi\u00e7o est\u00e1 dispon\u00edvel durante todo o ano na rede de atendimento da Semsa, mas os profissionais de sa\u00fade tamb\u00e9m v\u00e3o intensificar a oferta no m\u00eas de dezembro em a\u00e7\u00f5es fora das unidades de sa\u00fade, o que vai facilitar o acesso e atingir um maior n\u00famero de pessoas\u201d, afirmou Thayn\u00e1 Silva.<\/p>\n\n\n\n<p><strong>Dados epidemiol\u00f3gicos<\/strong><\/p>\n\n\n\n<p>Segundo dados do Sistema de Informa\u00e7\u00e3o de Agravos de Notifica\u00e7\u00e3o (Sinan NET NUHIV\/Minist\u00e9rio da Sa\u00fade), no per\u00edodo de janeiro a outubro de 2023, Manaus registrou 1.220 novos casos de HIV em adultos residentes na cidade. O dado aponta tend\u00eancia para redu\u00e7\u00e3o de casos em compara\u00e7\u00e3o a 2022, ano em que houve o registro de um total de 1.901 casos novos de HIV.<\/p>\n\n\n\n<p>Entre os casos identificados este ano, pessoas do sexo masculino apresentam maior preval\u00eancia com 77,6% dos casos, sendo que 78,9% dos casos est\u00e3o concentrados na popula\u00e7\u00e3o jovem, com vida sexual\/reprodutiva ativa na faixa et\u00e1ria entre 10 a 39 anos.<\/p>\n\n\n\n<p>Tamb\u00e9m entre janeiro e outubro de 2023, foram registrados 376 casos novos de Aids, com predomin\u00e2ncia no sexo de nascimento masculino (78.4%) e na faixa et\u00e1ria de 20 a 39 anos (57,9%).<\/p>\n\n\n\n<p>\u2013 \u2013 \u2013<br><strong>Texto &#8211;<\/strong> Euriv\u00e2nia Gal\u00facio \/ Semsa e Guilherme Pacheco \/ Semasc<br><strong>Fotos &#8211; <\/strong>Alexandre Pinheiro \/ Semsa<\/p>\n","protected":false},"excerpt":{"rendered":"","protected":false},"author":57,"featured_media":209450,"comment_status":"closed","ping_status":"closed","sticky":false,"template":"","format":"standard","meta":{"footnotes":""},"categories":[24],"tags":[755,756,587,710],"acf":[],"yoast_head":"<!-- This site is optimized with the Yoast SEO plugin v23.0 - https:\/\/yoast.com\/wordpress\/plugins\/seo\/ -->\n<title>Prefeitura promove atividade na campanha \u2018Dezembro Vermelho\u2019<\/title>\n<meta name=\"description\" content=\"A necessidade da sensibiliza\u00e7\u00e3o da sociedade sobre a import\u00e2ncia da preven\u00e7\u00e3o ao HIV\/Aids, foram refor\u00e7adas na abertura do \u2018Dezembro Vermelho\u2019\" \/>\n<meta name=\"robots\" content=\"noindex, follow\" \/>\n<meta property=\"og:locale\" content=\"pt_BR\" \/>\n<meta property=\"og:type\" content=\"article\" \/>\n<meta property=\"og:title\" content=\"Prefeitura promove atividade na campanha \u2018Dezembro Vermelho\u2019\" \/>\n<meta property=\"og:description\" content=\"A necessidade da sensibiliza\u00e7\u00e3o da sociedade sobre a import\u00e2ncia da preven\u00e7\u00e3o ao HIV\/Aids, foram refor\u00e7adas na abertura do \u2018Dezembro Vermelho\u2019\" \/>\n<meta property=\"og:url\" content=\"https:\/\/www.manaus.am.gov.br\/semasc\/prefeitura-promove-atividade-de-prevencao-e-controle-do-hiv-aids-na-campanha-dezembro-vermelho\/\" \/>\n<meta property=\"og:site_name\" content=\"SEMASC\" \/>\n<meta property=\"article:publisher\" content=\"https:\/\/www.facebook.com\/semascmanaus\" \/>\n<meta property=\"article:published_time\" content=\"2023-12-02T01:21:23+00:00\" \/>\n<meta property=\"article:modified_time\" content=\"2023-12-02T01:21:25+00:00\" \/>\n<meta property=\"og:image\" content=\"https:\/\/www.manaus.am.gov.br\/semasc\/wp-content\/uploads\/sites\/17\/2023\/12\/Dezembro-Vermelho-3.jpeg\" \/>\n\t<meta property=\"og:image:width\" content=\"1600\" \/>\n\t<meta property=\"og:image:height\" content=\"1066\" \/>\n\t<meta property=\"og:image:type\" content=\"image\/jpeg\" \/>\n<meta name=\"author\" content=\"Thiago Fernando\" \/>\n<meta name=\"twitter:card\" content=\"summary_large_image\" \/>\n<meta name=\"twitter:label1\" content=\"Written by\" \/>\n\t<meta name=\"twitter:data1\" content=\"Thiago Fernando\" \/>\n\t<meta name=\"twitter:label2\" content=\"Est. reading time\" \/>\n\t<meta name=\"twitter:data2\" content=\"6 minutos\" \/>\n<script type=\"application\/ld+json\" class=\"yoast-schema-graph\">{\"@context\":\"https:\/\/schema.org\",\"@graph\":[{\"@type\":\"Article\",\"@id\":\"https:\/\/www.manaus.am.gov.br\/semasc\/prefeitura-promove-atividade-de-prevencao-e-controle-do-hiv-aids-na-campanha-dezembro-vermelho\/#article\",\"isPartOf\":{\"@id\":\"https:\/\/www.manaus.am.gov.br\/semasc\/prefeitura-promove-atividade-de-prevencao-e-controle-do-hiv-aids-na-campanha-dezembro-vermelho\/\"},\"author\":{\"name\":\"Thiago Fernando\",\"@id\":\"https:\/\/www.manaus.am.gov.br\/semasc\/#\/schema\/person\/a5ee5376db6e21af026374b369f30882\"},\"headline\":\"Prefeitura promove atividade de preven\u00e7\u00e3o e controle do HIV\/Aids na campanha \u2018Dezembro Vermelho\u2019\",\"datePublished\":\"2023-12-02T01:21:23+00:00\",\"dateModified\":\"2023-12-02T01:21:25+00:00\",\"mainEntityOfPage\":{\"@id\":\"https:\/\/www.manaus.am.gov.br\/semasc\/prefeitura-promove-atividade-de-prevencao-e-controle-do-hiv-aids-na-campanha-dezembro-vermelho\/\"},\"wordCount\":1057,\"publisher\":{\"@id\":\"https:\/\/www.manaus.am.gov.br\/semasc\/#organization\"},\"image\":{\"@id\":\"https:\/\/www.manaus.am.gov.br\/semasc\/prefeitura-promove-atividade-de-prevencao-e-controle-do-hiv-aids-na-campanha-dezembro-vermelho\/#primaryimage\"},\"thumbnailUrl\":\"https:\/\/www.manaus.am.gov.br\/semasc\/wp-content\/uploads\/sites\/17\/2023\/12\/Dezembro-Vermelho-3.jpeg\",\"keywords\":[\"dezembro vermelho\",\"HIV\/Aids\",\"preven\u00e7\u00e3o\",\"sa\u00fade\"],\"articleSection\":[\"Campanha\"],\"inLanguage\":\"pt-BR\"},{\"@type\":\"WebPage\",\"@id\":\"https:\/\/www.manaus.am.gov.br\/semasc\/prefeitura-promove-atividade-de-prevencao-e-controle-do-hiv-aids-na-campanha-dezembro-vermelho\/\",\"url\":\"https:\/\/www.manaus.am.gov.br\/semasc\/prefeitura-promove-atividade-de-prevencao-e-controle-do-hiv-aids-na-campanha-dezembro-vermelho\/\",\"name\":\"Prefeitura promove atividade na campanha \u2018Dezembro Vermelho\u2019\",\"isPartOf\":{\"@id\":\"https:\/\/www.manaus.am.gov.br\/semasc\/#website\"},\"primaryImageOfPage\":{\"@id\":\"https:\/\/www.manaus.am.gov.br\/semasc\/prefeitura-promove-atividade-de-prevencao-e-controle-do-hiv-aids-na-campanha-dezembro-vermelho\/#primaryimage\"},\"image\":{\"@id\":\"https:\/\/www.manaus.am.gov.br\/semasc\/prefeitura-promove-atividade-de-prevencao-e-controle-do-hiv-aids-na-campanha-dezembro-vermelho\/#primaryimage\"},\"thumbnailUrl\":\"https:\/\/www.manaus.am.gov.br\/semasc\/wp-content\/uploads\/sites\/17\/2023\/12\/Dezembro-Vermelho-3.jpeg\",\"datePublished\":\"2023-12-02T01:21:23+00:00\",\"dateModified\":\"2023-12-02T01:21:25+00:00\",\"description\":\"A necessidade da sensibiliza\u00e7\u00e3o da sociedade sobre a import\u00e2ncia da preven\u00e7\u00e3o ao HIV\/Aids, foram refor\u00e7adas na abertura do \u2018Dezembro Vermelho\u2019\",\"breadcrumb\":{\"@id\":\"https:\/\/www.manaus.am.gov.br\/semasc\/prefeitura-promove-atividade-de-prevencao-e-controle-do-hiv-aids-na-campanha-dezembro-vermelho\/#breadcrumb\"},\"inLanguage\":\"pt-BR\",\"potentialAction\":[{\"@type\":\"ReadAction\",\"target\":[\"https:\/\/www.manaus.am.gov.br\/semasc\/prefeitura-promove-atividade-de-prevencao-e-controle-do-hiv-aids-na-campanha-dezembro-vermelho\/\"]}]},{\"@type\":\"ImageObject\",\"inLanguage\":\"pt-BR\",\"@id\":\"https:\/\/www.manaus.am.gov.br\/semasc\/prefeitura-promove-atividade-de-prevencao-e-controle-do-hiv-aids-na-campanha-dezembro-vermelho\/#primaryimage\",\"url\":\"https:\/\/www.manaus.am.gov.br\/semasc\/wp-content\/uploads\/sites\/17\/2023\/12\/Dezembro-Vermelho-3.jpeg\",\"contentUrl\":\"https:\/\/www.manaus.am.gov.br\/semasc\/wp-content\/uploads\/sites\/17\/2023\/12\/Dezembro-Vermelho-3.jpeg\",\"width\":1600,\"height\":1066,\"caption\":\"#paratodosverem - Servidores realizaram panfletagem no Centro\"},{\"@type\":\"BreadcrumbList\",\"@id\":\"https:\/\/www.manaus.am.gov.br\/semasc\/prefeitura-promove-atividade-de-prevencao-e-controle-do-hiv-aids-na-campanha-dezembro-vermelho\/#breadcrumb\",\"itemListElement\":[{\"@type\":\"ListItem\",\"position\":1,\"name\":\"Home\",\"item\":\"https:\/\/www.manaus.am.gov.br\/semasc\/\"},{\"@type\":\"ListItem\",\"position\":2,\"name\":\"Prefeitura promove atividade de preven\u00e7\u00e3o e controle do HIV\/Aids na campanha \u2018Dezembro Vermelho\u2019\"}]},{\"@type\":\"WebSite\",\"@id\":\"https:\/\/www.manaus.am.gov.br\/semasc\/#website\",\"url\":\"https:\/\/www.manaus.am.gov.br\/semasc\/\",\"name\":\"SEMASC\",\"description\":\"Secretaria Municipal da Mulher, Assist\u00eancia Social e Cidadania.\",\"publisher\":{\"@id\":\"https:\/\/www.manaus.am.gov.br\/semasc\/#organization\"},\"alternateName\":\"Secretaria Municipal da Mulher, Assist\u00eancia Social e Cidadania\",\"potentialAction\":[{\"@type\":\"SearchAction\",\"target\":{\"@type\":\"EntryPoint\",\"urlTemplate\":\"https:\/\/www.manaus.am.gov.br\/semasc\/?s={search_term_string}\"},\"query-input\":\"required name=search_term_string\"}],\"inLanguage\":\"pt-BR\"},{\"@type\":\"Organization\",\"@id\":\"https:\/\/www.manaus.am.gov.br\/semasc\/#organization\",\"name\":\"Prefeitura de Manaus\",\"alternateName\":\"Prefeitura Municipal de Manaus\",\"url\":\"https:\/\/www.manaus.am.gov.br\/semasc\/\",\"logo\":{\"@type\":\"ImageObject\",\"inLanguage\":\"pt-BR\",\"@id\":\"https:\/\/www.manaus.am.gov.br\/semasc\/#\/schema\/logo\/image\/\",\"url\":\"https:\/\/www.manaus.am.gov.br\/semasc\/wp-content\/uploads\/sites\/17\/2024\/07\/favicon.png\",\"contentUrl\":\"https:\/\/www.manaus.am.gov.br\/semasc\/wp-content\/uploads\/sites\/17\/2024\/07\/favicon.png\",\"width\":300,\"height\":300,\"caption\":\"Prefeitura de Manaus\"},\"image\":{\"@id\":\"https:\/\/www.manaus.am.gov.br\/semasc\/#\/schema\/logo\/image\/\"},\"sameAs\":[\"https:\/\/www.facebook.com\/semascmanaus\",\"https:\/\/www.instagram.com\/semascmanaus\/\"]},{\"@type\":\"Person\",\"@id\":\"https:\/\/www.manaus.am.gov.br\/semasc\/#\/schema\/person\/a5ee5376db6e21af026374b369f30882\",\"name\":\"Thiago Fernando\",\"image\":{\"@type\":\"ImageObject\",\"inLanguage\":\"pt-BR\",\"@id\":\"https:\/\/www.manaus.am.gov.br\/semasc\/#\/schema\/person\/image\/\",\"url\":\"https:\/\/secure.gravatar.com\/avatar\/f5aab8722444041451501c077052ac07?s=96&d=mm&r=g\",\"contentUrl\":\"https:\/\/secure.gravatar.com\/avatar\/f5aab8722444041451501c077052ac07?s=96&d=mm&r=g\",\"caption\":\"Thiago Fernando\"}}]}<\/script>\n<!-- \/ Yoast SEO plugin. -->","yoast_head_json":{"title":"Prefeitura promove atividade na campanha \u2018Dezembro Vermelho\u2019","description":"A necessidade da sensibiliza\u00e7\u00e3o da sociedade sobre a import\u00e2ncia da preven\u00e7\u00e3o ao HIV\/Aids, foram refor\u00e7adas na abertura do \u2018Dezembro Vermelho\u2019","robots":{"index":"noindex","follow":"follow"},"og_locale":"pt_BR","og_type":"article","og_title":"Prefeitura promove atividade na campanha \u2018Dezembro Vermelho\u2019","og_description":"A necessidade da sensibiliza\u00e7\u00e3o da sociedade sobre a import\u00e2ncia da preven\u00e7\u00e3o ao HIV\/Aids, foram refor\u00e7adas na abertura do \u2018Dezembro Vermelho\u2019","og_url":"https:\/\/www.manaus.am.gov.br\/semasc\/prefeitura-promove-atividade-de-prevencao-e-controle-do-hiv-aids-na-campanha-dezembro-vermelho\/","og_site_name":"SEMASC","article_publisher":"https:\/\/www.facebook.com\/semascmanaus","article_published_time":"2023-12-02T01:21:23+00:00","article_modified_time":"2023-12-02T01:21:25+00:00","og_image":[{"width":1600,"height":1066,"url":"https:\/\/www.manaus.am.gov.br\/semasc\/wp-content\/uploads\/sites\/17\/2023\/12\/Dezembro-Vermelho-3.jpeg","type":"image\/jpeg"}],"author":"Thiago Fernando","twitter_card":"summary_large_image","twitter_misc":{"Written by":"Thiago Fernando","Est. reading time":"6 minutos"},"schema":{"@context":"https:\/\/schema.org","@graph":[{"@type":"Article","@id":"https:\/\/www.manaus.am.gov.br\/semasc\/prefeitura-promove-atividade-de-prevencao-e-controle-do-hiv-aids-na-campanha-dezembro-vermelho\/#article","isPartOf":{"@id":"https:\/\/www.manaus.am.gov.br\/semasc\/prefeitura-promove-atividade-de-prevencao-e-controle-do-hiv-aids-na-campanha-dezembro-vermelho\/"},"author":{"name":"Thiago Fernando","@id":"https:\/\/www.manaus.am.gov.br\/semasc\/#\/schema\/person\/a5ee5376db6e21af026374b369f30882"},"headline":"Prefeitura promove atividade de preven\u00e7\u00e3o e controle do HIV\/Aids na campanha \u2018Dezembro Vermelho\u2019","datePublished":"2023-12-02T01:21:23+00:00","dateModified":"2023-12-02T01:21:25+00:00","mainEntityOfPage":{"@id":"https:\/\/www.manaus.am.gov.br\/semasc\/prefeitura-promove-atividade-de-prevencao-e-controle-do-hiv-aids-na-campanha-dezembro-vermelho\/"},"wordCount":1057,"publisher":{"@id":"https:\/\/www.manaus.am.gov.br\/semasc\/#organization"},"image":{"@id":"https:\/\/www.manaus.am.gov.br\/semasc\/prefeitura-promove-atividade-de-prevencao-e-controle-do-hiv-aids-na-campanha-dezembro-vermelho\/#primaryimage"},"thumbnailUrl":"https:\/\/www.manaus.am.gov.br\/semasc\/wp-content\/uploads\/sites\/17\/2023\/12\/Dezembro-Vermelho-3.jpeg","keywords":["dezembro vermelho","HIV\/Aids","preven\u00e7\u00e3o","sa\u00fade"],"articleSection":["Campanha"],"inLanguage":"pt-BR"},{"@type":"WebPage","@id":"https:\/\/www.manaus.am.gov.br\/semasc\/prefeitura-promove-atividade-de-prevencao-e-controle-do-hiv-aids-na-campanha-dezembro-vermelho\/","url":"https:\/\/www.manaus.am.gov.br\/semasc\/prefeitura-promove-atividade-de-prevencao-e-controle-do-hiv-aids-na-campanha-dezembro-vermelho\/","name":"Prefeitura promove atividade na campanha \u2018Dezembro Vermelho\u2019","isPartOf":{"@id":"https:\/\/www.manaus.am.gov.br\/semasc\/#website"},"primaryImageOfPage":{"@id":"https:\/\/www.manaus.am.gov.br\/semasc\/prefeitura-promove-atividade-de-prevencao-e-controle-do-hiv-aids-na-campanha-dezembro-vermelho\/#primaryimage"},"image":{"@id":"https:\/\/www.manaus.am.gov.br\/semasc\/prefeitura-promove-atividade-de-prevencao-e-controle-do-hiv-aids-na-campanha-dezembro-vermelho\/#primaryimage"},"thumbnailUrl":"https:\/\/www.manaus.am.gov.br\/semasc\/wp-content\/uploads\/sites\/17\/2023\/12\/Dezembro-Vermelho-3.jpeg","datePublished":"2023-12-02T01:21:23+00:00","dateModified":"2023-12-02T01:21:25+00:00","description":"A necessidade da sensibiliza\u00e7\u00e3o da sociedade sobre a import\u00e2ncia da preven\u00e7\u00e3o ao HIV\/Aids, foram refor\u00e7adas na abertura do \u2018Dezembro Vermelho\u2019","breadcrumb":{"@id":"https:\/\/www.manaus.am.gov.br\/semasc\/prefeitura-promove-atividade-de-prevencao-e-controle-do-hiv-aids-na-campanha-dezembro-vermelho\/#breadcrumb"},"inLanguage":"pt-BR","potentialAction":[{"@type":"ReadAction","target":["https:\/\/www.manaus.am.gov.br\/semasc\/prefeitura-promove-atividade-de-prevencao-e-controle-do-hiv-aids-na-campanha-dezembro-vermelho\/"]}]},{"@type":"ImageObject","inLanguage":"pt-BR","@id":"https:\/\/www.manaus.am.gov.br\/semasc\/prefeitura-promove-atividade-de-prevencao-e-controle-do-hiv-aids-na-campanha-dezembro-vermelho\/#primaryimage","url":"https:\/\/www.manaus.am.gov.br\/semasc\/wp-content\/uploads\/sites\/17\/2023\/12\/Dezembro-Vermelho-3.jpeg","contentUrl":"https:\/\/www.manaus.am.gov.br\/semasc\/wp-content\/uploads\/sites\/17\/2023\/12\/Dezembro-Vermelho-3.jpeg","width":1600,"height":1066,"caption":"#paratodosverem - Servidores realizaram panfletagem no Centro"},{"@type":"BreadcrumbList","@id":"https:\/\/www.manaus.am.gov.br\/semasc\/prefeitura-promove-atividade-de-prevencao-e-controle-do-hiv-aids-na-campanha-dezembro-vermelho\/#breadcrumb","itemListElement":[{"@type":"ListItem","position":1,"name":"Home","item":"https:\/\/www.manaus.am.gov.br\/semasc\/"},{"@type":"ListItem","position":2,"name":"Prefeitura promove atividade de preven\u00e7\u00e3o e controle do HIV\/Aids na campanha \u2018Dezembro Vermelho\u2019"}]},{"@type":"WebSite","@id":"https:\/\/www.manaus.am.gov.br\/semasc\/#website","url":"https:\/\/www.manaus.am.gov.br\/semasc\/","name":"SEMASC","description":"Secretaria Municipal da Mulher, Assist\u00eancia Social e Cidadania.","publisher":{"@id":"https:\/\/www.manaus.am.gov.br\/semasc\/#organization"},"alternateName":"Secretaria Municipal da Mulher, Assist\u00eancia Social e Cidadania","potentialAction":[{"@type":"SearchAction","target":{"@type":"EntryPoint","urlTemplate":"https:\/\/www.manaus.am.gov.br\/semasc\/?s={search_term_string}"},"query-input":"required name=search_term_string"}],"inLanguage":"pt-BR"},{"@type":"Organization","@id":"https:\/\/www.manaus.am.gov.br\/semasc\/#organization","name":"Prefeitura de Manaus","alternateName":"Prefeitura Municipal de Manaus","url":"https:\/\/www.manaus.am.gov.br\/semasc\/","logo":{"@type":"ImageObject","inLanguage":"pt-BR","@id":"https:\/\/www.manaus.am.gov.br\/semasc\/#\/schema\/logo\/image\/","url":"https:\/\/www.manaus.am.gov.br\/semasc\/wp-content\/uploads\/sites\/17\/2024\/07\/favicon.png","contentUrl":"https:\/\/www.manaus.am.gov.br\/semasc\/wp-content\/uploads\/sites\/17\/2024\/07\/favicon.png","width":300,"height":300,"caption":"Prefeitura de Manaus"},"image":{"@id":"https:\/\/www.manaus.am.gov.br\/semasc\/#\/schema\/logo\/image\/"},"sameAs":["https:\/\/www.facebook.com\/semascmanaus","https:\/\/www.instagram.com\/semascmanaus\/"]},{"@type":"Person","@id":"https:\/\/www.manaus.am.gov.br\/semasc\/#\/schema\/person\/a5ee5376db6e21af026374b369f30882","name":"Thiago Fernando","image":{"@type":"ImageObject","inLanguage":"pt-BR","@id":"https:\/\/www.manaus.am.gov.br\/semasc\/#\/schema\/person\/image\/","url":"https:\/\/secure.gravatar.com\/avatar\/f5aab8722444041451501c077052ac07?s=96&d=mm&r=g","contentUrl":"https:\/\/secure.gravatar.com\/avatar\/f5aab8722444041451501c077052ac07?s=96&d=mm&r=g","caption":"Thiago Fernando"}}]}},"_links":{"self":[{"href":"https:\/\/www.manaus.am.gov.br\/semasc\/wp-json\/wp\/v2\/posts\/209449"}],"collection":[{"href":"https:\/\/www.manaus.am.gov.br\/semasc\/wp-json\/wp\/v2\/posts"}],"about":[{"href":"https:\/\/www.manaus.am.gov.br\/semasc\/wp-json\/wp\/v2\/types\/post"}],"author":[{"embeddable":true,"href":"https:\/\/www.manaus.am.gov.br\/semasc\/wp-json\/wp\/v2\/users\/57"}],"replies":[{"embeddable":true,"href":"https:\/\/www.manaus.am.gov.br\/semasc\/wp-json\/wp\/v2\/comments?post=209449"}],"version-history":[{"count":0,"href":"https:\/\/www.manaus.am.gov.br\/semasc\/wp-json\/wp\/v2\/posts\/209449\/revisions"}],"wp:featuredmedia":[{"embeddable":true,"href":"https:\/\/www.manaus.am.gov.br\/semasc\/wp-json\/wp\/v2\/media\/209450"}],"wp:attachment":[{"href":"https:\/\/www.manaus.am.gov.br\/semasc\/wp-json\/wp\/v2\/media?parent=209449"}],"wp:term":[{"taxonomy":"category","embeddable":true,"href":"https:\/\/www.manaus.am.gov.br\/semasc\/wp-json\/wp\/v2\/categories?post=209449"},{"taxonomy":"post_tag","embeddable":true,"href":"https:\/\/www.manaus.am.gov.br\/semasc\/wp-json\/wp\/v2\/tags?post=209449"}],"curies":[{"name":"wp","href":"https:\/\/api.w.org\/{rel}","templated":true}]}}