{"id":209433,"date":"2023-12-01T10:04:52","date_gmt":"2023-12-01T14:04:52","guid":{"rendered":"https:\/\/www.manaus.am.gov.br\/semasc\/prefeitura-e-oscs-realizam-sensibilizacao-contra-o-trabalho-infantil-em-diversos-pontos-da-cidade\/"},"modified":"2024-11-04T09:51:25","modified_gmt":"2024-11-04T13:51:25","slug":"prefeitura-e-oscs-realizam-sensibilizacao-contra-o-trabalho-infantil-em-diversos-pontos-da-cidade","status":"publish","type":"post","link":"https:\/\/www.manaus.am.gov.br\/semasc\/prefeitura-e-oscs-realizam-sensibilizacao-contra-o-trabalho-infantil-em-diversos-pontos-da-cidade\/","title":{"rendered":"Prefeitura e OSCs realizam sensibiliza\u00e7\u00e3o contra o trabalho infantil em diversos pontos da cidade"},"content":{"rendered":"\n<p>A Prefeitura de Manaus, por meio da Secretaria Municipal da Mulher, Assist\u00eancia Social e Cidadania (Semasc), deu continuidade, nesta quinta-feira, 30\/11, \u00e0 \u201cCampanha de Combate \u00e0 Explora\u00e7\u00e3o do Trabalho Infantojuvenil nas Ruas de Manaus\u201d, com uma a\u00e7\u00e3o de sensibiliza\u00e7\u00e3o realizada em diversos pontos estrat\u00e9gicos espalhados pelas zonas Centro-Oeste, Sul, Centro-Sul e Norte do munic\u00edpio, contando com o apoio d\u2019O Pequeno Nazareno e do Centro de Forma\u00e7\u00e3o Vida Alegre, Organiza\u00e7\u00f5es da Sociedade Civil (OSCs) parceiras.<\/p>\n\n\n\n<p>Acompanhando as equipes de sensibiliza\u00e7\u00e3o no cruzamento entre a avenida Pedro Teixeira e a rua Rita Gama Barros, no bairro Dom Pedro, zona Centro-Oeste, o secret\u00e1rio da Semasc, Eduardo Lucas, &nbsp;destacou a import\u00e2ncia da continuidade das atividades da campanha.&nbsp;<\/p>\n\n\n\n<p>\u201cA campanha de preven\u00e7\u00e3o e combate ao trabalho infantil que a Semasc vem promovendo tem car\u00e1ter permanente e socioeducativo. A import\u00e2ncia da a\u00e7\u00e3o \u00e9 para prevenir e combater o trabalho de crian\u00e7as e adolescentes. Orientamos a popula\u00e7\u00e3o que n\u00e3o financie a perman\u00eancia das crian\u00e7as nas ruas, pois o lugar de crian\u00e7a \u00e9 em casa e na escola\u201d, afirmou.<\/p>\n\n\n\n<p>De acordo com dados coletados pela prefeitura, em paralelo \u00e0s a\u00e7\u00f5es constantes de sensibiliza\u00e7\u00e3o, a campanha j\u00e1 abordou, identificou e deu in\u00edcio ao acompanhamento especializado de 84 fam\u00edlias em situa\u00e7\u00e3o de explora\u00e7\u00e3o infantojuvenil desde o seu lan\u00e7amento, em fevereiro deste ano, avaliando as principais demandas apresentadas e as encaminhando aos servi\u00e7os e atendimentos necess\u00e1rios.<\/p>\n\n\n\n<p>Para a gerente de A\u00e7\u00f5es Estrat\u00e9gicas do Programa de Erradica\u00e7\u00e3o do Trabalho Infantil (Peti), da Semasc, Geszimar Nery, a campanha possui um papel de extrema relev\u00e2ncia para a rede de prote\u00e7\u00e3o do munic\u00edpio por ser, de forma simplificada, uma grande a\u00e7\u00e3o intersetorial, composta de diversas atividades&nbsp; que juntam esfor\u00e7os com outras organiza\u00e7\u00f5es atuantes na garantia de direitos de crian\u00e7as e adolescentes.<\/p>\n\n\n\n<p>\u201cAp\u00f3s a identifica\u00e7\u00e3o das crian\u00e7as nas sinaleiras ou em outros pontos detectados pela equipe de Abordagem Social, realizamos o encaminhamento \u00e0s equipes dos Centros de Refer\u00eancia Especializados&nbsp; de Assist\u00eancia Social (Creas), onde trabalham as viola\u00e7\u00f5es de direitos e, em seguida, a fam\u00edlia \u00e9 conduzida aos Centros de Refer\u00eancia de Assist\u00eancia Social (Cras), onde \u00e9 feito um trabalho de preven\u00e7\u00e3o e continuidade do atendimento. Atrelado a isso, oferecemos \u00e0s fam\u00edlias a oportunidade de inser\u00e7\u00e3o ao mercado de trabalho, por meio do programas como o &#8216;Passaporte para a Inclus\u00e3o Social&#8217;, al\u00e9m de outros servi\u00e7os oferecidos em parcerias com outras secretarias e organiza\u00e7\u00f5es da sociedade civil. \u00c9 um trabalho voltado justamente para o entendimento da realidade dessas pessoas e todos os seus aspectos\u201d, explicou.&nbsp;<\/p>\n\n\n\n<p><strong>Sobre a campanha<\/strong><\/p>\n\n\n\n<p>Com mais de 20 secretarias, entidades e \u00f3rg\u00e3os parceiros, a \u201cCampanha de Combate \u00e0 Explora\u00e7\u00e3o do Trabalho Infantil nas Ruas de Manaus\u201d \u00e9 a maior j\u00e1 desenvolvida pela Prefeitura de Manaus no combate ao trabalho infantil e uma das mais importantes campanhas socioassistenciais j\u00e1 desenvolvidas pelo poder p\u00fablico municipal.&nbsp;<\/p>\n\n\n\n<p>&#8212; &#8212; &#8212;<\/p>\n\n\n\n<p><strong>Texto<\/strong> &#8211; Maria Fernanda Rodrigues \/ Semasc&nbsp;<\/p>\n\n\n\n<p><strong>Fotos<\/strong> &#8211; Diego Lima \/ Semasc&nbsp;<\/p>\n\n\n\n<p><\/p>\n","protected":false},"excerpt":{"rendered":"","protected":false},"author":23,"featured_media":209434,"comment_status":"closed","ping_status":"closed","sticky":false,"template":"","format":"standard","meta":{"footnotes":""},"categories":[261],"tags":[129,754,7,18,114,130],"acf":[],"yoast_head":"<!-- This site is optimized with the Yoast SEO plugin v23.0 - https:\/\/yoast.com\/wordpress\/plugins\/seo\/ -->\n<title>Prefeitura e OSCs realizam sensibiliza\u00e7\u00e3o contra o trabalho infantil em diversos pontos da cidade<\/title>\n<meta name=\"description\" content=\"A Prefeitura de Manaus, por meio da Secretaria Municipal da Mulher, Assist\u00eancia Social e Cidadania (Semasc), deu continuidade, nesta quinta-feira, 30\/11, \u00e0 \u201cCampanha de Combate \u00e0 Explora\u00e7\u00e3o do Trabalho Infantojuvenil nas Ruas de Manaus\u201d, com uma a\u00e7\u00e3o de sensibiliza\u00e7\u00e3o realizada em diversos pontos estrat\u00e9gicos espalhados pelas zonas Centro-Oeste, Sul, Centro-Sul e Norte do munic\u00edpio, contando com o apoio d\u2019O Pequeno Nazareno e do Centro de Forma\u00e7\u00e3o Vida Alegre, Organiza\u00e7\u00f5es da Sociedade Civil (OSCs) parceiras.\" \/>\n<meta name=\"robots\" content=\"noindex, follow\" \/>\n<meta property=\"og:locale\" content=\"pt_BR\" \/>\n<meta property=\"og:type\" content=\"article\" \/>\n<meta property=\"og:title\" content=\"Prefeitura e OSCs realizam sensibiliza\u00e7\u00e3o contra o trabalho infantil em diversos pontos da cidade\" \/>\n<meta property=\"og:description\" content=\"A Prefeitura de Manaus, por meio da Secretaria Municipal da Mulher, Assist\u00eancia Social e Cidadania (Semasc), deu continuidade, nesta quinta-feira, 30\/11, \u00e0 \u201cCampanha de Combate \u00e0 Explora\u00e7\u00e3o do Trabalho Infantojuvenil nas Ruas de Manaus\u201d, com uma a\u00e7\u00e3o de sensibiliza\u00e7\u00e3o realizada em diversos pontos estrat\u00e9gicos espalhados pelas zonas Centro-Oeste, Sul, Centro-Sul e Norte do munic\u00edpio, contando com o apoio d\u2019O Pequeno Nazareno e do Centro de Forma\u00e7\u00e3o Vida Alegre, Organiza\u00e7\u00f5es da Sociedade Civil (OSCs) parceiras.\" \/>\n<meta property=\"og:url\" content=\"https:\/\/www.manaus.am.gov.br\/semasc\/prefeitura-e-oscs-realizam-sensibilizacao-contra-o-trabalho-infantil-em-diversos-pontos-da-cidade\/\" \/>\n<meta property=\"og:site_name\" content=\"SEMASC\" \/>\n<meta property=\"article:publisher\" content=\"https:\/\/www.facebook.com\/semascmanaus\" \/>\n<meta property=\"article:published_time\" content=\"2023-12-01T14:04:52+00:00\" \/>\n<meta property=\"article:modified_time\" content=\"2024-11-04T13:51:25+00:00\" \/>\n<meta property=\"og:image\" content=\"https:\/\/www.manaus.am.gov.br\/semasc\/wp-content\/uploads\/sites\/17\/2023\/12\/sensibilizacao-4.jpeg\" \/>\n\t<meta property=\"og:image:width\" content=\"1600\" \/>\n\t<meta property=\"og:image:height\" content=\"1066\" \/>\n\t<meta property=\"og:image:type\" content=\"image\/jpeg\" \/>\n<meta name=\"author\" content=\"Adriana Costa\" \/>\n<meta name=\"twitter:card\" content=\"summary_large_image\" \/>\n<meta name=\"twitter:label1\" content=\"Written by\" \/>\n\t<meta name=\"twitter:data1\" content=\"Adriana Costa\" \/>\n\t<meta name=\"twitter:label2\" content=\"Est. reading time\" \/>\n\t<meta name=\"twitter:data2\" content=\"3 minutos\" \/>\n<script type=\"application\/ld+json\" class=\"yoast-schema-graph\">{\"@context\":\"https:\/\/schema.org\",\"@graph\":[{\"@type\":\"Article\",\"@id\":\"https:\/\/www.manaus.am.gov.br\/semasc\/prefeitura-e-oscs-realizam-sensibilizacao-contra-o-trabalho-infantil-em-diversos-pontos-da-cidade\/#article\",\"isPartOf\":{\"@id\":\"https:\/\/www.manaus.am.gov.br\/semasc\/prefeitura-e-oscs-realizam-sensibilizacao-contra-o-trabalho-infantil-em-diversos-pontos-da-cidade\/\"},\"author\":{\"name\":\"Adriana Costa\",\"@id\":\"https:\/\/www.manaus.am.gov.br\/semasc\/#\/schema\/person\/4e49f4e267757a06ca072ec61b2b9968\"},\"headline\":\"Prefeitura e OSCs realizam sensibiliza\u00e7\u00e3o contra o trabalho infantil em diversos pontos da cidade\",\"datePublished\":\"2023-12-01T14:04:52+00:00\",\"dateModified\":\"2024-11-04T13:51:25+00:00\",\"mainEntityOfPage\":{\"@id\":\"https:\/\/www.manaus.am.gov.br\/semasc\/prefeitura-e-oscs-realizam-sensibilizacao-contra-o-trabalho-infantil-em-diversos-pontos-da-cidade\/\"},\"wordCount\":544,\"publisher\":{\"@id\":\"https:\/\/www.manaus.am.gov.br\/semasc\/#organization\"},\"image\":{\"@id\":\"https:\/\/www.manaus.am.gov.br\/semasc\/prefeitura-e-oscs-realizam-sensibilizacao-contra-o-trabalho-infantil-em-diversos-pontos-da-cidade\/#primaryimage\"},\"thumbnailUrl\":\"https:\/\/www.manaus.am.gov.br\/semasc\/wp-content\/uploads\/sites\/17\/2023\/12\/sensibilizacao-4.jpeg\",\"keywords\":[\"campanha\",\"OSCs\",\"prefeitura de manaus\",\"Semasc\",\"sensibiliza\u00e7\u00e3o\",\"trabalho infantil\"],\"articleSection\":[\"Sensibiliza\u00e7\u00e3o\"],\"inLanguage\":\"pt-BR\"},{\"@type\":\"WebPage\",\"@id\":\"https:\/\/www.manaus.am.gov.br\/semasc\/prefeitura-e-oscs-realizam-sensibilizacao-contra-o-trabalho-infantil-em-diversos-pontos-da-cidade\/\",\"url\":\"https:\/\/www.manaus.am.gov.br\/semasc\/prefeitura-e-oscs-realizam-sensibilizacao-contra-o-trabalho-infantil-em-diversos-pontos-da-cidade\/\",\"name\":\"Prefeitura e OSCs realizam sensibiliza\u00e7\u00e3o contra o trabalho infantil em diversos pontos da cidade\",\"isPartOf\":{\"@id\":\"https:\/\/www.manaus.am.gov.br\/semasc\/#website\"},\"primaryImageOfPage\":{\"@id\":\"https:\/\/www.manaus.am.gov.br\/semasc\/prefeitura-e-oscs-realizam-sensibilizacao-contra-o-trabalho-infantil-em-diversos-pontos-da-cidade\/#primaryimage\"},\"image\":{\"@id\":\"https:\/\/www.manaus.am.gov.br\/semasc\/prefeitura-e-oscs-realizam-sensibilizacao-contra-o-trabalho-infantil-em-diversos-pontos-da-cidade\/#primaryimage\"},\"thumbnailUrl\":\"https:\/\/www.manaus.am.gov.br\/semasc\/wp-content\/uploads\/sites\/17\/2023\/12\/sensibilizacao-4.jpeg\",\"datePublished\":\"2023-12-01T14:04:52+00:00\",\"dateModified\":\"2024-11-04T13:51:25+00:00\",\"description\":\"A Prefeitura de Manaus, por meio da Secretaria Municipal da Mulher, Assist\u00eancia Social e Cidadania (Semasc), deu continuidade, nesta quinta-feira, 30\/11, \u00e0 \u201cCampanha de Combate \u00e0 Explora\u00e7\u00e3o do Trabalho Infantojuvenil nas Ruas de Manaus\u201d, com uma a\u00e7\u00e3o de sensibiliza\u00e7\u00e3o realizada em diversos pontos estrat\u00e9gicos espalhados pelas zonas Centro-Oeste, Sul, Centro-Sul e Norte do munic\u00edpio, contando com o apoio d\u2019O Pequeno Nazareno e do Centro de Forma\u00e7\u00e3o Vida Alegre, Organiza\u00e7\u00f5es da Sociedade Civil (OSCs) parceiras.\",\"breadcrumb\":{\"@id\":\"https:\/\/www.manaus.am.gov.br\/semasc\/prefeitura-e-oscs-realizam-sensibilizacao-contra-o-trabalho-infantil-em-diversos-pontos-da-cidade\/#breadcrumb\"},\"inLanguage\":\"pt-BR\",\"potentialAction\":[{\"@type\":\"ReadAction\",\"target\":[\"https:\/\/www.manaus.am.gov.br\/semasc\/prefeitura-e-oscs-realizam-sensibilizacao-contra-o-trabalho-infantil-em-diversos-pontos-da-cidade\/\"]}]},{\"@type\":\"ImageObject\",\"inLanguage\":\"pt-BR\",\"@id\":\"https:\/\/www.manaus.am.gov.br\/semasc\/prefeitura-e-oscs-realizam-sensibilizacao-contra-o-trabalho-infantil-em-diversos-pontos-da-cidade\/#primaryimage\",\"url\":\"https:\/\/www.manaus.am.gov.br\/semasc\/wp-content\/uploads\/sites\/17\/2023\/12\/sensibilizacao-4.jpeg\",\"contentUrl\":\"https:\/\/www.manaus.am.gov.br\/semasc\/wp-content\/uploads\/sites\/17\/2023\/12\/sensibilizacao-4.jpeg\",\"width\":1600,\"height\":1066},{\"@type\":\"BreadcrumbList\",\"@id\":\"https:\/\/www.manaus.am.gov.br\/semasc\/prefeitura-e-oscs-realizam-sensibilizacao-contra-o-trabalho-infantil-em-diversos-pontos-da-cidade\/#breadcrumb\",\"itemListElement\":[{\"@type\":\"ListItem\",\"position\":1,\"name\":\"Home\",\"item\":\"https:\/\/www.manaus.am.gov.br\/semasc\/\"},{\"@type\":\"ListItem\",\"position\":2,\"name\":\"Prefeitura e OSCs realizam sensibiliza\u00e7\u00e3o contra o trabalho infantil em diversos pontos da cidade\"}]},{\"@type\":\"WebSite\",\"@id\":\"https:\/\/www.manaus.am.gov.br\/semasc\/#website\",\"url\":\"https:\/\/www.manaus.am.gov.br\/semasc\/\",\"name\":\"SEMASC\",\"description\":\"Secretaria Municipal da Mulher, Assist\u00eancia Social e Cidadania.\",\"publisher\":{\"@id\":\"https:\/\/www.manaus.am.gov.br\/semasc\/#organization\"},\"alternateName\":\"Secretaria Municipal da Mulher, Assist\u00eancia Social e Cidadania\",\"potentialAction\":[{\"@type\":\"SearchAction\",\"target\":{\"@type\":\"EntryPoint\",\"urlTemplate\":\"https:\/\/www.manaus.am.gov.br\/semasc\/?s={search_term_string}\"},\"query-input\":\"required name=search_term_string\"}],\"inLanguage\":\"pt-BR\"},{\"@type\":\"Organization\",\"@id\":\"https:\/\/www.manaus.am.gov.br\/semasc\/#organization\",\"name\":\"Prefeitura de Manaus\",\"alternateName\":\"Prefeitura Municipal de Manaus\",\"url\":\"https:\/\/www.manaus.am.gov.br\/semasc\/\",\"logo\":{\"@type\":\"ImageObject\",\"inLanguage\":\"pt-BR\",\"@id\":\"https:\/\/www.manaus.am.gov.br\/semasc\/#\/schema\/logo\/image\/\",\"url\":\"https:\/\/www.manaus.am.gov.br\/semasc\/wp-content\/uploads\/sites\/17\/2024\/07\/favicon.png\",\"contentUrl\":\"https:\/\/www.manaus.am.gov.br\/semasc\/wp-content\/uploads\/sites\/17\/2024\/07\/favicon.png\",\"width\":300,\"height\":300,\"caption\":\"Prefeitura de Manaus\"},\"image\":{\"@id\":\"https:\/\/www.manaus.am.gov.br\/semasc\/#\/schema\/logo\/image\/\"},\"sameAs\":[\"https:\/\/www.facebook.com\/semascmanaus\",\"https:\/\/www.instagram.com\/semascmanaus\/\"]},{\"@type\":\"Person\",\"@id\":\"https:\/\/www.manaus.am.gov.br\/semasc\/#\/schema\/person\/4e49f4e267757a06ca072ec61b2b9968\",\"name\":\"Adriana Costa\",\"image\":{\"@type\":\"ImageObject\",\"inLanguage\":\"pt-BR\",\"@id\":\"https:\/\/www.manaus.am.gov.br\/semasc\/#\/schema\/person\/image\/\",\"url\":\"https:\/\/secure.gravatar.com\/avatar\/576258617ef7194f718179e766d57bd4?s=96&d=mm&r=g\",\"contentUrl\":\"https:\/\/secure.gravatar.com\/avatar\/576258617ef7194f718179e766d57bd4?s=96&d=mm&r=g\",\"caption\":\"Adriana Costa\"}}]}<\/script>\n<!-- \/ Yoast SEO plugin. -->","yoast_head_json":{"title":"Prefeitura e OSCs realizam sensibiliza\u00e7\u00e3o contra o trabalho infantil em diversos pontos da cidade","description":"A Prefeitura de Manaus, por meio da Secretaria Municipal da Mulher, Assist\u00eancia Social e Cidadania (Semasc), deu continuidade, nesta quinta-feira, 30\/11, \u00e0 \u201cCampanha de Combate \u00e0 Explora\u00e7\u00e3o do Trabalho Infantojuvenil nas Ruas de Manaus\u201d, com uma a\u00e7\u00e3o de sensibiliza\u00e7\u00e3o realizada em diversos pontos estrat\u00e9gicos espalhados pelas zonas Centro-Oeste, Sul, Centro-Sul e Norte do munic\u00edpio, contando com o apoio d\u2019O Pequeno Nazareno e do Centro de Forma\u00e7\u00e3o Vida Alegre, Organiza\u00e7\u00f5es da Sociedade Civil (OSCs) parceiras.","robots":{"index":"noindex","follow":"follow"},"og_locale":"pt_BR","og_type":"article","og_title":"Prefeitura e OSCs realizam sensibiliza\u00e7\u00e3o contra o trabalho infantil em diversos pontos da cidade","og_description":"A Prefeitura de Manaus, por meio da Secretaria Municipal da Mulher, Assist\u00eancia Social e Cidadania (Semasc), deu continuidade, nesta quinta-feira, 30\/11, \u00e0 \u201cCampanha de Combate \u00e0 Explora\u00e7\u00e3o do Trabalho Infantojuvenil nas Ruas de Manaus\u201d, com uma a\u00e7\u00e3o de sensibiliza\u00e7\u00e3o realizada em diversos pontos estrat\u00e9gicos espalhados pelas zonas Centro-Oeste, Sul, Centro-Sul e Norte do munic\u00edpio, contando com o apoio d\u2019O Pequeno Nazareno e do Centro de Forma\u00e7\u00e3o Vida Alegre, Organiza\u00e7\u00f5es da Sociedade Civil (OSCs) parceiras.","og_url":"https:\/\/www.manaus.am.gov.br\/semasc\/prefeitura-e-oscs-realizam-sensibilizacao-contra-o-trabalho-infantil-em-diversos-pontos-da-cidade\/","og_site_name":"SEMASC","article_publisher":"https:\/\/www.facebook.com\/semascmanaus","article_published_time":"2023-12-01T14:04:52+00:00","article_modified_time":"2024-11-04T13:51:25+00:00","og_image":[{"width":1600,"height":1066,"url":"https:\/\/www.manaus.am.gov.br\/semasc\/wp-content\/uploads\/sites\/17\/2023\/12\/sensibilizacao-4.jpeg","type":"image\/jpeg"}],"author":"Adriana Costa","twitter_card":"summary_large_image","twitter_misc":{"Written by":"Adriana Costa","Est. reading time":"3 minutos"},"schema":{"@context":"https:\/\/schema.org","@graph":[{"@type":"Article","@id":"https:\/\/www.manaus.am.gov.br\/semasc\/prefeitura-e-oscs-realizam-sensibilizacao-contra-o-trabalho-infantil-em-diversos-pontos-da-cidade\/#article","isPartOf":{"@id":"https:\/\/www.manaus.am.gov.br\/semasc\/prefeitura-e-oscs-realizam-sensibilizacao-contra-o-trabalho-infantil-em-diversos-pontos-da-cidade\/"},"author":{"name":"Adriana Costa","@id":"https:\/\/www.manaus.am.gov.br\/semasc\/#\/schema\/person\/4e49f4e267757a06ca072ec61b2b9968"},"headline":"Prefeitura e OSCs realizam sensibiliza\u00e7\u00e3o contra o trabalho infantil em diversos pontos da cidade","datePublished":"2023-12-01T14:04:52+00:00","dateModified":"2024-11-04T13:51:25+00:00","mainEntityOfPage":{"@id":"https:\/\/www.manaus.am.gov.br\/semasc\/prefeitura-e-oscs-realizam-sensibilizacao-contra-o-trabalho-infantil-em-diversos-pontos-da-cidade\/"},"wordCount":544,"publisher":{"@id":"https:\/\/www.manaus.am.gov.br\/semasc\/#organization"},"image":{"@id":"https:\/\/www.manaus.am.gov.br\/semasc\/prefeitura-e-oscs-realizam-sensibilizacao-contra-o-trabalho-infantil-em-diversos-pontos-da-cidade\/#primaryimage"},"thumbnailUrl":"https:\/\/www.manaus.am.gov.br\/semasc\/wp-content\/uploads\/sites\/17\/2023\/12\/sensibilizacao-4.jpeg","keywords":["campanha","OSCs","prefeitura de manaus","Semasc","sensibiliza\u00e7\u00e3o","trabalho infantil"],"articleSection":["Sensibiliza\u00e7\u00e3o"],"inLanguage":"pt-BR"},{"@type":"WebPage","@id":"https:\/\/www.manaus.am.gov.br\/semasc\/prefeitura-e-oscs-realizam-sensibilizacao-contra-o-trabalho-infantil-em-diversos-pontos-da-cidade\/","url":"https:\/\/www.manaus.am.gov.br\/semasc\/prefeitura-e-oscs-realizam-sensibilizacao-contra-o-trabalho-infantil-em-diversos-pontos-da-cidade\/","name":"Prefeitura e OSCs realizam sensibiliza\u00e7\u00e3o contra o trabalho infantil em diversos pontos da cidade","isPartOf":{"@id":"https:\/\/www.manaus.am.gov.br\/semasc\/#website"},"primaryImageOfPage":{"@id":"https:\/\/www.manaus.am.gov.br\/semasc\/prefeitura-e-oscs-realizam-sensibilizacao-contra-o-trabalho-infantil-em-diversos-pontos-da-cidade\/#primaryimage"},"image":{"@id":"https:\/\/www.manaus.am.gov.br\/semasc\/prefeitura-e-oscs-realizam-sensibilizacao-contra-o-trabalho-infantil-em-diversos-pontos-da-cidade\/#primaryimage"},"thumbnailUrl":"https:\/\/www.manaus.am.gov.br\/semasc\/wp-content\/uploads\/sites\/17\/2023\/12\/sensibilizacao-4.jpeg","datePublished":"2023-12-01T14:04:52+00:00","dateModified":"2024-11-04T13:51:25+00:00","description":"A Prefeitura de Manaus, por meio da Secretaria Municipal da Mulher, Assist\u00eancia Social e Cidadania (Semasc), deu continuidade, nesta quinta-feira, 30\/11, \u00e0 \u201cCampanha de Combate \u00e0 Explora\u00e7\u00e3o do Trabalho Infantojuvenil nas Ruas de Manaus\u201d, com uma a\u00e7\u00e3o de sensibiliza\u00e7\u00e3o realizada em diversos pontos estrat\u00e9gicos espalhados pelas zonas Centro-Oeste, Sul, Centro-Sul e Norte do munic\u00edpio, contando com o apoio d\u2019O Pequeno Nazareno e do Centro de Forma\u00e7\u00e3o Vida Alegre, Organiza\u00e7\u00f5es da Sociedade Civil (OSCs) parceiras.","breadcrumb":{"@id":"https:\/\/www.manaus.am.gov.br\/semasc\/prefeitura-e-oscs-realizam-sensibilizacao-contra-o-trabalho-infantil-em-diversos-pontos-da-cidade\/#breadcrumb"},"inLanguage":"pt-BR","potentialAction":[{"@type":"ReadAction","target":["https:\/\/www.manaus.am.gov.br\/semasc\/prefeitura-e-oscs-realizam-sensibilizacao-contra-o-trabalho-infantil-em-diversos-pontos-da-cidade\/"]}]},{"@type":"ImageObject","inLanguage":"pt-BR","@id":"https:\/\/www.manaus.am.gov.br\/semasc\/prefeitura-e-oscs-realizam-sensibilizacao-contra-o-trabalho-infantil-em-diversos-pontos-da-cidade\/#primaryimage","url":"https:\/\/www.manaus.am.gov.br\/semasc\/wp-content\/uploads\/sites\/17\/2023\/12\/sensibilizacao-4.jpeg","contentUrl":"https:\/\/www.manaus.am.gov.br\/semasc\/wp-content\/uploads\/sites\/17\/2023\/12\/sensibilizacao-4.jpeg","width":1600,"height":1066},{"@type":"BreadcrumbList","@id":"https:\/\/www.manaus.am.gov.br\/semasc\/prefeitura-e-oscs-realizam-sensibilizacao-contra-o-trabalho-infantil-em-diversos-pontos-da-cidade\/#breadcrumb","itemListElement":[{"@type":"ListItem","position":1,"name":"Home","item":"https:\/\/www.manaus.am.gov.br\/semasc\/"},{"@type":"ListItem","position":2,"name":"Prefeitura e OSCs realizam sensibiliza\u00e7\u00e3o contra o trabalho infantil em diversos pontos da cidade"}]},{"@type":"WebSite","@id":"https:\/\/www.manaus.am.gov.br\/semasc\/#website","url":"https:\/\/www.manaus.am.gov.br\/semasc\/","name":"SEMASC","description":"Secretaria Municipal da Mulher, Assist\u00eancia Social e Cidadania.","publisher":{"@id":"https:\/\/www.manaus.am.gov.br\/semasc\/#organization"},"alternateName":"Secretaria Municipal da Mulher, Assist\u00eancia Social e Cidadania","potentialAction":[{"@type":"SearchAction","target":{"@type":"EntryPoint","urlTemplate":"https:\/\/www.manaus.am.gov.br\/semasc\/?s={search_term_string}"},"query-input":"required name=search_term_string"}],"inLanguage":"pt-BR"},{"@type":"Organization","@id":"https:\/\/www.manaus.am.gov.br\/semasc\/#organization","name":"Prefeitura de Manaus","alternateName":"Prefeitura Municipal de Manaus","url":"https:\/\/www.manaus.am.gov.br\/semasc\/","logo":{"@type":"ImageObject","inLanguage":"pt-BR","@id":"https:\/\/www.manaus.am.gov.br\/semasc\/#\/schema\/logo\/image\/","url":"https:\/\/www.manaus.am.gov.br\/semasc\/wp-content\/uploads\/sites\/17\/2024\/07\/favicon.png","contentUrl":"https:\/\/www.manaus.am.gov.br\/semasc\/wp-content\/uploads\/sites\/17\/2024\/07\/favicon.png","width":300,"height":300,"caption":"Prefeitura de Manaus"},"image":{"@id":"https:\/\/www.manaus.am.gov.br\/semasc\/#\/schema\/logo\/image\/"},"sameAs":["https:\/\/www.facebook.com\/semascmanaus","https:\/\/www.instagram.com\/semascmanaus\/"]},{"@type":"Person","@id":"https:\/\/www.manaus.am.gov.br\/semasc\/#\/schema\/person\/4e49f4e267757a06ca072ec61b2b9968","name":"Adriana Costa","image":{"@type":"ImageObject","inLanguage":"pt-BR","@id":"https:\/\/www.manaus.am.gov.br\/semasc\/#\/schema\/person\/image\/","url":"https:\/\/secure.gravatar.com\/avatar\/576258617ef7194f718179e766d57bd4?s=96&d=mm&r=g","contentUrl":"https:\/\/secure.gravatar.com\/avatar\/576258617ef7194f718179e766d57bd4?s=96&d=mm&r=g","caption":"Adriana Costa"}}]}},"_links":{"self":[{"href":"https:\/\/www.manaus.am.gov.br\/semasc\/wp-json\/wp\/v2\/posts\/209433"}],"collection":[{"href":"https:\/\/www.manaus.am.gov.br\/semasc\/wp-json\/wp\/v2\/posts"}],"about":[{"href":"https:\/\/www.manaus.am.gov.br\/semasc\/wp-json\/wp\/v2\/types\/post"}],"author":[{"embeddable":true,"href":"https:\/\/www.manaus.am.gov.br\/semasc\/wp-json\/wp\/v2\/users\/23"}],"replies":[{"embeddable":true,"href":"https:\/\/www.manaus.am.gov.br\/semasc\/wp-json\/wp\/v2\/comments?post=209433"}],"version-history":[{"count":1,"href":"https:\/\/www.manaus.am.gov.br\/semasc\/wp-json\/wp\/v2\/posts\/209433\/revisions"}],"predecessor-version":[{"id":209435,"href":"https:\/\/www.manaus.am.gov.br\/semasc\/wp-json\/wp\/v2\/posts\/209433\/revisions\/209435"}],"wp:featuredmedia":[{"embeddable":true,"href":"https:\/\/www.manaus.am.gov.br\/semasc\/wp-json\/wp\/v2\/media\/209434"}],"wp:attachment":[{"href":"https:\/\/www.manaus.am.gov.br\/semasc\/wp-json\/wp\/v2\/media?parent=209433"}],"wp:term":[{"taxonomy":"category","embeddable":true,"href":"https:\/\/www.manaus.am.gov.br\/semasc\/wp-json\/wp\/v2\/categories?post=209433"},{"taxonomy":"post_tag","embeddable":true,"href":"https:\/\/www.manaus.am.gov.br\/semasc\/wp-json\/wp\/v2\/tags?post=209433"}],"curies":[{"name":"wp","href":"https:\/\/api.w.org\/{rel}","templated":true}]}}