{"id":209418,"date":"2023-11-30T17:01:07","date_gmt":"2023-11-30T21:01:07","guid":{"rendered":"https:\/\/www.manaus.am.gov.br\/semasc\/prefeitura-e-unicef-realizam-ultima-reuniao-de-balanco-da-agendacidadeunicef-de-2023\/"},"modified":"2024-11-04T09:51:55","modified_gmt":"2024-11-04T13:51:55","slug":"prefeitura-e-unicef-realizam-ultima-reuniao-de-balanco-da-agendacidadeunicef-de-2023","status":"publish","type":"post","link":"https:\/\/www.manaus.am.gov.br\/semasc\/prefeitura-e-unicef-realizam-ultima-reuniao-de-balanco-da-agendacidadeunicef-de-2023\/","title":{"rendered":"Prefeitura e Unicef realizam \u00faltima reuni\u00e3o de balan\u00e7o da #AgendaCidadeUNICEF de 2023\u00a0\u00a0"},"content":{"rendered":"\n<p>A Prefeitura de Manaus, por meio da Secretaria Municipal da Mulher, Assist\u00eancia Social e Cidadania (Semasc), e o Fundo das Na\u00e7\u00f5es Unidas para a Inf\u00e2ncia (Unicef), realizaram, nesta quinta-feira, 30\/11, a \u00faltima reuni\u00e3o de balan\u00e7o das a\u00e7\u00f5es da #AgendaCidadeUNICEF \u2013 Manaus, executadas no bairro Col\u00f4nia Ant\u00f4nio Aleixo, zona Leste da capital, ao longo do ano de 2023. &nbsp;<\/p>\n\n\n\n<p>A reuni\u00e3o foi realizada no centro de conven\u00e7\u00f5es do Mercure Hotel, na zona Centro-Sul, contando com a presen\u00e7a de secretarias municipais, estaduais e Organiza\u00e7\u00f5es da Sociedade Civil (OSCs) respons\u00e1veis pelo desenvolvimento das pol\u00edticas p\u00fablicas de sa\u00fade, assist\u00eancia social, educa\u00e7\u00e3o, esporte, cultura, seguran\u00e7a e empregabilidade no territ\u00f3rio. &nbsp;<\/p>\n\n\n\n<p>\u201cHoje estamos reunidos para avaliar e discutir sobre o que de fato foi a #AgendaCidadeUNICEF &#8211; Manaus neste primeiro ano de atividades. O munic\u00edpio de Manaus, por meio da atua\u00e7\u00e3o intensa da gest\u00e3o municipal, tem se destacado nacionalmente no desenvolvimento da agenda, alcan\u00e7ando in\u00fameros resultados de destaque na garantia de direitos de crian\u00e7as e adolescentes\u201d, destacou a subsecret\u00e1ria de Pol\u00edticas Afirmativas para Mulheres e Direitos Humanos da Semasc, Gra\u00e7a Prola. &nbsp;<\/p>\n\n\n\n<p>Entre as grandes metas alcan\u00e7adas durante o ano, destacaram-se o resgate educacional de 713 crian\u00e7as e adolescentes que se encontravam em situa\u00e7\u00e3o de abandono escolar, a amplia\u00e7\u00e3o da cobertura vacinal do bairro, que ultrapassou os 90% de crian\u00e7as devidamente vacinadas, e a intensifica\u00e7\u00e3o de a\u00e7\u00f5es itinerantes de empregabilidade no territ\u00f3rio, como o \u201cSine nos Bairros\u201d. &nbsp;<\/p>\n\n\n\n<p>De acordo com a chefe de escrit\u00f3rio do Unicef em Manaus, D\u00e9bora Nandja, tais resultados s\u00e3o fruto de uma participa\u00e7\u00e3o exemplar por parte da Prefeitura de Manaus no desenvolvimento e at\u00e9 na lideran\u00e7a da agenda na cidade. Segundo D\u00e9bora, Manaus \u00e9 a \u00fanica cidade dos oito centros urbanos do pa\u00eds selecionados para participar da iniciativa cuja gest\u00e3o municipal assumiu o protagonismo de forma t\u00e3o intensa. &nbsp;<\/p>\n\n\n\n<p>\u201cPara n\u00f3s \u00e9 um grande prazer trabalhar com a Prefeitura de Manaus uma vez que suas secretarias assumiram o protagonismo total no projeto, o que \u00e9 simplesmente incr\u00edvel. S\u00e3o as equipes da gest\u00e3o municipal que coordenam o Plano de A\u00e7\u00f5es, organizam as reuni\u00f5es e que lideram o comit\u00ea, \u00e9 algo fant\u00e1stico de se presenciar. A cidade de Manaus genuinamente adotou a #AgendaCidadeUNICEF e inclusive j\u00e1 discute a transforma\u00e7\u00e3o da iniciativa em uma pol\u00edtica p\u00fablica permanente, o que \u00e9 realmente singular\u201d, explicou. &nbsp;<\/p>\n\n\n\n<p>Al\u00e9m da Semasc, participaram da reuni\u00e3o as secretarias municipais de Sa\u00fade (Semsa), Educa\u00e7\u00e3o (Semed), Trabalho, Empreendedorismo e Inova\u00e7\u00e3o (Semtepi), a Funda\u00e7\u00e3o Municipal de Cultura, Turismo e Eventos (Manauscult), a Funda\u00e7\u00e3o Manaus Esporte (FME), as secretarias de estado de Justi\u00e7a, Direitos Humanos e Cidadania do Amazonas (Sejusc), de Educa\u00e7\u00e3o e Desporto Escolar (Seduc), de Assist\u00eancia Social (Seas), de Desenvolvimento Urbano e Metropolitano (Sedurb), o Conselho Tutelar, a Pol\u00edcia Militar do Amazonas (PM-AM) e as OSCs O Pequeno Nazareno e Ag\u00eancia Adventista de Desenvolvimento e Recursos Assistenciais (Adra).&nbsp;<\/p>\n\n\n\n<p>&#8212; &#8212; &#8212;&nbsp;<\/p>\n\n\n\n<p><strong>Texto &#8211;&nbsp;<\/strong>Guilherme Pacheco \/ Semasc&nbsp;<\/p>\n\n\n\n<p><strong>Fotos &#8211;&nbsp;<\/strong>Diego Lima \/ Semasc &nbsp;<\/p>\n","protected":false},"excerpt":{"rendered":"","protected":false},"author":57,"featured_media":209419,"comment_status":"closed","ping_status":"closed","sticky":false,"template":"","format":"standard","meta":{"footnotes":""},"categories":[34],"tags":[427,737,752],"acf":[],"yoast_head":"<!-- This site is optimized with the Yoast SEO plugin v23.0 - https:\/\/yoast.com\/wordpress\/plugins\/seo\/ -->\n<title>Prefeitura e Unicef realizam balan\u00e7o da #AgendaCidadeUNICEF<\/title>\n<meta name=\"description\" content=\"A Prefeitura de Manaus realizaram, nesta quinta-feira, 30\/11, a \u00faltima reuni\u00e3o de balan\u00e7o das a\u00e7\u00f5es da #AgendaCidadeUNICEF \u2013 Manaus\u00a0\" \/>\n<meta name=\"robots\" content=\"noindex, follow\" \/>\n<meta property=\"og:locale\" content=\"pt_BR\" \/>\n<meta property=\"og:type\" content=\"article\" \/>\n<meta property=\"og:title\" content=\"Prefeitura e Unicef realizam balan\u00e7o da #AgendaCidadeUNICEF\" \/>\n<meta property=\"og:description\" content=\"A Prefeitura de Manaus realizaram, nesta quinta-feira, 30\/11, a \u00faltima reuni\u00e3o de balan\u00e7o das a\u00e7\u00f5es da #AgendaCidadeUNICEF \u2013 Manaus\u00a0\" \/>\n<meta property=\"og:url\" content=\"https:\/\/www.manaus.am.gov.br\/semasc\/prefeitura-e-unicef-realizam-ultima-reuniao-de-balanco-da-agendacidadeunicef-de-2023\/\" \/>\n<meta property=\"og:site_name\" content=\"SEMASC\" \/>\n<meta property=\"article:publisher\" content=\"https:\/\/www.facebook.com\/semascmanaus\" \/>\n<meta property=\"article:published_time\" content=\"2023-11-30T21:01:07+00:00\" \/>\n<meta property=\"article:modified_time\" content=\"2024-11-04T13:51:55+00:00\" \/>\n<meta property=\"og:image\" content=\"https:\/\/www.manaus.am.gov.br\/semasc\/wp-content\/uploads\/sites\/17\/2023\/11\/WhatsApp-Image-2023-11-30-at-16.33.46-1.jpeg\" \/>\n\t<meta property=\"og:image:width\" content=\"1600\" \/>\n\t<meta property=\"og:image:height\" content=\"1200\" \/>\n\t<meta property=\"og:image:type\" content=\"image\/jpeg\" \/>\n<meta name=\"author\" content=\"Thiago Fernando\" \/>\n<meta name=\"twitter:card\" content=\"summary_large_image\" \/>\n<meta name=\"twitter:label1\" content=\"Written by\" \/>\n\t<meta name=\"twitter:data1\" content=\"Thiago Fernando\" \/>\n\t<meta name=\"twitter:label2\" content=\"Est. reading time\" \/>\n\t<meta name=\"twitter:data2\" content=\"3 minutos\" \/>\n<script type=\"application\/ld+json\" class=\"yoast-schema-graph\">{\"@context\":\"https:\/\/schema.org\",\"@graph\":[{\"@type\":\"Article\",\"@id\":\"https:\/\/www.manaus.am.gov.br\/semasc\/prefeitura-e-unicef-realizam-ultima-reuniao-de-balanco-da-agendacidadeunicef-de-2023\/#article\",\"isPartOf\":{\"@id\":\"https:\/\/www.manaus.am.gov.br\/semasc\/prefeitura-e-unicef-realizam-ultima-reuniao-de-balanco-da-agendacidadeunicef-de-2023\/\"},\"author\":{\"name\":\"Thiago Fernando\",\"@id\":\"https:\/\/www.manaus.am.gov.br\/semasc\/#\/schema\/person\/a5ee5376db6e21af026374b369f30882\"},\"headline\":\"Prefeitura e Unicef realizam \u00faltima reuni\u00e3o de balan\u00e7o da #AgendaCidadeUNICEF de 2023\u00a0\u00a0\",\"datePublished\":\"2023-11-30T21:01:07+00:00\",\"dateModified\":\"2024-11-04T13:51:55+00:00\",\"mainEntityOfPage\":{\"@id\":\"https:\/\/www.manaus.am.gov.br\/semasc\/prefeitura-e-unicef-realizam-ultima-reuniao-de-balanco-da-agendacidadeunicef-de-2023\/\"},\"wordCount\":556,\"publisher\":{\"@id\":\"https:\/\/www.manaus.am.gov.br\/semasc\/#organization\"},\"image\":{\"@id\":\"https:\/\/www.manaus.am.gov.br\/semasc\/prefeitura-e-unicef-realizam-ultima-reuniao-de-balanco-da-agendacidadeunicef-de-2023\/#primaryimage\"},\"thumbnailUrl\":\"https:\/\/www.manaus.am.gov.br\/semasc\/wp-content\/uploads\/sites\/17\/2023\/11\/WhatsApp-Image-2023-11-30-at-16.33.46-1.jpeg\",\"keywords\":[\"#AgendaCidadeUnicef\",\"Assist\u00eancia Social e Cidadania (Semasc)\",\"unicef\"],\"articleSection\":[\"Assist\u00eancia Social\"],\"inLanguage\":\"pt-BR\"},{\"@type\":\"WebPage\",\"@id\":\"https:\/\/www.manaus.am.gov.br\/semasc\/prefeitura-e-unicef-realizam-ultima-reuniao-de-balanco-da-agendacidadeunicef-de-2023\/\",\"url\":\"https:\/\/www.manaus.am.gov.br\/semasc\/prefeitura-e-unicef-realizam-ultima-reuniao-de-balanco-da-agendacidadeunicef-de-2023\/\",\"name\":\"Prefeitura e Unicef realizam balan\u00e7o da #AgendaCidadeUNICEF\",\"isPartOf\":{\"@id\":\"https:\/\/www.manaus.am.gov.br\/semasc\/#website\"},\"primaryImageOfPage\":{\"@id\":\"https:\/\/www.manaus.am.gov.br\/semasc\/prefeitura-e-unicef-realizam-ultima-reuniao-de-balanco-da-agendacidadeunicef-de-2023\/#primaryimage\"},\"image\":{\"@id\":\"https:\/\/www.manaus.am.gov.br\/semasc\/prefeitura-e-unicef-realizam-ultima-reuniao-de-balanco-da-agendacidadeunicef-de-2023\/#primaryimage\"},\"thumbnailUrl\":\"https:\/\/www.manaus.am.gov.br\/semasc\/wp-content\/uploads\/sites\/17\/2023\/11\/WhatsApp-Image-2023-11-30-at-16.33.46-1.jpeg\",\"datePublished\":\"2023-11-30T21:01:07+00:00\",\"dateModified\":\"2024-11-04T13:51:55+00:00\",\"description\":\"A Prefeitura de Manaus realizaram, nesta quinta-feira, 30\/11, a \u00faltima reuni\u00e3o de balan\u00e7o das a\u00e7\u00f5es da #AgendaCidadeUNICEF \u2013 Manaus\u00a0\",\"breadcrumb\":{\"@id\":\"https:\/\/www.manaus.am.gov.br\/semasc\/prefeitura-e-unicef-realizam-ultima-reuniao-de-balanco-da-agendacidadeunicef-de-2023\/#breadcrumb\"},\"inLanguage\":\"pt-BR\",\"potentialAction\":[{\"@type\":\"ReadAction\",\"target\":[\"https:\/\/www.manaus.am.gov.br\/semasc\/prefeitura-e-unicef-realizam-ultima-reuniao-de-balanco-da-agendacidadeunicef-de-2023\/\"]}]},{\"@type\":\"ImageObject\",\"inLanguage\":\"pt-BR\",\"@id\":\"https:\/\/www.manaus.am.gov.br\/semasc\/prefeitura-e-unicef-realizam-ultima-reuniao-de-balanco-da-agendacidadeunicef-de-2023\/#primaryimage\",\"url\":\"https:\/\/www.manaus.am.gov.br\/semasc\/wp-content\/uploads\/sites\/17\/2023\/11\/WhatsApp-Image-2023-11-30-at-16.33.46-1.jpeg\",\"contentUrl\":\"https:\/\/www.manaus.am.gov.br\/semasc\/wp-content\/uploads\/sites\/17\/2023\/11\/WhatsApp-Image-2023-11-30-at-16.33.46-1.jpeg\",\"width\":1600,\"height\":1200,\"caption\":\"#paratodosverem - Subsecret\u00e1ria Gra\u00e7a Prola apresenta dados durante eventos\"},{\"@type\":\"BreadcrumbList\",\"@id\":\"https:\/\/www.manaus.am.gov.br\/semasc\/prefeitura-e-unicef-realizam-ultima-reuniao-de-balanco-da-agendacidadeunicef-de-2023\/#breadcrumb\",\"itemListElement\":[{\"@type\":\"ListItem\",\"position\":1,\"name\":\"Home\",\"item\":\"https:\/\/www.manaus.am.gov.br\/semasc\/\"},{\"@type\":\"ListItem\",\"position\":2,\"name\":\"Prefeitura e Unicef realizam \u00faltima reuni\u00e3o de balan\u00e7o da #AgendaCidadeUNICEF de 2023\u00a0\u00a0\"}]},{\"@type\":\"WebSite\",\"@id\":\"https:\/\/www.manaus.am.gov.br\/semasc\/#website\",\"url\":\"https:\/\/www.manaus.am.gov.br\/semasc\/\",\"name\":\"SEMASC\",\"description\":\"Secretaria Municipal da Mulher, Assist\u00eancia Social e Cidadania.\",\"publisher\":{\"@id\":\"https:\/\/www.manaus.am.gov.br\/semasc\/#organization\"},\"alternateName\":\"Secretaria Municipal da Mulher, Assist\u00eancia Social e Cidadania\",\"potentialAction\":[{\"@type\":\"SearchAction\",\"target\":{\"@type\":\"EntryPoint\",\"urlTemplate\":\"https:\/\/www.manaus.am.gov.br\/semasc\/?s={search_term_string}\"},\"query-input\":\"required name=search_term_string\"}],\"inLanguage\":\"pt-BR\"},{\"@type\":\"Organization\",\"@id\":\"https:\/\/www.manaus.am.gov.br\/semasc\/#organization\",\"name\":\"Prefeitura de Manaus\",\"alternateName\":\"Prefeitura Municipal de Manaus\",\"url\":\"https:\/\/www.manaus.am.gov.br\/semasc\/\",\"logo\":{\"@type\":\"ImageObject\",\"inLanguage\":\"pt-BR\",\"@id\":\"https:\/\/www.manaus.am.gov.br\/semasc\/#\/schema\/logo\/image\/\",\"url\":\"https:\/\/www.manaus.am.gov.br\/semasc\/wp-content\/uploads\/sites\/17\/2024\/07\/favicon.png\",\"contentUrl\":\"https:\/\/www.manaus.am.gov.br\/semasc\/wp-content\/uploads\/sites\/17\/2024\/07\/favicon.png\",\"width\":300,\"height\":300,\"caption\":\"Prefeitura de Manaus\"},\"image\":{\"@id\":\"https:\/\/www.manaus.am.gov.br\/semasc\/#\/schema\/logo\/image\/\"},\"sameAs\":[\"https:\/\/www.facebook.com\/semascmanaus\",\"https:\/\/www.instagram.com\/semascmanaus\/\"]},{\"@type\":\"Person\",\"@id\":\"https:\/\/www.manaus.am.gov.br\/semasc\/#\/schema\/person\/a5ee5376db6e21af026374b369f30882\",\"name\":\"Thiago Fernando\",\"image\":{\"@type\":\"ImageObject\",\"inLanguage\":\"pt-BR\",\"@id\":\"https:\/\/www.manaus.am.gov.br\/semasc\/#\/schema\/person\/image\/\",\"url\":\"https:\/\/secure.gravatar.com\/avatar\/f5aab8722444041451501c077052ac07?s=96&d=mm&r=g\",\"contentUrl\":\"https:\/\/secure.gravatar.com\/avatar\/f5aab8722444041451501c077052ac07?s=96&d=mm&r=g\",\"caption\":\"Thiago Fernando\"}}]}<\/script>\n<!-- \/ Yoast SEO plugin. -->","yoast_head_json":{"title":"Prefeitura e Unicef realizam balan\u00e7o da #AgendaCidadeUNICEF","description":"A Prefeitura de Manaus realizaram, nesta quinta-feira, 30\/11, a \u00faltima reuni\u00e3o de balan\u00e7o das a\u00e7\u00f5es da #AgendaCidadeUNICEF \u2013 Manaus\u00a0","robots":{"index":"noindex","follow":"follow"},"og_locale":"pt_BR","og_type":"article","og_title":"Prefeitura e Unicef realizam balan\u00e7o da #AgendaCidadeUNICEF","og_description":"A Prefeitura de Manaus realizaram, nesta quinta-feira, 30\/11, a \u00faltima reuni\u00e3o de balan\u00e7o das a\u00e7\u00f5es da #AgendaCidadeUNICEF \u2013 Manaus\u00a0","og_url":"https:\/\/www.manaus.am.gov.br\/semasc\/prefeitura-e-unicef-realizam-ultima-reuniao-de-balanco-da-agendacidadeunicef-de-2023\/","og_site_name":"SEMASC","article_publisher":"https:\/\/www.facebook.com\/semascmanaus","article_published_time":"2023-11-30T21:01:07+00:00","article_modified_time":"2024-11-04T13:51:55+00:00","og_image":[{"width":1600,"height":1200,"url":"https:\/\/www.manaus.am.gov.br\/semasc\/wp-content\/uploads\/sites\/17\/2023\/11\/WhatsApp-Image-2023-11-30-at-16.33.46-1.jpeg","type":"image\/jpeg"}],"author":"Thiago Fernando","twitter_card":"summary_large_image","twitter_misc":{"Written by":"Thiago Fernando","Est. reading time":"3 minutos"},"schema":{"@context":"https:\/\/schema.org","@graph":[{"@type":"Article","@id":"https:\/\/www.manaus.am.gov.br\/semasc\/prefeitura-e-unicef-realizam-ultima-reuniao-de-balanco-da-agendacidadeunicef-de-2023\/#article","isPartOf":{"@id":"https:\/\/www.manaus.am.gov.br\/semasc\/prefeitura-e-unicef-realizam-ultima-reuniao-de-balanco-da-agendacidadeunicef-de-2023\/"},"author":{"name":"Thiago Fernando","@id":"https:\/\/www.manaus.am.gov.br\/semasc\/#\/schema\/person\/a5ee5376db6e21af026374b369f30882"},"headline":"Prefeitura e Unicef realizam \u00faltima reuni\u00e3o de balan\u00e7o da #AgendaCidadeUNICEF de 2023\u00a0\u00a0","datePublished":"2023-11-30T21:01:07+00:00","dateModified":"2024-11-04T13:51:55+00:00","mainEntityOfPage":{"@id":"https:\/\/www.manaus.am.gov.br\/semasc\/prefeitura-e-unicef-realizam-ultima-reuniao-de-balanco-da-agendacidadeunicef-de-2023\/"},"wordCount":556,"publisher":{"@id":"https:\/\/www.manaus.am.gov.br\/semasc\/#organization"},"image":{"@id":"https:\/\/www.manaus.am.gov.br\/semasc\/prefeitura-e-unicef-realizam-ultima-reuniao-de-balanco-da-agendacidadeunicef-de-2023\/#primaryimage"},"thumbnailUrl":"https:\/\/www.manaus.am.gov.br\/semasc\/wp-content\/uploads\/sites\/17\/2023\/11\/WhatsApp-Image-2023-11-30-at-16.33.46-1.jpeg","keywords":["#AgendaCidadeUnicef","Assist\u00eancia Social e Cidadania (Semasc)","unicef"],"articleSection":["Assist\u00eancia Social"],"inLanguage":"pt-BR"},{"@type":"WebPage","@id":"https:\/\/www.manaus.am.gov.br\/semasc\/prefeitura-e-unicef-realizam-ultima-reuniao-de-balanco-da-agendacidadeunicef-de-2023\/","url":"https:\/\/www.manaus.am.gov.br\/semasc\/prefeitura-e-unicef-realizam-ultima-reuniao-de-balanco-da-agendacidadeunicef-de-2023\/","name":"Prefeitura e Unicef realizam balan\u00e7o da #AgendaCidadeUNICEF","isPartOf":{"@id":"https:\/\/www.manaus.am.gov.br\/semasc\/#website"},"primaryImageOfPage":{"@id":"https:\/\/www.manaus.am.gov.br\/semasc\/prefeitura-e-unicef-realizam-ultima-reuniao-de-balanco-da-agendacidadeunicef-de-2023\/#primaryimage"},"image":{"@id":"https:\/\/www.manaus.am.gov.br\/semasc\/prefeitura-e-unicef-realizam-ultima-reuniao-de-balanco-da-agendacidadeunicef-de-2023\/#primaryimage"},"thumbnailUrl":"https:\/\/www.manaus.am.gov.br\/semasc\/wp-content\/uploads\/sites\/17\/2023\/11\/WhatsApp-Image-2023-11-30-at-16.33.46-1.jpeg","datePublished":"2023-11-30T21:01:07+00:00","dateModified":"2024-11-04T13:51:55+00:00","description":"A Prefeitura de Manaus realizaram, nesta quinta-feira, 30\/11, a \u00faltima reuni\u00e3o de balan\u00e7o das a\u00e7\u00f5es da #AgendaCidadeUNICEF \u2013 Manaus\u00a0","breadcrumb":{"@id":"https:\/\/www.manaus.am.gov.br\/semasc\/prefeitura-e-unicef-realizam-ultima-reuniao-de-balanco-da-agendacidadeunicef-de-2023\/#breadcrumb"},"inLanguage":"pt-BR","potentialAction":[{"@type":"ReadAction","target":["https:\/\/www.manaus.am.gov.br\/semasc\/prefeitura-e-unicef-realizam-ultima-reuniao-de-balanco-da-agendacidadeunicef-de-2023\/"]}]},{"@type":"ImageObject","inLanguage":"pt-BR","@id":"https:\/\/www.manaus.am.gov.br\/semasc\/prefeitura-e-unicef-realizam-ultima-reuniao-de-balanco-da-agendacidadeunicef-de-2023\/#primaryimage","url":"https:\/\/www.manaus.am.gov.br\/semasc\/wp-content\/uploads\/sites\/17\/2023\/11\/WhatsApp-Image-2023-11-30-at-16.33.46-1.jpeg","contentUrl":"https:\/\/www.manaus.am.gov.br\/semasc\/wp-content\/uploads\/sites\/17\/2023\/11\/WhatsApp-Image-2023-11-30-at-16.33.46-1.jpeg","width":1600,"height":1200,"caption":"#paratodosverem - Subsecret\u00e1ria Gra\u00e7a Prola apresenta dados durante eventos"},{"@type":"BreadcrumbList","@id":"https:\/\/www.manaus.am.gov.br\/semasc\/prefeitura-e-unicef-realizam-ultima-reuniao-de-balanco-da-agendacidadeunicef-de-2023\/#breadcrumb","itemListElement":[{"@type":"ListItem","position":1,"name":"Home","item":"https:\/\/www.manaus.am.gov.br\/semasc\/"},{"@type":"ListItem","position":2,"name":"Prefeitura e Unicef realizam \u00faltima reuni\u00e3o de balan\u00e7o da #AgendaCidadeUNICEF de 2023\u00a0\u00a0"}]},{"@type":"WebSite","@id":"https:\/\/www.manaus.am.gov.br\/semasc\/#website","url":"https:\/\/www.manaus.am.gov.br\/semasc\/","name":"SEMASC","description":"Secretaria Municipal da Mulher, Assist\u00eancia Social e Cidadania.","publisher":{"@id":"https:\/\/www.manaus.am.gov.br\/semasc\/#organization"},"alternateName":"Secretaria Municipal da Mulher, Assist\u00eancia Social e Cidadania","potentialAction":[{"@type":"SearchAction","target":{"@type":"EntryPoint","urlTemplate":"https:\/\/www.manaus.am.gov.br\/semasc\/?s={search_term_string}"},"query-input":"required name=search_term_string"}],"inLanguage":"pt-BR"},{"@type":"Organization","@id":"https:\/\/www.manaus.am.gov.br\/semasc\/#organization","name":"Prefeitura de Manaus","alternateName":"Prefeitura Municipal de Manaus","url":"https:\/\/www.manaus.am.gov.br\/semasc\/","logo":{"@type":"ImageObject","inLanguage":"pt-BR","@id":"https:\/\/www.manaus.am.gov.br\/semasc\/#\/schema\/logo\/image\/","url":"https:\/\/www.manaus.am.gov.br\/semasc\/wp-content\/uploads\/sites\/17\/2024\/07\/favicon.png","contentUrl":"https:\/\/www.manaus.am.gov.br\/semasc\/wp-content\/uploads\/sites\/17\/2024\/07\/favicon.png","width":300,"height":300,"caption":"Prefeitura de Manaus"},"image":{"@id":"https:\/\/www.manaus.am.gov.br\/semasc\/#\/schema\/logo\/image\/"},"sameAs":["https:\/\/www.facebook.com\/semascmanaus","https:\/\/www.instagram.com\/semascmanaus\/"]},{"@type":"Person","@id":"https:\/\/www.manaus.am.gov.br\/semasc\/#\/schema\/person\/a5ee5376db6e21af026374b369f30882","name":"Thiago Fernando","image":{"@type":"ImageObject","inLanguage":"pt-BR","@id":"https:\/\/www.manaus.am.gov.br\/semasc\/#\/schema\/person\/image\/","url":"https:\/\/secure.gravatar.com\/avatar\/f5aab8722444041451501c077052ac07?s=96&d=mm&r=g","contentUrl":"https:\/\/secure.gravatar.com\/avatar\/f5aab8722444041451501c077052ac07?s=96&d=mm&r=g","caption":"Thiago Fernando"}}]}},"_links":{"self":[{"href":"https:\/\/www.manaus.am.gov.br\/semasc\/wp-json\/wp\/v2\/posts\/209418"}],"collection":[{"href":"https:\/\/www.manaus.am.gov.br\/semasc\/wp-json\/wp\/v2\/posts"}],"about":[{"href":"https:\/\/www.manaus.am.gov.br\/semasc\/wp-json\/wp\/v2\/types\/post"}],"author":[{"embeddable":true,"href":"https:\/\/www.manaus.am.gov.br\/semasc\/wp-json\/wp\/v2\/users\/57"}],"replies":[{"embeddable":true,"href":"https:\/\/www.manaus.am.gov.br\/semasc\/wp-json\/wp\/v2\/comments?post=209418"}],"version-history":[{"count":1,"href":"https:\/\/www.manaus.am.gov.br\/semasc\/wp-json\/wp\/v2\/posts\/209418\/revisions"}],"predecessor-version":[{"id":209442,"href":"https:\/\/www.manaus.am.gov.br\/semasc\/wp-json\/wp\/v2\/posts\/209418\/revisions\/209442"}],"wp:featuredmedia":[{"embeddable":true,"href":"https:\/\/www.manaus.am.gov.br\/semasc\/wp-json\/wp\/v2\/media\/209419"}],"wp:attachment":[{"href":"https:\/\/www.manaus.am.gov.br\/semasc\/wp-json\/wp\/v2\/media?parent=209418"}],"wp:term":[{"taxonomy":"category","embeddable":true,"href":"https:\/\/www.manaus.am.gov.br\/semasc\/wp-json\/wp\/v2\/categories?post=209418"},{"taxonomy":"post_tag","embeddable":true,"href":"https:\/\/www.manaus.am.gov.br\/semasc\/wp-json\/wp\/v2\/tags?post=209418"}],"curies":[{"name":"wp","href":"https:\/\/api.w.org\/{rel}","templated":true}]}}