{"id":209357,"date":"2023-11-27T17:16:20","date_gmt":"2023-11-27T21:16:20","guid":{"rendered":"https:\/\/www.manaus.am.gov.br\/semasc\/cras-compensa-1-passa-a-funcionar-em-endereco-provisorio\/"},"modified":"2023-11-28T11:31:28","modified_gmt":"2023-11-28T15:31:28","slug":"cras-compensa-1-passa-a-funcionar-em-endereco-provisorio","status":"publish","type":"post","link":"https:\/\/www.manaus.am.gov.br\/semasc\/cras-compensa-1-passa-a-funcionar-em-endereco-provisorio\/","title":{"rendered":"Cras Compensa 1 passa a funcionar em endere\u00e7o provis\u00f3rio"},"content":{"rendered":"\n<p>A Prefeitura de Manaus, por meio da Secretaria Municipal da Mulher, Assist\u00eancia Social e Cidadania (Semasc), informa que, a partir desta ter\u00e7a-feira, 28\/11, o Centro de Refer\u00eancia de Assist\u00eancia Social (Cras) Compensa 1, localizado na Rua da Ind\u00fastria, n\u00ba 20, no bairro Compensa, zona Oeste, passar\u00e1 a funcionar provisoriamente dentro das instala\u00e7\u00f5es do Cras Compensa 2, localizado na Rua Eduardo Prado, S\/N, no bairro Compensa 2.<\/p>\n\n\n\n<p>A mudan\u00e7a acontece devido ao in\u00edcio do processo de revitaliza\u00e7\u00e3o do equipamento. Os atendimentos, mesmo no endere\u00e7o provis\u00f3rio, seguem sendo de segunda \u00e0 sexta-feira, de 8h \u00e0s 17h.&nbsp;<\/p>\n\n\n\n<p>&#8212; &#8212; &#8212;<\/p>\n\n\n\n<p><strong>Texto:<\/strong> Guilherme Pacheco \/ Semasc<\/p>\n","protected":false},"excerpt":{"rendered":"","protected":false},"author":57,"featured_media":208808,"comment_status":"closed","ping_status":"closed","sticky":false,"template":"","format":"standard","meta":{"footnotes":""},"categories":[156],"tags":[121,736,18],"acf":[],"yoast_head":"<!-- This site is optimized with the Yoast SEO plugin v23.0 - https:\/\/yoast.com\/wordpress\/plugins\/seo\/ -->\n<title>Cras Compensa 1 passa a funcionar em endere\u00e7o provis\u00f3rio<\/title>\n<meta name=\"description\" content=\"A Prefeitura de Manaus informa que Cras Compensa 1 passar\u00e1 a funcionar provisoriamente dentro das instala\u00e7\u00f5es do Cras Compensa 2\" \/>\n<meta name=\"robots\" content=\"noindex, follow\" \/>\n<meta property=\"og:locale\" content=\"pt_BR\" \/>\n<meta property=\"og:type\" content=\"article\" \/>\n<meta property=\"og:title\" content=\"Cras Compensa 1 passa a funcionar em endere\u00e7o provis\u00f3rio\" \/>\n<meta property=\"og:description\" content=\"A Prefeitura de Manaus informa que Cras Compensa 1 passar\u00e1 a funcionar provisoriamente dentro das instala\u00e7\u00f5es do Cras Compensa 2\" \/>\n<meta property=\"og:url\" content=\"https:\/\/www.manaus.am.gov.br\/semasc\/cras-compensa-1-passa-a-funcionar-em-endereco-provisorio\/\" \/>\n<meta property=\"og:site_name\" content=\"SEMASC\" \/>\n<meta property=\"article:publisher\" content=\"https:\/\/www.facebook.com\/semascmanaus\" \/>\n<meta property=\"article:published_time\" content=\"2023-11-27T21:16:20+00:00\" \/>\n<meta property=\"article:modified_time\" content=\"2023-11-28T15:31:28+00:00\" \/>\n<meta property=\"og:image\" content=\"https:\/\/www.manaus.am.gov.br\/semasc\/wp-content\/uploads\/sites\/17\/2023\/08\/Nota-1.png\" \/>\n\t<meta property=\"og:image:width\" content=\"900\" \/>\n\t<meta property=\"og:image:height\" content=\"509\" \/>\n\t<meta property=\"og:image:type\" content=\"image\/png\" \/>\n<meta name=\"author\" content=\"Thiago Fernando\" \/>\n<meta name=\"twitter:card\" content=\"summary_large_image\" \/>\n<meta name=\"twitter:label1\" content=\"Written by\" \/>\n\t<meta name=\"twitter:data1\" content=\"Thiago Fernando\" \/>\n\t<meta name=\"twitter:label2\" content=\"Est. reading time\" \/>\n\t<meta name=\"twitter:data2\" content=\"1 minuto\" \/>\n<script type=\"application\/ld+json\" class=\"yoast-schema-graph\">{\"@context\":\"https:\/\/schema.org\",\"@graph\":[{\"@type\":\"Article\",\"@id\":\"https:\/\/www.manaus.am.gov.br\/semasc\/cras-compensa-1-passa-a-funcionar-em-endereco-provisorio\/#article\",\"isPartOf\":{\"@id\":\"https:\/\/www.manaus.am.gov.br\/semasc\/cras-compensa-1-passa-a-funcionar-em-endereco-provisorio\/\"},\"author\":{\"name\":\"Thiago Fernando\",\"@id\":\"https:\/\/www.manaus.am.gov.br\/semasc\/#\/schema\/person\/a5ee5376db6e21af026374b369f30882\"},\"headline\":\"Cras Compensa 1 passa a funcionar em endere\u00e7o provis\u00f3rio\",\"datePublished\":\"2023-11-27T21:16:20+00:00\",\"dateModified\":\"2023-11-28T15:31:28+00:00\",\"mainEntityOfPage\":{\"@id\":\"https:\/\/www.manaus.am.gov.br\/semasc\/cras-compensa-1-passa-a-funcionar-em-endereco-provisorio\/\"},\"wordCount\":118,\"publisher\":{\"@id\":\"https:\/\/www.manaus.am.gov.br\/semasc\/#organization\"},\"image\":{\"@id\":\"https:\/\/www.manaus.am.gov.br\/semasc\/cras-compensa-1-passa-a-funcionar-em-endereco-provisorio\/#primaryimage\"},\"thumbnailUrl\":\"https:\/\/www.manaus.am.gov.br\/semasc\/wp-content\/uploads\/sites\/17\/2023\/08\/Nota-1.png\",\"keywords\":[\"cras\",\"mudan\u00e7a\",\"Semasc\"],\"articleSection\":[\"Nota\"],\"inLanguage\":\"pt-BR\"},{\"@type\":\"WebPage\",\"@id\":\"https:\/\/www.manaus.am.gov.br\/semasc\/cras-compensa-1-passa-a-funcionar-em-endereco-provisorio\/\",\"url\":\"https:\/\/www.manaus.am.gov.br\/semasc\/cras-compensa-1-passa-a-funcionar-em-endereco-provisorio\/\",\"name\":\"Cras Compensa 1 passa a funcionar em endere\u00e7o provis\u00f3rio\",\"isPartOf\":{\"@id\":\"https:\/\/www.manaus.am.gov.br\/semasc\/#website\"},\"primaryImageOfPage\":{\"@id\":\"https:\/\/www.manaus.am.gov.br\/semasc\/cras-compensa-1-passa-a-funcionar-em-endereco-provisorio\/#primaryimage\"},\"image\":{\"@id\":\"https:\/\/www.manaus.am.gov.br\/semasc\/cras-compensa-1-passa-a-funcionar-em-endereco-provisorio\/#primaryimage\"},\"thumbnailUrl\":\"https:\/\/www.manaus.am.gov.br\/semasc\/wp-content\/uploads\/sites\/17\/2023\/08\/Nota-1.png\",\"datePublished\":\"2023-11-27T21:16:20+00:00\",\"dateModified\":\"2023-11-28T15:31:28+00:00\",\"description\":\"A Prefeitura de Manaus informa que Cras Compensa 1 passar\u00e1 a funcionar provisoriamente dentro das instala\u00e7\u00f5es do Cras Compensa 2\",\"breadcrumb\":{\"@id\":\"https:\/\/www.manaus.am.gov.br\/semasc\/cras-compensa-1-passa-a-funcionar-em-endereco-provisorio\/#breadcrumb\"},\"inLanguage\":\"pt-BR\",\"potentialAction\":[{\"@type\":\"ReadAction\",\"target\":[\"https:\/\/www.manaus.am.gov.br\/semasc\/cras-compensa-1-passa-a-funcionar-em-endereco-provisorio\/\"]}]},{\"@type\":\"ImageObject\",\"inLanguage\":\"pt-BR\",\"@id\":\"https:\/\/www.manaus.am.gov.br\/semasc\/cras-compensa-1-passa-a-funcionar-em-endereco-provisorio\/#primaryimage\",\"url\":\"https:\/\/www.manaus.am.gov.br\/semasc\/wp-content\/uploads\/sites\/17\/2023\/08\/Nota-1.png\",\"contentUrl\":\"https:\/\/www.manaus.am.gov.br\/semasc\/wp-content\/uploads\/sites\/17\/2023\/08\/Nota-1.png\",\"width\":900,\"height\":509},{\"@type\":\"BreadcrumbList\",\"@id\":\"https:\/\/www.manaus.am.gov.br\/semasc\/cras-compensa-1-passa-a-funcionar-em-endereco-provisorio\/#breadcrumb\",\"itemListElement\":[{\"@type\":\"ListItem\",\"position\":1,\"name\":\"Home\",\"item\":\"https:\/\/www.manaus.am.gov.br\/semasc\/\"},{\"@type\":\"ListItem\",\"position\":2,\"name\":\"Cras Compensa 1 passa a funcionar em endere\u00e7o provis\u00f3rio\"}]},{\"@type\":\"WebSite\",\"@id\":\"https:\/\/www.manaus.am.gov.br\/semasc\/#website\",\"url\":\"https:\/\/www.manaus.am.gov.br\/semasc\/\",\"name\":\"SEMASC\",\"description\":\"Secretaria Municipal da Mulher, Assist\u00eancia Social e Cidadania.\",\"publisher\":{\"@id\":\"https:\/\/www.manaus.am.gov.br\/semasc\/#organization\"},\"alternateName\":\"Secretaria Municipal da Mulher, Assist\u00eancia Social e Cidadania\",\"potentialAction\":[{\"@type\":\"SearchAction\",\"target\":{\"@type\":\"EntryPoint\",\"urlTemplate\":\"https:\/\/www.manaus.am.gov.br\/semasc\/?s={search_term_string}\"},\"query-input\":\"required name=search_term_string\"}],\"inLanguage\":\"pt-BR\"},{\"@type\":\"Organization\",\"@id\":\"https:\/\/www.manaus.am.gov.br\/semasc\/#organization\",\"name\":\"Prefeitura de Manaus\",\"alternateName\":\"Prefeitura Municipal de Manaus\",\"url\":\"https:\/\/www.manaus.am.gov.br\/semasc\/\",\"logo\":{\"@type\":\"ImageObject\",\"inLanguage\":\"pt-BR\",\"@id\":\"https:\/\/www.manaus.am.gov.br\/semasc\/#\/schema\/logo\/image\/\",\"url\":\"https:\/\/www.manaus.am.gov.br\/semasc\/wp-content\/uploads\/sites\/17\/2024\/07\/favicon.png\",\"contentUrl\":\"https:\/\/www.manaus.am.gov.br\/semasc\/wp-content\/uploads\/sites\/17\/2024\/07\/favicon.png\",\"width\":300,\"height\":300,\"caption\":\"Prefeitura de Manaus\"},\"image\":{\"@id\":\"https:\/\/www.manaus.am.gov.br\/semasc\/#\/schema\/logo\/image\/\"},\"sameAs\":[\"https:\/\/www.facebook.com\/semascmanaus\",\"https:\/\/www.instagram.com\/semascmanaus\/\"]},{\"@type\":\"Person\",\"@id\":\"https:\/\/www.manaus.am.gov.br\/semasc\/#\/schema\/person\/a5ee5376db6e21af026374b369f30882\",\"name\":\"Thiago Fernando\",\"image\":{\"@type\":\"ImageObject\",\"inLanguage\":\"pt-BR\",\"@id\":\"https:\/\/www.manaus.am.gov.br\/semasc\/#\/schema\/person\/image\/\",\"url\":\"https:\/\/secure.gravatar.com\/avatar\/f5aab8722444041451501c077052ac07?s=96&d=mm&r=g\",\"contentUrl\":\"https:\/\/secure.gravatar.com\/avatar\/f5aab8722444041451501c077052ac07?s=96&d=mm&r=g\",\"caption\":\"Thiago Fernando\"}}]}<\/script>\n<!-- \/ Yoast SEO plugin. -->","yoast_head_json":{"title":"Cras Compensa 1 passa a funcionar em endere\u00e7o provis\u00f3rio","description":"A Prefeitura de Manaus informa que Cras Compensa 1 passar\u00e1 a funcionar provisoriamente dentro das instala\u00e7\u00f5es do Cras Compensa 2","robots":{"index":"noindex","follow":"follow"},"og_locale":"pt_BR","og_type":"article","og_title":"Cras Compensa 1 passa a funcionar em endere\u00e7o provis\u00f3rio","og_description":"A Prefeitura de Manaus informa que Cras Compensa 1 passar\u00e1 a funcionar provisoriamente dentro das instala\u00e7\u00f5es do Cras Compensa 2","og_url":"https:\/\/www.manaus.am.gov.br\/semasc\/cras-compensa-1-passa-a-funcionar-em-endereco-provisorio\/","og_site_name":"SEMASC","article_publisher":"https:\/\/www.facebook.com\/semascmanaus","article_published_time":"2023-11-27T21:16:20+00:00","article_modified_time":"2023-11-28T15:31:28+00:00","og_image":[{"width":900,"height":509,"url":"https:\/\/www.manaus.am.gov.br\/semasc\/wp-content\/uploads\/sites\/17\/2023\/08\/Nota-1.png","type":"image\/png"}],"author":"Thiago Fernando","twitter_card":"summary_large_image","twitter_misc":{"Written by":"Thiago Fernando","Est. reading time":"1 minuto"},"schema":{"@context":"https:\/\/schema.org","@graph":[{"@type":"Article","@id":"https:\/\/www.manaus.am.gov.br\/semasc\/cras-compensa-1-passa-a-funcionar-em-endereco-provisorio\/#article","isPartOf":{"@id":"https:\/\/www.manaus.am.gov.br\/semasc\/cras-compensa-1-passa-a-funcionar-em-endereco-provisorio\/"},"author":{"name":"Thiago Fernando","@id":"https:\/\/www.manaus.am.gov.br\/semasc\/#\/schema\/person\/a5ee5376db6e21af026374b369f30882"},"headline":"Cras Compensa 1 passa a funcionar em endere\u00e7o provis\u00f3rio","datePublished":"2023-11-27T21:16:20+00:00","dateModified":"2023-11-28T15:31:28+00:00","mainEntityOfPage":{"@id":"https:\/\/www.manaus.am.gov.br\/semasc\/cras-compensa-1-passa-a-funcionar-em-endereco-provisorio\/"},"wordCount":118,"publisher":{"@id":"https:\/\/www.manaus.am.gov.br\/semasc\/#organization"},"image":{"@id":"https:\/\/www.manaus.am.gov.br\/semasc\/cras-compensa-1-passa-a-funcionar-em-endereco-provisorio\/#primaryimage"},"thumbnailUrl":"https:\/\/www.manaus.am.gov.br\/semasc\/wp-content\/uploads\/sites\/17\/2023\/08\/Nota-1.png","keywords":["cras","mudan\u00e7a","Semasc"],"articleSection":["Nota"],"inLanguage":"pt-BR"},{"@type":"WebPage","@id":"https:\/\/www.manaus.am.gov.br\/semasc\/cras-compensa-1-passa-a-funcionar-em-endereco-provisorio\/","url":"https:\/\/www.manaus.am.gov.br\/semasc\/cras-compensa-1-passa-a-funcionar-em-endereco-provisorio\/","name":"Cras Compensa 1 passa a funcionar em endere\u00e7o provis\u00f3rio","isPartOf":{"@id":"https:\/\/www.manaus.am.gov.br\/semasc\/#website"},"primaryImageOfPage":{"@id":"https:\/\/www.manaus.am.gov.br\/semasc\/cras-compensa-1-passa-a-funcionar-em-endereco-provisorio\/#primaryimage"},"image":{"@id":"https:\/\/www.manaus.am.gov.br\/semasc\/cras-compensa-1-passa-a-funcionar-em-endereco-provisorio\/#primaryimage"},"thumbnailUrl":"https:\/\/www.manaus.am.gov.br\/semasc\/wp-content\/uploads\/sites\/17\/2023\/08\/Nota-1.png","datePublished":"2023-11-27T21:16:20+00:00","dateModified":"2023-11-28T15:31:28+00:00","description":"A Prefeitura de Manaus informa que Cras Compensa 1 passar\u00e1 a funcionar provisoriamente dentro das instala\u00e7\u00f5es do Cras Compensa 2","breadcrumb":{"@id":"https:\/\/www.manaus.am.gov.br\/semasc\/cras-compensa-1-passa-a-funcionar-em-endereco-provisorio\/#breadcrumb"},"inLanguage":"pt-BR","potentialAction":[{"@type":"ReadAction","target":["https:\/\/www.manaus.am.gov.br\/semasc\/cras-compensa-1-passa-a-funcionar-em-endereco-provisorio\/"]}]},{"@type":"ImageObject","inLanguage":"pt-BR","@id":"https:\/\/www.manaus.am.gov.br\/semasc\/cras-compensa-1-passa-a-funcionar-em-endereco-provisorio\/#primaryimage","url":"https:\/\/www.manaus.am.gov.br\/semasc\/wp-content\/uploads\/sites\/17\/2023\/08\/Nota-1.png","contentUrl":"https:\/\/www.manaus.am.gov.br\/semasc\/wp-content\/uploads\/sites\/17\/2023\/08\/Nota-1.png","width":900,"height":509},{"@type":"BreadcrumbList","@id":"https:\/\/www.manaus.am.gov.br\/semasc\/cras-compensa-1-passa-a-funcionar-em-endereco-provisorio\/#breadcrumb","itemListElement":[{"@type":"ListItem","position":1,"name":"Home","item":"https:\/\/www.manaus.am.gov.br\/semasc\/"},{"@type":"ListItem","position":2,"name":"Cras Compensa 1 passa a funcionar em endere\u00e7o provis\u00f3rio"}]},{"@type":"WebSite","@id":"https:\/\/www.manaus.am.gov.br\/semasc\/#website","url":"https:\/\/www.manaus.am.gov.br\/semasc\/","name":"SEMASC","description":"Secretaria Municipal da Mulher, Assist\u00eancia Social e Cidadania.","publisher":{"@id":"https:\/\/www.manaus.am.gov.br\/semasc\/#organization"},"alternateName":"Secretaria Municipal da Mulher, Assist\u00eancia Social e Cidadania","potentialAction":[{"@type":"SearchAction","target":{"@type":"EntryPoint","urlTemplate":"https:\/\/www.manaus.am.gov.br\/semasc\/?s={search_term_string}"},"query-input":"required name=search_term_string"}],"inLanguage":"pt-BR"},{"@type":"Organization","@id":"https:\/\/www.manaus.am.gov.br\/semasc\/#organization","name":"Prefeitura de Manaus","alternateName":"Prefeitura Municipal de Manaus","url":"https:\/\/www.manaus.am.gov.br\/semasc\/","logo":{"@type":"ImageObject","inLanguage":"pt-BR","@id":"https:\/\/www.manaus.am.gov.br\/semasc\/#\/schema\/logo\/image\/","url":"https:\/\/www.manaus.am.gov.br\/semasc\/wp-content\/uploads\/sites\/17\/2024\/07\/favicon.png","contentUrl":"https:\/\/www.manaus.am.gov.br\/semasc\/wp-content\/uploads\/sites\/17\/2024\/07\/favicon.png","width":300,"height":300,"caption":"Prefeitura de Manaus"},"image":{"@id":"https:\/\/www.manaus.am.gov.br\/semasc\/#\/schema\/logo\/image\/"},"sameAs":["https:\/\/www.facebook.com\/semascmanaus","https:\/\/www.instagram.com\/semascmanaus\/"]},{"@type":"Person","@id":"https:\/\/www.manaus.am.gov.br\/semasc\/#\/schema\/person\/a5ee5376db6e21af026374b369f30882","name":"Thiago Fernando","image":{"@type":"ImageObject","inLanguage":"pt-BR","@id":"https:\/\/www.manaus.am.gov.br\/semasc\/#\/schema\/person\/image\/","url":"https:\/\/secure.gravatar.com\/avatar\/f5aab8722444041451501c077052ac07?s=96&d=mm&r=g","contentUrl":"https:\/\/secure.gravatar.com\/avatar\/f5aab8722444041451501c077052ac07?s=96&d=mm&r=g","caption":"Thiago Fernando"}}]}},"_links":{"self":[{"href":"https:\/\/www.manaus.am.gov.br\/semasc\/wp-json\/wp\/v2\/posts\/209357"}],"collection":[{"href":"https:\/\/www.manaus.am.gov.br\/semasc\/wp-json\/wp\/v2\/posts"}],"about":[{"href":"https:\/\/www.manaus.am.gov.br\/semasc\/wp-json\/wp\/v2\/types\/post"}],"author":[{"embeddable":true,"href":"https:\/\/www.manaus.am.gov.br\/semasc\/wp-json\/wp\/v2\/users\/57"}],"replies":[{"embeddable":true,"href":"https:\/\/www.manaus.am.gov.br\/semasc\/wp-json\/wp\/v2\/comments?post=209357"}],"version-history":[{"count":1,"href":"https:\/\/www.manaus.am.gov.br\/semasc\/wp-json\/wp\/v2\/posts\/209357\/revisions"}],"predecessor-version":[{"id":209365,"href":"https:\/\/www.manaus.am.gov.br\/semasc\/wp-json\/wp\/v2\/posts\/209357\/revisions\/209365"}],"wp:featuredmedia":[{"embeddable":true,"href":"https:\/\/www.manaus.am.gov.br\/semasc\/wp-json\/wp\/v2\/media\/208808"}],"wp:attachment":[{"href":"https:\/\/www.manaus.am.gov.br\/semasc\/wp-json\/wp\/v2\/media?parent=209357"}],"wp:term":[{"taxonomy":"category","embeddable":true,"href":"https:\/\/www.manaus.am.gov.br\/semasc\/wp-json\/wp\/v2\/categories?post=209357"},{"taxonomy":"post_tag","embeddable":true,"href":"https:\/\/www.manaus.am.gov.br\/semasc\/wp-json\/wp\/v2\/tags?post=209357"}],"curies":[{"name":"wp","href":"https:\/\/api.w.org\/{rel}","templated":true}]}}