{"id":209345,"date":"2023-05-22T13:23:17","date_gmt":"2023-05-22T17:23:17","guid":{"rendered":"https:\/\/www.manaus.am.gov.br\/semasc\/moradores-da-comunidade-jose-bonifacio-serao-beneficiados-com-agua-tratada-e-inclusao-na-tarifa-social\/"},"modified":"2023-11-24T17:57:57","modified_gmt":"2023-11-24T21:57:57","slug":"moradores-da-comunidade-jose-bonifacio-serao-beneficiados-com-agua-tratada-e-inclusao-na-tarifa-social","status":"publish","type":"post","link":"https:\/\/www.manaus.am.gov.br\/semasc\/moradores-da-comunidade-jose-bonifacio-serao-beneficiados-com-agua-tratada-e-inclusao-na-tarifa-social\/","title":{"rendered":"Moradores da comunidade Jos\u00e9 Bonif\u00e1cio ser\u00e3o beneficiados com \u00e1gua tratada e inclus\u00e3o na Tarifa Social"},"content":{"rendered":"\n<p>Aproximadamente 60 fam\u00edlias da comunidade Jos\u00e9 Bonif\u00e1cio, localizada no bairro Col\u00f4nia Santo Ant\u00f4nio, na zona Norte de Manaus, ser\u00e3o beneficiadas com o abastecimento de \u00e1gua tratada. A decis\u00e3o de incluir a localidade no sistema de abastecimento p\u00fablico da cidade se deu ap\u00f3s uma vistoria realizada na \u00faltima sexta-feira, 19\/5, pelos t\u00e9cnicos da Ag\u00eancia Reguladora dos Servi\u00e7os P\u00fablicos Delegados do Munic\u00edpio de Manaus (Ageman), Comiss\u00e3o de Defesa do Consumidor da C\u00e2mara Municipal de Manaus e concession\u00e1ria \u00c1guas de Manaus.<\/p>\n\n\n\n<p>Atualmente, a comunidade \u00e9 abastecida por meio de liga\u00e7\u00f5es irregulares, que comprometem o abastecimento de \u00e1reas pr\u00f3ximas. &nbsp;\u201cNossa vinda aqui foi um pleito da Comiss\u00e3o de Defesa do Consumidor da C\u00e2mara, representada pelo vereador Eduardo Assis. Identificamos que h\u00e1 um desejo da comunidade em regularizar a situa\u00e7\u00e3o deles e isso proporcionar\u00e1 in\u00fameros benef\u00edcios, come\u00e7ando pela qualidade da \u00e1gua que ser\u00e1 fornecida, j\u00e1 que eles receber\u00e3o o abastecimento de uma rede apropriada\u201d, afirmou o diretor-presidente da Ageman, Elson Andrade Ferreira.<\/p>\n\n\n\n<p>Outro benef\u00edcio que tamb\u00e9m dever\u00e1 ser disponibilizado aos 250 moradores ser\u00e1 a inclus\u00e3o na Tarifa Social.<\/p>\n\n\n\n<p>\u201cSer\u00e1 um trabalho conjunto que iremos acompanhar e que envolver\u00e1 a Secretaria Municipal da Mulher, Assist\u00eancia Social e Cidadania (Semasc) e a empresa \u00c1guas de Manaus, de forma que possamos inclu\u00ed-los, conforme os crit\u00e9rios, tamb\u00e9m na Tarifa Social\u201d, disse Elson.<\/p>\n\n\n\n<p>Al\u00e9m de garantirem acesso \u00e0s melhores condi\u00e7\u00f5es de saneamento b\u00e1sico, a iniciativa possibilitar\u00e1 o resgate da dignidade dos moradores, que poder\u00e3o contar com comprovantes de resid\u00eancia.<\/p>\n\n\n\n<p>&#8212; &#8212; &#8212;<\/p>\n\n\n\n<p><strong>Texto &#8211;<\/strong>&nbsp;Tereza Te\u00f3filo \/ Ageman<strong><br>Fotos &#8211;&nbsp;<\/strong>Divulga\u00e7\u00e3o \/ Ageman<\/p>\n","protected":false},"excerpt":{"rendered":"","protected":false},"author":24,"featured_media":209346,"comment_status":"closed","ping_status":"closed","sticky":false,"template":"","format":"standard","meta":{"footnotes":""},"categories":[711],"tags":[712,707,713,714,715,716,717,718,7,719],"acf":[],"yoast_head":"<!-- This site is optimized with the Yoast SEO plugin v23.0 - https:\/\/yoast.com\/wordpress\/plugins\/seo\/ -->\n<title>Moradores da comunidade Jos\u00e9 Bonif\u00e1cio ser\u00e3o beneficiados com \u00e1gua tratada e inclus\u00e3o na Tarifa Social - SEMASC<\/title>\n<meta name=\"description\" content=\"Aproximadamente 60 fam\u00edlias da comunidade Jos\u00e9 Bonif\u00e1cio, localizada no bairro Col\u00f4nia Santo Ant\u00f4nio, na zona Norte de Manaus, ser\u00e3o beneficiadas com o abastecimento de \u00e1gua tratada.\" \/>\n<meta name=\"robots\" content=\"noindex, follow\" \/>\n<meta property=\"og:locale\" content=\"pt_BR\" \/>\n<meta property=\"og:type\" content=\"article\" \/>\n<meta property=\"og:title\" content=\"Moradores da comunidade Jos\u00e9 Bonif\u00e1cio ser\u00e3o beneficiados com \u00e1gua tratada e inclus\u00e3o na Tarifa Social - SEMASC\" \/>\n<meta property=\"og:description\" content=\"Aproximadamente 60 fam\u00edlias da comunidade Jos\u00e9 Bonif\u00e1cio, localizada no bairro Col\u00f4nia Santo Ant\u00f4nio, na zona Norte de Manaus, ser\u00e3o beneficiadas com o abastecimento de \u00e1gua tratada.\" \/>\n<meta property=\"og:url\" content=\"https:\/\/www.manaus.am.gov.br\/semasc\/moradores-da-comunidade-jose-bonifacio-serao-beneficiados-com-agua-tratada-e-inclusao-na-tarifa-social\/\" \/>\n<meta property=\"og:site_name\" content=\"SEMASC\" \/>\n<meta property=\"article:publisher\" content=\"https:\/\/www.facebook.com\/semascmanaus\" \/>\n<meta property=\"article:published_time\" content=\"2023-05-22T17:23:17+00:00\" \/>\n<meta property=\"article:modified_time\" content=\"2023-11-24T21:57:57+00:00\" \/>\n<meta property=\"og:image\" content=\"https:\/\/www.manaus.am.gov.br\/semasc\/wp-content\/uploads\/sites\/17\/2023\/11\/Moradores-da-comunidade-Jose-Bonifacio-serao-beneficiados-com-agua-tratada-e-inclusao-na-Tarifa-Social-1.jpeg\" \/>\n\t<meta property=\"og:image:width\" content=\"1600\" \/>\n\t<meta property=\"og:image:height\" content=\"1200\" \/>\n\t<meta property=\"og:image:type\" content=\"image\/jpeg\" \/>\n<meta name=\"author\" content=\"Cl\u00e1udia Barbosa\" \/>\n<meta name=\"twitter:card\" content=\"summary_large_image\" \/>\n<meta name=\"twitter:label1\" content=\"Written by\" \/>\n\t<meta name=\"twitter:data1\" content=\"Cl\u00e1udia Barbosa\" \/>\n\t<meta name=\"twitter:label2\" content=\"Est. reading time\" \/>\n\t<meta name=\"twitter:data2\" content=\"2 minutos\" \/>\n<script type=\"application\/ld+json\" class=\"yoast-schema-graph\">{\"@context\":\"https:\/\/schema.org\",\"@graph\":[{\"@type\":\"Article\",\"@id\":\"https:\/\/www.manaus.am.gov.br\/semasc\/moradores-da-comunidade-jose-bonifacio-serao-beneficiados-com-agua-tratada-e-inclusao-na-tarifa-social\/#article\",\"isPartOf\":{\"@id\":\"https:\/\/www.manaus.am.gov.br\/semasc\/moradores-da-comunidade-jose-bonifacio-serao-beneficiados-com-agua-tratada-e-inclusao-na-tarifa-social\/\"},\"author\":{\"name\":\"Cl\u00e1udia Barbosa\",\"@id\":\"https:\/\/www.manaus.am.gov.br\/semasc\/#\/schema\/person\/d0a166b5031154c33c77794ddc9a827e\"},\"headline\":\"Moradores da comunidade Jos\u00e9 Bonif\u00e1cio ser\u00e3o beneficiados com \u00e1gua tratada e inclus\u00e3o na Tarifa Social\",\"datePublished\":\"2023-05-22T17:23:17+00:00\",\"dateModified\":\"2023-11-24T21:57:57+00:00\",\"mainEntityOfPage\":{\"@id\":\"https:\/\/www.manaus.am.gov.br\/semasc\/moradores-da-comunidade-jose-bonifacio-serao-beneficiados-com-agua-tratada-e-inclusao-na-tarifa-social\/\"},\"wordCount\":307,\"publisher\":{\"@id\":\"https:\/\/www.manaus.am.gov.br\/semasc\/#organization\"},\"image\":{\"@id\":\"https:\/\/www.manaus.am.gov.br\/semasc\/moradores-da-comunidade-jose-bonifacio-serao-beneficiados-com-agua-tratada-e-inclusao-na-tarifa-social\/#primaryimage\"},\"thumbnailUrl\":\"https:\/\/www.manaus.am.gov.br\/semasc\/wp-content\/uploads\/sites\/17\/2023\/11\/Moradores-da-comunidade-Jose-Bonifacio-serao-beneficiados-com-agua-tratada-e-inclusao-na-Tarifa-Social-1.jpeg\",\"keywords\":[\"abastecimento\",\"ageman\",\"\u00e1gua tratada\",\"bairro Col\u00f4nia Santo Ant\u00f4nio\",\"Comiss\u00e3o de Defesa do Consumidor\",\"comunidade Jos\u00e9 Bonif\u00e1cio\",\"concession\u00e1ria \u00c1guas de Manaus\",\"Elson Andrade Ferreira\",\"prefeitura de manaus\",\"Tarifa social\"],\"articleSection\":[\"Abastecimento\"],\"inLanguage\":\"pt-BR\"},{\"@type\":\"WebPage\",\"@id\":\"https:\/\/www.manaus.am.gov.br\/semasc\/moradores-da-comunidade-jose-bonifacio-serao-beneficiados-com-agua-tratada-e-inclusao-na-tarifa-social\/\",\"url\":\"https:\/\/www.manaus.am.gov.br\/semasc\/moradores-da-comunidade-jose-bonifacio-serao-beneficiados-com-agua-tratada-e-inclusao-na-tarifa-social\/\",\"name\":\"Moradores da comunidade Jos\u00e9 Bonif\u00e1cio ser\u00e3o beneficiados com \u00e1gua tratada e inclus\u00e3o na Tarifa Social - SEMASC\",\"isPartOf\":{\"@id\":\"https:\/\/www.manaus.am.gov.br\/semasc\/#website\"},\"primaryImageOfPage\":{\"@id\":\"https:\/\/www.manaus.am.gov.br\/semasc\/moradores-da-comunidade-jose-bonifacio-serao-beneficiados-com-agua-tratada-e-inclusao-na-tarifa-social\/#primaryimage\"},\"image\":{\"@id\":\"https:\/\/www.manaus.am.gov.br\/semasc\/moradores-da-comunidade-jose-bonifacio-serao-beneficiados-com-agua-tratada-e-inclusao-na-tarifa-social\/#primaryimage\"},\"thumbnailUrl\":\"https:\/\/www.manaus.am.gov.br\/semasc\/wp-content\/uploads\/sites\/17\/2023\/11\/Moradores-da-comunidade-Jose-Bonifacio-serao-beneficiados-com-agua-tratada-e-inclusao-na-Tarifa-Social-1.jpeg\",\"datePublished\":\"2023-05-22T17:23:17+00:00\",\"dateModified\":\"2023-11-24T21:57:57+00:00\",\"description\":\"Aproximadamente 60 fam\u00edlias da comunidade Jos\u00e9 Bonif\u00e1cio, localizada no bairro Col\u00f4nia Santo Ant\u00f4nio, na zona Norte de Manaus, ser\u00e3o beneficiadas com o abastecimento de \u00e1gua tratada.\",\"breadcrumb\":{\"@id\":\"https:\/\/www.manaus.am.gov.br\/semasc\/moradores-da-comunidade-jose-bonifacio-serao-beneficiados-com-agua-tratada-e-inclusao-na-tarifa-social\/#breadcrumb\"},\"inLanguage\":\"pt-BR\",\"potentialAction\":[{\"@type\":\"ReadAction\",\"target\":[\"https:\/\/www.manaus.am.gov.br\/semasc\/moradores-da-comunidade-jose-bonifacio-serao-beneficiados-com-agua-tratada-e-inclusao-na-tarifa-social\/\"]}]},{\"@type\":\"ImageObject\",\"inLanguage\":\"pt-BR\",\"@id\":\"https:\/\/www.manaus.am.gov.br\/semasc\/moradores-da-comunidade-jose-bonifacio-serao-beneficiados-com-agua-tratada-e-inclusao-na-tarifa-social\/#primaryimage\",\"url\":\"https:\/\/www.manaus.am.gov.br\/semasc\/wp-content\/uploads\/sites\/17\/2023\/11\/Moradores-da-comunidade-Jose-Bonifacio-serao-beneficiados-com-agua-tratada-e-inclusao-na-Tarifa-Social-1.jpeg\",\"contentUrl\":\"https:\/\/www.manaus.am.gov.br\/semasc\/wp-content\/uploads\/sites\/17\/2023\/11\/Moradores-da-comunidade-Jose-Bonifacio-serao-beneficiados-com-agua-tratada-e-inclusao-na-Tarifa-Social-1.jpeg\",\"width\":1600,\"height\":1200},{\"@type\":\"BreadcrumbList\",\"@id\":\"https:\/\/www.manaus.am.gov.br\/semasc\/moradores-da-comunidade-jose-bonifacio-serao-beneficiados-com-agua-tratada-e-inclusao-na-tarifa-social\/#breadcrumb\",\"itemListElement\":[{\"@type\":\"ListItem\",\"position\":1,\"name\":\"Home\",\"item\":\"https:\/\/www.manaus.am.gov.br\/semasc\/\"},{\"@type\":\"ListItem\",\"position\":2,\"name\":\"Moradores da comunidade Jos\u00e9 Bonif\u00e1cio ser\u00e3o beneficiados com \u00e1gua tratada e inclus\u00e3o na Tarifa Social\"}]},{\"@type\":\"WebSite\",\"@id\":\"https:\/\/www.manaus.am.gov.br\/semasc\/#website\",\"url\":\"https:\/\/www.manaus.am.gov.br\/semasc\/\",\"name\":\"SEMASC\",\"description\":\"Secretaria Municipal da Mulher, Assist\u00eancia Social e Cidadania.\",\"publisher\":{\"@id\":\"https:\/\/www.manaus.am.gov.br\/semasc\/#organization\"},\"alternateName\":\"Secretaria Municipal da Mulher, Assist\u00eancia Social e Cidadania\",\"potentialAction\":[{\"@type\":\"SearchAction\",\"target\":{\"@type\":\"EntryPoint\",\"urlTemplate\":\"https:\/\/www.manaus.am.gov.br\/semasc\/?s={search_term_string}\"},\"query-input\":\"required name=search_term_string\"}],\"inLanguage\":\"pt-BR\"},{\"@type\":\"Organization\",\"@id\":\"https:\/\/www.manaus.am.gov.br\/semasc\/#organization\",\"name\":\"Prefeitura de Manaus\",\"alternateName\":\"Prefeitura Municipal de Manaus\",\"url\":\"https:\/\/www.manaus.am.gov.br\/semasc\/\",\"logo\":{\"@type\":\"ImageObject\",\"inLanguage\":\"pt-BR\",\"@id\":\"https:\/\/www.manaus.am.gov.br\/semasc\/#\/schema\/logo\/image\/\",\"url\":\"https:\/\/www.manaus.am.gov.br\/semasc\/wp-content\/uploads\/sites\/17\/2024\/07\/favicon.png\",\"contentUrl\":\"https:\/\/www.manaus.am.gov.br\/semasc\/wp-content\/uploads\/sites\/17\/2024\/07\/favicon.png\",\"width\":300,\"height\":300,\"caption\":\"Prefeitura de Manaus\"},\"image\":{\"@id\":\"https:\/\/www.manaus.am.gov.br\/semasc\/#\/schema\/logo\/image\/\"},\"sameAs\":[\"https:\/\/www.facebook.com\/semascmanaus\",\"https:\/\/www.instagram.com\/semascmanaus\/\"]},{\"@type\":\"Person\",\"@id\":\"https:\/\/www.manaus.am.gov.br\/semasc\/#\/schema\/person\/d0a166b5031154c33c77794ddc9a827e\",\"name\":\"Cl\u00e1udia Barbosa\",\"image\":{\"@type\":\"ImageObject\",\"inLanguage\":\"pt-BR\",\"@id\":\"https:\/\/www.manaus.am.gov.br\/semasc\/#\/schema\/person\/image\/\",\"url\":\"https:\/\/secure.gravatar.com\/avatar\/42958a1cf007f1a00534009218c72590?s=96&d=mm&r=g\",\"contentUrl\":\"https:\/\/secure.gravatar.com\/avatar\/42958a1cf007f1a00534009218c72590?s=96&d=mm&r=g\",\"caption\":\"Cl\u00e1udia Barbosa\"}}]}<\/script>\n<!-- \/ Yoast SEO plugin. -->","yoast_head_json":{"title":"Moradores da comunidade Jos\u00e9 Bonif\u00e1cio ser\u00e3o beneficiados com \u00e1gua tratada e inclus\u00e3o na Tarifa Social - SEMASC","description":"Aproximadamente 60 fam\u00edlias da comunidade Jos\u00e9 Bonif\u00e1cio, localizada no bairro Col\u00f4nia Santo Ant\u00f4nio, na zona Norte de Manaus, ser\u00e3o beneficiadas com o abastecimento de \u00e1gua tratada.","robots":{"index":"noindex","follow":"follow"},"og_locale":"pt_BR","og_type":"article","og_title":"Moradores da comunidade Jos\u00e9 Bonif\u00e1cio ser\u00e3o beneficiados com \u00e1gua tratada e inclus\u00e3o na Tarifa Social - SEMASC","og_description":"Aproximadamente 60 fam\u00edlias da comunidade Jos\u00e9 Bonif\u00e1cio, localizada no bairro Col\u00f4nia Santo Ant\u00f4nio, na zona Norte de Manaus, ser\u00e3o beneficiadas com o abastecimento de \u00e1gua tratada.","og_url":"https:\/\/www.manaus.am.gov.br\/semasc\/moradores-da-comunidade-jose-bonifacio-serao-beneficiados-com-agua-tratada-e-inclusao-na-tarifa-social\/","og_site_name":"SEMASC","article_publisher":"https:\/\/www.facebook.com\/semascmanaus","article_published_time":"2023-05-22T17:23:17+00:00","article_modified_time":"2023-11-24T21:57:57+00:00","og_image":[{"width":1600,"height":1200,"url":"https:\/\/www.manaus.am.gov.br\/semasc\/wp-content\/uploads\/sites\/17\/2023\/11\/Moradores-da-comunidade-Jose-Bonifacio-serao-beneficiados-com-agua-tratada-e-inclusao-na-Tarifa-Social-1.jpeg","type":"image\/jpeg"}],"author":"Cl\u00e1udia Barbosa","twitter_card":"summary_large_image","twitter_misc":{"Written by":"Cl\u00e1udia Barbosa","Est. reading time":"2 minutos"},"schema":{"@context":"https:\/\/schema.org","@graph":[{"@type":"Article","@id":"https:\/\/www.manaus.am.gov.br\/semasc\/moradores-da-comunidade-jose-bonifacio-serao-beneficiados-com-agua-tratada-e-inclusao-na-tarifa-social\/#article","isPartOf":{"@id":"https:\/\/www.manaus.am.gov.br\/semasc\/moradores-da-comunidade-jose-bonifacio-serao-beneficiados-com-agua-tratada-e-inclusao-na-tarifa-social\/"},"author":{"name":"Cl\u00e1udia Barbosa","@id":"https:\/\/www.manaus.am.gov.br\/semasc\/#\/schema\/person\/d0a166b5031154c33c77794ddc9a827e"},"headline":"Moradores da comunidade Jos\u00e9 Bonif\u00e1cio ser\u00e3o beneficiados com \u00e1gua tratada e inclus\u00e3o na Tarifa Social","datePublished":"2023-05-22T17:23:17+00:00","dateModified":"2023-11-24T21:57:57+00:00","mainEntityOfPage":{"@id":"https:\/\/www.manaus.am.gov.br\/semasc\/moradores-da-comunidade-jose-bonifacio-serao-beneficiados-com-agua-tratada-e-inclusao-na-tarifa-social\/"},"wordCount":307,"publisher":{"@id":"https:\/\/www.manaus.am.gov.br\/semasc\/#organization"},"image":{"@id":"https:\/\/www.manaus.am.gov.br\/semasc\/moradores-da-comunidade-jose-bonifacio-serao-beneficiados-com-agua-tratada-e-inclusao-na-tarifa-social\/#primaryimage"},"thumbnailUrl":"https:\/\/www.manaus.am.gov.br\/semasc\/wp-content\/uploads\/sites\/17\/2023\/11\/Moradores-da-comunidade-Jose-Bonifacio-serao-beneficiados-com-agua-tratada-e-inclusao-na-Tarifa-Social-1.jpeg","keywords":["abastecimento","ageman","\u00e1gua tratada","bairro Col\u00f4nia Santo Ant\u00f4nio","Comiss\u00e3o de Defesa do Consumidor","comunidade Jos\u00e9 Bonif\u00e1cio","concession\u00e1ria \u00c1guas de Manaus","Elson Andrade Ferreira","prefeitura de manaus","Tarifa social"],"articleSection":["Abastecimento"],"inLanguage":"pt-BR"},{"@type":"WebPage","@id":"https:\/\/www.manaus.am.gov.br\/semasc\/moradores-da-comunidade-jose-bonifacio-serao-beneficiados-com-agua-tratada-e-inclusao-na-tarifa-social\/","url":"https:\/\/www.manaus.am.gov.br\/semasc\/moradores-da-comunidade-jose-bonifacio-serao-beneficiados-com-agua-tratada-e-inclusao-na-tarifa-social\/","name":"Moradores da comunidade Jos\u00e9 Bonif\u00e1cio ser\u00e3o beneficiados com \u00e1gua tratada e inclus\u00e3o na Tarifa Social - SEMASC","isPartOf":{"@id":"https:\/\/www.manaus.am.gov.br\/semasc\/#website"},"primaryImageOfPage":{"@id":"https:\/\/www.manaus.am.gov.br\/semasc\/moradores-da-comunidade-jose-bonifacio-serao-beneficiados-com-agua-tratada-e-inclusao-na-tarifa-social\/#primaryimage"},"image":{"@id":"https:\/\/www.manaus.am.gov.br\/semasc\/moradores-da-comunidade-jose-bonifacio-serao-beneficiados-com-agua-tratada-e-inclusao-na-tarifa-social\/#primaryimage"},"thumbnailUrl":"https:\/\/www.manaus.am.gov.br\/semasc\/wp-content\/uploads\/sites\/17\/2023\/11\/Moradores-da-comunidade-Jose-Bonifacio-serao-beneficiados-com-agua-tratada-e-inclusao-na-Tarifa-Social-1.jpeg","datePublished":"2023-05-22T17:23:17+00:00","dateModified":"2023-11-24T21:57:57+00:00","description":"Aproximadamente 60 fam\u00edlias da comunidade Jos\u00e9 Bonif\u00e1cio, localizada no bairro Col\u00f4nia Santo Ant\u00f4nio, na zona Norte de Manaus, ser\u00e3o beneficiadas com o abastecimento de \u00e1gua tratada.","breadcrumb":{"@id":"https:\/\/www.manaus.am.gov.br\/semasc\/moradores-da-comunidade-jose-bonifacio-serao-beneficiados-com-agua-tratada-e-inclusao-na-tarifa-social\/#breadcrumb"},"inLanguage":"pt-BR","potentialAction":[{"@type":"ReadAction","target":["https:\/\/www.manaus.am.gov.br\/semasc\/moradores-da-comunidade-jose-bonifacio-serao-beneficiados-com-agua-tratada-e-inclusao-na-tarifa-social\/"]}]},{"@type":"ImageObject","inLanguage":"pt-BR","@id":"https:\/\/www.manaus.am.gov.br\/semasc\/moradores-da-comunidade-jose-bonifacio-serao-beneficiados-com-agua-tratada-e-inclusao-na-tarifa-social\/#primaryimage","url":"https:\/\/www.manaus.am.gov.br\/semasc\/wp-content\/uploads\/sites\/17\/2023\/11\/Moradores-da-comunidade-Jose-Bonifacio-serao-beneficiados-com-agua-tratada-e-inclusao-na-Tarifa-Social-1.jpeg","contentUrl":"https:\/\/www.manaus.am.gov.br\/semasc\/wp-content\/uploads\/sites\/17\/2023\/11\/Moradores-da-comunidade-Jose-Bonifacio-serao-beneficiados-com-agua-tratada-e-inclusao-na-Tarifa-Social-1.jpeg","width":1600,"height":1200},{"@type":"BreadcrumbList","@id":"https:\/\/www.manaus.am.gov.br\/semasc\/moradores-da-comunidade-jose-bonifacio-serao-beneficiados-com-agua-tratada-e-inclusao-na-tarifa-social\/#breadcrumb","itemListElement":[{"@type":"ListItem","position":1,"name":"Home","item":"https:\/\/www.manaus.am.gov.br\/semasc\/"},{"@type":"ListItem","position":2,"name":"Moradores da comunidade Jos\u00e9 Bonif\u00e1cio ser\u00e3o beneficiados com \u00e1gua tratada e inclus\u00e3o na Tarifa Social"}]},{"@type":"WebSite","@id":"https:\/\/www.manaus.am.gov.br\/semasc\/#website","url":"https:\/\/www.manaus.am.gov.br\/semasc\/","name":"SEMASC","description":"Secretaria Municipal da Mulher, Assist\u00eancia Social e Cidadania.","publisher":{"@id":"https:\/\/www.manaus.am.gov.br\/semasc\/#organization"},"alternateName":"Secretaria Municipal da Mulher, Assist\u00eancia Social e Cidadania","potentialAction":[{"@type":"SearchAction","target":{"@type":"EntryPoint","urlTemplate":"https:\/\/www.manaus.am.gov.br\/semasc\/?s={search_term_string}"},"query-input":"required name=search_term_string"}],"inLanguage":"pt-BR"},{"@type":"Organization","@id":"https:\/\/www.manaus.am.gov.br\/semasc\/#organization","name":"Prefeitura de Manaus","alternateName":"Prefeitura Municipal de Manaus","url":"https:\/\/www.manaus.am.gov.br\/semasc\/","logo":{"@type":"ImageObject","inLanguage":"pt-BR","@id":"https:\/\/www.manaus.am.gov.br\/semasc\/#\/schema\/logo\/image\/","url":"https:\/\/www.manaus.am.gov.br\/semasc\/wp-content\/uploads\/sites\/17\/2024\/07\/favicon.png","contentUrl":"https:\/\/www.manaus.am.gov.br\/semasc\/wp-content\/uploads\/sites\/17\/2024\/07\/favicon.png","width":300,"height":300,"caption":"Prefeitura de Manaus"},"image":{"@id":"https:\/\/www.manaus.am.gov.br\/semasc\/#\/schema\/logo\/image\/"},"sameAs":["https:\/\/www.facebook.com\/semascmanaus","https:\/\/www.instagram.com\/semascmanaus\/"]},{"@type":"Person","@id":"https:\/\/www.manaus.am.gov.br\/semasc\/#\/schema\/person\/d0a166b5031154c33c77794ddc9a827e","name":"Cl\u00e1udia Barbosa","image":{"@type":"ImageObject","inLanguage":"pt-BR","@id":"https:\/\/www.manaus.am.gov.br\/semasc\/#\/schema\/person\/image\/","url":"https:\/\/secure.gravatar.com\/avatar\/42958a1cf007f1a00534009218c72590?s=96&d=mm&r=g","contentUrl":"https:\/\/secure.gravatar.com\/avatar\/42958a1cf007f1a00534009218c72590?s=96&d=mm&r=g","caption":"Cl\u00e1udia Barbosa"}}]}},"_links":{"self":[{"href":"https:\/\/www.manaus.am.gov.br\/semasc\/wp-json\/wp\/v2\/posts\/209345"}],"collection":[{"href":"https:\/\/www.manaus.am.gov.br\/semasc\/wp-json\/wp\/v2\/posts"}],"about":[{"href":"https:\/\/www.manaus.am.gov.br\/semasc\/wp-json\/wp\/v2\/types\/post"}],"author":[{"embeddable":true,"href":"https:\/\/www.manaus.am.gov.br\/semasc\/wp-json\/wp\/v2\/users\/24"}],"replies":[{"embeddable":true,"href":"https:\/\/www.manaus.am.gov.br\/semasc\/wp-json\/wp\/v2\/comments?post=209345"}],"version-history":[{"count":0,"href":"https:\/\/www.manaus.am.gov.br\/semasc\/wp-json\/wp\/v2\/posts\/209345\/revisions"}],"wp:featuredmedia":[{"embeddable":true,"href":"https:\/\/www.manaus.am.gov.br\/semasc\/wp-json\/wp\/v2\/media\/209346"}],"wp:attachment":[{"href":"https:\/\/www.manaus.am.gov.br\/semasc\/wp-json\/wp\/v2\/media?parent=209345"}],"wp:term":[{"taxonomy":"category","embeddable":true,"href":"https:\/\/www.manaus.am.gov.br\/semasc\/wp-json\/wp\/v2\/categories?post=209345"},{"taxonomy":"post_tag","embeddable":true,"href":"https:\/\/www.manaus.am.gov.br\/semasc\/wp-json\/wp\/v2\/tags?post=209345"}],"curies":[{"name":"wp","href":"https:\/\/api.w.org\/{rel}","templated":true}]}}