{"id":209338,"date":"2023-05-26T16:15:11","date_gmt":"2023-05-26T20:15:11","guid":{"rendered":"https:\/\/www.manaus.am.gov.br\/semasc\/prefeitura-promove-atividades-alusivas-ao-maio-laranja-em-centro-de-convivencia\/"},"modified":"2023-11-24T17:56:40","modified_gmt":"2023-11-24T21:56:40","slug":"prefeitura-promove-atividades-alusivas-ao-maio-laranja-em-centro-de-convivencia","status":"publish","type":"post","link":"https:\/\/www.manaus.am.gov.br\/semasc\/prefeitura-promove-atividades-alusivas-ao-maio-laranja-em-centro-de-convivencia\/","title":{"rendered":"Prefeitura promove atividades alusivas ao \u2018Maio Laranja\u2019 em centro de conviv\u00eancia"},"content":{"rendered":"\n<p>Encerrando as programa\u00e7\u00f5es especiais da campanha municipal &#8220;Maio Laranja&#8221;, alusiva ao Dia Nacional de Combate ao Abuso e \u00e0 Explora\u00e7\u00e3o Sexual Infantil, a Prefeitura de Manaus, por meio da Secretaria da Municipal da Mulher, Assist\u00eancia Social e Cidadania (Semasc), realizou, nesta sexta-feira, 26\/5, uma manh\u00e3 de conviv\u00eancia com as fam\u00edlias atendidas pelo Centro de Refer\u00eancia de Assist\u00eancia Social (Cras) S\u00e3o Jos\u00e9 IV, atualmente locado no Centro de Conviv\u00eancia da Fam\u00edlia e do Idoso Prefeito Jos\u00e9 Fernandes, zona Leste da cidade.<\/p>\n\n\n\n<p>Ao longo da a\u00e7\u00e3o, pais e crian\u00e7as do entorno do equipamento puderam participar de palestras, rodas de conversa, atividades l\u00fadicas e sorteios de brindes diversos. Em paralelo \u00e0 programa\u00e7\u00e3o, as equipes do centro de conviv\u00eancia, inaugurado na \u00faltima sexta-feira, 19\/5, deram in\u00edcio \u00e0s atividades do equipamento, oferecendo atividades esportivas, cursos de culin\u00e1ria e aulas experimentais de inform\u00e1tica gratuitas \u00e0 popula\u00e7\u00e3o.<\/p>\n\n\n\n<p>&#8220;\u00c9 um momento em que \u00e9 poss\u00edvel visualizarmos a import\u00e2ncia da atua\u00e7\u00e3o desses equipamentos na comunidade e do trabalho realizado pela Prefeitura de Manaus, seja no enfrentamento \u00e0 viol\u00eancia sexual contra as nossas crian\u00e7as e adolescentes ou na oferta de servi\u00e7os e atividades socioassistenciais e educacionais. \u00c9 um espa\u00e7o e um momento que nos enche de muito orgulho&#8221;, afirmou o secret\u00e1rio Eduardo Lucas, titular da Semasc.<\/p>\n\n\n\n<p>A Coordenadora do Cras S\u00e3o Jos\u00e9 IV, Adriana Gomes, ressaltou a import\u00e2ncia dessa atua\u00e7\u00e3o conjunta entre equipamentos no processo de oferta de servi\u00e7os aos moradores da zona Leste.<\/p>\n\n\n\n<p>&#8220;Atualmente vivemos uma gest\u00e3o compartilhada com o centro de conviv\u00eancia, com muitos objetivos em comum. Hoje, em especial, \u00e9 um dia voltado para a orienta\u00e7\u00e3o e conscientiza\u00e7\u00e3o dos nossos usu\u00e1rios, dos moradores ao redor do centro de conviv\u00eancia e das fam\u00edlias da zona Leste como um todo a respeito da preven\u00e7\u00e3o \u00e0 diversas formas viol\u00eancia e viola\u00e7\u00e3o de direitos de crian\u00e7as e adolescentes&#8221;, explicou Adriana.<\/p>\n\n\n\n<p>&#8220;Nesse sentido, o Centro de Conviv\u00eancia tem um papel fundamental para a comunidade, pois \u00e9 nesse espa\u00e7o em que conseguimos desenvolver e ofertar uma gama de atividades em um lugar s\u00f3. Mesmo com a inaugura\u00e7\u00e3o ainda sendo recente, a demanda da regi\u00e3o j\u00e1 se apresenta de forma significativa e praticamente todas as nossas turmas j\u00e1 est\u00e3o fechadas, ent\u00e3o da\u00ed j\u00e1 \u00e9 poss\u00edvel entender um pouco do nosso impacto aqui&#8221;, complementou ainda a coordenadora do Centro de Conviv\u00eancia da Fam\u00edlia e do Idoso, An\u00e1lia Mota.<\/p>\n\n\n\n<p>Moradora do bairro Tancredo Neves, zona Leste, a aposentada Alice Aires participou da palestra sobre formas de preven\u00e7\u00e3o e enfrentamento ao abuso e \u00e0 explora\u00e7\u00e3o sexual infantojuvenil.<\/p>\n\n\n\n<p>&#8220;Eu acho que se houvesse mais palestras como essa para os pais, ou at\u00e9 para os mais jovens mesmo, n\u00e3o ver\u00edamos tantos casos tristes como vemos hoje. Precisamos ter cuidado e aten\u00e7\u00e3o com as crian\u00e7as, e participar de coisas assim tamb\u00e9m ajuda nessa prote\u00e7\u00e3o&#8221;, afirmou.<\/p>\n\n\n\n<p>J\u00e1 a dona de casa Leidejane Teles, moradora do bairro S\u00e3o Jos\u00e9 3, marcou presen\u00e7a em uma das aulas de culin\u00e1ria oferecidas pelo centro de conviv\u00eancia e elogiou a oportunidade.<\/p>\n\n\n\n<p>&#8220;Foi uma experi\u00eancia \u00f3tima, aprendi uma s\u00e9rie de coisas que antes n\u00e3o sabia e talvez nem fosse saber, como fazer um p\u00e3o do zero, por exemplo. A gente realmente precisava de um espa\u00e7o como esse aqui perto de casa para poder fazer alguns cursos e coisas do tipo, ent\u00e3o estou gostando bastante&#8221;, concluiu.<\/p>\n\n\n\n<h2 class=\"wp-block-heading\">Campanha Maio Laranja<\/h2>\n\n\n\n<p>Alusiva ao Dia Nacional de Combate \u00e0 Explora\u00e7\u00e3o Sexual de Crian\u00e7as e Adolescentes, celebrado no dia 18 de maio e marcado por a\u00e7\u00f5es de sensibiliza\u00e7\u00e3o e orienta\u00e7\u00e3o sobre o tema em todo o pa\u00eds, a campanha \u201cMaio Laranja\u201d tem como objetivo orientar crian\u00e7as, adolescentes, pais e a sociedade a identificar e denunciar situa\u00e7\u00f5es de abuso e explora\u00e7\u00e3o sexual ao longo de todo o m\u00eas.<\/p>\n\n\n\n<p>A data faz mem\u00f3ria \u00e0 menina capixaba Araceli Crespo, sequestrada, drogada, espancada, estuprada e morta em 18 de maio de 1973, aos 8 anos de idade.<\/p>\n\n\n\n<p>&#8212; &#8212; &#8212;<\/p>\n\n\n\n<p><strong>Texto &#8211;<\/strong> Guilherme Ara\u00fajo Pacheco \/ Semasc<\/p>\n\n\n\n<p><strong>Fotos &#8211;<\/strong> Marcely Gomes \/ Semasc<\/p>\n\n\n\n<p><strong>Dispon\u00edveis em \u2013<\/strong> <a href=\"https:\/\/flic.kr\/s\/aHBqjAFmgB\">https:\/\/flic.kr\/s\/aHBqjAFmgB<\/a><\/p>\n","protected":false},"excerpt":{"rendered":"","protected":false},"author":39,"featured_media":209339,"comment_status":"closed","ping_status":"closed","sticky":false,"template":"","format":"standard","meta":{"footnotes":""},"categories":[24],"tags":[35,709,29,7,18],"acf":[],"yoast_head":"<!-- This site is optimized with the Yoast SEO plugin v23.0 - https:\/\/yoast.com\/wordpress\/plugins\/seo\/ -->\n<title>Prefeitura promove atividades alusivas ao \u2018Maio Laranja\u2019 em centro de conviv\u00eancia<\/title>\n<meta name=\"description\" content=\"Encerrando as programa\u00e7\u00f5es especiais da campanha municipal &quot;Maio Laranja&quot;, alusiva ao Dia Nacional de Combate ao Abuso e \u00e0 Explora\u00e7\u00e3o Sexual Infantil, a Prefeitura de Manaus, por meio da Secretaria da Municipal da Mulher, Assist\u00eancia Social e Cidadania (Semasc), realizou, nesta sexta-feira, 26\/5, uma manh\u00e3 de conviv\u00eancia com as fam\u00edlias atendidas pelo Centro de Refer\u00eancia de Assist\u00eancia Social (Cras) S\u00e3o Jos\u00e9 IV, atualmente locado no Centro de Conviv\u00eancia da Fam\u00edlia e do Idoso Prefeito Jos\u00e9 Fernandes, zona Leste da cidade.\" \/>\n<meta name=\"robots\" content=\"noindex, follow\" \/>\n<meta property=\"og:locale\" content=\"pt_BR\" \/>\n<meta property=\"og:type\" content=\"article\" \/>\n<meta property=\"og:title\" content=\"Prefeitura promove atividades alusivas ao \u2018Maio Laranja\u2019 em centro de conviv\u00eancia\" \/>\n<meta property=\"og:description\" content=\"Encerrando as programa\u00e7\u00f5es especiais da campanha municipal &quot;Maio Laranja&quot;, alusiva ao Dia Nacional de Combate ao Abuso e \u00e0 Explora\u00e7\u00e3o Sexual Infantil, a Prefeitura de Manaus, por meio da Secretaria da Municipal da Mulher, Assist\u00eancia Social e Cidadania (Semasc), realizou, nesta sexta-feira, 26\/5, uma manh\u00e3 de conviv\u00eancia com as fam\u00edlias atendidas pelo Centro de Refer\u00eancia de Assist\u00eancia Social (Cras) S\u00e3o Jos\u00e9 IV, atualmente locado no Centro de Conviv\u00eancia da Fam\u00edlia e do Idoso Prefeito Jos\u00e9 Fernandes, zona Leste da cidade.\" \/>\n<meta property=\"og:url\" content=\"https:\/\/www.manaus.am.gov.br\/semasc\/prefeitura-promove-atividades-alusivas-ao-maio-laranja-em-centro-de-convivencia\/\" \/>\n<meta property=\"og:site_name\" content=\"SEMASC\" \/>\n<meta property=\"article:publisher\" content=\"https:\/\/www.facebook.com\/semascmanaus\" \/>\n<meta property=\"article:published_time\" content=\"2023-05-26T20:15:11+00:00\" \/>\n<meta property=\"article:modified_time\" content=\"2023-11-24T21:56:40+00:00\" \/>\n<meta property=\"og:image\" content=\"https:\/\/www.manaus.am.gov.br\/semasc\/wp-content\/uploads\/sites\/17\/2023\/11\/20230526094743_IMG_5058-scaled.jpg\" \/>\n\t<meta property=\"og:image:width\" content=\"2560\" \/>\n\t<meta property=\"og:image:height\" content=\"1707\" \/>\n\t<meta property=\"og:image:type\" content=\"image\/jpeg\" \/>\n<meta name=\"author\" content=\"Bruna Greco\" \/>\n<meta name=\"twitter:card\" content=\"summary_large_image\" \/>\n<meta name=\"twitter:label1\" content=\"Written by\" \/>\n\t<meta name=\"twitter:data1\" content=\"Bruna Greco\" \/>\n\t<meta name=\"twitter:label2\" content=\"Est. reading time\" \/>\n\t<meta name=\"twitter:data2\" content=\"4 minutos\" \/>\n<script type=\"application\/ld+json\" class=\"yoast-schema-graph\">{\"@context\":\"https:\/\/schema.org\",\"@graph\":[{\"@type\":\"Article\",\"@id\":\"https:\/\/www.manaus.am.gov.br\/semasc\/prefeitura-promove-atividades-alusivas-ao-maio-laranja-em-centro-de-convivencia\/#article\",\"isPartOf\":{\"@id\":\"https:\/\/www.manaus.am.gov.br\/semasc\/prefeitura-promove-atividades-alusivas-ao-maio-laranja-em-centro-de-convivencia\/\"},\"author\":{\"name\":\"Bruna Greco\",\"@id\":\"https:\/\/www.manaus.am.gov.br\/semasc\/#\/schema\/person\/05d223aea2bf115f9883a6ff3683d81b\"},\"headline\":\"Prefeitura promove atividades alusivas ao \u2018Maio Laranja\u2019 em centro de conviv\u00eancia\",\"datePublished\":\"2023-05-26T20:15:11+00:00\",\"dateModified\":\"2023-11-24T21:56:40+00:00\",\"mainEntityOfPage\":{\"@id\":\"https:\/\/www.manaus.am.gov.br\/semasc\/prefeitura-promove-atividades-alusivas-ao-maio-laranja-em-centro-de-convivencia\/\"},\"wordCount\":726,\"publisher\":{\"@id\":\"https:\/\/www.manaus.am.gov.br\/semasc\/#organization\"},\"image\":{\"@id\":\"https:\/\/www.manaus.am.gov.br\/semasc\/prefeitura-promove-atividades-alusivas-ao-maio-laranja-em-centro-de-convivencia\/#primaryimage\"},\"thumbnailUrl\":\"https:\/\/www.manaus.am.gov.br\/semasc\/wp-content\/uploads\/sites\/17\/2023\/11\/20230526094743_IMG_5058-scaled.jpg\",\"keywords\":[\"Centro de Conviv\u00eancia da Fam\u00edlia e do Idoso Prefeito Jos\u00e9 Fernandes\",\"Cras S\u00e3o Jos\u00e9 IV\",\"Maio Laranja\",\"prefeitura de manaus\",\"Semasc\"],\"articleSection\":[\"Campanha\"],\"inLanguage\":\"pt-BR\"},{\"@type\":\"WebPage\",\"@id\":\"https:\/\/www.manaus.am.gov.br\/semasc\/prefeitura-promove-atividades-alusivas-ao-maio-laranja-em-centro-de-convivencia\/\",\"url\":\"https:\/\/www.manaus.am.gov.br\/semasc\/prefeitura-promove-atividades-alusivas-ao-maio-laranja-em-centro-de-convivencia\/\",\"name\":\"Prefeitura promove atividades alusivas ao \u2018Maio Laranja\u2019 em centro de conviv\u00eancia\",\"isPartOf\":{\"@id\":\"https:\/\/www.manaus.am.gov.br\/semasc\/#website\"},\"primaryImageOfPage\":{\"@id\":\"https:\/\/www.manaus.am.gov.br\/semasc\/prefeitura-promove-atividades-alusivas-ao-maio-laranja-em-centro-de-convivencia\/#primaryimage\"},\"image\":{\"@id\":\"https:\/\/www.manaus.am.gov.br\/semasc\/prefeitura-promove-atividades-alusivas-ao-maio-laranja-em-centro-de-convivencia\/#primaryimage\"},\"thumbnailUrl\":\"https:\/\/www.manaus.am.gov.br\/semasc\/wp-content\/uploads\/sites\/17\/2023\/11\/20230526094743_IMG_5058-scaled.jpg\",\"datePublished\":\"2023-05-26T20:15:11+00:00\",\"dateModified\":\"2023-11-24T21:56:40+00:00\",\"description\":\"Encerrando as programa\u00e7\u00f5es especiais da campanha municipal \\\"Maio Laranja\\\", alusiva ao Dia Nacional de Combate ao Abuso e \u00e0 Explora\u00e7\u00e3o Sexual Infantil, a Prefeitura de Manaus, por meio da Secretaria da Municipal da Mulher, Assist\u00eancia Social e Cidadania (Semasc), realizou, nesta sexta-feira, 26\/5, uma manh\u00e3 de conviv\u00eancia com as fam\u00edlias atendidas pelo Centro de Refer\u00eancia de Assist\u00eancia Social (Cras) S\u00e3o Jos\u00e9 IV, atualmente locado no Centro de Conviv\u00eancia da Fam\u00edlia e do Idoso Prefeito Jos\u00e9 Fernandes, zona Leste da cidade.\",\"breadcrumb\":{\"@id\":\"https:\/\/www.manaus.am.gov.br\/semasc\/prefeitura-promove-atividades-alusivas-ao-maio-laranja-em-centro-de-convivencia\/#breadcrumb\"},\"inLanguage\":\"pt-BR\",\"potentialAction\":[{\"@type\":\"ReadAction\",\"target\":[\"https:\/\/www.manaus.am.gov.br\/semasc\/prefeitura-promove-atividades-alusivas-ao-maio-laranja-em-centro-de-convivencia\/\"]}]},{\"@type\":\"ImageObject\",\"inLanguage\":\"pt-BR\",\"@id\":\"https:\/\/www.manaus.am.gov.br\/semasc\/prefeitura-promove-atividades-alusivas-ao-maio-laranja-em-centro-de-convivencia\/#primaryimage\",\"url\":\"https:\/\/www.manaus.am.gov.br\/semasc\/wp-content\/uploads\/sites\/17\/2023\/11\/20230526094743_IMG_5058-scaled.jpg\",\"contentUrl\":\"https:\/\/www.manaus.am.gov.br\/semasc\/wp-content\/uploads\/sites\/17\/2023\/11\/20230526094743_IMG_5058-scaled.jpg\",\"width\":2560,\"height\":1707},{\"@type\":\"BreadcrumbList\",\"@id\":\"https:\/\/www.manaus.am.gov.br\/semasc\/prefeitura-promove-atividades-alusivas-ao-maio-laranja-em-centro-de-convivencia\/#breadcrumb\",\"itemListElement\":[{\"@type\":\"ListItem\",\"position\":1,\"name\":\"Home\",\"item\":\"https:\/\/www.manaus.am.gov.br\/semasc\/\"},{\"@type\":\"ListItem\",\"position\":2,\"name\":\"Prefeitura promove atividades alusivas ao \u2018Maio Laranja\u2019 em centro de conviv\u00eancia\"}]},{\"@type\":\"WebSite\",\"@id\":\"https:\/\/www.manaus.am.gov.br\/semasc\/#website\",\"url\":\"https:\/\/www.manaus.am.gov.br\/semasc\/\",\"name\":\"SEMASC\",\"description\":\"Secretaria Municipal da Mulher, Assist\u00eancia Social e Cidadania.\",\"publisher\":{\"@id\":\"https:\/\/www.manaus.am.gov.br\/semasc\/#organization\"},\"alternateName\":\"Secretaria Municipal da Mulher, Assist\u00eancia Social e Cidadania\",\"potentialAction\":[{\"@type\":\"SearchAction\",\"target\":{\"@type\":\"EntryPoint\",\"urlTemplate\":\"https:\/\/www.manaus.am.gov.br\/semasc\/?s={search_term_string}\"},\"query-input\":\"required name=search_term_string\"}],\"inLanguage\":\"pt-BR\"},{\"@type\":\"Organization\",\"@id\":\"https:\/\/www.manaus.am.gov.br\/semasc\/#organization\",\"name\":\"Prefeitura de Manaus\",\"alternateName\":\"Prefeitura Municipal de Manaus\",\"url\":\"https:\/\/www.manaus.am.gov.br\/semasc\/\",\"logo\":{\"@type\":\"ImageObject\",\"inLanguage\":\"pt-BR\",\"@id\":\"https:\/\/www.manaus.am.gov.br\/semasc\/#\/schema\/logo\/image\/\",\"url\":\"https:\/\/www.manaus.am.gov.br\/semasc\/wp-content\/uploads\/sites\/17\/2024\/07\/favicon.png\",\"contentUrl\":\"https:\/\/www.manaus.am.gov.br\/semasc\/wp-content\/uploads\/sites\/17\/2024\/07\/favicon.png\",\"width\":300,\"height\":300,\"caption\":\"Prefeitura de Manaus\"},\"image\":{\"@id\":\"https:\/\/www.manaus.am.gov.br\/semasc\/#\/schema\/logo\/image\/\"},\"sameAs\":[\"https:\/\/www.facebook.com\/semascmanaus\",\"https:\/\/www.instagram.com\/semascmanaus\/\"]},{\"@type\":\"Person\",\"@id\":\"https:\/\/www.manaus.am.gov.br\/semasc\/#\/schema\/person\/05d223aea2bf115f9883a6ff3683d81b\",\"name\":\"Bruna Greco\",\"image\":{\"@type\":\"ImageObject\",\"inLanguage\":\"pt-BR\",\"@id\":\"https:\/\/www.manaus.am.gov.br\/semasc\/#\/schema\/person\/image\/\",\"url\":\"https:\/\/secure.gravatar.com\/avatar\/9c877d1a6adc2a055330e5c09a8653ce?s=96&d=mm&r=g\",\"contentUrl\":\"https:\/\/secure.gravatar.com\/avatar\/9c877d1a6adc2a055330e5c09a8653ce?s=96&d=mm&r=g\",\"caption\":\"Bruna Greco\"}}]}<\/script>\n<!-- \/ Yoast SEO plugin. -->","yoast_head_json":{"title":"Prefeitura promove atividades alusivas ao \u2018Maio Laranja\u2019 em centro de conviv\u00eancia","description":"Encerrando as programa\u00e7\u00f5es especiais da campanha municipal \"Maio Laranja\", alusiva ao Dia Nacional de Combate ao Abuso e \u00e0 Explora\u00e7\u00e3o Sexual Infantil, a Prefeitura de Manaus, por meio da Secretaria da Municipal da Mulher, Assist\u00eancia Social e Cidadania (Semasc), realizou, nesta sexta-feira, 26\/5, uma manh\u00e3 de conviv\u00eancia com as fam\u00edlias atendidas pelo Centro de Refer\u00eancia de Assist\u00eancia Social (Cras) S\u00e3o Jos\u00e9 IV, atualmente locado no Centro de Conviv\u00eancia da Fam\u00edlia e do Idoso Prefeito Jos\u00e9 Fernandes, zona Leste da cidade.","robots":{"index":"noindex","follow":"follow"},"og_locale":"pt_BR","og_type":"article","og_title":"Prefeitura promove atividades alusivas ao \u2018Maio Laranja\u2019 em centro de conviv\u00eancia","og_description":"Encerrando as programa\u00e7\u00f5es especiais da campanha municipal \"Maio Laranja\", alusiva ao Dia Nacional de Combate ao Abuso e \u00e0 Explora\u00e7\u00e3o Sexual Infantil, a Prefeitura de Manaus, por meio da Secretaria da Municipal da Mulher, Assist\u00eancia Social e Cidadania (Semasc), realizou, nesta sexta-feira, 26\/5, uma manh\u00e3 de conviv\u00eancia com as fam\u00edlias atendidas pelo Centro de Refer\u00eancia de Assist\u00eancia Social (Cras) S\u00e3o Jos\u00e9 IV, atualmente locado no Centro de Conviv\u00eancia da Fam\u00edlia e do Idoso Prefeito Jos\u00e9 Fernandes, zona Leste da cidade.","og_url":"https:\/\/www.manaus.am.gov.br\/semasc\/prefeitura-promove-atividades-alusivas-ao-maio-laranja-em-centro-de-convivencia\/","og_site_name":"SEMASC","article_publisher":"https:\/\/www.facebook.com\/semascmanaus","article_published_time":"2023-05-26T20:15:11+00:00","article_modified_time":"2023-11-24T21:56:40+00:00","og_image":[{"width":2560,"height":1707,"url":"https:\/\/www.manaus.am.gov.br\/semasc\/wp-content\/uploads\/sites\/17\/2023\/11\/20230526094743_IMG_5058-scaled.jpg","type":"image\/jpeg"}],"author":"Bruna Greco","twitter_card":"summary_large_image","twitter_misc":{"Written by":"Bruna Greco","Est. reading time":"4 minutos"},"schema":{"@context":"https:\/\/schema.org","@graph":[{"@type":"Article","@id":"https:\/\/www.manaus.am.gov.br\/semasc\/prefeitura-promove-atividades-alusivas-ao-maio-laranja-em-centro-de-convivencia\/#article","isPartOf":{"@id":"https:\/\/www.manaus.am.gov.br\/semasc\/prefeitura-promove-atividades-alusivas-ao-maio-laranja-em-centro-de-convivencia\/"},"author":{"name":"Bruna Greco","@id":"https:\/\/www.manaus.am.gov.br\/semasc\/#\/schema\/person\/05d223aea2bf115f9883a6ff3683d81b"},"headline":"Prefeitura promove atividades alusivas ao \u2018Maio Laranja\u2019 em centro de conviv\u00eancia","datePublished":"2023-05-26T20:15:11+00:00","dateModified":"2023-11-24T21:56:40+00:00","mainEntityOfPage":{"@id":"https:\/\/www.manaus.am.gov.br\/semasc\/prefeitura-promove-atividades-alusivas-ao-maio-laranja-em-centro-de-convivencia\/"},"wordCount":726,"publisher":{"@id":"https:\/\/www.manaus.am.gov.br\/semasc\/#organization"},"image":{"@id":"https:\/\/www.manaus.am.gov.br\/semasc\/prefeitura-promove-atividades-alusivas-ao-maio-laranja-em-centro-de-convivencia\/#primaryimage"},"thumbnailUrl":"https:\/\/www.manaus.am.gov.br\/semasc\/wp-content\/uploads\/sites\/17\/2023\/11\/20230526094743_IMG_5058-scaled.jpg","keywords":["Centro de Conviv\u00eancia da Fam\u00edlia e do Idoso Prefeito Jos\u00e9 Fernandes","Cras S\u00e3o Jos\u00e9 IV","Maio Laranja","prefeitura de manaus","Semasc"],"articleSection":["Campanha"],"inLanguage":"pt-BR"},{"@type":"WebPage","@id":"https:\/\/www.manaus.am.gov.br\/semasc\/prefeitura-promove-atividades-alusivas-ao-maio-laranja-em-centro-de-convivencia\/","url":"https:\/\/www.manaus.am.gov.br\/semasc\/prefeitura-promove-atividades-alusivas-ao-maio-laranja-em-centro-de-convivencia\/","name":"Prefeitura promove atividades alusivas ao \u2018Maio Laranja\u2019 em centro de conviv\u00eancia","isPartOf":{"@id":"https:\/\/www.manaus.am.gov.br\/semasc\/#website"},"primaryImageOfPage":{"@id":"https:\/\/www.manaus.am.gov.br\/semasc\/prefeitura-promove-atividades-alusivas-ao-maio-laranja-em-centro-de-convivencia\/#primaryimage"},"image":{"@id":"https:\/\/www.manaus.am.gov.br\/semasc\/prefeitura-promove-atividades-alusivas-ao-maio-laranja-em-centro-de-convivencia\/#primaryimage"},"thumbnailUrl":"https:\/\/www.manaus.am.gov.br\/semasc\/wp-content\/uploads\/sites\/17\/2023\/11\/20230526094743_IMG_5058-scaled.jpg","datePublished":"2023-05-26T20:15:11+00:00","dateModified":"2023-11-24T21:56:40+00:00","description":"Encerrando as programa\u00e7\u00f5es especiais da campanha municipal \"Maio Laranja\", alusiva ao Dia Nacional de Combate ao Abuso e \u00e0 Explora\u00e7\u00e3o Sexual Infantil, a Prefeitura de Manaus, por meio da Secretaria da Municipal da Mulher, Assist\u00eancia Social e Cidadania (Semasc), realizou, nesta sexta-feira, 26\/5, uma manh\u00e3 de conviv\u00eancia com as fam\u00edlias atendidas pelo Centro de Refer\u00eancia de Assist\u00eancia Social (Cras) S\u00e3o Jos\u00e9 IV, atualmente locado no Centro de Conviv\u00eancia da Fam\u00edlia e do Idoso Prefeito Jos\u00e9 Fernandes, zona Leste da cidade.","breadcrumb":{"@id":"https:\/\/www.manaus.am.gov.br\/semasc\/prefeitura-promove-atividades-alusivas-ao-maio-laranja-em-centro-de-convivencia\/#breadcrumb"},"inLanguage":"pt-BR","potentialAction":[{"@type":"ReadAction","target":["https:\/\/www.manaus.am.gov.br\/semasc\/prefeitura-promove-atividades-alusivas-ao-maio-laranja-em-centro-de-convivencia\/"]}]},{"@type":"ImageObject","inLanguage":"pt-BR","@id":"https:\/\/www.manaus.am.gov.br\/semasc\/prefeitura-promove-atividades-alusivas-ao-maio-laranja-em-centro-de-convivencia\/#primaryimage","url":"https:\/\/www.manaus.am.gov.br\/semasc\/wp-content\/uploads\/sites\/17\/2023\/11\/20230526094743_IMG_5058-scaled.jpg","contentUrl":"https:\/\/www.manaus.am.gov.br\/semasc\/wp-content\/uploads\/sites\/17\/2023\/11\/20230526094743_IMG_5058-scaled.jpg","width":2560,"height":1707},{"@type":"BreadcrumbList","@id":"https:\/\/www.manaus.am.gov.br\/semasc\/prefeitura-promove-atividades-alusivas-ao-maio-laranja-em-centro-de-convivencia\/#breadcrumb","itemListElement":[{"@type":"ListItem","position":1,"name":"Home","item":"https:\/\/www.manaus.am.gov.br\/semasc\/"},{"@type":"ListItem","position":2,"name":"Prefeitura promove atividades alusivas ao \u2018Maio Laranja\u2019 em centro de conviv\u00eancia"}]},{"@type":"WebSite","@id":"https:\/\/www.manaus.am.gov.br\/semasc\/#website","url":"https:\/\/www.manaus.am.gov.br\/semasc\/","name":"SEMASC","description":"Secretaria Municipal da Mulher, Assist\u00eancia Social e Cidadania.","publisher":{"@id":"https:\/\/www.manaus.am.gov.br\/semasc\/#organization"},"alternateName":"Secretaria Municipal da Mulher, Assist\u00eancia Social e Cidadania","potentialAction":[{"@type":"SearchAction","target":{"@type":"EntryPoint","urlTemplate":"https:\/\/www.manaus.am.gov.br\/semasc\/?s={search_term_string}"},"query-input":"required name=search_term_string"}],"inLanguage":"pt-BR"},{"@type":"Organization","@id":"https:\/\/www.manaus.am.gov.br\/semasc\/#organization","name":"Prefeitura de Manaus","alternateName":"Prefeitura Municipal de Manaus","url":"https:\/\/www.manaus.am.gov.br\/semasc\/","logo":{"@type":"ImageObject","inLanguage":"pt-BR","@id":"https:\/\/www.manaus.am.gov.br\/semasc\/#\/schema\/logo\/image\/","url":"https:\/\/www.manaus.am.gov.br\/semasc\/wp-content\/uploads\/sites\/17\/2024\/07\/favicon.png","contentUrl":"https:\/\/www.manaus.am.gov.br\/semasc\/wp-content\/uploads\/sites\/17\/2024\/07\/favicon.png","width":300,"height":300,"caption":"Prefeitura de Manaus"},"image":{"@id":"https:\/\/www.manaus.am.gov.br\/semasc\/#\/schema\/logo\/image\/"},"sameAs":["https:\/\/www.facebook.com\/semascmanaus","https:\/\/www.instagram.com\/semascmanaus\/"]},{"@type":"Person","@id":"https:\/\/www.manaus.am.gov.br\/semasc\/#\/schema\/person\/05d223aea2bf115f9883a6ff3683d81b","name":"Bruna Greco","image":{"@type":"ImageObject","inLanguage":"pt-BR","@id":"https:\/\/www.manaus.am.gov.br\/semasc\/#\/schema\/person\/image\/","url":"https:\/\/secure.gravatar.com\/avatar\/9c877d1a6adc2a055330e5c09a8653ce?s=96&d=mm&r=g","contentUrl":"https:\/\/secure.gravatar.com\/avatar\/9c877d1a6adc2a055330e5c09a8653ce?s=96&d=mm&r=g","caption":"Bruna Greco"}}]}},"_links":{"self":[{"href":"https:\/\/www.manaus.am.gov.br\/semasc\/wp-json\/wp\/v2\/posts\/209338"}],"collection":[{"href":"https:\/\/www.manaus.am.gov.br\/semasc\/wp-json\/wp\/v2\/posts"}],"about":[{"href":"https:\/\/www.manaus.am.gov.br\/semasc\/wp-json\/wp\/v2\/types\/post"}],"author":[{"embeddable":true,"href":"https:\/\/www.manaus.am.gov.br\/semasc\/wp-json\/wp\/v2\/users\/39"}],"replies":[{"embeddable":true,"href":"https:\/\/www.manaus.am.gov.br\/semasc\/wp-json\/wp\/v2\/comments?post=209338"}],"version-history":[{"count":0,"href":"https:\/\/www.manaus.am.gov.br\/semasc\/wp-json\/wp\/v2\/posts\/209338\/revisions"}],"wp:featuredmedia":[{"embeddable":true,"href":"https:\/\/www.manaus.am.gov.br\/semasc\/wp-json\/wp\/v2\/media\/209339"}],"wp:attachment":[{"href":"https:\/\/www.manaus.am.gov.br\/semasc\/wp-json\/wp\/v2\/media?parent=209338"}],"wp:term":[{"taxonomy":"category","embeddable":true,"href":"https:\/\/www.manaus.am.gov.br\/semasc\/wp-json\/wp\/v2\/categories?post=209338"},{"taxonomy":"post_tag","embeddable":true,"href":"https:\/\/www.manaus.am.gov.br\/semasc\/wp-json\/wp\/v2\/tags?post=209338"}],"curies":[{"name":"wp","href":"https:\/\/api.w.org\/{rel}","templated":true}]}}