{"id":209336,"date":"2023-05-31T13:45:21","date_gmt":"2023-05-31T17:45:21","guid":{"rendered":"https:\/\/www.manaus.am.gov.br\/semasc\/ouvidoria-ageman-vai-orientar-no-manaus-mais-cidada-2023\/"},"modified":"2023-11-24T17:56:22","modified_gmt":"2023-11-24T21:56:22","slug":"ouvidoria-ageman-vai-orientar-no-manaus-mais-cidada-2023","status":"publish","type":"post","link":"https:\/\/www.manaus.am.gov.br\/semasc\/ouvidoria-ageman-vai-orientar-no-manaus-mais-cidada-2023\/","title":{"rendered":"Ouvidoria da Ageman vai orientar usu\u00e1rios no Manaus Mais Cidad\u00e3 2023"},"content":{"rendered":"\n<p>Servidores da Ouvidoria da Ag\u00eancia Reguladora dos Servi\u00e7os P\u00fablicos Delegados do Munic\u00edpio de Manaus (Ageman) estar\u00e3o prestando orienta\u00e7\u00f5es aos usu\u00e1rios dos servi\u00e7os de abastecimento de \u00e1gua, esgotamento sanit\u00e1rio, ilumina\u00e7\u00e3o p\u00fablica e Zona Azul, durante a realiza\u00e7\u00e3o da 3\u00aa edi\u00e7\u00e3o do programa Manaus Mais Cidad\u00e3 2023.<\/p>\n\n\n\n<p>A programa\u00e7\u00e3o ser\u00e1 realizada no pr\u00f3ximo s\u00e1bado, dia 3 de junho, de 8h \u00e0s 16h, na escola municipal Elvira Borges, localizada no bairro Compensa 2, zona Oeste de Manaus. Al\u00e9m da Ageman, as demais secretarias da Prefeitura de Manaus tamb\u00e9m participar\u00e3o da a\u00e7\u00e3o.<\/p>\n\n\n\n<p>A expectativa \u00e9 de que ao menos 15 mil atendimentos sejam realizados nessa edi\u00e7\u00e3o. O programa Manaus Mais Cidad\u00e3 \u00e9 uma iniciativa coordenada pela Secretaria Municipal da Mulher, Assist\u00eancia Social e Cidadania (Semasc).<\/p>\n\n\n\n<p>A programa\u00e7\u00e3o atende a uma determina\u00e7\u00e3o do prefeito David Almeida, de ofertar servi\u00e7os p\u00fablicos para comunidades de dif\u00edcil acesso e mais necessitadas. Dessa forma, a Prefeitura de Manaus se aproxima da popula\u00e7\u00e3o ao facilitar e garantir o acesso a direitos b\u00e1sicos e fundamentais para o exerc\u00edcio da cidadania.<\/p>\n\n\n\n<p>A primeira edi\u00e7\u00e3o do programa Manaus Mais Cidad\u00e3 ocorreu em mar\u00e7o, no bairro Coroado, e a segunda em maio, no Viver Melhor.<\/p>\n\n\n\n<p>&#8212;-<\/p>\n\n\n\n<p><strong>Texto: Tereza Te\u00f3filo \/ Ageman<\/strong><\/p>\n\n\n\n<p><strong>Fotos: Divulga\u00e7\u00e3o \/Ageman<\/strong><\/p>\n","protected":false},"excerpt":{"rendered":"","protected":false},"author":52,"featured_media":209337,"comment_status":"closed","ping_status":"closed","sticky":false,"template":"","format":"standard","meta":{"footnotes":""},"categories":[624],"tags":[707,7,708],"acf":[],"yoast_head":"<!-- This site is optimized with the Yoast SEO plugin v23.0 - https:\/\/yoast.com\/wordpress\/plugins\/seo\/ -->\n<title>Ouvidoria da Ageman vai orientar usu\u00e1rios no Manaus Mais Cidad\u00e3 2023<\/title>\n<meta name=\"description\" content=\"Servidores da Ouvidoria da Ag\u00eancia Reguladora dos Servi\u00e7os P\u00fablicos Delegados do Munic\u00edpio de Manaus (Ageman).\" \/>\n<meta name=\"robots\" content=\"noindex, follow\" \/>\n<meta property=\"og:locale\" content=\"pt_BR\" \/>\n<meta property=\"og:type\" content=\"article\" \/>\n<meta property=\"og:title\" content=\"Ouvidoria da Ageman vai orientar usu\u00e1rios no Manaus Mais Cidad\u00e3 2023\" \/>\n<meta property=\"og:description\" content=\"Servidores da Ouvidoria da Ag\u00eancia Reguladora dos Servi\u00e7os P\u00fablicos Delegados do Munic\u00edpio de Manaus (Ageman).\" \/>\n<meta property=\"og:url\" content=\"https:\/\/www.manaus.am.gov.br\/semasc\/ouvidoria-ageman-vai-orientar-no-manaus-mais-cidada-2023\/\" \/>\n<meta property=\"og:site_name\" content=\"SEMASC\" \/>\n<meta property=\"article:publisher\" content=\"https:\/\/www.facebook.com\/semascmanaus\" \/>\n<meta property=\"article:published_time\" content=\"2023-05-31T17:45:21+00:00\" \/>\n<meta property=\"article:modified_time\" content=\"2023-11-24T21:56:22+00:00\" \/>\n<meta property=\"og:image\" content=\"https:\/\/www.manaus.am.gov.br\/semasc\/wp-content\/uploads\/sites\/17\/2023\/11\/Ouvidoria-Ageman_Manaus-mais-Cidada.jpg\" \/>\n\t<meta property=\"og:image:width\" content=\"800\" \/>\n\t<meta property=\"og:image:height\" content=\"600\" \/>\n\t<meta property=\"og:image:type\" content=\"image\/jpeg\" \/>\n<meta name=\"author\" content=\"csilveira\" \/>\n<meta name=\"twitter:card\" content=\"summary_large_image\" \/>\n<meta name=\"twitter:label1\" content=\"Written by\" \/>\n\t<meta name=\"twitter:data1\" content=\"csilveira\" \/>\n\t<meta name=\"twitter:label2\" content=\"Est. reading time\" \/>\n\t<meta name=\"twitter:data2\" content=\"2 minutos\" \/>\n<script type=\"application\/ld+json\" class=\"yoast-schema-graph\">{\"@context\":\"https:\/\/schema.org\",\"@graph\":[{\"@type\":\"Article\",\"@id\":\"https:\/\/www.manaus.am.gov.br\/semasc\/ouvidoria-ageman-vai-orientar-no-manaus-mais-cidada-2023\/#article\",\"isPartOf\":{\"@id\":\"https:\/\/www.manaus.am.gov.br\/semasc\/ouvidoria-ageman-vai-orientar-no-manaus-mais-cidada-2023\/\"},\"author\":{\"name\":\"csilveira\",\"@id\":\"https:\/\/www.manaus.am.gov.br\/semasc\/#\/schema\/person\/bfafc779be2e19b3d3ef4a59d418b606\"},\"headline\":\"Ouvidoria da Ageman vai orientar usu\u00e1rios no Manaus Mais Cidad\u00e3 2023\",\"datePublished\":\"2023-05-31T17:45:21+00:00\",\"dateModified\":\"2023-11-24T21:56:22+00:00\",\"mainEntityOfPage\":{\"@id\":\"https:\/\/www.manaus.am.gov.br\/semasc\/ouvidoria-ageman-vai-orientar-no-manaus-mais-cidada-2023\/\"},\"wordCount\":237,\"publisher\":{\"@id\":\"https:\/\/www.manaus.am.gov.br\/semasc\/#organization\"},\"image\":{\"@id\":\"https:\/\/www.manaus.am.gov.br\/semasc\/ouvidoria-ageman-vai-orientar-no-manaus-mais-cidada-2023\/#primaryimage\"},\"thumbnailUrl\":\"https:\/\/www.manaus.am.gov.br\/semasc\/wp-content\/uploads\/sites\/17\/2023\/11\/Ouvidoria-Ageman_Manaus-mais-Cidada.jpg\",\"keywords\":[\"ageman\",\"prefeitura de manaus\",\"servicos publicos\"],\"articleSection\":[\"Servi\u00e7os\"],\"inLanguage\":\"pt-BR\"},{\"@type\":\"WebPage\",\"@id\":\"https:\/\/www.manaus.am.gov.br\/semasc\/ouvidoria-ageman-vai-orientar-no-manaus-mais-cidada-2023\/\",\"url\":\"https:\/\/www.manaus.am.gov.br\/semasc\/ouvidoria-ageman-vai-orientar-no-manaus-mais-cidada-2023\/\",\"name\":\"Ouvidoria da Ageman vai orientar usu\u00e1rios no Manaus Mais Cidad\u00e3 2023\",\"isPartOf\":{\"@id\":\"https:\/\/www.manaus.am.gov.br\/semasc\/#website\"},\"primaryImageOfPage\":{\"@id\":\"https:\/\/www.manaus.am.gov.br\/semasc\/ouvidoria-ageman-vai-orientar-no-manaus-mais-cidada-2023\/#primaryimage\"},\"image\":{\"@id\":\"https:\/\/www.manaus.am.gov.br\/semasc\/ouvidoria-ageman-vai-orientar-no-manaus-mais-cidada-2023\/#primaryimage\"},\"thumbnailUrl\":\"https:\/\/www.manaus.am.gov.br\/semasc\/wp-content\/uploads\/sites\/17\/2023\/11\/Ouvidoria-Ageman_Manaus-mais-Cidada.jpg\",\"datePublished\":\"2023-05-31T17:45:21+00:00\",\"dateModified\":\"2023-11-24T21:56:22+00:00\",\"description\":\"Servidores da Ouvidoria da Ag\u00eancia Reguladora dos Servi\u00e7os P\u00fablicos Delegados do Munic\u00edpio de Manaus (Ageman).\",\"breadcrumb\":{\"@id\":\"https:\/\/www.manaus.am.gov.br\/semasc\/ouvidoria-ageman-vai-orientar-no-manaus-mais-cidada-2023\/#breadcrumb\"},\"inLanguage\":\"pt-BR\",\"potentialAction\":[{\"@type\":\"ReadAction\",\"target\":[\"https:\/\/www.manaus.am.gov.br\/semasc\/ouvidoria-ageman-vai-orientar-no-manaus-mais-cidada-2023\/\"]}]},{\"@type\":\"ImageObject\",\"inLanguage\":\"pt-BR\",\"@id\":\"https:\/\/www.manaus.am.gov.br\/semasc\/ouvidoria-ageman-vai-orientar-no-manaus-mais-cidada-2023\/#primaryimage\",\"url\":\"https:\/\/www.manaus.am.gov.br\/semasc\/wp-content\/uploads\/sites\/17\/2023\/11\/Ouvidoria-Ageman_Manaus-mais-Cidada.jpg\",\"contentUrl\":\"https:\/\/www.manaus.am.gov.br\/semasc\/wp-content\/uploads\/sites\/17\/2023\/11\/Ouvidoria-Ageman_Manaus-mais-Cidada.jpg\",\"width\":800,\"height\":600},{\"@type\":\"BreadcrumbList\",\"@id\":\"https:\/\/www.manaus.am.gov.br\/semasc\/ouvidoria-ageman-vai-orientar-no-manaus-mais-cidada-2023\/#breadcrumb\",\"itemListElement\":[{\"@type\":\"ListItem\",\"position\":1,\"name\":\"Home\",\"item\":\"https:\/\/www.manaus.am.gov.br\/semasc\/\"},{\"@type\":\"ListItem\",\"position\":2,\"name\":\"Ouvidoria da Ageman vai orientar usu\u00e1rios no Manaus Mais Cidad\u00e3 2023\"}]},{\"@type\":\"WebSite\",\"@id\":\"https:\/\/www.manaus.am.gov.br\/semasc\/#website\",\"url\":\"https:\/\/www.manaus.am.gov.br\/semasc\/\",\"name\":\"SEMASC\",\"description\":\"Secretaria Municipal da Mulher, Assist\u00eancia Social e Cidadania.\",\"publisher\":{\"@id\":\"https:\/\/www.manaus.am.gov.br\/semasc\/#organization\"},\"alternateName\":\"Secretaria Municipal da Mulher, Assist\u00eancia Social e Cidadania\",\"potentialAction\":[{\"@type\":\"SearchAction\",\"target\":{\"@type\":\"EntryPoint\",\"urlTemplate\":\"https:\/\/www.manaus.am.gov.br\/semasc\/?s={search_term_string}\"},\"query-input\":\"required name=search_term_string\"}],\"inLanguage\":\"pt-BR\"},{\"@type\":\"Organization\",\"@id\":\"https:\/\/www.manaus.am.gov.br\/semasc\/#organization\",\"name\":\"Prefeitura de Manaus\",\"alternateName\":\"Prefeitura Municipal de Manaus\",\"url\":\"https:\/\/www.manaus.am.gov.br\/semasc\/\",\"logo\":{\"@type\":\"ImageObject\",\"inLanguage\":\"pt-BR\",\"@id\":\"https:\/\/www.manaus.am.gov.br\/semasc\/#\/schema\/logo\/image\/\",\"url\":\"https:\/\/www.manaus.am.gov.br\/semasc\/wp-content\/uploads\/sites\/17\/2024\/07\/favicon.png\",\"contentUrl\":\"https:\/\/www.manaus.am.gov.br\/semasc\/wp-content\/uploads\/sites\/17\/2024\/07\/favicon.png\",\"width\":300,\"height\":300,\"caption\":\"Prefeitura de Manaus\"},\"image\":{\"@id\":\"https:\/\/www.manaus.am.gov.br\/semasc\/#\/schema\/logo\/image\/\"},\"sameAs\":[\"https:\/\/www.facebook.com\/semascmanaus\",\"https:\/\/www.instagram.com\/semascmanaus\/\"]},{\"@type\":\"Person\",\"@id\":\"https:\/\/www.manaus.am.gov.br\/semasc\/#\/schema\/person\/bfafc779be2e19b3d3ef4a59d418b606\",\"name\":\"csilveira\",\"image\":{\"@type\":\"ImageObject\",\"inLanguage\":\"pt-BR\",\"@id\":\"https:\/\/www.manaus.am.gov.br\/semasc\/#\/schema\/person\/image\/\",\"url\":\"https:\/\/secure.gravatar.com\/avatar\/9c2e2f00138fcd35401c748bd030d3b5?s=96&d=mm&r=g\",\"contentUrl\":\"https:\/\/secure.gravatar.com\/avatar\/9c2e2f00138fcd35401c748bd030d3b5?s=96&d=mm&r=g\",\"caption\":\"csilveira\"}}]}<\/script>\n<!-- \/ Yoast SEO plugin. -->","yoast_head_json":{"title":"Ouvidoria da Ageman vai orientar usu\u00e1rios no Manaus Mais Cidad\u00e3 2023","description":"Servidores da Ouvidoria da Ag\u00eancia Reguladora dos Servi\u00e7os P\u00fablicos Delegados do Munic\u00edpio de Manaus (Ageman).","robots":{"index":"noindex","follow":"follow"},"og_locale":"pt_BR","og_type":"article","og_title":"Ouvidoria da Ageman vai orientar usu\u00e1rios no Manaus Mais Cidad\u00e3 2023","og_description":"Servidores da Ouvidoria da Ag\u00eancia Reguladora dos Servi\u00e7os P\u00fablicos Delegados do Munic\u00edpio de Manaus (Ageman).","og_url":"https:\/\/www.manaus.am.gov.br\/semasc\/ouvidoria-ageman-vai-orientar-no-manaus-mais-cidada-2023\/","og_site_name":"SEMASC","article_publisher":"https:\/\/www.facebook.com\/semascmanaus","article_published_time":"2023-05-31T17:45:21+00:00","article_modified_time":"2023-11-24T21:56:22+00:00","og_image":[{"width":800,"height":600,"url":"https:\/\/www.manaus.am.gov.br\/semasc\/wp-content\/uploads\/sites\/17\/2023\/11\/Ouvidoria-Ageman_Manaus-mais-Cidada.jpg","type":"image\/jpeg"}],"author":"csilveira","twitter_card":"summary_large_image","twitter_misc":{"Written by":"csilveira","Est. reading time":"2 minutos"},"schema":{"@context":"https:\/\/schema.org","@graph":[{"@type":"Article","@id":"https:\/\/www.manaus.am.gov.br\/semasc\/ouvidoria-ageman-vai-orientar-no-manaus-mais-cidada-2023\/#article","isPartOf":{"@id":"https:\/\/www.manaus.am.gov.br\/semasc\/ouvidoria-ageman-vai-orientar-no-manaus-mais-cidada-2023\/"},"author":{"name":"csilveira","@id":"https:\/\/www.manaus.am.gov.br\/semasc\/#\/schema\/person\/bfafc779be2e19b3d3ef4a59d418b606"},"headline":"Ouvidoria da Ageman vai orientar usu\u00e1rios no Manaus Mais Cidad\u00e3 2023","datePublished":"2023-05-31T17:45:21+00:00","dateModified":"2023-11-24T21:56:22+00:00","mainEntityOfPage":{"@id":"https:\/\/www.manaus.am.gov.br\/semasc\/ouvidoria-ageman-vai-orientar-no-manaus-mais-cidada-2023\/"},"wordCount":237,"publisher":{"@id":"https:\/\/www.manaus.am.gov.br\/semasc\/#organization"},"image":{"@id":"https:\/\/www.manaus.am.gov.br\/semasc\/ouvidoria-ageman-vai-orientar-no-manaus-mais-cidada-2023\/#primaryimage"},"thumbnailUrl":"https:\/\/www.manaus.am.gov.br\/semasc\/wp-content\/uploads\/sites\/17\/2023\/11\/Ouvidoria-Ageman_Manaus-mais-Cidada.jpg","keywords":["ageman","prefeitura de manaus","servicos publicos"],"articleSection":["Servi\u00e7os"],"inLanguage":"pt-BR"},{"@type":"WebPage","@id":"https:\/\/www.manaus.am.gov.br\/semasc\/ouvidoria-ageman-vai-orientar-no-manaus-mais-cidada-2023\/","url":"https:\/\/www.manaus.am.gov.br\/semasc\/ouvidoria-ageman-vai-orientar-no-manaus-mais-cidada-2023\/","name":"Ouvidoria da Ageman vai orientar usu\u00e1rios no Manaus Mais Cidad\u00e3 2023","isPartOf":{"@id":"https:\/\/www.manaus.am.gov.br\/semasc\/#website"},"primaryImageOfPage":{"@id":"https:\/\/www.manaus.am.gov.br\/semasc\/ouvidoria-ageman-vai-orientar-no-manaus-mais-cidada-2023\/#primaryimage"},"image":{"@id":"https:\/\/www.manaus.am.gov.br\/semasc\/ouvidoria-ageman-vai-orientar-no-manaus-mais-cidada-2023\/#primaryimage"},"thumbnailUrl":"https:\/\/www.manaus.am.gov.br\/semasc\/wp-content\/uploads\/sites\/17\/2023\/11\/Ouvidoria-Ageman_Manaus-mais-Cidada.jpg","datePublished":"2023-05-31T17:45:21+00:00","dateModified":"2023-11-24T21:56:22+00:00","description":"Servidores da Ouvidoria da Ag\u00eancia Reguladora dos Servi\u00e7os P\u00fablicos Delegados do Munic\u00edpio de Manaus (Ageman).","breadcrumb":{"@id":"https:\/\/www.manaus.am.gov.br\/semasc\/ouvidoria-ageman-vai-orientar-no-manaus-mais-cidada-2023\/#breadcrumb"},"inLanguage":"pt-BR","potentialAction":[{"@type":"ReadAction","target":["https:\/\/www.manaus.am.gov.br\/semasc\/ouvidoria-ageman-vai-orientar-no-manaus-mais-cidada-2023\/"]}]},{"@type":"ImageObject","inLanguage":"pt-BR","@id":"https:\/\/www.manaus.am.gov.br\/semasc\/ouvidoria-ageman-vai-orientar-no-manaus-mais-cidada-2023\/#primaryimage","url":"https:\/\/www.manaus.am.gov.br\/semasc\/wp-content\/uploads\/sites\/17\/2023\/11\/Ouvidoria-Ageman_Manaus-mais-Cidada.jpg","contentUrl":"https:\/\/www.manaus.am.gov.br\/semasc\/wp-content\/uploads\/sites\/17\/2023\/11\/Ouvidoria-Ageman_Manaus-mais-Cidada.jpg","width":800,"height":600},{"@type":"BreadcrumbList","@id":"https:\/\/www.manaus.am.gov.br\/semasc\/ouvidoria-ageman-vai-orientar-no-manaus-mais-cidada-2023\/#breadcrumb","itemListElement":[{"@type":"ListItem","position":1,"name":"Home","item":"https:\/\/www.manaus.am.gov.br\/semasc\/"},{"@type":"ListItem","position":2,"name":"Ouvidoria da Ageman vai orientar usu\u00e1rios no Manaus Mais Cidad\u00e3 2023"}]},{"@type":"WebSite","@id":"https:\/\/www.manaus.am.gov.br\/semasc\/#website","url":"https:\/\/www.manaus.am.gov.br\/semasc\/","name":"SEMASC","description":"Secretaria Municipal da Mulher, Assist\u00eancia Social e Cidadania.","publisher":{"@id":"https:\/\/www.manaus.am.gov.br\/semasc\/#organization"},"alternateName":"Secretaria Municipal da Mulher, Assist\u00eancia Social e Cidadania","potentialAction":[{"@type":"SearchAction","target":{"@type":"EntryPoint","urlTemplate":"https:\/\/www.manaus.am.gov.br\/semasc\/?s={search_term_string}"},"query-input":"required name=search_term_string"}],"inLanguage":"pt-BR"},{"@type":"Organization","@id":"https:\/\/www.manaus.am.gov.br\/semasc\/#organization","name":"Prefeitura de Manaus","alternateName":"Prefeitura Municipal de Manaus","url":"https:\/\/www.manaus.am.gov.br\/semasc\/","logo":{"@type":"ImageObject","inLanguage":"pt-BR","@id":"https:\/\/www.manaus.am.gov.br\/semasc\/#\/schema\/logo\/image\/","url":"https:\/\/www.manaus.am.gov.br\/semasc\/wp-content\/uploads\/sites\/17\/2024\/07\/favicon.png","contentUrl":"https:\/\/www.manaus.am.gov.br\/semasc\/wp-content\/uploads\/sites\/17\/2024\/07\/favicon.png","width":300,"height":300,"caption":"Prefeitura de Manaus"},"image":{"@id":"https:\/\/www.manaus.am.gov.br\/semasc\/#\/schema\/logo\/image\/"},"sameAs":["https:\/\/www.facebook.com\/semascmanaus","https:\/\/www.instagram.com\/semascmanaus\/"]},{"@type":"Person","@id":"https:\/\/www.manaus.am.gov.br\/semasc\/#\/schema\/person\/bfafc779be2e19b3d3ef4a59d418b606","name":"csilveira","image":{"@type":"ImageObject","inLanguage":"pt-BR","@id":"https:\/\/www.manaus.am.gov.br\/semasc\/#\/schema\/person\/image\/","url":"https:\/\/secure.gravatar.com\/avatar\/9c2e2f00138fcd35401c748bd030d3b5?s=96&d=mm&r=g","contentUrl":"https:\/\/secure.gravatar.com\/avatar\/9c2e2f00138fcd35401c748bd030d3b5?s=96&d=mm&r=g","caption":"csilveira"}}]}},"_links":{"self":[{"href":"https:\/\/www.manaus.am.gov.br\/semasc\/wp-json\/wp\/v2\/posts\/209336"}],"collection":[{"href":"https:\/\/www.manaus.am.gov.br\/semasc\/wp-json\/wp\/v2\/posts"}],"about":[{"href":"https:\/\/www.manaus.am.gov.br\/semasc\/wp-json\/wp\/v2\/types\/post"}],"author":[{"embeddable":true,"href":"https:\/\/www.manaus.am.gov.br\/semasc\/wp-json\/wp\/v2\/users\/52"}],"replies":[{"embeddable":true,"href":"https:\/\/www.manaus.am.gov.br\/semasc\/wp-json\/wp\/v2\/comments?post=209336"}],"version-history":[{"count":0,"href":"https:\/\/www.manaus.am.gov.br\/semasc\/wp-json\/wp\/v2\/posts\/209336\/revisions"}],"wp:featuredmedia":[{"embeddable":true,"href":"https:\/\/www.manaus.am.gov.br\/semasc\/wp-json\/wp\/v2\/media\/209337"}],"wp:attachment":[{"href":"https:\/\/www.manaus.am.gov.br\/semasc\/wp-json\/wp\/v2\/media?parent=209336"}],"wp:term":[{"taxonomy":"category","embeddable":true,"href":"https:\/\/www.manaus.am.gov.br\/semasc\/wp-json\/wp\/v2\/categories?post=209336"},{"taxonomy":"post_tag","embeddable":true,"href":"https:\/\/www.manaus.am.gov.br\/semasc\/wp-json\/wp\/v2\/tags?post=209336"}],"curies":[{"name":"wp","href":"https:\/\/api.w.org\/{rel}","templated":true}]}}