{"id":209334,"date":"2023-06-02T18:03:08","date_gmt":"2023-06-02T22:03:08","guid":{"rendered":"https:\/\/www.manaus.am.gov.br\/semasc\/prefeitura-de-manaus-abre-inscricoes-para-a-14a-conferencia-municipal-de-assistencia-social\/"},"modified":"2023-11-24T17:56:11","modified_gmt":"2023-11-24T21:56:11","slug":"prefeitura-de-manaus-abre-inscricoes-para-a-14a-conferencia-municipal-de-assistencia-social","status":"publish","type":"post","link":"https:\/\/www.manaus.am.gov.br\/semasc\/prefeitura-de-manaus-abre-inscricoes-para-a-14a-conferencia-municipal-de-assistencia-social\/","title":{"rendered":"Prefeitura de Manaus abre inscri\u00e7\u00f5es para a 14\u00aa Confer\u00eancia Municipal de Assist\u00eancia Social"},"content":{"rendered":"\n<p>Com o objetivo de promover um espa\u00e7o de car\u00e1ter deliberativo, que prop\u00f5e o debate e a avalia\u00e7\u00e3o da Pol\u00edtica e do Sistema \u00danico de Assist\u00eancia Social (SUAS) na capital amazonense, a Prefeitura de Manaus, por meio da Secretaria Municipal da Mulher, Assist\u00eancia Social e Cidadania (Semasc) e o Conselho Municipal de Assist\u00eancia Social de Manaus (CMAS), declara abertas, a partir desta sexta-feira, 2\/6, as inscri\u00e7\u00f5es para a 14\u00aa Confer\u00eancia Municipal de Assist\u00eancia Social.<\/p>\n\n\n\n<p>Totalmente gratuitas, as inscri\u00e7\u00f5es para as 400 vagas dispon\u00edveis para o evento, divididas entre usu\u00e1rios e trabalhadores do SUAS, servidores governamentais e entidades de assist\u00eancia social, podem ser efetuadas atrav\u00e9s do endere\u00e7o <a href=\"https:\/\/tinyurl.com\/264kskyb\">https:\/\/tinyurl.com\/264kskyb<\/a>. &nbsp;<\/p>\n\n\n\n<p>\u201cA confer\u00eancia \u00e9 um evento importante devido a necessidade de se verificar a atua\u00e7\u00e3o do Sistema \u00danico de Assist\u00eancia Social e seus impactos. O que propomos aqui \u00e9 um espa\u00e7o democr\u00e1tico, onde todos t\u00eam vez, voz e o direito de apresentar novas ideias, ent\u00e3o esperamos que todos sintam-se engajados a participar desse momento conosco\u201d, destacou o presidente do CMAS, o conselheiro Paulo Lamego.<\/p>\n\n\n\n<p>A confer\u00eancia, agendada para os dias 13 e 14 de julho, ser\u00e1 realizada no Centro de Conven\u00e7\u00f5es do Manaus Plaza Shopping, na zona Centro-Sul da capital.<\/p>\n\n\n\n<p>&#8212; &#8212; &#8212;<\/p>\n\n\n\n<p><strong>Texto &#8211;<\/strong> Guilherme Ara\u00fajo Pacheco \/ Semasc<\/p>\n\n\n\n<p><strong>Foto \u2013 <\/strong>Marcely Gomes \/ Arquivo Semasc<\/p>\n","protected":false},"excerpt":{"rendered":"","protected":false},"author":39,"featured_media":209335,"comment_status":"closed","ping_status":"closed","sticky":false,"template":"","format":"standard","meta":{"footnotes":""},"categories":[706],"tags":[213,266,7,18,215],"acf":[],"yoast_head":"<!-- This site is optimized with the Yoast SEO plugin v23.0 - https:\/\/yoast.com\/wordpress\/plugins\/seo\/ -->\n<title>Prefeitura de Manaus abre inscri\u00e7\u00f5es para a 14\u00aa Confer\u00eancia Municipal de Assist\u00eancia Social<\/title>\n<meta name=\"description\" content=\"Com o objetivo de promover um espa\u00e7o de car\u00e1ter deliberativo, que prop\u00f5e o debate e a avalia\u00e7\u00e3o da Pol\u00edtica e do Sistema \u00danico de Assist\u00eancia Social (SUAS) na capital amazonense, a Prefeitura de Manaus, por meio da Secretaria Municipal da Mulher, Assist\u00eancia Social e Cidadania (Semasc) e o Conselho Municipal de Assist\u00eancia Social de Manaus (CMAS), declara abertas, a partir desta sexta-feira, 2\/6, as inscri\u00e7\u00f5es para a 14\u00aa Confer\u00eancia Municipal de Assist\u00eancia Social.\" \/>\n<meta name=\"robots\" content=\"noindex, follow\" \/>\n<meta property=\"og:locale\" content=\"pt_BR\" \/>\n<meta property=\"og:type\" content=\"article\" \/>\n<meta property=\"og:title\" content=\"Prefeitura de Manaus abre inscri\u00e7\u00f5es para a 14\u00aa Confer\u00eancia Municipal de Assist\u00eancia Social\" \/>\n<meta property=\"og:description\" content=\"Com o objetivo de promover um espa\u00e7o de car\u00e1ter deliberativo, que prop\u00f5e o debate e a avalia\u00e7\u00e3o da Pol\u00edtica e do Sistema \u00danico de Assist\u00eancia Social (SUAS) na capital amazonense, a Prefeitura de Manaus, por meio da Secretaria Municipal da Mulher, Assist\u00eancia Social e Cidadania (Semasc) e o Conselho Municipal de Assist\u00eancia Social de Manaus (CMAS), declara abertas, a partir desta sexta-feira, 2\/6, as inscri\u00e7\u00f5es para a 14\u00aa Confer\u00eancia Municipal de Assist\u00eancia Social.\" \/>\n<meta property=\"og:url\" content=\"https:\/\/www.manaus.am.gov.br\/semasc\/prefeitura-de-manaus-abre-inscricoes-para-a-14a-conferencia-municipal-de-assistencia-social\/\" \/>\n<meta property=\"og:site_name\" content=\"SEMASC\" \/>\n<meta property=\"article:publisher\" content=\"https:\/\/www.facebook.com\/semascmanaus\" \/>\n<meta property=\"article:published_time\" content=\"2023-06-02T22:03:08+00:00\" \/>\n<meta property=\"article:modified_time\" content=\"2023-11-24T21:56:11+00:00\" \/>\n<meta property=\"og:image\" content=\"https:\/\/www.manaus.am.gov.br\/semasc\/wp-content\/uploads\/sites\/17\/2023\/11\/Pre-conferencia.jpeg\" \/>\n\t<meta property=\"og:image:width\" content=\"1600\" \/>\n\t<meta property=\"og:image:height\" content=\"993\" \/>\n\t<meta property=\"og:image:type\" content=\"image\/jpeg\" \/>\n<meta name=\"author\" content=\"Bruna Greco\" \/>\n<meta name=\"twitter:card\" content=\"summary_large_image\" \/>\n<meta name=\"twitter:label1\" content=\"Written by\" \/>\n\t<meta name=\"twitter:data1\" content=\"Bruna Greco\" \/>\n\t<meta name=\"twitter:label2\" content=\"Est. reading time\" \/>\n\t<meta name=\"twitter:data2\" content=\"2 minutos\" \/>\n<script type=\"application\/ld+json\" class=\"yoast-schema-graph\">{\"@context\":\"https:\/\/schema.org\",\"@graph\":[{\"@type\":\"Article\",\"@id\":\"https:\/\/www.manaus.am.gov.br\/semasc\/prefeitura-de-manaus-abre-inscricoes-para-a-14a-conferencia-municipal-de-assistencia-social\/#article\",\"isPartOf\":{\"@id\":\"https:\/\/www.manaus.am.gov.br\/semasc\/prefeitura-de-manaus-abre-inscricoes-para-a-14a-conferencia-municipal-de-assistencia-social\/\"},\"author\":{\"name\":\"Bruna Greco\",\"@id\":\"https:\/\/www.manaus.am.gov.br\/semasc\/#\/schema\/person\/05d223aea2bf115f9883a6ff3683d81b\"},\"headline\":\"Prefeitura de Manaus abre inscri\u00e7\u00f5es para a 14\u00aa Confer\u00eancia Municipal de Assist\u00eancia Social\",\"datePublished\":\"2023-06-02T22:03:08+00:00\",\"dateModified\":\"2023-11-24T21:56:11+00:00\",\"mainEntityOfPage\":{\"@id\":\"https:\/\/www.manaus.am.gov.br\/semasc\/prefeitura-de-manaus-abre-inscricoes-para-a-14a-conferencia-municipal-de-assistencia-social\/\"},\"wordCount\":248,\"publisher\":{\"@id\":\"https:\/\/www.manaus.am.gov.br\/semasc\/#organization\"},\"image\":{\"@id\":\"https:\/\/www.manaus.am.gov.br\/semasc\/prefeitura-de-manaus-abre-inscricoes-para-a-14a-conferencia-municipal-de-assistencia-social\/#primaryimage\"},\"thumbnailUrl\":\"https:\/\/www.manaus.am.gov.br\/semasc\/wp-content\/uploads\/sites\/17\/2023\/11\/Pre-conferencia.jpeg\",\"keywords\":[\"14\u00aa Confer\u00eancia Municipal de Assist\u00eancia Social\",\"inscri\u00e7\u00f5es\",\"prefeitura de manaus\",\"Semasc\",\"Sistema \u00danico de Assist\u00eancia Social (SUAS)\"],\"articleSection\":[\"Inscri\u00e7\u00f5es\"],\"inLanguage\":\"pt-BR\"},{\"@type\":\"WebPage\",\"@id\":\"https:\/\/www.manaus.am.gov.br\/semasc\/prefeitura-de-manaus-abre-inscricoes-para-a-14a-conferencia-municipal-de-assistencia-social\/\",\"url\":\"https:\/\/www.manaus.am.gov.br\/semasc\/prefeitura-de-manaus-abre-inscricoes-para-a-14a-conferencia-municipal-de-assistencia-social\/\",\"name\":\"Prefeitura de Manaus abre inscri\u00e7\u00f5es para a 14\u00aa Confer\u00eancia Municipal de Assist\u00eancia Social\",\"isPartOf\":{\"@id\":\"https:\/\/www.manaus.am.gov.br\/semasc\/#website\"},\"primaryImageOfPage\":{\"@id\":\"https:\/\/www.manaus.am.gov.br\/semasc\/prefeitura-de-manaus-abre-inscricoes-para-a-14a-conferencia-municipal-de-assistencia-social\/#primaryimage\"},\"image\":{\"@id\":\"https:\/\/www.manaus.am.gov.br\/semasc\/prefeitura-de-manaus-abre-inscricoes-para-a-14a-conferencia-municipal-de-assistencia-social\/#primaryimage\"},\"thumbnailUrl\":\"https:\/\/www.manaus.am.gov.br\/semasc\/wp-content\/uploads\/sites\/17\/2023\/11\/Pre-conferencia.jpeg\",\"datePublished\":\"2023-06-02T22:03:08+00:00\",\"dateModified\":\"2023-11-24T21:56:11+00:00\",\"description\":\"Com o objetivo de promover um espa\u00e7o de car\u00e1ter deliberativo, que prop\u00f5e o debate e a avalia\u00e7\u00e3o da Pol\u00edtica e do Sistema \u00danico de Assist\u00eancia Social (SUAS) na capital amazonense, a Prefeitura de Manaus, por meio da Secretaria Municipal da Mulher, Assist\u00eancia Social e Cidadania (Semasc) e o Conselho Municipal de Assist\u00eancia Social de Manaus (CMAS), declara abertas, a partir desta sexta-feira, 2\/6, as inscri\u00e7\u00f5es para a 14\u00aa Confer\u00eancia Municipal de Assist\u00eancia Social.\",\"breadcrumb\":{\"@id\":\"https:\/\/www.manaus.am.gov.br\/semasc\/prefeitura-de-manaus-abre-inscricoes-para-a-14a-conferencia-municipal-de-assistencia-social\/#breadcrumb\"},\"inLanguage\":\"pt-BR\",\"potentialAction\":[{\"@type\":\"ReadAction\",\"target\":[\"https:\/\/www.manaus.am.gov.br\/semasc\/prefeitura-de-manaus-abre-inscricoes-para-a-14a-conferencia-municipal-de-assistencia-social\/\"]}]},{\"@type\":\"ImageObject\",\"inLanguage\":\"pt-BR\",\"@id\":\"https:\/\/www.manaus.am.gov.br\/semasc\/prefeitura-de-manaus-abre-inscricoes-para-a-14a-conferencia-municipal-de-assistencia-social\/#primaryimage\",\"url\":\"https:\/\/www.manaus.am.gov.br\/semasc\/wp-content\/uploads\/sites\/17\/2023\/11\/Pre-conferencia.jpeg\",\"contentUrl\":\"https:\/\/www.manaus.am.gov.br\/semasc\/wp-content\/uploads\/sites\/17\/2023\/11\/Pre-conferencia.jpeg\",\"width\":1600,\"height\":993},{\"@type\":\"BreadcrumbList\",\"@id\":\"https:\/\/www.manaus.am.gov.br\/semasc\/prefeitura-de-manaus-abre-inscricoes-para-a-14a-conferencia-municipal-de-assistencia-social\/#breadcrumb\",\"itemListElement\":[{\"@type\":\"ListItem\",\"position\":1,\"name\":\"Home\",\"item\":\"https:\/\/www.manaus.am.gov.br\/semasc\/\"},{\"@type\":\"ListItem\",\"position\":2,\"name\":\"Prefeitura de Manaus abre inscri\u00e7\u00f5es para a 14\u00aa Confer\u00eancia Municipal de Assist\u00eancia Social\"}]},{\"@type\":\"WebSite\",\"@id\":\"https:\/\/www.manaus.am.gov.br\/semasc\/#website\",\"url\":\"https:\/\/www.manaus.am.gov.br\/semasc\/\",\"name\":\"SEMASC\",\"description\":\"Secretaria Municipal da Mulher, Assist\u00eancia Social e Cidadania.\",\"publisher\":{\"@id\":\"https:\/\/www.manaus.am.gov.br\/semasc\/#organization\"},\"alternateName\":\"Secretaria Municipal da Mulher, Assist\u00eancia Social e Cidadania\",\"potentialAction\":[{\"@type\":\"SearchAction\",\"target\":{\"@type\":\"EntryPoint\",\"urlTemplate\":\"https:\/\/www.manaus.am.gov.br\/semasc\/?s={search_term_string}\"},\"query-input\":\"required name=search_term_string\"}],\"inLanguage\":\"pt-BR\"},{\"@type\":\"Organization\",\"@id\":\"https:\/\/www.manaus.am.gov.br\/semasc\/#organization\",\"name\":\"Prefeitura de Manaus\",\"alternateName\":\"Prefeitura Municipal de Manaus\",\"url\":\"https:\/\/www.manaus.am.gov.br\/semasc\/\",\"logo\":{\"@type\":\"ImageObject\",\"inLanguage\":\"pt-BR\",\"@id\":\"https:\/\/www.manaus.am.gov.br\/semasc\/#\/schema\/logo\/image\/\",\"url\":\"https:\/\/www.manaus.am.gov.br\/semasc\/wp-content\/uploads\/sites\/17\/2024\/07\/favicon.png\",\"contentUrl\":\"https:\/\/www.manaus.am.gov.br\/semasc\/wp-content\/uploads\/sites\/17\/2024\/07\/favicon.png\",\"width\":300,\"height\":300,\"caption\":\"Prefeitura de Manaus\"},\"image\":{\"@id\":\"https:\/\/www.manaus.am.gov.br\/semasc\/#\/schema\/logo\/image\/\"},\"sameAs\":[\"https:\/\/www.facebook.com\/semascmanaus\",\"https:\/\/www.instagram.com\/semascmanaus\/\"]},{\"@type\":\"Person\",\"@id\":\"https:\/\/www.manaus.am.gov.br\/semasc\/#\/schema\/person\/05d223aea2bf115f9883a6ff3683d81b\",\"name\":\"Bruna Greco\",\"image\":{\"@type\":\"ImageObject\",\"inLanguage\":\"pt-BR\",\"@id\":\"https:\/\/www.manaus.am.gov.br\/semasc\/#\/schema\/person\/image\/\",\"url\":\"https:\/\/secure.gravatar.com\/avatar\/9c877d1a6adc2a055330e5c09a8653ce?s=96&d=mm&r=g\",\"contentUrl\":\"https:\/\/secure.gravatar.com\/avatar\/9c877d1a6adc2a055330e5c09a8653ce?s=96&d=mm&r=g\",\"caption\":\"Bruna Greco\"}}]}<\/script>\n<!-- \/ Yoast SEO plugin. -->","yoast_head_json":{"title":"Prefeitura de Manaus abre inscri\u00e7\u00f5es para a 14\u00aa Confer\u00eancia Municipal de Assist\u00eancia Social","description":"Com o objetivo de promover um espa\u00e7o de car\u00e1ter deliberativo, que prop\u00f5e o debate e a avalia\u00e7\u00e3o da Pol\u00edtica e do Sistema \u00danico de Assist\u00eancia Social (SUAS) na capital amazonense, a Prefeitura de Manaus, por meio da Secretaria Municipal da Mulher, Assist\u00eancia Social e Cidadania (Semasc) e o Conselho Municipal de Assist\u00eancia Social de Manaus (CMAS), declara abertas, a partir desta sexta-feira, 2\/6, as inscri\u00e7\u00f5es para a 14\u00aa Confer\u00eancia Municipal de Assist\u00eancia Social.","robots":{"index":"noindex","follow":"follow"},"og_locale":"pt_BR","og_type":"article","og_title":"Prefeitura de Manaus abre inscri\u00e7\u00f5es para a 14\u00aa Confer\u00eancia Municipal de Assist\u00eancia Social","og_description":"Com o objetivo de promover um espa\u00e7o de car\u00e1ter deliberativo, que prop\u00f5e o debate e a avalia\u00e7\u00e3o da Pol\u00edtica e do Sistema \u00danico de Assist\u00eancia Social (SUAS) na capital amazonense, a Prefeitura de Manaus, por meio da Secretaria Municipal da Mulher, Assist\u00eancia Social e Cidadania (Semasc) e o Conselho Municipal de Assist\u00eancia Social de Manaus (CMAS), declara abertas, a partir desta sexta-feira, 2\/6, as inscri\u00e7\u00f5es para a 14\u00aa Confer\u00eancia Municipal de Assist\u00eancia Social.","og_url":"https:\/\/www.manaus.am.gov.br\/semasc\/prefeitura-de-manaus-abre-inscricoes-para-a-14a-conferencia-municipal-de-assistencia-social\/","og_site_name":"SEMASC","article_publisher":"https:\/\/www.facebook.com\/semascmanaus","article_published_time":"2023-06-02T22:03:08+00:00","article_modified_time":"2023-11-24T21:56:11+00:00","og_image":[{"width":1600,"height":993,"url":"https:\/\/www.manaus.am.gov.br\/semasc\/wp-content\/uploads\/sites\/17\/2023\/11\/Pre-conferencia.jpeg","type":"image\/jpeg"}],"author":"Bruna Greco","twitter_card":"summary_large_image","twitter_misc":{"Written by":"Bruna Greco","Est. reading time":"2 minutos"},"schema":{"@context":"https:\/\/schema.org","@graph":[{"@type":"Article","@id":"https:\/\/www.manaus.am.gov.br\/semasc\/prefeitura-de-manaus-abre-inscricoes-para-a-14a-conferencia-municipal-de-assistencia-social\/#article","isPartOf":{"@id":"https:\/\/www.manaus.am.gov.br\/semasc\/prefeitura-de-manaus-abre-inscricoes-para-a-14a-conferencia-municipal-de-assistencia-social\/"},"author":{"name":"Bruna Greco","@id":"https:\/\/www.manaus.am.gov.br\/semasc\/#\/schema\/person\/05d223aea2bf115f9883a6ff3683d81b"},"headline":"Prefeitura de Manaus abre inscri\u00e7\u00f5es para a 14\u00aa Confer\u00eancia Municipal de Assist\u00eancia Social","datePublished":"2023-06-02T22:03:08+00:00","dateModified":"2023-11-24T21:56:11+00:00","mainEntityOfPage":{"@id":"https:\/\/www.manaus.am.gov.br\/semasc\/prefeitura-de-manaus-abre-inscricoes-para-a-14a-conferencia-municipal-de-assistencia-social\/"},"wordCount":248,"publisher":{"@id":"https:\/\/www.manaus.am.gov.br\/semasc\/#organization"},"image":{"@id":"https:\/\/www.manaus.am.gov.br\/semasc\/prefeitura-de-manaus-abre-inscricoes-para-a-14a-conferencia-municipal-de-assistencia-social\/#primaryimage"},"thumbnailUrl":"https:\/\/www.manaus.am.gov.br\/semasc\/wp-content\/uploads\/sites\/17\/2023\/11\/Pre-conferencia.jpeg","keywords":["14\u00aa Confer\u00eancia Municipal de Assist\u00eancia Social","inscri\u00e7\u00f5es","prefeitura de manaus","Semasc","Sistema \u00danico de Assist\u00eancia Social (SUAS)"],"articleSection":["Inscri\u00e7\u00f5es"],"inLanguage":"pt-BR"},{"@type":"WebPage","@id":"https:\/\/www.manaus.am.gov.br\/semasc\/prefeitura-de-manaus-abre-inscricoes-para-a-14a-conferencia-municipal-de-assistencia-social\/","url":"https:\/\/www.manaus.am.gov.br\/semasc\/prefeitura-de-manaus-abre-inscricoes-para-a-14a-conferencia-municipal-de-assistencia-social\/","name":"Prefeitura de Manaus abre inscri\u00e7\u00f5es para a 14\u00aa Confer\u00eancia Municipal de Assist\u00eancia Social","isPartOf":{"@id":"https:\/\/www.manaus.am.gov.br\/semasc\/#website"},"primaryImageOfPage":{"@id":"https:\/\/www.manaus.am.gov.br\/semasc\/prefeitura-de-manaus-abre-inscricoes-para-a-14a-conferencia-municipal-de-assistencia-social\/#primaryimage"},"image":{"@id":"https:\/\/www.manaus.am.gov.br\/semasc\/prefeitura-de-manaus-abre-inscricoes-para-a-14a-conferencia-municipal-de-assistencia-social\/#primaryimage"},"thumbnailUrl":"https:\/\/www.manaus.am.gov.br\/semasc\/wp-content\/uploads\/sites\/17\/2023\/11\/Pre-conferencia.jpeg","datePublished":"2023-06-02T22:03:08+00:00","dateModified":"2023-11-24T21:56:11+00:00","description":"Com o objetivo de promover um espa\u00e7o de car\u00e1ter deliberativo, que prop\u00f5e o debate e a avalia\u00e7\u00e3o da Pol\u00edtica e do Sistema \u00danico de Assist\u00eancia Social (SUAS) na capital amazonense, a Prefeitura de Manaus, por meio da Secretaria Municipal da Mulher, Assist\u00eancia Social e Cidadania (Semasc) e o Conselho Municipal de Assist\u00eancia Social de Manaus (CMAS), declara abertas, a partir desta sexta-feira, 2\/6, as inscri\u00e7\u00f5es para a 14\u00aa Confer\u00eancia Municipal de Assist\u00eancia Social.","breadcrumb":{"@id":"https:\/\/www.manaus.am.gov.br\/semasc\/prefeitura-de-manaus-abre-inscricoes-para-a-14a-conferencia-municipal-de-assistencia-social\/#breadcrumb"},"inLanguage":"pt-BR","potentialAction":[{"@type":"ReadAction","target":["https:\/\/www.manaus.am.gov.br\/semasc\/prefeitura-de-manaus-abre-inscricoes-para-a-14a-conferencia-municipal-de-assistencia-social\/"]}]},{"@type":"ImageObject","inLanguage":"pt-BR","@id":"https:\/\/www.manaus.am.gov.br\/semasc\/prefeitura-de-manaus-abre-inscricoes-para-a-14a-conferencia-municipal-de-assistencia-social\/#primaryimage","url":"https:\/\/www.manaus.am.gov.br\/semasc\/wp-content\/uploads\/sites\/17\/2023\/11\/Pre-conferencia.jpeg","contentUrl":"https:\/\/www.manaus.am.gov.br\/semasc\/wp-content\/uploads\/sites\/17\/2023\/11\/Pre-conferencia.jpeg","width":1600,"height":993},{"@type":"BreadcrumbList","@id":"https:\/\/www.manaus.am.gov.br\/semasc\/prefeitura-de-manaus-abre-inscricoes-para-a-14a-conferencia-municipal-de-assistencia-social\/#breadcrumb","itemListElement":[{"@type":"ListItem","position":1,"name":"Home","item":"https:\/\/www.manaus.am.gov.br\/semasc\/"},{"@type":"ListItem","position":2,"name":"Prefeitura de Manaus abre inscri\u00e7\u00f5es para a 14\u00aa Confer\u00eancia Municipal de Assist\u00eancia Social"}]},{"@type":"WebSite","@id":"https:\/\/www.manaus.am.gov.br\/semasc\/#website","url":"https:\/\/www.manaus.am.gov.br\/semasc\/","name":"SEMASC","description":"Secretaria Municipal da Mulher, Assist\u00eancia Social e Cidadania.","publisher":{"@id":"https:\/\/www.manaus.am.gov.br\/semasc\/#organization"},"alternateName":"Secretaria Municipal da Mulher, Assist\u00eancia Social e Cidadania","potentialAction":[{"@type":"SearchAction","target":{"@type":"EntryPoint","urlTemplate":"https:\/\/www.manaus.am.gov.br\/semasc\/?s={search_term_string}"},"query-input":"required name=search_term_string"}],"inLanguage":"pt-BR"},{"@type":"Organization","@id":"https:\/\/www.manaus.am.gov.br\/semasc\/#organization","name":"Prefeitura de Manaus","alternateName":"Prefeitura Municipal de Manaus","url":"https:\/\/www.manaus.am.gov.br\/semasc\/","logo":{"@type":"ImageObject","inLanguage":"pt-BR","@id":"https:\/\/www.manaus.am.gov.br\/semasc\/#\/schema\/logo\/image\/","url":"https:\/\/www.manaus.am.gov.br\/semasc\/wp-content\/uploads\/sites\/17\/2024\/07\/favicon.png","contentUrl":"https:\/\/www.manaus.am.gov.br\/semasc\/wp-content\/uploads\/sites\/17\/2024\/07\/favicon.png","width":300,"height":300,"caption":"Prefeitura de Manaus"},"image":{"@id":"https:\/\/www.manaus.am.gov.br\/semasc\/#\/schema\/logo\/image\/"},"sameAs":["https:\/\/www.facebook.com\/semascmanaus","https:\/\/www.instagram.com\/semascmanaus\/"]},{"@type":"Person","@id":"https:\/\/www.manaus.am.gov.br\/semasc\/#\/schema\/person\/05d223aea2bf115f9883a6ff3683d81b","name":"Bruna Greco","image":{"@type":"ImageObject","inLanguage":"pt-BR","@id":"https:\/\/www.manaus.am.gov.br\/semasc\/#\/schema\/person\/image\/","url":"https:\/\/secure.gravatar.com\/avatar\/9c877d1a6adc2a055330e5c09a8653ce?s=96&d=mm&r=g","contentUrl":"https:\/\/secure.gravatar.com\/avatar\/9c877d1a6adc2a055330e5c09a8653ce?s=96&d=mm&r=g","caption":"Bruna Greco"}}]}},"_links":{"self":[{"href":"https:\/\/www.manaus.am.gov.br\/semasc\/wp-json\/wp\/v2\/posts\/209334"}],"collection":[{"href":"https:\/\/www.manaus.am.gov.br\/semasc\/wp-json\/wp\/v2\/posts"}],"about":[{"href":"https:\/\/www.manaus.am.gov.br\/semasc\/wp-json\/wp\/v2\/types\/post"}],"author":[{"embeddable":true,"href":"https:\/\/www.manaus.am.gov.br\/semasc\/wp-json\/wp\/v2\/users\/39"}],"replies":[{"embeddable":true,"href":"https:\/\/www.manaus.am.gov.br\/semasc\/wp-json\/wp\/v2\/comments?post=209334"}],"version-history":[{"count":0,"href":"https:\/\/www.manaus.am.gov.br\/semasc\/wp-json\/wp\/v2\/posts\/209334\/revisions"}],"wp:featuredmedia":[{"embeddable":true,"href":"https:\/\/www.manaus.am.gov.br\/semasc\/wp-json\/wp\/v2\/media\/209335"}],"wp:attachment":[{"href":"https:\/\/www.manaus.am.gov.br\/semasc\/wp-json\/wp\/v2\/media?parent=209334"}],"wp:term":[{"taxonomy":"category","embeddable":true,"href":"https:\/\/www.manaus.am.gov.br\/semasc\/wp-json\/wp\/v2\/categories?post=209334"},{"taxonomy":"post_tag","embeddable":true,"href":"https:\/\/www.manaus.am.gov.br\/semasc\/wp-json\/wp\/v2\/tags?post=209334"}],"curies":[{"name":"wp","href":"https:\/\/api.w.org\/{rel}","templated":true}]}}