{"id":209322,"date":"2023-07-17T17:15:01","date_gmt":"2023-07-17T21:15:01","guid":{"rendered":"https:\/\/www.manaus.am.gov.br\/semasc\/prefeitura-de-manaus-e-cmdca-realizam-reuniao-com-candidatos-a-conselheiros-tutelares\/"},"modified":"2023-11-24T17:50:20","modified_gmt":"2023-11-24T21:50:20","slug":"prefeitura-de-manaus-e-cmdca-realizam-reuniao-com-candidatos-a-conselheiros-tutelares","status":"publish","type":"post","link":"https:\/\/www.manaus.am.gov.br\/semasc\/prefeitura-de-manaus-e-cmdca-realizam-reuniao-com-candidatos-a-conselheiros-tutelares\/","title":{"rendered":"Prefeitura de Manaus e CMDCA realizam reuni\u00e3o com candidatos a conselheiros tutelares"},"content":{"rendered":"\n<p>A Prefeitura de Manaus, por meio da Secretaria Municipal da Mulher, Assist\u00eancia Social e Cidadania (Semasc), e o Conselho Municipal dos Direitos da Crian\u00e7a e do Adolescente (CMDCA) promoveram, nesta segunda-feira, 17\/7, uma reuni\u00e3o de alinhamento com candidatos a conselheiros tutelares das zonas Centro-Sul e rural, com o objetivo de orientar os candidatos sobre as futuras etapas do processo eleitoral. O encontro aconteceu no miniplen\u00e1rio C\u00f4nego Gon\u00e7alves de Azevedo, situado na Assembleia Legislativa do Estado do Amazonas (Aleam), localizada na avenida M\u00e1rio Ypiranga, zona Centro-Sul da cidade.<\/p>\n\n\n\n<p>&#8220;Essa iniciativa foi uma recomenda\u00e7\u00e3o do Tribunal Regional Eleitoral, o TER, que \u00e9 nosso parceiro nesse processo, e tamb\u00e9m da pr\u00f3pria Universidade Federal do Amazonas, a Ufam, a fim de que todos que est\u00e3o participando do pleito se sintam informados, orientados, e que n\u00e3o haja nenhuma d\u00favida&#8221;, destacou a presidente do CMDCA e subsecret\u00e1ria municipal de Pol\u00edticas Afirmativas para Mulheres e Direitos Humanos, Gra\u00e7a Prola.<\/p>\n\n\n\n<p>No total, 44 candidatos participaram da reuni\u00e3o. No local, foram discutidas quest\u00f5es relacionadas \u00e0 prova de conhecimentos, \u00e0s escolas que ser\u00e3o utilizadas como locais de vota\u00e7\u00e3o e aos n\u00fameros oficiais dos candidatos.<\/p>\n\n\n\n<p>O CMDCA ressalta que haver\u00e1 reuni\u00f5es com candidatos de outras zonas ao longo da semana, sendo que a \u00faltima ser\u00e1 realizada na pr\u00f3xima segunda-feira, 24\/7. A expectativa \u00e9 de que mais de 300 pessoas participem dos encontros.<\/p>\n\n\n\n<h2 class=\"wp-block-heading\">Sobre a elei\u00e7\u00e3o<\/h2>\n\n\n\n<p>A abertura do processo de escolha dos membros dos Conselhos Tutelares de Manaus, durante o quadri\u00eanio 2023\/2027, se tornou p\u00fablica, por meio de edital publicado inicialmente na edi\u00e7\u00e3o 5.565 do Di\u00e1rio Oficial do Munic\u00edpio (DOM), no dia 13 de abril deste ano. De acordo com o documento, a elei\u00e7\u00e3o ser\u00e1 realizada no dia 1\u00ba\/10, das 8h \u00e0s 17h, em locais a serem definidos pelo CMDCA.<\/p>\n\n\n\n<p>Al\u00e9m de estabelecer e detalhar as normas para a realiza\u00e7\u00e3o do pleito, o edital ainda confirmou a abertura de vagas para o Conselho Tutelar da Zona Norte 2, a d\u00e9cima unidade do \u00f3rg\u00e3o na cidade. Cada unidade contar\u00e1 com cinco titulares e cinco suplentes, totalizando 50 conselheiros tutelares eleitos e 50 conselheiros suplentes.<\/p>\n\n\n\n<p>&#8212; &#8212; &#8212;<\/p>\n\n\n\n<p><strong>Texto &#8211;<\/strong> Jackeline Lima \/ Semasc<br><strong>Fotos &#8211;<\/strong> Marcely Gomes \/ Semasc<br><strong>Dispon\u00edveis em &#8211; <\/strong><a href=\"https:\/\/flic.kr\/s\/aHBqjAMKYr\">https:\/\/flic.kr\/s\/aHBqjAMKYr<\/a><\/p>\n","protected":false},"excerpt":{"rendered":"","protected":false},"author":39,"featured_media":209323,"comment_status":"closed","ping_status":"closed","sticky":false,"template":"","format":"standard","meta":{"footnotes":""},"categories":[272],"tags":[688,399,7,689,18],"acf":[],"yoast_head":"<!-- This site is optimized with the Yoast SEO plugin v23.0 - https:\/\/yoast.com\/wordpress\/plugins\/seo\/ -->\n<title>Prefeitura de Manaus e CMDCA realizam reuni\u00e3o com candidatos a conselheiros tutelares<\/title>\n<meta name=\"description\" content=\"A Prefeitura de Manaus, por meio da Secretaria Municipal da Mulher, Assist\u00eancia Social e Cidadania (Semasc), e o Conselho Municipal dos Direitos da Crian\u00e7a e do Adolescente (CMDCA) promoveram, nesta segunda-feira, 17\/7, uma reuni\u00e3o de alinhamento com candidatos a conselheiros tutelares das zonas Centro-Sul e rural, com o objetivo de orientar os candidatos sobre as futuras etapas do processo eleitoral.\" \/>\n<meta name=\"robots\" content=\"noindex, follow\" \/>\n<meta property=\"og:locale\" content=\"pt_BR\" \/>\n<meta property=\"og:type\" content=\"article\" \/>\n<meta property=\"og:title\" content=\"Prefeitura de Manaus e CMDCA realizam reuni\u00e3o com candidatos a conselheiros tutelares\" \/>\n<meta property=\"og:description\" content=\"A Prefeitura de Manaus, por meio da Secretaria Municipal da Mulher, Assist\u00eancia Social e Cidadania (Semasc), e o Conselho Municipal dos Direitos da Crian\u00e7a e do Adolescente (CMDCA) promoveram, nesta segunda-feira, 17\/7, uma reuni\u00e3o de alinhamento com candidatos a conselheiros tutelares das zonas Centro-Sul e rural, com o objetivo de orientar os candidatos sobre as futuras etapas do processo eleitoral.\" \/>\n<meta property=\"og:url\" content=\"https:\/\/www.manaus.am.gov.br\/semasc\/prefeitura-de-manaus-e-cmdca-realizam-reuniao-com-candidatos-a-conselheiros-tutelares\/\" \/>\n<meta property=\"og:site_name\" content=\"SEMASC\" \/>\n<meta property=\"article:publisher\" content=\"https:\/\/www.facebook.com\/semascmanaus\" \/>\n<meta property=\"article:published_time\" content=\"2023-07-17T21:15:01+00:00\" \/>\n<meta property=\"article:modified_time\" content=\"2023-11-24T21:50:20+00:00\" \/>\n<meta property=\"og:image\" content=\"https:\/\/www.manaus.am.gov.br\/semasc\/wp-content\/uploads\/sites\/17\/2023\/11\/53053568725_dd47733c32_k.jpg\" \/>\n\t<meta property=\"og:image:width\" content=\"2048\" \/>\n\t<meta property=\"og:image:height\" content=\"1365\" \/>\n\t<meta property=\"og:image:type\" content=\"image\/jpeg\" \/>\n<meta name=\"author\" content=\"Bruna Greco\" \/>\n<meta name=\"twitter:card\" content=\"summary_large_image\" \/>\n<meta name=\"twitter:label1\" content=\"Written by\" \/>\n\t<meta name=\"twitter:data1\" content=\"Bruna Greco\" \/>\n\t<meta name=\"twitter:label2\" content=\"Est. reading time\" \/>\n\t<meta name=\"twitter:data2\" content=\"2 minutos\" \/>\n<script type=\"application\/ld+json\" class=\"yoast-schema-graph\">{\"@context\":\"https:\/\/schema.org\",\"@graph\":[{\"@type\":\"Article\",\"@id\":\"https:\/\/www.manaus.am.gov.br\/semasc\/prefeitura-de-manaus-e-cmdca-realizam-reuniao-com-candidatos-a-conselheiros-tutelares\/#article\",\"isPartOf\":{\"@id\":\"https:\/\/www.manaus.am.gov.br\/semasc\/prefeitura-de-manaus-e-cmdca-realizam-reuniao-com-candidatos-a-conselheiros-tutelares\/\"},\"author\":{\"name\":\"Bruna Greco\",\"@id\":\"https:\/\/www.manaus.am.gov.br\/semasc\/#\/schema\/person\/05d223aea2bf115f9883a6ff3683d81b\"},\"headline\":\"Prefeitura de Manaus e CMDCA realizam reuni\u00e3o com candidatos a conselheiros tutelares\",\"datePublished\":\"2023-07-17T21:15:01+00:00\",\"dateModified\":\"2023-11-24T21:50:20+00:00\",\"mainEntityOfPage\":{\"@id\":\"https:\/\/www.manaus.am.gov.br\/semasc\/prefeitura-de-manaus-e-cmdca-realizam-reuniao-com-candidatos-a-conselheiros-tutelares\/\"},\"wordCount\":397,\"publisher\":{\"@id\":\"https:\/\/www.manaus.am.gov.br\/semasc\/#organization\"},\"image\":{\"@id\":\"https:\/\/www.manaus.am.gov.br\/semasc\/prefeitura-de-manaus-e-cmdca-realizam-reuniao-com-candidatos-a-conselheiros-tutelares\/#primaryimage\"},\"thumbnailUrl\":\"https:\/\/www.manaus.am.gov.br\/semasc\/wp-content\/uploads\/sites\/17\/2023\/11\/53053568725_dd47733c32_k.jpg\",\"keywords\":[\"44 candidatos participaram da reuni\u00e3o\",\"Conselho Municipal dos Direitos da Crian\u00e7a e do Adolescente (CMDCA)\",\"prefeitura de manaus\",\"reuni\u00e3o com candidatos a conselheiros tutelares\",\"Semasc\"],\"articleSection\":[\"Reuni\u00e3o\"],\"inLanguage\":\"pt-BR\"},{\"@type\":\"WebPage\",\"@id\":\"https:\/\/www.manaus.am.gov.br\/semasc\/prefeitura-de-manaus-e-cmdca-realizam-reuniao-com-candidatos-a-conselheiros-tutelares\/\",\"url\":\"https:\/\/www.manaus.am.gov.br\/semasc\/prefeitura-de-manaus-e-cmdca-realizam-reuniao-com-candidatos-a-conselheiros-tutelares\/\",\"name\":\"Prefeitura de Manaus e CMDCA realizam reuni\u00e3o com candidatos a conselheiros tutelares\",\"isPartOf\":{\"@id\":\"https:\/\/www.manaus.am.gov.br\/semasc\/#website\"},\"primaryImageOfPage\":{\"@id\":\"https:\/\/www.manaus.am.gov.br\/semasc\/prefeitura-de-manaus-e-cmdca-realizam-reuniao-com-candidatos-a-conselheiros-tutelares\/#primaryimage\"},\"image\":{\"@id\":\"https:\/\/www.manaus.am.gov.br\/semasc\/prefeitura-de-manaus-e-cmdca-realizam-reuniao-com-candidatos-a-conselheiros-tutelares\/#primaryimage\"},\"thumbnailUrl\":\"https:\/\/www.manaus.am.gov.br\/semasc\/wp-content\/uploads\/sites\/17\/2023\/11\/53053568725_dd47733c32_k.jpg\",\"datePublished\":\"2023-07-17T21:15:01+00:00\",\"dateModified\":\"2023-11-24T21:50:20+00:00\",\"description\":\"A Prefeitura de Manaus, por meio da Secretaria Municipal da Mulher, Assist\u00eancia Social e Cidadania (Semasc), e o Conselho Municipal dos Direitos da Crian\u00e7a e do Adolescente (CMDCA) promoveram, nesta segunda-feira, 17\/7, uma reuni\u00e3o de alinhamento com candidatos a conselheiros tutelares das zonas Centro-Sul e rural, com o objetivo de orientar os candidatos sobre as futuras etapas do processo eleitoral.\",\"breadcrumb\":{\"@id\":\"https:\/\/www.manaus.am.gov.br\/semasc\/prefeitura-de-manaus-e-cmdca-realizam-reuniao-com-candidatos-a-conselheiros-tutelares\/#breadcrumb\"},\"inLanguage\":\"pt-BR\",\"potentialAction\":[{\"@type\":\"ReadAction\",\"target\":[\"https:\/\/www.manaus.am.gov.br\/semasc\/prefeitura-de-manaus-e-cmdca-realizam-reuniao-com-candidatos-a-conselheiros-tutelares\/\"]}]},{\"@type\":\"ImageObject\",\"inLanguage\":\"pt-BR\",\"@id\":\"https:\/\/www.manaus.am.gov.br\/semasc\/prefeitura-de-manaus-e-cmdca-realizam-reuniao-com-candidatos-a-conselheiros-tutelares\/#primaryimage\",\"url\":\"https:\/\/www.manaus.am.gov.br\/semasc\/wp-content\/uploads\/sites\/17\/2023\/11\/53053568725_dd47733c32_k.jpg\",\"contentUrl\":\"https:\/\/www.manaus.am.gov.br\/semasc\/wp-content\/uploads\/sites\/17\/2023\/11\/53053568725_dd47733c32_k.jpg\",\"width\":2048,\"height\":1365},{\"@type\":\"BreadcrumbList\",\"@id\":\"https:\/\/www.manaus.am.gov.br\/semasc\/prefeitura-de-manaus-e-cmdca-realizam-reuniao-com-candidatos-a-conselheiros-tutelares\/#breadcrumb\",\"itemListElement\":[{\"@type\":\"ListItem\",\"position\":1,\"name\":\"Home\",\"item\":\"https:\/\/www.manaus.am.gov.br\/semasc\/\"},{\"@type\":\"ListItem\",\"position\":2,\"name\":\"Prefeitura de Manaus e CMDCA realizam reuni\u00e3o com candidatos a conselheiros tutelares\"}]},{\"@type\":\"WebSite\",\"@id\":\"https:\/\/www.manaus.am.gov.br\/semasc\/#website\",\"url\":\"https:\/\/www.manaus.am.gov.br\/semasc\/\",\"name\":\"SEMASC\",\"description\":\"Secretaria Municipal da Mulher, Assist\u00eancia Social e Cidadania.\",\"publisher\":{\"@id\":\"https:\/\/www.manaus.am.gov.br\/semasc\/#organization\"},\"alternateName\":\"Secretaria Municipal da Mulher, Assist\u00eancia Social e Cidadania\",\"potentialAction\":[{\"@type\":\"SearchAction\",\"target\":{\"@type\":\"EntryPoint\",\"urlTemplate\":\"https:\/\/www.manaus.am.gov.br\/semasc\/?s={search_term_string}\"},\"query-input\":\"required name=search_term_string\"}],\"inLanguage\":\"pt-BR\"},{\"@type\":\"Organization\",\"@id\":\"https:\/\/www.manaus.am.gov.br\/semasc\/#organization\",\"name\":\"Prefeitura de Manaus\",\"alternateName\":\"Prefeitura Municipal de Manaus\",\"url\":\"https:\/\/www.manaus.am.gov.br\/semasc\/\",\"logo\":{\"@type\":\"ImageObject\",\"inLanguage\":\"pt-BR\",\"@id\":\"https:\/\/www.manaus.am.gov.br\/semasc\/#\/schema\/logo\/image\/\",\"url\":\"https:\/\/www.manaus.am.gov.br\/semasc\/wp-content\/uploads\/sites\/17\/2024\/07\/favicon.png\",\"contentUrl\":\"https:\/\/www.manaus.am.gov.br\/semasc\/wp-content\/uploads\/sites\/17\/2024\/07\/favicon.png\",\"width\":300,\"height\":300,\"caption\":\"Prefeitura de Manaus\"},\"image\":{\"@id\":\"https:\/\/www.manaus.am.gov.br\/semasc\/#\/schema\/logo\/image\/\"},\"sameAs\":[\"https:\/\/www.facebook.com\/semascmanaus\",\"https:\/\/www.instagram.com\/semascmanaus\/\"]},{\"@type\":\"Person\",\"@id\":\"https:\/\/www.manaus.am.gov.br\/semasc\/#\/schema\/person\/05d223aea2bf115f9883a6ff3683d81b\",\"name\":\"Bruna Greco\",\"image\":{\"@type\":\"ImageObject\",\"inLanguage\":\"pt-BR\",\"@id\":\"https:\/\/www.manaus.am.gov.br\/semasc\/#\/schema\/person\/image\/\",\"url\":\"https:\/\/secure.gravatar.com\/avatar\/9c877d1a6adc2a055330e5c09a8653ce?s=96&d=mm&r=g\",\"contentUrl\":\"https:\/\/secure.gravatar.com\/avatar\/9c877d1a6adc2a055330e5c09a8653ce?s=96&d=mm&r=g\",\"caption\":\"Bruna Greco\"}}]}<\/script>\n<!-- \/ Yoast SEO plugin. -->","yoast_head_json":{"title":"Prefeitura de Manaus e CMDCA realizam reuni\u00e3o com candidatos a conselheiros tutelares","description":"A Prefeitura de Manaus, por meio da Secretaria Municipal da Mulher, Assist\u00eancia Social e Cidadania (Semasc), e o Conselho Municipal dos Direitos da Crian\u00e7a e do Adolescente (CMDCA) promoveram, nesta segunda-feira, 17\/7, uma reuni\u00e3o de alinhamento com candidatos a conselheiros tutelares das zonas Centro-Sul e rural, com o objetivo de orientar os candidatos sobre as futuras etapas do processo eleitoral.","robots":{"index":"noindex","follow":"follow"},"og_locale":"pt_BR","og_type":"article","og_title":"Prefeitura de Manaus e CMDCA realizam reuni\u00e3o com candidatos a conselheiros tutelares","og_description":"A Prefeitura de Manaus, por meio da Secretaria Municipal da Mulher, Assist\u00eancia Social e Cidadania (Semasc), e o Conselho Municipal dos Direitos da Crian\u00e7a e do Adolescente (CMDCA) promoveram, nesta segunda-feira, 17\/7, uma reuni\u00e3o de alinhamento com candidatos a conselheiros tutelares das zonas Centro-Sul e rural, com o objetivo de orientar os candidatos sobre as futuras etapas do processo eleitoral.","og_url":"https:\/\/www.manaus.am.gov.br\/semasc\/prefeitura-de-manaus-e-cmdca-realizam-reuniao-com-candidatos-a-conselheiros-tutelares\/","og_site_name":"SEMASC","article_publisher":"https:\/\/www.facebook.com\/semascmanaus","article_published_time":"2023-07-17T21:15:01+00:00","article_modified_time":"2023-11-24T21:50:20+00:00","og_image":[{"width":2048,"height":1365,"url":"https:\/\/www.manaus.am.gov.br\/semasc\/wp-content\/uploads\/sites\/17\/2023\/11\/53053568725_dd47733c32_k.jpg","type":"image\/jpeg"}],"author":"Bruna Greco","twitter_card":"summary_large_image","twitter_misc":{"Written by":"Bruna Greco","Est. reading time":"2 minutos"},"schema":{"@context":"https:\/\/schema.org","@graph":[{"@type":"Article","@id":"https:\/\/www.manaus.am.gov.br\/semasc\/prefeitura-de-manaus-e-cmdca-realizam-reuniao-com-candidatos-a-conselheiros-tutelares\/#article","isPartOf":{"@id":"https:\/\/www.manaus.am.gov.br\/semasc\/prefeitura-de-manaus-e-cmdca-realizam-reuniao-com-candidatos-a-conselheiros-tutelares\/"},"author":{"name":"Bruna Greco","@id":"https:\/\/www.manaus.am.gov.br\/semasc\/#\/schema\/person\/05d223aea2bf115f9883a6ff3683d81b"},"headline":"Prefeitura de Manaus e CMDCA realizam reuni\u00e3o com candidatos a conselheiros tutelares","datePublished":"2023-07-17T21:15:01+00:00","dateModified":"2023-11-24T21:50:20+00:00","mainEntityOfPage":{"@id":"https:\/\/www.manaus.am.gov.br\/semasc\/prefeitura-de-manaus-e-cmdca-realizam-reuniao-com-candidatos-a-conselheiros-tutelares\/"},"wordCount":397,"publisher":{"@id":"https:\/\/www.manaus.am.gov.br\/semasc\/#organization"},"image":{"@id":"https:\/\/www.manaus.am.gov.br\/semasc\/prefeitura-de-manaus-e-cmdca-realizam-reuniao-com-candidatos-a-conselheiros-tutelares\/#primaryimage"},"thumbnailUrl":"https:\/\/www.manaus.am.gov.br\/semasc\/wp-content\/uploads\/sites\/17\/2023\/11\/53053568725_dd47733c32_k.jpg","keywords":["44 candidatos participaram da reuni\u00e3o","Conselho Municipal dos Direitos da Crian\u00e7a e do Adolescente (CMDCA)","prefeitura de manaus","reuni\u00e3o com candidatos a conselheiros tutelares","Semasc"],"articleSection":["Reuni\u00e3o"],"inLanguage":"pt-BR"},{"@type":"WebPage","@id":"https:\/\/www.manaus.am.gov.br\/semasc\/prefeitura-de-manaus-e-cmdca-realizam-reuniao-com-candidatos-a-conselheiros-tutelares\/","url":"https:\/\/www.manaus.am.gov.br\/semasc\/prefeitura-de-manaus-e-cmdca-realizam-reuniao-com-candidatos-a-conselheiros-tutelares\/","name":"Prefeitura de Manaus e CMDCA realizam reuni\u00e3o com candidatos a conselheiros tutelares","isPartOf":{"@id":"https:\/\/www.manaus.am.gov.br\/semasc\/#website"},"primaryImageOfPage":{"@id":"https:\/\/www.manaus.am.gov.br\/semasc\/prefeitura-de-manaus-e-cmdca-realizam-reuniao-com-candidatos-a-conselheiros-tutelares\/#primaryimage"},"image":{"@id":"https:\/\/www.manaus.am.gov.br\/semasc\/prefeitura-de-manaus-e-cmdca-realizam-reuniao-com-candidatos-a-conselheiros-tutelares\/#primaryimage"},"thumbnailUrl":"https:\/\/www.manaus.am.gov.br\/semasc\/wp-content\/uploads\/sites\/17\/2023\/11\/53053568725_dd47733c32_k.jpg","datePublished":"2023-07-17T21:15:01+00:00","dateModified":"2023-11-24T21:50:20+00:00","description":"A Prefeitura de Manaus, por meio da Secretaria Municipal da Mulher, Assist\u00eancia Social e Cidadania (Semasc), e o Conselho Municipal dos Direitos da Crian\u00e7a e do Adolescente (CMDCA) promoveram, nesta segunda-feira, 17\/7, uma reuni\u00e3o de alinhamento com candidatos a conselheiros tutelares das zonas Centro-Sul e rural, com o objetivo de orientar os candidatos sobre as futuras etapas do processo eleitoral.","breadcrumb":{"@id":"https:\/\/www.manaus.am.gov.br\/semasc\/prefeitura-de-manaus-e-cmdca-realizam-reuniao-com-candidatos-a-conselheiros-tutelares\/#breadcrumb"},"inLanguage":"pt-BR","potentialAction":[{"@type":"ReadAction","target":["https:\/\/www.manaus.am.gov.br\/semasc\/prefeitura-de-manaus-e-cmdca-realizam-reuniao-com-candidatos-a-conselheiros-tutelares\/"]}]},{"@type":"ImageObject","inLanguage":"pt-BR","@id":"https:\/\/www.manaus.am.gov.br\/semasc\/prefeitura-de-manaus-e-cmdca-realizam-reuniao-com-candidatos-a-conselheiros-tutelares\/#primaryimage","url":"https:\/\/www.manaus.am.gov.br\/semasc\/wp-content\/uploads\/sites\/17\/2023\/11\/53053568725_dd47733c32_k.jpg","contentUrl":"https:\/\/www.manaus.am.gov.br\/semasc\/wp-content\/uploads\/sites\/17\/2023\/11\/53053568725_dd47733c32_k.jpg","width":2048,"height":1365},{"@type":"BreadcrumbList","@id":"https:\/\/www.manaus.am.gov.br\/semasc\/prefeitura-de-manaus-e-cmdca-realizam-reuniao-com-candidatos-a-conselheiros-tutelares\/#breadcrumb","itemListElement":[{"@type":"ListItem","position":1,"name":"Home","item":"https:\/\/www.manaus.am.gov.br\/semasc\/"},{"@type":"ListItem","position":2,"name":"Prefeitura de Manaus e CMDCA realizam reuni\u00e3o com candidatos a conselheiros tutelares"}]},{"@type":"WebSite","@id":"https:\/\/www.manaus.am.gov.br\/semasc\/#website","url":"https:\/\/www.manaus.am.gov.br\/semasc\/","name":"SEMASC","description":"Secretaria Municipal da Mulher, Assist\u00eancia Social e Cidadania.","publisher":{"@id":"https:\/\/www.manaus.am.gov.br\/semasc\/#organization"},"alternateName":"Secretaria Municipal da Mulher, Assist\u00eancia Social e Cidadania","potentialAction":[{"@type":"SearchAction","target":{"@type":"EntryPoint","urlTemplate":"https:\/\/www.manaus.am.gov.br\/semasc\/?s={search_term_string}"},"query-input":"required name=search_term_string"}],"inLanguage":"pt-BR"},{"@type":"Organization","@id":"https:\/\/www.manaus.am.gov.br\/semasc\/#organization","name":"Prefeitura de Manaus","alternateName":"Prefeitura Municipal de Manaus","url":"https:\/\/www.manaus.am.gov.br\/semasc\/","logo":{"@type":"ImageObject","inLanguage":"pt-BR","@id":"https:\/\/www.manaus.am.gov.br\/semasc\/#\/schema\/logo\/image\/","url":"https:\/\/www.manaus.am.gov.br\/semasc\/wp-content\/uploads\/sites\/17\/2024\/07\/favicon.png","contentUrl":"https:\/\/www.manaus.am.gov.br\/semasc\/wp-content\/uploads\/sites\/17\/2024\/07\/favicon.png","width":300,"height":300,"caption":"Prefeitura de Manaus"},"image":{"@id":"https:\/\/www.manaus.am.gov.br\/semasc\/#\/schema\/logo\/image\/"},"sameAs":["https:\/\/www.facebook.com\/semascmanaus","https:\/\/www.instagram.com\/semascmanaus\/"]},{"@type":"Person","@id":"https:\/\/www.manaus.am.gov.br\/semasc\/#\/schema\/person\/05d223aea2bf115f9883a6ff3683d81b","name":"Bruna Greco","image":{"@type":"ImageObject","inLanguage":"pt-BR","@id":"https:\/\/www.manaus.am.gov.br\/semasc\/#\/schema\/person\/image\/","url":"https:\/\/secure.gravatar.com\/avatar\/9c877d1a6adc2a055330e5c09a8653ce?s=96&d=mm&r=g","contentUrl":"https:\/\/secure.gravatar.com\/avatar\/9c877d1a6adc2a055330e5c09a8653ce?s=96&d=mm&r=g","caption":"Bruna Greco"}}]}},"_links":{"self":[{"href":"https:\/\/www.manaus.am.gov.br\/semasc\/wp-json\/wp\/v2\/posts\/209322"}],"collection":[{"href":"https:\/\/www.manaus.am.gov.br\/semasc\/wp-json\/wp\/v2\/posts"}],"about":[{"href":"https:\/\/www.manaus.am.gov.br\/semasc\/wp-json\/wp\/v2\/types\/post"}],"author":[{"embeddable":true,"href":"https:\/\/www.manaus.am.gov.br\/semasc\/wp-json\/wp\/v2\/users\/39"}],"replies":[{"embeddable":true,"href":"https:\/\/www.manaus.am.gov.br\/semasc\/wp-json\/wp\/v2\/comments?post=209322"}],"version-history":[{"count":1,"href":"https:\/\/www.manaus.am.gov.br\/semasc\/wp-json\/wp\/v2\/posts\/209322\/revisions"}],"predecessor-version":[{"id":209325,"href":"https:\/\/www.manaus.am.gov.br\/semasc\/wp-json\/wp\/v2\/posts\/209322\/revisions\/209325"}],"wp:featuredmedia":[{"embeddable":true,"href":"https:\/\/www.manaus.am.gov.br\/semasc\/wp-json\/wp\/v2\/media\/209323"}],"wp:attachment":[{"href":"https:\/\/www.manaus.am.gov.br\/semasc\/wp-json\/wp\/v2\/media?parent=209322"}],"wp:term":[{"taxonomy":"category","embeddable":true,"href":"https:\/\/www.manaus.am.gov.br\/semasc\/wp-json\/wp\/v2\/categories?post=209322"},{"taxonomy":"post_tag","embeddable":true,"href":"https:\/\/www.manaus.am.gov.br\/semasc\/wp-json\/wp\/v2\/tags?post=209322"}],"curies":[{"name":"wp","href":"https:\/\/api.w.org\/{rel}","templated":true}]}}