{"id":209320,"date":"2023-07-26T09:03:07","date_gmt":"2023-07-26T13:03:07","guid":{"rendered":"https:\/\/www.manaus.am.gov.br\/semasc\/prefeitura-realiza-8a-socializacao-das-praticas-pedagogicas-do-cemeapi\/"},"modified":"2023-11-24T17:48:04","modified_gmt":"2023-11-24T21:48:04","slug":"prefeitura-realiza-8a-socializacao-das-praticas-pedagogicas-do-cemeapi","status":"publish","type":"post","link":"https:\/\/www.manaus.am.gov.br\/semasc\/prefeitura-realiza-8a-socializacao-das-praticas-pedagogicas-do-cemeapi\/","title":{"rendered":"Prefeitura realiza &#8216;8\u00aa Socializa\u00e7\u00e3o das Pr\u00e1ticas Pedag\u00f3gicas do Cemeapi&#8217;"},"content":{"rendered":"\n<p>A Prefeitura de Manaus, por meio da Secretaria Municipal de Educa\u00e7\u00e3o (Semed), realizou, na noite de ter\u00e7a-feira, 25\/7, a \u201c8\u00aa Socializa\u00e7\u00e3o das Pr\u00e1ticas Pedag\u00f3gicas do Centro Municipal de Escolariza\u00e7\u00e3o do Adulto e da Pessoa Idosa (Cemeapi)\u201d. O evento ocorreu no audit\u00f3rio Luiz Geraldo Pontes Teixeira, da secretaria, no bairro Nossa Senhora das Gra\u00e7as, zona Centro-Sul.<\/p>\n\n\n\n<p>A socializa\u00e7\u00e3o teve como tema \u201cEstrat\u00e9gias de Ensino e Aprendizagem na Educa\u00e7\u00e3o de Jovens e Adultos (EJA), no Contexto Escolar do Cemeapi\u201d ,&nbsp;como&nbsp;parte do projeto \u201cValoriza\u00e7\u00e3o da Pessoa Idosa\u201d. Entre os objetivos da a\u00e7\u00e3o, est\u00e3o ampliar as atividades desenvolvidas junto aos adultos e idosos, incorporar atividades para a qualidade de vida, forma\u00e7\u00e3o integral dos estudantes e fortalecimento do respeito \u00e0 pessoa idosa.<br><br>Todos os temas foram mostrados a partir de &nbsp;exposi\u00e7\u00f5es e apresenta\u00e7\u00f5es, de forma pedag\u00f3gica, &nbsp;segundo a assessora pedag\u00f3gica do Cemeapi, Ruth Cunha.&nbsp;\u201cEssa socializa\u00e7\u00e3o pertence ao projeto \u2018Valoriza\u00e7\u00e3o da Pessoa Idosa\u2019, desenvolvido pelo Cemeapi junto \u00e0s institui\u00e7\u00f5es parceiras. Professores e alunos puderam socializar, mostrar, compartilhar as experi\u00eancias de alfabetiza\u00e7\u00e3o com todas as institui\u00e7\u00f5es, com os colegas que fazem parte tamb\u00e9m do centro, &nbsp;para mostrar as pr\u00e1ticas exitosas trabalhadas em aula de aula\u201d, disse.<br><br>Para a aluna Joana Silva, da 2\u00aa fase da EJA, que estuda no Cemeapi, no instituto Rei Davi, no bairro Nova Esperan\u00e7a, o evento \u00e9 importante para conhecer outras realidades.<br>\u201cAchei muito bacana o evento, porque pude conhecer colegas que estudam em outras institui\u00e7\u00f5es do Cemeapi, ouvi coisas que agregaram ao meu conhecimento\u201d, afirmou Joana.<br><br>\u201c\u00c9 bom a gente conhecer outras realidades, compartilhar novas experi\u00eancias, por isso adorei o evento, porque o evento oportunizou justamente isso\u201d, refor\u00e7ou a aluna ind\u00edgena Elizete Mariano, que estuda na comunidade Inem\u00e3nat\u00e3, no bairro Monte das Oliveiras<br><br><br><strong>Cemeapi<\/strong><strong><br><br><br><\/strong><\/p>\n\n\n\n<p>No Cemeapi, as aulas s\u00e3o realizadas nos turnos matutino e vespertino, em turmas multisseriadas. Este ano, s\u00e3o atendidos 410 alunos pelo centro, com idade a partir dos 30 anos. As atividades funcionam em espa\u00e7os n\u00e3o formais de 22 institui\u00e7\u00f5es p\u00fablicas e privadas, como cozinhas comunit\u00e1rias; igrejas; Centros de Refer\u00eancias e Assist\u00eancia Social (Cras); Unidades B\u00e1sicas de Sa\u00fade (UBSs); secretarias municipais de Sa\u00fade (Semsa), Limpeza P\u00fablica (Semulsp) e da Mulher, Assist\u00eancia Social e Cidadania (Semasc), entre outras institui\u00e7\u00f5es.<\/p>\n\n\n\n<p>&#8212; &#8212; &#8212;<\/p>\n\n\n\n<p><strong>Texto<\/strong>&nbsp;&#8211; Emerson Santos\/ Semed<\/p>\n\n\n\n<p><strong>Fotos<\/strong>&nbsp;&#8211; Matheus Perdiz\/ Semed<\/p>\n\n\n\n<p><strong>Dispon\u00edveis em<\/strong>&nbsp;&#8211;&nbsp;<a href=\"https:\/\/flic.kr\/s\/aHBqjANHEF\" target=\"_blank\" rel=\"noreferrer noopener\">https:\/\/flic.kr\/s\/aHBqjANHEF<\/a><\/p>\n","protected":false},"excerpt":{"rendered":"","protected":false},"author":23,"featured_media":209321,"comment_status":"closed","ping_status":"closed","sticky":false,"template":"","format":"standard","meta":{"footnotes":""},"categories":[684],"tags":[685,686,7,515,687],"acf":[],"yoast_head":"<!-- This site is optimized with the Yoast SEO plugin v23.0 - https:\/\/yoast.com\/wordpress\/plugins\/seo\/ -->\n<title>Prefeitura realiza &#039;8\u00aa Socializa\u00e7\u00e3o das Pr\u00e1ticas Pedag\u00f3gicas do Cemeapi&#039;<\/title>\n<meta name=\"description\" content=\"A Prefeitura de Manaus, por meio da Secretaria Municipal de Educa\u00e7\u00e3o (Semed), realizou, na noite de ter\u00e7a-feira, 25\/7, a \u201c8\u00aa Socializa\u00e7\u00e3o das Pr\u00e1ticas Pedag\u00f3gicas do Centro Municipal de Escolariza\u00e7\u00e3o do Adulto e da Pessoa Idosa (Cemeapi)\u201d. O evento ocorreu no audit\u00f3rio Luiz Geraldo Pontes Teixeira, da secretaria, no bairro Nossa Senhora das Gra\u00e7as, zona Centro-Sul.\" \/>\n<meta name=\"robots\" content=\"noindex, follow\" \/>\n<meta property=\"og:locale\" content=\"pt_BR\" \/>\n<meta property=\"og:type\" content=\"article\" \/>\n<meta property=\"og:title\" content=\"Prefeitura realiza &#039;8\u00aa Socializa\u00e7\u00e3o das Pr\u00e1ticas Pedag\u00f3gicas do Cemeapi&#039;\" \/>\n<meta property=\"og:description\" content=\"A Prefeitura de Manaus, por meio da Secretaria Municipal de Educa\u00e7\u00e3o (Semed), realizou, na noite de ter\u00e7a-feira, 25\/7, a \u201c8\u00aa Socializa\u00e7\u00e3o das Pr\u00e1ticas Pedag\u00f3gicas do Centro Municipal de Escolariza\u00e7\u00e3o do Adulto e da Pessoa Idosa (Cemeapi)\u201d. O evento ocorreu no audit\u00f3rio Luiz Geraldo Pontes Teixeira, da secretaria, no bairro Nossa Senhora das Gra\u00e7as, zona Centro-Sul.\" \/>\n<meta property=\"og:url\" content=\"https:\/\/www.manaus.am.gov.br\/semasc\/prefeitura-realiza-8a-socializacao-das-praticas-pedagogicas-do-cemeapi\/\" \/>\n<meta property=\"og:site_name\" content=\"SEMASC\" \/>\n<meta property=\"article:publisher\" content=\"https:\/\/www.facebook.com\/semascmanaus\" \/>\n<meta property=\"article:published_time\" content=\"2023-07-26T13:03:07+00:00\" \/>\n<meta property=\"article:modified_time\" content=\"2023-11-24T21:48:04+00:00\" \/>\n<meta property=\"og:image\" content=\"https:\/\/www.manaus.am.gov.br\/semasc\/wp-content\/uploads\/sites\/17\/2023\/11\/53072016325_4d3318f97b_c.jpg\" \/>\n\t<meta property=\"og:image:width\" content=\"799\" \/>\n\t<meta property=\"og:image:height\" content=\"533\" \/>\n\t<meta property=\"og:image:type\" content=\"image\/jpeg\" \/>\n<meta name=\"author\" content=\"Adriana Costa\" \/>\n<meta name=\"twitter:card\" content=\"summary_large_image\" \/>\n<meta name=\"twitter:label1\" content=\"Written by\" \/>\n\t<meta name=\"twitter:data1\" content=\"Adriana Costa\" \/>\n\t<meta name=\"twitter:label2\" content=\"Est. reading time\" \/>\n\t<meta name=\"twitter:data2\" content=\"3 minutos\" \/>\n<script type=\"application\/ld+json\" class=\"yoast-schema-graph\">{\"@context\":\"https:\/\/schema.org\",\"@graph\":[{\"@type\":\"Article\",\"@id\":\"https:\/\/www.manaus.am.gov.br\/semasc\/prefeitura-realiza-8a-socializacao-das-praticas-pedagogicas-do-cemeapi\/#article\",\"isPartOf\":{\"@id\":\"https:\/\/www.manaus.am.gov.br\/semasc\/prefeitura-realiza-8a-socializacao-das-praticas-pedagogicas-do-cemeapi\/\"},\"author\":{\"name\":\"Adriana Costa\",\"@id\":\"https:\/\/www.manaus.am.gov.br\/semasc\/#\/schema\/person\/4e49f4e267757a06ca072ec61b2b9968\"},\"headline\":\"Prefeitura realiza &#8216;8\u00aa Socializa\u00e7\u00e3o das Pr\u00e1ticas Pedag\u00f3gicas do Cemeapi&#8217;\",\"datePublished\":\"2023-07-26T13:03:07+00:00\",\"dateModified\":\"2023-11-24T21:48:04+00:00\",\"mainEntityOfPage\":{\"@id\":\"https:\/\/www.manaus.am.gov.br\/semasc\/prefeitura-realiza-8a-socializacao-das-praticas-pedagogicas-do-cemeapi\/\"},\"wordCount\":444,\"publisher\":{\"@id\":\"https:\/\/www.manaus.am.gov.br\/semasc\/#organization\"},\"image\":{\"@id\":\"https:\/\/www.manaus.am.gov.br\/semasc\/prefeitura-realiza-8a-socializacao-das-praticas-pedagogicas-do-cemeapi\/#primaryimage\"},\"thumbnailUrl\":\"https:\/\/www.manaus.am.gov.br\/semasc\/wp-content\/uploads\/sites\/17\/2023\/11\/53072016325_4d3318f97b_c.jpg\",\"keywords\":[\"Cemeapi\",\"EJA\",\"prefeitura de manaus\",\"semed\",\"socializa\u00e7\u00e3o\"],\"articleSection\":[\"Educa\u00e7\u00e3o\"],\"inLanguage\":\"pt-BR\"},{\"@type\":\"WebPage\",\"@id\":\"https:\/\/www.manaus.am.gov.br\/semasc\/prefeitura-realiza-8a-socializacao-das-praticas-pedagogicas-do-cemeapi\/\",\"url\":\"https:\/\/www.manaus.am.gov.br\/semasc\/prefeitura-realiza-8a-socializacao-das-praticas-pedagogicas-do-cemeapi\/\",\"name\":\"Prefeitura realiza '8\u00aa Socializa\u00e7\u00e3o das Pr\u00e1ticas Pedag\u00f3gicas do Cemeapi'\",\"isPartOf\":{\"@id\":\"https:\/\/www.manaus.am.gov.br\/semasc\/#website\"},\"primaryImageOfPage\":{\"@id\":\"https:\/\/www.manaus.am.gov.br\/semasc\/prefeitura-realiza-8a-socializacao-das-praticas-pedagogicas-do-cemeapi\/#primaryimage\"},\"image\":{\"@id\":\"https:\/\/www.manaus.am.gov.br\/semasc\/prefeitura-realiza-8a-socializacao-das-praticas-pedagogicas-do-cemeapi\/#primaryimage\"},\"thumbnailUrl\":\"https:\/\/www.manaus.am.gov.br\/semasc\/wp-content\/uploads\/sites\/17\/2023\/11\/53072016325_4d3318f97b_c.jpg\",\"datePublished\":\"2023-07-26T13:03:07+00:00\",\"dateModified\":\"2023-11-24T21:48:04+00:00\",\"description\":\"A Prefeitura de Manaus, por meio da Secretaria Municipal de Educa\u00e7\u00e3o (Semed), realizou, na noite de ter\u00e7a-feira, 25\/7, a \u201c8\u00aa Socializa\u00e7\u00e3o das Pr\u00e1ticas Pedag\u00f3gicas do Centro Municipal de Escolariza\u00e7\u00e3o do Adulto e da Pessoa Idosa (Cemeapi)\u201d. O evento ocorreu no audit\u00f3rio Luiz Geraldo Pontes Teixeira, da secretaria, no bairro Nossa Senhora das Gra\u00e7as, zona Centro-Sul.\",\"breadcrumb\":{\"@id\":\"https:\/\/www.manaus.am.gov.br\/semasc\/prefeitura-realiza-8a-socializacao-das-praticas-pedagogicas-do-cemeapi\/#breadcrumb\"},\"inLanguage\":\"pt-BR\",\"potentialAction\":[{\"@type\":\"ReadAction\",\"target\":[\"https:\/\/www.manaus.am.gov.br\/semasc\/prefeitura-realiza-8a-socializacao-das-praticas-pedagogicas-do-cemeapi\/\"]}]},{\"@type\":\"ImageObject\",\"inLanguage\":\"pt-BR\",\"@id\":\"https:\/\/www.manaus.am.gov.br\/semasc\/prefeitura-realiza-8a-socializacao-das-praticas-pedagogicas-do-cemeapi\/#primaryimage\",\"url\":\"https:\/\/www.manaus.am.gov.br\/semasc\/wp-content\/uploads\/sites\/17\/2023\/11\/53072016325_4d3318f97b_c.jpg\",\"contentUrl\":\"https:\/\/www.manaus.am.gov.br\/semasc\/wp-content\/uploads\/sites\/17\/2023\/11\/53072016325_4d3318f97b_c.jpg\",\"width\":799,\"height\":533},{\"@type\":\"BreadcrumbList\",\"@id\":\"https:\/\/www.manaus.am.gov.br\/semasc\/prefeitura-realiza-8a-socializacao-das-praticas-pedagogicas-do-cemeapi\/#breadcrumb\",\"itemListElement\":[{\"@type\":\"ListItem\",\"position\":1,\"name\":\"Home\",\"item\":\"https:\/\/www.manaus.am.gov.br\/semasc\/\"},{\"@type\":\"ListItem\",\"position\":2,\"name\":\"Prefeitura realiza &#8216;8\u00aa Socializa\u00e7\u00e3o das Pr\u00e1ticas Pedag\u00f3gicas do Cemeapi&#8217;\"}]},{\"@type\":\"WebSite\",\"@id\":\"https:\/\/www.manaus.am.gov.br\/semasc\/#website\",\"url\":\"https:\/\/www.manaus.am.gov.br\/semasc\/\",\"name\":\"SEMASC\",\"description\":\"Secretaria Municipal da Mulher, Assist\u00eancia Social e Cidadania.\",\"publisher\":{\"@id\":\"https:\/\/www.manaus.am.gov.br\/semasc\/#organization\"},\"alternateName\":\"Secretaria Municipal da Mulher, Assist\u00eancia Social e Cidadania\",\"potentialAction\":[{\"@type\":\"SearchAction\",\"target\":{\"@type\":\"EntryPoint\",\"urlTemplate\":\"https:\/\/www.manaus.am.gov.br\/semasc\/?s={search_term_string}\"},\"query-input\":\"required name=search_term_string\"}],\"inLanguage\":\"pt-BR\"},{\"@type\":\"Organization\",\"@id\":\"https:\/\/www.manaus.am.gov.br\/semasc\/#organization\",\"name\":\"Prefeitura de Manaus\",\"alternateName\":\"Prefeitura Municipal de Manaus\",\"url\":\"https:\/\/www.manaus.am.gov.br\/semasc\/\",\"logo\":{\"@type\":\"ImageObject\",\"inLanguage\":\"pt-BR\",\"@id\":\"https:\/\/www.manaus.am.gov.br\/semasc\/#\/schema\/logo\/image\/\",\"url\":\"https:\/\/www.manaus.am.gov.br\/semasc\/wp-content\/uploads\/sites\/17\/2024\/07\/favicon.png\",\"contentUrl\":\"https:\/\/www.manaus.am.gov.br\/semasc\/wp-content\/uploads\/sites\/17\/2024\/07\/favicon.png\",\"width\":300,\"height\":300,\"caption\":\"Prefeitura de Manaus\"},\"image\":{\"@id\":\"https:\/\/www.manaus.am.gov.br\/semasc\/#\/schema\/logo\/image\/\"},\"sameAs\":[\"https:\/\/www.facebook.com\/semascmanaus\",\"https:\/\/www.instagram.com\/semascmanaus\/\"]},{\"@type\":\"Person\",\"@id\":\"https:\/\/www.manaus.am.gov.br\/semasc\/#\/schema\/person\/4e49f4e267757a06ca072ec61b2b9968\",\"name\":\"Adriana Costa\",\"image\":{\"@type\":\"ImageObject\",\"inLanguage\":\"pt-BR\",\"@id\":\"https:\/\/www.manaus.am.gov.br\/semasc\/#\/schema\/person\/image\/\",\"url\":\"https:\/\/secure.gravatar.com\/avatar\/576258617ef7194f718179e766d57bd4?s=96&d=mm&r=g\",\"contentUrl\":\"https:\/\/secure.gravatar.com\/avatar\/576258617ef7194f718179e766d57bd4?s=96&d=mm&r=g\",\"caption\":\"Adriana Costa\"}}]}<\/script>\n<!-- \/ Yoast SEO plugin. -->","yoast_head_json":{"title":"Prefeitura realiza '8\u00aa Socializa\u00e7\u00e3o das Pr\u00e1ticas Pedag\u00f3gicas do Cemeapi'","description":"A Prefeitura de Manaus, por meio da Secretaria Municipal de Educa\u00e7\u00e3o (Semed), realizou, na noite de ter\u00e7a-feira, 25\/7, a \u201c8\u00aa Socializa\u00e7\u00e3o das Pr\u00e1ticas Pedag\u00f3gicas do Centro Municipal de Escolariza\u00e7\u00e3o do Adulto e da Pessoa Idosa (Cemeapi)\u201d. O evento ocorreu no audit\u00f3rio Luiz Geraldo Pontes Teixeira, da secretaria, no bairro Nossa Senhora das Gra\u00e7as, zona Centro-Sul.","robots":{"index":"noindex","follow":"follow"},"og_locale":"pt_BR","og_type":"article","og_title":"Prefeitura realiza '8\u00aa Socializa\u00e7\u00e3o das Pr\u00e1ticas Pedag\u00f3gicas do Cemeapi'","og_description":"A Prefeitura de Manaus, por meio da Secretaria Municipal de Educa\u00e7\u00e3o (Semed), realizou, na noite de ter\u00e7a-feira, 25\/7, a \u201c8\u00aa Socializa\u00e7\u00e3o das Pr\u00e1ticas Pedag\u00f3gicas do Centro Municipal de Escolariza\u00e7\u00e3o do Adulto e da Pessoa Idosa (Cemeapi)\u201d. O evento ocorreu no audit\u00f3rio Luiz Geraldo Pontes Teixeira, da secretaria, no bairro Nossa Senhora das Gra\u00e7as, zona Centro-Sul.","og_url":"https:\/\/www.manaus.am.gov.br\/semasc\/prefeitura-realiza-8a-socializacao-das-praticas-pedagogicas-do-cemeapi\/","og_site_name":"SEMASC","article_publisher":"https:\/\/www.facebook.com\/semascmanaus","article_published_time":"2023-07-26T13:03:07+00:00","article_modified_time":"2023-11-24T21:48:04+00:00","og_image":[{"width":799,"height":533,"url":"https:\/\/www.manaus.am.gov.br\/semasc\/wp-content\/uploads\/sites\/17\/2023\/11\/53072016325_4d3318f97b_c.jpg","type":"image\/jpeg"}],"author":"Adriana Costa","twitter_card":"summary_large_image","twitter_misc":{"Written by":"Adriana Costa","Est. reading time":"3 minutos"},"schema":{"@context":"https:\/\/schema.org","@graph":[{"@type":"Article","@id":"https:\/\/www.manaus.am.gov.br\/semasc\/prefeitura-realiza-8a-socializacao-das-praticas-pedagogicas-do-cemeapi\/#article","isPartOf":{"@id":"https:\/\/www.manaus.am.gov.br\/semasc\/prefeitura-realiza-8a-socializacao-das-praticas-pedagogicas-do-cemeapi\/"},"author":{"name":"Adriana Costa","@id":"https:\/\/www.manaus.am.gov.br\/semasc\/#\/schema\/person\/4e49f4e267757a06ca072ec61b2b9968"},"headline":"Prefeitura realiza &#8216;8\u00aa Socializa\u00e7\u00e3o das Pr\u00e1ticas Pedag\u00f3gicas do Cemeapi&#8217;","datePublished":"2023-07-26T13:03:07+00:00","dateModified":"2023-11-24T21:48:04+00:00","mainEntityOfPage":{"@id":"https:\/\/www.manaus.am.gov.br\/semasc\/prefeitura-realiza-8a-socializacao-das-praticas-pedagogicas-do-cemeapi\/"},"wordCount":444,"publisher":{"@id":"https:\/\/www.manaus.am.gov.br\/semasc\/#organization"},"image":{"@id":"https:\/\/www.manaus.am.gov.br\/semasc\/prefeitura-realiza-8a-socializacao-das-praticas-pedagogicas-do-cemeapi\/#primaryimage"},"thumbnailUrl":"https:\/\/www.manaus.am.gov.br\/semasc\/wp-content\/uploads\/sites\/17\/2023\/11\/53072016325_4d3318f97b_c.jpg","keywords":["Cemeapi","EJA","prefeitura de manaus","semed","socializa\u00e7\u00e3o"],"articleSection":["Educa\u00e7\u00e3o"],"inLanguage":"pt-BR"},{"@type":"WebPage","@id":"https:\/\/www.manaus.am.gov.br\/semasc\/prefeitura-realiza-8a-socializacao-das-praticas-pedagogicas-do-cemeapi\/","url":"https:\/\/www.manaus.am.gov.br\/semasc\/prefeitura-realiza-8a-socializacao-das-praticas-pedagogicas-do-cemeapi\/","name":"Prefeitura realiza '8\u00aa Socializa\u00e7\u00e3o das Pr\u00e1ticas Pedag\u00f3gicas do Cemeapi'","isPartOf":{"@id":"https:\/\/www.manaus.am.gov.br\/semasc\/#website"},"primaryImageOfPage":{"@id":"https:\/\/www.manaus.am.gov.br\/semasc\/prefeitura-realiza-8a-socializacao-das-praticas-pedagogicas-do-cemeapi\/#primaryimage"},"image":{"@id":"https:\/\/www.manaus.am.gov.br\/semasc\/prefeitura-realiza-8a-socializacao-das-praticas-pedagogicas-do-cemeapi\/#primaryimage"},"thumbnailUrl":"https:\/\/www.manaus.am.gov.br\/semasc\/wp-content\/uploads\/sites\/17\/2023\/11\/53072016325_4d3318f97b_c.jpg","datePublished":"2023-07-26T13:03:07+00:00","dateModified":"2023-11-24T21:48:04+00:00","description":"A Prefeitura de Manaus, por meio da Secretaria Municipal de Educa\u00e7\u00e3o (Semed), realizou, na noite de ter\u00e7a-feira, 25\/7, a \u201c8\u00aa Socializa\u00e7\u00e3o das Pr\u00e1ticas Pedag\u00f3gicas do Centro Municipal de Escolariza\u00e7\u00e3o do Adulto e da Pessoa Idosa (Cemeapi)\u201d. O evento ocorreu no audit\u00f3rio Luiz Geraldo Pontes Teixeira, da secretaria, no bairro Nossa Senhora das Gra\u00e7as, zona Centro-Sul.","breadcrumb":{"@id":"https:\/\/www.manaus.am.gov.br\/semasc\/prefeitura-realiza-8a-socializacao-das-praticas-pedagogicas-do-cemeapi\/#breadcrumb"},"inLanguage":"pt-BR","potentialAction":[{"@type":"ReadAction","target":["https:\/\/www.manaus.am.gov.br\/semasc\/prefeitura-realiza-8a-socializacao-das-praticas-pedagogicas-do-cemeapi\/"]}]},{"@type":"ImageObject","inLanguage":"pt-BR","@id":"https:\/\/www.manaus.am.gov.br\/semasc\/prefeitura-realiza-8a-socializacao-das-praticas-pedagogicas-do-cemeapi\/#primaryimage","url":"https:\/\/www.manaus.am.gov.br\/semasc\/wp-content\/uploads\/sites\/17\/2023\/11\/53072016325_4d3318f97b_c.jpg","contentUrl":"https:\/\/www.manaus.am.gov.br\/semasc\/wp-content\/uploads\/sites\/17\/2023\/11\/53072016325_4d3318f97b_c.jpg","width":799,"height":533},{"@type":"BreadcrumbList","@id":"https:\/\/www.manaus.am.gov.br\/semasc\/prefeitura-realiza-8a-socializacao-das-praticas-pedagogicas-do-cemeapi\/#breadcrumb","itemListElement":[{"@type":"ListItem","position":1,"name":"Home","item":"https:\/\/www.manaus.am.gov.br\/semasc\/"},{"@type":"ListItem","position":2,"name":"Prefeitura realiza &#8216;8\u00aa Socializa\u00e7\u00e3o das Pr\u00e1ticas Pedag\u00f3gicas do Cemeapi&#8217;"}]},{"@type":"WebSite","@id":"https:\/\/www.manaus.am.gov.br\/semasc\/#website","url":"https:\/\/www.manaus.am.gov.br\/semasc\/","name":"SEMASC","description":"Secretaria Municipal da Mulher, Assist\u00eancia Social e Cidadania.","publisher":{"@id":"https:\/\/www.manaus.am.gov.br\/semasc\/#organization"},"alternateName":"Secretaria Municipal da Mulher, Assist\u00eancia Social e Cidadania","potentialAction":[{"@type":"SearchAction","target":{"@type":"EntryPoint","urlTemplate":"https:\/\/www.manaus.am.gov.br\/semasc\/?s={search_term_string}"},"query-input":"required name=search_term_string"}],"inLanguage":"pt-BR"},{"@type":"Organization","@id":"https:\/\/www.manaus.am.gov.br\/semasc\/#organization","name":"Prefeitura de Manaus","alternateName":"Prefeitura Municipal de Manaus","url":"https:\/\/www.manaus.am.gov.br\/semasc\/","logo":{"@type":"ImageObject","inLanguage":"pt-BR","@id":"https:\/\/www.manaus.am.gov.br\/semasc\/#\/schema\/logo\/image\/","url":"https:\/\/www.manaus.am.gov.br\/semasc\/wp-content\/uploads\/sites\/17\/2024\/07\/favicon.png","contentUrl":"https:\/\/www.manaus.am.gov.br\/semasc\/wp-content\/uploads\/sites\/17\/2024\/07\/favicon.png","width":300,"height":300,"caption":"Prefeitura de Manaus"},"image":{"@id":"https:\/\/www.manaus.am.gov.br\/semasc\/#\/schema\/logo\/image\/"},"sameAs":["https:\/\/www.facebook.com\/semascmanaus","https:\/\/www.instagram.com\/semascmanaus\/"]},{"@type":"Person","@id":"https:\/\/www.manaus.am.gov.br\/semasc\/#\/schema\/person\/4e49f4e267757a06ca072ec61b2b9968","name":"Adriana Costa","image":{"@type":"ImageObject","inLanguage":"pt-BR","@id":"https:\/\/www.manaus.am.gov.br\/semasc\/#\/schema\/person\/image\/","url":"https:\/\/secure.gravatar.com\/avatar\/576258617ef7194f718179e766d57bd4?s=96&d=mm&r=g","contentUrl":"https:\/\/secure.gravatar.com\/avatar\/576258617ef7194f718179e766d57bd4?s=96&d=mm&r=g","caption":"Adriana Costa"}}]}},"_links":{"self":[{"href":"https:\/\/www.manaus.am.gov.br\/semasc\/wp-json\/wp\/v2\/posts\/209320"}],"collection":[{"href":"https:\/\/www.manaus.am.gov.br\/semasc\/wp-json\/wp\/v2\/posts"}],"about":[{"href":"https:\/\/www.manaus.am.gov.br\/semasc\/wp-json\/wp\/v2\/types\/post"}],"author":[{"embeddable":true,"href":"https:\/\/www.manaus.am.gov.br\/semasc\/wp-json\/wp\/v2\/users\/23"}],"replies":[{"embeddable":true,"href":"https:\/\/www.manaus.am.gov.br\/semasc\/wp-json\/wp\/v2\/comments?post=209320"}],"version-history":[{"count":0,"href":"https:\/\/www.manaus.am.gov.br\/semasc\/wp-json\/wp\/v2\/posts\/209320\/revisions"}],"wp:featuredmedia":[{"embeddable":true,"href":"https:\/\/www.manaus.am.gov.br\/semasc\/wp-json\/wp\/v2\/media\/209321"}],"wp:attachment":[{"href":"https:\/\/www.manaus.am.gov.br\/semasc\/wp-json\/wp\/v2\/media?parent=209320"}],"wp:term":[{"taxonomy":"category","embeddable":true,"href":"https:\/\/www.manaus.am.gov.br\/semasc\/wp-json\/wp\/v2\/categories?post=209320"},{"taxonomy":"post_tag","embeddable":true,"href":"https:\/\/www.manaus.am.gov.br\/semasc\/wp-json\/wp\/v2\/tags?post=209320"}],"curies":[{"name":"wp","href":"https:\/\/api.w.org\/{rel}","templated":true}]}}