{"id":209314,"date":"2023-09-01T16:17:24","date_gmt":"2023-09-01T20:17:24","guid":{"rendered":"https:\/\/www.manaus.am.gov.br\/semasc\/publico-podera-conferir-artesanato-criativo-e-regional-no-soumanaus-2023\/"},"modified":"2023-11-24T17:41:48","modified_gmt":"2023-11-24T21:41:48","slug":"publico-podera-conferir-artesanato-criativo-e-regional-no-soumanaus-2023","status":"publish","type":"post","link":"https:\/\/www.manaus.am.gov.br\/semasc\/publico-podera-conferir-artesanato-criativo-e-regional-no-soumanaus-2023\/","title":{"rendered":"P\u00fablico poder\u00e1 conferir artesanato criativo e regional no #SouManaus 2023"},"content":{"rendered":"\n<p>Apresenta\u00e7\u00f5es art\u00edsticas, atividades culturais e gastronomia s\u00e3o destaques dentro da programa\u00e7\u00e3o do maior festival de artes integradas da regi\u00e3o Norte, o &#8220;#Sou Manaus Passo a Pa\u00e7o 2023&#8221; promovido pela Prefeitura de Manaus, nos dias 5, 6 e 7 de setembro, na \u00e1rea portu\u00e1ria da cidade. Al\u00e9m disso, os visitantes v\u00e3o encontrar a \u201cVitrine de Artesanato e Economia Criativa\u201d que oferece a oportunidade de conhecer a arte da Amaz\u00f4nia e garante a participa\u00e7\u00e3o dos micros e pequenos empreendedores dos segmentos.<\/p>\n\n\n\n<p>Evidenciando as ra\u00edzes locais em cada estande, a feira de artesanato funcionar\u00e1 na rua Bernardo Ramos, Centro Hist\u00f3rico de Manaus, nas cercanias da pra\u00e7a Dom Pedro II, com acesso livre e gratuito ao p\u00fablico rotativo de 150 mil por dia, durante a realiza\u00e7\u00e3o do #SouManaus.<\/p>\n\n\n\n<p>De acordo com o presidente da Funda\u00e7\u00e3o Municipal de Cultura, Turismo e Eventos (Manauscult), Osvaldo Cardoso, nesta edi\u00e7\u00e3o ser\u00e3o 25 barracas com 195 artes\u00e3os e microempres\u00e1rios da economia criativa, que durante os dias do festival ter\u00e3o a oportunidade de gerar novos neg\u00f3cios, aumentar o faturamento, promover suas marcas e seus produtos para os consumidores finais com pre\u00e7os acess\u00edveis.<\/p>\n\n\n\n<p>\u201cO #SouManaus ganhou uma nova dimens\u00e3o na gest\u00e3o do prefeito David Almeida e um o novo formato, que em 2022 foi sucesso de p\u00fablico com superatra\u00e7\u00f5es e neste ano n\u00e3o ser\u00e1 diferente. Estamos preparando uma grande festa e o artesanato regional n\u00e3o poderia ficar de fora para refor\u00e7ar a multiculturalidade do evento e fomentar o trabalho dos nossos artistas. Est\u00e1 mais do que claro que investir em cultura movimenta toda a cadeia produtiva da cidade e \u00e9 um bom neg\u00f3cio\u201d, conclui.<\/p>\n\n\n\n<p>Para a vice-presidente da Manauscult, Oreni Braga, o evento #SouManaus 2023 vai muito al\u00e9m de produzir m\u00fasica, lazer e alegria para a popula\u00e7\u00e3o e para os turistas, mas movimenta uma cadeia de trabalhadores que prestam servi\u00e7os nas \u00e1reas de montagem de palcos, cenografia, estrutura de banheiros qu\u00edmicos, ilumina\u00e7\u00e3o, sonoriza\u00e7\u00e3o, barracas, gradil, empresas de operacional, de seguran\u00e7a particular e de bebidas.&nbsp;<\/p>\n\n\n\n<p>\u201cNessa esteira, o artesanato e a economia criativa s\u00e3o outros segmentos que fazem parte desse universo de gera\u00e7\u00e3o de emprego, postos de trabalho e renda. E esses segmentos recebem da Prefeitura de Manaus por interm\u00e9dio da Manauscult, as barracas montadas com cavaletes de exposi\u00e7\u00e3o e identifica\u00e7\u00e3o visual, al\u00e9m das camisas personalizadas, que d\u00e3o dignidade a esses microempres\u00e1rios, visando oportunizar a gera\u00e7\u00e3o de renda e a melhoria da qualidade de vida dos envolvidos\u2019, afirma.<\/p>\n\n\n\n<p>Os participantes da Vitrine do Artesanato foram selecionados pela Secretaria Municipal de Trabalho, Empreendedorismo e Inova\u00e7\u00e3o (Semtepi), parceira da Manauscult, que nesta edi\u00e7\u00e3o contar\u00e1 ainda com artes\u00e3os da Secretaria Municipal da Mulher e Assist\u00eancia Social (Semasc).<\/p>\n\n\n\n<p>\u201cO artesanato a ser exposto tem qualidade e apelo regional porque \u00e9 feito por pessoas produtivas de v\u00e1rias artes e que se encontram no processo de ressocializa\u00e7\u00e3o. Outro ponto \u00e9 que o festival por ser um evento inclusivo, est\u00e1 oportunizando tamb\u00e9m aos povos origin\u00e1rios com seu artesanato raiz e seus rituais tribais, transformando o espa\u00e7o do Marco Zero do Centro Hist\u00f3rico de Manaus, em um local de muita diversidade cultural, muita gastronomia e muita alegria. Este \u00e9 o #Sou Manaus 2023\u201d, destaca Oreni Braga.&nbsp;<\/p>\n\n\n\n<p>Dono de um dos estandes que ser\u00e1 exposto na feira de artesanato, o artes\u00e3o Ricardo Borsa, de 37 anos, contou que \u00e9 a segunda vez que participar\u00e1 do evento e revelou a expectativa para esta edi\u00e7\u00e3o que tem um p\u00fablico estimado de 500 mil pessoas.<\/p>\n\n\n\n<p>\u201cA minha primeira experi\u00eancia foi no ano passado e foi sensacional, me surpreendi com tudo desde a estrutura disponibilizada, ponto das barracas, produtos variados e a aceita\u00e7\u00e3o do p\u00fablico. No in\u00edcio tive um pouco de apreens\u00e3o, mas as pessoas n\u00e3o s\u00f3 param para olhar, mas compram mesmo. Estou muito feliz em participar novamente e minha expectativa \u00e9 de que as minhas vendas dobrem nesta edi\u00e7\u00e3o\u201d.<\/p>\n\n\n\n<p>Ricardo Borsa \u00e9 respons\u00e1vel por criar acess\u00f3rios como pulseiras, colares, ter\u00e7os e japamalas produzidos com material sint\u00e9tico, couro e pedras naturais. As pe\u00e7as vendidas variam de R$ 10 a R$ 50.<\/p>\n\n\n\n<p>Para ele \u00e9 gratificante ter um espa\u00e7o dedicado para a exposi\u00e7\u00e3o do artesanato que tem a identidade do povo amazonense. \u201c\u00c9 importante porque permite alcan\u00e7armos um p\u00fablico que n\u00e3o \u00e9 nosso ninho e com fazermos novos neg\u00f3cios. Quero agradecer a Prefeitura de Manaus por realizar o evento e nos incluir nele, abrindo as portas para mostrarmos a nossa arte, captar clientes, al\u00e9m de gerar emprego e renda\u201d, finalizou.<\/p>\n\n\n\n<p>&#8212; &#8212; &#8212;<\/p>\n\n\n\n<p><strong>Texto<\/strong> &#8211; Hellen Miranda \/ Semcom<br><strong>Fotos<\/strong> \u2013 Arquivo \/ Semcom<br>Dispon\u00edveis em &#8211; <a href=\"https:\/\/flic.kr\/p\/2nK7BZC\">https:\/\/flic.kr\/p\/2nK7BZC<\/a><\/p>\n","protected":false},"excerpt":{"rendered":"","protected":false},"author":31,"featured_media":209315,"comment_status":"closed","ping_status":"closed","sticky":false,"template":"","format":"standard","meta":{"footnotes":""},"categories":[383],"tags":[416,676,677,678],"acf":[],"yoast_head":"<!-- This site is optimized with the Yoast SEO plugin v23.0 - https:\/\/yoast.com\/wordpress\/plugins\/seo\/ -->\n<title>P\u00fablico poder\u00e1 conferir artesanato criativo e regional no #SouManaus 2023 - SEMASC<\/title>\n<meta name=\"robots\" content=\"noindex, follow\" \/>\n<meta property=\"og:locale\" content=\"pt_BR\" \/>\n<meta property=\"og:type\" content=\"article\" \/>\n<meta property=\"og:title\" content=\"P\u00fablico poder\u00e1 conferir artesanato criativo e regional no #SouManaus 2023 - SEMASC\" \/>\n<meta property=\"og:url\" content=\"https:\/\/www.manaus.am.gov.br\/semasc\/publico-podera-conferir-artesanato-criativo-e-regional-no-soumanaus-2023\/\" \/>\n<meta property=\"og:site_name\" content=\"SEMASC\" \/>\n<meta property=\"article:publisher\" content=\"https:\/\/www.facebook.com\/semascmanaus\" \/>\n<meta property=\"article:published_time\" content=\"2023-09-01T20:17:24+00:00\" \/>\n<meta property=\"article:modified_time\" content=\"2023-11-24T21:41:48+00:00\" \/>\n<meta property=\"og:image\" content=\"https:\/\/www.manaus.am.gov.br\/semasc\/wp-content\/uploads\/sites\/17\/2023\/11\/52340213710_78f3f25ec1_c.jpg\" \/>\n\t<meta property=\"og:image:width\" content=\"800\" \/>\n\t<meta property=\"og:image:height\" content=\"449\" \/>\n\t<meta property=\"og:image:type\" content=\"image\/jpeg\" \/>\n<meta name=\"author\" content=\"Renata Felix\" \/>\n<meta name=\"twitter:card\" content=\"summary_large_image\" \/>\n<meta name=\"twitter:label1\" content=\"Written by\" \/>\n\t<meta name=\"twitter:data1\" content=\"Renata Felix\" \/>\n\t<meta name=\"twitter:label2\" content=\"Est. reading time\" \/>\n\t<meta name=\"twitter:data2\" content=\"5 minutos\" \/>\n<script type=\"application\/ld+json\" class=\"yoast-schema-graph\">{\"@context\":\"https:\/\/schema.org\",\"@graph\":[{\"@type\":\"Article\",\"@id\":\"https:\/\/www.manaus.am.gov.br\/semasc\/publico-podera-conferir-artesanato-criativo-e-regional-no-soumanaus-2023\/#article\",\"isPartOf\":{\"@id\":\"https:\/\/www.manaus.am.gov.br\/semasc\/publico-podera-conferir-artesanato-criativo-e-regional-no-soumanaus-2023\/\"},\"author\":{\"name\":\"Renata Felix\",\"@id\":\"https:\/\/www.manaus.am.gov.br\/semasc\/#\/schema\/person\/4eea2a8f78dc853097abb026f728aa06\"},\"headline\":\"P\u00fablico poder\u00e1 conferir artesanato criativo e regional no #SouManaus 2023\",\"datePublished\":\"2023-09-01T20:17:24+00:00\",\"dateModified\":\"2023-11-24T21:41:48+00:00\",\"mainEntityOfPage\":{\"@id\":\"https:\/\/www.manaus.am.gov.br\/semasc\/publico-podera-conferir-artesanato-criativo-e-regional-no-soumanaus-2023\/\"},\"wordCount\":815,\"publisher\":{\"@id\":\"https:\/\/www.manaus.am.gov.br\/semasc\/#organization\"},\"image\":{\"@id\":\"https:\/\/www.manaus.am.gov.br\/semasc\/publico-podera-conferir-artesanato-criativo-e-regional-no-soumanaus-2023\/#primaryimage\"},\"thumbnailUrl\":\"https:\/\/www.manaus.am.gov.br\/semasc\/wp-content\/uploads\/sites\/17\/2023\/11\/52340213710_78f3f25ec1_c.jpg\",\"keywords\":[\"#SouManaus Passo a Pa\u00e7o 2023\",\"artesanato\",\"artesanato regional\",\"Vitrine de Artesanato e Economia Criativa\"],\"articleSection\":[\"#SouManaus\"],\"inLanguage\":\"pt-BR\"},{\"@type\":\"WebPage\",\"@id\":\"https:\/\/www.manaus.am.gov.br\/semasc\/publico-podera-conferir-artesanato-criativo-e-regional-no-soumanaus-2023\/\",\"url\":\"https:\/\/www.manaus.am.gov.br\/semasc\/publico-podera-conferir-artesanato-criativo-e-regional-no-soumanaus-2023\/\",\"name\":\"P\u00fablico poder\u00e1 conferir artesanato criativo e regional no #SouManaus 2023 - SEMASC\",\"isPartOf\":{\"@id\":\"https:\/\/www.manaus.am.gov.br\/semasc\/#website\"},\"primaryImageOfPage\":{\"@id\":\"https:\/\/www.manaus.am.gov.br\/semasc\/publico-podera-conferir-artesanato-criativo-e-regional-no-soumanaus-2023\/#primaryimage\"},\"image\":{\"@id\":\"https:\/\/www.manaus.am.gov.br\/semasc\/publico-podera-conferir-artesanato-criativo-e-regional-no-soumanaus-2023\/#primaryimage\"},\"thumbnailUrl\":\"https:\/\/www.manaus.am.gov.br\/semasc\/wp-content\/uploads\/sites\/17\/2023\/11\/52340213710_78f3f25ec1_c.jpg\",\"datePublished\":\"2023-09-01T20:17:24+00:00\",\"dateModified\":\"2023-11-24T21:41:48+00:00\",\"breadcrumb\":{\"@id\":\"https:\/\/www.manaus.am.gov.br\/semasc\/publico-podera-conferir-artesanato-criativo-e-regional-no-soumanaus-2023\/#breadcrumb\"},\"inLanguage\":\"pt-BR\",\"potentialAction\":[{\"@type\":\"ReadAction\",\"target\":[\"https:\/\/www.manaus.am.gov.br\/semasc\/publico-podera-conferir-artesanato-criativo-e-regional-no-soumanaus-2023\/\"]}]},{\"@type\":\"ImageObject\",\"inLanguage\":\"pt-BR\",\"@id\":\"https:\/\/www.manaus.am.gov.br\/semasc\/publico-podera-conferir-artesanato-criativo-e-regional-no-soumanaus-2023\/#primaryimage\",\"url\":\"https:\/\/www.manaus.am.gov.br\/semasc\/wp-content\/uploads\/sites\/17\/2023\/11\/52340213710_78f3f25ec1_c.jpg\",\"contentUrl\":\"https:\/\/www.manaus.am.gov.br\/semasc\/wp-content\/uploads\/sites\/17\/2023\/11\/52340213710_78f3f25ec1_c.jpg\",\"width\":800,\"height\":449},{\"@type\":\"BreadcrumbList\",\"@id\":\"https:\/\/www.manaus.am.gov.br\/semasc\/publico-podera-conferir-artesanato-criativo-e-regional-no-soumanaus-2023\/#breadcrumb\",\"itemListElement\":[{\"@type\":\"ListItem\",\"position\":1,\"name\":\"Home\",\"item\":\"https:\/\/www.manaus.am.gov.br\/semasc\/\"},{\"@type\":\"ListItem\",\"position\":2,\"name\":\"P\u00fablico poder\u00e1 conferir artesanato criativo e regional no #SouManaus 2023\"}]},{\"@type\":\"WebSite\",\"@id\":\"https:\/\/www.manaus.am.gov.br\/semasc\/#website\",\"url\":\"https:\/\/www.manaus.am.gov.br\/semasc\/\",\"name\":\"SEMASC\",\"description\":\"Secretaria Municipal da Mulher, Assist\u00eancia Social e Cidadania.\",\"publisher\":{\"@id\":\"https:\/\/www.manaus.am.gov.br\/semasc\/#organization\"},\"alternateName\":\"Secretaria Municipal da Mulher, Assist\u00eancia Social e Cidadania\",\"potentialAction\":[{\"@type\":\"SearchAction\",\"target\":{\"@type\":\"EntryPoint\",\"urlTemplate\":\"https:\/\/www.manaus.am.gov.br\/semasc\/?s={search_term_string}\"},\"query-input\":\"required name=search_term_string\"}],\"inLanguage\":\"pt-BR\"},{\"@type\":\"Organization\",\"@id\":\"https:\/\/www.manaus.am.gov.br\/semasc\/#organization\",\"name\":\"Prefeitura de Manaus\",\"alternateName\":\"Prefeitura Municipal de Manaus\",\"url\":\"https:\/\/www.manaus.am.gov.br\/semasc\/\",\"logo\":{\"@type\":\"ImageObject\",\"inLanguage\":\"pt-BR\",\"@id\":\"https:\/\/www.manaus.am.gov.br\/semasc\/#\/schema\/logo\/image\/\",\"url\":\"https:\/\/www.manaus.am.gov.br\/semasc\/wp-content\/uploads\/sites\/17\/2024\/07\/favicon.png\",\"contentUrl\":\"https:\/\/www.manaus.am.gov.br\/semasc\/wp-content\/uploads\/sites\/17\/2024\/07\/favicon.png\",\"width\":300,\"height\":300,\"caption\":\"Prefeitura de Manaus\"},\"image\":{\"@id\":\"https:\/\/www.manaus.am.gov.br\/semasc\/#\/schema\/logo\/image\/\"},\"sameAs\":[\"https:\/\/www.facebook.com\/semascmanaus\",\"https:\/\/www.instagram.com\/semascmanaus\/\"]},{\"@type\":\"Person\",\"@id\":\"https:\/\/www.manaus.am.gov.br\/semasc\/#\/schema\/person\/4eea2a8f78dc853097abb026f728aa06\",\"name\":\"Renata Felix\",\"image\":{\"@type\":\"ImageObject\",\"inLanguage\":\"pt-BR\",\"@id\":\"https:\/\/www.manaus.am.gov.br\/semasc\/#\/schema\/person\/image\/\",\"url\":\"https:\/\/secure.gravatar.com\/avatar\/3c196cf9d3b837b24c8edb2c50fd8f29?s=96&d=mm&r=g\",\"contentUrl\":\"https:\/\/secure.gravatar.com\/avatar\/3c196cf9d3b837b24c8edb2c50fd8f29?s=96&d=mm&r=g\",\"caption\":\"Renata Felix\"}}]}<\/script>\n<!-- \/ Yoast SEO plugin. -->","yoast_head_json":{"title":"P\u00fablico poder\u00e1 conferir artesanato criativo e regional no #SouManaus 2023 - SEMASC","robots":{"index":"noindex","follow":"follow"},"og_locale":"pt_BR","og_type":"article","og_title":"P\u00fablico poder\u00e1 conferir artesanato criativo e regional no #SouManaus 2023 - SEMASC","og_url":"https:\/\/www.manaus.am.gov.br\/semasc\/publico-podera-conferir-artesanato-criativo-e-regional-no-soumanaus-2023\/","og_site_name":"SEMASC","article_publisher":"https:\/\/www.facebook.com\/semascmanaus","article_published_time":"2023-09-01T20:17:24+00:00","article_modified_time":"2023-11-24T21:41:48+00:00","og_image":[{"width":800,"height":449,"url":"https:\/\/www.manaus.am.gov.br\/semasc\/wp-content\/uploads\/sites\/17\/2023\/11\/52340213710_78f3f25ec1_c.jpg","type":"image\/jpeg"}],"author":"Renata Felix","twitter_card":"summary_large_image","twitter_misc":{"Written by":"Renata Felix","Est. reading time":"5 minutos"},"schema":{"@context":"https:\/\/schema.org","@graph":[{"@type":"Article","@id":"https:\/\/www.manaus.am.gov.br\/semasc\/publico-podera-conferir-artesanato-criativo-e-regional-no-soumanaus-2023\/#article","isPartOf":{"@id":"https:\/\/www.manaus.am.gov.br\/semasc\/publico-podera-conferir-artesanato-criativo-e-regional-no-soumanaus-2023\/"},"author":{"name":"Renata Felix","@id":"https:\/\/www.manaus.am.gov.br\/semasc\/#\/schema\/person\/4eea2a8f78dc853097abb026f728aa06"},"headline":"P\u00fablico poder\u00e1 conferir artesanato criativo e regional no #SouManaus 2023","datePublished":"2023-09-01T20:17:24+00:00","dateModified":"2023-11-24T21:41:48+00:00","mainEntityOfPage":{"@id":"https:\/\/www.manaus.am.gov.br\/semasc\/publico-podera-conferir-artesanato-criativo-e-regional-no-soumanaus-2023\/"},"wordCount":815,"publisher":{"@id":"https:\/\/www.manaus.am.gov.br\/semasc\/#organization"},"image":{"@id":"https:\/\/www.manaus.am.gov.br\/semasc\/publico-podera-conferir-artesanato-criativo-e-regional-no-soumanaus-2023\/#primaryimage"},"thumbnailUrl":"https:\/\/www.manaus.am.gov.br\/semasc\/wp-content\/uploads\/sites\/17\/2023\/11\/52340213710_78f3f25ec1_c.jpg","keywords":["#SouManaus Passo a Pa\u00e7o 2023","artesanato","artesanato regional","Vitrine de Artesanato e Economia Criativa"],"articleSection":["#SouManaus"],"inLanguage":"pt-BR"},{"@type":"WebPage","@id":"https:\/\/www.manaus.am.gov.br\/semasc\/publico-podera-conferir-artesanato-criativo-e-regional-no-soumanaus-2023\/","url":"https:\/\/www.manaus.am.gov.br\/semasc\/publico-podera-conferir-artesanato-criativo-e-regional-no-soumanaus-2023\/","name":"P\u00fablico poder\u00e1 conferir artesanato criativo e regional no #SouManaus 2023 - SEMASC","isPartOf":{"@id":"https:\/\/www.manaus.am.gov.br\/semasc\/#website"},"primaryImageOfPage":{"@id":"https:\/\/www.manaus.am.gov.br\/semasc\/publico-podera-conferir-artesanato-criativo-e-regional-no-soumanaus-2023\/#primaryimage"},"image":{"@id":"https:\/\/www.manaus.am.gov.br\/semasc\/publico-podera-conferir-artesanato-criativo-e-regional-no-soumanaus-2023\/#primaryimage"},"thumbnailUrl":"https:\/\/www.manaus.am.gov.br\/semasc\/wp-content\/uploads\/sites\/17\/2023\/11\/52340213710_78f3f25ec1_c.jpg","datePublished":"2023-09-01T20:17:24+00:00","dateModified":"2023-11-24T21:41:48+00:00","breadcrumb":{"@id":"https:\/\/www.manaus.am.gov.br\/semasc\/publico-podera-conferir-artesanato-criativo-e-regional-no-soumanaus-2023\/#breadcrumb"},"inLanguage":"pt-BR","potentialAction":[{"@type":"ReadAction","target":["https:\/\/www.manaus.am.gov.br\/semasc\/publico-podera-conferir-artesanato-criativo-e-regional-no-soumanaus-2023\/"]}]},{"@type":"ImageObject","inLanguage":"pt-BR","@id":"https:\/\/www.manaus.am.gov.br\/semasc\/publico-podera-conferir-artesanato-criativo-e-regional-no-soumanaus-2023\/#primaryimage","url":"https:\/\/www.manaus.am.gov.br\/semasc\/wp-content\/uploads\/sites\/17\/2023\/11\/52340213710_78f3f25ec1_c.jpg","contentUrl":"https:\/\/www.manaus.am.gov.br\/semasc\/wp-content\/uploads\/sites\/17\/2023\/11\/52340213710_78f3f25ec1_c.jpg","width":800,"height":449},{"@type":"BreadcrumbList","@id":"https:\/\/www.manaus.am.gov.br\/semasc\/publico-podera-conferir-artesanato-criativo-e-regional-no-soumanaus-2023\/#breadcrumb","itemListElement":[{"@type":"ListItem","position":1,"name":"Home","item":"https:\/\/www.manaus.am.gov.br\/semasc\/"},{"@type":"ListItem","position":2,"name":"P\u00fablico poder\u00e1 conferir artesanato criativo e regional no #SouManaus 2023"}]},{"@type":"WebSite","@id":"https:\/\/www.manaus.am.gov.br\/semasc\/#website","url":"https:\/\/www.manaus.am.gov.br\/semasc\/","name":"SEMASC","description":"Secretaria Municipal da Mulher, Assist\u00eancia Social e Cidadania.","publisher":{"@id":"https:\/\/www.manaus.am.gov.br\/semasc\/#organization"},"alternateName":"Secretaria Municipal da Mulher, Assist\u00eancia Social e Cidadania","potentialAction":[{"@type":"SearchAction","target":{"@type":"EntryPoint","urlTemplate":"https:\/\/www.manaus.am.gov.br\/semasc\/?s={search_term_string}"},"query-input":"required name=search_term_string"}],"inLanguage":"pt-BR"},{"@type":"Organization","@id":"https:\/\/www.manaus.am.gov.br\/semasc\/#organization","name":"Prefeitura de Manaus","alternateName":"Prefeitura Municipal de Manaus","url":"https:\/\/www.manaus.am.gov.br\/semasc\/","logo":{"@type":"ImageObject","inLanguage":"pt-BR","@id":"https:\/\/www.manaus.am.gov.br\/semasc\/#\/schema\/logo\/image\/","url":"https:\/\/www.manaus.am.gov.br\/semasc\/wp-content\/uploads\/sites\/17\/2024\/07\/favicon.png","contentUrl":"https:\/\/www.manaus.am.gov.br\/semasc\/wp-content\/uploads\/sites\/17\/2024\/07\/favicon.png","width":300,"height":300,"caption":"Prefeitura de Manaus"},"image":{"@id":"https:\/\/www.manaus.am.gov.br\/semasc\/#\/schema\/logo\/image\/"},"sameAs":["https:\/\/www.facebook.com\/semascmanaus","https:\/\/www.instagram.com\/semascmanaus\/"]},{"@type":"Person","@id":"https:\/\/www.manaus.am.gov.br\/semasc\/#\/schema\/person\/4eea2a8f78dc853097abb026f728aa06","name":"Renata Felix","image":{"@type":"ImageObject","inLanguage":"pt-BR","@id":"https:\/\/www.manaus.am.gov.br\/semasc\/#\/schema\/person\/image\/","url":"https:\/\/secure.gravatar.com\/avatar\/3c196cf9d3b837b24c8edb2c50fd8f29?s=96&d=mm&r=g","contentUrl":"https:\/\/secure.gravatar.com\/avatar\/3c196cf9d3b837b24c8edb2c50fd8f29?s=96&d=mm&r=g","caption":"Renata Felix"}}]}},"_links":{"self":[{"href":"https:\/\/www.manaus.am.gov.br\/semasc\/wp-json\/wp\/v2\/posts\/209314"}],"collection":[{"href":"https:\/\/www.manaus.am.gov.br\/semasc\/wp-json\/wp\/v2\/posts"}],"about":[{"href":"https:\/\/www.manaus.am.gov.br\/semasc\/wp-json\/wp\/v2\/types\/post"}],"author":[{"embeddable":true,"href":"https:\/\/www.manaus.am.gov.br\/semasc\/wp-json\/wp\/v2\/users\/31"}],"replies":[{"embeddable":true,"href":"https:\/\/www.manaus.am.gov.br\/semasc\/wp-json\/wp\/v2\/comments?post=209314"}],"version-history":[{"count":0,"href":"https:\/\/www.manaus.am.gov.br\/semasc\/wp-json\/wp\/v2\/posts\/209314\/revisions"}],"wp:featuredmedia":[{"embeddable":true,"href":"https:\/\/www.manaus.am.gov.br\/semasc\/wp-json\/wp\/v2\/media\/209315"}],"wp:attachment":[{"href":"https:\/\/www.manaus.am.gov.br\/semasc\/wp-json\/wp\/v2\/media?parent=209314"}],"wp:term":[{"taxonomy":"category","embeddable":true,"href":"https:\/\/www.manaus.am.gov.br\/semasc\/wp-json\/wp\/v2\/categories?post=209314"},{"taxonomy":"post_tag","embeddable":true,"href":"https:\/\/www.manaus.am.gov.br\/semasc\/wp-json\/wp\/v2\/tags?post=209314"}],"curies":[{"name":"wp","href":"https:\/\/api.w.org\/{rel}","templated":true}]}}