{"id":209309,"date":"2023-09-06T20:44:03","date_gmt":"2023-09-07T00:44:03","guid":{"rendered":"https:\/\/www.manaus.am.gov.br\/semasc\/prefeito-faz-balanco-da-primeira-noite-do-soumanaus-2023-e-destaca-publico-de-mais-de-170-mil-pessoas\/"},"modified":"2023-11-24T17:35:54","modified_gmt":"2023-11-24T21:35:54","slug":"prefeito-faz-balanco-da-primeira-noite-do-soumanaus-2023-e-destaca-publico-de-mais-de-170-mil-pessoas","status":"publish","type":"post","link":"https:\/\/www.manaus.am.gov.br\/semasc\/prefeito-faz-balanco-da-primeira-noite-do-soumanaus-2023-e-destaca-publico-de-mais-de-170-mil-pessoas\/","title":{"rendered":"Prefeito faz balan\u00e7o da primeira noite do \u2018#SouManaus 2023\u2019 e destaca p\u00fablico de mais de 170 mil pessoas"},"content":{"rendered":"\n<p>Mais de 170 mil pessoas participaram da primeira noite do maior festival de artes integradas do Norte do pa\u00eds, o \u201c#SouManaus Passo a Pa\u00e7o 2023\u201d, realizado pela Prefeitura de Manaus, no centro hist\u00f3rico da cidade. O balan\u00e7o do evento foi feito pelo prefeito David Almeida, nesta quarta-feira, 6\/9, durante coletiva de imprensa.<\/p>\n\n\n\n<p>Segundo o chefe do Executivo Municipal, a primeira noite do festival foi um sucesso e j\u00e1 se consolida como um evento de sucesso para todos os p\u00fablicos.<\/p>\n\n\n\n<p>\u201cOntem n\u00f3s tivemos um espet\u00e1culo surreal, n\u00f3s vamos ter que nos esfor\u00e7ar muito para igualar e ultrapassar no ano que vem a noite passada. N\u00f3s j\u00e1 estamos em tratativas para que possamos oferecer na pr\u00f3xima edi\u00e7\u00e3o mais do que entregamos este ano. N\u00f3s tivemos, no per\u00edmetro de 44 mil quadrados, mais de 170 mil pessoas circulando, e hoje a estimativa \u00e9 a mesma e a gente vai torcer para que a gente alcance\u201d, garantiu Almeida.<\/p>\n\n\n\n<p>Na ocasi\u00e3o, o prefeito acentuou, tamb\u00e9m, o objetivo de colocar Manaus na mira das cidades de grandes eventos, devido ao sucesso da execu\u00e7\u00e3o do \u201c#SouManaus 2023\u201d.<\/p>\n\n\n\n<p>\u201c\u00c9 um crescente a cada ano, ano passado foi um sucesso, este ano est\u00e1 sendo um megassucesso e n\u00f3s queremos continuar nesse crescente, porque Manaus merece grandes eventos. Esse povo \u00e9 ordeiro, ontem veio para o evento, veio para brincar, veio para se divertir, n\u00e3o tivemos registro de furto, de roubos, de problemas, de confus\u00e3o, de brigas, foi uma festa ordeira, bem nos moldes do povo desta cidade, povo que gosta da arte, que gosta da cultura\u201d, completou.<\/p>\n\n\n\n<h2 class=\"wp-block-heading\">Monitoramento<\/h2>\n\n\n\n<p>Durante todo o festival, o Centro de Coopera\u00e7\u00e3o da Cidade (CCC) trabalha de forma integrada com todo o colegiado municipal e mais de 110 c\u00e2meras, de \u00faltima gera\u00e7\u00e3o, fixas e m\u00f3veis, do modelo PTZ (Pan, Tilt e Zoom) e Multisenssor panor\u00e2mica, que realizam o monitoramento 24 horas, em todo o per\u00edmetro do centro da cidade. Al\u00e9m do monitoramento por c\u00e2meras, o CCC tamb\u00e9m realiza o monitoramento a\u00e9reo, por meio de dois drones que sobrevoam nos sete palcos e nos demais espa\u00e7os de entretenimento comum \u00e0 popula\u00e7\u00e3o.<\/p>\n\n\n\n<p>O novo sistema de monitoramento inteligente faz reconhecimento de pessoas e ve\u00edculos em movimento. A implementa\u00e7\u00e3o desse videomonitoramento \u00e9 novidade e est\u00e1 modernizando os procedimentos de fiscaliza\u00e7\u00e3o em todas as zonas da capital amazonense.<\/p>\n\n\n\n<p>Integraram o colegiado da Matriz de Responsabilidade do \u201d#SouManaus 2023\u201d, representantes das esferas municipais, estaduais e federais: a Funda\u00e7\u00e3o Municipal de Cultura, Turismo e Eventos (Manauscult), Secretaria Municipal de Seguran\u00e7a P\u00fablica e Defesa Social (Semseg), Seguran\u00e7a P\u00fablica (Seagi\/SSP-AM), Pol\u00edcia Militar (PM-AM), Pol\u00edcia Civil (PC-AM), Secretaria Municipal de Trabalho, Empreendedorismo e Inova\u00e7\u00e3o (Semtepi), Instituto Municipal de Planejamento Urbano (Implurb), Secretaria Municipal Limpeza Urbana (Semulsp), Secretaria Municipal de Agricultura, Abastecimento, Centro e Com\u00e9rcio Informal (Semacc), Casa Militar, Instituto Municipal de Mobilidade Urbana (IMMU), Vara da Inf\u00e2ncia e Juventude Infracional (TJ-AM), Secretaria de Estado e Gest\u00e3o (Sead), Instituto do Patrim\u00f4nio Hist\u00f3rico e Art\u00edstico Nacional (Iphan), Capitania Fluvial da Amaz\u00f4nia Ocidental (CFAOC), Secretaria Municipal de Comunica\u00e7\u00e3o (Semcom), UGPM-Energia (Seminf),&nbsp;Funda\u00e7\u00e3o de Vigil\u00e2ncia em Sa\u00fade do Amazonas (FVS-RCP\/AM), Estado e Administra\u00e7\u00e3o Penitenci\u00e1ria (Seap), Pol\u00edcia T\u00e9cnico-Cient\u00edfica (DPTC-AM), Secretaria Municipal da Mulher, Assist\u00eancia Social e Cidadania (Semasc), Secretaria de&nbsp;Estado Justi\u00e7a e Direitos Humanos (Sejusc), Assist\u00eancia Social (Seas), Vigil\u00e2ncia Sanit\u00e1ria Municipal (Visa Manaus) Sa\u00fade (Semsa e SES).<\/p>\n\n\n\n<h2 class=\"wp-block-heading\">Seguran\u00e7a<\/h2>\n\n\n\n<p>As equipes da Secretaria Municipal de Seguran\u00e7a P\u00fablica e Defesa Social (Semseg), tamb\u00e9m trabalham para a execu\u00e7\u00e3o de festival tranquilo. Na primeira noite, servidores da pasta interceptaram e prenderam, em flagrante, um indiv\u00edduo de 33 anos, comercializando pulseiras falsificadas na entrada de um dos palcos do evento. O fato ocorreu por volta das 21h. Em seguida, o infrator foi conduzido \u00e0 Delegacia M\u00f3vel da Pol\u00edcia Civil do Estado, onde foram realizados os procedimentos cab\u00edveis pela autoridade policial competente.<\/p>\n\n\n\n<p>&#8212; &#8212; &#8212;<\/p>\n\n\n\n<p><strong>Texto <\/strong>\u2013 &nbsp;Beathriz Torres \/ Semcom, Samira El kebbe \/ CCC e Divulga\u00e7\u00e3o \/ Semseg<\/p>\n\n\n\n<p><strong>Foto \u2013 <\/strong>Dhyeizo Lemos \/ Semcom<\/p>\n","protected":false},"excerpt":{"rendered":"","protected":false},"author":39,"featured_media":209310,"comment_status":"closed","ping_status":"closed","sticky":false,"template":"","format":"standard","meta":{"footnotes":""},"categories":[383],"tags":[416,673,274,7,674],"acf":[],"yoast_head":"<!-- This site is optimized with the Yoast SEO plugin v23.0 - https:\/\/yoast.com\/wordpress\/plugins\/seo\/ -->\n<title>Prefeito faz balan\u00e7o da primeira noite do \u2018#SouManaus 2023\u2019 e destaca p\u00fablico de mais de 170 mil pessoas<\/title>\n<meta name=\"description\" content=\"Mais de 170 mil pessoas participaram da primeira noite do maior festival de artes integradas do Norte do pa\u00eds, o \u201c#SouManaus Passo a Pa\u00e7o 2023\u201d, realizado pela Prefeitura de Manaus, no centro hist\u00f3rico da cidade. O balan\u00e7o do evento foi feito pelo prefeito David Almeida, nesta quarta-feira, 6\/9, durante coletiva de imprensa.\" \/>\n<meta name=\"robots\" content=\"noindex, follow\" \/>\n<meta property=\"og:locale\" content=\"pt_BR\" \/>\n<meta property=\"og:type\" content=\"article\" \/>\n<meta property=\"og:title\" content=\"Prefeito faz balan\u00e7o da primeira noite do \u2018#SouManaus 2023\u2019 e destaca p\u00fablico de mais de 170 mil pessoas\" \/>\n<meta property=\"og:description\" content=\"Mais de 170 mil pessoas participaram da primeira noite do maior festival de artes integradas do Norte do pa\u00eds, o \u201c#SouManaus Passo a Pa\u00e7o 2023\u201d, realizado pela Prefeitura de Manaus, no centro hist\u00f3rico da cidade. O balan\u00e7o do evento foi feito pelo prefeito David Almeida, nesta quarta-feira, 6\/9, durante coletiva de imprensa.\" \/>\n<meta property=\"og:url\" content=\"https:\/\/www.manaus.am.gov.br\/semasc\/prefeito-faz-balanco-da-primeira-noite-do-soumanaus-2023-e-destaca-publico-de-mais-de-170-mil-pessoas\/\" \/>\n<meta property=\"og:site_name\" content=\"SEMASC\" \/>\n<meta property=\"article:publisher\" content=\"https:\/\/www.facebook.com\/semascmanaus\" \/>\n<meta property=\"article:published_time\" content=\"2023-09-07T00:44:03+00:00\" \/>\n<meta property=\"article:modified_time\" content=\"2023-11-24T21:35:54+00:00\" \/>\n<meta property=\"og:image\" content=\"https:\/\/www.manaus.am.gov.br\/semasc\/wp-content\/uploads\/sites\/17\/2023\/11\/DML_0076.jpg\" \/>\n\t<meta property=\"og:image:width\" content=\"2734\" \/>\n\t<meta property=\"og:image:height\" content=\"1823\" \/>\n\t<meta property=\"og:image:type\" content=\"image\/jpeg\" \/>\n<meta name=\"author\" content=\"Bruna Greco\" \/>\n<meta name=\"twitter:card\" content=\"summary_large_image\" \/>\n<meta name=\"twitter:label1\" content=\"Written by\" \/>\n\t<meta name=\"twitter:data1\" content=\"Bruna Greco\" \/>\n\t<meta name=\"twitter:label2\" content=\"Est. reading time\" \/>\n\t<meta name=\"twitter:data2\" content=\"4 minutos\" \/>\n<script type=\"application\/ld+json\" class=\"yoast-schema-graph\">{\"@context\":\"https:\/\/schema.org\",\"@graph\":[{\"@type\":\"Article\",\"@id\":\"https:\/\/www.manaus.am.gov.br\/semasc\/prefeito-faz-balanco-da-primeira-noite-do-soumanaus-2023-e-destaca-publico-de-mais-de-170-mil-pessoas\/#article\",\"isPartOf\":{\"@id\":\"https:\/\/www.manaus.am.gov.br\/semasc\/prefeito-faz-balanco-da-primeira-noite-do-soumanaus-2023-e-destaca-publico-de-mais-de-170-mil-pessoas\/\"},\"author\":{\"name\":\"Bruna Greco\",\"@id\":\"https:\/\/www.manaus.am.gov.br\/semasc\/#\/schema\/person\/05d223aea2bf115f9883a6ff3683d81b\"},\"headline\":\"Prefeito faz balan\u00e7o da primeira noite do \u2018#SouManaus 2023\u2019 e destaca p\u00fablico de mais de 170 mil pessoas\",\"datePublished\":\"2023-09-07T00:44:03+00:00\",\"dateModified\":\"2023-11-24T21:35:54+00:00\",\"mainEntityOfPage\":{\"@id\":\"https:\/\/www.manaus.am.gov.br\/semasc\/prefeito-faz-balanco-da-primeira-noite-do-soumanaus-2023-e-destaca-publico-de-mais-de-170-mil-pessoas\/\"},\"wordCount\":718,\"publisher\":{\"@id\":\"https:\/\/www.manaus.am.gov.br\/semasc\/#organization\"},\"image\":{\"@id\":\"https:\/\/www.manaus.am.gov.br\/semasc\/prefeito-faz-balanco-da-primeira-noite-do-soumanaus-2023-e-destaca-publico-de-mais-de-170-mil-pessoas\/#primaryimage\"},\"thumbnailUrl\":\"https:\/\/www.manaus.am.gov.br\/semasc\/wp-content\/uploads\/sites\/17\/2023\/11\/DML_0076.jpg\",\"keywords\":[\"#SouManaus Passo a Pa\u00e7o 2023\",\"balan\u00e7o da primeira noite\",\"David Almeida\",\"prefeitura de manaus\",\"p\u00fablico de mais de 170 mil pessoas\"],\"articleSection\":[\"#SouManaus\"],\"inLanguage\":\"pt-BR\"},{\"@type\":\"WebPage\",\"@id\":\"https:\/\/www.manaus.am.gov.br\/semasc\/prefeito-faz-balanco-da-primeira-noite-do-soumanaus-2023-e-destaca-publico-de-mais-de-170-mil-pessoas\/\",\"url\":\"https:\/\/www.manaus.am.gov.br\/semasc\/prefeito-faz-balanco-da-primeira-noite-do-soumanaus-2023-e-destaca-publico-de-mais-de-170-mil-pessoas\/\",\"name\":\"Prefeito faz balan\u00e7o da primeira noite do \u2018#SouManaus 2023\u2019 e destaca p\u00fablico de mais de 170 mil pessoas\",\"isPartOf\":{\"@id\":\"https:\/\/www.manaus.am.gov.br\/semasc\/#website\"},\"primaryImageOfPage\":{\"@id\":\"https:\/\/www.manaus.am.gov.br\/semasc\/prefeito-faz-balanco-da-primeira-noite-do-soumanaus-2023-e-destaca-publico-de-mais-de-170-mil-pessoas\/#primaryimage\"},\"image\":{\"@id\":\"https:\/\/www.manaus.am.gov.br\/semasc\/prefeito-faz-balanco-da-primeira-noite-do-soumanaus-2023-e-destaca-publico-de-mais-de-170-mil-pessoas\/#primaryimage\"},\"thumbnailUrl\":\"https:\/\/www.manaus.am.gov.br\/semasc\/wp-content\/uploads\/sites\/17\/2023\/11\/DML_0076.jpg\",\"datePublished\":\"2023-09-07T00:44:03+00:00\",\"dateModified\":\"2023-11-24T21:35:54+00:00\",\"description\":\"Mais de 170 mil pessoas participaram da primeira noite do maior festival de artes integradas do Norte do pa\u00eds, o \u201c#SouManaus Passo a Pa\u00e7o 2023\u201d, realizado pela Prefeitura de Manaus, no centro hist\u00f3rico da cidade. O balan\u00e7o do evento foi feito pelo prefeito David Almeida, nesta quarta-feira, 6\/9, durante coletiva de imprensa.\",\"breadcrumb\":{\"@id\":\"https:\/\/www.manaus.am.gov.br\/semasc\/prefeito-faz-balanco-da-primeira-noite-do-soumanaus-2023-e-destaca-publico-de-mais-de-170-mil-pessoas\/#breadcrumb\"},\"inLanguage\":\"pt-BR\",\"potentialAction\":[{\"@type\":\"ReadAction\",\"target\":[\"https:\/\/www.manaus.am.gov.br\/semasc\/prefeito-faz-balanco-da-primeira-noite-do-soumanaus-2023-e-destaca-publico-de-mais-de-170-mil-pessoas\/\"]}]},{\"@type\":\"ImageObject\",\"inLanguage\":\"pt-BR\",\"@id\":\"https:\/\/www.manaus.am.gov.br\/semasc\/prefeito-faz-balanco-da-primeira-noite-do-soumanaus-2023-e-destaca-publico-de-mais-de-170-mil-pessoas\/#primaryimage\",\"url\":\"https:\/\/www.manaus.am.gov.br\/semasc\/wp-content\/uploads\/sites\/17\/2023\/11\/DML_0076.jpg\",\"contentUrl\":\"https:\/\/www.manaus.am.gov.br\/semasc\/wp-content\/uploads\/sites\/17\/2023\/11\/DML_0076.jpg\",\"width\":2734,\"height\":1823},{\"@type\":\"BreadcrumbList\",\"@id\":\"https:\/\/www.manaus.am.gov.br\/semasc\/prefeito-faz-balanco-da-primeira-noite-do-soumanaus-2023-e-destaca-publico-de-mais-de-170-mil-pessoas\/#breadcrumb\",\"itemListElement\":[{\"@type\":\"ListItem\",\"position\":1,\"name\":\"Home\",\"item\":\"https:\/\/www.manaus.am.gov.br\/semasc\/\"},{\"@type\":\"ListItem\",\"position\":2,\"name\":\"Prefeito faz balan\u00e7o da primeira noite do \u2018#SouManaus 2023\u2019 e destaca p\u00fablico de mais de 170 mil pessoas\"}]},{\"@type\":\"WebSite\",\"@id\":\"https:\/\/www.manaus.am.gov.br\/semasc\/#website\",\"url\":\"https:\/\/www.manaus.am.gov.br\/semasc\/\",\"name\":\"SEMASC\",\"description\":\"Secretaria Municipal da Mulher, Assist\u00eancia Social e Cidadania.\",\"publisher\":{\"@id\":\"https:\/\/www.manaus.am.gov.br\/semasc\/#organization\"},\"alternateName\":\"Secretaria Municipal da Mulher, Assist\u00eancia Social e Cidadania\",\"potentialAction\":[{\"@type\":\"SearchAction\",\"target\":{\"@type\":\"EntryPoint\",\"urlTemplate\":\"https:\/\/www.manaus.am.gov.br\/semasc\/?s={search_term_string}\"},\"query-input\":\"required name=search_term_string\"}],\"inLanguage\":\"pt-BR\"},{\"@type\":\"Organization\",\"@id\":\"https:\/\/www.manaus.am.gov.br\/semasc\/#organization\",\"name\":\"Prefeitura de Manaus\",\"alternateName\":\"Prefeitura Municipal de Manaus\",\"url\":\"https:\/\/www.manaus.am.gov.br\/semasc\/\",\"logo\":{\"@type\":\"ImageObject\",\"inLanguage\":\"pt-BR\",\"@id\":\"https:\/\/www.manaus.am.gov.br\/semasc\/#\/schema\/logo\/image\/\",\"url\":\"https:\/\/www.manaus.am.gov.br\/semasc\/wp-content\/uploads\/sites\/17\/2024\/07\/favicon.png\",\"contentUrl\":\"https:\/\/www.manaus.am.gov.br\/semasc\/wp-content\/uploads\/sites\/17\/2024\/07\/favicon.png\",\"width\":300,\"height\":300,\"caption\":\"Prefeitura de Manaus\"},\"image\":{\"@id\":\"https:\/\/www.manaus.am.gov.br\/semasc\/#\/schema\/logo\/image\/\"},\"sameAs\":[\"https:\/\/www.facebook.com\/semascmanaus\",\"https:\/\/www.instagram.com\/semascmanaus\/\"]},{\"@type\":\"Person\",\"@id\":\"https:\/\/www.manaus.am.gov.br\/semasc\/#\/schema\/person\/05d223aea2bf115f9883a6ff3683d81b\",\"name\":\"Bruna Greco\",\"image\":{\"@type\":\"ImageObject\",\"inLanguage\":\"pt-BR\",\"@id\":\"https:\/\/www.manaus.am.gov.br\/semasc\/#\/schema\/person\/image\/\",\"url\":\"https:\/\/secure.gravatar.com\/avatar\/9c877d1a6adc2a055330e5c09a8653ce?s=96&d=mm&r=g\",\"contentUrl\":\"https:\/\/secure.gravatar.com\/avatar\/9c877d1a6adc2a055330e5c09a8653ce?s=96&d=mm&r=g\",\"caption\":\"Bruna Greco\"}}]}<\/script>\n<!-- \/ Yoast SEO plugin. -->","yoast_head_json":{"title":"Prefeito faz balan\u00e7o da primeira noite do \u2018#SouManaus 2023\u2019 e destaca p\u00fablico de mais de 170 mil pessoas","description":"Mais de 170 mil pessoas participaram da primeira noite do maior festival de artes integradas do Norte do pa\u00eds, o \u201c#SouManaus Passo a Pa\u00e7o 2023\u201d, realizado pela Prefeitura de Manaus, no centro hist\u00f3rico da cidade. O balan\u00e7o do evento foi feito pelo prefeito David Almeida, nesta quarta-feira, 6\/9, durante coletiva de imprensa.","robots":{"index":"noindex","follow":"follow"},"og_locale":"pt_BR","og_type":"article","og_title":"Prefeito faz balan\u00e7o da primeira noite do \u2018#SouManaus 2023\u2019 e destaca p\u00fablico de mais de 170 mil pessoas","og_description":"Mais de 170 mil pessoas participaram da primeira noite do maior festival de artes integradas do Norte do pa\u00eds, o \u201c#SouManaus Passo a Pa\u00e7o 2023\u201d, realizado pela Prefeitura de Manaus, no centro hist\u00f3rico da cidade. O balan\u00e7o do evento foi feito pelo prefeito David Almeida, nesta quarta-feira, 6\/9, durante coletiva de imprensa.","og_url":"https:\/\/www.manaus.am.gov.br\/semasc\/prefeito-faz-balanco-da-primeira-noite-do-soumanaus-2023-e-destaca-publico-de-mais-de-170-mil-pessoas\/","og_site_name":"SEMASC","article_publisher":"https:\/\/www.facebook.com\/semascmanaus","article_published_time":"2023-09-07T00:44:03+00:00","article_modified_time":"2023-11-24T21:35:54+00:00","og_image":[{"width":2734,"height":1823,"url":"https:\/\/www.manaus.am.gov.br\/semasc\/wp-content\/uploads\/sites\/17\/2023\/11\/DML_0076.jpg","type":"image\/jpeg"}],"author":"Bruna Greco","twitter_card":"summary_large_image","twitter_misc":{"Written by":"Bruna Greco","Est. reading time":"4 minutos"},"schema":{"@context":"https:\/\/schema.org","@graph":[{"@type":"Article","@id":"https:\/\/www.manaus.am.gov.br\/semasc\/prefeito-faz-balanco-da-primeira-noite-do-soumanaus-2023-e-destaca-publico-de-mais-de-170-mil-pessoas\/#article","isPartOf":{"@id":"https:\/\/www.manaus.am.gov.br\/semasc\/prefeito-faz-balanco-da-primeira-noite-do-soumanaus-2023-e-destaca-publico-de-mais-de-170-mil-pessoas\/"},"author":{"name":"Bruna Greco","@id":"https:\/\/www.manaus.am.gov.br\/semasc\/#\/schema\/person\/05d223aea2bf115f9883a6ff3683d81b"},"headline":"Prefeito faz balan\u00e7o da primeira noite do \u2018#SouManaus 2023\u2019 e destaca p\u00fablico de mais de 170 mil pessoas","datePublished":"2023-09-07T00:44:03+00:00","dateModified":"2023-11-24T21:35:54+00:00","mainEntityOfPage":{"@id":"https:\/\/www.manaus.am.gov.br\/semasc\/prefeito-faz-balanco-da-primeira-noite-do-soumanaus-2023-e-destaca-publico-de-mais-de-170-mil-pessoas\/"},"wordCount":718,"publisher":{"@id":"https:\/\/www.manaus.am.gov.br\/semasc\/#organization"},"image":{"@id":"https:\/\/www.manaus.am.gov.br\/semasc\/prefeito-faz-balanco-da-primeira-noite-do-soumanaus-2023-e-destaca-publico-de-mais-de-170-mil-pessoas\/#primaryimage"},"thumbnailUrl":"https:\/\/www.manaus.am.gov.br\/semasc\/wp-content\/uploads\/sites\/17\/2023\/11\/DML_0076.jpg","keywords":["#SouManaus Passo a Pa\u00e7o 2023","balan\u00e7o da primeira noite","David Almeida","prefeitura de manaus","p\u00fablico de mais de 170 mil pessoas"],"articleSection":["#SouManaus"],"inLanguage":"pt-BR"},{"@type":"WebPage","@id":"https:\/\/www.manaus.am.gov.br\/semasc\/prefeito-faz-balanco-da-primeira-noite-do-soumanaus-2023-e-destaca-publico-de-mais-de-170-mil-pessoas\/","url":"https:\/\/www.manaus.am.gov.br\/semasc\/prefeito-faz-balanco-da-primeira-noite-do-soumanaus-2023-e-destaca-publico-de-mais-de-170-mil-pessoas\/","name":"Prefeito faz balan\u00e7o da primeira noite do \u2018#SouManaus 2023\u2019 e destaca p\u00fablico de mais de 170 mil pessoas","isPartOf":{"@id":"https:\/\/www.manaus.am.gov.br\/semasc\/#website"},"primaryImageOfPage":{"@id":"https:\/\/www.manaus.am.gov.br\/semasc\/prefeito-faz-balanco-da-primeira-noite-do-soumanaus-2023-e-destaca-publico-de-mais-de-170-mil-pessoas\/#primaryimage"},"image":{"@id":"https:\/\/www.manaus.am.gov.br\/semasc\/prefeito-faz-balanco-da-primeira-noite-do-soumanaus-2023-e-destaca-publico-de-mais-de-170-mil-pessoas\/#primaryimage"},"thumbnailUrl":"https:\/\/www.manaus.am.gov.br\/semasc\/wp-content\/uploads\/sites\/17\/2023\/11\/DML_0076.jpg","datePublished":"2023-09-07T00:44:03+00:00","dateModified":"2023-11-24T21:35:54+00:00","description":"Mais de 170 mil pessoas participaram da primeira noite do maior festival de artes integradas do Norte do pa\u00eds, o \u201c#SouManaus Passo a Pa\u00e7o 2023\u201d, realizado pela Prefeitura de Manaus, no centro hist\u00f3rico da cidade. O balan\u00e7o do evento foi feito pelo prefeito David Almeida, nesta quarta-feira, 6\/9, durante coletiva de imprensa.","breadcrumb":{"@id":"https:\/\/www.manaus.am.gov.br\/semasc\/prefeito-faz-balanco-da-primeira-noite-do-soumanaus-2023-e-destaca-publico-de-mais-de-170-mil-pessoas\/#breadcrumb"},"inLanguage":"pt-BR","potentialAction":[{"@type":"ReadAction","target":["https:\/\/www.manaus.am.gov.br\/semasc\/prefeito-faz-balanco-da-primeira-noite-do-soumanaus-2023-e-destaca-publico-de-mais-de-170-mil-pessoas\/"]}]},{"@type":"ImageObject","inLanguage":"pt-BR","@id":"https:\/\/www.manaus.am.gov.br\/semasc\/prefeito-faz-balanco-da-primeira-noite-do-soumanaus-2023-e-destaca-publico-de-mais-de-170-mil-pessoas\/#primaryimage","url":"https:\/\/www.manaus.am.gov.br\/semasc\/wp-content\/uploads\/sites\/17\/2023\/11\/DML_0076.jpg","contentUrl":"https:\/\/www.manaus.am.gov.br\/semasc\/wp-content\/uploads\/sites\/17\/2023\/11\/DML_0076.jpg","width":2734,"height":1823},{"@type":"BreadcrumbList","@id":"https:\/\/www.manaus.am.gov.br\/semasc\/prefeito-faz-balanco-da-primeira-noite-do-soumanaus-2023-e-destaca-publico-de-mais-de-170-mil-pessoas\/#breadcrumb","itemListElement":[{"@type":"ListItem","position":1,"name":"Home","item":"https:\/\/www.manaus.am.gov.br\/semasc\/"},{"@type":"ListItem","position":2,"name":"Prefeito faz balan\u00e7o da primeira noite do \u2018#SouManaus 2023\u2019 e destaca p\u00fablico de mais de 170 mil pessoas"}]},{"@type":"WebSite","@id":"https:\/\/www.manaus.am.gov.br\/semasc\/#website","url":"https:\/\/www.manaus.am.gov.br\/semasc\/","name":"SEMASC","description":"Secretaria Municipal da Mulher, Assist\u00eancia Social e Cidadania.","publisher":{"@id":"https:\/\/www.manaus.am.gov.br\/semasc\/#organization"},"alternateName":"Secretaria Municipal da Mulher, Assist\u00eancia Social e Cidadania","potentialAction":[{"@type":"SearchAction","target":{"@type":"EntryPoint","urlTemplate":"https:\/\/www.manaus.am.gov.br\/semasc\/?s={search_term_string}"},"query-input":"required name=search_term_string"}],"inLanguage":"pt-BR"},{"@type":"Organization","@id":"https:\/\/www.manaus.am.gov.br\/semasc\/#organization","name":"Prefeitura de Manaus","alternateName":"Prefeitura Municipal de Manaus","url":"https:\/\/www.manaus.am.gov.br\/semasc\/","logo":{"@type":"ImageObject","inLanguage":"pt-BR","@id":"https:\/\/www.manaus.am.gov.br\/semasc\/#\/schema\/logo\/image\/","url":"https:\/\/www.manaus.am.gov.br\/semasc\/wp-content\/uploads\/sites\/17\/2024\/07\/favicon.png","contentUrl":"https:\/\/www.manaus.am.gov.br\/semasc\/wp-content\/uploads\/sites\/17\/2024\/07\/favicon.png","width":300,"height":300,"caption":"Prefeitura de Manaus"},"image":{"@id":"https:\/\/www.manaus.am.gov.br\/semasc\/#\/schema\/logo\/image\/"},"sameAs":["https:\/\/www.facebook.com\/semascmanaus","https:\/\/www.instagram.com\/semascmanaus\/"]},{"@type":"Person","@id":"https:\/\/www.manaus.am.gov.br\/semasc\/#\/schema\/person\/05d223aea2bf115f9883a6ff3683d81b","name":"Bruna Greco","image":{"@type":"ImageObject","inLanguage":"pt-BR","@id":"https:\/\/www.manaus.am.gov.br\/semasc\/#\/schema\/person\/image\/","url":"https:\/\/secure.gravatar.com\/avatar\/9c877d1a6adc2a055330e5c09a8653ce?s=96&d=mm&r=g","contentUrl":"https:\/\/secure.gravatar.com\/avatar\/9c877d1a6adc2a055330e5c09a8653ce?s=96&d=mm&r=g","caption":"Bruna Greco"}}]}},"_links":{"self":[{"href":"https:\/\/www.manaus.am.gov.br\/semasc\/wp-json\/wp\/v2\/posts\/209309"}],"collection":[{"href":"https:\/\/www.manaus.am.gov.br\/semasc\/wp-json\/wp\/v2\/posts"}],"about":[{"href":"https:\/\/www.manaus.am.gov.br\/semasc\/wp-json\/wp\/v2\/types\/post"}],"author":[{"embeddable":true,"href":"https:\/\/www.manaus.am.gov.br\/semasc\/wp-json\/wp\/v2\/users\/39"}],"replies":[{"embeddable":true,"href":"https:\/\/www.manaus.am.gov.br\/semasc\/wp-json\/wp\/v2\/comments?post=209309"}],"version-history":[{"count":0,"href":"https:\/\/www.manaus.am.gov.br\/semasc\/wp-json\/wp\/v2\/posts\/209309\/revisions"}],"wp:featuredmedia":[{"embeddable":true,"href":"https:\/\/www.manaus.am.gov.br\/semasc\/wp-json\/wp\/v2\/media\/209310"}],"wp:attachment":[{"href":"https:\/\/www.manaus.am.gov.br\/semasc\/wp-json\/wp\/v2\/media?parent=209309"}],"wp:term":[{"taxonomy":"category","embeddable":true,"href":"https:\/\/www.manaus.am.gov.br\/semasc\/wp-json\/wp\/v2\/categories?post=209309"},{"taxonomy":"post_tag","embeddable":true,"href":"https:\/\/www.manaus.am.gov.br\/semasc\/wp-json\/wp\/v2\/tags?post=209309"}],"curies":[{"name":"wp","href":"https:\/\/api.w.org\/{rel}","templated":true}]}}