{"id":209305,"date":"2023-09-19T10:27:35","date_gmt":"2023-09-19T14:27:35","guid":{"rendered":"https:\/\/www.manaus.am.gov.br\/semasc\/primavera-dos-museus-e-convite-para-visitar-exposicao-da-prefeitura-sobre-nosso-centro\/"},"modified":"2023-11-24T17:12:42","modified_gmt":"2023-11-24T21:12:42","slug":"primavera-dos-museus-e-convite-para-visitar-exposicao-da-prefeitura-sobre-nosso-centro","status":"publish","type":"post","link":"https:\/\/www.manaus.am.gov.br\/semasc\/primavera-dos-museus-e-convite-para-visitar-exposicao-da-prefeitura-sobre-nosso-centro\/","title":{"rendered":"Primavera dos Museus \u00e9 convite para visitar exposi\u00e7\u00e3o da prefeitura sobre \u2018Nosso Centro\u2019"},"content":{"rendered":"\n<p>A 17\u00aa Primavera dos Museus, organizada pela Prefeitura de Manaus, via&nbsp;Funda\u00e7\u00e3o Municipal de Cultura, Turismo e Eventos (Manauscult), na capital amazonense, \u00e9 tamb\u00e9m um convite para o p\u00fablico prestigiar a exposi\u00e7\u00e3o \u201cVivendo o Nosso Centro\u201d, em cartaz no Museu da Cidade &nbsp;de Manaus (Muma), na rua Gabriel Salgado, s\/n\u00ba, pra\u00e7a Dom Pedro II, Centro, zona Sul.<\/p>\n\n\n\n<p>A mostra, que apresenta o programa \u201cNosso Centro\u201d&nbsp;aos visitantes, est\u00e1 exposta no&nbsp;<em>hall<\/em>&nbsp;do espa\u00e7o, podendo ser visitada de segunda a sexta-feira, das 9h \u00e0s 16h20 (encerra \u00e0s 17h). Grupos podem fazer agendamento pelo e-mail&nbsp;<a href=\"mailto:museu.manaus@gmail.com\" target=\"_blank\" rel=\"noreferrer noopener\">museu.manaus@gmail.com<\/a>.<\/p>\n\n\n\n<p>Como parte da programa\u00e7\u00e3o da Primavera dos Museus, que, neste ano,&nbsp;traz como tema &#8220;Mem\u00f3rias e democracia: pessoas LGBT+, ind\u00edgenas e quilombolas&#8221;,&nbsp;no dia 22, das 10h \u00e0s 11h30, tem visita mediada pelo diretor do museu, Leonardo Novellino, com o tema \u201cAldeia do Memorial Ind\u00edgena\u201d.<\/p>\n\n\n\n<p>Assim como o programa \u201cNosso Centro\u201d, o evento nacional, promovido pelo&nbsp;Instituto Brasileiro de Museus&nbsp;(Ibram),&nbsp;convida a refletir sobre inclus\u00e3o social e diversidade, fundamentais \u00e0 democracia, uma constru\u00e7\u00e3o feita a muitas m\u00e3os.<\/p>\n\n\n\n<p>\u201cA tem\u00e1tica democracia est\u00e1 sincronizada com o \u2018Nosso Centro\u2019, quando falamos da abordagem dos povos ind\u00edgenas, dos quilombolas, de todos os segmentos sociais contempor\u00e2neos em um fragmento urbano de contexto arqueol\u00f3gico, hist\u00f3rico, imaterial e material dos bens edificados, dentre outros. E entre os eixos do programa est\u00e1 justamente o \u2018Mais Hist\u00f3ria\u2019, que traz a cultura e a reabilita\u00e7\u00e3o urbana, o \u2018Mais Vida\u2019, e juntos fomentam o \u2018Mais Neg\u00f3cios\u2019, agregando aspectos da economia e da ocupa\u00e7\u00e3o\u201d, explicou a gerente de Patrim\u00f4nio Hist\u00f3rico do Instituto Municipal de Planejamento Urbano (Implurb), arquiteta e urbanista Melissa Toledo.<\/p>\n\n\n\n<p><strong>Reabilita\u00e7\u00e3o<\/strong><\/p>\n\n\n\n<p>A prefeitura tem atuado intensamente e sem medir recursos pr\u00f3prios para resgatar o centro hist\u00f3rico da capital com o \u201cNosso Centro\u201d, lan\u00e7ado pelo prefeito David Almeida.<\/p>\n\n\n\n<p>Os projetos, planos, programas e parte da hist\u00f3ria relacionada \u00e0 regi\u00e3o central deu origem a uma exposi\u00e7\u00e3o institucional e de educa\u00e7\u00e3o patrimonial que segue em cartaz no Museu da Cidade, com entrada gratuita, em pain\u00e9is montados para apresentar \u00e0 popula\u00e7\u00e3o, estudantes e visitantes t\u00e3o importante resgate do patrim\u00f4nio arquitet\u00f4nico, cultural e humano da cidade. A mostra foi organizada por equipe do&nbsp;Instituto Municipal de Planejamento Urbano&nbsp;(Implurb)&nbsp;e conta com apoio da&nbsp;Manauscult.<\/p>\n\n\n\n<p>O centro hist\u00f3rico \u00e9 tombado pelo Instituto do Patrim\u00f4nio Hist\u00f3rico e Art\u00edstico Nacional (Iphan) desde 2012,&nbsp;segundo o qual&nbsp;\u201capresenta uma por\u00e7\u00e3o urbana formada por edifica\u00e7\u00f5es do per\u00edodo \u00e1ureo, mesclada a edif\u00edcios modernos\u201d. Sua \u00e1rea tombada \u201crepresenta um dos maiores testemunhos de uma fase econ\u00f4mica \u00edmpar no Brasil: o per\u00edodo da borracha\u201d.<\/p>\n\n\n\n<p>Nos 15 pain\u00e9is expostos no museu, o p\u00fablico poder\u00e1 conferir os projetos desenvolvidos na gest\u00e3o David Almeida; as obras que est\u00e3o em constru\u00e7\u00e3o na \u00e1rea \u2013 mirante L\u00facia Almeida, casar\u00e3o Thiago de Mello e largo de S\u00e3o Vicente \u2013, que envolveram a desapropria\u00e7\u00e3o de seis im\u00f3veis; e os projetos em desenvolvimento, como a reforma e conserva\u00e7\u00e3o do Pal\u00e1cio Rio Branco, a reforma e reuso do Museu do Porto e os novos habitacionais propostos para o territ\u00f3rio.<\/p>\n\n\n\n<p>O programa \u201cNosso Centro\u201d busca meios de promover reformas e recupera\u00e7\u00e3o de im\u00f3veis abandonados ou sem uso, criando novas \u00e1reas de qualidade, como as que j\u00e1 est\u00e3o em obras entre o in\u00edcio da 7 de Setembro e a rua Bernardo Ramos. Mas tamb\u00e9m uma s\u00e9rie de a\u00e7\u00f5es para melhoria da governan\u00e7a, incentivos fiscais, inova\u00e7\u00e3o, habita\u00e7\u00e3o de interesse social e investimentos p\u00fablicos, envolvendo ainda a promo\u00e7\u00e3o de eventos culturais e economia criativa.<\/p>\n\n\n\n<p>Com um conjunto de 37 interven\u00e7\u00f5es desenhadas para quatro etapas, o programa tem arquitetura desenvolvida e coordena\u00e7\u00e3o do Implurb, com a\u00e7\u00e3o da&nbsp;Comiss\u00e3o&nbsp;T\u00e9cnica para Implementa\u00e7\u00e3o e Revitaliza\u00e7\u00e3o do Centro Hist\u00f3rico&nbsp;de&nbsp;Manaus. A comiss\u00e3o foi criada pelo Decreto Municipal n\u00ba 5.034\/2021 e conta com as secretarias municipais de de&nbsp;Finan\u00e7as e Tecnologia da Informa\u00e7\u00e3o (Semef);&nbsp;do&nbsp;Trabalho, Empreendedorismo e Inova\u00e7\u00e3o (Semtepi); da Mulher, Assist\u00eancia Social e Cidadania (Semasc);&nbsp;de Seguran\u00e7a P\u00fablica e Defesa Social (Semseg); e de Limpeza Urbana (Semulsp); al\u00e9m do Instituto Municipal de Mobilidade Urbana (IMMU) e da Manauscult.<\/p>\n\n\n\n<p><strong>O programa<\/strong><\/p>\n\n\n\n<p>O \u201cNosso Centro\u201d, como apresenta a exposi\u00e7\u00e3o, tem tr\u00eas eixos focais: \u201cMais Vida\u201d, \u201cMais Neg\u00f3cios\u201d e \u201cMais Hist\u00f3ria\u201d, e se soma a um conjunto arquitet\u00f4nico de grande relev\u00e2ncia para a cidade.<\/p>\n\n\n\n<p>&#8212; &#8212; &#8212;<\/p>\n\n\n\n<p><strong>Texto<\/strong>&nbsp;\u2013 Claudia do Valle\/Implurb<\/p>\n\n\n\n<p><strong>Fotos<\/strong>&nbsp;\u2013 Jo\u00e3o Viana\/Semcom<\/p>\n\n\n\n<p><strong>Dispon\u00edveis em<\/strong>&nbsp;&#8211;&nbsp;<a href=\"https:\/\/flic.kr\/s\/aHBqjAQmUE\" target=\"_blank\" rel=\"noreferrer noopener\">https:\/\/flic.kr\/s\/aHBqjAQmUE<\/a><\/p>\n","protected":false},"excerpt":{"rendered":"","protected":false},"author":23,"featured_media":209306,"comment_status":"closed","ping_status":"closed","sticky":false,"template":"","format":"standard","meta":{"footnotes":""},"categories":[177],"tags":[670,276,671,280,7,672],"acf":[],"yoast_head":"<!-- This site is optimized with the Yoast SEO plugin v23.0 - https:\/\/yoast.com\/wordpress\/plugins\/seo\/ -->\n<title>Primavera dos Museus \u00e9 convite para visitar exposi\u00e7\u00e3o da prefeitura sobre \u2018Nosso Centro\u2019<\/title>\n<meta name=\"description\" content=\"A 17\u00aa Primavera dos Museus, organizada pela Prefeitura de Manaus, via Funda\u00e7\u00e3o Municipal de Cultura, Turismo e Eventos (Manauscult), na capital amazonense, \u00e9 tamb\u00e9m um convite para o p\u00fablico prestigiar a exposi\u00e7\u00e3o \u201cVivendo o Nosso Centro\u201d, em cartaz no Museu da Cidade de Manaus (Muma), na rua Gabriel Salgado, s\/n\u00ba, pra\u00e7a Dom Pedro II, Centro, zona Sul.\" \/>\n<meta name=\"robots\" content=\"noindex, follow\" \/>\n<meta property=\"og:locale\" content=\"pt_BR\" \/>\n<meta property=\"og:type\" content=\"article\" \/>\n<meta property=\"og:title\" content=\"Primavera dos Museus \u00e9 convite para visitar exposi\u00e7\u00e3o da prefeitura sobre \u2018Nosso Centro\u2019\" \/>\n<meta property=\"og:description\" content=\"A 17\u00aa Primavera dos Museus, organizada pela Prefeitura de Manaus, via Funda\u00e7\u00e3o Municipal de Cultura, Turismo e Eventos (Manauscult), na capital amazonense, \u00e9 tamb\u00e9m um convite para o p\u00fablico prestigiar a exposi\u00e7\u00e3o \u201cVivendo o Nosso Centro\u201d, em cartaz no Museu da Cidade de Manaus (Muma), na rua Gabriel Salgado, s\/n\u00ba, pra\u00e7a Dom Pedro II, Centro, zona Sul.\" \/>\n<meta property=\"og:url\" content=\"https:\/\/www.manaus.am.gov.br\/semasc\/primavera-dos-museus-e-convite-para-visitar-exposicao-da-prefeitura-sobre-nosso-centro\/\" \/>\n<meta property=\"og:site_name\" content=\"SEMASC\" \/>\n<meta property=\"article:publisher\" content=\"https:\/\/www.facebook.com\/semascmanaus\" \/>\n<meta property=\"article:published_time\" content=\"2023-09-19T14:27:35+00:00\" \/>\n<meta property=\"article:modified_time\" content=\"2023-11-24T21:12:42+00:00\" \/>\n<meta property=\"og:image\" content=\"https:\/\/www.manaus.am.gov.br\/semasc\/wp-content\/uploads\/sites\/17\/2023\/11\/53102654506_dfb2210451_c.jpg\" \/>\n\t<meta property=\"og:image:width\" content=\"799\" \/>\n\t<meta property=\"og:image:height\" content=\"533\" \/>\n\t<meta property=\"og:image:type\" content=\"image\/jpeg\" \/>\n<meta name=\"author\" content=\"Adriana Costa\" \/>\n<meta name=\"twitter:card\" content=\"summary_large_image\" \/>\n<meta name=\"twitter:label1\" content=\"Written by\" \/>\n\t<meta name=\"twitter:data1\" content=\"Adriana Costa\" \/>\n\t<meta name=\"twitter:label2\" content=\"Est. reading time\" \/>\n\t<meta name=\"twitter:data2\" content=\"4 minutos\" \/>\n<script type=\"application\/ld+json\" class=\"yoast-schema-graph\">{\"@context\":\"https:\/\/schema.org\",\"@graph\":[{\"@type\":\"Article\",\"@id\":\"https:\/\/www.manaus.am.gov.br\/semasc\/primavera-dos-museus-e-convite-para-visitar-exposicao-da-prefeitura-sobre-nosso-centro\/#article\",\"isPartOf\":{\"@id\":\"https:\/\/www.manaus.am.gov.br\/semasc\/primavera-dos-museus-e-convite-para-visitar-exposicao-da-prefeitura-sobre-nosso-centro\/\"},\"author\":{\"name\":\"Adriana Costa\",\"@id\":\"https:\/\/www.manaus.am.gov.br\/semasc\/#\/schema\/person\/4e49f4e267757a06ca072ec61b2b9968\"},\"headline\":\"Primavera dos Museus \u00e9 convite para visitar exposi\u00e7\u00e3o da prefeitura sobre \u2018Nosso Centro\u2019\",\"datePublished\":\"2023-09-19T14:27:35+00:00\",\"dateModified\":\"2023-11-24T21:12:42+00:00\",\"mainEntityOfPage\":{\"@id\":\"https:\/\/www.manaus.am.gov.br\/semasc\/primavera-dos-museus-e-convite-para-visitar-exposicao-da-prefeitura-sobre-nosso-centro\/\"},\"wordCount\":837,\"publisher\":{\"@id\":\"https:\/\/www.manaus.am.gov.br\/semasc\/#organization\"},\"image\":{\"@id\":\"https:\/\/www.manaus.am.gov.br\/semasc\/primavera-dos-museus-e-convite-para-visitar-exposicao-da-prefeitura-sobre-nosso-centro\/#primaryimage\"},\"thumbnailUrl\":\"https:\/\/www.manaus.am.gov.br\/semasc\/wp-content\/uploads\/sites\/17\/2023\/11\/53102654506_dfb2210451_c.jpg\",\"keywords\":[\"exposi\u00e7\u00e3o\",\"Implurb\",\"museu\",\"nosso centro\",\"prefeitura de manaus\",\"Primavera dos Museus\"],\"articleSection\":[\"Programa\u00e7\u00e3o\"],\"inLanguage\":\"pt-BR\"},{\"@type\":\"WebPage\",\"@id\":\"https:\/\/www.manaus.am.gov.br\/semasc\/primavera-dos-museus-e-convite-para-visitar-exposicao-da-prefeitura-sobre-nosso-centro\/\",\"url\":\"https:\/\/www.manaus.am.gov.br\/semasc\/primavera-dos-museus-e-convite-para-visitar-exposicao-da-prefeitura-sobre-nosso-centro\/\",\"name\":\"Primavera dos Museus \u00e9 convite para visitar exposi\u00e7\u00e3o da prefeitura sobre \u2018Nosso Centro\u2019\",\"isPartOf\":{\"@id\":\"https:\/\/www.manaus.am.gov.br\/semasc\/#website\"},\"primaryImageOfPage\":{\"@id\":\"https:\/\/www.manaus.am.gov.br\/semasc\/primavera-dos-museus-e-convite-para-visitar-exposicao-da-prefeitura-sobre-nosso-centro\/#primaryimage\"},\"image\":{\"@id\":\"https:\/\/www.manaus.am.gov.br\/semasc\/primavera-dos-museus-e-convite-para-visitar-exposicao-da-prefeitura-sobre-nosso-centro\/#primaryimage\"},\"thumbnailUrl\":\"https:\/\/www.manaus.am.gov.br\/semasc\/wp-content\/uploads\/sites\/17\/2023\/11\/53102654506_dfb2210451_c.jpg\",\"datePublished\":\"2023-09-19T14:27:35+00:00\",\"dateModified\":\"2023-11-24T21:12:42+00:00\",\"description\":\"A 17\u00aa Primavera dos Museus, organizada pela Prefeitura de Manaus, via Funda\u00e7\u00e3o Municipal de Cultura, Turismo e Eventos (Manauscult), na capital amazonense, \u00e9 tamb\u00e9m um convite para o p\u00fablico prestigiar a exposi\u00e7\u00e3o \u201cVivendo o Nosso Centro\u201d, em cartaz no Museu da Cidade de Manaus (Muma), na rua Gabriel Salgado, s\/n\u00ba, pra\u00e7a Dom Pedro II, Centro, zona Sul.\",\"breadcrumb\":{\"@id\":\"https:\/\/www.manaus.am.gov.br\/semasc\/primavera-dos-museus-e-convite-para-visitar-exposicao-da-prefeitura-sobre-nosso-centro\/#breadcrumb\"},\"inLanguage\":\"pt-BR\",\"potentialAction\":[{\"@type\":\"ReadAction\",\"target\":[\"https:\/\/www.manaus.am.gov.br\/semasc\/primavera-dos-museus-e-convite-para-visitar-exposicao-da-prefeitura-sobre-nosso-centro\/\"]}]},{\"@type\":\"ImageObject\",\"inLanguage\":\"pt-BR\",\"@id\":\"https:\/\/www.manaus.am.gov.br\/semasc\/primavera-dos-museus-e-convite-para-visitar-exposicao-da-prefeitura-sobre-nosso-centro\/#primaryimage\",\"url\":\"https:\/\/www.manaus.am.gov.br\/semasc\/wp-content\/uploads\/sites\/17\/2023\/11\/53102654506_dfb2210451_c.jpg\",\"contentUrl\":\"https:\/\/www.manaus.am.gov.br\/semasc\/wp-content\/uploads\/sites\/17\/2023\/11\/53102654506_dfb2210451_c.jpg\",\"width\":799,\"height\":533},{\"@type\":\"BreadcrumbList\",\"@id\":\"https:\/\/www.manaus.am.gov.br\/semasc\/primavera-dos-museus-e-convite-para-visitar-exposicao-da-prefeitura-sobre-nosso-centro\/#breadcrumb\",\"itemListElement\":[{\"@type\":\"ListItem\",\"position\":1,\"name\":\"Home\",\"item\":\"https:\/\/www.manaus.am.gov.br\/semasc\/\"},{\"@type\":\"ListItem\",\"position\":2,\"name\":\"Primavera dos Museus \u00e9 convite para visitar exposi\u00e7\u00e3o da prefeitura sobre \u2018Nosso Centro\u2019\"}]},{\"@type\":\"WebSite\",\"@id\":\"https:\/\/www.manaus.am.gov.br\/semasc\/#website\",\"url\":\"https:\/\/www.manaus.am.gov.br\/semasc\/\",\"name\":\"SEMASC\",\"description\":\"Secretaria Municipal da Mulher, Assist\u00eancia Social e Cidadania.\",\"publisher\":{\"@id\":\"https:\/\/www.manaus.am.gov.br\/semasc\/#organization\"},\"alternateName\":\"Secretaria Municipal da Mulher, Assist\u00eancia Social e Cidadania\",\"potentialAction\":[{\"@type\":\"SearchAction\",\"target\":{\"@type\":\"EntryPoint\",\"urlTemplate\":\"https:\/\/www.manaus.am.gov.br\/semasc\/?s={search_term_string}\"},\"query-input\":\"required name=search_term_string\"}],\"inLanguage\":\"pt-BR\"},{\"@type\":\"Organization\",\"@id\":\"https:\/\/www.manaus.am.gov.br\/semasc\/#organization\",\"name\":\"Prefeitura de Manaus\",\"alternateName\":\"Prefeitura Municipal de Manaus\",\"url\":\"https:\/\/www.manaus.am.gov.br\/semasc\/\",\"logo\":{\"@type\":\"ImageObject\",\"inLanguage\":\"pt-BR\",\"@id\":\"https:\/\/www.manaus.am.gov.br\/semasc\/#\/schema\/logo\/image\/\",\"url\":\"https:\/\/www.manaus.am.gov.br\/semasc\/wp-content\/uploads\/sites\/17\/2024\/07\/favicon.png\",\"contentUrl\":\"https:\/\/www.manaus.am.gov.br\/semasc\/wp-content\/uploads\/sites\/17\/2024\/07\/favicon.png\",\"width\":300,\"height\":300,\"caption\":\"Prefeitura de Manaus\"},\"image\":{\"@id\":\"https:\/\/www.manaus.am.gov.br\/semasc\/#\/schema\/logo\/image\/\"},\"sameAs\":[\"https:\/\/www.facebook.com\/semascmanaus\",\"https:\/\/www.instagram.com\/semascmanaus\/\"]},{\"@type\":\"Person\",\"@id\":\"https:\/\/www.manaus.am.gov.br\/semasc\/#\/schema\/person\/4e49f4e267757a06ca072ec61b2b9968\",\"name\":\"Adriana Costa\",\"image\":{\"@type\":\"ImageObject\",\"inLanguage\":\"pt-BR\",\"@id\":\"https:\/\/www.manaus.am.gov.br\/semasc\/#\/schema\/person\/image\/\",\"url\":\"https:\/\/secure.gravatar.com\/avatar\/576258617ef7194f718179e766d57bd4?s=96&d=mm&r=g\",\"contentUrl\":\"https:\/\/secure.gravatar.com\/avatar\/576258617ef7194f718179e766d57bd4?s=96&d=mm&r=g\",\"caption\":\"Adriana Costa\"}}]}<\/script>\n<!-- \/ Yoast SEO plugin. -->","yoast_head_json":{"title":"Primavera dos Museus \u00e9 convite para visitar exposi\u00e7\u00e3o da prefeitura sobre \u2018Nosso Centro\u2019","description":"A 17\u00aa Primavera dos Museus, organizada pela Prefeitura de Manaus, via Funda\u00e7\u00e3o Municipal de Cultura, Turismo e Eventos (Manauscult), na capital amazonense, \u00e9 tamb\u00e9m um convite para o p\u00fablico prestigiar a exposi\u00e7\u00e3o \u201cVivendo o Nosso Centro\u201d, em cartaz no Museu da Cidade de Manaus (Muma), na rua Gabriel Salgado, s\/n\u00ba, pra\u00e7a Dom Pedro II, Centro, zona Sul.","robots":{"index":"noindex","follow":"follow"},"og_locale":"pt_BR","og_type":"article","og_title":"Primavera dos Museus \u00e9 convite para visitar exposi\u00e7\u00e3o da prefeitura sobre \u2018Nosso Centro\u2019","og_description":"A 17\u00aa Primavera dos Museus, organizada pela Prefeitura de Manaus, via Funda\u00e7\u00e3o Municipal de Cultura, Turismo e Eventos (Manauscult), na capital amazonense, \u00e9 tamb\u00e9m um convite para o p\u00fablico prestigiar a exposi\u00e7\u00e3o \u201cVivendo o Nosso Centro\u201d, em cartaz no Museu da Cidade de Manaus (Muma), na rua Gabriel Salgado, s\/n\u00ba, pra\u00e7a Dom Pedro II, Centro, zona Sul.","og_url":"https:\/\/www.manaus.am.gov.br\/semasc\/primavera-dos-museus-e-convite-para-visitar-exposicao-da-prefeitura-sobre-nosso-centro\/","og_site_name":"SEMASC","article_publisher":"https:\/\/www.facebook.com\/semascmanaus","article_published_time":"2023-09-19T14:27:35+00:00","article_modified_time":"2023-11-24T21:12:42+00:00","og_image":[{"width":799,"height":533,"url":"https:\/\/www.manaus.am.gov.br\/semasc\/wp-content\/uploads\/sites\/17\/2023\/11\/53102654506_dfb2210451_c.jpg","type":"image\/jpeg"}],"author":"Adriana Costa","twitter_card":"summary_large_image","twitter_misc":{"Written by":"Adriana Costa","Est. reading time":"4 minutos"},"schema":{"@context":"https:\/\/schema.org","@graph":[{"@type":"Article","@id":"https:\/\/www.manaus.am.gov.br\/semasc\/primavera-dos-museus-e-convite-para-visitar-exposicao-da-prefeitura-sobre-nosso-centro\/#article","isPartOf":{"@id":"https:\/\/www.manaus.am.gov.br\/semasc\/primavera-dos-museus-e-convite-para-visitar-exposicao-da-prefeitura-sobre-nosso-centro\/"},"author":{"name":"Adriana Costa","@id":"https:\/\/www.manaus.am.gov.br\/semasc\/#\/schema\/person\/4e49f4e267757a06ca072ec61b2b9968"},"headline":"Primavera dos Museus \u00e9 convite para visitar exposi\u00e7\u00e3o da prefeitura sobre \u2018Nosso Centro\u2019","datePublished":"2023-09-19T14:27:35+00:00","dateModified":"2023-11-24T21:12:42+00:00","mainEntityOfPage":{"@id":"https:\/\/www.manaus.am.gov.br\/semasc\/primavera-dos-museus-e-convite-para-visitar-exposicao-da-prefeitura-sobre-nosso-centro\/"},"wordCount":837,"publisher":{"@id":"https:\/\/www.manaus.am.gov.br\/semasc\/#organization"},"image":{"@id":"https:\/\/www.manaus.am.gov.br\/semasc\/primavera-dos-museus-e-convite-para-visitar-exposicao-da-prefeitura-sobre-nosso-centro\/#primaryimage"},"thumbnailUrl":"https:\/\/www.manaus.am.gov.br\/semasc\/wp-content\/uploads\/sites\/17\/2023\/11\/53102654506_dfb2210451_c.jpg","keywords":["exposi\u00e7\u00e3o","Implurb","museu","nosso centro","prefeitura de manaus","Primavera dos Museus"],"articleSection":["Programa\u00e7\u00e3o"],"inLanguage":"pt-BR"},{"@type":"WebPage","@id":"https:\/\/www.manaus.am.gov.br\/semasc\/primavera-dos-museus-e-convite-para-visitar-exposicao-da-prefeitura-sobre-nosso-centro\/","url":"https:\/\/www.manaus.am.gov.br\/semasc\/primavera-dos-museus-e-convite-para-visitar-exposicao-da-prefeitura-sobre-nosso-centro\/","name":"Primavera dos Museus \u00e9 convite para visitar exposi\u00e7\u00e3o da prefeitura sobre \u2018Nosso Centro\u2019","isPartOf":{"@id":"https:\/\/www.manaus.am.gov.br\/semasc\/#website"},"primaryImageOfPage":{"@id":"https:\/\/www.manaus.am.gov.br\/semasc\/primavera-dos-museus-e-convite-para-visitar-exposicao-da-prefeitura-sobre-nosso-centro\/#primaryimage"},"image":{"@id":"https:\/\/www.manaus.am.gov.br\/semasc\/primavera-dos-museus-e-convite-para-visitar-exposicao-da-prefeitura-sobre-nosso-centro\/#primaryimage"},"thumbnailUrl":"https:\/\/www.manaus.am.gov.br\/semasc\/wp-content\/uploads\/sites\/17\/2023\/11\/53102654506_dfb2210451_c.jpg","datePublished":"2023-09-19T14:27:35+00:00","dateModified":"2023-11-24T21:12:42+00:00","description":"A 17\u00aa Primavera dos Museus, organizada pela Prefeitura de Manaus, via Funda\u00e7\u00e3o Municipal de Cultura, Turismo e Eventos (Manauscult), na capital amazonense, \u00e9 tamb\u00e9m um convite para o p\u00fablico prestigiar a exposi\u00e7\u00e3o \u201cVivendo o Nosso Centro\u201d, em cartaz no Museu da Cidade de Manaus (Muma), na rua Gabriel Salgado, s\/n\u00ba, pra\u00e7a Dom Pedro II, Centro, zona Sul.","breadcrumb":{"@id":"https:\/\/www.manaus.am.gov.br\/semasc\/primavera-dos-museus-e-convite-para-visitar-exposicao-da-prefeitura-sobre-nosso-centro\/#breadcrumb"},"inLanguage":"pt-BR","potentialAction":[{"@type":"ReadAction","target":["https:\/\/www.manaus.am.gov.br\/semasc\/primavera-dos-museus-e-convite-para-visitar-exposicao-da-prefeitura-sobre-nosso-centro\/"]}]},{"@type":"ImageObject","inLanguage":"pt-BR","@id":"https:\/\/www.manaus.am.gov.br\/semasc\/primavera-dos-museus-e-convite-para-visitar-exposicao-da-prefeitura-sobre-nosso-centro\/#primaryimage","url":"https:\/\/www.manaus.am.gov.br\/semasc\/wp-content\/uploads\/sites\/17\/2023\/11\/53102654506_dfb2210451_c.jpg","contentUrl":"https:\/\/www.manaus.am.gov.br\/semasc\/wp-content\/uploads\/sites\/17\/2023\/11\/53102654506_dfb2210451_c.jpg","width":799,"height":533},{"@type":"BreadcrumbList","@id":"https:\/\/www.manaus.am.gov.br\/semasc\/primavera-dos-museus-e-convite-para-visitar-exposicao-da-prefeitura-sobre-nosso-centro\/#breadcrumb","itemListElement":[{"@type":"ListItem","position":1,"name":"Home","item":"https:\/\/www.manaus.am.gov.br\/semasc\/"},{"@type":"ListItem","position":2,"name":"Primavera dos Museus \u00e9 convite para visitar exposi\u00e7\u00e3o da prefeitura sobre \u2018Nosso Centro\u2019"}]},{"@type":"WebSite","@id":"https:\/\/www.manaus.am.gov.br\/semasc\/#website","url":"https:\/\/www.manaus.am.gov.br\/semasc\/","name":"SEMASC","description":"Secretaria Municipal da Mulher, Assist\u00eancia Social e Cidadania.","publisher":{"@id":"https:\/\/www.manaus.am.gov.br\/semasc\/#organization"},"alternateName":"Secretaria Municipal da Mulher, Assist\u00eancia Social e Cidadania","potentialAction":[{"@type":"SearchAction","target":{"@type":"EntryPoint","urlTemplate":"https:\/\/www.manaus.am.gov.br\/semasc\/?s={search_term_string}"},"query-input":"required name=search_term_string"}],"inLanguage":"pt-BR"},{"@type":"Organization","@id":"https:\/\/www.manaus.am.gov.br\/semasc\/#organization","name":"Prefeitura de Manaus","alternateName":"Prefeitura Municipal de Manaus","url":"https:\/\/www.manaus.am.gov.br\/semasc\/","logo":{"@type":"ImageObject","inLanguage":"pt-BR","@id":"https:\/\/www.manaus.am.gov.br\/semasc\/#\/schema\/logo\/image\/","url":"https:\/\/www.manaus.am.gov.br\/semasc\/wp-content\/uploads\/sites\/17\/2024\/07\/favicon.png","contentUrl":"https:\/\/www.manaus.am.gov.br\/semasc\/wp-content\/uploads\/sites\/17\/2024\/07\/favicon.png","width":300,"height":300,"caption":"Prefeitura de Manaus"},"image":{"@id":"https:\/\/www.manaus.am.gov.br\/semasc\/#\/schema\/logo\/image\/"},"sameAs":["https:\/\/www.facebook.com\/semascmanaus","https:\/\/www.instagram.com\/semascmanaus\/"]},{"@type":"Person","@id":"https:\/\/www.manaus.am.gov.br\/semasc\/#\/schema\/person\/4e49f4e267757a06ca072ec61b2b9968","name":"Adriana Costa","image":{"@type":"ImageObject","inLanguage":"pt-BR","@id":"https:\/\/www.manaus.am.gov.br\/semasc\/#\/schema\/person\/image\/","url":"https:\/\/secure.gravatar.com\/avatar\/576258617ef7194f718179e766d57bd4?s=96&d=mm&r=g","contentUrl":"https:\/\/secure.gravatar.com\/avatar\/576258617ef7194f718179e766d57bd4?s=96&d=mm&r=g","caption":"Adriana Costa"}}]}},"_links":{"self":[{"href":"https:\/\/www.manaus.am.gov.br\/semasc\/wp-json\/wp\/v2\/posts\/209305"}],"collection":[{"href":"https:\/\/www.manaus.am.gov.br\/semasc\/wp-json\/wp\/v2\/posts"}],"about":[{"href":"https:\/\/www.manaus.am.gov.br\/semasc\/wp-json\/wp\/v2\/types\/post"}],"author":[{"embeddable":true,"href":"https:\/\/www.manaus.am.gov.br\/semasc\/wp-json\/wp\/v2\/users\/23"}],"replies":[{"embeddable":true,"href":"https:\/\/www.manaus.am.gov.br\/semasc\/wp-json\/wp\/v2\/comments?post=209305"}],"version-history":[{"count":0,"href":"https:\/\/www.manaus.am.gov.br\/semasc\/wp-json\/wp\/v2\/posts\/209305\/revisions"}],"wp:featuredmedia":[{"embeddable":true,"href":"https:\/\/www.manaus.am.gov.br\/semasc\/wp-json\/wp\/v2\/media\/209306"}],"wp:attachment":[{"href":"https:\/\/www.manaus.am.gov.br\/semasc\/wp-json\/wp\/v2\/media?parent=209305"}],"wp:term":[{"taxonomy":"category","embeddable":true,"href":"https:\/\/www.manaus.am.gov.br\/semasc\/wp-json\/wp\/v2\/categories?post=209305"},{"taxonomy":"post_tag","embeddable":true,"href":"https:\/\/www.manaus.am.gov.br\/semasc\/wp-json\/wp\/v2\/tags?post=209305"}],"curies":[{"name":"wp","href":"https:\/\/api.w.org\/{rel}","templated":true}]}}