{"id":209303,"date":"2023-09-26T17:36:33","date_gmt":"2023-09-26T21:36:33","guid":{"rendered":"https:\/\/www.manaus.am.gov.br\/semasc\/prefeitura-de-manaus-desenvolve-plano-de-acao-para-o-enfrentamento-da-estiagem-na-capital\/"},"modified":"2023-11-24T17:09:17","modified_gmt":"2023-11-24T21:09:17","slug":"prefeitura-de-manaus-desenvolve-plano-de-acao-para-o-enfrentamento-da-estiagem-na-capital","status":"publish","type":"post","link":"https:\/\/www.manaus.am.gov.br\/semasc\/prefeitura-de-manaus-desenvolve-plano-de-acao-para-o-enfrentamento-da-estiagem-na-capital\/","title":{"rendered":"Prefeitura de Manaus desenvolve plano de a\u00e7\u00e3o para o enfrentamento da estiagem na capital"},"content":{"rendered":"\n<p>A Prefeitura de Manaus, por meio da Secretaria Executiva de Prote\u00e7\u00e3o e Defesa Civil Municipal (Sepdec), vinculada \u00e0 Secretaria Municipal de Seguran\u00e7a P\u00fablica e Defesa Social (Semseg), desenvolve plano de a\u00e7\u00e3o para minimizar os impactos causados \u00e0 popula\u00e7\u00e3o ribeirinha da capital com uma poss\u00edvel estiagem severa prevista para este ano. A Defesa Civil de Manaus est\u00e1 em estado de alerta e, desse modo, iniciou o planejamento para uma eventual crise.&nbsp;<\/p>\n\n\n\n<p>Nesta ter\u00e7a-feira, 26\/9, o n\u00edvel do rio Negro atingiu a marca de 16,74 metros, conforme medi\u00e7\u00e3o feita pelo porto de Manaus. Em 2022, neste mesmo dia, marcava 22,42 metros.<\/p>\n\n\n\n<p>De acordo com o titular da Semseg, S\u00e9rgio Fontes, servidores da Sepdec realizaram, na \u00faltima semana, visita t\u00e9cnica a 37 comunidades, cujos acessos se d\u00e3o exclusivamente por meio fluvial, tendo em vista a necessidade de se antecipar a um eventual estado de situa\u00e7\u00e3o de emerg\u00eancia, caso o n\u00edvel do rio Negro reduza a patamar cr\u00edtico.<\/p>\n\n\n\n<p>\u201cCaso a vazante continue se comportando da maneira atual, e tudo indica que deve continuar assim, o rio Negro poder\u00e1 chegar a uma cota abaixo dos 15 metros, ficando em um quadro entre as maiores estiagens hist\u00f3ricas da cidade. Em raz\u00e3o disso, estamos buscando auxiliar na execu\u00e7\u00e3o das a\u00e7\u00f5es, principalmente para a preven\u00e7\u00e3o, mitiga\u00e7\u00e3o, prepara\u00e7\u00e3o, resposta e recupera\u00e7\u00e3o\u201d, declarou Fontes.&nbsp;<\/p>\n\n\n\n<p>O secret\u00e1rio da Semseg disse, ainda, que as tratativas com o titular da Secretaria Municipal da Mulher, Assist\u00eancia Social e Cidadania (Semasc), Eduardo Lucas, e com o presidente do Fundo Manaus Solid\u00e1ria (FMS), Emerson Castro, est\u00e3o em andamento, para que possam tra\u00e7ar estrat\u00e9gias com que a ajuda humanit\u00e1ria chegue \u00e0s fam\u00edlias afetadas pela estiagem.<\/p>\n\n\n\n<p>Al\u00e9m das secretarias municipais, os trabalhos devem contar com o apoio do governo do Amazonas, por meio da Defesa Civil do Estado, al\u00e9m de \u00f3rg\u00e3os da esfera federal. A \u00faltima vazante recorde do rio Negro aconteceu em outubro de 2010, quando atingiu a cota de 13,63 metros.<\/p>\n\n\n\n<h2 class=\"wp-block-heading\">Estiagem<\/h2>\n\n\n\n<p>A estiagem na regi\u00e3o amaz\u00f4nica, enquanto desastre natural, caracteriza-se, al\u00e9m da falta de precipita\u00e7\u00f5es pluviom\u00e9tricas, pela descida das \u00e1guas dos rios em n\u00edveis que inviabilizem a navega\u00e7\u00e3o de barcos.<\/p>\n\n\n\n<p>Tamb\u00e9m tem rela\u00e7\u00e3o direta com a queda intensificada das reservas h\u00eddricas de superf\u00edcie e de subsuperf\u00edcie, que traz como consequ\u00eancia a vazante dos rios em fun\u00e7\u00e3o das perdas de volumes de \u00e1gua, prejudicando o ir e vir das fam\u00edlias, o escoamento de produ\u00e7\u00e3o e a pr\u00f3pria produ\u00e7\u00e3o de subsist\u00eancia, com o encarecimento dos alimentos e a dificuldade de obter prote\u00ednas por meio de pesca ou ca\u00e7a.&nbsp;<\/p>\n\n\n\n<p>&#8212; &#8212; &#8212;<\/p>\n\n\n\n<p><strong>Texto<\/strong> \u2013 Divulga\u00e7\u00e3o \/ Semseg<\/p>\n\n\n\n<p><strong>Fotos<\/strong> &#8211; Altermar Alcantara \/ Semseg<\/p>\n","protected":false},"excerpt":{"rendered":"","protected":false},"author":31,"featured_media":209304,"comment_status":"closed","ping_status":"closed","sticky":false,"template":"","format":"standard","meta":{"footnotes":""},"categories":[667],"tags":[158,668,669],"acf":[],"yoast_head":"<!-- This site is optimized with the Yoast SEO plugin v23.0 - https:\/\/yoast.com\/wordpress\/plugins\/seo\/ -->\n<title>Prefeitura de Manaus desenvolve plano de a\u00e7\u00e3o para o enfrentamento da estiagem na capital - SEMASC<\/title>\n<meta name=\"robots\" content=\"noindex, follow\" \/>\n<meta property=\"og:locale\" content=\"pt_BR\" \/>\n<meta property=\"og:type\" content=\"article\" \/>\n<meta property=\"og:title\" content=\"Prefeitura de Manaus desenvolve plano de a\u00e7\u00e3o para o enfrentamento da estiagem na capital - SEMASC\" \/>\n<meta property=\"og:url\" content=\"https:\/\/www.manaus.am.gov.br\/semasc\/prefeitura-de-manaus-desenvolve-plano-de-acao-para-o-enfrentamento-da-estiagem-na-capital\/\" \/>\n<meta property=\"og:site_name\" content=\"SEMASC\" \/>\n<meta property=\"article:publisher\" content=\"https:\/\/www.facebook.com\/semascmanaus\" \/>\n<meta property=\"article:published_time\" content=\"2023-09-26T21:36:33+00:00\" \/>\n<meta property=\"article:modified_time\" content=\"2023-11-24T21:09:17+00:00\" \/>\n<meta property=\"og:image\" content=\"https:\/\/www.manaus.am.gov.br\/semasc\/wp-content\/uploads\/sites\/17\/2023\/11\/52736943485_3968bf2f66_o-2-1024x683.jpg\" \/>\n\t<meta property=\"og:image:width\" content=\"1024\" \/>\n\t<meta property=\"og:image:height\" content=\"683\" \/>\n\t<meta property=\"og:image:type\" content=\"image\/jpeg\" \/>\n<meta name=\"author\" content=\"Renata Felix\" \/>\n<meta name=\"twitter:card\" content=\"summary_large_image\" \/>\n<meta name=\"twitter:label1\" content=\"Written by\" \/>\n\t<meta name=\"twitter:data1\" content=\"Renata Felix\" \/>\n\t<meta name=\"twitter:label2\" content=\"Est. reading time\" \/>\n\t<meta name=\"twitter:data2\" content=\"3 minutos\" \/>\n<script type=\"application\/ld+json\" class=\"yoast-schema-graph\">{\"@context\":\"https:\/\/schema.org\",\"@graph\":[{\"@type\":\"Article\",\"@id\":\"https:\/\/www.manaus.am.gov.br\/semasc\/prefeitura-de-manaus-desenvolve-plano-de-acao-para-o-enfrentamento-da-estiagem-na-capital\/#article\",\"isPartOf\":{\"@id\":\"https:\/\/www.manaus.am.gov.br\/semasc\/prefeitura-de-manaus-desenvolve-plano-de-acao-para-o-enfrentamento-da-estiagem-na-capital\/\"},\"author\":{\"name\":\"Renata Felix\",\"@id\":\"https:\/\/www.manaus.am.gov.br\/semasc\/#\/schema\/person\/4eea2a8f78dc853097abb026f728aa06\"},\"headline\":\"Prefeitura de Manaus desenvolve plano de a\u00e7\u00e3o para o enfrentamento da estiagem na capital\",\"datePublished\":\"2023-09-26T21:36:33+00:00\",\"dateModified\":\"2023-11-24T21:09:17+00:00\",\"mainEntityOfPage\":{\"@id\":\"https:\/\/www.manaus.am.gov.br\/semasc\/prefeitura-de-manaus-desenvolve-plano-de-acao-para-o-enfrentamento-da-estiagem-na-capital\/\"},\"wordCount\":487,\"publisher\":{\"@id\":\"https:\/\/www.manaus.am.gov.br\/semasc\/#organization\"},\"image\":{\"@id\":\"https:\/\/www.manaus.am.gov.br\/semasc\/prefeitura-de-manaus-desenvolve-plano-de-acao-para-o-enfrentamento-da-estiagem-na-capital\/#primaryimage\"},\"thumbnailUrl\":\"https:\/\/www.manaus.am.gov.br\/semasc\/wp-content\/uploads\/sites\/17\/2023\/11\/52736943485_3968bf2f66_o-2.jpg\",\"keywords\":[\"defesa civil\",\"enfrentamento da estiagem\",\"Plano de a\u00e7\u00e3o\"],\"articleSection\":[\"Planejamento\"],\"inLanguage\":\"pt-BR\"},{\"@type\":\"WebPage\",\"@id\":\"https:\/\/www.manaus.am.gov.br\/semasc\/prefeitura-de-manaus-desenvolve-plano-de-acao-para-o-enfrentamento-da-estiagem-na-capital\/\",\"url\":\"https:\/\/www.manaus.am.gov.br\/semasc\/prefeitura-de-manaus-desenvolve-plano-de-acao-para-o-enfrentamento-da-estiagem-na-capital\/\",\"name\":\"Prefeitura de Manaus desenvolve plano de a\u00e7\u00e3o para o enfrentamento da estiagem na capital - SEMASC\",\"isPartOf\":{\"@id\":\"https:\/\/www.manaus.am.gov.br\/semasc\/#website\"},\"primaryImageOfPage\":{\"@id\":\"https:\/\/www.manaus.am.gov.br\/semasc\/prefeitura-de-manaus-desenvolve-plano-de-acao-para-o-enfrentamento-da-estiagem-na-capital\/#primaryimage\"},\"image\":{\"@id\":\"https:\/\/www.manaus.am.gov.br\/semasc\/prefeitura-de-manaus-desenvolve-plano-de-acao-para-o-enfrentamento-da-estiagem-na-capital\/#primaryimage\"},\"thumbnailUrl\":\"https:\/\/www.manaus.am.gov.br\/semasc\/wp-content\/uploads\/sites\/17\/2023\/11\/52736943485_3968bf2f66_o-2.jpg\",\"datePublished\":\"2023-09-26T21:36:33+00:00\",\"dateModified\":\"2023-11-24T21:09:17+00:00\",\"breadcrumb\":{\"@id\":\"https:\/\/www.manaus.am.gov.br\/semasc\/prefeitura-de-manaus-desenvolve-plano-de-acao-para-o-enfrentamento-da-estiagem-na-capital\/#breadcrumb\"},\"inLanguage\":\"pt-BR\",\"potentialAction\":[{\"@type\":\"ReadAction\",\"target\":[\"https:\/\/www.manaus.am.gov.br\/semasc\/prefeitura-de-manaus-desenvolve-plano-de-acao-para-o-enfrentamento-da-estiagem-na-capital\/\"]}]},{\"@type\":\"ImageObject\",\"inLanguage\":\"pt-BR\",\"@id\":\"https:\/\/www.manaus.am.gov.br\/semasc\/prefeitura-de-manaus-desenvolve-plano-de-acao-para-o-enfrentamento-da-estiagem-na-capital\/#primaryimage\",\"url\":\"https:\/\/www.manaus.am.gov.br\/semasc\/wp-content\/uploads\/sites\/17\/2023\/11\/52736943485_3968bf2f66_o-2.jpg\",\"contentUrl\":\"https:\/\/www.manaus.am.gov.br\/semasc\/wp-content\/uploads\/sites\/17\/2023\/11\/52736943485_3968bf2f66_o-2.jpg\",\"width\":5184,\"height\":3456},{\"@type\":\"BreadcrumbList\",\"@id\":\"https:\/\/www.manaus.am.gov.br\/semasc\/prefeitura-de-manaus-desenvolve-plano-de-acao-para-o-enfrentamento-da-estiagem-na-capital\/#breadcrumb\",\"itemListElement\":[{\"@type\":\"ListItem\",\"position\":1,\"name\":\"Home\",\"item\":\"https:\/\/www.manaus.am.gov.br\/semasc\/\"},{\"@type\":\"ListItem\",\"position\":2,\"name\":\"Prefeitura de Manaus desenvolve plano de a\u00e7\u00e3o para o enfrentamento da estiagem na capital\"}]},{\"@type\":\"WebSite\",\"@id\":\"https:\/\/www.manaus.am.gov.br\/semasc\/#website\",\"url\":\"https:\/\/www.manaus.am.gov.br\/semasc\/\",\"name\":\"SEMASC\",\"description\":\"Secretaria Municipal da Mulher, Assist\u00eancia Social e Cidadania.\",\"publisher\":{\"@id\":\"https:\/\/www.manaus.am.gov.br\/semasc\/#organization\"},\"alternateName\":\"Secretaria Municipal da Mulher, Assist\u00eancia Social e Cidadania\",\"potentialAction\":[{\"@type\":\"SearchAction\",\"target\":{\"@type\":\"EntryPoint\",\"urlTemplate\":\"https:\/\/www.manaus.am.gov.br\/semasc\/?s={search_term_string}\"},\"query-input\":\"required name=search_term_string\"}],\"inLanguage\":\"pt-BR\"},{\"@type\":\"Organization\",\"@id\":\"https:\/\/www.manaus.am.gov.br\/semasc\/#organization\",\"name\":\"Prefeitura de Manaus\",\"alternateName\":\"Prefeitura Municipal de Manaus\",\"url\":\"https:\/\/www.manaus.am.gov.br\/semasc\/\",\"logo\":{\"@type\":\"ImageObject\",\"inLanguage\":\"pt-BR\",\"@id\":\"https:\/\/www.manaus.am.gov.br\/semasc\/#\/schema\/logo\/image\/\",\"url\":\"https:\/\/www.manaus.am.gov.br\/semasc\/wp-content\/uploads\/sites\/17\/2024\/07\/favicon.png\",\"contentUrl\":\"https:\/\/www.manaus.am.gov.br\/semasc\/wp-content\/uploads\/sites\/17\/2024\/07\/favicon.png\",\"width\":300,\"height\":300,\"caption\":\"Prefeitura de Manaus\"},\"image\":{\"@id\":\"https:\/\/www.manaus.am.gov.br\/semasc\/#\/schema\/logo\/image\/\"},\"sameAs\":[\"https:\/\/www.facebook.com\/semascmanaus\",\"https:\/\/www.instagram.com\/semascmanaus\/\"]},{\"@type\":\"Person\",\"@id\":\"https:\/\/www.manaus.am.gov.br\/semasc\/#\/schema\/person\/4eea2a8f78dc853097abb026f728aa06\",\"name\":\"Renata Felix\",\"image\":{\"@type\":\"ImageObject\",\"inLanguage\":\"pt-BR\",\"@id\":\"https:\/\/www.manaus.am.gov.br\/semasc\/#\/schema\/person\/image\/\",\"url\":\"https:\/\/secure.gravatar.com\/avatar\/3c196cf9d3b837b24c8edb2c50fd8f29?s=96&d=mm&r=g\",\"contentUrl\":\"https:\/\/secure.gravatar.com\/avatar\/3c196cf9d3b837b24c8edb2c50fd8f29?s=96&d=mm&r=g\",\"caption\":\"Renata Felix\"}}]}<\/script>\n<!-- \/ Yoast SEO plugin. -->","yoast_head_json":{"title":"Prefeitura de Manaus desenvolve plano de a\u00e7\u00e3o para o enfrentamento da estiagem na capital - SEMASC","robots":{"index":"noindex","follow":"follow"},"og_locale":"pt_BR","og_type":"article","og_title":"Prefeitura de Manaus desenvolve plano de a\u00e7\u00e3o para o enfrentamento da estiagem na capital - SEMASC","og_url":"https:\/\/www.manaus.am.gov.br\/semasc\/prefeitura-de-manaus-desenvolve-plano-de-acao-para-o-enfrentamento-da-estiagem-na-capital\/","og_site_name":"SEMASC","article_publisher":"https:\/\/www.facebook.com\/semascmanaus","article_published_time":"2023-09-26T21:36:33+00:00","article_modified_time":"2023-11-24T21:09:17+00:00","og_image":[{"width":1024,"height":683,"url":"https:\/\/www.manaus.am.gov.br\/semasc\/wp-content\/uploads\/sites\/17\/2023\/11\/52736943485_3968bf2f66_o-2-1024x683.jpg","type":"image\/jpeg"}],"author":"Renata Felix","twitter_card":"summary_large_image","twitter_misc":{"Written by":"Renata Felix","Est. reading time":"3 minutos"},"schema":{"@context":"https:\/\/schema.org","@graph":[{"@type":"Article","@id":"https:\/\/www.manaus.am.gov.br\/semasc\/prefeitura-de-manaus-desenvolve-plano-de-acao-para-o-enfrentamento-da-estiagem-na-capital\/#article","isPartOf":{"@id":"https:\/\/www.manaus.am.gov.br\/semasc\/prefeitura-de-manaus-desenvolve-plano-de-acao-para-o-enfrentamento-da-estiagem-na-capital\/"},"author":{"name":"Renata Felix","@id":"https:\/\/www.manaus.am.gov.br\/semasc\/#\/schema\/person\/4eea2a8f78dc853097abb026f728aa06"},"headline":"Prefeitura de Manaus desenvolve plano de a\u00e7\u00e3o para o enfrentamento da estiagem na capital","datePublished":"2023-09-26T21:36:33+00:00","dateModified":"2023-11-24T21:09:17+00:00","mainEntityOfPage":{"@id":"https:\/\/www.manaus.am.gov.br\/semasc\/prefeitura-de-manaus-desenvolve-plano-de-acao-para-o-enfrentamento-da-estiagem-na-capital\/"},"wordCount":487,"publisher":{"@id":"https:\/\/www.manaus.am.gov.br\/semasc\/#organization"},"image":{"@id":"https:\/\/www.manaus.am.gov.br\/semasc\/prefeitura-de-manaus-desenvolve-plano-de-acao-para-o-enfrentamento-da-estiagem-na-capital\/#primaryimage"},"thumbnailUrl":"https:\/\/www.manaus.am.gov.br\/semasc\/wp-content\/uploads\/sites\/17\/2023\/11\/52736943485_3968bf2f66_o-2.jpg","keywords":["defesa civil","enfrentamento da estiagem","Plano de a\u00e7\u00e3o"],"articleSection":["Planejamento"],"inLanguage":"pt-BR"},{"@type":"WebPage","@id":"https:\/\/www.manaus.am.gov.br\/semasc\/prefeitura-de-manaus-desenvolve-plano-de-acao-para-o-enfrentamento-da-estiagem-na-capital\/","url":"https:\/\/www.manaus.am.gov.br\/semasc\/prefeitura-de-manaus-desenvolve-plano-de-acao-para-o-enfrentamento-da-estiagem-na-capital\/","name":"Prefeitura de Manaus desenvolve plano de a\u00e7\u00e3o para o enfrentamento da estiagem na capital - SEMASC","isPartOf":{"@id":"https:\/\/www.manaus.am.gov.br\/semasc\/#website"},"primaryImageOfPage":{"@id":"https:\/\/www.manaus.am.gov.br\/semasc\/prefeitura-de-manaus-desenvolve-plano-de-acao-para-o-enfrentamento-da-estiagem-na-capital\/#primaryimage"},"image":{"@id":"https:\/\/www.manaus.am.gov.br\/semasc\/prefeitura-de-manaus-desenvolve-plano-de-acao-para-o-enfrentamento-da-estiagem-na-capital\/#primaryimage"},"thumbnailUrl":"https:\/\/www.manaus.am.gov.br\/semasc\/wp-content\/uploads\/sites\/17\/2023\/11\/52736943485_3968bf2f66_o-2.jpg","datePublished":"2023-09-26T21:36:33+00:00","dateModified":"2023-11-24T21:09:17+00:00","breadcrumb":{"@id":"https:\/\/www.manaus.am.gov.br\/semasc\/prefeitura-de-manaus-desenvolve-plano-de-acao-para-o-enfrentamento-da-estiagem-na-capital\/#breadcrumb"},"inLanguage":"pt-BR","potentialAction":[{"@type":"ReadAction","target":["https:\/\/www.manaus.am.gov.br\/semasc\/prefeitura-de-manaus-desenvolve-plano-de-acao-para-o-enfrentamento-da-estiagem-na-capital\/"]}]},{"@type":"ImageObject","inLanguage":"pt-BR","@id":"https:\/\/www.manaus.am.gov.br\/semasc\/prefeitura-de-manaus-desenvolve-plano-de-acao-para-o-enfrentamento-da-estiagem-na-capital\/#primaryimage","url":"https:\/\/www.manaus.am.gov.br\/semasc\/wp-content\/uploads\/sites\/17\/2023\/11\/52736943485_3968bf2f66_o-2.jpg","contentUrl":"https:\/\/www.manaus.am.gov.br\/semasc\/wp-content\/uploads\/sites\/17\/2023\/11\/52736943485_3968bf2f66_o-2.jpg","width":5184,"height":3456},{"@type":"BreadcrumbList","@id":"https:\/\/www.manaus.am.gov.br\/semasc\/prefeitura-de-manaus-desenvolve-plano-de-acao-para-o-enfrentamento-da-estiagem-na-capital\/#breadcrumb","itemListElement":[{"@type":"ListItem","position":1,"name":"Home","item":"https:\/\/www.manaus.am.gov.br\/semasc\/"},{"@type":"ListItem","position":2,"name":"Prefeitura de Manaus desenvolve plano de a\u00e7\u00e3o para o enfrentamento da estiagem na capital"}]},{"@type":"WebSite","@id":"https:\/\/www.manaus.am.gov.br\/semasc\/#website","url":"https:\/\/www.manaus.am.gov.br\/semasc\/","name":"SEMASC","description":"Secretaria Municipal da Mulher, Assist\u00eancia Social e Cidadania.","publisher":{"@id":"https:\/\/www.manaus.am.gov.br\/semasc\/#organization"},"alternateName":"Secretaria Municipal da Mulher, Assist\u00eancia Social e Cidadania","potentialAction":[{"@type":"SearchAction","target":{"@type":"EntryPoint","urlTemplate":"https:\/\/www.manaus.am.gov.br\/semasc\/?s={search_term_string}"},"query-input":"required name=search_term_string"}],"inLanguage":"pt-BR"},{"@type":"Organization","@id":"https:\/\/www.manaus.am.gov.br\/semasc\/#organization","name":"Prefeitura de Manaus","alternateName":"Prefeitura Municipal de Manaus","url":"https:\/\/www.manaus.am.gov.br\/semasc\/","logo":{"@type":"ImageObject","inLanguage":"pt-BR","@id":"https:\/\/www.manaus.am.gov.br\/semasc\/#\/schema\/logo\/image\/","url":"https:\/\/www.manaus.am.gov.br\/semasc\/wp-content\/uploads\/sites\/17\/2024\/07\/favicon.png","contentUrl":"https:\/\/www.manaus.am.gov.br\/semasc\/wp-content\/uploads\/sites\/17\/2024\/07\/favicon.png","width":300,"height":300,"caption":"Prefeitura de Manaus"},"image":{"@id":"https:\/\/www.manaus.am.gov.br\/semasc\/#\/schema\/logo\/image\/"},"sameAs":["https:\/\/www.facebook.com\/semascmanaus","https:\/\/www.instagram.com\/semascmanaus\/"]},{"@type":"Person","@id":"https:\/\/www.manaus.am.gov.br\/semasc\/#\/schema\/person\/4eea2a8f78dc853097abb026f728aa06","name":"Renata Felix","image":{"@type":"ImageObject","inLanguage":"pt-BR","@id":"https:\/\/www.manaus.am.gov.br\/semasc\/#\/schema\/person\/image\/","url":"https:\/\/secure.gravatar.com\/avatar\/3c196cf9d3b837b24c8edb2c50fd8f29?s=96&d=mm&r=g","contentUrl":"https:\/\/secure.gravatar.com\/avatar\/3c196cf9d3b837b24c8edb2c50fd8f29?s=96&d=mm&r=g","caption":"Renata Felix"}}]}},"_links":{"self":[{"href":"https:\/\/www.manaus.am.gov.br\/semasc\/wp-json\/wp\/v2\/posts\/209303"}],"collection":[{"href":"https:\/\/www.manaus.am.gov.br\/semasc\/wp-json\/wp\/v2\/posts"}],"about":[{"href":"https:\/\/www.manaus.am.gov.br\/semasc\/wp-json\/wp\/v2\/types\/post"}],"author":[{"embeddable":true,"href":"https:\/\/www.manaus.am.gov.br\/semasc\/wp-json\/wp\/v2\/users\/31"}],"replies":[{"embeddable":true,"href":"https:\/\/www.manaus.am.gov.br\/semasc\/wp-json\/wp\/v2\/comments?post=209303"}],"version-history":[{"count":0,"href":"https:\/\/www.manaus.am.gov.br\/semasc\/wp-json\/wp\/v2\/posts\/209303\/revisions"}],"wp:featuredmedia":[{"embeddable":true,"href":"https:\/\/www.manaus.am.gov.br\/semasc\/wp-json\/wp\/v2\/media\/209304"}],"wp:attachment":[{"href":"https:\/\/www.manaus.am.gov.br\/semasc\/wp-json\/wp\/v2\/media?parent=209303"}],"wp:term":[{"taxonomy":"category","embeddable":true,"href":"https:\/\/www.manaus.am.gov.br\/semasc\/wp-json\/wp\/v2\/categories?post=209303"},{"taxonomy":"post_tag","embeddable":true,"href":"https:\/\/www.manaus.am.gov.br\/semasc\/wp-json\/wp\/v2\/tags?post=209303"}],"curies":[{"name":"wp","href":"https:\/\/api.w.org\/{rel}","templated":true}]}}