{"id":209288,"date":"2023-11-24T14:53:17","date_gmt":"2023-11-24T18:53:17","guid":{"rendered":"https:\/\/www.manaus.am.gov.br\/semasc\/prefeitura-presta-atendimento-socioassistencial-a-familias-afetadas-pelas-fortes-chuvas-da-quinta-feira\/"},"modified":"2023-11-24T14:53:17","modified_gmt":"2023-11-24T18:53:17","slug":"prefeitura-presta-atendimento-socioassistencial-a-familias-afetadas-pelas-fortes-chuvas-da-quinta-feira","status":"publish","type":"post","link":"https:\/\/www.manaus.am.gov.br\/semasc\/prefeitura-presta-atendimento-socioassistencial-a-familias-afetadas-pelas-fortes-chuvas-da-quinta-feira\/","title":{"rendered":"Prefeitura presta atendimento socioassistencial a fam\u00edlias afetadas pelas fortes chuvas da quinta-feira"},"content":{"rendered":"\n<p>A Prefeitura de Manaus, por meio da Secretaria Municipal da Mulher, Assist\u00eancia Social e Cidadania (Semasc), realizou, nesta sexta-feira, 24\/11, a entrega de benef\u00edcios eventuais \u00e0s fam\u00edlias da comunidade Nova Vit\u00f3ria, no bairro Gilberto Mestrinho, zona Leste, afetadas pelas fortes chuvas da quinta-feira, 23\/11.<\/p>\n\n\n\n<p>Ao todo, 66 fam\u00edlias receberam cestas b\u00e1sicas, colch\u00f5es de casal, len\u00e7\u00f3is e kits de limpeza dom\u00e9stica. Das fam\u00edlias atendidas, 30 foram inseridas no Aux\u00edlio-Aluguel, benef\u00edcio liberado no valor de R$ 600.<\/p>\n\n\n\n<p>\u201cPor determina\u00e7\u00e3o do prefeito David Almeida e do secret\u00e1rio Eduardo Lucas, hoje, nosso servi\u00e7o de calamidade e emerg\u00eancias prontamente se faz presente dentro da comunidade, realizando a entrega dos benef\u00edcios e a escuta qualificada de cada uma dessas fam\u00edlias independentemente da gravidade da situa\u00e7\u00e3o\u201d, destacou o gerente do Servi\u00e7o de Prote\u00e7\u00e3o em Situa\u00e7\u00f5es de Calamidades P\u00fablicas e Emerg\u00eancias da Semasc, Jander Guerreiro.<\/p>\n\n\n\n<p>A dona de casa V\u00e2nia Souza relatou ter perdido, ao menos, duas camas durante a chuva, ap\u00f3s o quarto dos filhos ter sido invadido pela lama do barranco, localizado ao lado de sua resid\u00eancia. Com a entrega dos benef\u00edcios, V\u00e2nia afirma que o que \u00e9 dif\u00edcil acaba se tornando um pouco mais suport\u00e1vel com o apoio prestado pelo poder p\u00fablico.<\/p>\n\n\n\n<p>\u201cEstamos todos muito gratos ao apoio que recebemos hoje. Nem todos na comunidade t\u00eam o privil\u00e9gio de ter um emprego, uma renda fixa, um sustento certo, ent\u00e3o, toda a ajuda recebida nessas horas \u00e9 bem-vinda e de extrema import\u00e2ncia. \u00c9 como se finalmente estiv\u00e9ssemos sendo enxergados\u201d, afirmou V\u00e2nia.<\/p>\n\n\n\n<p>A Secretaria Municipal de Limpeza P\u00fablica (Semulsp) e a Defesa Civil do munic\u00edpio tamb\u00e9m estiveram presentes na comunidade Nova Vit\u00f3ria realizando a limpeza do local e a avalia\u00e7\u00e3o de resid\u00eancias, respectivamente.<\/p>\n\n\n\n<p>&#8212; &#8212; &#8211;<\/p>\n\n\n\n<p><strong>Texto &#8211;&nbsp;<\/strong>Guilherme Pacheco \/ Semasc<\/p>\n\n\n\n<p><strong>Fotos &#8211;&nbsp;<\/strong>Diego Lima \/ Semasc<\/p>\n\n\n\n<p><strong>Dispon\u00edveis em<\/strong>&nbsp;&#8211;&nbsp;<a href=\"https:\/\/flic.kr\/s\/aHBqjB4s77\">https:\/\/flic.kr\/s\/aHBqjB4s77<\/a><\/p>\n","protected":false},"excerpt":{"rendered":"","protected":false},"author":23,"featured_media":209289,"comment_status":"closed","ping_status":"closed","sticky":false,"template":"","format":"standard","meta":{"footnotes":""},"categories":[194],"tags":[72,664,665,666,7,18],"acf":[],"yoast_head":"<!-- This site is optimized with the Yoast SEO plugin v23.0 - https:\/\/yoast.com\/wordpress\/plugins\/seo\/ -->\n<title>Prefeitura presta atendimento socioassistencial a fam\u00edlias afetadas pelas fortes chuvas da quinta-feira<\/title>\n<meta name=\"description\" content=\"A Prefeitura de Manaus, por meio da Secretaria Municipal da Mulher, Assist\u00eancia Social e Cidadania (Semasc), realizou, nesta sexta-feira, 24\/11, a entrega de benef\u00edcios eventuais \u00e0s fam\u00edlias da comunidade Nova Vit\u00f3ria, no bairro Gilberto Mestrinho, zona Leste, afetadas pelas fortes chuvas da quinta-feira, 23\/11.\" \/>\n<meta name=\"robots\" content=\"noindex, follow\" \/>\n<meta property=\"og:locale\" content=\"pt_BR\" \/>\n<meta property=\"og:type\" content=\"article\" \/>\n<meta property=\"og:title\" content=\"Prefeitura presta atendimento socioassistencial a fam\u00edlias afetadas pelas fortes chuvas da quinta-feira\" \/>\n<meta property=\"og:description\" content=\"A Prefeitura de Manaus, por meio da Secretaria Municipal da Mulher, Assist\u00eancia Social e Cidadania (Semasc), realizou, nesta sexta-feira, 24\/11, a entrega de benef\u00edcios eventuais \u00e0s fam\u00edlias da comunidade Nova Vit\u00f3ria, no bairro Gilberto Mestrinho, zona Leste, afetadas pelas fortes chuvas da quinta-feira, 23\/11.\" \/>\n<meta property=\"og:url\" content=\"https:\/\/www.manaus.am.gov.br\/semasc\/prefeitura-presta-atendimento-socioassistencial-a-familias-afetadas-pelas-fortes-chuvas-da-quinta-feira\/\" \/>\n<meta property=\"og:site_name\" content=\"SEMASC\" \/>\n<meta property=\"article:publisher\" content=\"https:\/\/www.facebook.com\/semascmanaus\" \/>\n<meta property=\"article:published_time\" content=\"2023-11-24T18:53:17+00:00\" \/>\n<meta property=\"og:image\" content=\"https:\/\/www.manaus.am.gov.br\/semasc\/wp-content\/uploads\/sites\/17\/2023\/11\/53353709145_6d128da26a_c.jpg\" \/>\n\t<meta property=\"og:image:width\" content=\"799\" \/>\n\t<meta property=\"og:image:height\" content=\"533\" \/>\n\t<meta property=\"og:image:type\" content=\"image\/jpeg\" \/>\n<meta name=\"author\" content=\"Adriana Costa\" \/>\n<meta name=\"twitter:card\" content=\"summary_large_image\" \/>\n<meta name=\"twitter:label1\" content=\"Written by\" \/>\n\t<meta name=\"twitter:data1\" content=\"Adriana Costa\" \/>\n\t<meta name=\"twitter:label2\" content=\"Est. reading time\" \/>\n\t<meta name=\"twitter:data2\" content=\"2 minutos\" \/>\n<script type=\"application\/ld+json\" class=\"yoast-schema-graph\">{\"@context\":\"https:\/\/schema.org\",\"@graph\":[{\"@type\":\"Article\",\"@id\":\"https:\/\/www.manaus.am.gov.br\/semasc\/prefeitura-presta-atendimento-socioassistencial-a-familias-afetadas-pelas-fortes-chuvas-da-quinta-feira\/#article\",\"isPartOf\":{\"@id\":\"https:\/\/www.manaus.am.gov.br\/semasc\/prefeitura-presta-atendimento-socioassistencial-a-familias-afetadas-pelas-fortes-chuvas-da-quinta-feira\/\"},\"author\":{\"name\":\"Adriana Costa\",\"@id\":\"https:\/\/www.manaus.am.gov.br\/semasc\/#\/schema\/person\/4e49f4e267757a06ca072ec61b2b9968\"},\"headline\":\"Prefeitura presta atendimento socioassistencial a fam\u00edlias afetadas pelas fortes chuvas da quinta-feira\",\"datePublished\":\"2023-11-24T18:53:17+00:00\",\"dateModified\":\"2023-11-24T18:53:17+00:00\",\"mainEntityOfPage\":{\"@id\":\"https:\/\/www.manaus.am.gov.br\/semasc\/prefeitura-presta-atendimento-socioassistencial-a-familias-afetadas-pelas-fortes-chuvas-da-quinta-feira\/\"},\"wordCount\":352,\"publisher\":{\"@id\":\"https:\/\/www.manaus.am.gov.br\/semasc\/#organization\"},\"image\":{\"@id\":\"https:\/\/www.manaus.am.gov.br\/semasc\/prefeitura-presta-atendimento-socioassistencial-a-familias-afetadas-pelas-fortes-chuvas-da-quinta-feira\/#primaryimage\"},\"thumbnailUrl\":\"https:\/\/www.manaus.am.gov.br\/semasc\/wp-content\/uploads\/sites\/17\/2023\/11\/53353709145_6d128da26a_c.jpg\",\"keywords\":[\"assist\u00eancia social\",\"aux\u00edlio-aluguel\",\"chuva\",\"fam\u00edlias\",\"prefeitura de manaus\",\"Semasc\"],\"articleSection\":[\"Assist\u00eancia\"],\"inLanguage\":\"pt-BR\"},{\"@type\":\"WebPage\",\"@id\":\"https:\/\/www.manaus.am.gov.br\/semasc\/prefeitura-presta-atendimento-socioassistencial-a-familias-afetadas-pelas-fortes-chuvas-da-quinta-feira\/\",\"url\":\"https:\/\/www.manaus.am.gov.br\/semasc\/prefeitura-presta-atendimento-socioassistencial-a-familias-afetadas-pelas-fortes-chuvas-da-quinta-feira\/\",\"name\":\"Prefeitura presta atendimento socioassistencial a fam\u00edlias afetadas pelas fortes chuvas da quinta-feira\",\"isPartOf\":{\"@id\":\"https:\/\/www.manaus.am.gov.br\/semasc\/#website\"},\"primaryImageOfPage\":{\"@id\":\"https:\/\/www.manaus.am.gov.br\/semasc\/prefeitura-presta-atendimento-socioassistencial-a-familias-afetadas-pelas-fortes-chuvas-da-quinta-feira\/#primaryimage\"},\"image\":{\"@id\":\"https:\/\/www.manaus.am.gov.br\/semasc\/prefeitura-presta-atendimento-socioassistencial-a-familias-afetadas-pelas-fortes-chuvas-da-quinta-feira\/#primaryimage\"},\"thumbnailUrl\":\"https:\/\/www.manaus.am.gov.br\/semasc\/wp-content\/uploads\/sites\/17\/2023\/11\/53353709145_6d128da26a_c.jpg\",\"datePublished\":\"2023-11-24T18:53:17+00:00\",\"dateModified\":\"2023-11-24T18:53:17+00:00\",\"description\":\"A Prefeitura de Manaus, por meio da Secretaria Municipal da Mulher, Assist\u00eancia Social e Cidadania (Semasc), realizou, nesta sexta-feira, 24\/11, a entrega de benef\u00edcios eventuais \u00e0s fam\u00edlias da comunidade Nova Vit\u00f3ria, no bairro Gilberto Mestrinho, zona Leste, afetadas pelas fortes chuvas da quinta-feira, 23\/11.\",\"breadcrumb\":{\"@id\":\"https:\/\/www.manaus.am.gov.br\/semasc\/prefeitura-presta-atendimento-socioassistencial-a-familias-afetadas-pelas-fortes-chuvas-da-quinta-feira\/#breadcrumb\"},\"inLanguage\":\"pt-BR\",\"potentialAction\":[{\"@type\":\"ReadAction\",\"target\":[\"https:\/\/www.manaus.am.gov.br\/semasc\/prefeitura-presta-atendimento-socioassistencial-a-familias-afetadas-pelas-fortes-chuvas-da-quinta-feira\/\"]}]},{\"@type\":\"ImageObject\",\"inLanguage\":\"pt-BR\",\"@id\":\"https:\/\/www.manaus.am.gov.br\/semasc\/prefeitura-presta-atendimento-socioassistencial-a-familias-afetadas-pelas-fortes-chuvas-da-quinta-feira\/#primaryimage\",\"url\":\"https:\/\/www.manaus.am.gov.br\/semasc\/wp-content\/uploads\/sites\/17\/2023\/11\/53353709145_6d128da26a_c.jpg\",\"contentUrl\":\"https:\/\/www.manaus.am.gov.br\/semasc\/wp-content\/uploads\/sites\/17\/2023\/11\/53353709145_6d128da26a_c.jpg\",\"width\":799,\"height\":533},{\"@type\":\"BreadcrumbList\",\"@id\":\"https:\/\/www.manaus.am.gov.br\/semasc\/prefeitura-presta-atendimento-socioassistencial-a-familias-afetadas-pelas-fortes-chuvas-da-quinta-feira\/#breadcrumb\",\"itemListElement\":[{\"@type\":\"ListItem\",\"position\":1,\"name\":\"Home\",\"item\":\"https:\/\/www.manaus.am.gov.br\/semasc\/\"},{\"@type\":\"ListItem\",\"position\":2,\"name\":\"Prefeitura presta atendimento socioassistencial a fam\u00edlias afetadas pelas fortes chuvas da quinta-feira\"}]},{\"@type\":\"WebSite\",\"@id\":\"https:\/\/www.manaus.am.gov.br\/semasc\/#website\",\"url\":\"https:\/\/www.manaus.am.gov.br\/semasc\/\",\"name\":\"SEMASC\",\"description\":\"Secretaria Municipal da Mulher, Assist\u00eancia Social e Cidadania.\",\"publisher\":{\"@id\":\"https:\/\/www.manaus.am.gov.br\/semasc\/#organization\"},\"alternateName\":\"Secretaria Municipal da Mulher, Assist\u00eancia Social e Cidadania\",\"potentialAction\":[{\"@type\":\"SearchAction\",\"target\":{\"@type\":\"EntryPoint\",\"urlTemplate\":\"https:\/\/www.manaus.am.gov.br\/semasc\/?s={search_term_string}\"},\"query-input\":\"required name=search_term_string\"}],\"inLanguage\":\"pt-BR\"},{\"@type\":\"Organization\",\"@id\":\"https:\/\/www.manaus.am.gov.br\/semasc\/#organization\",\"name\":\"Prefeitura de Manaus\",\"alternateName\":\"Prefeitura Municipal de Manaus\",\"url\":\"https:\/\/www.manaus.am.gov.br\/semasc\/\",\"logo\":{\"@type\":\"ImageObject\",\"inLanguage\":\"pt-BR\",\"@id\":\"https:\/\/www.manaus.am.gov.br\/semasc\/#\/schema\/logo\/image\/\",\"url\":\"https:\/\/www.manaus.am.gov.br\/semasc\/wp-content\/uploads\/sites\/17\/2024\/07\/favicon.png\",\"contentUrl\":\"https:\/\/www.manaus.am.gov.br\/semasc\/wp-content\/uploads\/sites\/17\/2024\/07\/favicon.png\",\"width\":300,\"height\":300,\"caption\":\"Prefeitura de Manaus\"},\"image\":{\"@id\":\"https:\/\/www.manaus.am.gov.br\/semasc\/#\/schema\/logo\/image\/\"},\"sameAs\":[\"https:\/\/www.facebook.com\/semascmanaus\",\"https:\/\/www.instagram.com\/semascmanaus\/\"]},{\"@type\":\"Person\",\"@id\":\"https:\/\/www.manaus.am.gov.br\/semasc\/#\/schema\/person\/4e49f4e267757a06ca072ec61b2b9968\",\"name\":\"Adriana Costa\",\"image\":{\"@type\":\"ImageObject\",\"inLanguage\":\"pt-BR\",\"@id\":\"https:\/\/www.manaus.am.gov.br\/semasc\/#\/schema\/person\/image\/\",\"url\":\"https:\/\/secure.gravatar.com\/avatar\/576258617ef7194f718179e766d57bd4?s=96&d=mm&r=g\",\"contentUrl\":\"https:\/\/secure.gravatar.com\/avatar\/576258617ef7194f718179e766d57bd4?s=96&d=mm&r=g\",\"caption\":\"Adriana Costa\"}}]}<\/script>\n<!-- \/ Yoast SEO plugin. -->","yoast_head_json":{"title":"Prefeitura presta atendimento socioassistencial a fam\u00edlias afetadas pelas fortes chuvas da quinta-feira","description":"A Prefeitura de Manaus, por meio da Secretaria Municipal da Mulher, Assist\u00eancia Social e Cidadania (Semasc), realizou, nesta sexta-feira, 24\/11, a entrega de benef\u00edcios eventuais \u00e0s fam\u00edlias da comunidade Nova Vit\u00f3ria, no bairro Gilberto Mestrinho, zona Leste, afetadas pelas fortes chuvas da quinta-feira, 23\/11.","robots":{"index":"noindex","follow":"follow"},"og_locale":"pt_BR","og_type":"article","og_title":"Prefeitura presta atendimento socioassistencial a fam\u00edlias afetadas pelas fortes chuvas da quinta-feira","og_description":"A Prefeitura de Manaus, por meio da Secretaria Municipal da Mulher, Assist\u00eancia Social e Cidadania (Semasc), realizou, nesta sexta-feira, 24\/11, a entrega de benef\u00edcios eventuais \u00e0s fam\u00edlias da comunidade Nova Vit\u00f3ria, no bairro Gilberto Mestrinho, zona Leste, afetadas pelas fortes chuvas da quinta-feira, 23\/11.","og_url":"https:\/\/www.manaus.am.gov.br\/semasc\/prefeitura-presta-atendimento-socioassistencial-a-familias-afetadas-pelas-fortes-chuvas-da-quinta-feira\/","og_site_name":"SEMASC","article_publisher":"https:\/\/www.facebook.com\/semascmanaus","article_published_time":"2023-11-24T18:53:17+00:00","og_image":[{"width":799,"height":533,"url":"https:\/\/www.manaus.am.gov.br\/semasc\/wp-content\/uploads\/sites\/17\/2023\/11\/53353709145_6d128da26a_c.jpg","type":"image\/jpeg"}],"author":"Adriana Costa","twitter_card":"summary_large_image","twitter_misc":{"Written by":"Adriana Costa","Est. reading time":"2 minutos"},"schema":{"@context":"https:\/\/schema.org","@graph":[{"@type":"Article","@id":"https:\/\/www.manaus.am.gov.br\/semasc\/prefeitura-presta-atendimento-socioassistencial-a-familias-afetadas-pelas-fortes-chuvas-da-quinta-feira\/#article","isPartOf":{"@id":"https:\/\/www.manaus.am.gov.br\/semasc\/prefeitura-presta-atendimento-socioassistencial-a-familias-afetadas-pelas-fortes-chuvas-da-quinta-feira\/"},"author":{"name":"Adriana Costa","@id":"https:\/\/www.manaus.am.gov.br\/semasc\/#\/schema\/person\/4e49f4e267757a06ca072ec61b2b9968"},"headline":"Prefeitura presta atendimento socioassistencial a fam\u00edlias afetadas pelas fortes chuvas da quinta-feira","datePublished":"2023-11-24T18:53:17+00:00","dateModified":"2023-11-24T18:53:17+00:00","mainEntityOfPage":{"@id":"https:\/\/www.manaus.am.gov.br\/semasc\/prefeitura-presta-atendimento-socioassistencial-a-familias-afetadas-pelas-fortes-chuvas-da-quinta-feira\/"},"wordCount":352,"publisher":{"@id":"https:\/\/www.manaus.am.gov.br\/semasc\/#organization"},"image":{"@id":"https:\/\/www.manaus.am.gov.br\/semasc\/prefeitura-presta-atendimento-socioassistencial-a-familias-afetadas-pelas-fortes-chuvas-da-quinta-feira\/#primaryimage"},"thumbnailUrl":"https:\/\/www.manaus.am.gov.br\/semasc\/wp-content\/uploads\/sites\/17\/2023\/11\/53353709145_6d128da26a_c.jpg","keywords":["assist\u00eancia social","aux\u00edlio-aluguel","chuva","fam\u00edlias","prefeitura de manaus","Semasc"],"articleSection":["Assist\u00eancia"],"inLanguage":"pt-BR"},{"@type":"WebPage","@id":"https:\/\/www.manaus.am.gov.br\/semasc\/prefeitura-presta-atendimento-socioassistencial-a-familias-afetadas-pelas-fortes-chuvas-da-quinta-feira\/","url":"https:\/\/www.manaus.am.gov.br\/semasc\/prefeitura-presta-atendimento-socioassistencial-a-familias-afetadas-pelas-fortes-chuvas-da-quinta-feira\/","name":"Prefeitura presta atendimento socioassistencial a fam\u00edlias afetadas pelas fortes chuvas da quinta-feira","isPartOf":{"@id":"https:\/\/www.manaus.am.gov.br\/semasc\/#website"},"primaryImageOfPage":{"@id":"https:\/\/www.manaus.am.gov.br\/semasc\/prefeitura-presta-atendimento-socioassistencial-a-familias-afetadas-pelas-fortes-chuvas-da-quinta-feira\/#primaryimage"},"image":{"@id":"https:\/\/www.manaus.am.gov.br\/semasc\/prefeitura-presta-atendimento-socioassistencial-a-familias-afetadas-pelas-fortes-chuvas-da-quinta-feira\/#primaryimage"},"thumbnailUrl":"https:\/\/www.manaus.am.gov.br\/semasc\/wp-content\/uploads\/sites\/17\/2023\/11\/53353709145_6d128da26a_c.jpg","datePublished":"2023-11-24T18:53:17+00:00","dateModified":"2023-11-24T18:53:17+00:00","description":"A Prefeitura de Manaus, por meio da Secretaria Municipal da Mulher, Assist\u00eancia Social e Cidadania (Semasc), realizou, nesta sexta-feira, 24\/11, a entrega de benef\u00edcios eventuais \u00e0s fam\u00edlias da comunidade Nova Vit\u00f3ria, no bairro Gilberto Mestrinho, zona Leste, afetadas pelas fortes chuvas da quinta-feira, 23\/11.","breadcrumb":{"@id":"https:\/\/www.manaus.am.gov.br\/semasc\/prefeitura-presta-atendimento-socioassistencial-a-familias-afetadas-pelas-fortes-chuvas-da-quinta-feira\/#breadcrumb"},"inLanguage":"pt-BR","potentialAction":[{"@type":"ReadAction","target":["https:\/\/www.manaus.am.gov.br\/semasc\/prefeitura-presta-atendimento-socioassistencial-a-familias-afetadas-pelas-fortes-chuvas-da-quinta-feira\/"]}]},{"@type":"ImageObject","inLanguage":"pt-BR","@id":"https:\/\/www.manaus.am.gov.br\/semasc\/prefeitura-presta-atendimento-socioassistencial-a-familias-afetadas-pelas-fortes-chuvas-da-quinta-feira\/#primaryimage","url":"https:\/\/www.manaus.am.gov.br\/semasc\/wp-content\/uploads\/sites\/17\/2023\/11\/53353709145_6d128da26a_c.jpg","contentUrl":"https:\/\/www.manaus.am.gov.br\/semasc\/wp-content\/uploads\/sites\/17\/2023\/11\/53353709145_6d128da26a_c.jpg","width":799,"height":533},{"@type":"BreadcrumbList","@id":"https:\/\/www.manaus.am.gov.br\/semasc\/prefeitura-presta-atendimento-socioassistencial-a-familias-afetadas-pelas-fortes-chuvas-da-quinta-feira\/#breadcrumb","itemListElement":[{"@type":"ListItem","position":1,"name":"Home","item":"https:\/\/www.manaus.am.gov.br\/semasc\/"},{"@type":"ListItem","position":2,"name":"Prefeitura presta atendimento socioassistencial a fam\u00edlias afetadas pelas fortes chuvas da quinta-feira"}]},{"@type":"WebSite","@id":"https:\/\/www.manaus.am.gov.br\/semasc\/#website","url":"https:\/\/www.manaus.am.gov.br\/semasc\/","name":"SEMASC","description":"Secretaria Municipal da Mulher, Assist\u00eancia Social e Cidadania.","publisher":{"@id":"https:\/\/www.manaus.am.gov.br\/semasc\/#organization"},"alternateName":"Secretaria Municipal da Mulher, Assist\u00eancia Social e Cidadania","potentialAction":[{"@type":"SearchAction","target":{"@type":"EntryPoint","urlTemplate":"https:\/\/www.manaus.am.gov.br\/semasc\/?s={search_term_string}"},"query-input":"required name=search_term_string"}],"inLanguage":"pt-BR"},{"@type":"Organization","@id":"https:\/\/www.manaus.am.gov.br\/semasc\/#organization","name":"Prefeitura de Manaus","alternateName":"Prefeitura Municipal de Manaus","url":"https:\/\/www.manaus.am.gov.br\/semasc\/","logo":{"@type":"ImageObject","inLanguage":"pt-BR","@id":"https:\/\/www.manaus.am.gov.br\/semasc\/#\/schema\/logo\/image\/","url":"https:\/\/www.manaus.am.gov.br\/semasc\/wp-content\/uploads\/sites\/17\/2024\/07\/favicon.png","contentUrl":"https:\/\/www.manaus.am.gov.br\/semasc\/wp-content\/uploads\/sites\/17\/2024\/07\/favicon.png","width":300,"height":300,"caption":"Prefeitura de Manaus"},"image":{"@id":"https:\/\/www.manaus.am.gov.br\/semasc\/#\/schema\/logo\/image\/"},"sameAs":["https:\/\/www.facebook.com\/semascmanaus","https:\/\/www.instagram.com\/semascmanaus\/"]},{"@type":"Person","@id":"https:\/\/www.manaus.am.gov.br\/semasc\/#\/schema\/person\/4e49f4e267757a06ca072ec61b2b9968","name":"Adriana Costa","image":{"@type":"ImageObject","inLanguage":"pt-BR","@id":"https:\/\/www.manaus.am.gov.br\/semasc\/#\/schema\/person\/image\/","url":"https:\/\/secure.gravatar.com\/avatar\/576258617ef7194f718179e766d57bd4?s=96&d=mm&r=g","contentUrl":"https:\/\/secure.gravatar.com\/avatar\/576258617ef7194f718179e766d57bd4?s=96&d=mm&r=g","caption":"Adriana Costa"}}]}},"_links":{"self":[{"href":"https:\/\/www.manaus.am.gov.br\/semasc\/wp-json\/wp\/v2\/posts\/209288"}],"collection":[{"href":"https:\/\/www.manaus.am.gov.br\/semasc\/wp-json\/wp\/v2\/posts"}],"about":[{"href":"https:\/\/www.manaus.am.gov.br\/semasc\/wp-json\/wp\/v2\/types\/post"}],"author":[{"embeddable":true,"href":"https:\/\/www.manaus.am.gov.br\/semasc\/wp-json\/wp\/v2\/users\/23"}],"replies":[{"embeddable":true,"href":"https:\/\/www.manaus.am.gov.br\/semasc\/wp-json\/wp\/v2\/comments?post=209288"}],"version-history":[{"count":0,"href":"https:\/\/www.manaus.am.gov.br\/semasc\/wp-json\/wp\/v2\/posts\/209288\/revisions"}],"wp:featuredmedia":[{"embeddable":true,"href":"https:\/\/www.manaus.am.gov.br\/semasc\/wp-json\/wp\/v2\/media\/209289"}],"wp:attachment":[{"href":"https:\/\/www.manaus.am.gov.br\/semasc\/wp-json\/wp\/v2\/media?parent=209288"}],"wp:term":[{"taxonomy":"category","embeddable":true,"href":"https:\/\/www.manaus.am.gov.br\/semasc\/wp-json\/wp\/v2\/categories?post=209288"},{"taxonomy":"post_tag","embeddable":true,"href":"https:\/\/www.manaus.am.gov.br\/semasc\/wp-json\/wp\/v2\/tags?post=209288"}],"curies":[{"name":"wp","href":"https:\/\/api.w.org\/{rel}","templated":true}]}}