{"id":209278,"date":"2023-06-27T13:23:16","date_gmt":"2023-06-27T17:23:16","guid":{"rendered":"https:\/\/www.manaus.am.gov.br\/semasc\/ccc-se-reune-com-fab-e-secretarias-municipais-e-estaduais-para-organizacao-da-esquadrilha-da-fumaca\/"},"modified":"2023-11-22T15:35:07","modified_gmt":"2023-11-22T19:35:07","slug":"ccc-se-reune-com-fab-e-secretarias-municipais-e-estaduais-para-organizacao-da-esquadrilha-da-fumaca","status":"publish","type":"post","link":"https:\/\/www.manaus.am.gov.br\/semasc\/ccc-se-reune-com-fab-e-secretarias-municipais-e-estaduais-para-organizacao-da-esquadrilha-da-fumaca\/","title":{"rendered":"CCC se re\u00fane com FAB e secretarias municipais e estaduais para organiza\u00e7\u00e3o da Esquadrilha da Fuma\u00e7a"},"content":{"rendered":"\n<p>O Centro de Coopera\u00e7\u00e3o da Cidade (CCC), \u00f3rg\u00e3o da Prefeitura de Manaus, se reuniu com a For\u00e7a A\u00e9rea Brasileira (FAB) e demais secretarias municipais e estaduais, para a organiza\u00e7\u00e3o do Esquadr\u00e3o de Demonstra\u00e7\u00e3o A\u00e9rea (EDA), conhecido como Esquadrilha da Fuma\u00e7a. Esse evento marca a comemora\u00e7\u00e3o do anivers\u00e1rio de 150 anos de Santos Dumont, e ser\u00e1 no dia 8\/7, a partir das 16h, na praia da Ponta Negra, zona Oeste.<\/p>\n\n\n\n<p>De acordo com o superintendente do Centro de Coopera\u00e7\u00e3o da Cidade, Sandro Diz, a reuni\u00e3o desta ter\u00e7a-feira, 27\/6, foi para alinhar as a\u00e7\u00f5es de cada secretaria, bem como o quantitativo de servidores envolvidos no dia do evento.<\/p>\n\n\n\n<p>\u201c\u00c9 importante definir o quanto antes os locais em que cada secretaria vai atuar, para que possamos corrigir qualquer tipo de problema, assim como o quantitativo de funcion\u00e1rios operando no dia do evento. Temos a quest\u00e3o do tr\u00e2nsito que j\u00e1 definimos e toda a seguran\u00e7a, tanto para as secretarias quanto para a popula\u00e7\u00e3o que vai assistir ao espet\u00e1culo\u201d, pontuou Diz.<\/p>\n\n\n\n<p>O evento \u00e9 realizado pelo S\u00e9timo Comando A\u00e9reo Regional (VII Comar) e conta com o apoio de aproximadamente dez secretarias municipais, entre elas, o CCC, Funda\u00e7\u00e3o Municipal de Cultura, Turismo e Eventos (Manauscult), Instituto Municipal de Mobilidade Urbana (IMMU), Secretaria Municipal de Sa\u00fade (Semsa), Secretaria Municipal de Meio Ambiente e Sustentabilidade (Semmas),&nbsp; Secretaria Municipal da Mulher, Assist\u00eancia Social e Cidadania (Semasc), Instituto Municipal de Planejamento Urbano (Implurb), Secretaria de Seguran\u00e7a P\u00fablica e Defesa Social (Semseg), entre outras,&nbsp; al\u00e9m do Corpo de Bombeiros e pol\u00edcias Civil e Militar.<\/p>\n\n\n\n<p>&#8212; &#8212; &#8212;<\/p>\n\n\n\n<p><strong>Texto e foto \u2013&nbsp;<\/strong>Moara Cabral (CCC)<\/p>\n","protected":false},"excerpt":{"rendered":"","protected":false},"author":24,"featured_media":209279,"comment_status":"closed","ping_status":"closed","sticky":false,"template":"","format":"standard","meta":{"footnotes":""},"categories":[603],"tags":[31,157,659,657,654,7,655,660],"acf":[],"yoast_head":"<!-- This site is optimized with the Yoast SEO plugin v23.0 - https:\/\/yoast.com\/wordpress\/plugins\/seo\/ -->\n<title>CCC se re\u00fane com FAB e secretarias municipais e estaduais para organiza\u00e7\u00e3o da Esquadrilha da Fuma\u00e7a - SEMASC<\/title>\n<meta name=\"description\" content=\"O Centro de Coopera\u00e7\u00e3o da Cidade (CCC), \u00f3rg\u00e3o da Prefeitura de Manaus, se reuniu com a For\u00e7a A\u00e9rea Brasileira (FAB) e demais secretarias municipais e estaduais, para a organiza\u00e7\u00e3o do Esquadr\u00e3o de Demonstra\u00e7\u00e3o A\u00e9rea (EDA), conhecido como Esquadrilha da Fuma\u00e7a.\" \/>\n<meta name=\"robots\" content=\"noindex, follow\" \/>\n<meta property=\"og:locale\" content=\"pt_BR\" \/>\n<meta property=\"og:type\" content=\"article\" \/>\n<meta property=\"og:title\" content=\"CCC se re\u00fane com FAB e secretarias municipais e estaduais para organiza\u00e7\u00e3o da Esquadrilha da Fuma\u00e7a - SEMASC\" \/>\n<meta property=\"og:description\" content=\"O Centro de Coopera\u00e7\u00e3o da Cidade (CCC), \u00f3rg\u00e3o da Prefeitura de Manaus, se reuniu com a For\u00e7a A\u00e9rea Brasileira (FAB) e demais secretarias municipais e estaduais, para a organiza\u00e7\u00e3o do Esquadr\u00e3o de Demonstra\u00e7\u00e3o A\u00e9rea (EDA), conhecido como Esquadrilha da Fuma\u00e7a.\" \/>\n<meta property=\"og:url\" content=\"https:\/\/www.manaus.am.gov.br\/semasc\/ccc-se-reune-com-fab-e-secretarias-municipais-e-estaduais-para-organizacao-da-esquadrilha-da-fumaca\/\" \/>\n<meta property=\"og:site_name\" content=\"SEMASC\" \/>\n<meta property=\"article:publisher\" content=\"https:\/\/www.facebook.com\/semascmanaus\" \/>\n<meta property=\"article:published_time\" content=\"2023-06-27T17:23:16+00:00\" \/>\n<meta property=\"article:modified_time\" content=\"2023-11-22T19:35:07+00:00\" \/>\n<meta property=\"og:image\" content=\"https:\/\/www.manaus.am.gov.br\/semasc\/wp-content\/uploads\/sites\/17\/2023\/11\/CCC-se-reune-com-FAB-e-secretarias-municipais-e-estaduais-para-organizacao-da-Esquadrilha-da-Fumaca.jpeg\" \/>\n\t<meta property=\"og:image:width\" content=\"1280\" \/>\n\t<meta property=\"og:image:height\" content=\"960\" \/>\n\t<meta property=\"og:image:type\" content=\"image\/jpeg\" \/>\n<meta name=\"author\" content=\"Cl\u00e1udia Barbosa\" \/>\n<meta name=\"twitter:card\" content=\"summary_large_image\" \/>\n<meta name=\"twitter:label1\" content=\"Written by\" \/>\n\t<meta name=\"twitter:data1\" content=\"Cl\u00e1udia Barbosa\" \/>\n\t<meta name=\"twitter:label2\" content=\"Est. reading time\" \/>\n\t<meta name=\"twitter:data2\" content=\"2 minutos\" \/>\n<script type=\"application\/ld+json\" class=\"yoast-schema-graph\">{\"@context\":\"https:\/\/schema.org\",\"@graph\":[{\"@type\":\"Article\",\"@id\":\"https:\/\/www.manaus.am.gov.br\/semasc\/ccc-se-reune-com-fab-e-secretarias-municipais-e-estaduais-para-organizacao-da-esquadrilha-da-fumaca\/#article\",\"isPartOf\":{\"@id\":\"https:\/\/www.manaus.am.gov.br\/semasc\/ccc-se-reune-com-fab-e-secretarias-municipais-e-estaduais-para-organizacao-da-esquadrilha-da-fumaca\/\"},\"author\":{\"name\":\"Cl\u00e1udia Barbosa\",\"@id\":\"https:\/\/www.manaus.am.gov.br\/semasc\/#\/schema\/person\/d0a166b5031154c33c77794ddc9a827e\"},\"headline\":\"CCC se re\u00fane com FAB e secretarias municipais e estaduais para organiza\u00e7\u00e3o da Esquadrilha da Fuma\u00e7a\",\"datePublished\":\"2023-06-27T17:23:16+00:00\",\"dateModified\":\"2023-11-22T19:35:07+00:00\",\"mainEntityOfPage\":{\"@id\":\"https:\/\/www.manaus.am.gov.br\/semasc\/ccc-se-reune-com-fab-e-secretarias-municipais-e-estaduais-para-organizacao-da-esquadrilha-da-fumaca\/\"},\"wordCount\":309,\"publisher\":{\"@id\":\"https:\/\/www.manaus.am.gov.br\/semasc\/#organization\"},\"image\":{\"@id\":\"https:\/\/www.manaus.am.gov.br\/semasc\/ccc-se-reune-com-fab-e-secretarias-municipais-e-estaduais-para-organizacao-da-esquadrilha-da-fumaca\/#primaryimage\"},\"thumbnailUrl\":\"https:\/\/www.manaus.am.gov.br\/semasc\/wp-content\/uploads\/sites\/17\/2023\/11\/CCC-se-reune-com-FAB-e-secretarias-municipais-e-estaduais-para-organizacao-da-Esquadrilha-da-Fumaca.jpeg\",\"keywords\":[\"CCC\",\"Centro de Coopera\u00e7\u00e3o da Cidade\",\"Esquadr\u00e3o de Demonstra\u00e7\u00e3o A\u00e9rea\",\"Esquadrilha da Fuma\u00e7a\",\"evento\",\"prefeitura de manaus\",\"Sandro Diz\",\"santos dumont\"],\"articleSection\":[\"Comemora\u00e7\u00e3o\"],\"inLanguage\":\"pt-BR\"},{\"@type\":\"WebPage\",\"@id\":\"https:\/\/www.manaus.am.gov.br\/semasc\/ccc-se-reune-com-fab-e-secretarias-municipais-e-estaduais-para-organizacao-da-esquadrilha-da-fumaca\/\",\"url\":\"https:\/\/www.manaus.am.gov.br\/semasc\/ccc-se-reune-com-fab-e-secretarias-municipais-e-estaduais-para-organizacao-da-esquadrilha-da-fumaca\/\",\"name\":\"CCC se re\u00fane com FAB e secretarias municipais e estaduais para organiza\u00e7\u00e3o da Esquadrilha da Fuma\u00e7a - SEMASC\",\"isPartOf\":{\"@id\":\"https:\/\/www.manaus.am.gov.br\/semasc\/#website\"},\"primaryImageOfPage\":{\"@id\":\"https:\/\/www.manaus.am.gov.br\/semasc\/ccc-se-reune-com-fab-e-secretarias-municipais-e-estaduais-para-organizacao-da-esquadrilha-da-fumaca\/#primaryimage\"},\"image\":{\"@id\":\"https:\/\/www.manaus.am.gov.br\/semasc\/ccc-se-reune-com-fab-e-secretarias-municipais-e-estaduais-para-organizacao-da-esquadrilha-da-fumaca\/#primaryimage\"},\"thumbnailUrl\":\"https:\/\/www.manaus.am.gov.br\/semasc\/wp-content\/uploads\/sites\/17\/2023\/11\/CCC-se-reune-com-FAB-e-secretarias-municipais-e-estaduais-para-organizacao-da-Esquadrilha-da-Fumaca.jpeg\",\"datePublished\":\"2023-06-27T17:23:16+00:00\",\"dateModified\":\"2023-11-22T19:35:07+00:00\",\"description\":\"O Centro de Coopera\u00e7\u00e3o da Cidade (CCC), \u00f3rg\u00e3o da Prefeitura de Manaus, se reuniu com a For\u00e7a A\u00e9rea Brasileira (FAB) e demais secretarias municipais e estaduais, para a organiza\u00e7\u00e3o do Esquadr\u00e3o de Demonstra\u00e7\u00e3o A\u00e9rea (EDA), conhecido como Esquadrilha da Fuma\u00e7a.\",\"breadcrumb\":{\"@id\":\"https:\/\/www.manaus.am.gov.br\/semasc\/ccc-se-reune-com-fab-e-secretarias-municipais-e-estaduais-para-organizacao-da-esquadrilha-da-fumaca\/#breadcrumb\"},\"inLanguage\":\"pt-BR\",\"potentialAction\":[{\"@type\":\"ReadAction\",\"target\":[\"https:\/\/www.manaus.am.gov.br\/semasc\/ccc-se-reune-com-fab-e-secretarias-municipais-e-estaduais-para-organizacao-da-esquadrilha-da-fumaca\/\"]}]},{\"@type\":\"ImageObject\",\"inLanguage\":\"pt-BR\",\"@id\":\"https:\/\/www.manaus.am.gov.br\/semasc\/ccc-se-reune-com-fab-e-secretarias-municipais-e-estaduais-para-organizacao-da-esquadrilha-da-fumaca\/#primaryimage\",\"url\":\"https:\/\/www.manaus.am.gov.br\/semasc\/wp-content\/uploads\/sites\/17\/2023\/11\/CCC-se-reune-com-FAB-e-secretarias-municipais-e-estaduais-para-organizacao-da-Esquadrilha-da-Fumaca.jpeg\",\"contentUrl\":\"https:\/\/www.manaus.am.gov.br\/semasc\/wp-content\/uploads\/sites\/17\/2023\/11\/CCC-se-reune-com-FAB-e-secretarias-municipais-e-estaduais-para-organizacao-da-Esquadrilha-da-Fumaca.jpeg\",\"width\":1280,\"height\":960},{\"@type\":\"BreadcrumbList\",\"@id\":\"https:\/\/www.manaus.am.gov.br\/semasc\/ccc-se-reune-com-fab-e-secretarias-municipais-e-estaduais-para-organizacao-da-esquadrilha-da-fumaca\/#breadcrumb\",\"itemListElement\":[{\"@type\":\"ListItem\",\"position\":1,\"name\":\"Home\",\"item\":\"https:\/\/www.manaus.am.gov.br\/semasc\/\"},{\"@type\":\"ListItem\",\"position\":2,\"name\":\"CCC se re\u00fane com FAB e secretarias municipais e estaduais para organiza\u00e7\u00e3o da Esquadrilha da Fuma\u00e7a\"}]},{\"@type\":\"WebSite\",\"@id\":\"https:\/\/www.manaus.am.gov.br\/semasc\/#website\",\"url\":\"https:\/\/www.manaus.am.gov.br\/semasc\/\",\"name\":\"SEMASC\",\"description\":\"Secretaria Municipal da Mulher, Assist\u00eancia Social e Cidadania.\",\"publisher\":{\"@id\":\"https:\/\/www.manaus.am.gov.br\/semasc\/#organization\"},\"alternateName\":\"Secretaria Municipal da Mulher, Assist\u00eancia Social e Cidadania\",\"potentialAction\":[{\"@type\":\"SearchAction\",\"target\":{\"@type\":\"EntryPoint\",\"urlTemplate\":\"https:\/\/www.manaus.am.gov.br\/semasc\/?s={search_term_string}\"},\"query-input\":\"required name=search_term_string\"}],\"inLanguage\":\"pt-BR\"},{\"@type\":\"Organization\",\"@id\":\"https:\/\/www.manaus.am.gov.br\/semasc\/#organization\",\"name\":\"Prefeitura de Manaus\",\"alternateName\":\"Prefeitura Municipal de Manaus\",\"url\":\"https:\/\/www.manaus.am.gov.br\/semasc\/\",\"logo\":{\"@type\":\"ImageObject\",\"inLanguage\":\"pt-BR\",\"@id\":\"https:\/\/www.manaus.am.gov.br\/semasc\/#\/schema\/logo\/image\/\",\"url\":\"https:\/\/www.manaus.am.gov.br\/semasc\/wp-content\/uploads\/sites\/17\/2024\/07\/favicon.png\",\"contentUrl\":\"https:\/\/www.manaus.am.gov.br\/semasc\/wp-content\/uploads\/sites\/17\/2024\/07\/favicon.png\",\"width\":300,\"height\":300,\"caption\":\"Prefeitura de Manaus\"},\"image\":{\"@id\":\"https:\/\/www.manaus.am.gov.br\/semasc\/#\/schema\/logo\/image\/\"},\"sameAs\":[\"https:\/\/www.facebook.com\/semascmanaus\",\"https:\/\/www.instagram.com\/semascmanaus\/\"]},{\"@type\":\"Person\",\"@id\":\"https:\/\/www.manaus.am.gov.br\/semasc\/#\/schema\/person\/d0a166b5031154c33c77794ddc9a827e\",\"name\":\"Cl\u00e1udia Barbosa\",\"image\":{\"@type\":\"ImageObject\",\"inLanguage\":\"pt-BR\",\"@id\":\"https:\/\/www.manaus.am.gov.br\/semasc\/#\/schema\/person\/image\/\",\"url\":\"https:\/\/secure.gravatar.com\/avatar\/42958a1cf007f1a00534009218c72590?s=96&d=mm&r=g\",\"contentUrl\":\"https:\/\/secure.gravatar.com\/avatar\/42958a1cf007f1a00534009218c72590?s=96&d=mm&r=g\",\"caption\":\"Cl\u00e1udia Barbosa\"}}]}<\/script>\n<!-- \/ Yoast SEO plugin. -->","yoast_head_json":{"title":"CCC se re\u00fane com FAB e secretarias municipais e estaduais para organiza\u00e7\u00e3o da Esquadrilha da Fuma\u00e7a - SEMASC","description":"O Centro de Coopera\u00e7\u00e3o da Cidade (CCC), \u00f3rg\u00e3o da Prefeitura de Manaus, se reuniu com a For\u00e7a A\u00e9rea Brasileira (FAB) e demais secretarias municipais e estaduais, para a organiza\u00e7\u00e3o do Esquadr\u00e3o de Demonstra\u00e7\u00e3o A\u00e9rea (EDA), conhecido como Esquadrilha da Fuma\u00e7a.","robots":{"index":"noindex","follow":"follow"},"og_locale":"pt_BR","og_type":"article","og_title":"CCC se re\u00fane com FAB e secretarias municipais e estaduais para organiza\u00e7\u00e3o da Esquadrilha da Fuma\u00e7a - SEMASC","og_description":"O Centro de Coopera\u00e7\u00e3o da Cidade (CCC), \u00f3rg\u00e3o da Prefeitura de Manaus, se reuniu com a For\u00e7a A\u00e9rea Brasileira (FAB) e demais secretarias municipais e estaduais, para a organiza\u00e7\u00e3o do Esquadr\u00e3o de Demonstra\u00e7\u00e3o A\u00e9rea (EDA), conhecido como Esquadrilha da Fuma\u00e7a.","og_url":"https:\/\/www.manaus.am.gov.br\/semasc\/ccc-se-reune-com-fab-e-secretarias-municipais-e-estaduais-para-organizacao-da-esquadrilha-da-fumaca\/","og_site_name":"SEMASC","article_publisher":"https:\/\/www.facebook.com\/semascmanaus","article_published_time":"2023-06-27T17:23:16+00:00","article_modified_time":"2023-11-22T19:35:07+00:00","og_image":[{"width":1280,"height":960,"url":"https:\/\/www.manaus.am.gov.br\/semasc\/wp-content\/uploads\/sites\/17\/2023\/11\/CCC-se-reune-com-FAB-e-secretarias-municipais-e-estaduais-para-organizacao-da-Esquadrilha-da-Fumaca.jpeg","type":"image\/jpeg"}],"author":"Cl\u00e1udia Barbosa","twitter_card":"summary_large_image","twitter_misc":{"Written by":"Cl\u00e1udia Barbosa","Est. reading time":"2 minutos"},"schema":{"@context":"https:\/\/schema.org","@graph":[{"@type":"Article","@id":"https:\/\/www.manaus.am.gov.br\/semasc\/ccc-se-reune-com-fab-e-secretarias-municipais-e-estaduais-para-organizacao-da-esquadrilha-da-fumaca\/#article","isPartOf":{"@id":"https:\/\/www.manaus.am.gov.br\/semasc\/ccc-se-reune-com-fab-e-secretarias-municipais-e-estaduais-para-organizacao-da-esquadrilha-da-fumaca\/"},"author":{"name":"Cl\u00e1udia Barbosa","@id":"https:\/\/www.manaus.am.gov.br\/semasc\/#\/schema\/person\/d0a166b5031154c33c77794ddc9a827e"},"headline":"CCC se re\u00fane com FAB e secretarias municipais e estaduais para organiza\u00e7\u00e3o da Esquadrilha da Fuma\u00e7a","datePublished":"2023-06-27T17:23:16+00:00","dateModified":"2023-11-22T19:35:07+00:00","mainEntityOfPage":{"@id":"https:\/\/www.manaus.am.gov.br\/semasc\/ccc-se-reune-com-fab-e-secretarias-municipais-e-estaduais-para-organizacao-da-esquadrilha-da-fumaca\/"},"wordCount":309,"publisher":{"@id":"https:\/\/www.manaus.am.gov.br\/semasc\/#organization"},"image":{"@id":"https:\/\/www.manaus.am.gov.br\/semasc\/ccc-se-reune-com-fab-e-secretarias-municipais-e-estaduais-para-organizacao-da-esquadrilha-da-fumaca\/#primaryimage"},"thumbnailUrl":"https:\/\/www.manaus.am.gov.br\/semasc\/wp-content\/uploads\/sites\/17\/2023\/11\/CCC-se-reune-com-FAB-e-secretarias-municipais-e-estaduais-para-organizacao-da-Esquadrilha-da-Fumaca.jpeg","keywords":["CCC","Centro de Coopera\u00e7\u00e3o da Cidade","Esquadr\u00e3o de Demonstra\u00e7\u00e3o A\u00e9rea","Esquadrilha da Fuma\u00e7a","evento","prefeitura de manaus","Sandro Diz","santos dumont"],"articleSection":["Comemora\u00e7\u00e3o"],"inLanguage":"pt-BR"},{"@type":"WebPage","@id":"https:\/\/www.manaus.am.gov.br\/semasc\/ccc-se-reune-com-fab-e-secretarias-municipais-e-estaduais-para-organizacao-da-esquadrilha-da-fumaca\/","url":"https:\/\/www.manaus.am.gov.br\/semasc\/ccc-se-reune-com-fab-e-secretarias-municipais-e-estaduais-para-organizacao-da-esquadrilha-da-fumaca\/","name":"CCC se re\u00fane com FAB e secretarias municipais e estaduais para organiza\u00e7\u00e3o da Esquadrilha da Fuma\u00e7a - SEMASC","isPartOf":{"@id":"https:\/\/www.manaus.am.gov.br\/semasc\/#website"},"primaryImageOfPage":{"@id":"https:\/\/www.manaus.am.gov.br\/semasc\/ccc-se-reune-com-fab-e-secretarias-municipais-e-estaduais-para-organizacao-da-esquadrilha-da-fumaca\/#primaryimage"},"image":{"@id":"https:\/\/www.manaus.am.gov.br\/semasc\/ccc-se-reune-com-fab-e-secretarias-municipais-e-estaduais-para-organizacao-da-esquadrilha-da-fumaca\/#primaryimage"},"thumbnailUrl":"https:\/\/www.manaus.am.gov.br\/semasc\/wp-content\/uploads\/sites\/17\/2023\/11\/CCC-se-reune-com-FAB-e-secretarias-municipais-e-estaduais-para-organizacao-da-Esquadrilha-da-Fumaca.jpeg","datePublished":"2023-06-27T17:23:16+00:00","dateModified":"2023-11-22T19:35:07+00:00","description":"O Centro de Coopera\u00e7\u00e3o da Cidade (CCC), \u00f3rg\u00e3o da Prefeitura de Manaus, se reuniu com a For\u00e7a A\u00e9rea Brasileira (FAB) e demais secretarias municipais e estaduais, para a organiza\u00e7\u00e3o do Esquadr\u00e3o de Demonstra\u00e7\u00e3o A\u00e9rea (EDA), conhecido como Esquadrilha da Fuma\u00e7a.","breadcrumb":{"@id":"https:\/\/www.manaus.am.gov.br\/semasc\/ccc-se-reune-com-fab-e-secretarias-municipais-e-estaduais-para-organizacao-da-esquadrilha-da-fumaca\/#breadcrumb"},"inLanguage":"pt-BR","potentialAction":[{"@type":"ReadAction","target":["https:\/\/www.manaus.am.gov.br\/semasc\/ccc-se-reune-com-fab-e-secretarias-municipais-e-estaduais-para-organizacao-da-esquadrilha-da-fumaca\/"]}]},{"@type":"ImageObject","inLanguage":"pt-BR","@id":"https:\/\/www.manaus.am.gov.br\/semasc\/ccc-se-reune-com-fab-e-secretarias-municipais-e-estaduais-para-organizacao-da-esquadrilha-da-fumaca\/#primaryimage","url":"https:\/\/www.manaus.am.gov.br\/semasc\/wp-content\/uploads\/sites\/17\/2023\/11\/CCC-se-reune-com-FAB-e-secretarias-municipais-e-estaduais-para-organizacao-da-Esquadrilha-da-Fumaca.jpeg","contentUrl":"https:\/\/www.manaus.am.gov.br\/semasc\/wp-content\/uploads\/sites\/17\/2023\/11\/CCC-se-reune-com-FAB-e-secretarias-municipais-e-estaduais-para-organizacao-da-Esquadrilha-da-Fumaca.jpeg","width":1280,"height":960},{"@type":"BreadcrumbList","@id":"https:\/\/www.manaus.am.gov.br\/semasc\/ccc-se-reune-com-fab-e-secretarias-municipais-e-estaduais-para-organizacao-da-esquadrilha-da-fumaca\/#breadcrumb","itemListElement":[{"@type":"ListItem","position":1,"name":"Home","item":"https:\/\/www.manaus.am.gov.br\/semasc\/"},{"@type":"ListItem","position":2,"name":"CCC se re\u00fane com FAB e secretarias municipais e estaduais para organiza\u00e7\u00e3o da Esquadrilha da Fuma\u00e7a"}]},{"@type":"WebSite","@id":"https:\/\/www.manaus.am.gov.br\/semasc\/#website","url":"https:\/\/www.manaus.am.gov.br\/semasc\/","name":"SEMASC","description":"Secretaria Municipal da Mulher, Assist\u00eancia Social e Cidadania.","publisher":{"@id":"https:\/\/www.manaus.am.gov.br\/semasc\/#organization"},"alternateName":"Secretaria Municipal da Mulher, Assist\u00eancia Social e Cidadania","potentialAction":[{"@type":"SearchAction","target":{"@type":"EntryPoint","urlTemplate":"https:\/\/www.manaus.am.gov.br\/semasc\/?s={search_term_string}"},"query-input":"required name=search_term_string"}],"inLanguage":"pt-BR"},{"@type":"Organization","@id":"https:\/\/www.manaus.am.gov.br\/semasc\/#organization","name":"Prefeitura de Manaus","alternateName":"Prefeitura Municipal de Manaus","url":"https:\/\/www.manaus.am.gov.br\/semasc\/","logo":{"@type":"ImageObject","inLanguage":"pt-BR","@id":"https:\/\/www.manaus.am.gov.br\/semasc\/#\/schema\/logo\/image\/","url":"https:\/\/www.manaus.am.gov.br\/semasc\/wp-content\/uploads\/sites\/17\/2024\/07\/favicon.png","contentUrl":"https:\/\/www.manaus.am.gov.br\/semasc\/wp-content\/uploads\/sites\/17\/2024\/07\/favicon.png","width":300,"height":300,"caption":"Prefeitura de Manaus"},"image":{"@id":"https:\/\/www.manaus.am.gov.br\/semasc\/#\/schema\/logo\/image\/"},"sameAs":["https:\/\/www.facebook.com\/semascmanaus","https:\/\/www.instagram.com\/semascmanaus\/"]},{"@type":"Person","@id":"https:\/\/www.manaus.am.gov.br\/semasc\/#\/schema\/person\/d0a166b5031154c33c77794ddc9a827e","name":"Cl\u00e1udia Barbosa","image":{"@type":"ImageObject","inLanguage":"pt-BR","@id":"https:\/\/www.manaus.am.gov.br\/semasc\/#\/schema\/person\/image\/","url":"https:\/\/secure.gravatar.com\/avatar\/42958a1cf007f1a00534009218c72590?s=96&d=mm&r=g","contentUrl":"https:\/\/secure.gravatar.com\/avatar\/42958a1cf007f1a00534009218c72590?s=96&d=mm&r=g","caption":"Cl\u00e1udia Barbosa"}}]}},"_links":{"self":[{"href":"https:\/\/www.manaus.am.gov.br\/semasc\/wp-json\/wp\/v2\/posts\/209278"}],"collection":[{"href":"https:\/\/www.manaus.am.gov.br\/semasc\/wp-json\/wp\/v2\/posts"}],"about":[{"href":"https:\/\/www.manaus.am.gov.br\/semasc\/wp-json\/wp\/v2\/types\/post"}],"author":[{"embeddable":true,"href":"https:\/\/www.manaus.am.gov.br\/semasc\/wp-json\/wp\/v2\/users\/24"}],"replies":[{"embeddable":true,"href":"https:\/\/www.manaus.am.gov.br\/semasc\/wp-json\/wp\/v2\/comments?post=209278"}],"version-history":[{"count":0,"href":"https:\/\/www.manaus.am.gov.br\/semasc\/wp-json\/wp\/v2\/posts\/209278\/revisions"}],"wp:featuredmedia":[{"embeddable":true,"href":"https:\/\/www.manaus.am.gov.br\/semasc\/wp-json\/wp\/v2\/media\/209279"}],"wp:attachment":[{"href":"https:\/\/www.manaus.am.gov.br\/semasc\/wp-json\/wp\/v2\/media?parent=209278"}],"wp:term":[{"taxonomy":"category","embeddable":true,"href":"https:\/\/www.manaus.am.gov.br\/semasc\/wp-json\/wp\/v2\/categories?post=209278"},{"taxonomy":"post_tag","embeddable":true,"href":"https:\/\/www.manaus.am.gov.br\/semasc\/wp-json\/wp\/v2\/tags?post=209278"}],"curies":[{"name":"wp","href":"https:\/\/api.w.org\/{rel}","templated":true}]}}