{"id":209262,"date":"2023-11-22T15:01:53","date_gmt":"2023-11-22T19:01:53","guid":{"rendered":"https:\/\/www.manaus.am.gov.br\/semasc\/prefeitura-de-manaus-realiza-manha-de-convivencia-especial-a-usuarios-de-cras-da-zona-sul\/"},"modified":"2023-11-22T15:01:54","modified_gmt":"2023-11-22T19:01:54","slug":"prefeitura-de-manaus-realiza-manha-de-convivencia-especial-a-usuarios-de-cras-da-zona-sul","status":"publish","type":"post","link":"https:\/\/www.manaus.am.gov.br\/semasc\/prefeitura-de-manaus-realiza-manha-de-convivencia-especial-a-usuarios-de-cras-da-zona-sul\/","title":{"rendered":"Prefeitura de Manaus realiza manh\u00e3 de conviv\u00eancia especial a usu\u00e1rios de Cras da zona Sul"},"content":{"rendered":"\n<p>Em celebra\u00e7\u00e3o ao encerramento das atividades externas do servi\u00e7o de Prote\u00e7\u00e3o e Aten\u00e7\u00e3o Integral \u00e0 Fam\u00edlia (Paif), desenvolvidas neste ano, pelo Centro de Refer\u00eancia de Assist\u00eancia Social (Cras) Japiim, equipamento localizado na zona Sul, a Prefeitura de Manaus, por meio da Secretaria Municipal da Mulher, Assist\u00eancia Social e Cidadania (Semasc), realizou, nesta quarta-feira, 22\/11, uma manh\u00e3 de conviv\u00eancia voltada aos idosos acompanhados pela unidade.<\/p>\n\n\n\n<p>Ao todo, 60 usu\u00e1rios do equipamento participaram da programa\u00e7\u00e3o, realizada na Casa de Praia Zezinho Corr\u00eaa, localizada no complexo tur\u00edstico Ponta Negra, zona Oeste, e que contou com um caf\u00e9 da manh\u00e3 especial, uma roda de conversa sobre as atividades realizadas pelo servi\u00e7o ao longo do ano e aulas de dan\u00e7a.<\/p>\n\n\n\n<p>\u201c\u00c9 um encerramento que vem para que possamos avaliar e, principalmente, celebrar todo o trabalho realizado ao longo do ano junto aos nossos usu\u00e1rios. Acima de tudo, \u00e9 um momento de confraterniza\u00e7\u00e3o com essas fam\u00edlias\u201d, destacou o coordenador do Cras Japiim, Alexandro Angelim.<\/p>\n\n\n\n<p>De acordo com a assistente social Val\u00e9ria Rodrigues, t\u00e9cnica respons\u00e1vel pelo Paif no equipamento, a confraterniza\u00e7\u00e3o \u00e9 essencial para que os usu\u00e1rios tenham ci\u00eancia da import\u00e2ncia do acompanhamento cont\u00ednuo realizado pelo Cras, al\u00e9m de colaborar para o desenvolvimento de um olhar mais intimista no que diz respeito \u00e0 evolu\u00e7\u00e3o de cada um no decorrer do ano.<\/p>\n\n\n\n<p>\u201cRealizamos esse trabalho de escuta das demandas sociais de cada uma dessas fam\u00edlias, de execu\u00e7\u00e3o de atividades internas e externas e de acompanhamento, porque \u00e9 esse o dever da Prote\u00e7\u00e3o Social B\u00e1sica, prevenir a viola\u00e7\u00e3o de direitos e garantir qualidade de vida a essas pessoas. Hoje, \u00e9 um momento de descontra\u00e7\u00e3o, de fazer com que essas pessoas continuem a se sentir amadas e acolhidas, mas tamb\u00e9m de prepara\u00e7\u00e3o para o ano de 2024, onde continuaremos nosso trabalho de cuidado com essas fam\u00edlias\u201d, explicou.<\/p>\n\n\n\n<p>Parte do grupo de idosos do Paif, do Cras Japiim, h\u00e1 um ano, a dona de casa Etelvina Fa\u00e7anha, 52, ressaltou a satisfa\u00e7\u00e3o sentida ao olhar para tr\u00e1s e perceber as mudan\u00e7as ocorridas em sua vida e na dos colegas.<\/p>\n\n\n\n<p>\u201c\u00c9 um prazer enorme fazer parte desse grupo e perceber a melhoria de vida que todos n\u00f3s desenvolvemos. V\u00edamos muitos idosos depressivos, ociosos e t\u00edmidos no come\u00e7o, mas que, agora, dan\u00e7am, conversam e se divertem, tudo gra\u00e7as ao trabalho do Cras. \u00c9 algo muito importante para n\u00f3s e motivo de muito orgulho\u201d, afirmou.<\/p>\n\n\n\n<p><strong>Paif<\/strong><\/p>\n\n\n\n<p>No Cras \u00e9 realizado o trabalho social, que tem a finalidade de fortalecer a fun\u00e7\u00e3o protetiva das fam\u00edlias, prevenir a ruptura dos seus v\u00ednculos, promover seu acesso a direitos e o usufruto deles e contribuir na melhoria de sua qualidade de vida, por meio de a\u00e7\u00f5es individuais e coletivas (acolhida, a\u00e7\u00f5es particularizadas, encaminhamentos, oficinas com fam\u00edlias e a\u00e7\u00f5es comunit\u00e1rias), que precisam ser implementadas, de forma articulada, e requerem planejamento e avalia\u00e7\u00e3o.<\/p>\n\n\n\n<p>&#8212; &#8212; &#8212;<\/p>\n\n\n\n<p><strong>Texto &#8211;&nbsp;<\/strong>Guilherme Pacheco \/ Semasc<\/p>\n\n\n\n<p><strong>Fotos &#8211;\u00a0<\/strong>Diego Lima \/ Semasc<\/p>\n\n\n\n<p><strong>Dispon\u00edveis em <\/strong>&#8211; <a href=\"https:\/\/flic.kr\/s\/aHBqjB4ozz\">https:\/\/flic.kr\/s\/aHBqjB4ozz<\/a><\/p>\n\n\n\n<p><\/p>\n","protected":false},"excerpt":{"rendered":"","protected":false},"author":23,"featured_media":209263,"comment_status":"closed","ping_status":"closed","sticky":false,"template":"","format":"standard","meta":{"footnotes":""},"categories":[34],"tags":[72,636,637,500,7,18],"acf":[],"yoast_head":"<!-- This site is optimized with the Yoast SEO plugin v23.0 - https:\/\/yoast.com\/wordpress\/plugins\/seo\/ -->\n<title>Prefeitura de Manaus realiza manh\u00e3 de conviv\u00eancia especial a usu\u00e1rios de Cras da zona Sul<\/title>\n<meta name=\"description\" content=\"Em celebra\u00e7\u00e3o ao encerramento das atividades externas do servi\u00e7o de Prote\u00e7\u00e3o e Aten\u00e7\u00e3o Integral \u00e0 Fam\u00edlia (Paif), desenvolvidas neste ano, pelo Centro de Refer\u00eancia de Assist\u00eancia Social (Cras) Japiim, equipamento localizado na zona Sul, a Prefeitura de Manaus, por meio da Secretaria Municipal da Mulher, Assist\u00eancia Social e Cidadania (Semasc), realizou, nesta quarta-feira, 22\/11, uma manh\u00e3 de conviv\u00eancia voltada aos idosos acompanhados pela unidade.\" \/>\n<meta name=\"robots\" content=\"noindex, follow\" \/>\n<meta property=\"og:locale\" content=\"pt_BR\" \/>\n<meta property=\"og:type\" content=\"article\" \/>\n<meta property=\"og:title\" content=\"Prefeitura de Manaus realiza manh\u00e3 de conviv\u00eancia especial a usu\u00e1rios de Cras da zona Sul\" \/>\n<meta property=\"og:description\" content=\"Em celebra\u00e7\u00e3o ao encerramento das atividades externas do servi\u00e7o de Prote\u00e7\u00e3o e Aten\u00e7\u00e3o Integral \u00e0 Fam\u00edlia (Paif), desenvolvidas neste ano, pelo Centro de Refer\u00eancia de Assist\u00eancia Social (Cras) Japiim, equipamento localizado na zona Sul, a Prefeitura de Manaus, por meio da Secretaria Municipal da Mulher, Assist\u00eancia Social e Cidadania (Semasc), realizou, nesta quarta-feira, 22\/11, uma manh\u00e3 de conviv\u00eancia voltada aos idosos acompanhados pela unidade.\" \/>\n<meta property=\"og:url\" content=\"https:\/\/www.manaus.am.gov.br\/semasc\/prefeitura-de-manaus-realiza-manha-de-convivencia-especial-a-usuarios-de-cras-da-zona-sul\/\" \/>\n<meta property=\"og:site_name\" content=\"SEMASC\" \/>\n<meta property=\"article:publisher\" content=\"https:\/\/www.facebook.com\/semascmanaus\" \/>\n<meta property=\"article:published_time\" content=\"2023-11-22T19:01:53+00:00\" \/>\n<meta property=\"article:modified_time\" content=\"2023-11-22T19:01:54+00:00\" \/>\n<meta property=\"og:image\" content=\"https:\/\/www.manaus.am.gov.br\/semasc\/wp-content\/uploads\/sites\/17\/2023\/11\/53349702800_4e0fb71299_c.jpg\" \/>\n\t<meta property=\"og:image:width\" content=\"799\" \/>\n\t<meta property=\"og:image:height\" content=\"533\" \/>\n\t<meta property=\"og:image:type\" content=\"image\/jpeg\" \/>\n<meta name=\"author\" content=\"Adriana Costa\" \/>\n<meta name=\"twitter:card\" content=\"summary_large_image\" \/>\n<meta name=\"twitter:label1\" content=\"Written by\" \/>\n\t<meta name=\"twitter:data1\" content=\"Adriana Costa\" \/>\n\t<meta name=\"twitter:label2\" content=\"Est. reading time\" \/>\n\t<meta name=\"twitter:data2\" content=\"3 minutos\" \/>\n<script type=\"application\/ld+json\" class=\"yoast-schema-graph\">{\"@context\":\"https:\/\/schema.org\",\"@graph\":[{\"@type\":\"Article\",\"@id\":\"https:\/\/www.manaus.am.gov.br\/semasc\/prefeitura-de-manaus-realiza-manha-de-convivencia-especial-a-usuarios-de-cras-da-zona-sul\/#article\",\"isPartOf\":{\"@id\":\"https:\/\/www.manaus.am.gov.br\/semasc\/prefeitura-de-manaus-realiza-manha-de-convivencia-especial-a-usuarios-de-cras-da-zona-sul\/\"},\"author\":{\"name\":\"Adriana Costa\",\"@id\":\"https:\/\/www.manaus.am.gov.br\/semasc\/#\/schema\/person\/4e49f4e267757a06ca072ec61b2b9968\"},\"headline\":\"Prefeitura de Manaus realiza manh\u00e3 de conviv\u00eancia especial a usu\u00e1rios de Cras da zona Sul\",\"datePublished\":\"2023-11-22T19:01:53+00:00\",\"dateModified\":\"2023-11-22T19:01:54+00:00\",\"mainEntityOfPage\":{\"@id\":\"https:\/\/www.manaus.am.gov.br\/semasc\/prefeitura-de-manaus-realiza-manha-de-convivencia-especial-a-usuarios-de-cras-da-zona-sul\/\"},\"wordCount\":546,\"publisher\":{\"@id\":\"https:\/\/www.manaus.am.gov.br\/semasc\/#organization\"},\"image\":{\"@id\":\"https:\/\/www.manaus.am.gov.br\/semasc\/prefeitura-de-manaus-realiza-manha-de-convivencia-especial-a-usuarios-de-cras-da-zona-sul\/#primaryimage\"},\"thumbnailUrl\":\"https:\/\/www.manaus.am.gov.br\/semasc\/wp-content\/uploads\/sites\/17\/2023\/11\/53349702800_4e0fb71299_c.jpg\",\"keywords\":[\"assist\u00eancia social\",\"Casa Zezinho Corr\u00eaa\",\"Cras Japiim\",\"passeio\",\"prefeitura de manaus\",\"Semasc\"],\"articleSection\":[\"Assist\u00eancia Social\"],\"inLanguage\":\"pt-BR\"},{\"@type\":\"WebPage\",\"@id\":\"https:\/\/www.manaus.am.gov.br\/semasc\/prefeitura-de-manaus-realiza-manha-de-convivencia-especial-a-usuarios-de-cras-da-zona-sul\/\",\"url\":\"https:\/\/www.manaus.am.gov.br\/semasc\/prefeitura-de-manaus-realiza-manha-de-convivencia-especial-a-usuarios-de-cras-da-zona-sul\/\",\"name\":\"Prefeitura de Manaus realiza manh\u00e3 de conviv\u00eancia especial a usu\u00e1rios de Cras da zona Sul\",\"isPartOf\":{\"@id\":\"https:\/\/www.manaus.am.gov.br\/semasc\/#website\"},\"primaryImageOfPage\":{\"@id\":\"https:\/\/www.manaus.am.gov.br\/semasc\/prefeitura-de-manaus-realiza-manha-de-convivencia-especial-a-usuarios-de-cras-da-zona-sul\/#primaryimage\"},\"image\":{\"@id\":\"https:\/\/www.manaus.am.gov.br\/semasc\/prefeitura-de-manaus-realiza-manha-de-convivencia-especial-a-usuarios-de-cras-da-zona-sul\/#primaryimage\"},\"thumbnailUrl\":\"https:\/\/www.manaus.am.gov.br\/semasc\/wp-content\/uploads\/sites\/17\/2023\/11\/53349702800_4e0fb71299_c.jpg\",\"datePublished\":\"2023-11-22T19:01:53+00:00\",\"dateModified\":\"2023-11-22T19:01:54+00:00\",\"description\":\"Em celebra\u00e7\u00e3o ao encerramento das atividades externas do servi\u00e7o de Prote\u00e7\u00e3o e Aten\u00e7\u00e3o Integral \u00e0 Fam\u00edlia (Paif), desenvolvidas neste ano, pelo Centro de Refer\u00eancia de Assist\u00eancia Social (Cras) Japiim, equipamento localizado na zona Sul, a Prefeitura de Manaus, por meio da Secretaria Municipal da Mulher, Assist\u00eancia Social e Cidadania (Semasc), realizou, nesta quarta-feira, 22\/11, uma manh\u00e3 de conviv\u00eancia voltada aos idosos acompanhados pela unidade.\",\"breadcrumb\":{\"@id\":\"https:\/\/www.manaus.am.gov.br\/semasc\/prefeitura-de-manaus-realiza-manha-de-convivencia-especial-a-usuarios-de-cras-da-zona-sul\/#breadcrumb\"},\"inLanguage\":\"pt-BR\",\"potentialAction\":[{\"@type\":\"ReadAction\",\"target\":[\"https:\/\/www.manaus.am.gov.br\/semasc\/prefeitura-de-manaus-realiza-manha-de-convivencia-especial-a-usuarios-de-cras-da-zona-sul\/\"]}]},{\"@type\":\"ImageObject\",\"inLanguage\":\"pt-BR\",\"@id\":\"https:\/\/www.manaus.am.gov.br\/semasc\/prefeitura-de-manaus-realiza-manha-de-convivencia-especial-a-usuarios-de-cras-da-zona-sul\/#primaryimage\",\"url\":\"https:\/\/www.manaus.am.gov.br\/semasc\/wp-content\/uploads\/sites\/17\/2023\/11\/53349702800_4e0fb71299_c.jpg\",\"contentUrl\":\"https:\/\/www.manaus.am.gov.br\/semasc\/wp-content\/uploads\/sites\/17\/2023\/11\/53349702800_4e0fb71299_c.jpg\",\"width\":799,\"height\":533},{\"@type\":\"BreadcrumbList\",\"@id\":\"https:\/\/www.manaus.am.gov.br\/semasc\/prefeitura-de-manaus-realiza-manha-de-convivencia-especial-a-usuarios-de-cras-da-zona-sul\/#breadcrumb\",\"itemListElement\":[{\"@type\":\"ListItem\",\"position\":1,\"name\":\"Home\",\"item\":\"https:\/\/www.manaus.am.gov.br\/semasc\/\"},{\"@type\":\"ListItem\",\"position\":2,\"name\":\"Prefeitura de Manaus realiza manh\u00e3 de conviv\u00eancia especial a usu\u00e1rios de Cras da zona Sul\"}]},{\"@type\":\"WebSite\",\"@id\":\"https:\/\/www.manaus.am.gov.br\/semasc\/#website\",\"url\":\"https:\/\/www.manaus.am.gov.br\/semasc\/\",\"name\":\"SEMASC\",\"description\":\"Secretaria Municipal da Mulher, Assist\u00eancia Social e Cidadania.\",\"publisher\":{\"@id\":\"https:\/\/www.manaus.am.gov.br\/semasc\/#organization\"},\"alternateName\":\"Secretaria Municipal da Mulher, Assist\u00eancia Social e Cidadania\",\"potentialAction\":[{\"@type\":\"SearchAction\",\"target\":{\"@type\":\"EntryPoint\",\"urlTemplate\":\"https:\/\/www.manaus.am.gov.br\/semasc\/?s={search_term_string}\"},\"query-input\":\"required name=search_term_string\"}],\"inLanguage\":\"pt-BR\"},{\"@type\":\"Organization\",\"@id\":\"https:\/\/www.manaus.am.gov.br\/semasc\/#organization\",\"name\":\"Prefeitura de Manaus\",\"alternateName\":\"Prefeitura Municipal de Manaus\",\"url\":\"https:\/\/www.manaus.am.gov.br\/semasc\/\",\"logo\":{\"@type\":\"ImageObject\",\"inLanguage\":\"pt-BR\",\"@id\":\"https:\/\/www.manaus.am.gov.br\/semasc\/#\/schema\/logo\/image\/\",\"url\":\"https:\/\/www.manaus.am.gov.br\/semasc\/wp-content\/uploads\/sites\/17\/2024\/07\/favicon.png\",\"contentUrl\":\"https:\/\/www.manaus.am.gov.br\/semasc\/wp-content\/uploads\/sites\/17\/2024\/07\/favicon.png\",\"width\":300,\"height\":300,\"caption\":\"Prefeitura de Manaus\"},\"image\":{\"@id\":\"https:\/\/www.manaus.am.gov.br\/semasc\/#\/schema\/logo\/image\/\"},\"sameAs\":[\"https:\/\/www.facebook.com\/semascmanaus\",\"https:\/\/www.instagram.com\/semascmanaus\/\"]},{\"@type\":\"Person\",\"@id\":\"https:\/\/www.manaus.am.gov.br\/semasc\/#\/schema\/person\/4e49f4e267757a06ca072ec61b2b9968\",\"name\":\"Adriana Costa\",\"image\":{\"@type\":\"ImageObject\",\"inLanguage\":\"pt-BR\",\"@id\":\"https:\/\/www.manaus.am.gov.br\/semasc\/#\/schema\/person\/image\/\",\"url\":\"https:\/\/secure.gravatar.com\/avatar\/576258617ef7194f718179e766d57bd4?s=96&d=mm&r=g\",\"contentUrl\":\"https:\/\/secure.gravatar.com\/avatar\/576258617ef7194f718179e766d57bd4?s=96&d=mm&r=g\",\"caption\":\"Adriana Costa\"}}]}<\/script>\n<!-- \/ Yoast SEO plugin. -->","yoast_head_json":{"title":"Prefeitura de Manaus realiza manh\u00e3 de conviv\u00eancia especial a usu\u00e1rios de Cras da zona Sul","description":"Em celebra\u00e7\u00e3o ao encerramento das atividades externas do servi\u00e7o de Prote\u00e7\u00e3o e Aten\u00e7\u00e3o Integral \u00e0 Fam\u00edlia (Paif), desenvolvidas neste ano, pelo Centro de Refer\u00eancia de Assist\u00eancia Social (Cras) Japiim, equipamento localizado na zona Sul, a Prefeitura de Manaus, por meio da Secretaria Municipal da Mulher, Assist\u00eancia Social e Cidadania (Semasc), realizou, nesta quarta-feira, 22\/11, uma manh\u00e3 de conviv\u00eancia voltada aos idosos acompanhados pela unidade.","robots":{"index":"noindex","follow":"follow"},"og_locale":"pt_BR","og_type":"article","og_title":"Prefeitura de Manaus realiza manh\u00e3 de conviv\u00eancia especial a usu\u00e1rios de Cras da zona Sul","og_description":"Em celebra\u00e7\u00e3o ao encerramento das atividades externas do servi\u00e7o de Prote\u00e7\u00e3o e Aten\u00e7\u00e3o Integral \u00e0 Fam\u00edlia (Paif), desenvolvidas neste ano, pelo Centro de Refer\u00eancia de Assist\u00eancia Social (Cras) Japiim, equipamento localizado na zona Sul, a Prefeitura de Manaus, por meio da Secretaria Municipal da Mulher, Assist\u00eancia Social e Cidadania (Semasc), realizou, nesta quarta-feira, 22\/11, uma manh\u00e3 de conviv\u00eancia voltada aos idosos acompanhados pela unidade.","og_url":"https:\/\/www.manaus.am.gov.br\/semasc\/prefeitura-de-manaus-realiza-manha-de-convivencia-especial-a-usuarios-de-cras-da-zona-sul\/","og_site_name":"SEMASC","article_publisher":"https:\/\/www.facebook.com\/semascmanaus","article_published_time":"2023-11-22T19:01:53+00:00","article_modified_time":"2023-11-22T19:01:54+00:00","og_image":[{"width":799,"height":533,"url":"https:\/\/www.manaus.am.gov.br\/semasc\/wp-content\/uploads\/sites\/17\/2023\/11\/53349702800_4e0fb71299_c.jpg","type":"image\/jpeg"}],"author":"Adriana Costa","twitter_card":"summary_large_image","twitter_misc":{"Written by":"Adriana Costa","Est. reading time":"3 minutos"},"schema":{"@context":"https:\/\/schema.org","@graph":[{"@type":"Article","@id":"https:\/\/www.manaus.am.gov.br\/semasc\/prefeitura-de-manaus-realiza-manha-de-convivencia-especial-a-usuarios-de-cras-da-zona-sul\/#article","isPartOf":{"@id":"https:\/\/www.manaus.am.gov.br\/semasc\/prefeitura-de-manaus-realiza-manha-de-convivencia-especial-a-usuarios-de-cras-da-zona-sul\/"},"author":{"name":"Adriana Costa","@id":"https:\/\/www.manaus.am.gov.br\/semasc\/#\/schema\/person\/4e49f4e267757a06ca072ec61b2b9968"},"headline":"Prefeitura de Manaus realiza manh\u00e3 de conviv\u00eancia especial a usu\u00e1rios de Cras da zona Sul","datePublished":"2023-11-22T19:01:53+00:00","dateModified":"2023-11-22T19:01:54+00:00","mainEntityOfPage":{"@id":"https:\/\/www.manaus.am.gov.br\/semasc\/prefeitura-de-manaus-realiza-manha-de-convivencia-especial-a-usuarios-de-cras-da-zona-sul\/"},"wordCount":546,"publisher":{"@id":"https:\/\/www.manaus.am.gov.br\/semasc\/#organization"},"image":{"@id":"https:\/\/www.manaus.am.gov.br\/semasc\/prefeitura-de-manaus-realiza-manha-de-convivencia-especial-a-usuarios-de-cras-da-zona-sul\/#primaryimage"},"thumbnailUrl":"https:\/\/www.manaus.am.gov.br\/semasc\/wp-content\/uploads\/sites\/17\/2023\/11\/53349702800_4e0fb71299_c.jpg","keywords":["assist\u00eancia social","Casa Zezinho Corr\u00eaa","Cras Japiim","passeio","prefeitura de manaus","Semasc"],"articleSection":["Assist\u00eancia Social"],"inLanguage":"pt-BR"},{"@type":"WebPage","@id":"https:\/\/www.manaus.am.gov.br\/semasc\/prefeitura-de-manaus-realiza-manha-de-convivencia-especial-a-usuarios-de-cras-da-zona-sul\/","url":"https:\/\/www.manaus.am.gov.br\/semasc\/prefeitura-de-manaus-realiza-manha-de-convivencia-especial-a-usuarios-de-cras-da-zona-sul\/","name":"Prefeitura de Manaus realiza manh\u00e3 de conviv\u00eancia especial a usu\u00e1rios de Cras da zona Sul","isPartOf":{"@id":"https:\/\/www.manaus.am.gov.br\/semasc\/#website"},"primaryImageOfPage":{"@id":"https:\/\/www.manaus.am.gov.br\/semasc\/prefeitura-de-manaus-realiza-manha-de-convivencia-especial-a-usuarios-de-cras-da-zona-sul\/#primaryimage"},"image":{"@id":"https:\/\/www.manaus.am.gov.br\/semasc\/prefeitura-de-manaus-realiza-manha-de-convivencia-especial-a-usuarios-de-cras-da-zona-sul\/#primaryimage"},"thumbnailUrl":"https:\/\/www.manaus.am.gov.br\/semasc\/wp-content\/uploads\/sites\/17\/2023\/11\/53349702800_4e0fb71299_c.jpg","datePublished":"2023-11-22T19:01:53+00:00","dateModified":"2023-11-22T19:01:54+00:00","description":"Em celebra\u00e7\u00e3o ao encerramento das atividades externas do servi\u00e7o de Prote\u00e7\u00e3o e Aten\u00e7\u00e3o Integral \u00e0 Fam\u00edlia (Paif), desenvolvidas neste ano, pelo Centro de Refer\u00eancia de Assist\u00eancia Social (Cras) Japiim, equipamento localizado na zona Sul, a Prefeitura de Manaus, por meio da Secretaria Municipal da Mulher, Assist\u00eancia Social e Cidadania (Semasc), realizou, nesta quarta-feira, 22\/11, uma manh\u00e3 de conviv\u00eancia voltada aos idosos acompanhados pela unidade.","breadcrumb":{"@id":"https:\/\/www.manaus.am.gov.br\/semasc\/prefeitura-de-manaus-realiza-manha-de-convivencia-especial-a-usuarios-de-cras-da-zona-sul\/#breadcrumb"},"inLanguage":"pt-BR","potentialAction":[{"@type":"ReadAction","target":["https:\/\/www.manaus.am.gov.br\/semasc\/prefeitura-de-manaus-realiza-manha-de-convivencia-especial-a-usuarios-de-cras-da-zona-sul\/"]}]},{"@type":"ImageObject","inLanguage":"pt-BR","@id":"https:\/\/www.manaus.am.gov.br\/semasc\/prefeitura-de-manaus-realiza-manha-de-convivencia-especial-a-usuarios-de-cras-da-zona-sul\/#primaryimage","url":"https:\/\/www.manaus.am.gov.br\/semasc\/wp-content\/uploads\/sites\/17\/2023\/11\/53349702800_4e0fb71299_c.jpg","contentUrl":"https:\/\/www.manaus.am.gov.br\/semasc\/wp-content\/uploads\/sites\/17\/2023\/11\/53349702800_4e0fb71299_c.jpg","width":799,"height":533},{"@type":"BreadcrumbList","@id":"https:\/\/www.manaus.am.gov.br\/semasc\/prefeitura-de-manaus-realiza-manha-de-convivencia-especial-a-usuarios-de-cras-da-zona-sul\/#breadcrumb","itemListElement":[{"@type":"ListItem","position":1,"name":"Home","item":"https:\/\/www.manaus.am.gov.br\/semasc\/"},{"@type":"ListItem","position":2,"name":"Prefeitura de Manaus realiza manh\u00e3 de conviv\u00eancia especial a usu\u00e1rios de Cras da zona Sul"}]},{"@type":"WebSite","@id":"https:\/\/www.manaus.am.gov.br\/semasc\/#website","url":"https:\/\/www.manaus.am.gov.br\/semasc\/","name":"SEMASC","description":"Secretaria Municipal da Mulher, Assist\u00eancia Social e Cidadania.","publisher":{"@id":"https:\/\/www.manaus.am.gov.br\/semasc\/#organization"},"alternateName":"Secretaria Municipal da Mulher, Assist\u00eancia Social e Cidadania","potentialAction":[{"@type":"SearchAction","target":{"@type":"EntryPoint","urlTemplate":"https:\/\/www.manaus.am.gov.br\/semasc\/?s={search_term_string}"},"query-input":"required name=search_term_string"}],"inLanguage":"pt-BR"},{"@type":"Organization","@id":"https:\/\/www.manaus.am.gov.br\/semasc\/#organization","name":"Prefeitura de Manaus","alternateName":"Prefeitura Municipal de Manaus","url":"https:\/\/www.manaus.am.gov.br\/semasc\/","logo":{"@type":"ImageObject","inLanguage":"pt-BR","@id":"https:\/\/www.manaus.am.gov.br\/semasc\/#\/schema\/logo\/image\/","url":"https:\/\/www.manaus.am.gov.br\/semasc\/wp-content\/uploads\/sites\/17\/2024\/07\/favicon.png","contentUrl":"https:\/\/www.manaus.am.gov.br\/semasc\/wp-content\/uploads\/sites\/17\/2024\/07\/favicon.png","width":300,"height":300,"caption":"Prefeitura de Manaus"},"image":{"@id":"https:\/\/www.manaus.am.gov.br\/semasc\/#\/schema\/logo\/image\/"},"sameAs":["https:\/\/www.facebook.com\/semascmanaus","https:\/\/www.instagram.com\/semascmanaus\/"]},{"@type":"Person","@id":"https:\/\/www.manaus.am.gov.br\/semasc\/#\/schema\/person\/4e49f4e267757a06ca072ec61b2b9968","name":"Adriana Costa","image":{"@type":"ImageObject","inLanguage":"pt-BR","@id":"https:\/\/www.manaus.am.gov.br\/semasc\/#\/schema\/person\/image\/","url":"https:\/\/secure.gravatar.com\/avatar\/576258617ef7194f718179e766d57bd4?s=96&d=mm&r=g","contentUrl":"https:\/\/secure.gravatar.com\/avatar\/576258617ef7194f718179e766d57bd4?s=96&d=mm&r=g","caption":"Adriana Costa"}}]}},"_links":{"self":[{"href":"https:\/\/www.manaus.am.gov.br\/semasc\/wp-json\/wp\/v2\/posts\/209262"}],"collection":[{"href":"https:\/\/www.manaus.am.gov.br\/semasc\/wp-json\/wp\/v2\/posts"}],"about":[{"href":"https:\/\/www.manaus.am.gov.br\/semasc\/wp-json\/wp\/v2\/types\/post"}],"author":[{"embeddable":true,"href":"https:\/\/www.manaus.am.gov.br\/semasc\/wp-json\/wp\/v2\/users\/23"}],"replies":[{"embeddable":true,"href":"https:\/\/www.manaus.am.gov.br\/semasc\/wp-json\/wp\/v2\/comments?post=209262"}],"version-history":[{"count":0,"href":"https:\/\/www.manaus.am.gov.br\/semasc\/wp-json\/wp\/v2\/posts\/209262\/revisions"}],"wp:featuredmedia":[{"embeddable":true,"href":"https:\/\/www.manaus.am.gov.br\/semasc\/wp-json\/wp\/v2\/media\/209263"}],"wp:attachment":[{"href":"https:\/\/www.manaus.am.gov.br\/semasc\/wp-json\/wp\/v2\/media?parent=209262"}],"wp:term":[{"taxonomy":"category","embeddable":true,"href":"https:\/\/www.manaus.am.gov.br\/semasc\/wp-json\/wp\/v2\/categories?post=209262"},{"taxonomy":"post_tag","embeddable":true,"href":"https:\/\/www.manaus.am.gov.br\/semasc\/wp-json\/wp\/v2\/tags?post=209262"}],"curies":[{"name":"wp","href":"https:\/\/api.w.org\/{rel}","templated":true}]}}