{"id":209241,"date":"2023-10-04T17:28:11","date_gmt":"2023-10-04T21:28:11","guid":{"rendered":"https:\/\/www.manaus.am.gov.br\/semasc\/prefeitura-inicia-defesa-civil-na-escola-para-ensinar-nocoes-sobre-tecnicas-de-primeiros-socorros-a-alunos-da-rede-municipal\/"},"modified":"2023-11-21T10:29:12","modified_gmt":"2023-11-21T14:29:12","slug":"prefeitura-inicia-defesa-civil-na-escola-para-ensinar-nocoes-sobre-tecnicas-de-primeiros-socorros-a-alunos-da-rede-municipal","status":"publish","type":"post","link":"https:\/\/www.manaus.am.gov.br\/semasc\/prefeitura-inicia-defesa-civil-na-escola-para-ensinar-nocoes-sobre-tecnicas-de-primeiros-socorros-a-alunos-da-rede-municipal\/","title":{"rendered":"Prefeitura inicia \u2018Defesa Civil na Escola\u2019 para ensinar no\u00e7\u00f5es sobre t\u00e9cnicas de primeiros socorros a alunos da rede municipal"},"content":{"rendered":"\n<p>Como parte das a\u00e7\u00f5es da Semana Internacional para a Redu\u00e7\u00e3o do Risco de Desastres Naturais, a Prefeitura de Manaus, por meio da Secretaria Municipal de Seguran\u00e7a P\u00fablica e Defesa Social (Semseg), deu in\u00edcio, nesta quarta-feira, 4\/10, \u00e0s atividades do projeto \u201cDefesa Civil na Escola\u201d.<\/p>\n\n\n\n<p>A iniciativa tem o objetivo de levar, por meio de palestras e no\u00e7\u00f5es t\u00e9cnicas, informa\u00e7\u00f5es b\u00e1sicas a estudantes sobre primeiros socorros, meio ambiente e procedimentos da Defesa Civil. A a\u00e7\u00e3o contemplou, neste primeiro dia, 23 alunos da escola municipal Coronel Jorge Teixeira de Oliveira, na comunidade &nbsp;Grande Vit\u00f3ria, bairro Gilberto Mestrinho, zona Leste da cidade.<\/p>\n\n\n\n<p>Sob a coordena\u00e7\u00e3o da ouvidora-geral e do assessor institucional da Semseg, Tha\u00eds Rodrigues e Ariomar Nobre, o encontro teve in\u00edcio \u00e0s 7h30, com explana\u00e7\u00e3o sobre o papel da Defesa Civil e orienta\u00e7\u00f5es sobre servi\u00e7os desenvolvidos pela pasta. Parceiros do projeto, agentes do grupo Su\u00e7uarana, entidade civil especializada em treinar e aprimorar t\u00e9cnicas para buscas e salvamento em qualquer tipo de ambiente, tamb\u00e9m participaram da atividade.<\/p>\n\n\n\n<p>\u201cNossa ideia \u00e9 transformar esses alunos em agentes multiplicadores de informa\u00e7\u00f5es, dentro da localidade onde moram. Primeiramente, tratamos a Defesa Civil no pa\u00eds, no estado e no munic\u00edpio, com suas respectivas atribui\u00e7\u00f5es, para que eles pudessem entender como funciona o atendimento local \u00e0s ocorr\u00eancias feitas ao 199\u201d, explicou Ariomar.<\/p>\n\n\n\n<p>Os estudantes receberam instru\u00e7\u00f5es sobre como contribuir para a preserva\u00e7\u00e3o do meio ambiente, abordando maneiras do consumo consciente de energia e \u00e1gua, descarte adequado de lixo, passando por outros temas, como preven\u00e7\u00e3o a acidentes dom\u00e9sticos e no\u00e7\u00f5es b\u00e1sicas de primeiros socorros.<\/p>\n\n\n\n<p>O ouvidor-adjunto da pasta, Luiz Guilherme Morais, tamb\u00e9m acompanhou o in\u00edcio das atividades do projeto. Pelo grupo Su\u00e7uarana estiveram presentes, o presidente nacional, Celso Roberto Ventura; o diretor regional da unidade em Manaus, Delcimar Viana Machado; Bianca Batista Barnab\u00e9, Alexandre Rutemberg Fonseca de Castro e Deucimar Freitas. &nbsp;<\/p>\n\n\n\n<p>Para o estudante Carlos Lima da Silva, 10, aluno do 4\u00ba ano do ensino fundamental, o projeto foi muito importante para que os estudantes pudessem adquirir novos conhecimentos, principalmente sobre as atividades da Defesa Civil e primeiros socorros.<\/p>\n\n\n\n<p>\u201cTenho um irm\u00e3o mais novo, de 4 anos, e j\u00e1 vou poder compartilhar com ele o que aprendi. Gostei muito da din\u00e2mica adotada. Eu interagi, respondi \u00e0s perguntas e at\u00e9 fui premiado com uma blusa e bon\u00e9 do programa\u201d, disse.<\/p>\n\n\n\n<p>O projeto \u201cDefesa Civil na Escola\u201d \u00e9 uma iniciativa da Semseg e conta com parceiros, como o grupo Su\u00e7uarana e as secretarias municipais de Educa\u00e7\u00e3o (Semed); da Mulher, Assist\u00eancia Social e Cidadania (Semasc; de Meio Ambiente e Sustentabilidade (Semmas); e de Limpeza Urbana (Semulsp).<\/p>\n\n\n\n<h2 class=\"wp-block-heading\">Programa\u00e7\u00e3o\u00a0<\/h2>\n\n\n\n<p>O projeto \u201cDefesa Civil na Escola\u201d, neste primeiro momento, ir\u00e1 contemplar escolas da rede p\u00fablica de ensino situadas na zona Leste da cidade. Na quinta-feira, 5\/10, ser\u00e1 levado \u00e0 escola municipal Francisco Nunes, na comunidade Bela Vista, bairro Puraquequara. J\u00e1 na sexta-feira, 6, ser\u00e1 apresentado a estudantes da escola municipal Arist\u00f3teles Comte de Alencar, no bairro Armando Mendes.<\/p>\n\n\n\n<p>Os trabalhos ser\u00e3o retomados na ter\u00e7a-feira, 10, na escola municipal Professora Francisca Pergentina da Silva, no bairro Zumbi dos Palmares. As \u00faltimas palestras ir\u00e3o acontecer na quarta-feira, 11, na escola municipal Nossa Senhora das Gra\u00e7as, no bairro Col\u00f4nia Ant\u00f4nio Aleixo, antecedendo o Dia Internacional para Redu\u00e7\u00e3o de Desastres, celebrado no dia 13 de outubro.<\/p>\n\n\n\n<p>&#8212; &#8212; &#8212;<\/p>\n\n\n\n<p><strong>Texto<\/strong>\u00a0&#8211; \u00a0Geanne Fernandes \/ Semseg<br><strong>Foto<\/strong>\u00a0&#8211; Altemar Alc\u00e2ntara \/ Semseg<\/p>\n","protected":false},"excerpt":{"rendered":"","protected":false},"author":31,"featured_media":209242,"comment_status":"closed","ping_status":"closed","sticky":false,"template":"","format":"standard","meta":{"footnotes":""},"categories":[119],"tags":[632,633,634],"acf":[],"yoast_head":"<!-- This site is optimized with the Yoast SEO plugin v23.0 - https:\/\/yoast.com\/wordpress\/plugins\/seo\/ -->\n<title>Prefeitura inicia \u2018Defesa Civil na Escola\u2019 para ensinar no\u00e7\u00f5es sobre t\u00e9cnicas de primeiros socorros a alunos da rede municipal - SEMASC<\/title>\n<meta name=\"robots\" content=\"noindex, follow\" \/>\n<meta property=\"og:locale\" content=\"pt_BR\" \/>\n<meta property=\"og:type\" content=\"article\" \/>\n<meta property=\"og:title\" content=\"Prefeitura inicia \u2018Defesa Civil na Escola\u2019 para ensinar no\u00e7\u00f5es sobre t\u00e9cnicas de primeiros socorros a alunos da rede municipal - SEMASC\" \/>\n<meta property=\"og:url\" content=\"https:\/\/www.manaus.am.gov.br\/semasc\/prefeitura-inicia-defesa-civil-na-escola-para-ensinar-nocoes-sobre-tecnicas-de-primeiros-socorros-a-alunos-da-rede-municipal\/\" \/>\n<meta property=\"og:site_name\" content=\"SEMASC\" \/>\n<meta property=\"article:publisher\" content=\"https:\/\/www.facebook.com\/semascmanaus\" \/>\n<meta property=\"article:published_time\" content=\"2023-10-04T21:28:11+00:00\" \/>\n<meta property=\"article:modified_time\" content=\"2023-11-21T14:29:12+00:00\" \/>\n<meta property=\"og:image\" content=\"https:\/\/www.manaus.am.gov.br\/semasc\/wp-content\/uploads\/sites\/17\/2023\/11\/0MJ14971-1024x683.jpg\" \/>\n\t<meta property=\"og:image:width\" content=\"1024\" \/>\n\t<meta property=\"og:image:height\" content=\"683\" \/>\n\t<meta property=\"og:image:type\" content=\"image\/jpeg\" \/>\n<meta name=\"author\" content=\"Renata Felix\" \/>\n<meta name=\"twitter:card\" content=\"summary_large_image\" \/>\n<meta name=\"twitter:label1\" content=\"Written by\" \/>\n\t<meta name=\"twitter:data1\" content=\"Renata Felix\" \/>\n\t<meta name=\"twitter:label2\" content=\"Est. reading time\" \/>\n\t<meta name=\"twitter:data2\" content=\"4 minutos\" \/>\n<script type=\"application\/ld+json\" class=\"yoast-schema-graph\">{\"@context\":\"https:\/\/schema.org\",\"@graph\":[{\"@type\":\"Article\",\"@id\":\"https:\/\/www.manaus.am.gov.br\/semasc\/prefeitura-inicia-defesa-civil-na-escola-para-ensinar-nocoes-sobre-tecnicas-de-primeiros-socorros-a-alunos-da-rede-municipal\/#article\",\"isPartOf\":{\"@id\":\"https:\/\/www.manaus.am.gov.br\/semasc\/prefeitura-inicia-defesa-civil-na-escola-para-ensinar-nocoes-sobre-tecnicas-de-primeiros-socorros-a-alunos-da-rede-municipal\/\"},\"author\":{\"name\":\"Renata Felix\",\"@id\":\"https:\/\/www.manaus.am.gov.br\/semasc\/#\/schema\/person\/4eea2a8f78dc853097abb026f728aa06\"},\"headline\":\"Prefeitura inicia \u2018Defesa Civil na Escola\u2019 para ensinar no\u00e7\u00f5es sobre t\u00e9cnicas de primeiros socorros a alunos da rede municipal\",\"datePublished\":\"2023-10-04T21:28:11+00:00\",\"dateModified\":\"2023-11-21T14:29:12+00:00\",\"mainEntityOfPage\":{\"@id\":\"https:\/\/www.manaus.am.gov.br\/semasc\/prefeitura-inicia-defesa-civil-na-escola-para-ensinar-nocoes-sobre-tecnicas-de-primeiros-socorros-a-alunos-da-rede-municipal\/\"},\"wordCount\":608,\"publisher\":{\"@id\":\"https:\/\/www.manaus.am.gov.br\/semasc\/#organization\"},\"image\":{\"@id\":\"https:\/\/www.manaus.am.gov.br\/semasc\/prefeitura-inicia-defesa-civil-na-escola-para-ensinar-nocoes-sobre-tecnicas-de-primeiros-socorros-a-alunos-da-rede-municipal\/#primaryimage\"},\"thumbnailUrl\":\"https:\/\/www.manaus.am.gov.br\/semasc\/wp-content\/uploads\/sites\/17\/2023\/11\/0MJ14971.jpg\",\"keywords\":[\"defesa civil na escola\",\"escola municipal Coronel Jorge Teixeira de Oliveira\",\"Semana Internacional para a Redu\u00e7\u00e3o do Risco de Desastres Naturais\"],\"articleSection\":[\"Orienta\u00e7\u00e3o\"],\"inLanguage\":\"pt-BR\"},{\"@type\":\"WebPage\",\"@id\":\"https:\/\/www.manaus.am.gov.br\/semasc\/prefeitura-inicia-defesa-civil-na-escola-para-ensinar-nocoes-sobre-tecnicas-de-primeiros-socorros-a-alunos-da-rede-municipal\/\",\"url\":\"https:\/\/www.manaus.am.gov.br\/semasc\/prefeitura-inicia-defesa-civil-na-escola-para-ensinar-nocoes-sobre-tecnicas-de-primeiros-socorros-a-alunos-da-rede-municipal\/\",\"name\":\"Prefeitura inicia \u2018Defesa Civil na Escola\u2019 para ensinar no\u00e7\u00f5es sobre t\u00e9cnicas de primeiros socorros a alunos da rede municipal - SEMASC\",\"isPartOf\":{\"@id\":\"https:\/\/www.manaus.am.gov.br\/semasc\/#website\"},\"primaryImageOfPage\":{\"@id\":\"https:\/\/www.manaus.am.gov.br\/semasc\/prefeitura-inicia-defesa-civil-na-escola-para-ensinar-nocoes-sobre-tecnicas-de-primeiros-socorros-a-alunos-da-rede-municipal\/#primaryimage\"},\"image\":{\"@id\":\"https:\/\/www.manaus.am.gov.br\/semasc\/prefeitura-inicia-defesa-civil-na-escola-para-ensinar-nocoes-sobre-tecnicas-de-primeiros-socorros-a-alunos-da-rede-municipal\/#primaryimage\"},\"thumbnailUrl\":\"https:\/\/www.manaus.am.gov.br\/semasc\/wp-content\/uploads\/sites\/17\/2023\/11\/0MJ14971.jpg\",\"datePublished\":\"2023-10-04T21:28:11+00:00\",\"dateModified\":\"2023-11-21T14:29:12+00:00\",\"breadcrumb\":{\"@id\":\"https:\/\/www.manaus.am.gov.br\/semasc\/prefeitura-inicia-defesa-civil-na-escola-para-ensinar-nocoes-sobre-tecnicas-de-primeiros-socorros-a-alunos-da-rede-municipal\/#breadcrumb\"},\"inLanguage\":\"pt-BR\",\"potentialAction\":[{\"@type\":\"ReadAction\",\"target\":[\"https:\/\/www.manaus.am.gov.br\/semasc\/prefeitura-inicia-defesa-civil-na-escola-para-ensinar-nocoes-sobre-tecnicas-de-primeiros-socorros-a-alunos-da-rede-municipal\/\"]}]},{\"@type\":\"ImageObject\",\"inLanguage\":\"pt-BR\",\"@id\":\"https:\/\/www.manaus.am.gov.br\/semasc\/prefeitura-inicia-defesa-civil-na-escola-para-ensinar-nocoes-sobre-tecnicas-de-primeiros-socorros-a-alunos-da-rede-municipal\/#primaryimage\",\"url\":\"https:\/\/www.manaus.am.gov.br\/semasc\/wp-content\/uploads\/sites\/17\/2023\/11\/0MJ14971.jpg\",\"contentUrl\":\"https:\/\/www.manaus.am.gov.br\/semasc\/wp-content\/uploads\/sites\/17\/2023\/11\/0MJ14971.jpg\",\"width\":5184,\"height\":3456},{\"@type\":\"BreadcrumbList\",\"@id\":\"https:\/\/www.manaus.am.gov.br\/semasc\/prefeitura-inicia-defesa-civil-na-escola-para-ensinar-nocoes-sobre-tecnicas-de-primeiros-socorros-a-alunos-da-rede-municipal\/#breadcrumb\",\"itemListElement\":[{\"@type\":\"ListItem\",\"position\":1,\"name\":\"Home\",\"item\":\"https:\/\/www.manaus.am.gov.br\/semasc\/\"},{\"@type\":\"ListItem\",\"position\":2,\"name\":\"Prefeitura inicia \u2018Defesa Civil na Escola\u2019 para ensinar no\u00e7\u00f5es sobre t\u00e9cnicas de primeiros socorros a alunos da rede municipal\"}]},{\"@type\":\"WebSite\",\"@id\":\"https:\/\/www.manaus.am.gov.br\/semasc\/#website\",\"url\":\"https:\/\/www.manaus.am.gov.br\/semasc\/\",\"name\":\"SEMASC\",\"description\":\"Secretaria Municipal da Mulher, Assist\u00eancia Social e Cidadania.\",\"publisher\":{\"@id\":\"https:\/\/www.manaus.am.gov.br\/semasc\/#organization\"},\"alternateName\":\"Secretaria Municipal da Mulher, Assist\u00eancia Social e Cidadania\",\"potentialAction\":[{\"@type\":\"SearchAction\",\"target\":{\"@type\":\"EntryPoint\",\"urlTemplate\":\"https:\/\/www.manaus.am.gov.br\/semasc\/?s={search_term_string}\"},\"query-input\":\"required name=search_term_string\"}],\"inLanguage\":\"pt-BR\"},{\"@type\":\"Organization\",\"@id\":\"https:\/\/www.manaus.am.gov.br\/semasc\/#organization\",\"name\":\"Prefeitura de Manaus\",\"alternateName\":\"Prefeitura Municipal de Manaus\",\"url\":\"https:\/\/www.manaus.am.gov.br\/semasc\/\",\"logo\":{\"@type\":\"ImageObject\",\"inLanguage\":\"pt-BR\",\"@id\":\"https:\/\/www.manaus.am.gov.br\/semasc\/#\/schema\/logo\/image\/\",\"url\":\"https:\/\/www.manaus.am.gov.br\/semasc\/wp-content\/uploads\/sites\/17\/2024\/07\/favicon.png\",\"contentUrl\":\"https:\/\/www.manaus.am.gov.br\/semasc\/wp-content\/uploads\/sites\/17\/2024\/07\/favicon.png\",\"width\":300,\"height\":300,\"caption\":\"Prefeitura de Manaus\"},\"image\":{\"@id\":\"https:\/\/www.manaus.am.gov.br\/semasc\/#\/schema\/logo\/image\/\"},\"sameAs\":[\"https:\/\/www.facebook.com\/semascmanaus\",\"https:\/\/www.instagram.com\/semascmanaus\/\"]},{\"@type\":\"Person\",\"@id\":\"https:\/\/www.manaus.am.gov.br\/semasc\/#\/schema\/person\/4eea2a8f78dc853097abb026f728aa06\",\"name\":\"Renata Felix\",\"image\":{\"@type\":\"ImageObject\",\"inLanguage\":\"pt-BR\",\"@id\":\"https:\/\/www.manaus.am.gov.br\/semasc\/#\/schema\/person\/image\/\",\"url\":\"https:\/\/secure.gravatar.com\/avatar\/3c196cf9d3b837b24c8edb2c50fd8f29?s=96&d=mm&r=g\",\"contentUrl\":\"https:\/\/secure.gravatar.com\/avatar\/3c196cf9d3b837b24c8edb2c50fd8f29?s=96&d=mm&r=g\",\"caption\":\"Renata Felix\"}}]}<\/script>\n<!-- \/ Yoast SEO plugin. -->","yoast_head_json":{"title":"Prefeitura inicia \u2018Defesa Civil na Escola\u2019 para ensinar no\u00e7\u00f5es sobre t\u00e9cnicas de primeiros socorros a alunos da rede municipal - SEMASC","robots":{"index":"noindex","follow":"follow"},"og_locale":"pt_BR","og_type":"article","og_title":"Prefeitura inicia \u2018Defesa Civil na Escola\u2019 para ensinar no\u00e7\u00f5es sobre t\u00e9cnicas de primeiros socorros a alunos da rede municipal - SEMASC","og_url":"https:\/\/www.manaus.am.gov.br\/semasc\/prefeitura-inicia-defesa-civil-na-escola-para-ensinar-nocoes-sobre-tecnicas-de-primeiros-socorros-a-alunos-da-rede-municipal\/","og_site_name":"SEMASC","article_publisher":"https:\/\/www.facebook.com\/semascmanaus","article_published_time":"2023-10-04T21:28:11+00:00","article_modified_time":"2023-11-21T14:29:12+00:00","og_image":[{"width":1024,"height":683,"url":"https:\/\/www.manaus.am.gov.br\/semasc\/wp-content\/uploads\/sites\/17\/2023\/11\/0MJ14971-1024x683.jpg","type":"image\/jpeg"}],"author":"Renata Felix","twitter_card":"summary_large_image","twitter_misc":{"Written by":"Renata Felix","Est. reading time":"4 minutos"},"schema":{"@context":"https:\/\/schema.org","@graph":[{"@type":"Article","@id":"https:\/\/www.manaus.am.gov.br\/semasc\/prefeitura-inicia-defesa-civil-na-escola-para-ensinar-nocoes-sobre-tecnicas-de-primeiros-socorros-a-alunos-da-rede-municipal\/#article","isPartOf":{"@id":"https:\/\/www.manaus.am.gov.br\/semasc\/prefeitura-inicia-defesa-civil-na-escola-para-ensinar-nocoes-sobre-tecnicas-de-primeiros-socorros-a-alunos-da-rede-municipal\/"},"author":{"name":"Renata Felix","@id":"https:\/\/www.manaus.am.gov.br\/semasc\/#\/schema\/person\/4eea2a8f78dc853097abb026f728aa06"},"headline":"Prefeitura inicia \u2018Defesa Civil na Escola\u2019 para ensinar no\u00e7\u00f5es sobre t\u00e9cnicas de primeiros socorros a alunos da rede municipal","datePublished":"2023-10-04T21:28:11+00:00","dateModified":"2023-11-21T14:29:12+00:00","mainEntityOfPage":{"@id":"https:\/\/www.manaus.am.gov.br\/semasc\/prefeitura-inicia-defesa-civil-na-escola-para-ensinar-nocoes-sobre-tecnicas-de-primeiros-socorros-a-alunos-da-rede-municipal\/"},"wordCount":608,"publisher":{"@id":"https:\/\/www.manaus.am.gov.br\/semasc\/#organization"},"image":{"@id":"https:\/\/www.manaus.am.gov.br\/semasc\/prefeitura-inicia-defesa-civil-na-escola-para-ensinar-nocoes-sobre-tecnicas-de-primeiros-socorros-a-alunos-da-rede-municipal\/#primaryimage"},"thumbnailUrl":"https:\/\/www.manaus.am.gov.br\/semasc\/wp-content\/uploads\/sites\/17\/2023\/11\/0MJ14971.jpg","keywords":["defesa civil na escola","escola municipal Coronel Jorge Teixeira de Oliveira","Semana Internacional para a Redu\u00e7\u00e3o do Risco de Desastres Naturais"],"articleSection":["Orienta\u00e7\u00e3o"],"inLanguage":"pt-BR"},{"@type":"WebPage","@id":"https:\/\/www.manaus.am.gov.br\/semasc\/prefeitura-inicia-defesa-civil-na-escola-para-ensinar-nocoes-sobre-tecnicas-de-primeiros-socorros-a-alunos-da-rede-municipal\/","url":"https:\/\/www.manaus.am.gov.br\/semasc\/prefeitura-inicia-defesa-civil-na-escola-para-ensinar-nocoes-sobre-tecnicas-de-primeiros-socorros-a-alunos-da-rede-municipal\/","name":"Prefeitura inicia \u2018Defesa Civil na Escola\u2019 para ensinar no\u00e7\u00f5es sobre t\u00e9cnicas de primeiros socorros a alunos da rede municipal - SEMASC","isPartOf":{"@id":"https:\/\/www.manaus.am.gov.br\/semasc\/#website"},"primaryImageOfPage":{"@id":"https:\/\/www.manaus.am.gov.br\/semasc\/prefeitura-inicia-defesa-civil-na-escola-para-ensinar-nocoes-sobre-tecnicas-de-primeiros-socorros-a-alunos-da-rede-municipal\/#primaryimage"},"image":{"@id":"https:\/\/www.manaus.am.gov.br\/semasc\/prefeitura-inicia-defesa-civil-na-escola-para-ensinar-nocoes-sobre-tecnicas-de-primeiros-socorros-a-alunos-da-rede-municipal\/#primaryimage"},"thumbnailUrl":"https:\/\/www.manaus.am.gov.br\/semasc\/wp-content\/uploads\/sites\/17\/2023\/11\/0MJ14971.jpg","datePublished":"2023-10-04T21:28:11+00:00","dateModified":"2023-11-21T14:29:12+00:00","breadcrumb":{"@id":"https:\/\/www.manaus.am.gov.br\/semasc\/prefeitura-inicia-defesa-civil-na-escola-para-ensinar-nocoes-sobre-tecnicas-de-primeiros-socorros-a-alunos-da-rede-municipal\/#breadcrumb"},"inLanguage":"pt-BR","potentialAction":[{"@type":"ReadAction","target":["https:\/\/www.manaus.am.gov.br\/semasc\/prefeitura-inicia-defesa-civil-na-escola-para-ensinar-nocoes-sobre-tecnicas-de-primeiros-socorros-a-alunos-da-rede-municipal\/"]}]},{"@type":"ImageObject","inLanguage":"pt-BR","@id":"https:\/\/www.manaus.am.gov.br\/semasc\/prefeitura-inicia-defesa-civil-na-escola-para-ensinar-nocoes-sobre-tecnicas-de-primeiros-socorros-a-alunos-da-rede-municipal\/#primaryimage","url":"https:\/\/www.manaus.am.gov.br\/semasc\/wp-content\/uploads\/sites\/17\/2023\/11\/0MJ14971.jpg","contentUrl":"https:\/\/www.manaus.am.gov.br\/semasc\/wp-content\/uploads\/sites\/17\/2023\/11\/0MJ14971.jpg","width":5184,"height":3456},{"@type":"BreadcrumbList","@id":"https:\/\/www.manaus.am.gov.br\/semasc\/prefeitura-inicia-defesa-civil-na-escola-para-ensinar-nocoes-sobre-tecnicas-de-primeiros-socorros-a-alunos-da-rede-municipal\/#breadcrumb","itemListElement":[{"@type":"ListItem","position":1,"name":"Home","item":"https:\/\/www.manaus.am.gov.br\/semasc\/"},{"@type":"ListItem","position":2,"name":"Prefeitura inicia \u2018Defesa Civil na Escola\u2019 para ensinar no\u00e7\u00f5es sobre t\u00e9cnicas de primeiros socorros a alunos da rede municipal"}]},{"@type":"WebSite","@id":"https:\/\/www.manaus.am.gov.br\/semasc\/#website","url":"https:\/\/www.manaus.am.gov.br\/semasc\/","name":"SEMASC","description":"Secretaria Municipal da Mulher, Assist\u00eancia Social e Cidadania.","publisher":{"@id":"https:\/\/www.manaus.am.gov.br\/semasc\/#organization"},"alternateName":"Secretaria Municipal da Mulher, Assist\u00eancia Social e Cidadania","potentialAction":[{"@type":"SearchAction","target":{"@type":"EntryPoint","urlTemplate":"https:\/\/www.manaus.am.gov.br\/semasc\/?s={search_term_string}"},"query-input":"required name=search_term_string"}],"inLanguage":"pt-BR"},{"@type":"Organization","@id":"https:\/\/www.manaus.am.gov.br\/semasc\/#organization","name":"Prefeitura de Manaus","alternateName":"Prefeitura Municipal de Manaus","url":"https:\/\/www.manaus.am.gov.br\/semasc\/","logo":{"@type":"ImageObject","inLanguage":"pt-BR","@id":"https:\/\/www.manaus.am.gov.br\/semasc\/#\/schema\/logo\/image\/","url":"https:\/\/www.manaus.am.gov.br\/semasc\/wp-content\/uploads\/sites\/17\/2024\/07\/favicon.png","contentUrl":"https:\/\/www.manaus.am.gov.br\/semasc\/wp-content\/uploads\/sites\/17\/2024\/07\/favicon.png","width":300,"height":300,"caption":"Prefeitura de Manaus"},"image":{"@id":"https:\/\/www.manaus.am.gov.br\/semasc\/#\/schema\/logo\/image\/"},"sameAs":["https:\/\/www.facebook.com\/semascmanaus","https:\/\/www.instagram.com\/semascmanaus\/"]},{"@type":"Person","@id":"https:\/\/www.manaus.am.gov.br\/semasc\/#\/schema\/person\/4eea2a8f78dc853097abb026f728aa06","name":"Renata Felix","image":{"@type":"ImageObject","inLanguage":"pt-BR","@id":"https:\/\/www.manaus.am.gov.br\/semasc\/#\/schema\/person\/image\/","url":"https:\/\/secure.gravatar.com\/avatar\/3c196cf9d3b837b24c8edb2c50fd8f29?s=96&d=mm&r=g","contentUrl":"https:\/\/secure.gravatar.com\/avatar\/3c196cf9d3b837b24c8edb2c50fd8f29?s=96&d=mm&r=g","caption":"Renata Felix"}}]}},"_links":{"self":[{"href":"https:\/\/www.manaus.am.gov.br\/semasc\/wp-json\/wp\/v2\/posts\/209241"}],"collection":[{"href":"https:\/\/www.manaus.am.gov.br\/semasc\/wp-json\/wp\/v2\/posts"}],"about":[{"href":"https:\/\/www.manaus.am.gov.br\/semasc\/wp-json\/wp\/v2\/types\/post"}],"author":[{"embeddable":true,"href":"https:\/\/www.manaus.am.gov.br\/semasc\/wp-json\/wp\/v2\/users\/31"}],"replies":[{"embeddable":true,"href":"https:\/\/www.manaus.am.gov.br\/semasc\/wp-json\/wp\/v2\/comments?post=209241"}],"version-history":[{"count":0,"href":"https:\/\/www.manaus.am.gov.br\/semasc\/wp-json\/wp\/v2\/posts\/209241\/revisions"}],"wp:featuredmedia":[{"embeddable":true,"href":"https:\/\/www.manaus.am.gov.br\/semasc\/wp-json\/wp\/v2\/media\/209242"}],"wp:attachment":[{"href":"https:\/\/www.manaus.am.gov.br\/semasc\/wp-json\/wp\/v2\/media?parent=209241"}],"wp:term":[{"taxonomy":"category","embeddable":true,"href":"https:\/\/www.manaus.am.gov.br\/semasc\/wp-json\/wp\/v2\/categories?post=209241"},{"taxonomy":"post_tag","embeddable":true,"href":"https:\/\/www.manaus.am.gov.br\/semasc\/wp-json\/wp\/v2\/tags?post=209241"}],"curies":[{"name":"wp","href":"https:\/\/api.w.org\/{rel}","templated":true}]}}