{"id":209238,"date":"2023-10-04T20:32:44","date_gmt":"2023-10-05T00:32:44","guid":{"rendered":"https:\/\/www.manaus.am.gov.br\/semasc\/temporada-de-cruzeiros-2023-2024-vai-receber-mais-de-25-mil-turistas-em-19-navios-internacionais\/"},"modified":"2023-11-21T10:28:10","modified_gmt":"2023-11-21T14:28:10","slug":"temporada-de-cruzeiros-2023-2024-vai-receber-mais-de-25-mil-turistas-em-19-navios-internacionais","status":"publish","type":"post","link":"https:\/\/www.manaus.am.gov.br\/semasc\/temporada-de-cruzeiros-2023-2024-vai-receber-mais-de-25-mil-turistas-em-19-navios-internacionais\/","title":{"rendered":"Temporada de Cruzeiros 2023\/2024 vai receber mais de 25 mil turistas em 19 navios internacionais"},"content":{"rendered":"\n<p>A Prefeitura de Manaus, por meio da Funda\u00e7\u00e3o Municipal de Cultura, Turismo e Eventos (Manauscult), em parceria com o governo do Estado, via Empresa Estadual de Turismo do Amazonas (Amazonastur), vai receber mais de 25 mil turistas em 19 navios cruzeiros que passar\u00e3o pela cidade, a partir do dia 24 de outubro.<\/p>\n\n\n\n<p>Com o objetivo de organizar a Temporada de Cruzeiros 2023\/2024, a Manauscult realizou, na ter\u00e7a-feira, 3\/10, uma reuni\u00e3o de alinhamento entre os \u00f3rg\u00e3os e entidades envolvidas na opera\u00e7\u00e3o para tratar detalhes do receptivo, que vai desde a seguran\u00e7a dos cruzeiristas pelos rios do territ\u00f3rio amazonense at\u00e9 a circula\u00e7\u00e3o deles pela infraestrutura tur\u00edstica da cidade.<\/p>\n\n\n\n<p>O diretor-presidente da Manauscult, Osvaldo Cardoso, lembra que na temporada de cruzeiros 2022\/2023, Manaus recebeu 17 navios e o fluxo de aproximadamente 18 mil turistas, o que possibilitou um incremento de R$ 101 milh\u00f5es na economia local, al\u00e9m de um novo f\u00f4lego para o setor, prova disso \u00e9 que Manaus entrou na lista mundial dos melhores destinos tur\u00edsticos de 2023 da revista norte-americana The New York Times.<\/p>\n\n\n\n<p>\u201cHoje, discutimos pontos importantes para o aperfei\u00e7oamento dos receptivos n\u00e3o apenas na cidade, mas em todo o estado. Manaus \u00e9 a porta de entrada para quem busca experi\u00eancias com nossa ancestralidade cultural, gastronomia e passeios por nossos atrativos naturais, como o encontro das \u00e1guas, por exemplo, al\u00e9m dos parques de preserva\u00e7\u00e3o e \u00e1reas de pesca esportiva. Da\u00ed a import\u00e2ncia desse alinhamento com todos os entes envolvidos na opera\u00e7\u00e3o\u201d, destaca Cardoso.<\/p>\n\n\n\n<p>Diferente da \u00faltima onde os navios ficavam fundeados em frente \u00e0 cidade, nesta temporada a expectativa \u00e9 que at\u00e9 o final do m\u00eas de outubro, o Porto de Manaus receba certifica\u00e7\u00e3o da Marinha do Brasil autorizando a atraca\u00e7\u00e3o de navios gigantes que possuem, em m\u00e9dia, 365 metros de comprimento (tamanho de tr\u00eas campos de futebol) e capacidade para 7,6 mil passageiros.<\/p>\n\n\n\n<h2 class=\"wp-block-heading\">Participa\u00e7\u00e3o<\/h2>\n\n\n\n<p>A reuni\u00e3o de alinhamento contou com a participa\u00e7\u00e3o do presidente da Empresa Estadual de Turismo do Amazonas (Amazonastur), Ian Ribeiro, e do secret\u00e1rio da Secretaria Municipal da Mulher, Assist\u00eancia Social e Cidadania (Semasc), Eduardo Lucas. Al\u00e9m de representantes do Porto de Manaus, da Ag\u00eancia Nacional de Transportes Aquavi\u00e1rios (Antaq), e da Vigil\u00e2ncia Sanit\u00e1ria Municipal (Visa Manaus).<\/p>\n\n\n\n<h2 class=\"wp-block-heading\">Seca no Amazonas<\/h2>\n\n\n\n<p>A seca dos rios na regi\u00e3o amaz\u00f4nica est\u00e1 impactando significativamente as viagens de barco no Amazonas, tornando-as mais longas e complexas.<\/p>\n\n\n\n<p>A Portaria N\u00ba 158\/CFAOC, publicada pela Marinha do Brasil no dia 18 de agosto, determinou que os trechos mais prop\u00edcios a ocorr\u00eancias de encalhamento durante a seca incluem somente a passagem do Tabocal e foz do Enseada, nos rios Madeira, Solim\u00f5es, Amazonas e a foz do Purus.<\/p>\n\n\n\n<p>Para esses trechos, a Marinha determinou que a navega\u00e7\u00e3o pelos pontos cr\u00edticos mencionados deve ocorrer apenas durante o per\u00edodo diurno, quando a profundidade local atingir um valor igual ou inferior a 1,5 vezes o calado do navio. As medidas buscam minimizar os riscos de acidentes e outras ocorr\u00eancias.<\/p>\n\n\n\n<h2 class=\"wp-block-heading\">Monitoramento hidrometeorol\u00f3gico<\/h2>\n\n\n\n<p>A Marinha do Brasil, juntamente com o Servi\u00e7o Geol\u00f3gico do Brasil (SGB-CPRM), o Sistema de Alerta Hidrol\u00f3gico do Amazonas (SAH Amazonas), e a Ag\u00eancia Nacional das \u00c1guas e Saneamento B\u00e1sico (ANA), monitoram, diariamente, as esta\u00e7\u00f5es fluviom\u00e9tricas dos rios Solim\u00f5es, Negro, Madeira, Amazonas e Purus. O calend\u00e1rio desta temporada de cruzeiros poder\u00e1 sofrer altera\u00e7\u00e3o em caso de recess\u00e3o acentuada do rio Amazonas, porta de entrada dos navios cruzeiros, que v\u00eam de Macap\u00e1 (AP).<\/p>\n\n\n\n<p>Os dados b\u00e1sicos de monitoramento podem ser conferidos em&nbsp;<a href=\"http:\/\/www.sgb.gov.br\/sace\/amazonas\" target=\"_blank\" rel=\"noreferrer noopener\">http:\/\/www.sgb.gov.br\/sace\/amazonas<\/a>, assim como os boletins enviados at\u00e9 o presente momento.<\/p>\n\n\n\n<p>&#8212; &#8212; &#8212;<\/p>\n\n\n\n<p><strong>Texto<\/strong>&nbsp;&#8211; Emanuelle Baires \/ Manauscult<\/p>\n\n\n\n<p><strong>Fotos<\/strong>&nbsp;&#8211; Oliveira J\u00fanior\/ Manauscult<\/p>\n","protected":false},"excerpt":{"rendered":"","protected":false},"author":31,"featured_media":209239,"comment_status":"closed","ping_status":"closed","sticky":false,"template":"","format":"standard","meta":{"footnotes":""},"categories":[629],"tags":[630,631],"acf":[],"yoast_head":"<!-- This site is optimized with the Yoast SEO plugin v23.0 - https:\/\/yoast.com\/wordpress\/plugins\/seo\/ -->\n<title>Temporada de Cruzeiros 2023\/2024 vai receber mais de 25 mil turistas em 19 navios internacionais - SEMASC<\/title>\n<meta name=\"robots\" content=\"noindex, follow\" \/>\n<meta property=\"og:locale\" content=\"pt_BR\" \/>\n<meta property=\"og:type\" content=\"article\" \/>\n<meta property=\"og:title\" content=\"Temporada de Cruzeiros 2023\/2024 vai receber mais de 25 mil turistas em 19 navios internacionais - SEMASC\" \/>\n<meta property=\"og:url\" content=\"https:\/\/www.manaus.am.gov.br\/semasc\/temporada-de-cruzeiros-2023-2024-vai-receber-mais-de-25-mil-turistas-em-19-navios-internacionais\/\" \/>\n<meta property=\"og:site_name\" content=\"SEMASC\" \/>\n<meta property=\"article:publisher\" content=\"https:\/\/www.facebook.com\/semascmanaus\" \/>\n<meta property=\"article:published_time\" content=\"2023-10-05T00:32:44+00:00\" \/>\n<meta property=\"article:modified_time\" content=\"2023-11-21T14:28:10+00:00\" \/>\n<meta property=\"og:image\" content=\"https:\/\/www.manaus.am.gov.br\/semasc\/wp-content\/uploads\/sites\/17\/2023\/11\/MG_0057-1024x683.jpg\" \/>\n\t<meta property=\"og:image:width\" content=\"1024\" \/>\n\t<meta property=\"og:image:height\" content=\"683\" \/>\n\t<meta property=\"og:image:type\" content=\"image\/jpeg\" \/>\n<meta name=\"author\" content=\"Renata Felix\" \/>\n<meta name=\"twitter:card\" content=\"summary_large_image\" \/>\n<meta name=\"twitter:label1\" content=\"Written by\" \/>\n\t<meta name=\"twitter:data1\" content=\"Renata Felix\" \/>\n\t<meta name=\"twitter:label2\" content=\"Est. reading time\" \/>\n\t<meta name=\"twitter:data2\" content=\"4 minutos\" \/>\n<script type=\"application\/ld+json\" class=\"yoast-schema-graph\">{\"@context\":\"https:\/\/schema.org\",\"@graph\":[{\"@type\":\"Article\",\"@id\":\"https:\/\/www.manaus.am.gov.br\/semasc\/temporada-de-cruzeiros-2023-2024-vai-receber-mais-de-25-mil-turistas-em-19-navios-internacionais\/#article\",\"isPartOf\":{\"@id\":\"https:\/\/www.manaus.am.gov.br\/semasc\/temporada-de-cruzeiros-2023-2024-vai-receber-mais-de-25-mil-turistas-em-19-navios-internacionais\/\"},\"author\":{\"name\":\"Renata Felix\",\"@id\":\"https:\/\/www.manaus.am.gov.br\/semasc\/#\/schema\/person\/4eea2a8f78dc853097abb026f728aa06\"},\"headline\":\"Temporada de Cruzeiros 2023\/2024 vai receber mais de 25 mil turistas em 19 navios internacionais\",\"datePublished\":\"2023-10-05T00:32:44+00:00\",\"dateModified\":\"2023-11-21T14:28:10+00:00\",\"mainEntityOfPage\":{\"@id\":\"https:\/\/www.manaus.am.gov.br\/semasc\/temporada-de-cruzeiros-2023-2024-vai-receber-mais-de-25-mil-turistas-em-19-navios-internacionais\/\"},\"wordCount\":649,\"publisher\":{\"@id\":\"https:\/\/www.manaus.am.gov.br\/semasc\/#organization\"},\"image\":{\"@id\":\"https:\/\/www.manaus.am.gov.br\/semasc\/temporada-de-cruzeiros-2023-2024-vai-receber-mais-de-25-mil-turistas-em-19-navios-internacionais\/#primaryimage\"},\"thumbnailUrl\":\"https:\/\/www.manaus.am.gov.br\/semasc\/wp-content\/uploads\/sites\/17\/2023\/11\/MG_0057.jpg\",\"keywords\":[\"Temporada de Cruzeiros 2023\/2024\",\"turismo\"],\"articleSection\":[\"Turismo\"],\"inLanguage\":\"pt-BR\"},{\"@type\":\"WebPage\",\"@id\":\"https:\/\/www.manaus.am.gov.br\/semasc\/temporada-de-cruzeiros-2023-2024-vai-receber-mais-de-25-mil-turistas-em-19-navios-internacionais\/\",\"url\":\"https:\/\/www.manaus.am.gov.br\/semasc\/temporada-de-cruzeiros-2023-2024-vai-receber-mais-de-25-mil-turistas-em-19-navios-internacionais\/\",\"name\":\"Temporada de Cruzeiros 2023\/2024 vai receber mais de 25 mil turistas em 19 navios internacionais - SEMASC\",\"isPartOf\":{\"@id\":\"https:\/\/www.manaus.am.gov.br\/semasc\/#website\"},\"primaryImageOfPage\":{\"@id\":\"https:\/\/www.manaus.am.gov.br\/semasc\/temporada-de-cruzeiros-2023-2024-vai-receber-mais-de-25-mil-turistas-em-19-navios-internacionais\/#primaryimage\"},\"image\":{\"@id\":\"https:\/\/www.manaus.am.gov.br\/semasc\/temporada-de-cruzeiros-2023-2024-vai-receber-mais-de-25-mil-turistas-em-19-navios-internacionais\/#primaryimage\"},\"thumbnailUrl\":\"https:\/\/www.manaus.am.gov.br\/semasc\/wp-content\/uploads\/sites\/17\/2023\/11\/MG_0057.jpg\",\"datePublished\":\"2023-10-05T00:32:44+00:00\",\"dateModified\":\"2023-11-21T14:28:10+00:00\",\"breadcrumb\":{\"@id\":\"https:\/\/www.manaus.am.gov.br\/semasc\/temporada-de-cruzeiros-2023-2024-vai-receber-mais-de-25-mil-turistas-em-19-navios-internacionais\/#breadcrumb\"},\"inLanguage\":\"pt-BR\",\"potentialAction\":[{\"@type\":\"ReadAction\",\"target\":[\"https:\/\/www.manaus.am.gov.br\/semasc\/temporada-de-cruzeiros-2023-2024-vai-receber-mais-de-25-mil-turistas-em-19-navios-internacionais\/\"]}]},{\"@type\":\"ImageObject\",\"inLanguage\":\"pt-BR\",\"@id\":\"https:\/\/www.manaus.am.gov.br\/semasc\/temporada-de-cruzeiros-2023-2024-vai-receber-mais-de-25-mil-turistas-em-19-navios-internacionais\/#primaryimage\",\"url\":\"https:\/\/www.manaus.am.gov.br\/semasc\/wp-content\/uploads\/sites\/17\/2023\/11\/MG_0057.jpg\",\"contentUrl\":\"https:\/\/www.manaus.am.gov.br\/semasc\/wp-content\/uploads\/sites\/17\/2023\/11\/MG_0057.jpg\",\"width\":6000,\"height\":4000},{\"@type\":\"BreadcrumbList\",\"@id\":\"https:\/\/www.manaus.am.gov.br\/semasc\/temporada-de-cruzeiros-2023-2024-vai-receber-mais-de-25-mil-turistas-em-19-navios-internacionais\/#breadcrumb\",\"itemListElement\":[{\"@type\":\"ListItem\",\"position\":1,\"name\":\"Home\",\"item\":\"https:\/\/www.manaus.am.gov.br\/semasc\/\"},{\"@type\":\"ListItem\",\"position\":2,\"name\":\"Temporada de Cruzeiros 2023\/2024 vai receber mais de 25 mil turistas em 19 navios internacionais\"}]},{\"@type\":\"WebSite\",\"@id\":\"https:\/\/www.manaus.am.gov.br\/semasc\/#website\",\"url\":\"https:\/\/www.manaus.am.gov.br\/semasc\/\",\"name\":\"SEMASC\",\"description\":\"Secretaria Municipal da Mulher, Assist\u00eancia Social e Cidadania.\",\"publisher\":{\"@id\":\"https:\/\/www.manaus.am.gov.br\/semasc\/#organization\"},\"alternateName\":\"Secretaria Municipal da Mulher, Assist\u00eancia Social e Cidadania\",\"potentialAction\":[{\"@type\":\"SearchAction\",\"target\":{\"@type\":\"EntryPoint\",\"urlTemplate\":\"https:\/\/www.manaus.am.gov.br\/semasc\/?s={search_term_string}\"},\"query-input\":\"required name=search_term_string\"}],\"inLanguage\":\"pt-BR\"},{\"@type\":\"Organization\",\"@id\":\"https:\/\/www.manaus.am.gov.br\/semasc\/#organization\",\"name\":\"Prefeitura de Manaus\",\"alternateName\":\"Prefeitura Municipal de Manaus\",\"url\":\"https:\/\/www.manaus.am.gov.br\/semasc\/\",\"logo\":{\"@type\":\"ImageObject\",\"inLanguage\":\"pt-BR\",\"@id\":\"https:\/\/www.manaus.am.gov.br\/semasc\/#\/schema\/logo\/image\/\",\"url\":\"https:\/\/www.manaus.am.gov.br\/semasc\/wp-content\/uploads\/sites\/17\/2024\/07\/favicon.png\",\"contentUrl\":\"https:\/\/www.manaus.am.gov.br\/semasc\/wp-content\/uploads\/sites\/17\/2024\/07\/favicon.png\",\"width\":300,\"height\":300,\"caption\":\"Prefeitura de Manaus\"},\"image\":{\"@id\":\"https:\/\/www.manaus.am.gov.br\/semasc\/#\/schema\/logo\/image\/\"},\"sameAs\":[\"https:\/\/www.facebook.com\/semascmanaus\",\"https:\/\/www.instagram.com\/semascmanaus\/\"]},{\"@type\":\"Person\",\"@id\":\"https:\/\/www.manaus.am.gov.br\/semasc\/#\/schema\/person\/4eea2a8f78dc853097abb026f728aa06\",\"name\":\"Renata Felix\",\"image\":{\"@type\":\"ImageObject\",\"inLanguage\":\"pt-BR\",\"@id\":\"https:\/\/www.manaus.am.gov.br\/semasc\/#\/schema\/person\/image\/\",\"url\":\"https:\/\/secure.gravatar.com\/avatar\/3c196cf9d3b837b24c8edb2c50fd8f29?s=96&d=mm&r=g\",\"contentUrl\":\"https:\/\/secure.gravatar.com\/avatar\/3c196cf9d3b837b24c8edb2c50fd8f29?s=96&d=mm&r=g\",\"caption\":\"Renata Felix\"}}]}<\/script>\n<!-- \/ Yoast SEO plugin. -->","yoast_head_json":{"title":"Temporada de Cruzeiros 2023\/2024 vai receber mais de 25 mil turistas em 19 navios internacionais - SEMASC","robots":{"index":"noindex","follow":"follow"},"og_locale":"pt_BR","og_type":"article","og_title":"Temporada de Cruzeiros 2023\/2024 vai receber mais de 25 mil turistas em 19 navios internacionais - SEMASC","og_url":"https:\/\/www.manaus.am.gov.br\/semasc\/temporada-de-cruzeiros-2023-2024-vai-receber-mais-de-25-mil-turistas-em-19-navios-internacionais\/","og_site_name":"SEMASC","article_publisher":"https:\/\/www.facebook.com\/semascmanaus","article_published_time":"2023-10-05T00:32:44+00:00","article_modified_time":"2023-11-21T14:28:10+00:00","og_image":[{"width":1024,"height":683,"url":"https:\/\/www.manaus.am.gov.br\/semasc\/wp-content\/uploads\/sites\/17\/2023\/11\/MG_0057-1024x683.jpg","type":"image\/jpeg"}],"author":"Renata Felix","twitter_card":"summary_large_image","twitter_misc":{"Written by":"Renata Felix","Est. reading time":"4 minutos"},"schema":{"@context":"https:\/\/schema.org","@graph":[{"@type":"Article","@id":"https:\/\/www.manaus.am.gov.br\/semasc\/temporada-de-cruzeiros-2023-2024-vai-receber-mais-de-25-mil-turistas-em-19-navios-internacionais\/#article","isPartOf":{"@id":"https:\/\/www.manaus.am.gov.br\/semasc\/temporada-de-cruzeiros-2023-2024-vai-receber-mais-de-25-mil-turistas-em-19-navios-internacionais\/"},"author":{"name":"Renata Felix","@id":"https:\/\/www.manaus.am.gov.br\/semasc\/#\/schema\/person\/4eea2a8f78dc853097abb026f728aa06"},"headline":"Temporada de Cruzeiros 2023\/2024 vai receber mais de 25 mil turistas em 19 navios internacionais","datePublished":"2023-10-05T00:32:44+00:00","dateModified":"2023-11-21T14:28:10+00:00","mainEntityOfPage":{"@id":"https:\/\/www.manaus.am.gov.br\/semasc\/temporada-de-cruzeiros-2023-2024-vai-receber-mais-de-25-mil-turistas-em-19-navios-internacionais\/"},"wordCount":649,"publisher":{"@id":"https:\/\/www.manaus.am.gov.br\/semasc\/#organization"},"image":{"@id":"https:\/\/www.manaus.am.gov.br\/semasc\/temporada-de-cruzeiros-2023-2024-vai-receber-mais-de-25-mil-turistas-em-19-navios-internacionais\/#primaryimage"},"thumbnailUrl":"https:\/\/www.manaus.am.gov.br\/semasc\/wp-content\/uploads\/sites\/17\/2023\/11\/MG_0057.jpg","keywords":["Temporada de Cruzeiros 2023\/2024","turismo"],"articleSection":["Turismo"],"inLanguage":"pt-BR"},{"@type":"WebPage","@id":"https:\/\/www.manaus.am.gov.br\/semasc\/temporada-de-cruzeiros-2023-2024-vai-receber-mais-de-25-mil-turistas-em-19-navios-internacionais\/","url":"https:\/\/www.manaus.am.gov.br\/semasc\/temporada-de-cruzeiros-2023-2024-vai-receber-mais-de-25-mil-turistas-em-19-navios-internacionais\/","name":"Temporada de Cruzeiros 2023\/2024 vai receber mais de 25 mil turistas em 19 navios internacionais - SEMASC","isPartOf":{"@id":"https:\/\/www.manaus.am.gov.br\/semasc\/#website"},"primaryImageOfPage":{"@id":"https:\/\/www.manaus.am.gov.br\/semasc\/temporada-de-cruzeiros-2023-2024-vai-receber-mais-de-25-mil-turistas-em-19-navios-internacionais\/#primaryimage"},"image":{"@id":"https:\/\/www.manaus.am.gov.br\/semasc\/temporada-de-cruzeiros-2023-2024-vai-receber-mais-de-25-mil-turistas-em-19-navios-internacionais\/#primaryimage"},"thumbnailUrl":"https:\/\/www.manaus.am.gov.br\/semasc\/wp-content\/uploads\/sites\/17\/2023\/11\/MG_0057.jpg","datePublished":"2023-10-05T00:32:44+00:00","dateModified":"2023-11-21T14:28:10+00:00","breadcrumb":{"@id":"https:\/\/www.manaus.am.gov.br\/semasc\/temporada-de-cruzeiros-2023-2024-vai-receber-mais-de-25-mil-turistas-em-19-navios-internacionais\/#breadcrumb"},"inLanguage":"pt-BR","potentialAction":[{"@type":"ReadAction","target":["https:\/\/www.manaus.am.gov.br\/semasc\/temporada-de-cruzeiros-2023-2024-vai-receber-mais-de-25-mil-turistas-em-19-navios-internacionais\/"]}]},{"@type":"ImageObject","inLanguage":"pt-BR","@id":"https:\/\/www.manaus.am.gov.br\/semasc\/temporada-de-cruzeiros-2023-2024-vai-receber-mais-de-25-mil-turistas-em-19-navios-internacionais\/#primaryimage","url":"https:\/\/www.manaus.am.gov.br\/semasc\/wp-content\/uploads\/sites\/17\/2023\/11\/MG_0057.jpg","contentUrl":"https:\/\/www.manaus.am.gov.br\/semasc\/wp-content\/uploads\/sites\/17\/2023\/11\/MG_0057.jpg","width":6000,"height":4000},{"@type":"BreadcrumbList","@id":"https:\/\/www.manaus.am.gov.br\/semasc\/temporada-de-cruzeiros-2023-2024-vai-receber-mais-de-25-mil-turistas-em-19-navios-internacionais\/#breadcrumb","itemListElement":[{"@type":"ListItem","position":1,"name":"Home","item":"https:\/\/www.manaus.am.gov.br\/semasc\/"},{"@type":"ListItem","position":2,"name":"Temporada de Cruzeiros 2023\/2024 vai receber mais de 25 mil turistas em 19 navios internacionais"}]},{"@type":"WebSite","@id":"https:\/\/www.manaus.am.gov.br\/semasc\/#website","url":"https:\/\/www.manaus.am.gov.br\/semasc\/","name":"SEMASC","description":"Secretaria Municipal da Mulher, Assist\u00eancia Social e Cidadania.","publisher":{"@id":"https:\/\/www.manaus.am.gov.br\/semasc\/#organization"},"alternateName":"Secretaria Municipal da Mulher, Assist\u00eancia Social e Cidadania","potentialAction":[{"@type":"SearchAction","target":{"@type":"EntryPoint","urlTemplate":"https:\/\/www.manaus.am.gov.br\/semasc\/?s={search_term_string}"},"query-input":"required name=search_term_string"}],"inLanguage":"pt-BR"},{"@type":"Organization","@id":"https:\/\/www.manaus.am.gov.br\/semasc\/#organization","name":"Prefeitura de Manaus","alternateName":"Prefeitura Municipal de Manaus","url":"https:\/\/www.manaus.am.gov.br\/semasc\/","logo":{"@type":"ImageObject","inLanguage":"pt-BR","@id":"https:\/\/www.manaus.am.gov.br\/semasc\/#\/schema\/logo\/image\/","url":"https:\/\/www.manaus.am.gov.br\/semasc\/wp-content\/uploads\/sites\/17\/2024\/07\/favicon.png","contentUrl":"https:\/\/www.manaus.am.gov.br\/semasc\/wp-content\/uploads\/sites\/17\/2024\/07\/favicon.png","width":300,"height":300,"caption":"Prefeitura de Manaus"},"image":{"@id":"https:\/\/www.manaus.am.gov.br\/semasc\/#\/schema\/logo\/image\/"},"sameAs":["https:\/\/www.facebook.com\/semascmanaus","https:\/\/www.instagram.com\/semascmanaus\/"]},{"@type":"Person","@id":"https:\/\/www.manaus.am.gov.br\/semasc\/#\/schema\/person\/4eea2a8f78dc853097abb026f728aa06","name":"Renata Felix","image":{"@type":"ImageObject","inLanguage":"pt-BR","@id":"https:\/\/www.manaus.am.gov.br\/semasc\/#\/schema\/person\/image\/","url":"https:\/\/secure.gravatar.com\/avatar\/3c196cf9d3b837b24c8edb2c50fd8f29?s=96&d=mm&r=g","contentUrl":"https:\/\/secure.gravatar.com\/avatar\/3c196cf9d3b837b24c8edb2c50fd8f29?s=96&d=mm&r=g","caption":"Renata Felix"}}]}},"_links":{"self":[{"href":"https:\/\/www.manaus.am.gov.br\/semasc\/wp-json\/wp\/v2\/posts\/209238"}],"collection":[{"href":"https:\/\/www.manaus.am.gov.br\/semasc\/wp-json\/wp\/v2\/posts"}],"about":[{"href":"https:\/\/www.manaus.am.gov.br\/semasc\/wp-json\/wp\/v2\/types\/post"}],"author":[{"embeddable":true,"href":"https:\/\/www.manaus.am.gov.br\/semasc\/wp-json\/wp\/v2\/users\/31"}],"replies":[{"embeddable":true,"href":"https:\/\/www.manaus.am.gov.br\/semasc\/wp-json\/wp\/v2\/comments?post=209238"}],"version-history":[{"count":1,"href":"https:\/\/www.manaus.am.gov.br\/semasc\/wp-json\/wp\/v2\/posts\/209238\/revisions"}],"predecessor-version":[{"id":209240,"href":"https:\/\/www.manaus.am.gov.br\/semasc\/wp-json\/wp\/v2\/posts\/209238\/revisions\/209240"}],"wp:featuredmedia":[{"embeddable":true,"href":"https:\/\/www.manaus.am.gov.br\/semasc\/wp-json\/wp\/v2\/media\/209239"}],"wp:attachment":[{"href":"https:\/\/www.manaus.am.gov.br\/semasc\/wp-json\/wp\/v2\/media?parent=209238"}],"wp:term":[{"taxonomy":"category","embeddable":true,"href":"https:\/\/www.manaus.am.gov.br\/semasc\/wp-json\/wp\/v2\/categories?post=209238"},{"taxonomy":"post_tag","embeddable":true,"href":"https:\/\/www.manaus.am.gov.br\/semasc\/wp-json\/wp\/v2\/tags?post=209238"}],"curies":[{"name":"wp","href":"https:\/\/api.w.org\/{rel}","templated":true}]}}