{"id":209237,"date":"2023-10-10T14:20:39","date_gmt":"2023-10-10T18:20:39","guid":{"rendered":"https:\/\/www.manaus.am.gov.br\/semasc\/incendio-no-bairro-petropolis\/"},"modified":"2023-11-21T10:26:15","modified_gmt":"2023-11-21T14:26:15","slug":"incendio-no-bairro-petropolis","status":"publish","type":"post","link":"https:\/\/www.manaus.am.gov.br\/semasc\/incendio-no-bairro-petropolis\/","title":{"rendered":"Inc\u00eandio no bairro Petr\u00f3polis"},"content":{"rendered":"\n<p>A Prefeitura de Manaus, por meio da&nbsp;Secretaria Executiva de Prote\u00e7\u00e3o e Defesa Civil Municipal (Sepdec),&nbsp;vinculada \u00e0 Secretaria Municipal de Seguran\u00e7a P\u00fablica e Defesa Social (Semseg), informa que as equipes da Sepdec e da Secretaria Municipal da Mulher, Assist\u00eancia Social e Cidadania (Semasc) j\u00e1 estiveram na casa de alvenaria onde aconteceu um inc\u00eandio, na manh\u00e3 desta ter\u00e7a-feira, 10\/10, e deram assist\u00eancia \u00e0s duas fam\u00edlias que perderam tudo no sinistro, iniciado por volta das 6h, em um im\u00f3vel situado no bairro Petr\u00f3polis, zona Sul da cidade. &nbsp;<\/p>\n\n\n\n<p>A ocorr\u00eancia foi formalizada na Central 199, da Defesa Civil de Manaus, \u00e0s 8h54, e prontamente atendida. De acordo com informa\u00e7\u00f5es da&nbsp;Sepdec, um curto-circuito teria provocado o inc\u00eandio. As fam\u00edlias foram cadastradas para o recebimento de aux\u00edlio social, porque perderam tudo. A Prefeitura de Manaus tamb\u00e9m ir\u00e1 providenciar colch\u00f5es e cestas b\u00e1sicas.<\/p>\n\n\n\n<p>&#8212; &#8212; &#8212;<\/p>\n\n\n\n<p><strong>Texto \u2013 <\/strong>Divulga\u00e7\u00e3o \/ Semseg<\/p>\n","protected":false},"excerpt":{"rendered":"","protected":false},"author":39,"featured_media":208808,"comment_status":"closed","ping_status":"closed","sticky":false,"template":"","format":"standard","meta":{"footnotes":""},"categories":[156],"tags":[626,158,627,336,7,18,9,628],"acf":[],"yoast_head":"<!-- This site is optimized with the Yoast SEO plugin v23.0 - https:\/\/yoast.com\/wordpress\/plugins\/seo\/ -->\n<title>Inc\u00eandio no bairro Petr\u00f3polis<\/title>\n<meta name=\"description\" content=\"A Prefeitura de Manaus, por meio da\u00a0Secretaria Executiva de Prote\u00e7\u00e3o e Defesa Civil Municipal (Sepdec),\u00a0vinculada \u00e0 Secretaria Municipal de Seguran\u00e7a P\u00fablica e Defesa Social (Semseg), informa que as equipes da Sepdec e da Secretaria Municipal da Mulher, Assist\u00eancia Social e Cidadania (Semasc) j\u00e1 estiveram na casa de alvenaria onde aconteceu um inc\u00eandio, na manh\u00e3 desta ter\u00e7a-feira, 10\/10, e deram assist\u00eancia \u00e0s duas fam\u00edlias que perderam tudo no sinistro, iniciado por volta das 6h, em um im\u00f3vel situado no bairro Petr\u00f3polis, zona Sul da cidade. \u00a0\" \/>\n<meta name=\"robots\" content=\"noindex, follow\" \/>\n<meta property=\"og:locale\" content=\"pt_BR\" \/>\n<meta property=\"og:type\" content=\"article\" \/>\n<meta property=\"og:title\" content=\"Inc\u00eandio no bairro Petr\u00f3polis\" \/>\n<meta property=\"og:description\" content=\"A Prefeitura de Manaus, por meio da\u00a0Secretaria Executiva de Prote\u00e7\u00e3o e Defesa Civil Municipal (Sepdec),\u00a0vinculada \u00e0 Secretaria Municipal de Seguran\u00e7a P\u00fablica e Defesa Social (Semseg), informa que as equipes da Sepdec e da Secretaria Municipal da Mulher, Assist\u00eancia Social e Cidadania (Semasc) j\u00e1 estiveram na casa de alvenaria onde aconteceu um inc\u00eandio, na manh\u00e3 desta ter\u00e7a-feira, 10\/10, e deram assist\u00eancia \u00e0s duas fam\u00edlias que perderam tudo no sinistro, iniciado por volta das 6h, em um im\u00f3vel situado no bairro Petr\u00f3polis, zona Sul da cidade. \u00a0\" \/>\n<meta property=\"og:url\" content=\"https:\/\/www.manaus.am.gov.br\/semasc\/incendio-no-bairro-petropolis\/\" \/>\n<meta property=\"og:site_name\" content=\"SEMASC\" \/>\n<meta property=\"article:publisher\" content=\"https:\/\/www.facebook.com\/semascmanaus\" \/>\n<meta property=\"article:published_time\" content=\"2023-10-10T18:20:39+00:00\" \/>\n<meta property=\"article:modified_time\" content=\"2023-11-21T14:26:15+00:00\" \/>\n<meta property=\"og:image\" content=\"https:\/\/www.manaus.am.gov.br\/semasc\/wp-content\/uploads\/sites\/17\/2023\/08\/Nota-1.png\" \/>\n\t<meta property=\"og:image:width\" content=\"900\" \/>\n\t<meta property=\"og:image:height\" content=\"509\" \/>\n\t<meta property=\"og:image:type\" content=\"image\/png\" \/>\n<meta name=\"author\" content=\"Bruna Greco\" \/>\n<meta name=\"twitter:card\" content=\"summary_large_image\" \/>\n<meta name=\"twitter:label1\" content=\"Written by\" \/>\n\t<meta name=\"twitter:data1\" content=\"Bruna Greco\" \/>\n\t<meta name=\"twitter:label2\" content=\"Est. reading time\" \/>\n\t<meta name=\"twitter:data2\" content=\"1 minuto\" \/>\n<script type=\"application\/ld+json\" class=\"yoast-schema-graph\">{\"@context\":\"https:\/\/schema.org\",\"@graph\":[{\"@type\":\"Article\",\"@id\":\"https:\/\/www.manaus.am.gov.br\/semasc\/incendio-no-bairro-petropolis\/#article\",\"isPartOf\":{\"@id\":\"https:\/\/www.manaus.am.gov.br\/semasc\/incendio-no-bairro-petropolis\/\"},\"author\":{\"name\":\"Bruna Greco\",\"@id\":\"https:\/\/www.manaus.am.gov.br\/semasc\/#\/schema\/person\/05d223aea2bf115f9883a6ff3683d81b\"},\"headline\":\"Inc\u00eandio no bairro Petr\u00f3polis\",\"datePublished\":\"2023-10-10T18:20:39+00:00\",\"dateModified\":\"2023-11-21T14:26:15+00:00\",\"mainEntityOfPage\":{\"@id\":\"https:\/\/www.manaus.am.gov.br\/semasc\/incendio-no-bairro-petropolis\/\"},\"wordCount\":171,\"publisher\":{\"@id\":\"https:\/\/www.manaus.am.gov.br\/semasc\/#organization\"},\"image\":{\"@id\":\"https:\/\/www.manaus.am.gov.br\/semasc\/incendio-no-bairro-petropolis\/#primaryimage\"},\"thumbnailUrl\":\"https:\/\/www.manaus.am.gov.br\/semasc\/wp-content\/uploads\/sites\/17\/2023\/08\/Nota-1.png\",\"keywords\":[\"bairro petropolis\",\"defesa civil\",\"inc\u00eandio\",\"nota\",\"prefeitura de manaus\",\"Semasc\",\"Semseg\",\"Sepdec\"],\"articleSection\":[\"Nota\"],\"inLanguage\":\"pt-BR\"},{\"@type\":\"WebPage\",\"@id\":\"https:\/\/www.manaus.am.gov.br\/semasc\/incendio-no-bairro-petropolis\/\",\"url\":\"https:\/\/www.manaus.am.gov.br\/semasc\/incendio-no-bairro-petropolis\/\",\"name\":\"Inc\u00eandio no bairro Petr\u00f3polis\",\"isPartOf\":{\"@id\":\"https:\/\/www.manaus.am.gov.br\/semasc\/#website\"},\"primaryImageOfPage\":{\"@id\":\"https:\/\/www.manaus.am.gov.br\/semasc\/incendio-no-bairro-petropolis\/#primaryimage\"},\"image\":{\"@id\":\"https:\/\/www.manaus.am.gov.br\/semasc\/incendio-no-bairro-petropolis\/#primaryimage\"},\"thumbnailUrl\":\"https:\/\/www.manaus.am.gov.br\/semasc\/wp-content\/uploads\/sites\/17\/2023\/08\/Nota-1.png\",\"datePublished\":\"2023-10-10T18:20:39+00:00\",\"dateModified\":\"2023-11-21T14:26:15+00:00\",\"description\":\"A Prefeitura de Manaus, por meio da\u00a0Secretaria Executiva de Prote\u00e7\u00e3o e Defesa Civil Municipal (Sepdec),\u00a0vinculada \u00e0 Secretaria Municipal de Seguran\u00e7a P\u00fablica e Defesa Social (Semseg), informa que as equipes da Sepdec e da Secretaria Municipal da Mulher, Assist\u00eancia Social e Cidadania (Semasc) j\u00e1 estiveram na casa de alvenaria onde aconteceu um inc\u00eandio, na manh\u00e3 desta ter\u00e7a-feira, 10\/10, e deram assist\u00eancia \u00e0s duas fam\u00edlias que perderam tudo no sinistro, iniciado por volta das 6h, em um im\u00f3vel situado no bairro Petr\u00f3polis, zona Sul da cidade. \u00a0\",\"breadcrumb\":{\"@id\":\"https:\/\/www.manaus.am.gov.br\/semasc\/incendio-no-bairro-petropolis\/#breadcrumb\"},\"inLanguage\":\"pt-BR\",\"potentialAction\":[{\"@type\":\"ReadAction\",\"target\":[\"https:\/\/www.manaus.am.gov.br\/semasc\/incendio-no-bairro-petropolis\/\"]}]},{\"@type\":\"ImageObject\",\"inLanguage\":\"pt-BR\",\"@id\":\"https:\/\/www.manaus.am.gov.br\/semasc\/incendio-no-bairro-petropolis\/#primaryimage\",\"url\":\"https:\/\/www.manaus.am.gov.br\/semasc\/wp-content\/uploads\/sites\/17\/2023\/08\/Nota-1.png\",\"contentUrl\":\"https:\/\/www.manaus.am.gov.br\/semasc\/wp-content\/uploads\/sites\/17\/2023\/08\/Nota-1.png\",\"width\":900,\"height\":509},{\"@type\":\"BreadcrumbList\",\"@id\":\"https:\/\/www.manaus.am.gov.br\/semasc\/incendio-no-bairro-petropolis\/#breadcrumb\",\"itemListElement\":[{\"@type\":\"ListItem\",\"position\":1,\"name\":\"Home\",\"item\":\"https:\/\/www.manaus.am.gov.br\/semasc\/\"},{\"@type\":\"ListItem\",\"position\":2,\"name\":\"Inc\u00eandio no bairro Petr\u00f3polis\"}]},{\"@type\":\"WebSite\",\"@id\":\"https:\/\/www.manaus.am.gov.br\/semasc\/#website\",\"url\":\"https:\/\/www.manaus.am.gov.br\/semasc\/\",\"name\":\"SEMASC\",\"description\":\"Secretaria Municipal da Mulher, Assist\u00eancia Social e Cidadania.\",\"publisher\":{\"@id\":\"https:\/\/www.manaus.am.gov.br\/semasc\/#organization\"},\"alternateName\":\"Secretaria Municipal da Mulher, Assist\u00eancia Social e Cidadania\",\"potentialAction\":[{\"@type\":\"SearchAction\",\"target\":{\"@type\":\"EntryPoint\",\"urlTemplate\":\"https:\/\/www.manaus.am.gov.br\/semasc\/?s={search_term_string}\"},\"query-input\":\"required name=search_term_string\"}],\"inLanguage\":\"pt-BR\"},{\"@type\":\"Organization\",\"@id\":\"https:\/\/www.manaus.am.gov.br\/semasc\/#organization\",\"name\":\"Prefeitura de Manaus\",\"alternateName\":\"Prefeitura Municipal de Manaus\",\"url\":\"https:\/\/www.manaus.am.gov.br\/semasc\/\",\"logo\":{\"@type\":\"ImageObject\",\"inLanguage\":\"pt-BR\",\"@id\":\"https:\/\/www.manaus.am.gov.br\/semasc\/#\/schema\/logo\/image\/\",\"url\":\"https:\/\/www.manaus.am.gov.br\/semasc\/wp-content\/uploads\/sites\/17\/2024\/07\/favicon.png\",\"contentUrl\":\"https:\/\/www.manaus.am.gov.br\/semasc\/wp-content\/uploads\/sites\/17\/2024\/07\/favicon.png\",\"width\":300,\"height\":300,\"caption\":\"Prefeitura de Manaus\"},\"image\":{\"@id\":\"https:\/\/www.manaus.am.gov.br\/semasc\/#\/schema\/logo\/image\/\"},\"sameAs\":[\"https:\/\/www.facebook.com\/semascmanaus\",\"https:\/\/www.instagram.com\/semascmanaus\/\"]},{\"@type\":\"Person\",\"@id\":\"https:\/\/www.manaus.am.gov.br\/semasc\/#\/schema\/person\/05d223aea2bf115f9883a6ff3683d81b\",\"name\":\"Bruna Greco\",\"image\":{\"@type\":\"ImageObject\",\"inLanguage\":\"pt-BR\",\"@id\":\"https:\/\/www.manaus.am.gov.br\/semasc\/#\/schema\/person\/image\/\",\"url\":\"https:\/\/secure.gravatar.com\/avatar\/9c877d1a6adc2a055330e5c09a8653ce?s=96&d=mm&r=g\",\"contentUrl\":\"https:\/\/secure.gravatar.com\/avatar\/9c877d1a6adc2a055330e5c09a8653ce?s=96&d=mm&r=g\",\"caption\":\"Bruna Greco\"}}]}<\/script>\n<!-- \/ Yoast SEO plugin. -->","yoast_head_json":{"title":"Inc\u00eandio no bairro Petr\u00f3polis","description":"A Prefeitura de Manaus, por meio da\u00a0Secretaria Executiva de Prote\u00e7\u00e3o e Defesa Civil Municipal (Sepdec),\u00a0vinculada \u00e0 Secretaria Municipal de Seguran\u00e7a P\u00fablica e Defesa Social (Semseg), informa que as equipes da Sepdec e da Secretaria Municipal da Mulher, Assist\u00eancia Social e Cidadania (Semasc) j\u00e1 estiveram na casa de alvenaria onde aconteceu um inc\u00eandio, na manh\u00e3 desta ter\u00e7a-feira, 10\/10, e deram assist\u00eancia \u00e0s duas fam\u00edlias que perderam tudo no sinistro, iniciado por volta das 6h, em um im\u00f3vel situado no bairro Petr\u00f3polis, zona Sul da cidade. \u00a0","robots":{"index":"noindex","follow":"follow"},"og_locale":"pt_BR","og_type":"article","og_title":"Inc\u00eandio no bairro Petr\u00f3polis","og_description":"A Prefeitura de Manaus, por meio da\u00a0Secretaria Executiva de Prote\u00e7\u00e3o e Defesa Civil Municipal (Sepdec),\u00a0vinculada \u00e0 Secretaria Municipal de Seguran\u00e7a P\u00fablica e Defesa Social (Semseg), informa que as equipes da Sepdec e da Secretaria Municipal da Mulher, Assist\u00eancia Social e Cidadania (Semasc) j\u00e1 estiveram na casa de alvenaria onde aconteceu um inc\u00eandio, na manh\u00e3 desta ter\u00e7a-feira, 10\/10, e deram assist\u00eancia \u00e0s duas fam\u00edlias que perderam tudo no sinistro, iniciado por volta das 6h, em um im\u00f3vel situado no bairro Petr\u00f3polis, zona Sul da cidade. \u00a0","og_url":"https:\/\/www.manaus.am.gov.br\/semasc\/incendio-no-bairro-petropolis\/","og_site_name":"SEMASC","article_publisher":"https:\/\/www.facebook.com\/semascmanaus","article_published_time":"2023-10-10T18:20:39+00:00","article_modified_time":"2023-11-21T14:26:15+00:00","og_image":[{"width":900,"height":509,"url":"https:\/\/www.manaus.am.gov.br\/semasc\/wp-content\/uploads\/sites\/17\/2023\/08\/Nota-1.png","type":"image\/png"}],"author":"Bruna Greco","twitter_card":"summary_large_image","twitter_misc":{"Written by":"Bruna Greco","Est. reading time":"1 minuto"},"schema":{"@context":"https:\/\/schema.org","@graph":[{"@type":"Article","@id":"https:\/\/www.manaus.am.gov.br\/semasc\/incendio-no-bairro-petropolis\/#article","isPartOf":{"@id":"https:\/\/www.manaus.am.gov.br\/semasc\/incendio-no-bairro-petropolis\/"},"author":{"name":"Bruna Greco","@id":"https:\/\/www.manaus.am.gov.br\/semasc\/#\/schema\/person\/05d223aea2bf115f9883a6ff3683d81b"},"headline":"Inc\u00eandio no bairro Petr\u00f3polis","datePublished":"2023-10-10T18:20:39+00:00","dateModified":"2023-11-21T14:26:15+00:00","mainEntityOfPage":{"@id":"https:\/\/www.manaus.am.gov.br\/semasc\/incendio-no-bairro-petropolis\/"},"wordCount":171,"publisher":{"@id":"https:\/\/www.manaus.am.gov.br\/semasc\/#organization"},"image":{"@id":"https:\/\/www.manaus.am.gov.br\/semasc\/incendio-no-bairro-petropolis\/#primaryimage"},"thumbnailUrl":"https:\/\/www.manaus.am.gov.br\/semasc\/wp-content\/uploads\/sites\/17\/2023\/08\/Nota-1.png","keywords":["bairro petropolis","defesa civil","inc\u00eandio","nota","prefeitura de manaus","Semasc","Semseg","Sepdec"],"articleSection":["Nota"],"inLanguage":"pt-BR"},{"@type":"WebPage","@id":"https:\/\/www.manaus.am.gov.br\/semasc\/incendio-no-bairro-petropolis\/","url":"https:\/\/www.manaus.am.gov.br\/semasc\/incendio-no-bairro-petropolis\/","name":"Inc\u00eandio no bairro Petr\u00f3polis","isPartOf":{"@id":"https:\/\/www.manaus.am.gov.br\/semasc\/#website"},"primaryImageOfPage":{"@id":"https:\/\/www.manaus.am.gov.br\/semasc\/incendio-no-bairro-petropolis\/#primaryimage"},"image":{"@id":"https:\/\/www.manaus.am.gov.br\/semasc\/incendio-no-bairro-petropolis\/#primaryimage"},"thumbnailUrl":"https:\/\/www.manaus.am.gov.br\/semasc\/wp-content\/uploads\/sites\/17\/2023\/08\/Nota-1.png","datePublished":"2023-10-10T18:20:39+00:00","dateModified":"2023-11-21T14:26:15+00:00","description":"A Prefeitura de Manaus, por meio da\u00a0Secretaria Executiva de Prote\u00e7\u00e3o e Defesa Civil Municipal (Sepdec),\u00a0vinculada \u00e0 Secretaria Municipal de Seguran\u00e7a P\u00fablica e Defesa Social (Semseg), informa que as equipes da Sepdec e da Secretaria Municipal da Mulher, Assist\u00eancia Social e Cidadania (Semasc) j\u00e1 estiveram na casa de alvenaria onde aconteceu um inc\u00eandio, na manh\u00e3 desta ter\u00e7a-feira, 10\/10, e deram assist\u00eancia \u00e0s duas fam\u00edlias que perderam tudo no sinistro, iniciado por volta das 6h, em um im\u00f3vel situado no bairro Petr\u00f3polis, zona Sul da cidade. \u00a0","breadcrumb":{"@id":"https:\/\/www.manaus.am.gov.br\/semasc\/incendio-no-bairro-petropolis\/#breadcrumb"},"inLanguage":"pt-BR","potentialAction":[{"@type":"ReadAction","target":["https:\/\/www.manaus.am.gov.br\/semasc\/incendio-no-bairro-petropolis\/"]}]},{"@type":"ImageObject","inLanguage":"pt-BR","@id":"https:\/\/www.manaus.am.gov.br\/semasc\/incendio-no-bairro-petropolis\/#primaryimage","url":"https:\/\/www.manaus.am.gov.br\/semasc\/wp-content\/uploads\/sites\/17\/2023\/08\/Nota-1.png","contentUrl":"https:\/\/www.manaus.am.gov.br\/semasc\/wp-content\/uploads\/sites\/17\/2023\/08\/Nota-1.png","width":900,"height":509},{"@type":"BreadcrumbList","@id":"https:\/\/www.manaus.am.gov.br\/semasc\/incendio-no-bairro-petropolis\/#breadcrumb","itemListElement":[{"@type":"ListItem","position":1,"name":"Home","item":"https:\/\/www.manaus.am.gov.br\/semasc\/"},{"@type":"ListItem","position":2,"name":"Inc\u00eandio no bairro Petr\u00f3polis"}]},{"@type":"WebSite","@id":"https:\/\/www.manaus.am.gov.br\/semasc\/#website","url":"https:\/\/www.manaus.am.gov.br\/semasc\/","name":"SEMASC","description":"Secretaria Municipal da Mulher, Assist\u00eancia Social e Cidadania.","publisher":{"@id":"https:\/\/www.manaus.am.gov.br\/semasc\/#organization"},"alternateName":"Secretaria Municipal da Mulher, Assist\u00eancia Social e Cidadania","potentialAction":[{"@type":"SearchAction","target":{"@type":"EntryPoint","urlTemplate":"https:\/\/www.manaus.am.gov.br\/semasc\/?s={search_term_string}"},"query-input":"required name=search_term_string"}],"inLanguage":"pt-BR"},{"@type":"Organization","@id":"https:\/\/www.manaus.am.gov.br\/semasc\/#organization","name":"Prefeitura de Manaus","alternateName":"Prefeitura Municipal de Manaus","url":"https:\/\/www.manaus.am.gov.br\/semasc\/","logo":{"@type":"ImageObject","inLanguage":"pt-BR","@id":"https:\/\/www.manaus.am.gov.br\/semasc\/#\/schema\/logo\/image\/","url":"https:\/\/www.manaus.am.gov.br\/semasc\/wp-content\/uploads\/sites\/17\/2024\/07\/favicon.png","contentUrl":"https:\/\/www.manaus.am.gov.br\/semasc\/wp-content\/uploads\/sites\/17\/2024\/07\/favicon.png","width":300,"height":300,"caption":"Prefeitura de Manaus"},"image":{"@id":"https:\/\/www.manaus.am.gov.br\/semasc\/#\/schema\/logo\/image\/"},"sameAs":["https:\/\/www.facebook.com\/semascmanaus","https:\/\/www.instagram.com\/semascmanaus\/"]},{"@type":"Person","@id":"https:\/\/www.manaus.am.gov.br\/semasc\/#\/schema\/person\/05d223aea2bf115f9883a6ff3683d81b","name":"Bruna Greco","image":{"@type":"ImageObject","inLanguage":"pt-BR","@id":"https:\/\/www.manaus.am.gov.br\/semasc\/#\/schema\/person\/image\/","url":"https:\/\/secure.gravatar.com\/avatar\/9c877d1a6adc2a055330e5c09a8653ce?s=96&d=mm&r=g","contentUrl":"https:\/\/secure.gravatar.com\/avatar\/9c877d1a6adc2a055330e5c09a8653ce?s=96&d=mm&r=g","caption":"Bruna Greco"}}]}},"_links":{"self":[{"href":"https:\/\/www.manaus.am.gov.br\/semasc\/wp-json\/wp\/v2\/posts\/209237"}],"collection":[{"href":"https:\/\/www.manaus.am.gov.br\/semasc\/wp-json\/wp\/v2\/posts"}],"about":[{"href":"https:\/\/www.manaus.am.gov.br\/semasc\/wp-json\/wp\/v2\/types\/post"}],"author":[{"embeddable":true,"href":"https:\/\/www.manaus.am.gov.br\/semasc\/wp-json\/wp\/v2\/users\/39"}],"replies":[{"embeddable":true,"href":"https:\/\/www.manaus.am.gov.br\/semasc\/wp-json\/wp\/v2\/comments?post=209237"}],"version-history":[{"count":0,"href":"https:\/\/www.manaus.am.gov.br\/semasc\/wp-json\/wp\/v2\/posts\/209237\/revisions"}],"wp:featuredmedia":[{"embeddable":true,"href":"https:\/\/www.manaus.am.gov.br\/semasc\/wp-json\/wp\/v2\/media\/208808"}],"wp:attachment":[{"href":"https:\/\/www.manaus.am.gov.br\/semasc\/wp-json\/wp\/v2\/media?parent=209237"}],"wp:term":[{"taxonomy":"category","embeddable":true,"href":"https:\/\/www.manaus.am.gov.br\/semasc\/wp-json\/wp\/v2\/categories?post=209237"},{"taxonomy":"post_tag","embeddable":true,"href":"https:\/\/www.manaus.am.gov.br\/semasc\/wp-json\/wp\/v2\/tags?post=209237"}],"curies":[{"name":"wp","href":"https:\/\/api.w.org\/{rel}","templated":true}]}}