{"id":209230,"date":"2023-10-16T18:01:06","date_gmt":"2023-10-16T22:01:06","guid":{"rendered":"https:\/\/www.manaus.am.gov.br\/semasc\/prefeito-diz-que-ajuda-humanitaria-chegara-esta-semana-a-20-mil-pessoas-da-zona-rural-de-manaus\/"},"modified":"2023-10-16T18:01:06","modified_gmt":"2023-10-16T22:01:06","slug":"prefeito-diz-que-ajuda-humanitaria-chegara-esta-semana-a-20-mil-pessoas-da-zona-rural-de-manaus","status":"publish","type":"post","link":"https:\/\/www.manaus.am.gov.br\/semasc\/prefeito-diz-que-ajuda-humanitaria-chegara-esta-semana-a-20-mil-pessoas-da-zona-rural-de-manaus\/","title":{"rendered":"Prefeito diz que ajuda humanit\u00e1ria chegar\u00e1 esta semana a 20 mil pessoas da zona rural de Manaus"},"content":{"rendered":"\n<p>At\u00e9 o final desta semana, a Prefeitura de Manaus ter\u00e1 atendido cerca de 20 mil pessoas com ajuda humanit\u00e1ria, o que representa mais de 5,3 mil fam\u00edlias moradoras de comunidades isoladas pela estiagem hist\u00f3rica deste ano. A afirma\u00e7\u00e3o \u00e9 do prefeito David Almeida, em entrevista \u00e0 r\u00e1dio Bandeirantes, nesta segunda, 16\/10. Ele destacou, ainda que 62 comunidades rurais localizadas entre os rios Negro e Amazonas, no entorno da capital, fazem parte desta primeira fase das a\u00e7\u00f5es municipais.<\/p>\n\n\n\n<p>Mais de 5,3 mil fam\u00edlias j\u00e1 foram beneficiadas at\u00e9 o momento, com a distribui\u00e7\u00e3o de 6.040 cestas b\u00e1sicas e itens de higiene, como ainda com 60 mil litros de \u00e1gua pot\u00e1vel, sobretudo, para as comunidades que n\u00e3o possuem po\u00e7o artesiano ou que o po\u00e7o ou o lago atendido secou por conta da vazante.<\/p>\n\n\n\n<p>\u201cAs nossas estradas s\u00e3o os nossos rios. Com esta estiagem severa, a maior da hist\u00f3ria, foi necess\u00e1rio montar uma for\u00e7a-tarefa, com v\u00e1rias secretarias municipais, para chegar a mais de 20 mil pessoas que vivem no entorno de Manaus e t\u00eam a pesca como a sua atividade principal. Mapeamos as comunidades e ao longo desta semana atenderemos todas as comunidades rurais com ajuda humanit\u00e1ria levando alimentos, kits de higiene e \u00e1gua pot\u00e1vel\u201d, relatou David Almeida, ressaltando que a segunda fase das a\u00e7\u00f5es ser\u00e1 de retorno \u00e0s fam\u00edlias j\u00e1 assistidas.<\/p>\n\n\n\n<p>Uma boa not\u00edcia, disse ele, \u00e9 que nas cabeceiras do rio Solim\u00f5es, em Quito, no Peru, j\u00e1 come\u00e7am a subida dos rios, com reflexo na cidade de Tabatinga (AM), que fica na tr\u00edplice fronteira Brasil-Peru-Col\u00f4mbia. Mas afirmou tamb\u00e9m que os pr\u00f3ximos dois meses ser\u00e3o de muitos desafios na regi\u00e3o, por\u00e9m, que a prefeitura tem feito o seu dever de casa.<\/p>\n\n\n\n<figure class=\"wp-block-image size-full\"><img loading=\"lazy\" decoding=\"async\" width=\"799\" height=\"533\" src=\"https:\/\/www.manaus.am.gov.br\/semasc\/wp-content\/uploads\/sites\/17\/2023\/11\/53237285655_96d2b1c7f5_c.jpg\" alt=\"\" class=\"wp-image-209231\" srcset=\"https:\/\/www.manaus.am.gov.br\/semasc\/wp-content\/uploads\/sites\/17\/2023\/11\/53237285655_96d2b1c7f5_c.jpg 799w, https:\/\/www.manaus.am.gov.br\/semasc\/wp-content\/uploads\/sites\/17\/2023\/11\/53237285655_96d2b1c7f5_c-300x200.jpg 300w, https:\/\/www.manaus.am.gov.br\/semasc\/wp-content\/uploads\/sites\/17\/2023\/11\/53237285655_96d2b1c7f5_c-768x512.jpg 768w\" sizes=\"(max-width: 799px) 100vw, 799px\" \/><\/figure>\n\n\n\n<p>\u201cTudo o que fizemos at\u00e9 aqui foram com recursos pr\u00f3prios, dos cofres municipais. Come\u00e7amos a trabalhar desde o in\u00edcio e estamos nos esfor\u00e7ando para dar o m\u00ednimo de trabalho aos governos estadual e federal\u201d.<\/p>\n\n\n\n<p>De acordo com o prefeito, que se reuniu nesta manh\u00e3 com a ministra da Sa\u00fade, N\u00edsia Trindade, os recursos federais devem chegar em breve, para ajudar nos meses vindouros.<\/p>\n\n\n\n<p>\u201cAinda enfrentaremos muitos problemas. Mas, hoje, cai uma chuva torrencial em Manaus, gra\u00e7as a Deus. E acreditamos que seja o pren\u00fancio para o in\u00edcio da cheia dos rios\u201d.<\/p>\n\n\n\n<p><strong>Queimadas<\/strong><\/p>\n\n\n\n<p>Em setembro deste ano, foram detectados 6.992 focos de inc\u00eandio no Amazonas, conforme dados do Instituto Nacional de Pesquisas Espaciais (Inpe). Desse total, 99,6% foram originados em munic\u00edpios da Regi\u00e3o Metropolitana e do Sul do Estado. Esses n\u00fameros tamb\u00e9m foram citados pelo prefeito durante a entrevista, para refor\u00e7ar que a densa fuma\u00e7a que encobriu a capital nos \u00faltimos dias, deixando o ar polu\u00eddo, n\u00e3o teve origem em Manaus.<\/p>\n\n\n\n<p>\u201cTrabalhamos a consci\u00eancia ambiental de forma preventiva, sobretudo, junto \u00e0s comunidades rurais. Desde junho, estamos realizando campanhas educativas. J\u00e1 adiamos uma maratona internacional, que aconteceria neste final de semana, e reduzimos para um dia os tradicionais eventos festivos que antecedem o anivers\u00e1rio de Manaus. Tudo por conta da p\u00e9ssima qualidade do ar e para preservar a sa\u00fade de todos\u201d, frisou o chefe do Executivo municipal.<\/p>\n\n\n\n<p>Com as chuvas recentes e a diminui\u00e7\u00e3o das queimadas, sobretudo, pelas intensas fiscaliza\u00e7\u00f5es, autua\u00e7\u00f5es e at\u00e9 deten\u00e7\u00f5es, ele espera que a regi\u00e3o volte em breve \u00e0 normalidade.<\/p>\n\n\n\n<p>E destacou ainda que em 2021, ano em que assumiu a prefeitura, enfrentou a maior enchente da hist\u00f3ria e que agora enfrenta a maior seca, junto a graves problemas com fuma\u00e7a, proveniente de queimadas do interior.<\/p>\n\n\n\n<p>\u201cVou mais al\u00e9m: no in\u00edcio deste ano, quando trat\u00e1vamos de uma grande cheia, o Sul do pa\u00eds convivia com a seca. Hoje, somos n\u00f3s convivendo com a maior estiagem e o Sul sofrendo com alagamentos. Isso tudo ocorre em fun\u00e7\u00e3o das mudan\u00e7as clim\u00e1ticas. Temos que discutir bastante essa quest\u00e3o ambiental, prevendo a\u00e7\u00f5es alternativas, para que n\u00e3o venhamos a sofrer ainda mais no futuro\u201d, concluiu.<\/p>\n\n\n\n<p>&#8212; &#8212; &#8212;<\/p>\n\n\n\n<p><strong>Texto<\/strong>\u00a0\u2013 Cristiane Silveira \/ Semcom<br><strong>Fotos<\/strong>\u00a0\u2013 Arquivo \/ Semcom e Semasc<br>Dispon\u00edveis em &#8211;\u00a0<a href=\"https:\/\/flic.kr\/p\/2p7p1gr\">https:\/\/flic.kr\/p\/2p7p1gr<\/a><\/p>\n\n\n\n<p><a href=\"https:\/\/flic.kr\/s\/aHBqjAYE54\" target=\"_blank\" rel=\"noreferrer noopener\">https:\/\/flic.kr\/s\/aHBqjAYE54<\/a>, <a href=\"https:\/\/flic.kr\/p\/2p8CJet\">https:\/\/flic.kr\/p\/2p8CJet<\/a><\/p>\n","protected":false},"excerpt":{"rendered":"","protected":false},"author":31,"featured_media":209232,"comment_status":"closed","ping_status":"closed","sticky":false,"template":"","format":"standard","meta":{"footnotes":""},"categories":[469],"tags":[622,484,513,623],"acf":[],"yoast_head":"<!-- This site is optimized with the Yoast SEO plugin v23.0 - https:\/\/yoast.com\/wordpress\/plugins\/seo\/ -->\n<title>Prefeito diz que ajuda humanit\u00e1ria chegar\u00e1 esta semana a 20 mil pessoas da zona rural de Manaus - SEMASC<\/title>\n<meta name=\"robots\" content=\"noindex, follow\" \/>\n<meta property=\"og:locale\" content=\"pt_BR\" \/>\n<meta property=\"og:type\" content=\"article\" \/>\n<meta property=\"og:title\" content=\"Prefeito diz que ajuda humanit\u00e1ria chegar\u00e1 esta semana a 20 mil pessoas da zona rural de Manaus - SEMASC\" \/>\n<meta property=\"og:url\" content=\"https:\/\/www.manaus.am.gov.br\/semasc\/prefeito-diz-que-ajuda-humanitaria-chegara-esta-semana-a-20-mil-pessoas-da-zona-rural-de-manaus\/\" \/>\n<meta property=\"og:site_name\" content=\"SEMASC\" \/>\n<meta property=\"article:publisher\" content=\"https:\/\/www.facebook.com\/semascmanaus\" \/>\n<meta property=\"article:published_time\" content=\"2023-10-16T22:01:06+00:00\" \/>\n<meta property=\"og:image\" content=\"https:\/\/www.manaus.am.gov.br\/semasc\/wp-content\/uploads\/sites\/17\/2023\/11\/53251279781_0bccbf9bc9_c.jpg\" \/>\n\t<meta property=\"og:image:width\" content=\"800\" \/>\n\t<meta property=\"og:image:height\" content=\"600\" \/>\n\t<meta property=\"og:image:type\" content=\"image\/jpeg\" \/>\n<meta name=\"author\" content=\"Renata Felix\" \/>\n<meta name=\"twitter:card\" content=\"summary_large_image\" \/>\n<meta name=\"twitter:label1\" content=\"Written by\" \/>\n\t<meta name=\"twitter:data1\" content=\"Renata Felix\" \/>\n\t<meta name=\"twitter:label2\" content=\"Est. reading time\" \/>\n\t<meta name=\"twitter:data2\" content=\"4 minutos\" \/>\n<script type=\"application\/ld+json\" class=\"yoast-schema-graph\">{\"@context\":\"https:\/\/schema.org\",\"@graph\":[{\"@type\":\"Article\",\"@id\":\"https:\/\/www.manaus.am.gov.br\/semasc\/prefeito-diz-que-ajuda-humanitaria-chegara-esta-semana-a-20-mil-pessoas-da-zona-rural-de-manaus\/#article\",\"isPartOf\":{\"@id\":\"https:\/\/www.manaus.am.gov.br\/semasc\/prefeito-diz-que-ajuda-humanitaria-chegara-esta-semana-a-20-mil-pessoas-da-zona-rural-de-manaus\/\"},\"author\":{\"name\":\"Renata Felix\",\"@id\":\"https:\/\/www.manaus.am.gov.br\/semasc\/#\/schema\/person\/4eea2a8f78dc853097abb026f728aa06\"},\"headline\":\"Prefeito diz que ajuda humanit\u00e1ria chegar\u00e1 esta semana a 20 mil pessoas da zona rural de Manaus\",\"datePublished\":\"2023-10-16T22:01:06+00:00\",\"dateModified\":\"2023-10-16T22:01:06+00:00\",\"mainEntityOfPage\":{\"@id\":\"https:\/\/www.manaus.am.gov.br\/semasc\/prefeito-diz-que-ajuda-humanitaria-chegara-esta-semana-a-20-mil-pessoas-da-zona-rural-de-manaus\/\"},\"wordCount\":739,\"publisher\":{\"@id\":\"https:\/\/www.manaus.am.gov.br\/semasc\/#organization\"},\"image\":{\"@id\":\"https:\/\/www.manaus.am.gov.br\/semasc\/prefeito-diz-que-ajuda-humanitaria-chegara-esta-semana-a-20-mil-pessoas-da-zona-rural-de-manaus\/#primaryimage\"},\"thumbnailUrl\":\"https:\/\/www.manaus.am.gov.br\/semasc\/wp-content\/uploads\/sites\/17\/2023\/11\/53251279781_0bccbf9bc9_c.jpg\",\"keywords\":[\"20 mil pessoas\",\"ajuda humanit\u00e1ria\",\"opera\u00e7\u00e3o estiagem\",\"zona rural\"],\"articleSection\":[\"Opera\u00e7\u00e3o\"],\"inLanguage\":\"pt-BR\"},{\"@type\":\"WebPage\",\"@id\":\"https:\/\/www.manaus.am.gov.br\/semasc\/prefeito-diz-que-ajuda-humanitaria-chegara-esta-semana-a-20-mil-pessoas-da-zona-rural-de-manaus\/\",\"url\":\"https:\/\/www.manaus.am.gov.br\/semasc\/prefeito-diz-que-ajuda-humanitaria-chegara-esta-semana-a-20-mil-pessoas-da-zona-rural-de-manaus\/\",\"name\":\"Prefeito diz que ajuda humanit\u00e1ria chegar\u00e1 esta semana a 20 mil pessoas da zona rural de Manaus - SEMASC\",\"isPartOf\":{\"@id\":\"https:\/\/www.manaus.am.gov.br\/semasc\/#website\"},\"primaryImageOfPage\":{\"@id\":\"https:\/\/www.manaus.am.gov.br\/semasc\/prefeito-diz-que-ajuda-humanitaria-chegara-esta-semana-a-20-mil-pessoas-da-zona-rural-de-manaus\/#primaryimage\"},\"image\":{\"@id\":\"https:\/\/www.manaus.am.gov.br\/semasc\/prefeito-diz-que-ajuda-humanitaria-chegara-esta-semana-a-20-mil-pessoas-da-zona-rural-de-manaus\/#primaryimage\"},\"thumbnailUrl\":\"https:\/\/www.manaus.am.gov.br\/semasc\/wp-content\/uploads\/sites\/17\/2023\/11\/53251279781_0bccbf9bc9_c.jpg\",\"datePublished\":\"2023-10-16T22:01:06+00:00\",\"dateModified\":\"2023-10-16T22:01:06+00:00\",\"breadcrumb\":{\"@id\":\"https:\/\/www.manaus.am.gov.br\/semasc\/prefeito-diz-que-ajuda-humanitaria-chegara-esta-semana-a-20-mil-pessoas-da-zona-rural-de-manaus\/#breadcrumb\"},\"inLanguage\":\"pt-BR\",\"potentialAction\":[{\"@type\":\"ReadAction\",\"target\":[\"https:\/\/www.manaus.am.gov.br\/semasc\/prefeito-diz-que-ajuda-humanitaria-chegara-esta-semana-a-20-mil-pessoas-da-zona-rural-de-manaus\/\"]}]},{\"@type\":\"ImageObject\",\"inLanguage\":\"pt-BR\",\"@id\":\"https:\/\/www.manaus.am.gov.br\/semasc\/prefeito-diz-que-ajuda-humanitaria-chegara-esta-semana-a-20-mil-pessoas-da-zona-rural-de-manaus\/#primaryimage\",\"url\":\"https:\/\/www.manaus.am.gov.br\/semasc\/wp-content\/uploads\/sites\/17\/2023\/11\/53251279781_0bccbf9bc9_c.jpg\",\"contentUrl\":\"https:\/\/www.manaus.am.gov.br\/semasc\/wp-content\/uploads\/sites\/17\/2023\/11\/53251279781_0bccbf9bc9_c.jpg\",\"width\":800,\"height\":600},{\"@type\":\"BreadcrumbList\",\"@id\":\"https:\/\/www.manaus.am.gov.br\/semasc\/prefeito-diz-que-ajuda-humanitaria-chegara-esta-semana-a-20-mil-pessoas-da-zona-rural-de-manaus\/#breadcrumb\",\"itemListElement\":[{\"@type\":\"ListItem\",\"position\":1,\"name\":\"Home\",\"item\":\"https:\/\/www.manaus.am.gov.br\/semasc\/\"},{\"@type\":\"ListItem\",\"position\":2,\"name\":\"Prefeito diz que ajuda humanit\u00e1ria chegar\u00e1 esta semana a 20 mil pessoas da zona rural de Manaus\"}]},{\"@type\":\"WebSite\",\"@id\":\"https:\/\/www.manaus.am.gov.br\/semasc\/#website\",\"url\":\"https:\/\/www.manaus.am.gov.br\/semasc\/\",\"name\":\"SEMASC\",\"description\":\"Secretaria Municipal da Mulher, Assist\u00eancia Social e Cidadania.\",\"publisher\":{\"@id\":\"https:\/\/www.manaus.am.gov.br\/semasc\/#organization\"},\"alternateName\":\"Secretaria Municipal da Mulher, Assist\u00eancia Social e Cidadania\",\"potentialAction\":[{\"@type\":\"SearchAction\",\"target\":{\"@type\":\"EntryPoint\",\"urlTemplate\":\"https:\/\/www.manaus.am.gov.br\/semasc\/?s={search_term_string}\"},\"query-input\":\"required name=search_term_string\"}],\"inLanguage\":\"pt-BR\"},{\"@type\":\"Organization\",\"@id\":\"https:\/\/www.manaus.am.gov.br\/semasc\/#organization\",\"name\":\"Prefeitura de Manaus\",\"alternateName\":\"Prefeitura Municipal de Manaus\",\"url\":\"https:\/\/www.manaus.am.gov.br\/semasc\/\",\"logo\":{\"@type\":\"ImageObject\",\"inLanguage\":\"pt-BR\",\"@id\":\"https:\/\/www.manaus.am.gov.br\/semasc\/#\/schema\/logo\/image\/\",\"url\":\"https:\/\/www.manaus.am.gov.br\/semasc\/wp-content\/uploads\/sites\/17\/2024\/07\/favicon.png\",\"contentUrl\":\"https:\/\/www.manaus.am.gov.br\/semasc\/wp-content\/uploads\/sites\/17\/2024\/07\/favicon.png\",\"width\":300,\"height\":300,\"caption\":\"Prefeitura de Manaus\"},\"image\":{\"@id\":\"https:\/\/www.manaus.am.gov.br\/semasc\/#\/schema\/logo\/image\/\"},\"sameAs\":[\"https:\/\/www.facebook.com\/semascmanaus\",\"https:\/\/www.instagram.com\/semascmanaus\/\"]},{\"@type\":\"Person\",\"@id\":\"https:\/\/www.manaus.am.gov.br\/semasc\/#\/schema\/person\/4eea2a8f78dc853097abb026f728aa06\",\"name\":\"Renata Felix\",\"image\":{\"@type\":\"ImageObject\",\"inLanguage\":\"pt-BR\",\"@id\":\"https:\/\/www.manaus.am.gov.br\/semasc\/#\/schema\/person\/image\/\",\"url\":\"https:\/\/secure.gravatar.com\/avatar\/3c196cf9d3b837b24c8edb2c50fd8f29?s=96&d=mm&r=g\",\"contentUrl\":\"https:\/\/secure.gravatar.com\/avatar\/3c196cf9d3b837b24c8edb2c50fd8f29?s=96&d=mm&r=g\",\"caption\":\"Renata Felix\"}}]}<\/script>\n<!-- \/ Yoast SEO plugin. -->","yoast_head_json":{"title":"Prefeito diz que ajuda humanit\u00e1ria chegar\u00e1 esta semana a 20 mil pessoas da zona rural de Manaus - SEMASC","robots":{"index":"noindex","follow":"follow"},"og_locale":"pt_BR","og_type":"article","og_title":"Prefeito diz que ajuda humanit\u00e1ria chegar\u00e1 esta semana a 20 mil pessoas da zona rural de Manaus - SEMASC","og_url":"https:\/\/www.manaus.am.gov.br\/semasc\/prefeito-diz-que-ajuda-humanitaria-chegara-esta-semana-a-20-mil-pessoas-da-zona-rural-de-manaus\/","og_site_name":"SEMASC","article_publisher":"https:\/\/www.facebook.com\/semascmanaus","article_published_time":"2023-10-16T22:01:06+00:00","og_image":[{"width":800,"height":600,"url":"https:\/\/www.manaus.am.gov.br\/semasc\/wp-content\/uploads\/sites\/17\/2023\/11\/53251279781_0bccbf9bc9_c.jpg","type":"image\/jpeg"}],"author":"Renata Felix","twitter_card":"summary_large_image","twitter_misc":{"Written by":"Renata Felix","Est. reading time":"4 minutos"},"schema":{"@context":"https:\/\/schema.org","@graph":[{"@type":"Article","@id":"https:\/\/www.manaus.am.gov.br\/semasc\/prefeito-diz-que-ajuda-humanitaria-chegara-esta-semana-a-20-mil-pessoas-da-zona-rural-de-manaus\/#article","isPartOf":{"@id":"https:\/\/www.manaus.am.gov.br\/semasc\/prefeito-diz-que-ajuda-humanitaria-chegara-esta-semana-a-20-mil-pessoas-da-zona-rural-de-manaus\/"},"author":{"name":"Renata Felix","@id":"https:\/\/www.manaus.am.gov.br\/semasc\/#\/schema\/person\/4eea2a8f78dc853097abb026f728aa06"},"headline":"Prefeito diz que ajuda humanit\u00e1ria chegar\u00e1 esta semana a 20 mil pessoas da zona rural de Manaus","datePublished":"2023-10-16T22:01:06+00:00","dateModified":"2023-10-16T22:01:06+00:00","mainEntityOfPage":{"@id":"https:\/\/www.manaus.am.gov.br\/semasc\/prefeito-diz-que-ajuda-humanitaria-chegara-esta-semana-a-20-mil-pessoas-da-zona-rural-de-manaus\/"},"wordCount":739,"publisher":{"@id":"https:\/\/www.manaus.am.gov.br\/semasc\/#organization"},"image":{"@id":"https:\/\/www.manaus.am.gov.br\/semasc\/prefeito-diz-que-ajuda-humanitaria-chegara-esta-semana-a-20-mil-pessoas-da-zona-rural-de-manaus\/#primaryimage"},"thumbnailUrl":"https:\/\/www.manaus.am.gov.br\/semasc\/wp-content\/uploads\/sites\/17\/2023\/11\/53251279781_0bccbf9bc9_c.jpg","keywords":["20 mil pessoas","ajuda humanit\u00e1ria","opera\u00e7\u00e3o estiagem","zona rural"],"articleSection":["Opera\u00e7\u00e3o"],"inLanguage":"pt-BR"},{"@type":"WebPage","@id":"https:\/\/www.manaus.am.gov.br\/semasc\/prefeito-diz-que-ajuda-humanitaria-chegara-esta-semana-a-20-mil-pessoas-da-zona-rural-de-manaus\/","url":"https:\/\/www.manaus.am.gov.br\/semasc\/prefeito-diz-que-ajuda-humanitaria-chegara-esta-semana-a-20-mil-pessoas-da-zona-rural-de-manaus\/","name":"Prefeito diz que ajuda humanit\u00e1ria chegar\u00e1 esta semana a 20 mil pessoas da zona rural de Manaus - SEMASC","isPartOf":{"@id":"https:\/\/www.manaus.am.gov.br\/semasc\/#website"},"primaryImageOfPage":{"@id":"https:\/\/www.manaus.am.gov.br\/semasc\/prefeito-diz-que-ajuda-humanitaria-chegara-esta-semana-a-20-mil-pessoas-da-zona-rural-de-manaus\/#primaryimage"},"image":{"@id":"https:\/\/www.manaus.am.gov.br\/semasc\/prefeito-diz-que-ajuda-humanitaria-chegara-esta-semana-a-20-mil-pessoas-da-zona-rural-de-manaus\/#primaryimage"},"thumbnailUrl":"https:\/\/www.manaus.am.gov.br\/semasc\/wp-content\/uploads\/sites\/17\/2023\/11\/53251279781_0bccbf9bc9_c.jpg","datePublished":"2023-10-16T22:01:06+00:00","dateModified":"2023-10-16T22:01:06+00:00","breadcrumb":{"@id":"https:\/\/www.manaus.am.gov.br\/semasc\/prefeito-diz-que-ajuda-humanitaria-chegara-esta-semana-a-20-mil-pessoas-da-zona-rural-de-manaus\/#breadcrumb"},"inLanguage":"pt-BR","potentialAction":[{"@type":"ReadAction","target":["https:\/\/www.manaus.am.gov.br\/semasc\/prefeito-diz-que-ajuda-humanitaria-chegara-esta-semana-a-20-mil-pessoas-da-zona-rural-de-manaus\/"]}]},{"@type":"ImageObject","inLanguage":"pt-BR","@id":"https:\/\/www.manaus.am.gov.br\/semasc\/prefeito-diz-que-ajuda-humanitaria-chegara-esta-semana-a-20-mil-pessoas-da-zona-rural-de-manaus\/#primaryimage","url":"https:\/\/www.manaus.am.gov.br\/semasc\/wp-content\/uploads\/sites\/17\/2023\/11\/53251279781_0bccbf9bc9_c.jpg","contentUrl":"https:\/\/www.manaus.am.gov.br\/semasc\/wp-content\/uploads\/sites\/17\/2023\/11\/53251279781_0bccbf9bc9_c.jpg","width":800,"height":600},{"@type":"BreadcrumbList","@id":"https:\/\/www.manaus.am.gov.br\/semasc\/prefeito-diz-que-ajuda-humanitaria-chegara-esta-semana-a-20-mil-pessoas-da-zona-rural-de-manaus\/#breadcrumb","itemListElement":[{"@type":"ListItem","position":1,"name":"Home","item":"https:\/\/www.manaus.am.gov.br\/semasc\/"},{"@type":"ListItem","position":2,"name":"Prefeito diz que ajuda humanit\u00e1ria chegar\u00e1 esta semana a 20 mil pessoas da zona rural de Manaus"}]},{"@type":"WebSite","@id":"https:\/\/www.manaus.am.gov.br\/semasc\/#website","url":"https:\/\/www.manaus.am.gov.br\/semasc\/","name":"SEMASC","description":"Secretaria Municipal da Mulher, Assist\u00eancia Social e Cidadania.","publisher":{"@id":"https:\/\/www.manaus.am.gov.br\/semasc\/#organization"},"alternateName":"Secretaria Municipal da Mulher, Assist\u00eancia Social e Cidadania","potentialAction":[{"@type":"SearchAction","target":{"@type":"EntryPoint","urlTemplate":"https:\/\/www.manaus.am.gov.br\/semasc\/?s={search_term_string}"},"query-input":"required name=search_term_string"}],"inLanguage":"pt-BR"},{"@type":"Organization","@id":"https:\/\/www.manaus.am.gov.br\/semasc\/#organization","name":"Prefeitura de Manaus","alternateName":"Prefeitura Municipal de Manaus","url":"https:\/\/www.manaus.am.gov.br\/semasc\/","logo":{"@type":"ImageObject","inLanguage":"pt-BR","@id":"https:\/\/www.manaus.am.gov.br\/semasc\/#\/schema\/logo\/image\/","url":"https:\/\/www.manaus.am.gov.br\/semasc\/wp-content\/uploads\/sites\/17\/2024\/07\/favicon.png","contentUrl":"https:\/\/www.manaus.am.gov.br\/semasc\/wp-content\/uploads\/sites\/17\/2024\/07\/favicon.png","width":300,"height":300,"caption":"Prefeitura de Manaus"},"image":{"@id":"https:\/\/www.manaus.am.gov.br\/semasc\/#\/schema\/logo\/image\/"},"sameAs":["https:\/\/www.facebook.com\/semascmanaus","https:\/\/www.instagram.com\/semascmanaus\/"]},{"@type":"Person","@id":"https:\/\/www.manaus.am.gov.br\/semasc\/#\/schema\/person\/4eea2a8f78dc853097abb026f728aa06","name":"Renata Felix","image":{"@type":"ImageObject","inLanguage":"pt-BR","@id":"https:\/\/www.manaus.am.gov.br\/semasc\/#\/schema\/person\/image\/","url":"https:\/\/secure.gravatar.com\/avatar\/3c196cf9d3b837b24c8edb2c50fd8f29?s=96&d=mm&r=g","contentUrl":"https:\/\/secure.gravatar.com\/avatar\/3c196cf9d3b837b24c8edb2c50fd8f29?s=96&d=mm&r=g","caption":"Renata Felix"}}]}},"_links":{"self":[{"href":"https:\/\/www.manaus.am.gov.br\/semasc\/wp-json\/wp\/v2\/posts\/209230"}],"collection":[{"href":"https:\/\/www.manaus.am.gov.br\/semasc\/wp-json\/wp\/v2\/posts"}],"about":[{"href":"https:\/\/www.manaus.am.gov.br\/semasc\/wp-json\/wp\/v2\/types\/post"}],"author":[{"embeddable":true,"href":"https:\/\/www.manaus.am.gov.br\/semasc\/wp-json\/wp\/v2\/users\/31"}],"replies":[{"embeddable":true,"href":"https:\/\/www.manaus.am.gov.br\/semasc\/wp-json\/wp\/v2\/comments?post=209230"}],"version-history":[{"count":1,"href":"https:\/\/www.manaus.am.gov.br\/semasc\/wp-json\/wp\/v2\/posts\/209230\/revisions"}],"predecessor-version":[{"id":209234,"href":"https:\/\/www.manaus.am.gov.br\/semasc\/wp-json\/wp\/v2\/posts\/209230\/revisions\/209234"}],"wp:featuredmedia":[{"embeddable":true,"href":"https:\/\/www.manaus.am.gov.br\/semasc\/wp-json\/wp\/v2\/media\/209232"}],"wp:attachment":[{"href":"https:\/\/www.manaus.am.gov.br\/semasc\/wp-json\/wp\/v2\/media?parent=209230"}],"wp:term":[{"taxonomy":"category","embeddable":true,"href":"https:\/\/www.manaus.am.gov.br\/semasc\/wp-json\/wp\/v2\/categories?post=209230"},{"taxonomy":"post_tag","embeddable":true,"href":"https:\/\/www.manaus.am.gov.br\/semasc\/wp-json\/wp\/v2\/tags?post=209230"}],"curies":[{"name":"wp","href":"https:\/\/api.w.org\/{rel}","templated":true}]}}