{"id":209216,"date":"2019-08-12T19:03:23","date_gmt":"2019-08-12T23:03:23","guid":{"rendered":"https:\/\/www.manaus.am.gov.br\/semasc\/semasc-promove-audiencia-publica-sobre-loa-e-ppa\/"},"modified":"2023-11-21T09:57:33","modified_gmt":"2023-11-21T13:57:33","slug":"semasc-promove-audiencia-publica-sobre-loa-e-ppa","status":"publish","type":"post","link":"https:\/\/www.manaus.am.gov.br\/semasc\/semasc-promove-audiencia-publica-sobre-loa-e-ppa\/","title":{"rendered":"Semasc promove audi\u00eancia p\u00fablica sobre LOA e PPA"},"content":{"rendered":"\n<p>A revis\u00e3o do Plano Plurianual (PPA) 2020-2021 e da Lei Or\u00e7ament\u00e1ria Anual (LOA), exerc\u00edcio 2020, da Secretaria Municipal da Mulher, Assist\u00eancia Social e Cidadania (Semasc), foi realizada nesta segunda-feira, 12\/8, durante audi\u00eancia p\u00fablica promovida pela Prefeitura de Manaus, no audit\u00f3rio do Parque Municipal do Idoso, no bairro Nossa Senhora das Gra\u00e7as, na zona Centro-Sul. Na ocasi\u00e3o foram apresentados os resultados da gest\u00e3o, as metas e a\u00e7\u00f5es da \u00e1rea de assist\u00eancia social do Executivo municipal.<\/p>\n\n\n\n<p class=\"has-text-align-center\"><\/p>\n\n\n\n<p>\u201c\u00c9 importante destacar o trabalho que o prefeito Arthur Virg\u00edlio Neto e a primeira-dama e presidente do Fundo Manaus Solid\u00e1ria, Elisabeth Valeiko Ribeiro, v\u00eam fazendo no chamamento da popula\u00e7\u00e3o para dentro da gest\u00e3o, discutindo sobre os programas e as poss\u00edveis revis\u00f5es a serem feitas. E hoje n\u00f3s estamos com a \u00e1rea da assist\u00eancia sendo debatida, falando exatamente do programa desenvolvido e da revis\u00e3o setorial\u201d, destacou a titular da Semasc, Concei\u00e7\u00e3o Sampaio.<\/p>\n\n\n\n<p>No decorrer da audi\u00eancia p\u00fablica, foram apresentadas as propostas de revis\u00e3o das a\u00e7\u00f5es e programas da secretaria, e os participantes puderam fazer questionamentos e esclarecer d\u00favidas sobre o tema.<\/p>\n\n\n\n<p>\u201cQuando se fala em audi\u00eancia p\u00fablica, a palavra que vem \u00e0 cabe\u00e7a \u00e9 transpar\u00eancia municipal, pois nela ser\u00e1 esclarecido para a sociedade como a Prefeitura de Manaus est\u00e1 trabalhando no planejamento, responsabilidade fiscal e principalmente no estabelecimento de metas a serem alcan\u00e7adas\u201d, destacou Eliandro Souza, chefe de Divis\u00e3o de Planejamento e Desenvolvimento da Semasc.<\/p>\n\n\n\n<p class=\"has-text-align-center\"><iframe loading=\"lazy\" src=\"https:\/\/www.youtube.com\/embed\/YzQXumYfm3M\" width=\"560\" height=\"315\" frameborder=\"0\" allowfullscreen=\"allowfullscreen\"><\/iframe><\/p>\n\n\n\n<p>A audi\u00eancia contou com a presen\u00e7a de representantes da Semasc; da Subsecretaria de Pol\u00edticas Afirmativas para as Mulheres e de Direitos Humanos; Secretaria Municipal de Finan\u00e7as, Tecnologia da Informa\u00e7\u00e3o e Controle Interno (Semef); e dos conselhos municipais ligados \u00e0 assist\u00eancia social e Organiza\u00e7\u00f5es da Sociedade Civil (OSCs) cujas pol\u00edticas p\u00fablicas est\u00e3o ligadas intersetorialmente \u00e0 Semasc.<\/p>\n\n\n\n<p>&#8212; &#8212; &#8212;<\/p>\n\n\n\n<p><strong>Texto &#8211;<\/strong> Hudy Alves \/ Semasc<\/p>\n","protected":false},"excerpt":{"rendered":"","protected":false},"author":8,"featured_media":209217,"comment_status":"closed","ping_status":"closed","sticky":false,"template":"","format":"standard","meta":{"footnotes":""},"categories":[376],"tags":[142,618,619,18],"acf":[],"yoast_head":"<!-- This site is optimized with the Yoast SEO plugin v23.0 - https:\/\/yoast.com\/wordpress\/plugins\/seo\/ -->\n<title>Semasc promove audi\u00eancia p\u00fablica sobre LOA e PPA<\/title>\n<meta name=\"robots\" content=\"noindex, follow\" \/>\n<meta property=\"og:locale\" content=\"pt_BR\" \/>\n<meta property=\"og:type\" content=\"article\" \/>\n<meta property=\"og:title\" content=\"Semasc promove audi\u00eancia p\u00fablica sobre LOA e PPA\" \/>\n<meta property=\"og:url\" content=\"https:\/\/www.manaus.am.gov.br\/semasc\/semasc-promove-audiencia-publica-sobre-loa-e-ppa\/\" \/>\n<meta property=\"og:site_name\" content=\"SEMASC\" \/>\n<meta property=\"article:publisher\" content=\"https:\/\/www.facebook.com\/semascmanaus\" \/>\n<meta property=\"article:published_time\" content=\"2019-08-12T23:03:23+00:00\" \/>\n<meta property=\"article:modified_time\" content=\"2023-11-21T13:57:33+00:00\" \/>\n<meta property=\"og:image\" content=\"https:\/\/www.manaus.am.gov.br\/semasc\/wp-content\/uploads\/sites\/17\/2023\/11\/foto3.jpg\" \/>\n\t<meta property=\"og:image:width\" content=\"1920\" \/>\n\t<meta property=\"og:image:height\" content=\"1080\" \/>\n\t<meta property=\"og:image:type\" content=\"image\/jpeg\" \/>\n<meta name=\"author\" content=\"Glauber Farias\" \/>\n<meta name=\"twitter:card\" content=\"summary_large_image\" \/>\n<meta name=\"twitter:label1\" content=\"Written by\" \/>\n\t<meta name=\"twitter:data1\" content=\"Glauber Farias\" \/>\n\t<meta name=\"twitter:label2\" content=\"Est. reading time\" \/>\n\t<meta name=\"twitter:data2\" content=\"2 minutos\" \/>\n<script type=\"application\/ld+json\" class=\"yoast-schema-graph\">{\"@context\":\"https:\/\/schema.org\",\"@graph\":[{\"@type\":\"Article\",\"@id\":\"https:\/\/www.manaus.am.gov.br\/semasc\/semasc-promove-audiencia-publica-sobre-loa-e-ppa\/#article\",\"isPartOf\":{\"@id\":\"https:\/\/www.manaus.am.gov.br\/semasc\/semasc-promove-audiencia-publica-sobre-loa-e-ppa\/\"},\"author\":{\"name\":\"Glauber Farias\",\"@id\":\"https:\/\/www.manaus.am.gov.br\/semasc\/#\/schema\/person\/fe69d2249d78e7a3112d42bc34c44a58\"},\"headline\":\"Semasc promove audi\u00eancia p\u00fablica sobre LOA e PPA\",\"datePublished\":\"2019-08-12T23:03:23+00:00\",\"dateModified\":\"2023-11-21T13:57:33+00:00\",\"mainEntityOfPage\":{\"@id\":\"https:\/\/www.manaus.am.gov.br\/semasc\/semasc-promove-audiencia-publica-sobre-loa-e-ppa\/\"},\"wordCount\":339,\"publisher\":{\"@id\":\"https:\/\/www.manaus.am.gov.br\/semasc\/#organization\"},\"image\":{\"@id\":\"https:\/\/www.manaus.am.gov.br\/semasc\/semasc-promove-audiencia-publica-sobre-loa-e-ppa\/#primaryimage\"},\"thumbnailUrl\":\"https:\/\/www.manaus.am.gov.br\/semasc\/wp-content\/uploads\/sites\/17\/2023\/11\/foto3.jpg\",\"keywords\":[\"a\u00e7\u00e3o social\",\"LOA 2020\",\"PPA 2021\",\"Semasc\"],\"articleSection\":[\"Transpar\u00eancia\"],\"inLanguage\":\"pt-BR\"},{\"@type\":\"WebPage\",\"@id\":\"https:\/\/www.manaus.am.gov.br\/semasc\/semasc-promove-audiencia-publica-sobre-loa-e-ppa\/\",\"url\":\"https:\/\/www.manaus.am.gov.br\/semasc\/semasc-promove-audiencia-publica-sobre-loa-e-ppa\/\",\"name\":\"Semasc promove audi\u00eancia p\u00fablica sobre LOA e PPA\",\"isPartOf\":{\"@id\":\"https:\/\/www.manaus.am.gov.br\/semasc\/#website\"},\"primaryImageOfPage\":{\"@id\":\"https:\/\/www.manaus.am.gov.br\/semasc\/semasc-promove-audiencia-publica-sobre-loa-e-ppa\/#primaryimage\"},\"image\":{\"@id\":\"https:\/\/www.manaus.am.gov.br\/semasc\/semasc-promove-audiencia-publica-sobre-loa-e-ppa\/#primaryimage\"},\"thumbnailUrl\":\"https:\/\/www.manaus.am.gov.br\/semasc\/wp-content\/uploads\/sites\/17\/2023\/11\/foto3.jpg\",\"datePublished\":\"2019-08-12T23:03:23+00:00\",\"dateModified\":\"2023-11-21T13:57:33+00:00\",\"breadcrumb\":{\"@id\":\"https:\/\/www.manaus.am.gov.br\/semasc\/semasc-promove-audiencia-publica-sobre-loa-e-ppa\/#breadcrumb\"},\"inLanguage\":\"pt-BR\",\"potentialAction\":[{\"@type\":\"ReadAction\",\"target\":[\"https:\/\/www.manaus.am.gov.br\/semasc\/semasc-promove-audiencia-publica-sobre-loa-e-ppa\/\"]}]},{\"@type\":\"ImageObject\",\"inLanguage\":\"pt-BR\",\"@id\":\"https:\/\/www.manaus.am.gov.br\/semasc\/semasc-promove-audiencia-publica-sobre-loa-e-ppa\/#primaryimage\",\"url\":\"https:\/\/www.manaus.am.gov.br\/semasc\/wp-content\/uploads\/sites\/17\/2023\/11\/foto3.jpg\",\"contentUrl\":\"https:\/\/www.manaus.am.gov.br\/semasc\/wp-content\/uploads\/sites\/17\/2023\/11\/foto3.jpg\",\"width\":1920,\"height\":1080,\"caption\":\"Semasc promove audi\u00eancia p\u00fablica sobre LOA e PPA\"},{\"@type\":\"BreadcrumbList\",\"@id\":\"https:\/\/www.manaus.am.gov.br\/semasc\/semasc-promove-audiencia-publica-sobre-loa-e-ppa\/#breadcrumb\",\"itemListElement\":[{\"@type\":\"ListItem\",\"position\":1,\"name\":\"Home\",\"item\":\"https:\/\/www.manaus.am.gov.br\/semasc\/\"},{\"@type\":\"ListItem\",\"position\":2,\"name\":\"Semasc promove audi\u00eancia p\u00fablica sobre LOA e PPA\"}]},{\"@type\":\"WebSite\",\"@id\":\"https:\/\/www.manaus.am.gov.br\/semasc\/#website\",\"url\":\"https:\/\/www.manaus.am.gov.br\/semasc\/\",\"name\":\"SEMASC\",\"description\":\"Secretaria Municipal da Mulher, Assist\u00eancia Social e Cidadania.\",\"publisher\":{\"@id\":\"https:\/\/www.manaus.am.gov.br\/semasc\/#organization\"},\"alternateName\":\"Secretaria Municipal da Mulher, Assist\u00eancia Social e Cidadania\",\"potentialAction\":[{\"@type\":\"SearchAction\",\"target\":{\"@type\":\"EntryPoint\",\"urlTemplate\":\"https:\/\/www.manaus.am.gov.br\/semasc\/?s={search_term_string}\"},\"query-input\":\"required name=search_term_string\"}],\"inLanguage\":\"pt-BR\"},{\"@type\":\"Organization\",\"@id\":\"https:\/\/www.manaus.am.gov.br\/semasc\/#organization\",\"name\":\"Prefeitura de Manaus\",\"alternateName\":\"Prefeitura Municipal de Manaus\",\"url\":\"https:\/\/www.manaus.am.gov.br\/semasc\/\",\"logo\":{\"@type\":\"ImageObject\",\"inLanguage\":\"pt-BR\",\"@id\":\"https:\/\/www.manaus.am.gov.br\/semasc\/#\/schema\/logo\/image\/\",\"url\":\"https:\/\/www.manaus.am.gov.br\/semasc\/wp-content\/uploads\/sites\/17\/2024\/07\/favicon.png\",\"contentUrl\":\"https:\/\/www.manaus.am.gov.br\/semasc\/wp-content\/uploads\/sites\/17\/2024\/07\/favicon.png\",\"width\":300,\"height\":300,\"caption\":\"Prefeitura de Manaus\"},\"image\":{\"@id\":\"https:\/\/www.manaus.am.gov.br\/semasc\/#\/schema\/logo\/image\/\"},\"sameAs\":[\"https:\/\/www.facebook.com\/semascmanaus\",\"https:\/\/www.instagram.com\/semascmanaus\/\"]},{\"@type\":\"Person\",\"@id\":\"https:\/\/www.manaus.am.gov.br\/semasc\/#\/schema\/person\/fe69d2249d78e7a3112d42bc34c44a58\",\"name\":\"Glauber Farias\",\"image\":{\"@type\":\"ImageObject\",\"inLanguage\":\"pt-BR\",\"@id\":\"https:\/\/www.manaus.am.gov.br\/semasc\/#\/schema\/person\/image\/\",\"url\":\"https:\/\/secure.gravatar.com\/avatar\/eb33200ffd19538372f635b2165531c0?s=96&d=mm&r=g\",\"contentUrl\":\"https:\/\/secure.gravatar.com\/avatar\/eb33200ffd19538372f635b2165531c0?s=96&d=mm&r=g\",\"caption\":\"Glauber Farias\"}}]}<\/script>\n<!-- \/ Yoast SEO plugin. -->","yoast_head_json":{"title":"Semasc promove audi\u00eancia p\u00fablica sobre LOA e PPA","robots":{"index":"noindex","follow":"follow"},"og_locale":"pt_BR","og_type":"article","og_title":"Semasc promove audi\u00eancia p\u00fablica sobre LOA e PPA","og_url":"https:\/\/www.manaus.am.gov.br\/semasc\/semasc-promove-audiencia-publica-sobre-loa-e-ppa\/","og_site_name":"SEMASC","article_publisher":"https:\/\/www.facebook.com\/semascmanaus","article_published_time":"2019-08-12T23:03:23+00:00","article_modified_time":"2023-11-21T13:57:33+00:00","og_image":[{"width":1920,"height":1080,"url":"https:\/\/www.manaus.am.gov.br\/semasc\/wp-content\/uploads\/sites\/17\/2023\/11\/foto3.jpg","type":"image\/jpeg"}],"author":"Glauber Farias","twitter_card":"summary_large_image","twitter_misc":{"Written by":"Glauber Farias","Est. reading time":"2 minutos"},"schema":{"@context":"https:\/\/schema.org","@graph":[{"@type":"Article","@id":"https:\/\/www.manaus.am.gov.br\/semasc\/semasc-promove-audiencia-publica-sobre-loa-e-ppa\/#article","isPartOf":{"@id":"https:\/\/www.manaus.am.gov.br\/semasc\/semasc-promove-audiencia-publica-sobre-loa-e-ppa\/"},"author":{"name":"Glauber Farias","@id":"https:\/\/www.manaus.am.gov.br\/semasc\/#\/schema\/person\/fe69d2249d78e7a3112d42bc34c44a58"},"headline":"Semasc promove audi\u00eancia p\u00fablica sobre LOA e PPA","datePublished":"2019-08-12T23:03:23+00:00","dateModified":"2023-11-21T13:57:33+00:00","mainEntityOfPage":{"@id":"https:\/\/www.manaus.am.gov.br\/semasc\/semasc-promove-audiencia-publica-sobre-loa-e-ppa\/"},"wordCount":339,"publisher":{"@id":"https:\/\/www.manaus.am.gov.br\/semasc\/#organization"},"image":{"@id":"https:\/\/www.manaus.am.gov.br\/semasc\/semasc-promove-audiencia-publica-sobre-loa-e-ppa\/#primaryimage"},"thumbnailUrl":"https:\/\/www.manaus.am.gov.br\/semasc\/wp-content\/uploads\/sites\/17\/2023\/11\/foto3.jpg","keywords":["a\u00e7\u00e3o social","LOA 2020","PPA 2021","Semasc"],"articleSection":["Transpar\u00eancia"],"inLanguage":"pt-BR"},{"@type":"WebPage","@id":"https:\/\/www.manaus.am.gov.br\/semasc\/semasc-promove-audiencia-publica-sobre-loa-e-ppa\/","url":"https:\/\/www.manaus.am.gov.br\/semasc\/semasc-promove-audiencia-publica-sobre-loa-e-ppa\/","name":"Semasc promove audi\u00eancia p\u00fablica sobre LOA e PPA","isPartOf":{"@id":"https:\/\/www.manaus.am.gov.br\/semasc\/#website"},"primaryImageOfPage":{"@id":"https:\/\/www.manaus.am.gov.br\/semasc\/semasc-promove-audiencia-publica-sobre-loa-e-ppa\/#primaryimage"},"image":{"@id":"https:\/\/www.manaus.am.gov.br\/semasc\/semasc-promove-audiencia-publica-sobre-loa-e-ppa\/#primaryimage"},"thumbnailUrl":"https:\/\/www.manaus.am.gov.br\/semasc\/wp-content\/uploads\/sites\/17\/2023\/11\/foto3.jpg","datePublished":"2019-08-12T23:03:23+00:00","dateModified":"2023-11-21T13:57:33+00:00","breadcrumb":{"@id":"https:\/\/www.manaus.am.gov.br\/semasc\/semasc-promove-audiencia-publica-sobre-loa-e-ppa\/#breadcrumb"},"inLanguage":"pt-BR","potentialAction":[{"@type":"ReadAction","target":["https:\/\/www.manaus.am.gov.br\/semasc\/semasc-promove-audiencia-publica-sobre-loa-e-ppa\/"]}]},{"@type":"ImageObject","inLanguage":"pt-BR","@id":"https:\/\/www.manaus.am.gov.br\/semasc\/semasc-promove-audiencia-publica-sobre-loa-e-ppa\/#primaryimage","url":"https:\/\/www.manaus.am.gov.br\/semasc\/wp-content\/uploads\/sites\/17\/2023\/11\/foto3.jpg","contentUrl":"https:\/\/www.manaus.am.gov.br\/semasc\/wp-content\/uploads\/sites\/17\/2023\/11\/foto3.jpg","width":1920,"height":1080,"caption":"Semasc promove audi\u00eancia p\u00fablica sobre LOA e PPA"},{"@type":"BreadcrumbList","@id":"https:\/\/www.manaus.am.gov.br\/semasc\/semasc-promove-audiencia-publica-sobre-loa-e-ppa\/#breadcrumb","itemListElement":[{"@type":"ListItem","position":1,"name":"Home","item":"https:\/\/www.manaus.am.gov.br\/semasc\/"},{"@type":"ListItem","position":2,"name":"Semasc promove audi\u00eancia p\u00fablica sobre LOA e PPA"}]},{"@type":"WebSite","@id":"https:\/\/www.manaus.am.gov.br\/semasc\/#website","url":"https:\/\/www.manaus.am.gov.br\/semasc\/","name":"SEMASC","description":"Secretaria Municipal da Mulher, Assist\u00eancia Social e Cidadania.","publisher":{"@id":"https:\/\/www.manaus.am.gov.br\/semasc\/#organization"},"alternateName":"Secretaria Municipal da Mulher, Assist\u00eancia Social e Cidadania","potentialAction":[{"@type":"SearchAction","target":{"@type":"EntryPoint","urlTemplate":"https:\/\/www.manaus.am.gov.br\/semasc\/?s={search_term_string}"},"query-input":"required name=search_term_string"}],"inLanguage":"pt-BR"},{"@type":"Organization","@id":"https:\/\/www.manaus.am.gov.br\/semasc\/#organization","name":"Prefeitura de Manaus","alternateName":"Prefeitura Municipal de Manaus","url":"https:\/\/www.manaus.am.gov.br\/semasc\/","logo":{"@type":"ImageObject","inLanguage":"pt-BR","@id":"https:\/\/www.manaus.am.gov.br\/semasc\/#\/schema\/logo\/image\/","url":"https:\/\/www.manaus.am.gov.br\/semasc\/wp-content\/uploads\/sites\/17\/2024\/07\/favicon.png","contentUrl":"https:\/\/www.manaus.am.gov.br\/semasc\/wp-content\/uploads\/sites\/17\/2024\/07\/favicon.png","width":300,"height":300,"caption":"Prefeitura de Manaus"},"image":{"@id":"https:\/\/www.manaus.am.gov.br\/semasc\/#\/schema\/logo\/image\/"},"sameAs":["https:\/\/www.facebook.com\/semascmanaus","https:\/\/www.instagram.com\/semascmanaus\/"]},{"@type":"Person","@id":"https:\/\/www.manaus.am.gov.br\/semasc\/#\/schema\/person\/fe69d2249d78e7a3112d42bc34c44a58","name":"Glauber Farias","image":{"@type":"ImageObject","inLanguage":"pt-BR","@id":"https:\/\/www.manaus.am.gov.br\/semasc\/#\/schema\/person\/image\/","url":"https:\/\/secure.gravatar.com\/avatar\/eb33200ffd19538372f635b2165531c0?s=96&d=mm&r=g","contentUrl":"https:\/\/secure.gravatar.com\/avatar\/eb33200ffd19538372f635b2165531c0?s=96&d=mm&r=g","caption":"Glauber Farias"}}]}},"_links":{"self":[{"href":"https:\/\/www.manaus.am.gov.br\/semasc\/wp-json\/wp\/v2\/posts\/209216"}],"collection":[{"href":"https:\/\/www.manaus.am.gov.br\/semasc\/wp-json\/wp\/v2\/posts"}],"about":[{"href":"https:\/\/www.manaus.am.gov.br\/semasc\/wp-json\/wp\/v2\/types\/post"}],"author":[{"embeddable":true,"href":"https:\/\/www.manaus.am.gov.br\/semasc\/wp-json\/wp\/v2\/users\/8"}],"replies":[{"embeddable":true,"href":"https:\/\/www.manaus.am.gov.br\/semasc\/wp-json\/wp\/v2\/comments?post=209216"}],"version-history":[{"count":0,"href":"https:\/\/www.manaus.am.gov.br\/semasc\/wp-json\/wp\/v2\/posts\/209216\/revisions"}],"wp:featuredmedia":[{"embeddable":true,"href":"https:\/\/www.manaus.am.gov.br\/semasc\/wp-json\/wp\/v2\/media\/209217"}],"wp:attachment":[{"href":"https:\/\/www.manaus.am.gov.br\/semasc\/wp-json\/wp\/v2\/media?parent=209216"}],"wp:term":[{"taxonomy":"category","embeddable":true,"href":"https:\/\/www.manaus.am.gov.br\/semasc\/wp-json\/wp\/v2\/categories?post=209216"},{"taxonomy":"post_tag","embeddable":true,"href":"https:\/\/www.manaus.am.gov.br\/semasc\/wp-json\/wp\/v2\/tags?post=209216"}],"curies":[{"name":"wp","href":"https:\/\/api.w.org\/{rel}","templated":true}]}}