{"id":209215,"date":"2020-04-14T18:56:52","date_gmt":"2020-04-14T22:56:52","guid":{"rendered":"https:\/\/www.manaus.am.gov.br\/semasc\/nota-semasc-bebe-covid-19\/"},"modified":"2023-11-21T09:54:44","modified_gmt":"2023-11-21T13:54:44","slug":"nota-semasc-bebe-covid-19","status":"publish","type":"post","link":"https:\/\/www.manaus.am.gov.br\/semasc\/nota-semasc-bebe-covid-19\/","title":{"rendered":"Nota da Semasc sobre beb\u00ea com Covid-19"},"content":{"rendered":"\n<p>A Secretaria Municipal da Mulher, Assist\u00eancia Social e Cidadania (Semasc) informa que, durante o trabalho de realoca\u00e7\u00e3o dos ind\u00edgenas venezuelanos da etnia warao, justamente para evitar que os mesmos ficassem em aglomera\u00e7\u00e3o na casa de acolhimento situada na zona Leste de <a href=\"https:\/\/www.manaus.am.gov.br\/\">Manaus<\/a>, detectou que uma crian\u00e7a de dois meses de idade apresentava sintomas de resfriado.<\/p>\n\n\n\n<p>A pr\u00f3pria equipe t\u00e9cnica da Semasc levou a beb\u00ea ao Hospital da Crian\u00e7a, no bairro Compensa, zona Oeste, onde ficou internada do dia 2 at\u00e9 o dia 13 de abril. Como o hospital s\u00f3 acusou o teste para Covid-19, causada pelo novo coronav\u00edrus, ap\u00f3s 11 dias da ind\u00edgena ter dado entrada na unidade, n\u00e3o \u00e9 poss\u00edvel confirmar se a infec\u00e7\u00e3o foi no hospital ou no abrigo.<\/p>\n\n\n\n<p>A crian\u00e7a foi encaminhada para o hospital de refer\u00eancia Delphina Aziz, na zona Norte, durante a madrugada desta ter\u00e7a-feira, 14. A m\u00e3e acompanha a filha, mas n\u00e3o h\u00e1 ainda informa\u00e7\u00f5es se a genitora foi testada pelo hospital. O pai est\u00e1 isolado no novo espa\u00e7o de acolhimento provis\u00f3rio para ind\u00edgenas venezuelanos warao, na zona Centro-Oeste.<\/p>\n\n\n\n<p>Os \u00f3rg\u00e3os sanit\u00e1rios j\u00e1 foram acionados para fazer uma visita aos ind\u00edgenas do local, uma vez que os refugiados j\u00e1 haviam sido vacinados pela Secretaria Municipal de Sa\u00fade (Semsa) contra H1N1 e s\u00e3o constantemente assistidos pelo \u00f3rg\u00e3o da sa\u00fade municipal. Vale destacar ainda que nos novos espa\u00e7os de acolhimento eles recebem caf\u00e9, almo\u00e7o e janta. Os que continuam no abrigo recebem a entrega de alimentos toda semana, pois l\u00e1 eles mesmos preparam suas refei\u00e7\u00f5es.<\/p>\n","protected":false},"excerpt":{"rendered":"","protected":false},"author":8,"featured_media":0,"comment_status":"closed","ping_status":"closed","sticky":false,"template":"","format":"standard","meta":{"footnotes":""},"categories":[156],"tags":[],"acf":[],"yoast_head":"<!-- This site is optimized with the Yoast SEO plugin v23.0 - https:\/\/yoast.com\/wordpress\/plugins\/seo\/ -->\n<title>Nota da Semasc sobre beb\u00ea com Covid-19<\/title>\n<meta name=\"description\" content=\"Nota da Semasc sobre beb\u00ea com Covid-19, na casa de acolhimento situada na zona Leste de Manaus, que apresentava sintomas de resfriado...\" \/>\n<meta name=\"robots\" content=\"noindex, follow\" \/>\n<meta property=\"og:locale\" content=\"pt_BR\" \/>\n<meta property=\"og:type\" content=\"article\" \/>\n<meta property=\"og:title\" content=\"Nota da Semasc sobre beb\u00ea com Covid-19\" \/>\n<meta property=\"og:description\" content=\"Nota da Semasc sobre beb\u00ea com Covid-19, na casa de acolhimento situada na zona Leste de Manaus, que apresentava sintomas de resfriado...\" \/>\n<meta property=\"og:url\" content=\"https:\/\/www.manaus.am.gov.br\/semasc\/nota-semasc-bebe-covid-19\/\" \/>\n<meta property=\"og:site_name\" content=\"SEMASC\" \/>\n<meta property=\"article:publisher\" content=\"https:\/\/www.facebook.com\/semascmanaus\" \/>\n<meta property=\"article:published_time\" content=\"2020-04-14T22:56:52+00:00\" \/>\n<meta property=\"article:modified_time\" content=\"2023-11-21T13:54:44+00:00\" \/>\n<meta property=\"og:image\" content=\"https:\/\/www.manaus.am.gov.br\/semasc\/wp-content\/uploads\/sites\/17\/2024\/07\/thumb-default-2.png\" \/>\n\t<meta property=\"og:image:width\" content=\"966\" \/>\n\t<meta property=\"og:image:height\" content=\"520\" \/>\n\t<meta property=\"og:image:type\" content=\"image\/png\" \/>\n<meta name=\"author\" content=\"Glauber Farias\" \/>\n<meta name=\"twitter:card\" content=\"summary_large_image\" \/>\n<meta name=\"twitter:label1\" content=\"Written by\" \/>\n\t<meta name=\"twitter:data1\" content=\"Glauber Farias\" \/>\n\t<meta name=\"twitter:label2\" content=\"Est. reading time\" \/>\n\t<meta name=\"twitter:data2\" content=\"2 minutos\" \/>\n<script type=\"application\/ld+json\" class=\"yoast-schema-graph\">{\"@context\":\"https:\/\/schema.org\",\"@graph\":[{\"@type\":\"Article\",\"@id\":\"https:\/\/www.manaus.am.gov.br\/semasc\/nota-semasc-bebe-covid-19\/#article\",\"isPartOf\":{\"@id\":\"https:\/\/www.manaus.am.gov.br\/semasc\/nota-semasc-bebe-covid-19\/\"},\"author\":{\"name\":\"Glauber Farias\",\"@id\":\"https:\/\/www.manaus.am.gov.br\/semasc\/#\/schema\/person\/fe69d2249d78e7a3112d42bc34c44a58\"},\"headline\":\"Nota da Semasc sobre beb\u00ea com Covid-19\",\"datePublished\":\"2020-04-14T22:56:52+00:00\",\"dateModified\":\"2023-11-21T13:54:44+00:00\",\"mainEntityOfPage\":{\"@id\":\"https:\/\/www.manaus.am.gov.br\/semasc\/nota-semasc-bebe-covid-19\/\"},\"wordCount\":285,\"publisher\":{\"@id\":\"https:\/\/www.manaus.am.gov.br\/semasc\/#organization\"},\"articleSection\":[\"Nota\"],\"inLanguage\":\"pt-BR\"},{\"@type\":\"WebPage\",\"@id\":\"https:\/\/www.manaus.am.gov.br\/semasc\/nota-semasc-bebe-covid-19\/\",\"url\":\"https:\/\/www.manaus.am.gov.br\/semasc\/nota-semasc-bebe-covid-19\/\",\"name\":\"Nota da Semasc sobre beb\u00ea com Covid-19\",\"isPartOf\":{\"@id\":\"https:\/\/www.manaus.am.gov.br\/semasc\/#website\"},\"datePublished\":\"2020-04-14T22:56:52+00:00\",\"dateModified\":\"2023-11-21T13:54:44+00:00\",\"description\":\"Nota da Semasc sobre beb\u00ea com Covid-19, na casa de acolhimento situada na zona Leste de Manaus, que apresentava sintomas de resfriado...\",\"breadcrumb\":{\"@id\":\"https:\/\/www.manaus.am.gov.br\/semasc\/nota-semasc-bebe-covid-19\/#breadcrumb\"},\"inLanguage\":\"pt-BR\",\"potentialAction\":[{\"@type\":\"ReadAction\",\"target\":[\"https:\/\/www.manaus.am.gov.br\/semasc\/nota-semasc-bebe-covid-19\/\"]}]},{\"@type\":\"BreadcrumbList\",\"@id\":\"https:\/\/www.manaus.am.gov.br\/semasc\/nota-semasc-bebe-covid-19\/#breadcrumb\",\"itemListElement\":[{\"@type\":\"ListItem\",\"position\":1,\"name\":\"Home\",\"item\":\"https:\/\/www.manaus.am.gov.br\/semasc\/\"},{\"@type\":\"ListItem\",\"position\":2,\"name\":\"Nota da Semasc sobre beb\u00ea com Covid-19\"}]},{\"@type\":\"WebSite\",\"@id\":\"https:\/\/www.manaus.am.gov.br\/semasc\/#website\",\"url\":\"https:\/\/www.manaus.am.gov.br\/semasc\/\",\"name\":\"SEMASC\",\"description\":\"Secretaria Municipal da Mulher, Assist\u00eancia Social e Cidadania.\",\"publisher\":{\"@id\":\"https:\/\/www.manaus.am.gov.br\/semasc\/#organization\"},\"alternateName\":\"Secretaria Municipal da Mulher, Assist\u00eancia Social e Cidadania\",\"potentialAction\":[{\"@type\":\"SearchAction\",\"target\":{\"@type\":\"EntryPoint\",\"urlTemplate\":\"https:\/\/www.manaus.am.gov.br\/semasc\/?s={search_term_string}\"},\"query-input\":\"required name=search_term_string\"}],\"inLanguage\":\"pt-BR\"},{\"@type\":\"Organization\",\"@id\":\"https:\/\/www.manaus.am.gov.br\/semasc\/#organization\",\"name\":\"Prefeitura de Manaus\",\"alternateName\":\"Prefeitura Municipal de Manaus\",\"url\":\"https:\/\/www.manaus.am.gov.br\/semasc\/\",\"logo\":{\"@type\":\"ImageObject\",\"inLanguage\":\"pt-BR\",\"@id\":\"https:\/\/www.manaus.am.gov.br\/semasc\/#\/schema\/logo\/image\/\",\"url\":\"https:\/\/www.manaus.am.gov.br\/semasc\/wp-content\/uploads\/sites\/17\/2024\/07\/favicon.png\",\"contentUrl\":\"https:\/\/www.manaus.am.gov.br\/semasc\/wp-content\/uploads\/sites\/17\/2024\/07\/favicon.png\",\"width\":300,\"height\":300,\"caption\":\"Prefeitura de Manaus\"},\"image\":{\"@id\":\"https:\/\/www.manaus.am.gov.br\/semasc\/#\/schema\/logo\/image\/\"},\"sameAs\":[\"https:\/\/www.facebook.com\/semascmanaus\",\"https:\/\/www.instagram.com\/semascmanaus\/\"]},{\"@type\":\"Person\",\"@id\":\"https:\/\/www.manaus.am.gov.br\/semasc\/#\/schema\/person\/fe69d2249d78e7a3112d42bc34c44a58\",\"name\":\"Glauber Farias\",\"image\":{\"@type\":\"ImageObject\",\"inLanguage\":\"pt-BR\",\"@id\":\"https:\/\/www.manaus.am.gov.br\/semasc\/#\/schema\/person\/image\/\",\"url\":\"https:\/\/secure.gravatar.com\/avatar\/eb33200ffd19538372f635b2165531c0?s=96&d=mm&r=g\",\"contentUrl\":\"https:\/\/secure.gravatar.com\/avatar\/eb33200ffd19538372f635b2165531c0?s=96&d=mm&r=g\",\"caption\":\"Glauber Farias\"}}]}<\/script>\n<!-- \/ Yoast SEO plugin. -->","yoast_head_json":{"title":"Nota da Semasc sobre beb\u00ea com Covid-19","description":"Nota da Semasc sobre beb\u00ea com Covid-19, na casa de acolhimento situada na zona Leste de Manaus, que apresentava sintomas de resfriado...","robots":{"index":"noindex","follow":"follow"},"og_locale":"pt_BR","og_type":"article","og_title":"Nota da Semasc sobre beb\u00ea com Covid-19","og_description":"Nota da Semasc sobre beb\u00ea com Covid-19, na casa de acolhimento situada na zona Leste de Manaus, que apresentava sintomas de resfriado...","og_url":"https:\/\/www.manaus.am.gov.br\/semasc\/nota-semasc-bebe-covid-19\/","og_site_name":"SEMASC","article_publisher":"https:\/\/www.facebook.com\/semascmanaus","article_published_time":"2020-04-14T22:56:52+00:00","article_modified_time":"2023-11-21T13:54:44+00:00","og_image":[{"width":966,"height":520,"url":"https:\/\/www.manaus.am.gov.br\/semasc\/wp-content\/uploads\/sites\/17\/2024\/07\/thumb-default-2.png","type":"image\/png"}],"author":"Glauber Farias","twitter_card":"summary_large_image","twitter_misc":{"Written by":"Glauber Farias","Est. reading time":"2 minutos"},"schema":{"@context":"https:\/\/schema.org","@graph":[{"@type":"Article","@id":"https:\/\/www.manaus.am.gov.br\/semasc\/nota-semasc-bebe-covid-19\/#article","isPartOf":{"@id":"https:\/\/www.manaus.am.gov.br\/semasc\/nota-semasc-bebe-covid-19\/"},"author":{"name":"Glauber Farias","@id":"https:\/\/www.manaus.am.gov.br\/semasc\/#\/schema\/person\/fe69d2249d78e7a3112d42bc34c44a58"},"headline":"Nota da Semasc sobre beb\u00ea com Covid-19","datePublished":"2020-04-14T22:56:52+00:00","dateModified":"2023-11-21T13:54:44+00:00","mainEntityOfPage":{"@id":"https:\/\/www.manaus.am.gov.br\/semasc\/nota-semasc-bebe-covid-19\/"},"wordCount":285,"publisher":{"@id":"https:\/\/www.manaus.am.gov.br\/semasc\/#organization"},"articleSection":["Nota"],"inLanguage":"pt-BR"},{"@type":"WebPage","@id":"https:\/\/www.manaus.am.gov.br\/semasc\/nota-semasc-bebe-covid-19\/","url":"https:\/\/www.manaus.am.gov.br\/semasc\/nota-semasc-bebe-covid-19\/","name":"Nota da Semasc sobre beb\u00ea com Covid-19","isPartOf":{"@id":"https:\/\/www.manaus.am.gov.br\/semasc\/#website"},"datePublished":"2020-04-14T22:56:52+00:00","dateModified":"2023-11-21T13:54:44+00:00","description":"Nota da Semasc sobre beb\u00ea com Covid-19, na casa de acolhimento situada na zona Leste de Manaus, que apresentava sintomas de resfriado...","breadcrumb":{"@id":"https:\/\/www.manaus.am.gov.br\/semasc\/nota-semasc-bebe-covid-19\/#breadcrumb"},"inLanguage":"pt-BR","potentialAction":[{"@type":"ReadAction","target":["https:\/\/www.manaus.am.gov.br\/semasc\/nota-semasc-bebe-covid-19\/"]}]},{"@type":"BreadcrumbList","@id":"https:\/\/www.manaus.am.gov.br\/semasc\/nota-semasc-bebe-covid-19\/#breadcrumb","itemListElement":[{"@type":"ListItem","position":1,"name":"Home","item":"https:\/\/www.manaus.am.gov.br\/semasc\/"},{"@type":"ListItem","position":2,"name":"Nota da Semasc sobre beb\u00ea com Covid-19"}]},{"@type":"WebSite","@id":"https:\/\/www.manaus.am.gov.br\/semasc\/#website","url":"https:\/\/www.manaus.am.gov.br\/semasc\/","name":"SEMASC","description":"Secretaria Municipal da Mulher, Assist\u00eancia Social e Cidadania.","publisher":{"@id":"https:\/\/www.manaus.am.gov.br\/semasc\/#organization"},"alternateName":"Secretaria Municipal da Mulher, Assist\u00eancia Social e Cidadania","potentialAction":[{"@type":"SearchAction","target":{"@type":"EntryPoint","urlTemplate":"https:\/\/www.manaus.am.gov.br\/semasc\/?s={search_term_string}"},"query-input":"required name=search_term_string"}],"inLanguage":"pt-BR"},{"@type":"Organization","@id":"https:\/\/www.manaus.am.gov.br\/semasc\/#organization","name":"Prefeitura de Manaus","alternateName":"Prefeitura Municipal de Manaus","url":"https:\/\/www.manaus.am.gov.br\/semasc\/","logo":{"@type":"ImageObject","inLanguage":"pt-BR","@id":"https:\/\/www.manaus.am.gov.br\/semasc\/#\/schema\/logo\/image\/","url":"https:\/\/www.manaus.am.gov.br\/semasc\/wp-content\/uploads\/sites\/17\/2024\/07\/favicon.png","contentUrl":"https:\/\/www.manaus.am.gov.br\/semasc\/wp-content\/uploads\/sites\/17\/2024\/07\/favicon.png","width":300,"height":300,"caption":"Prefeitura de Manaus"},"image":{"@id":"https:\/\/www.manaus.am.gov.br\/semasc\/#\/schema\/logo\/image\/"},"sameAs":["https:\/\/www.facebook.com\/semascmanaus","https:\/\/www.instagram.com\/semascmanaus\/"]},{"@type":"Person","@id":"https:\/\/www.manaus.am.gov.br\/semasc\/#\/schema\/person\/fe69d2249d78e7a3112d42bc34c44a58","name":"Glauber Farias","image":{"@type":"ImageObject","inLanguage":"pt-BR","@id":"https:\/\/www.manaus.am.gov.br\/semasc\/#\/schema\/person\/image\/","url":"https:\/\/secure.gravatar.com\/avatar\/eb33200ffd19538372f635b2165531c0?s=96&d=mm&r=g","contentUrl":"https:\/\/secure.gravatar.com\/avatar\/eb33200ffd19538372f635b2165531c0?s=96&d=mm&r=g","caption":"Glauber Farias"}}]}},"_links":{"self":[{"href":"https:\/\/www.manaus.am.gov.br\/semasc\/wp-json\/wp\/v2\/posts\/209215"}],"collection":[{"href":"https:\/\/www.manaus.am.gov.br\/semasc\/wp-json\/wp\/v2\/posts"}],"about":[{"href":"https:\/\/www.manaus.am.gov.br\/semasc\/wp-json\/wp\/v2\/types\/post"}],"author":[{"embeddable":true,"href":"https:\/\/www.manaus.am.gov.br\/semasc\/wp-json\/wp\/v2\/users\/8"}],"replies":[{"embeddable":true,"href":"https:\/\/www.manaus.am.gov.br\/semasc\/wp-json\/wp\/v2\/comments?post=209215"}],"version-history":[{"count":0,"href":"https:\/\/www.manaus.am.gov.br\/semasc\/wp-json\/wp\/v2\/posts\/209215\/revisions"}],"wp:attachment":[{"href":"https:\/\/www.manaus.am.gov.br\/semasc\/wp-json\/wp\/v2\/media?parent=209215"}],"wp:term":[{"taxonomy":"category","embeddable":true,"href":"https:\/\/www.manaus.am.gov.br\/semasc\/wp-json\/wp\/v2\/categories?post=209215"},{"taxonomy":"post_tag","embeddable":true,"href":"https:\/\/www.manaus.am.gov.br\/semasc\/wp-json\/wp\/v2\/tags?post=209215"}],"curies":[{"name":"wp","href":"https:\/\/api.w.org\/{rel}","templated":true}]}}