{"id":209202,"date":"2023-10-25T19:57:04","date_gmt":"2023-10-25T23:57:04","guid":{"rendered":"https:\/\/www.manaus.am.gov.br\/semasc\/usuarios-de-equipamentos-socioassistenciais-da-prefeitura-recebem-acao-sobre-prevencao-ao-cancer-de-mama\/"},"modified":"2023-10-25T19:57:04","modified_gmt":"2023-10-25T23:57:04","slug":"usuarios-de-equipamentos-socioassistenciais-da-prefeitura-recebem-acao-sobre-prevencao-ao-cancer-de-mama","status":"publish","type":"post","link":"https:\/\/www.manaus.am.gov.br\/semasc\/usuarios-de-equipamentos-socioassistenciais-da-prefeitura-recebem-acao-sobre-prevencao-ao-cancer-de-mama\/","title":{"rendered":"Usu\u00e1rios de equipamentos socioassistenciais da prefeitura recebem a\u00e7\u00e3o sobre preven\u00e7\u00e3o ao c\u00e2ncer de mama"},"content":{"rendered":"\n<p>Em alus\u00e3o ao Outubro Rosa, campanha de preven\u00e7\u00e3o ao c\u00e2ncer de mama, a Prefeitura de Manaus, por meio da Secretaria Municipal da Mulher, Assist\u00eancia Social e Cidadania (Semasc), realizou, nesta quarta-feira, 25\/10, uma s\u00e9rie de atividades tem\u00e1ticas voltadas \u00e0s mulheres atendidas pelo Servi\u00e7o de Conviv\u00eancia e Fortalecimento de V\u00ednculos desenvolvido pelos Centros de Refer\u00eancia de Assist\u00eancia Social (Cras) Cachoeirinha, na zona Sul, e Compensa 2, na zona Oeste.<\/p>\n\n\n\n<p>Pela parte da manh\u00e3, a equipe t\u00e9cnica do Cras Cachoeirinha promoveu, em parceria com o instituto Desafio Jovem Manaus, uma palestra sobre os principais sintomas a serem observados no corpo feminino e como realizar o autoexame, essencial para o diagn\u00f3stico precoce da doen\u00e7a.<\/p>\n\n\n\n<p>\u201c\u00c9 um momento proposto tendo em mente a garantia do acesso a este tipo de conhecimento por parte de nossas usu\u00e1rias, que realmente precisam se manter atentas aos sinais que seu corpo d\u00e1, mas que, por muitos motivos, n\u00e3o sabem como olhar para si\u201d, destacou a coordenadora do equipamento, Valdineia Albuquerque.<\/p>\n\n\n\n<p>Para a t\u00e9cnica de enfermagem do Desafio Jovem, Poliana Franco, a dissemina\u00e7\u00e3o de informa\u00e7\u00e3o \u00e9 a principal e mais efetiva arma no combate n\u00e3o apenas ao c\u00e2ncer de mama, mas de tabus que as usu\u00e1rias possam ter em rela\u00e7\u00e3o ao pr\u00f3prio corpo.<\/p>\n\n\n\n<p>\u201cMuitas mulheres n\u00e3o conhecem o pr\u00f3prio corpo e n\u00e3o possuem o h\u00e1bito de se tocar, ent\u00e3o quando criamos um espa\u00e7o como este, criamos uma forma de ensinar a pr\u00e1tica do autoexame e de fazer com que esse conhecimento seja disseminado dentro da comunidade\u201d, afirmou.<\/p>\n\n\n\n<figure class=\"wp-block-gallery has-nested-images columns-default is-cropped wp-block-gallery-1 is-layout-flex wp-block-gallery-is-layout-flex\">\n<figure class=\"wp-block-image size-large\"><img loading=\"lazy\" decoding=\"async\" width=\"1024\" height=\"683\" data-id=\"209203\" src=\"https:\/\/www.manaus.am.gov.br\/semasc\/wp-content\/uploads\/sites\/17\/2023\/11\/IMG_7663-1024x683.jpeg\" alt=\"\" class=\"wp-image-209203\" srcset=\"https:\/\/www.manaus.am.gov.br\/semasc\/wp-content\/uploads\/sites\/17\/2023\/11\/IMG_7663-1024x683.jpeg 1024w, https:\/\/www.manaus.am.gov.br\/semasc\/wp-content\/uploads\/sites\/17\/2023\/11\/IMG_7663-300x200.jpeg 300w, https:\/\/www.manaus.am.gov.br\/semasc\/wp-content\/uploads\/sites\/17\/2023\/11\/IMG_7663-768x512.jpeg 768w, https:\/\/www.manaus.am.gov.br\/semasc\/wp-content\/uploads\/sites\/17\/2023\/11\/IMG_7663-1536x1024.jpeg 1536w, https:\/\/www.manaus.am.gov.br\/semasc\/wp-content\/uploads\/sites\/17\/2023\/11\/IMG_7663-2048x1365.jpeg 2048w\" sizes=\"(max-width: 1024px) 100vw, 1024px\" \/><figcaption class=\"wp-element-caption\">#paratodosverem &#8211; Mulheres sentadas uma ao lado da outra lendo panfleto sobre informa\u00e7\u00f5es e preven\u00e7\u00e3o ao c\u00e2ncer de mama<\/figcaption><\/figure>\n<\/figure>\n\n\n\n<p>A dona de casa Raimunda Ara\u00fajo, 35, participou da palestra e ressaltou a import\u00e2ncia da iniciativa para ela e suas colegas comunit\u00e1rias do bairro Cachoeirinha.<\/p>\n\n\n\n<p>\u201c\u00c9 uma forma de nos qualificar para o costume de realizar o autoexame, o que tamb\u00e9m nos d\u00e1 a possibilidade de que n\u00e3o venhamos a fazer parte do quadro de pacientes diagnosticadas com a doen\u00e7a. \u00c9 um aprendizado muito v\u00e1lido e importante para todas n\u00f3s\u201d, explicou.<\/p>\n\n\n\n<p>J\u00e1 durante \u00e0 tarde, o Cras Compensa 2, em parceria com a Faculdade Est\u00e1cio, por meio do projeto de extens\u00e3o do curso de Direito, realizou uma a\u00e7\u00e3o social com a oferta de servi\u00e7os gratuitos de profilaxia e higieniza\u00e7\u00e3o bucal, orienta\u00e7\u00e3o jur\u00eddica e atendimento psicol\u00f3gico, al\u00e9m de aulas de gin\u00e1stica aer\u00f3bica e servi\u00e7os de embelezamento.<\/p>\n\n\n\n<p>De acordo com a coordenadora, Laura Dutra, a a\u00e7\u00e3o teve o objetivo de trazer para a popula\u00e7\u00e3o do entorno do equipamento uma s\u00e9rie de servi\u00e7os essenciais para o exerc\u00edcio da cidadania junto de palestras e materiais informativos alusivos ao tema principal da campanha. Para Laura, \u00e9 fundamental que a prefeitura continue a firmar parcerias para a promo\u00e7\u00e3o de a\u00e7\u00f5es do tipo.<\/p>\n\n\n\n<p>\u201c\u00c9 muito importante que nossos equipamentos continuem a desenvolver e realizar a\u00e7\u00f5es como esta, justamente pois \u00e9 atrav\u00e9s de momentos como este que muitos de nossos usu\u00e1rios t\u00eam um primeiro contato com esse tipo de informa\u00e7\u00e3o, conhecimento e de servi\u00e7os de qualidade. Muitos sair\u00e3o daqui hoje com uma cabe\u00e7a diferente, mais aberta, e com a devida orienta\u00e7\u00e3o, o que nos garante o sentimento de miss\u00e3o cumprida\u201d, afirmou a coordenadora.<\/p>\n\n\n\n<p>Professora de Direito de Fam\u00edlia e Sucess\u00f5es da Faculdade Est\u00e1cio e orientadora do projeto de extens\u00e3o, a advogada Aline Inhamuns Paulo destacou a import\u00e2ncia da parceria para a institui\u00e7\u00e3o de ensino.<\/p>\n\n\n\n<p>\u201cNosso objetivo, enquanto projeto, \u00e9 levar a informa\u00e7\u00e3o e a educa\u00e7\u00e3o jur\u00eddica para dentro de comunidades, sanando as demandas apresentadas pela popula\u00e7\u00e3o e diminuindo a demanda judici\u00e1ria pela entrada excessiva de processos que poderiam ser resolvidos de formas mais simples e eficazes. \u00c9 a nossa forma de fazer o bem para a sociedade\u201d, explicou.<\/p>\n\n\n\n<p>Ap\u00f3s realizar a atualiza\u00e7\u00e3o de seu Cadastro \u00danico, a dona de casa Francineide Firmo, 46, aproveitou a a\u00e7\u00e3o social para procurar a orienta\u00e7\u00e3o jur\u00eddica que h\u00e1 tanto procurava. \u201cPara mim, \u00e9 muito importante que o Cras continue a promover essas a\u00e7\u00f5es e palestras, pois \u00e9 algo que ajuda muito e facilita nossa vida. \u00c9 um trabalho que vive uma evolu\u00e7\u00e3o constante\u201d, concluiu Francineide.<\/p>\n\n\n\n<p>&#8212; &#8212; &#8212;<\/p>\n\n\n\n<p><strong>Texto &#8211;&nbsp;<\/strong>Guilherme Pacheco \/ Semasc<\/p>\n\n\n\n<p><strong>Fotos &#8211;&nbsp;<\/strong>Diego Lima \/ Semasc<\/p>\n\n\n\n<p>Dispon\u00edveis em &#8211; <a href=\"https:\/\/flic.kr\/s\/aHBqjAZTDm\">https:\/\/flic.kr\/s\/aHBqjAZTDm<\/a><\/p>\n","protected":false},"excerpt":{"rendered":"","protected":false},"author":31,"featured_media":209204,"comment_status":"closed","ping_status":"closed","sticky":false,"template":"","format":"standard","meta":{"footnotes":""},"categories":[615],"tags":[575,121,576,616],"acf":[],"yoast_head":"<!-- This site is optimized with the Yoast SEO plugin v23.0 - https:\/\/yoast.com\/wordpress\/plugins\/seo\/ -->\n<title>Usu\u00e1rios de equipamentos socioassistenciais da prefeitura recebem a\u00e7\u00e3o sobre preven\u00e7\u00e3o ao c\u00e2ncer de mama - SEMASC<\/title>\n<meta name=\"robots\" content=\"noindex, follow\" \/>\n<meta property=\"og:locale\" content=\"pt_BR\" \/>\n<meta property=\"og:type\" content=\"article\" \/>\n<meta property=\"og:title\" content=\"Usu\u00e1rios de equipamentos socioassistenciais da prefeitura recebem a\u00e7\u00e3o sobre preven\u00e7\u00e3o ao c\u00e2ncer de mama - SEMASC\" \/>\n<meta property=\"og:url\" content=\"https:\/\/www.manaus.am.gov.br\/semasc\/usuarios-de-equipamentos-socioassistenciais-da-prefeitura-recebem-acao-sobre-prevencao-ao-cancer-de-mama\/\" \/>\n<meta property=\"og:site_name\" content=\"SEMASC\" \/>\n<meta property=\"article:publisher\" content=\"https:\/\/www.facebook.com\/semascmanaus\" \/>\n<meta property=\"article:published_time\" content=\"2023-10-25T23:57:04+00:00\" \/>\n<meta property=\"og:image\" content=\"https:\/\/www.manaus.am.gov.br\/semasc\/wp-content\/uploads\/sites\/17\/2023\/11\/IMG_7672.jpeg\" \/>\n\t<meta property=\"og:image:width\" content=\"3456\" \/>\n\t<meta property=\"og:image:height\" content=\"2304\" \/>\n\t<meta property=\"og:image:type\" content=\"image\/jpeg\" \/>\n<meta name=\"author\" content=\"Renata Felix\" \/>\n<meta name=\"twitter:card\" content=\"summary_large_image\" \/>\n<meta name=\"twitter:label1\" content=\"Written by\" \/>\n\t<meta name=\"twitter:data1\" content=\"Renata Felix\" \/>\n\t<meta name=\"twitter:label2\" content=\"Est. reading time\" \/>\n\t<meta name=\"twitter:data2\" content=\"4 minutos\" \/>\n<script type=\"application\/ld+json\" class=\"yoast-schema-graph\">{\"@context\":\"https:\/\/schema.org\",\"@graph\":[{\"@type\":\"Article\",\"@id\":\"https:\/\/www.manaus.am.gov.br\/semasc\/usuarios-de-equipamentos-socioassistenciais-da-prefeitura-recebem-acao-sobre-prevencao-ao-cancer-de-mama\/#article\",\"isPartOf\":{\"@id\":\"https:\/\/www.manaus.am.gov.br\/semasc\/usuarios-de-equipamentos-socioassistenciais-da-prefeitura-recebem-acao-sobre-prevencao-ao-cancer-de-mama\/\"},\"author\":{\"name\":\"Renata Felix\",\"@id\":\"https:\/\/www.manaus.am.gov.br\/semasc\/#\/schema\/person\/4eea2a8f78dc853097abb026f728aa06\"},\"headline\":\"Usu\u00e1rios de equipamentos socioassistenciais da prefeitura recebem a\u00e7\u00e3o sobre preven\u00e7\u00e3o ao c\u00e2ncer de mama\",\"datePublished\":\"2023-10-25T23:57:04+00:00\",\"dateModified\":\"2023-10-25T23:57:04+00:00\",\"mainEntityOfPage\":{\"@id\":\"https:\/\/www.manaus.am.gov.br\/semasc\/usuarios-de-equipamentos-socioassistenciais-da-prefeitura-recebem-acao-sobre-prevencao-ao-cancer-de-mama\/\"},\"wordCount\":783,\"publisher\":{\"@id\":\"https:\/\/www.manaus.am.gov.br\/semasc\/#organization\"},\"image\":{\"@id\":\"https:\/\/www.manaus.am.gov.br\/semasc\/usuarios-de-equipamentos-socioassistenciais-da-prefeitura-recebem-acao-sobre-prevencao-ao-cancer-de-mama\/#primaryimage\"},\"thumbnailUrl\":\"https:\/\/www.manaus.am.gov.br\/semasc\/wp-content\/uploads\/sites\/17\/2023\/11\/IMG_7672.jpeg\",\"keywords\":[\"C\u00e2ncer de Mama\",\"cras\",\"outubro rosa\",\"preven\u00e7ao\"],\"articleSection\":[\"Outubro Rosa\"],\"inLanguage\":\"pt-BR\"},{\"@type\":\"WebPage\",\"@id\":\"https:\/\/www.manaus.am.gov.br\/semasc\/usuarios-de-equipamentos-socioassistenciais-da-prefeitura-recebem-acao-sobre-prevencao-ao-cancer-de-mama\/\",\"url\":\"https:\/\/www.manaus.am.gov.br\/semasc\/usuarios-de-equipamentos-socioassistenciais-da-prefeitura-recebem-acao-sobre-prevencao-ao-cancer-de-mama\/\",\"name\":\"Usu\u00e1rios de equipamentos socioassistenciais da prefeitura recebem a\u00e7\u00e3o sobre preven\u00e7\u00e3o ao c\u00e2ncer de mama - SEMASC\",\"isPartOf\":{\"@id\":\"https:\/\/www.manaus.am.gov.br\/semasc\/#website\"},\"primaryImageOfPage\":{\"@id\":\"https:\/\/www.manaus.am.gov.br\/semasc\/usuarios-de-equipamentos-socioassistenciais-da-prefeitura-recebem-acao-sobre-prevencao-ao-cancer-de-mama\/#primaryimage\"},\"image\":{\"@id\":\"https:\/\/www.manaus.am.gov.br\/semasc\/usuarios-de-equipamentos-socioassistenciais-da-prefeitura-recebem-acao-sobre-prevencao-ao-cancer-de-mama\/#primaryimage\"},\"thumbnailUrl\":\"https:\/\/www.manaus.am.gov.br\/semasc\/wp-content\/uploads\/sites\/17\/2023\/11\/IMG_7672.jpeg\",\"datePublished\":\"2023-10-25T23:57:04+00:00\",\"dateModified\":\"2023-10-25T23:57:04+00:00\",\"breadcrumb\":{\"@id\":\"https:\/\/www.manaus.am.gov.br\/semasc\/usuarios-de-equipamentos-socioassistenciais-da-prefeitura-recebem-acao-sobre-prevencao-ao-cancer-de-mama\/#breadcrumb\"},\"inLanguage\":\"pt-BR\",\"potentialAction\":[{\"@type\":\"ReadAction\",\"target\":[\"https:\/\/www.manaus.am.gov.br\/semasc\/usuarios-de-equipamentos-socioassistenciais-da-prefeitura-recebem-acao-sobre-prevencao-ao-cancer-de-mama\/\"]}]},{\"@type\":\"ImageObject\",\"inLanguage\":\"pt-BR\",\"@id\":\"https:\/\/www.manaus.am.gov.br\/semasc\/usuarios-de-equipamentos-socioassistenciais-da-prefeitura-recebem-acao-sobre-prevencao-ao-cancer-de-mama\/#primaryimage\",\"url\":\"https:\/\/www.manaus.am.gov.br\/semasc\/wp-content\/uploads\/sites\/17\/2023\/11\/IMG_7672.jpeg\",\"contentUrl\":\"https:\/\/www.manaus.am.gov.br\/semasc\/wp-content\/uploads\/sites\/17\/2023\/11\/IMG_7672.jpeg\",\"width\":3456,\"height\":2304,\"caption\":\"#paratodosverem - V\u00e1rias mulheres reunidas, vestidas com blusas na cor rosa, recebendo orienta\u00e7\u00e3o de como fazer o exame de toque na mama\"},{\"@type\":\"BreadcrumbList\",\"@id\":\"https:\/\/www.manaus.am.gov.br\/semasc\/usuarios-de-equipamentos-socioassistenciais-da-prefeitura-recebem-acao-sobre-prevencao-ao-cancer-de-mama\/#breadcrumb\",\"itemListElement\":[{\"@type\":\"ListItem\",\"position\":1,\"name\":\"Home\",\"item\":\"https:\/\/www.manaus.am.gov.br\/semasc\/\"},{\"@type\":\"ListItem\",\"position\":2,\"name\":\"Usu\u00e1rios de equipamentos socioassistenciais da prefeitura recebem a\u00e7\u00e3o sobre preven\u00e7\u00e3o ao c\u00e2ncer de mama\"}]},{\"@type\":\"WebSite\",\"@id\":\"https:\/\/www.manaus.am.gov.br\/semasc\/#website\",\"url\":\"https:\/\/www.manaus.am.gov.br\/semasc\/\",\"name\":\"SEMASC\",\"description\":\"Secretaria Municipal da Mulher, Assist\u00eancia Social e Cidadania.\",\"publisher\":{\"@id\":\"https:\/\/www.manaus.am.gov.br\/semasc\/#organization\"},\"alternateName\":\"Secretaria Municipal da Mulher, Assist\u00eancia Social e Cidadania\",\"potentialAction\":[{\"@type\":\"SearchAction\",\"target\":{\"@type\":\"EntryPoint\",\"urlTemplate\":\"https:\/\/www.manaus.am.gov.br\/semasc\/?s={search_term_string}\"},\"query-input\":\"required name=search_term_string\"}],\"inLanguage\":\"pt-BR\"},{\"@type\":\"Organization\",\"@id\":\"https:\/\/www.manaus.am.gov.br\/semasc\/#organization\",\"name\":\"Prefeitura de Manaus\",\"alternateName\":\"Prefeitura Municipal de Manaus\",\"url\":\"https:\/\/www.manaus.am.gov.br\/semasc\/\",\"logo\":{\"@type\":\"ImageObject\",\"inLanguage\":\"pt-BR\",\"@id\":\"https:\/\/www.manaus.am.gov.br\/semasc\/#\/schema\/logo\/image\/\",\"url\":\"https:\/\/www.manaus.am.gov.br\/semasc\/wp-content\/uploads\/sites\/17\/2024\/07\/favicon.png\",\"contentUrl\":\"https:\/\/www.manaus.am.gov.br\/semasc\/wp-content\/uploads\/sites\/17\/2024\/07\/favicon.png\",\"width\":300,\"height\":300,\"caption\":\"Prefeitura de Manaus\"},\"image\":{\"@id\":\"https:\/\/www.manaus.am.gov.br\/semasc\/#\/schema\/logo\/image\/\"},\"sameAs\":[\"https:\/\/www.facebook.com\/semascmanaus\",\"https:\/\/www.instagram.com\/semascmanaus\/\"]},{\"@type\":\"Person\",\"@id\":\"https:\/\/www.manaus.am.gov.br\/semasc\/#\/schema\/person\/4eea2a8f78dc853097abb026f728aa06\",\"name\":\"Renata Felix\",\"image\":{\"@type\":\"ImageObject\",\"inLanguage\":\"pt-BR\",\"@id\":\"https:\/\/www.manaus.am.gov.br\/semasc\/#\/schema\/person\/image\/\",\"url\":\"https:\/\/secure.gravatar.com\/avatar\/3c196cf9d3b837b24c8edb2c50fd8f29?s=96&d=mm&r=g\",\"contentUrl\":\"https:\/\/secure.gravatar.com\/avatar\/3c196cf9d3b837b24c8edb2c50fd8f29?s=96&d=mm&r=g\",\"caption\":\"Renata Felix\"}}]}<\/script>\n<!-- \/ Yoast SEO plugin. -->","yoast_head_json":{"title":"Usu\u00e1rios de equipamentos socioassistenciais da prefeitura recebem a\u00e7\u00e3o sobre preven\u00e7\u00e3o ao c\u00e2ncer de mama - SEMASC","robots":{"index":"noindex","follow":"follow"},"og_locale":"pt_BR","og_type":"article","og_title":"Usu\u00e1rios de equipamentos socioassistenciais da prefeitura recebem a\u00e7\u00e3o sobre preven\u00e7\u00e3o ao c\u00e2ncer de mama - SEMASC","og_url":"https:\/\/www.manaus.am.gov.br\/semasc\/usuarios-de-equipamentos-socioassistenciais-da-prefeitura-recebem-acao-sobre-prevencao-ao-cancer-de-mama\/","og_site_name":"SEMASC","article_publisher":"https:\/\/www.facebook.com\/semascmanaus","article_published_time":"2023-10-25T23:57:04+00:00","og_image":[{"width":3456,"height":2304,"url":"https:\/\/www.manaus.am.gov.br\/semasc\/wp-content\/uploads\/sites\/17\/2023\/11\/IMG_7672.jpeg","type":"image\/jpeg"}],"author":"Renata Felix","twitter_card":"summary_large_image","twitter_misc":{"Written by":"Renata Felix","Est. reading time":"4 minutos"},"schema":{"@context":"https:\/\/schema.org","@graph":[{"@type":"Article","@id":"https:\/\/www.manaus.am.gov.br\/semasc\/usuarios-de-equipamentos-socioassistenciais-da-prefeitura-recebem-acao-sobre-prevencao-ao-cancer-de-mama\/#article","isPartOf":{"@id":"https:\/\/www.manaus.am.gov.br\/semasc\/usuarios-de-equipamentos-socioassistenciais-da-prefeitura-recebem-acao-sobre-prevencao-ao-cancer-de-mama\/"},"author":{"name":"Renata Felix","@id":"https:\/\/www.manaus.am.gov.br\/semasc\/#\/schema\/person\/4eea2a8f78dc853097abb026f728aa06"},"headline":"Usu\u00e1rios de equipamentos socioassistenciais da prefeitura recebem a\u00e7\u00e3o sobre preven\u00e7\u00e3o ao c\u00e2ncer de mama","datePublished":"2023-10-25T23:57:04+00:00","dateModified":"2023-10-25T23:57:04+00:00","mainEntityOfPage":{"@id":"https:\/\/www.manaus.am.gov.br\/semasc\/usuarios-de-equipamentos-socioassistenciais-da-prefeitura-recebem-acao-sobre-prevencao-ao-cancer-de-mama\/"},"wordCount":783,"publisher":{"@id":"https:\/\/www.manaus.am.gov.br\/semasc\/#organization"},"image":{"@id":"https:\/\/www.manaus.am.gov.br\/semasc\/usuarios-de-equipamentos-socioassistenciais-da-prefeitura-recebem-acao-sobre-prevencao-ao-cancer-de-mama\/#primaryimage"},"thumbnailUrl":"https:\/\/www.manaus.am.gov.br\/semasc\/wp-content\/uploads\/sites\/17\/2023\/11\/IMG_7672.jpeg","keywords":["C\u00e2ncer de Mama","cras","outubro rosa","preven\u00e7ao"],"articleSection":["Outubro Rosa"],"inLanguage":"pt-BR"},{"@type":"WebPage","@id":"https:\/\/www.manaus.am.gov.br\/semasc\/usuarios-de-equipamentos-socioassistenciais-da-prefeitura-recebem-acao-sobre-prevencao-ao-cancer-de-mama\/","url":"https:\/\/www.manaus.am.gov.br\/semasc\/usuarios-de-equipamentos-socioassistenciais-da-prefeitura-recebem-acao-sobre-prevencao-ao-cancer-de-mama\/","name":"Usu\u00e1rios de equipamentos socioassistenciais da prefeitura recebem a\u00e7\u00e3o sobre preven\u00e7\u00e3o ao c\u00e2ncer de mama - SEMASC","isPartOf":{"@id":"https:\/\/www.manaus.am.gov.br\/semasc\/#website"},"primaryImageOfPage":{"@id":"https:\/\/www.manaus.am.gov.br\/semasc\/usuarios-de-equipamentos-socioassistenciais-da-prefeitura-recebem-acao-sobre-prevencao-ao-cancer-de-mama\/#primaryimage"},"image":{"@id":"https:\/\/www.manaus.am.gov.br\/semasc\/usuarios-de-equipamentos-socioassistenciais-da-prefeitura-recebem-acao-sobre-prevencao-ao-cancer-de-mama\/#primaryimage"},"thumbnailUrl":"https:\/\/www.manaus.am.gov.br\/semasc\/wp-content\/uploads\/sites\/17\/2023\/11\/IMG_7672.jpeg","datePublished":"2023-10-25T23:57:04+00:00","dateModified":"2023-10-25T23:57:04+00:00","breadcrumb":{"@id":"https:\/\/www.manaus.am.gov.br\/semasc\/usuarios-de-equipamentos-socioassistenciais-da-prefeitura-recebem-acao-sobre-prevencao-ao-cancer-de-mama\/#breadcrumb"},"inLanguage":"pt-BR","potentialAction":[{"@type":"ReadAction","target":["https:\/\/www.manaus.am.gov.br\/semasc\/usuarios-de-equipamentos-socioassistenciais-da-prefeitura-recebem-acao-sobre-prevencao-ao-cancer-de-mama\/"]}]},{"@type":"ImageObject","inLanguage":"pt-BR","@id":"https:\/\/www.manaus.am.gov.br\/semasc\/usuarios-de-equipamentos-socioassistenciais-da-prefeitura-recebem-acao-sobre-prevencao-ao-cancer-de-mama\/#primaryimage","url":"https:\/\/www.manaus.am.gov.br\/semasc\/wp-content\/uploads\/sites\/17\/2023\/11\/IMG_7672.jpeg","contentUrl":"https:\/\/www.manaus.am.gov.br\/semasc\/wp-content\/uploads\/sites\/17\/2023\/11\/IMG_7672.jpeg","width":3456,"height":2304,"caption":"#paratodosverem - V\u00e1rias mulheres reunidas, vestidas com blusas na cor rosa, recebendo orienta\u00e7\u00e3o de como fazer o exame de toque na mama"},{"@type":"BreadcrumbList","@id":"https:\/\/www.manaus.am.gov.br\/semasc\/usuarios-de-equipamentos-socioassistenciais-da-prefeitura-recebem-acao-sobre-prevencao-ao-cancer-de-mama\/#breadcrumb","itemListElement":[{"@type":"ListItem","position":1,"name":"Home","item":"https:\/\/www.manaus.am.gov.br\/semasc\/"},{"@type":"ListItem","position":2,"name":"Usu\u00e1rios de equipamentos socioassistenciais da prefeitura recebem a\u00e7\u00e3o sobre preven\u00e7\u00e3o ao c\u00e2ncer de mama"}]},{"@type":"WebSite","@id":"https:\/\/www.manaus.am.gov.br\/semasc\/#website","url":"https:\/\/www.manaus.am.gov.br\/semasc\/","name":"SEMASC","description":"Secretaria Municipal da Mulher, Assist\u00eancia Social e Cidadania.","publisher":{"@id":"https:\/\/www.manaus.am.gov.br\/semasc\/#organization"},"alternateName":"Secretaria Municipal da Mulher, Assist\u00eancia Social e Cidadania","potentialAction":[{"@type":"SearchAction","target":{"@type":"EntryPoint","urlTemplate":"https:\/\/www.manaus.am.gov.br\/semasc\/?s={search_term_string}"},"query-input":"required name=search_term_string"}],"inLanguage":"pt-BR"},{"@type":"Organization","@id":"https:\/\/www.manaus.am.gov.br\/semasc\/#organization","name":"Prefeitura de Manaus","alternateName":"Prefeitura Municipal de Manaus","url":"https:\/\/www.manaus.am.gov.br\/semasc\/","logo":{"@type":"ImageObject","inLanguage":"pt-BR","@id":"https:\/\/www.manaus.am.gov.br\/semasc\/#\/schema\/logo\/image\/","url":"https:\/\/www.manaus.am.gov.br\/semasc\/wp-content\/uploads\/sites\/17\/2024\/07\/favicon.png","contentUrl":"https:\/\/www.manaus.am.gov.br\/semasc\/wp-content\/uploads\/sites\/17\/2024\/07\/favicon.png","width":300,"height":300,"caption":"Prefeitura de Manaus"},"image":{"@id":"https:\/\/www.manaus.am.gov.br\/semasc\/#\/schema\/logo\/image\/"},"sameAs":["https:\/\/www.facebook.com\/semascmanaus","https:\/\/www.instagram.com\/semascmanaus\/"]},{"@type":"Person","@id":"https:\/\/www.manaus.am.gov.br\/semasc\/#\/schema\/person\/4eea2a8f78dc853097abb026f728aa06","name":"Renata Felix","image":{"@type":"ImageObject","inLanguage":"pt-BR","@id":"https:\/\/www.manaus.am.gov.br\/semasc\/#\/schema\/person\/image\/","url":"https:\/\/secure.gravatar.com\/avatar\/3c196cf9d3b837b24c8edb2c50fd8f29?s=96&d=mm&r=g","contentUrl":"https:\/\/secure.gravatar.com\/avatar\/3c196cf9d3b837b24c8edb2c50fd8f29?s=96&d=mm&r=g","caption":"Renata Felix"}}]}},"_links":{"self":[{"href":"https:\/\/www.manaus.am.gov.br\/semasc\/wp-json\/wp\/v2\/posts\/209202"}],"collection":[{"href":"https:\/\/www.manaus.am.gov.br\/semasc\/wp-json\/wp\/v2\/posts"}],"about":[{"href":"https:\/\/www.manaus.am.gov.br\/semasc\/wp-json\/wp\/v2\/types\/post"}],"author":[{"embeddable":true,"href":"https:\/\/www.manaus.am.gov.br\/semasc\/wp-json\/wp\/v2\/users\/31"}],"replies":[{"embeddable":true,"href":"https:\/\/www.manaus.am.gov.br\/semasc\/wp-json\/wp\/v2\/comments?post=209202"}],"version-history":[{"count":1,"href":"https:\/\/www.manaus.am.gov.br\/semasc\/wp-json\/wp\/v2\/posts\/209202\/revisions"}],"predecessor-version":[{"id":209205,"href":"https:\/\/www.manaus.am.gov.br\/semasc\/wp-json\/wp\/v2\/posts\/209202\/revisions\/209205"}],"wp:featuredmedia":[{"embeddable":true,"href":"https:\/\/www.manaus.am.gov.br\/semasc\/wp-json\/wp\/v2\/media\/209204"}],"wp:attachment":[{"href":"https:\/\/www.manaus.am.gov.br\/semasc\/wp-json\/wp\/v2\/media?parent=209202"}],"wp:term":[{"taxonomy":"category","embeddable":true,"href":"https:\/\/www.manaus.am.gov.br\/semasc\/wp-json\/wp\/v2\/categories?post=209202"},{"taxonomy":"post_tag","embeddable":true,"href":"https:\/\/www.manaus.am.gov.br\/semasc\/wp-json\/wp\/v2\/tags?post=209202"}],"curies":[{"name":"wp","href":"https:\/\/api.w.org\/{rel}","templated":true}]}}