{"id":209196,"date":"2023-11-14T17:21:50","date_gmt":"2023-11-14T21:21:50","guid":{"rendered":"https:\/\/www.manaus.am.gov.br\/semasc\/ajuda-humanitaria-413-familias\/"},"modified":"2023-11-14T17:21:50","modified_gmt":"2023-11-14T21:21:50","slug":"ajuda-humanitaria-413-familias","status":"publish","type":"post","link":"https:\/\/www.manaus.am.gov.br\/semasc\/ajuda-humanitaria-413-familias\/","title":{"rendered":"Prefeitura leva ajuda humanit\u00e1ria a 413 fam\u00edlias de sete comunidades distantes de Manaus"},"content":{"rendered":"\n<p>A ajuda humanit\u00e1ria da Prefeitura de Manaus para as fam\u00edlias afetadas pela vazante hist\u00f3rica, chegou, na manh\u00e3 desta ter\u00e7a-feira, 14\/11, \u00e0 Ilha das Cunh\u00e3s, ponto de refer\u00eancia para entrega de cestas b\u00e1sicas e \u00e1gua pot\u00e1vel a cerca de 413 fam\u00edlias de sete comunidades ribeirinhas da capital atendidas na segunda fase da opera\u00e7\u00e3o \u201cEstiagem\u201d.<\/p>\n\n\n\n<p>O aux\u00edlio chegou aos residentes nas comunidades: Nova Esperan\u00e7a do Apua\u00fa, Santa Isabel do Acariquara, S\u00e3o Francisco do Arua\u00fa, Nova Cana\u00e3 do Arua\u00fa, Nova Jerusal\u00e9m do Mipindia\u00fa, Lindo Amanhecer e Cora\u00e7\u00e3o de Maria.<\/p>\n\n\n\n<p>Vinte e tr\u00eas servidores municipais, de distintas pastas, est\u00e3o atuando na a\u00e7\u00e3o, que nesta segunda fase ir\u00e1 contemplar 81 comunidades ribeirinhas de Manaus. Os trabalhos est\u00e3o sendo capitaneados pela Secretaria Municipal de Seguran\u00e7a P\u00fablica e Defesa Social (Semseg), por meio da Secretaria Executiva de Prote\u00e7\u00e3o e Defesa Civil Municipal (Sepdec).<\/p>\n\n\n\n<figure class=\"wp-block-image size-large\"><img loading=\"lazy\" decoding=\"async\" width=\"1024\" height=\"576\" src=\"https:\/\/www.manaus.am.gov.br\/semasc\/wp-content\/uploads\/sites\/17\/2023\/11\/31D80864-27D0-480A-BF92-D3DCC80B4DC0-1024x576.jpeg\" alt=\"\" class=\"wp-image-209197\" srcset=\"https:\/\/www.manaus.am.gov.br\/semasc\/wp-content\/uploads\/sites\/17\/2023\/11\/31D80864-27D0-480A-BF92-D3DCC80B4DC0-1024x576.jpeg 1024w, https:\/\/www.manaus.am.gov.br\/semasc\/wp-content\/uploads\/sites\/17\/2023\/11\/31D80864-27D0-480A-BF92-D3DCC80B4DC0-300x169.jpeg 300w, https:\/\/www.manaus.am.gov.br\/semasc\/wp-content\/uploads\/sites\/17\/2023\/11\/31D80864-27D0-480A-BF92-D3DCC80B4DC0-768x432.jpeg 768w, https:\/\/www.manaus.am.gov.br\/semasc\/wp-content\/uploads\/sites\/17\/2023\/11\/31D80864-27D0-480A-BF92-D3DCC80B4DC0-1536x864.jpeg 1536w, https:\/\/www.manaus.am.gov.br\/semasc\/wp-content\/uploads\/sites\/17\/2023\/11\/31D80864-27D0-480A-BF92-D3DCC80B4DC0-2048x1152.jpeg 2048w\" sizes=\"(max-width: 1024px) 100vw, 1024px\" \/><\/figure>\n\n\n\n<p>Emocionado, o presidente da comunidade S\u00e3o Francisco do Arua\u00fa, Francisco Serr\u00e3o, ficou muito feliz com mais uma entrega pela Prefeitura de Manaus. \u201cQuero agradecer primeiramente a Deus e em seguida ao prefeito David Almeida por estar, mais uma vez, enviando mantimentos para todas as comunidades, especialmente a nossa, onde residem 87 fam\u00edlias que estavam precisando muito dessa ajuda\u201d, disse.<\/p>\n\n\n\n<p>A segunda fase da opera\u00e7\u00e3o \u201cEstiagem\u201d conta com o repasse, pelo governo federal, de R$ 3,6 milh\u00f5es, via Minist\u00e9rio da Integra\u00e7\u00e3o e do Desenvolvimento Regional (MIDR). A ajuda humanit\u00e1ria ir\u00e1 garantir 143 toneladas de alimentos em cestas b\u00e1sicas (8.406 unidades) e 576.800 litros de \u00e1gua pot\u00e1vel \u00e0s fam\u00edlias afetadas pela vazante hist\u00f3rica.<\/p>\n\n\n\n<p>Durante coletiva de imprensa realizada na manh\u00e3 de ontem, 13\/11, no porto de Manaus, o chefe do Executivo municipal explicou que essa a\u00e7\u00e3o contemplar\u00e1 um n\u00famero maior de fam\u00edlias em rela\u00e7\u00e3o \u00e0 primeira fase, quando 77 comunidades foram atendidas, dado o agravamento da seca dos rios da regi\u00e3o. \u201cEu acredito que, entre dez e 15 dias, a gente consiga chegar as 81 comunidades. Vamos voltar onde j\u00e1 estivemos. Tanto a zona ribeirinha quanto a \u00e1rea terrestre ser\u00e3o visitadas nesse trabalho que n\u00f3s ampliamos. Ent\u00e3o, vamos buscar chegar ao maior n\u00famero de comunidades poss\u00edveis para atender a popula\u00e7\u00e3o que tanto precisa\u201d, destacou o prefeito.<\/p>\n\n\n\n<p>De acordo com o titular da Semseg, S\u00e9rgio Fontes, esse trabalho realizado pela prefeitura n\u00e3o seria poss\u00edvel sem a uni\u00e3o das secretarias municipais. Servidores do Fundo Manaus Solid\u00e1ria (FMS) e das secretarias municipais de Educa\u00e7\u00e3o (Semed); Agricultura, Abastecimento, Centro e Com\u00e9rcio Informal (Semacc); e da Mulher, Assist\u00eancia Social e Cidadania (Semasc) est\u00e3o dado apoio \u00e0s equipes da Semseg nesta segunda fase da opera\u00e7\u00e3o.<\/p>\n\n\n\n<p>\u201cA primeira fase da opera\u00e7\u00e3o foi realizada com recursos exclusivos da prefeitura. Foi uma a\u00e7\u00e3o integrada de secretarias, que se uniram e n\u00e3o mediram esfor\u00e7os neste pior momento da hist\u00f3ria da vazante do nosso rio Negro e aqui esse momento continua\u201d, concluiu Fontes.<\/p>\n\n\n\n<p>&#8212; &#8212; &#8212;<\/p>\n\n\n\n<p><strong>Texto <\/strong>&#8211; Geanne Fernandes \/ Semseg e Thiago Fernando \/ Semcom&nbsp;<\/p>\n\n\n\n<p><strong>Fotos<\/strong> &#8211; Altemar Alcantara \/ Semseg&nbsp;<\/p>\n","protected":false},"excerpt":{"rendered":"","protected":false},"author":25,"featured_media":209198,"comment_status":"closed","ping_status":"closed","sticky":false,"template":"","format":"standard","meta":{"footnotes":""},"categories":[469],"tags":[613,513,9],"acf":[],"yoast_head":"<!-- This site is optimized with the Yoast SEO plugin v23.0 - https:\/\/yoast.com\/wordpress\/plugins\/seo\/ -->\n<title>Prefeitura leva ajuda humanit\u00e1ria a 413 fam\u00edlias de sete comunidades distantes de Manaus<\/title>\n<meta name=\"description\" content=\"A ajuda humanit\u00e1ria da Prefeitura de Manaus para as fam\u00edlias afetadas pela vazante hist\u00f3rica, chegou, na manh\u00e3 desta ter\u00e7a-feira, 14\/11\" \/>\n<meta name=\"robots\" content=\"noindex, follow\" \/>\n<meta property=\"og:locale\" content=\"pt_BR\" \/>\n<meta property=\"og:type\" content=\"article\" \/>\n<meta property=\"og:title\" content=\"Prefeitura leva ajuda humanit\u00e1ria a 413 fam\u00edlias de sete comunidades distantes de Manaus\" \/>\n<meta property=\"og:description\" content=\"A ajuda humanit\u00e1ria da Prefeitura de Manaus para as fam\u00edlias afetadas pela vazante hist\u00f3rica, chegou, na manh\u00e3 desta ter\u00e7a-feira, 14\/11\" \/>\n<meta property=\"og:url\" content=\"https:\/\/www.manaus.am.gov.br\/semasc\/ajuda-humanitaria-413-familias\/\" \/>\n<meta property=\"og:site_name\" content=\"SEMASC\" \/>\n<meta property=\"article:publisher\" content=\"https:\/\/www.facebook.com\/semascmanaus\" \/>\n<meta property=\"article:published_time\" content=\"2023-11-14T21:21:50+00:00\" \/>\n<meta property=\"og:image\" content=\"https:\/\/www.manaus.am.gov.br\/semasc\/wp-content\/uploads\/sites\/17\/2023\/11\/D050F024-26DF-4910-A936-0C32B08FA4AD.jpeg\" \/>\n\t<meta property=\"og:image:width\" content=\"3840\" \/>\n\t<meta property=\"og:image:height\" content=\"2160\" \/>\n\t<meta property=\"og:image:type\" content=\"image\/jpeg\" \/>\n<meta name=\"author\" content=\"Maur\u00edcio Freire\" \/>\n<meta name=\"twitter:card\" content=\"summary_large_image\" \/>\n<meta name=\"twitter:label1\" content=\"Written by\" \/>\n\t<meta name=\"twitter:data1\" content=\"Maur\u00edcio Freire\" \/>\n\t<meta name=\"twitter:label2\" content=\"Est. reading time\" \/>\n\t<meta name=\"twitter:data2\" content=\"3 minutos\" \/>\n<script type=\"application\/ld+json\" class=\"yoast-schema-graph\">{\"@context\":\"https:\/\/schema.org\",\"@graph\":[{\"@type\":\"Article\",\"@id\":\"https:\/\/www.manaus.am.gov.br\/semasc\/ajuda-humanitaria-413-familias\/#article\",\"isPartOf\":{\"@id\":\"https:\/\/www.manaus.am.gov.br\/semasc\/ajuda-humanitaria-413-familias\/\"},\"author\":{\"name\":\"Maur\u00edcio Freire\",\"@id\":\"https:\/\/www.manaus.am.gov.br\/semasc\/#\/schema\/person\/587989a23a463cde5618e6a028977a9a\"},\"headline\":\"Prefeitura leva ajuda humanit\u00e1ria a 413 fam\u00edlias de sete comunidades distantes de Manaus\",\"datePublished\":\"2023-11-14T21:21:50+00:00\",\"dateModified\":\"2023-11-14T21:21:50+00:00\",\"mainEntityOfPage\":{\"@id\":\"https:\/\/www.manaus.am.gov.br\/semasc\/ajuda-humanitaria-413-familias\/\"},\"wordCount\":535,\"publisher\":{\"@id\":\"https:\/\/www.manaus.am.gov.br\/semasc\/#organization\"},\"image\":{\"@id\":\"https:\/\/www.manaus.am.gov.br\/semasc\/ajuda-humanitaria-413-familias\/#primaryimage\"},\"thumbnailUrl\":\"https:\/\/www.manaus.am.gov.br\/semasc\/wp-content\/uploads\/sites\/17\/2023\/11\/D050F024-26DF-4910-A936-0C32B08FA4AD.jpeg\",\"keywords\":[\"Ilha das Cunh\u00e3s\",\"opera\u00e7\u00e3o estiagem\",\"Semseg\"],\"articleSection\":[\"Opera\u00e7\u00e3o\"],\"inLanguage\":\"pt-BR\"},{\"@type\":\"WebPage\",\"@id\":\"https:\/\/www.manaus.am.gov.br\/semasc\/ajuda-humanitaria-413-familias\/\",\"url\":\"https:\/\/www.manaus.am.gov.br\/semasc\/ajuda-humanitaria-413-familias\/\",\"name\":\"Prefeitura leva ajuda humanit\u00e1ria a 413 fam\u00edlias de sete comunidades distantes de Manaus\",\"isPartOf\":{\"@id\":\"https:\/\/www.manaus.am.gov.br\/semasc\/#website\"},\"primaryImageOfPage\":{\"@id\":\"https:\/\/www.manaus.am.gov.br\/semasc\/ajuda-humanitaria-413-familias\/#primaryimage\"},\"image\":{\"@id\":\"https:\/\/www.manaus.am.gov.br\/semasc\/ajuda-humanitaria-413-familias\/#primaryimage\"},\"thumbnailUrl\":\"https:\/\/www.manaus.am.gov.br\/semasc\/wp-content\/uploads\/sites\/17\/2023\/11\/D050F024-26DF-4910-A936-0C32B08FA4AD.jpeg\",\"datePublished\":\"2023-11-14T21:21:50+00:00\",\"dateModified\":\"2023-11-14T21:21:50+00:00\",\"description\":\"A ajuda humanit\u00e1ria da Prefeitura de Manaus para as fam\u00edlias afetadas pela vazante hist\u00f3rica, chegou, na manh\u00e3 desta ter\u00e7a-feira, 14\/11\",\"breadcrumb\":{\"@id\":\"https:\/\/www.manaus.am.gov.br\/semasc\/ajuda-humanitaria-413-familias\/#breadcrumb\"},\"inLanguage\":\"pt-BR\",\"potentialAction\":[{\"@type\":\"ReadAction\",\"target\":[\"https:\/\/www.manaus.am.gov.br\/semasc\/ajuda-humanitaria-413-familias\/\"]}]},{\"@type\":\"ImageObject\",\"inLanguage\":\"pt-BR\",\"@id\":\"https:\/\/www.manaus.am.gov.br\/semasc\/ajuda-humanitaria-413-familias\/#primaryimage\",\"url\":\"https:\/\/www.manaus.am.gov.br\/semasc\/wp-content\/uploads\/sites\/17\/2023\/11\/D050F024-26DF-4910-A936-0C32B08FA4AD.jpeg\",\"contentUrl\":\"https:\/\/www.manaus.am.gov.br\/semasc\/wp-content\/uploads\/sites\/17\/2023\/11\/D050F024-26DF-4910-A936-0C32B08FA4AD.jpeg\",\"width\":3840,\"height\":2160,\"caption\":\"#paratodosverem opera\u00e7\u00e3o estiagem atendendo moradores ribeirinhos\"},{\"@type\":\"BreadcrumbList\",\"@id\":\"https:\/\/www.manaus.am.gov.br\/semasc\/ajuda-humanitaria-413-familias\/#breadcrumb\",\"itemListElement\":[{\"@type\":\"ListItem\",\"position\":1,\"name\":\"Home\",\"item\":\"https:\/\/www.manaus.am.gov.br\/semasc\/\"},{\"@type\":\"ListItem\",\"position\":2,\"name\":\"Prefeitura leva ajuda humanit\u00e1ria a 413 fam\u00edlias de sete comunidades distantes de Manaus\"}]},{\"@type\":\"WebSite\",\"@id\":\"https:\/\/www.manaus.am.gov.br\/semasc\/#website\",\"url\":\"https:\/\/www.manaus.am.gov.br\/semasc\/\",\"name\":\"SEMASC\",\"description\":\"Secretaria Municipal da Mulher, Assist\u00eancia Social e Cidadania.\",\"publisher\":{\"@id\":\"https:\/\/www.manaus.am.gov.br\/semasc\/#organization\"},\"alternateName\":\"Secretaria Municipal da Mulher, Assist\u00eancia Social e Cidadania\",\"potentialAction\":[{\"@type\":\"SearchAction\",\"target\":{\"@type\":\"EntryPoint\",\"urlTemplate\":\"https:\/\/www.manaus.am.gov.br\/semasc\/?s={search_term_string}\"},\"query-input\":\"required name=search_term_string\"}],\"inLanguage\":\"pt-BR\"},{\"@type\":\"Organization\",\"@id\":\"https:\/\/www.manaus.am.gov.br\/semasc\/#organization\",\"name\":\"Prefeitura de Manaus\",\"alternateName\":\"Prefeitura Municipal de Manaus\",\"url\":\"https:\/\/www.manaus.am.gov.br\/semasc\/\",\"logo\":{\"@type\":\"ImageObject\",\"inLanguage\":\"pt-BR\",\"@id\":\"https:\/\/www.manaus.am.gov.br\/semasc\/#\/schema\/logo\/image\/\",\"url\":\"https:\/\/www.manaus.am.gov.br\/semasc\/wp-content\/uploads\/sites\/17\/2024\/07\/favicon.png\",\"contentUrl\":\"https:\/\/www.manaus.am.gov.br\/semasc\/wp-content\/uploads\/sites\/17\/2024\/07\/favicon.png\",\"width\":300,\"height\":300,\"caption\":\"Prefeitura de Manaus\"},\"image\":{\"@id\":\"https:\/\/www.manaus.am.gov.br\/semasc\/#\/schema\/logo\/image\/\"},\"sameAs\":[\"https:\/\/www.facebook.com\/semascmanaus\",\"https:\/\/www.instagram.com\/semascmanaus\/\"]},{\"@type\":\"Person\",\"@id\":\"https:\/\/www.manaus.am.gov.br\/semasc\/#\/schema\/person\/587989a23a463cde5618e6a028977a9a\",\"name\":\"Maur\u00edcio Freire\",\"image\":{\"@type\":\"ImageObject\",\"inLanguage\":\"pt-BR\",\"@id\":\"https:\/\/www.manaus.am.gov.br\/semasc\/#\/schema\/person\/image\/\",\"url\":\"https:\/\/secure.gravatar.com\/avatar\/dc1481799a1f75c733ac3b2634cd6749?s=96&d=mm&r=g\",\"contentUrl\":\"https:\/\/secure.gravatar.com\/avatar\/dc1481799a1f75c733ac3b2634cd6749?s=96&d=mm&r=g\",\"caption\":\"Maur\u00edcio Freire\"}}]}<\/script>\n<!-- \/ Yoast SEO plugin. -->","yoast_head_json":{"title":"Prefeitura leva ajuda humanit\u00e1ria a 413 fam\u00edlias de sete comunidades distantes de Manaus","description":"A ajuda humanit\u00e1ria da Prefeitura de Manaus para as fam\u00edlias afetadas pela vazante hist\u00f3rica, chegou, na manh\u00e3 desta ter\u00e7a-feira, 14\/11","robots":{"index":"noindex","follow":"follow"},"og_locale":"pt_BR","og_type":"article","og_title":"Prefeitura leva ajuda humanit\u00e1ria a 413 fam\u00edlias de sete comunidades distantes de Manaus","og_description":"A ajuda humanit\u00e1ria da Prefeitura de Manaus para as fam\u00edlias afetadas pela vazante hist\u00f3rica, chegou, na manh\u00e3 desta ter\u00e7a-feira, 14\/11","og_url":"https:\/\/www.manaus.am.gov.br\/semasc\/ajuda-humanitaria-413-familias\/","og_site_name":"SEMASC","article_publisher":"https:\/\/www.facebook.com\/semascmanaus","article_published_time":"2023-11-14T21:21:50+00:00","og_image":[{"width":3840,"height":2160,"url":"https:\/\/www.manaus.am.gov.br\/semasc\/wp-content\/uploads\/sites\/17\/2023\/11\/D050F024-26DF-4910-A936-0C32B08FA4AD.jpeg","type":"image\/jpeg"}],"author":"Maur\u00edcio Freire","twitter_card":"summary_large_image","twitter_misc":{"Written by":"Maur\u00edcio Freire","Est. reading time":"3 minutos"},"schema":{"@context":"https:\/\/schema.org","@graph":[{"@type":"Article","@id":"https:\/\/www.manaus.am.gov.br\/semasc\/ajuda-humanitaria-413-familias\/#article","isPartOf":{"@id":"https:\/\/www.manaus.am.gov.br\/semasc\/ajuda-humanitaria-413-familias\/"},"author":{"name":"Maur\u00edcio Freire","@id":"https:\/\/www.manaus.am.gov.br\/semasc\/#\/schema\/person\/587989a23a463cde5618e6a028977a9a"},"headline":"Prefeitura leva ajuda humanit\u00e1ria a 413 fam\u00edlias de sete comunidades distantes de Manaus","datePublished":"2023-11-14T21:21:50+00:00","dateModified":"2023-11-14T21:21:50+00:00","mainEntityOfPage":{"@id":"https:\/\/www.manaus.am.gov.br\/semasc\/ajuda-humanitaria-413-familias\/"},"wordCount":535,"publisher":{"@id":"https:\/\/www.manaus.am.gov.br\/semasc\/#organization"},"image":{"@id":"https:\/\/www.manaus.am.gov.br\/semasc\/ajuda-humanitaria-413-familias\/#primaryimage"},"thumbnailUrl":"https:\/\/www.manaus.am.gov.br\/semasc\/wp-content\/uploads\/sites\/17\/2023\/11\/D050F024-26DF-4910-A936-0C32B08FA4AD.jpeg","keywords":["Ilha das Cunh\u00e3s","opera\u00e7\u00e3o estiagem","Semseg"],"articleSection":["Opera\u00e7\u00e3o"],"inLanguage":"pt-BR"},{"@type":"WebPage","@id":"https:\/\/www.manaus.am.gov.br\/semasc\/ajuda-humanitaria-413-familias\/","url":"https:\/\/www.manaus.am.gov.br\/semasc\/ajuda-humanitaria-413-familias\/","name":"Prefeitura leva ajuda humanit\u00e1ria a 413 fam\u00edlias de sete comunidades distantes de Manaus","isPartOf":{"@id":"https:\/\/www.manaus.am.gov.br\/semasc\/#website"},"primaryImageOfPage":{"@id":"https:\/\/www.manaus.am.gov.br\/semasc\/ajuda-humanitaria-413-familias\/#primaryimage"},"image":{"@id":"https:\/\/www.manaus.am.gov.br\/semasc\/ajuda-humanitaria-413-familias\/#primaryimage"},"thumbnailUrl":"https:\/\/www.manaus.am.gov.br\/semasc\/wp-content\/uploads\/sites\/17\/2023\/11\/D050F024-26DF-4910-A936-0C32B08FA4AD.jpeg","datePublished":"2023-11-14T21:21:50+00:00","dateModified":"2023-11-14T21:21:50+00:00","description":"A ajuda humanit\u00e1ria da Prefeitura de Manaus para as fam\u00edlias afetadas pela vazante hist\u00f3rica, chegou, na manh\u00e3 desta ter\u00e7a-feira, 14\/11","breadcrumb":{"@id":"https:\/\/www.manaus.am.gov.br\/semasc\/ajuda-humanitaria-413-familias\/#breadcrumb"},"inLanguage":"pt-BR","potentialAction":[{"@type":"ReadAction","target":["https:\/\/www.manaus.am.gov.br\/semasc\/ajuda-humanitaria-413-familias\/"]}]},{"@type":"ImageObject","inLanguage":"pt-BR","@id":"https:\/\/www.manaus.am.gov.br\/semasc\/ajuda-humanitaria-413-familias\/#primaryimage","url":"https:\/\/www.manaus.am.gov.br\/semasc\/wp-content\/uploads\/sites\/17\/2023\/11\/D050F024-26DF-4910-A936-0C32B08FA4AD.jpeg","contentUrl":"https:\/\/www.manaus.am.gov.br\/semasc\/wp-content\/uploads\/sites\/17\/2023\/11\/D050F024-26DF-4910-A936-0C32B08FA4AD.jpeg","width":3840,"height":2160,"caption":"#paratodosverem opera\u00e7\u00e3o estiagem atendendo moradores ribeirinhos"},{"@type":"BreadcrumbList","@id":"https:\/\/www.manaus.am.gov.br\/semasc\/ajuda-humanitaria-413-familias\/#breadcrumb","itemListElement":[{"@type":"ListItem","position":1,"name":"Home","item":"https:\/\/www.manaus.am.gov.br\/semasc\/"},{"@type":"ListItem","position":2,"name":"Prefeitura leva ajuda humanit\u00e1ria a 413 fam\u00edlias de sete comunidades distantes de Manaus"}]},{"@type":"WebSite","@id":"https:\/\/www.manaus.am.gov.br\/semasc\/#website","url":"https:\/\/www.manaus.am.gov.br\/semasc\/","name":"SEMASC","description":"Secretaria Municipal da Mulher, Assist\u00eancia Social e Cidadania.","publisher":{"@id":"https:\/\/www.manaus.am.gov.br\/semasc\/#organization"},"alternateName":"Secretaria Municipal da Mulher, Assist\u00eancia Social e Cidadania","potentialAction":[{"@type":"SearchAction","target":{"@type":"EntryPoint","urlTemplate":"https:\/\/www.manaus.am.gov.br\/semasc\/?s={search_term_string}"},"query-input":"required name=search_term_string"}],"inLanguage":"pt-BR"},{"@type":"Organization","@id":"https:\/\/www.manaus.am.gov.br\/semasc\/#organization","name":"Prefeitura de Manaus","alternateName":"Prefeitura Municipal de Manaus","url":"https:\/\/www.manaus.am.gov.br\/semasc\/","logo":{"@type":"ImageObject","inLanguage":"pt-BR","@id":"https:\/\/www.manaus.am.gov.br\/semasc\/#\/schema\/logo\/image\/","url":"https:\/\/www.manaus.am.gov.br\/semasc\/wp-content\/uploads\/sites\/17\/2024\/07\/favicon.png","contentUrl":"https:\/\/www.manaus.am.gov.br\/semasc\/wp-content\/uploads\/sites\/17\/2024\/07\/favicon.png","width":300,"height":300,"caption":"Prefeitura de Manaus"},"image":{"@id":"https:\/\/www.manaus.am.gov.br\/semasc\/#\/schema\/logo\/image\/"},"sameAs":["https:\/\/www.facebook.com\/semascmanaus","https:\/\/www.instagram.com\/semascmanaus\/"]},{"@type":"Person","@id":"https:\/\/www.manaus.am.gov.br\/semasc\/#\/schema\/person\/587989a23a463cde5618e6a028977a9a","name":"Maur\u00edcio Freire","image":{"@type":"ImageObject","inLanguage":"pt-BR","@id":"https:\/\/www.manaus.am.gov.br\/semasc\/#\/schema\/person\/image\/","url":"https:\/\/secure.gravatar.com\/avatar\/dc1481799a1f75c733ac3b2634cd6749?s=96&d=mm&r=g","contentUrl":"https:\/\/secure.gravatar.com\/avatar\/dc1481799a1f75c733ac3b2634cd6749?s=96&d=mm&r=g","caption":"Maur\u00edcio Freire"}}]}},"_links":{"self":[{"href":"https:\/\/www.manaus.am.gov.br\/semasc\/wp-json\/wp\/v2\/posts\/209196"}],"collection":[{"href":"https:\/\/www.manaus.am.gov.br\/semasc\/wp-json\/wp\/v2\/posts"}],"about":[{"href":"https:\/\/www.manaus.am.gov.br\/semasc\/wp-json\/wp\/v2\/types\/post"}],"author":[{"embeddable":true,"href":"https:\/\/www.manaus.am.gov.br\/semasc\/wp-json\/wp\/v2\/users\/25"}],"replies":[{"embeddable":true,"href":"https:\/\/www.manaus.am.gov.br\/semasc\/wp-json\/wp\/v2\/comments?post=209196"}],"version-history":[{"count":1,"href":"https:\/\/www.manaus.am.gov.br\/semasc\/wp-json\/wp\/v2\/posts\/209196\/revisions"}],"predecessor-version":[{"id":209199,"href":"https:\/\/www.manaus.am.gov.br\/semasc\/wp-json\/wp\/v2\/posts\/209196\/revisions\/209199"}],"wp:featuredmedia":[{"embeddable":true,"href":"https:\/\/www.manaus.am.gov.br\/semasc\/wp-json\/wp\/v2\/media\/209198"}],"wp:attachment":[{"href":"https:\/\/www.manaus.am.gov.br\/semasc\/wp-json\/wp\/v2\/media?parent=209196"}],"wp:term":[{"taxonomy":"category","embeddable":true,"href":"https:\/\/www.manaus.am.gov.br\/semasc\/wp-json\/wp\/v2\/categories?post=209196"},{"taxonomy":"post_tag","embeddable":true,"href":"https:\/\/www.manaus.am.gov.br\/semasc\/wp-json\/wp\/v2\/tags?post=209196"}],"curies":[{"name":"wp","href":"https:\/\/api.w.org\/{rel}","templated":true}]}}