{"id":209192,"date":"2023-11-16T11:39:29","date_gmt":"2023-11-16T15:39:29","guid":{"rendered":"https:\/\/www.manaus.am.gov.br\/semasc\/prefeitura-leva-ajuda-humanitaria-a-854-familias-ribeirinhas-em-dois-dias-da-operacao-estiagem\/"},"modified":"2023-11-16T11:39:29","modified_gmt":"2023-11-16T15:39:29","slug":"prefeitura-leva-ajuda-humanitaria-a-854-familias-ribeirinhas-em-dois-dias-da-operacao-estiagem","status":"publish","type":"post","link":"https:\/\/www.manaus.am.gov.br\/semasc\/prefeitura-leva-ajuda-humanitaria-a-854-familias-ribeirinhas-em-dois-dias-da-operacao-estiagem\/","title":{"rendered":"Prefeitura leva ajuda humanit\u00e1ria a 854 fam\u00edlias ribeirinhas em dois dias da opera\u00e7\u00e3o \u2018Estiagem\u2019"},"content":{"rendered":"\n<p>A Prefeitura de Manaus realizou, ao longo de quarta-feira, 15\/11, a entrega de cestas b\u00e1sicas e \u00e1gua pot\u00e1vel a dez comunidades ribeirinhas afetadas pela vazante hist\u00f3rica. Dessa vez, mais 441 fam\u00edlias foram assistidas durante a a\u00e7\u00e3o, que faz parte da segunda fase da opera\u00e7\u00e3o \u201cEstiagem\u201d, iniciada nesta semana.<\/p>\n\n\n\n<p>Ao todo, 854 fam\u00edlias receberam ajuda humanit\u00e1ria em dois dias de trabalhos, capitaneados pela&nbsp;Secretaria Municipal de Seguran\u00e7a P\u00fablica e Defesa Social (Semseg), por meio da Secretaria Executiva de Prote\u00e7\u00e3o e Defesa Civil Municipal (Sepdec).<\/p>\n\n\n\n<p>As a\u00e7\u00f5es devem continuar durante todo o m\u00eas de novembro, at\u00e9 que cheguem a 81 comunidades ribeirinhas catalogadas na capital, que enfrentam grande dificuldade para obter mantimentos em raz\u00e3o da estiagem hist\u00f3rica.<\/p>\n\n\n\n<p>\u201cEu acredito que, entre dez e 15 dias, a gente consiga chegar \u00e0s 81 comunidades. Vamos voltar onde j\u00e1 estivemos. Tanto a zona ribeirinha, quanto a \u00e1rea terrestre, ser\u00e3o visitadas nesse trabalho que n\u00f3s ampliamos. Ent\u00e3o, buscamos alcan\u00e7ar o maior n\u00famero de comunidades poss\u00edveis, para atender essa popula\u00e7\u00e3o que tanto precisa\u201d, destacou o prefeito David Almeida.<\/p>\n\n\n\n<p><\/p>\n\n\n\n<figure class=\"wp-block-gallery has-nested-images columns-default is-cropped wp-block-gallery-1 is-layout-flex wp-block-gallery-is-layout-flex\">\n<figure class=\"wp-block-image size-large\"><img loading=\"lazy\" decoding=\"async\" width=\"1024\" height=\"576\" data-id=\"209193\" src=\"https:\/\/www.manaus.am.gov.br\/semasc\/wp-content\/uploads\/sites\/17\/2023\/11\/WhatsApp-Image-2023-11-16-at-11.07.29-1024x576.jpeg\" alt=\"\" class=\"wp-image-209193\" srcset=\"https:\/\/www.manaus.am.gov.br\/semasc\/wp-content\/uploads\/sites\/17\/2023\/11\/WhatsApp-Image-2023-11-16-at-11.07.29-1024x576.jpeg 1024w, https:\/\/www.manaus.am.gov.br\/semasc\/wp-content\/uploads\/sites\/17\/2023\/11\/WhatsApp-Image-2023-11-16-at-11.07.29-300x169.jpeg 300w, https:\/\/www.manaus.am.gov.br\/semasc\/wp-content\/uploads\/sites\/17\/2023\/11\/WhatsApp-Image-2023-11-16-at-11.07.29-768x432.jpeg 768w, https:\/\/www.manaus.am.gov.br\/semasc\/wp-content\/uploads\/sites\/17\/2023\/11\/WhatsApp-Image-2023-11-16-at-11.07.29-1536x864.jpeg 1536w, https:\/\/www.manaus.am.gov.br\/semasc\/wp-content\/uploads\/sites\/17\/2023\/11\/WhatsApp-Image-2023-11-16-at-11.07.29-2048x1152.jpeg 2048w\" sizes=\"(max-width: 1024px) 100vw, 1024px\" \/><\/figure>\n<\/figure>\n\n\n\n<p><\/p>\n\n\n\n<p>As comunidades contempladas na quarta-feira foram:&nbsp;Igarap\u00e9 A\u00e7uzinho, Maravilha, S\u00e3o Tom\u00e9, Monte Sinai do Igarap\u00e9 A\u00e7u, Tr\u00eas Unidos, Nova Cana\u00e3 do Cuieiras, Nova Esperan\u00e7a do Cuieiras, Boa Esperan\u00e7a do Cuieiras, Barreirinha e S\u00e3o Sebasti\u00e3o do Cuieiras.<\/p>\n\n\n\n<p>J\u00e1 na \u00faltima ter\u00e7a-feira, 14\/11,&nbsp;413 fam\u00edlias de sete comunidades ribeirinhas da capital tamb\u00e9m foram atendidas. O aux\u00edlio chegou aos residentes das comunidades Nova Esperan\u00e7a do Apua\u00fa, Santa Isabel do Acariquara, S\u00e3o Francisco do Arua\u00fa, Nova Cana\u00e3 do Arua\u00fa, Nova Jerusal\u00e9m do Mipindia\u00fa, Lindo Amanhecer e Cora\u00e7\u00e3o de Maria.<\/p>\n\n\n\n<p>Os servidores do Fundo Manaus Solid\u00e1ria (FMS) e das secretarias municipais de Educa\u00e7\u00e3o (Semed), de Agricultura, Abastecimento, Centro e Com\u00e9rcio Informal (Semacc) e da Mulher, Assist\u00eancia Social e Cidadania (Semasc), est\u00e3o dando apoio \u00e0s equipes da Semseg nesta fase da opera\u00e7\u00e3o, que conta com o aporte de R$ 3,6 milh\u00f5es, do governo federal, via Minist\u00e9rio da Integra\u00e7\u00e3o e do Desenvolvimento Regional (MIDR).&nbsp;&nbsp;<\/p>\n\n\n\n<p><br>&#8212; &#8212; &#8212;<\/p>\n\n\n\n<p><strong>Texto &#8211;<\/strong> Geanne Fernandes \/ Semseg<\/p>\n\n\n\n<p><strong>Fotos &#8211;<\/strong> Altemar Alc\u00e2ntara \/ Semseg&nbsp;<\/p>\n\n\n\n<p><strong>Dispon\u00edveis em &#8211; <\/strong><a href=\"https:\/\/flic.kr\/s\/aHBqjB3CDD\">https:\/\/flic.kr\/s\/aHBqjB3CDD<\/a><\/p>\n","protected":false},"excerpt":{"rendered":"","protected":false},"author":39,"featured_media":209194,"comment_status":"closed","ping_status":"closed","sticky":false,"template":"","format":"standard","meta":{"footnotes":""},"categories":[469],"tags":[608,609,484,610,274,611,7,548,612,9],"acf":[],"yoast_head":"<!-- This site is optimized with the Yoast SEO plugin v23.0 - https:\/\/yoast.com\/wordpress\/plugins\/seo\/ -->\n<title>Prefeitura leva ajuda humanit\u00e1ria a 854 fam\u00edlias ribeirinhas em dois dias da opera\u00e7\u00e3o \u2018Estiagem\u2019<\/title>\n<meta name=\"description\" content=\"Ao todo, 854 fam\u00edlias receberam ajuda humanit\u00e1ria em dois dias de trabalhos, capitaneados pela\u00a0Secretaria Municipal de Seguran\u00e7a P\u00fablica e Defesa Social (Semseg), por meio da Secretaria Executiva de Prote\u00e7\u00e3o e Defesa Civil Municipal (Sepdec).\" \/>\n<meta name=\"robots\" content=\"noindex, follow\" \/>\n<meta property=\"og:locale\" content=\"pt_BR\" \/>\n<meta property=\"og:type\" content=\"article\" \/>\n<meta property=\"og:title\" content=\"Prefeitura leva ajuda humanit\u00e1ria a 854 fam\u00edlias ribeirinhas em dois dias da opera\u00e7\u00e3o \u2018Estiagem\u2019\" \/>\n<meta property=\"og:description\" content=\"Ao todo, 854 fam\u00edlias receberam ajuda humanit\u00e1ria em dois dias de trabalhos, capitaneados pela\u00a0Secretaria Municipal de Seguran\u00e7a P\u00fablica e Defesa Social (Semseg), por meio da Secretaria Executiva de Prote\u00e7\u00e3o e Defesa Civil Municipal (Sepdec).\" \/>\n<meta property=\"og:url\" content=\"https:\/\/www.manaus.am.gov.br\/semasc\/prefeitura-leva-ajuda-humanitaria-a-854-familias-ribeirinhas-em-dois-dias-da-operacao-estiagem\/\" \/>\n<meta property=\"og:site_name\" content=\"SEMASC\" \/>\n<meta property=\"article:publisher\" content=\"https:\/\/www.facebook.com\/semascmanaus\" \/>\n<meta property=\"article:published_time\" content=\"2023-11-16T15:39:29+00:00\" \/>\n<meta property=\"og:image\" content=\"https:\/\/www.manaus.am.gov.br\/semasc\/wp-content\/uploads\/sites\/17\/2023\/11\/WhatsApp-Image-2023-11-16-at-11.07.30.jpeg\" \/>\n\t<meta property=\"og:image:width\" content=\"3840\" \/>\n\t<meta property=\"og:image:height\" content=\"2160\" \/>\n\t<meta property=\"og:image:type\" content=\"image\/jpeg\" \/>\n<meta name=\"author\" content=\"Bruna Greco\" \/>\n<meta name=\"twitter:card\" content=\"summary_large_image\" \/>\n<meta name=\"twitter:label1\" content=\"Written by\" \/>\n\t<meta name=\"twitter:data1\" content=\"Bruna Greco\" \/>\n\t<meta name=\"twitter:label2\" content=\"Est. reading time\" \/>\n\t<meta name=\"twitter:data2\" content=\"3 minutos\" \/>\n<script type=\"application\/ld+json\" class=\"yoast-schema-graph\">{\"@context\":\"https:\/\/schema.org\",\"@graph\":[{\"@type\":\"Article\",\"@id\":\"https:\/\/www.manaus.am.gov.br\/semasc\/prefeitura-leva-ajuda-humanitaria-a-854-familias-ribeirinhas-em-dois-dias-da-operacao-estiagem\/#article\",\"isPartOf\":{\"@id\":\"https:\/\/www.manaus.am.gov.br\/semasc\/prefeitura-leva-ajuda-humanitaria-a-854-familias-ribeirinhas-em-dois-dias-da-operacao-estiagem\/\"},\"author\":{\"name\":\"Bruna Greco\",\"@id\":\"https:\/\/www.manaus.am.gov.br\/semasc\/#\/schema\/person\/05d223aea2bf115f9883a6ff3683d81b\"},\"headline\":\"Prefeitura leva ajuda humanit\u00e1ria a 854 fam\u00edlias ribeirinhas em dois dias da opera\u00e7\u00e3o \u2018Estiagem\u2019\",\"datePublished\":\"2023-11-16T15:39:29+00:00\",\"dateModified\":\"2023-11-16T15:39:29+00:00\",\"mainEntityOfPage\":{\"@id\":\"https:\/\/www.manaus.am.gov.br\/semasc\/prefeitura-leva-ajuda-humanitaria-a-854-familias-ribeirinhas-em-dois-dias-da-operacao-estiagem\/\"},\"wordCount\":402,\"publisher\":{\"@id\":\"https:\/\/www.manaus.am.gov.br\/semasc\/#organization\"},\"image\":{\"@id\":\"https:\/\/www.manaus.am.gov.br\/semasc\/prefeitura-leva-ajuda-humanitaria-a-854-familias-ribeirinhas-em-dois-dias-da-operacao-estiagem\/#primaryimage\"},\"thumbnailUrl\":\"https:\/\/www.manaus.am.gov.br\/semasc\/wp-content\/uploads\/sites\/17\/2023\/11\/WhatsApp-Image-2023-11-16-at-11.07.30.jpeg\",\"keywords\":[\"6 milh\u00f5es\",\"854 fam\u00edlias ribeirinhas\",\"ajuda humanit\u00e1ria\",\"aporte de R$ 3\",\"David Almeida\",\"Minist\u00e9rio da Integra\u00e7\u00e3o e do Desenvolvimento Regional (MIDR)\",\"prefeitura de manaus\",\"Secretaria Executiva de Prote\u00e7\u00e3o e Defesa Civil Municipal (Sepdec)\",\"segunda fase da opera\u00e7\u00e3o \u201cEstiagem\u201d\",\"Semseg\"],\"articleSection\":[\"Opera\u00e7\u00e3o\"],\"inLanguage\":\"pt-BR\"},{\"@type\":\"WebPage\",\"@id\":\"https:\/\/www.manaus.am.gov.br\/semasc\/prefeitura-leva-ajuda-humanitaria-a-854-familias-ribeirinhas-em-dois-dias-da-operacao-estiagem\/\",\"url\":\"https:\/\/www.manaus.am.gov.br\/semasc\/prefeitura-leva-ajuda-humanitaria-a-854-familias-ribeirinhas-em-dois-dias-da-operacao-estiagem\/\",\"name\":\"Prefeitura leva ajuda humanit\u00e1ria a 854 fam\u00edlias ribeirinhas em dois dias da opera\u00e7\u00e3o \u2018Estiagem\u2019\",\"isPartOf\":{\"@id\":\"https:\/\/www.manaus.am.gov.br\/semasc\/#website\"},\"primaryImageOfPage\":{\"@id\":\"https:\/\/www.manaus.am.gov.br\/semasc\/prefeitura-leva-ajuda-humanitaria-a-854-familias-ribeirinhas-em-dois-dias-da-operacao-estiagem\/#primaryimage\"},\"image\":{\"@id\":\"https:\/\/www.manaus.am.gov.br\/semasc\/prefeitura-leva-ajuda-humanitaria-a-854-familias-ribeirinhas-em-dois-dias-da-operacao-estiagem\/#primaryimage\"},\"thumbnailUrl\":\"https:\/\/www.manaus.am.gov.br\/semasc\/wp-content\/uploads\/sites\/17\/2023\/11\/WhatsApp-Image-2023-11-16-at-11.07.30.jpeg\",\"datePublished\":\"2023-11-16T15:39:29+00:00\",\"dateModified\":\"2023-11-16T15:39:29+00:00\",\"description\":\"Ao todo, 854 fam\u00edlias receberam ajuda humanit\u00e1ria em dois dias de trabalhos, capitaneados pela\u00a0Secretaria Municipal de Seguran\u00e7a P\u00fablica e Defesa Social (Semseg), por meio da Secretaria Executiva de Prote\u00e7\u00e3o e Defesa Civil Municipal (Sepdec).\",\"breadcrumb\":{\"@id\":\"https:\/\/www.manaus.am.gov.br\/semasc\/prefeitura-leva-ajuda-humanitaria-a-854-familias-ribeirinhas-em-dois-dias-da-operacao-estiagem\/#breadcrumb\"},\"inLanguage\":\"pt-BR\",\"potentialAction\":[{\"@type\":\"ReadAction\",\"target\":[\"https:\/\/www.manaus.am.gov.br\/semasc\/prefeitura-leva-ajuda-humanitaria-a-854-familias-ribeirinhas-em-dois-dias-da-operacao-estiagem\/\"]}]},{\"@type\":\"ImageObject\",\"inLanguage\":\"pt-BR\",\"@id\":\"https:\/\/www.manaus.am.gov.br\/semasc\/prefeitura-leva-ajuda-humanitaria-a-854-familias-ribeirinhas-em-dois-dias-da-operacao-estiagem\/#primaryimage\",\"url\":\"https:\/\/www.manaus.am.gov.br\/semasc\/wp-content\/uploads\/sites\/17\/2023\/11\/WhatsApp-Image-2023-11-16-at-11.07.30.jpeg\",\"contentUrl\":\"https:\/\/www.manaus.am.gov.br\/semasc\/wp-content\/uploads\/sites\/17\/2023\/11\/WhatsApp-Image-2023-11-16-at-11.07.30.jpeg\",\"width\":3840,\"height\":2160,\"caption\":\"#paratodosverem Ribeirinho carregando cesta b\u00e1sica pr\u00f3ximo a tr\u00eas barcos \u00e0 margem do rio\"},{\"@type\":\"BreadcrumbList\",\"@id\":\"https:\/\/www.manaus.am.gov.br\/semasc\/prefeitura-leva-ajuda-humanitaria-a-854-familias-ribeirinhas-em-dois-dias-da-operacao-estiagem\/#breadcrumb\",\"itemListElement\":[{\"@type\":\"ListItem\",\"position\":1,\"name\":\"Home\",\"item\":\"https:\/\/www.manaus.am.gov.br\/semasc\/\"},{\"@type\":\"ListItem\",\"position\":2,\"name\":\"Prefeitura leva ajuda humanit\u00e1ria a 854 fam\u00edlias ribeirinhas em dois dias da opera\u00e7\u00e3o \u2018Estiagem\u2019\"}]},{\"@type\":\"WebSite\",\"@id\":\"https:\/\/www.manaus.am.gov.br\/semasc\/#website\",\"url\":\"https:\/\/www.manaus.am.gov.br\/semasc\/\",\"name\":\"SEMASC\",\"description\":\"Secretaria Municipal da Mulher, Assist\u00eancia Social e Cidadania.\",\"publisher\":{\"@id\":\"https:\/\/www.manaus.am.gov.br\/semasc\/#organization\"},\"alternateName\":\"Secretaria Municipal da Mulher, Assist\u00eancia Social e Cidadania\",\"potentialAction\":[{\"@type\":\"SearchAction\",\"target\":{\"@type\":\"EntryPoint\",\"urlTemplate\":\"https:\/\/www.manaus.am.gov.br\/semasc\/?s={search_term_string}\"},\"query-input\":\"required name=search_term_string\"}],\"inLanguage\":\"pt-BR\"},{\"@type\":\"Organization\",\"@id\":\"https:\/\/www.manaus.am.gov.br\/semasc\/#organization\",\"name\":\"Prefeitura de Manaus\",\"alternateName\":\"Prefeitura Municipal de Manaus\",\"url\":\"https:\/\/www.manaus.am.gov.br\/semasc\/\",\"logo\":{\"@type\":\"ImageObject\",\"inLanguage\":\"pt-BR\",\"@id\":\"https:\/\/www.manaus.am.gov.br\/semasc\/#\/schema\/logo\/image\/\",\"url\":\"https:\/\/www.manaus.am.gov.br\/semasc\/wp-content\/uploads\/sites\/17\/2024\/07\/favicon.png\",\"contentUrl\":\"https:\/\/www.manaus.am.gov.br\/semasc\/wp-content\/uploads\/sites\/17\/2024\/07\/favicon.png\",\"width\":300,\"height\":300,\"caption\":\"Prefeitura de Manaus\"},\"image\":{\"@id\":\"https:\/\/www.manaus.am.gov.br\/semasc\/#\/schema\/logo\/image\/\"},\"sameAs\":[\"https:\/\/www.facebook.com\/semascmanaus\",\"https:\/\/www.instagram.com\/semascmanaus\/\"]},{\"@type\":\"Person\",\"@id\":\"https:\/\/www.manaus.am.gov.br\/semasc\/#\/schema\/person\/05d223aea2bf115f9883a6ff3683d81b\",\"name\":\"Bruna Greco\",\"image\":{\"@type\":\"ImageObject\",\"inLanguage\":\"pt-BR\",\"@id\":\"https:\/\/www.manaus.am.gov.br\/semasc\/#\/schema\/person\/image\/\",\"url\":\"https:\/\/secure.gravatar.com\/avatar\/9c877d1a6adc2a055330e5c09a8653ce?s=96&d=mm&r=g\",\"contentUrl\":\"https:\/\/secure.gravatar.com\/avatar\/9c877d1a6adc2a055330e5c09a8653ce?s=96&d=mm&r=g\",\"caption\":\"Bruna Greco\"}}]}<\/script>\n<!-- \/ Yoast SEO plugin. -->","yoast_head_json":{"title":"Prefeitura leva ajuda humanit\u00e1ria a 854 fam\u00edlias ribeirinhas em dois dias da opera\u00e7\u00e3o \u2018Estiagem\u2019","description":"Ao todo, 854 fam\u00edlias receberam ajuda humanit\u00e1ria em dois dias de trabalhos, capitaneados pela\u00a0Secretaria Municipal de Seguran\u00e7a P\u00fablica e Defesa Social (Semseg), por meio da Secretaria Executiva de Prote\u00e7\u00e3o e Defesa Civil Municipal (Sepdec).","robots":{"index":"noindex","follow":"follow"},"og_locale":"pt_BR","og_type":"article","og_title":"Prefeitura leva ajuda humanit\u00e1ria a 854 fam\u00edlias ribeirinhas em dois dias da opera\u00e7\u00e3o \u2018Estiagem\u2019","og_description":"Ao todo, 854 fam\u00edlias receberam ajuda humanit\u00e1ria em dois dias de trabalhos, capitaneados pela\u00a0Secretaria Municipal de Seguran\u00e7a P\u00fablica e Defesa Social (Semseg), por meio da Secretaria Executiva de Prote\u00e7\u00e3o e Defesa Civil Municipal (Sepdec).","og_url":"https:\/\/www.manaus.am.gov.br\/semasc\/prefeitura-leva-ajuda-humanitaria-a-854-familias-ribeirinhas-em-dois-dias-da-operacao-estiagem\/","og_site_name":"SEMASC","article_publisher":"https:\/\/www.facebook.com\/semascmanaus","article_published_time":"2023-11-16T15:39:29+00:00","og_image":[{"width":3840,"height":2160,"url":"https:\/\/www.manaus.am.gov.br\/semasc\/wp-content\/uploads\/sites\/17\/2023\/11\/WhatsApp-Image-2023-11-16-at-11.07.30.jpeg","type":"image\/jpeg"}],"author":"Bruna Greco","twitter_card":"summary_large_image","twitter_misc":{"Written by":"Bruna Greco","Est. reading time":"3 minutos"},"schema":{"@context":"https:\/\/schema.org","@graph":[{"@type":"Article","@id":"https:\/\/www.manaus.am.gov.br\/semasc\/prefeitura-leva-ajuda-humanitaria-a-854-familias-ribeirinhas-em-dois-dias-da-operacao-estiagem\/#article","isPartOf":{"@id":"https:\/\/www.manaus.am.gov.br\/semasc\/prefeitura-leva-ajuda-humanitaria-a-854-familias-ribeirinhas-em-dois-dias-da-operacao-estiagem\/"},"author":{"name":"Bruna Greco","@id":"https:\/\/www.manaus.am.gov.br\/semasc\/#\/schema\/person\/05d223aea2bf115f9883a6ff3683d81b"},"headline":"Prefeitura leva ajuda humanit\u00e1ria a 854 fam\u00edlias ribeirinhas em dois dias da opera\u00e7\u00e3o \u2018Estiagem\u2019","datePublished":"2023-11-16T15:39:29+00:00","dateModified":"2023-11-16T15:39:29+00:00","mainEntityOfPage":{"@id":"https:\/\/www.manaus.am.gov.br\/semasc\/prefeitura-leva-ajuda-humanitaria-a-854-familias-ribeirinhas-em-dois-dias-da-operacao-estiagem\/"},"wordCount":402,"publisher":{"@id":"https:\/\/www.manaus.am.gov.br\/semasc\/#organization"},"image":{"@id":"https:\/\/www.manaus.am.gov.br\/semasc\/prefeitura-leva-ajuda-humanitaria-a-854-familias-ribeirinhas-em-dois-dias-da-operacao-estiagem\/#primaryimage"},"thumbnailUrl":"https:\/\/www.manaus.am.gov.br\/semasc\/wp-content\/uploads\/sites\/17\/2023\/11\/WhatsApp-Image-2023-11-16-at-11.07.30.jpeg","keywords":["6 milh\u00f5es","854 fam\u00edlias ribeirinhas","ajuda humanit\u00e1ria","aporte de R$ 3","David Almeida","Minist\u00e9rio da Integra\u00e7\u00e3o e do Desenvolvimento Regional (MIDR)","prefeitura de manaus","Secretaria Executiva de Prote\u00e7\u00e3o e Defesa Civil Municipal (Sepdec)","segunda fase da opera\u00e7\u00e3o \u201cEstiagem\u201d","Semseg"],"articleSection":["Opera\u00e7\u00e3o"],"inLanguage":"pt-BR"},{"@type":"WebPage","@id":"https:\/\/www.manaus.am.gov.br\/semasc\/prefeitura-leva-ajuda-humanitaria-a-854-familias-ribeirinhas-em-dois-dias-da-operacao-estiagem\/","url":"https:\/\/www.manaus.am.gov.br\/semasc\/prefeitura-leva-ajuda-humanitaria-a-854-familias-ribeirinhas-em-dois-dias-da-operacao-estiagem\/","name":"Prefeitura leva ajuda humanit\u00e1ria a 854 fam\u00edlias ribeirinhas em dois dias da opera\u00e7\u00e3o \u2018Estiagem\u2019","isPartOf":{"@id":"https:\/\/www.manaus.am.gov.br\/semasc\/#website"},"primaryImageOfPage":{"@id":"https:\/\/www.manaus.am.gov.br\/semasc\/prefeitura-leva-ajuda-humanitaria-a-854-familias-ribeirinhas-em-dois-dias-da-operacao-estiagem\/#primaryimage"},"image":{"@id":"https:\/\/www.manaus.am.gov.br\/semasc\/prefeitura-leva-ajuda-humanitaria-a-854-familias-ribeirinhas-em-dois-dias-da-operacao-estiagem\/#primaryimage"},"thumbnailUrl":"https:\/\/www.manaus.am.gov.br\/semasc\/wp-content\/uploads\/sites\/17\/2023\/11\/WhatsApp-Image-2023-11-16-at-11.07.30.jpeg","datePublished":"2023-11-16T15:39:29+00:00","dateModified":"2023-11-16T15:39:29+00:00","description":"Ao todo, 854 fam\u00edlias receberam ajuda humanit\u00e1ria em dois dias de trabalhos, capitaneados pela\u00a0Secretaria Municipal de Seguran\u00e7a P\u00fablica e Defesa Social (Semseg), por meio da Secretaria Executiva de Prote\u00e7\u00e3o e Defesa Civil Municipal (Sepdec).","breadcrumb":{"@id":"https:\/\/www.manaus.am.gov.br\/semasc\/prefeitura-leva-ajuda-humanitaria-a-854-familias-ribeirinhas-em-dois-dias-da-operacao-estiagem\/#breadcrumb"},"inLanguage":"pt-BR","potentialAction":[{"@type":"ReadAction","target":["https:\/\/www.manaus.am.gov.br\/semasc\/prefeitura-leva-ajuda-humanitaria-a-854-familias-ribeirinhas-em-dois-dias-da-operacao-estiagem\/"]}]},{"@type":"ImageObject","inLanguage":"pt-BR","@id":"https:\/\/www.manaus.am.gov.br\/semasc\/prefeitura-leva-ajuda-humanitaria-a-854-familias-ribeirinhas-em-dois-dias-da-operacao-estiagem\/#primaryimage","url":"https:\/\/www.manaus.am.gov.br\/semasc\/wp-content\/uploads\/sites\/17\/2023\/11\/WhatsApp-Image-2023-11-16-at-11.07.30.jpeg","contentUrl":"https:\/\/www.manaus.am.gov.br\/semasc\/wp-content\/uploads\/sites\/17\/2023\/11\/WhatsApp-Image-2023-11-16-at-11.07.30.jpeg","width":3840,"height":2160,"caption":"#paratodosverem Ribeirinho carregando cesta b\u00e1sica pr\u00f3ximo a tr\u00eas barcos \u00e0 margem do rio"},{"@type":"BreadcrumbList","@id":"https:\/\/www.manaus.am.gov.br\/semasc\/prefeitura-leva-ajuda-humanitaria-a-854-familias-ribeirinhas-em-dois-dias-da-operacao-estiagem\/#breadcrumb","itemListElement":[{"@type":"ListItem","position":1,"name":"Home","item":"https:\/\/www.manaus.am.gov.br\/semasc\/"},{"@type":"ListItem","position":2,"name":"Prefeitura leva ajuda humanit\u00e1ria a 854 fam\u00edlias ribeirinhas em dois dias da opera\u00e7\u00e3o \u2018Estiagem\u2019"}]},{"@type":"WebSite","@id":"https:\/\/www.manaus.am.gov.br\/semasc\/#website","url":"https:\/\/www.manaus.am.gov.br\/semasc\/","name":"SEMASC","description":"Secretaria Municipal da Mulher, Assist\u00eancia Social e Cidadania.","publisher":{"@id":"https:\/\/www.manaus.am.gov.br\/semasc\/#organization"},"alternateName":"Secretaria Municipal da Mulher, Assist\u00eancia Social e Cidadania","potentialAction":[{"@type":"SearchAction","target":{"@type":"EntryPoint","urlTemplate":"https:\/\/www.manaus.am.gov.br\/semasc\/?s={search_term_string}"},"query-input":"required name=search_term_string"}],"inLanguage":"pt-BR"},{"@type":"Organization","@id":"https:\/\/www.manaus.am.gov.br\/semasc\/#organization","name":"Prefeitura de Manaus","alternateName":"Prefeitura Municipal de Manaus","url":"https:\/\/www.manaus.am.gov.br\/semasc\/","logo":{"@type":"ImageObject","inLanguage":"pt-BR","@id":"https:\/\/www.manaus.am.gov.br\/semasc\/#\/schema\/logo\/image\/","url":"https:\/\/www.manaus.am.gov.br\/semasc\/wp-content\/uploads\/sites\/17\/2024\/07\/favicon.png","contentUrl":"https:\/\/www.manaus.am.gov.br\/semasc\/wp-content\/uploads\/sites\/17\/2024\/07\/favicon.png","width":300,"height":300,"caption":"Prefeitura de Manaus"},"image":{"@id":"https:\/\/www.manaus.am.gov.br\/semasc\/#\/schema\/logo\/image\/"},"sameAs":["https:\/\/www.facebook.com\/semascmanaus","https:\/\/www.instagram.com\/semascmanaus\/"]},{"@type":"Person","@id":"https:\/\/www.manaus.am.gov.br\/semasc\/#\/schema\/person\/05d223aea2bf115f9883a6ff3683d81b","name":"Bruna Greco","image":{"@type":"ImageObject","inLanguage":"pt-BR","@id":"https:\/\/www.manaus.am.gov.br\/semasc\/#\/schema\/person\/image\/","url":"https:\/\/secure.gravatar.com\/avatar\/9c877d1a6adc2a055330e5c09a8653ce?s=96&d=mm&r=g","contentUrl":"https:\/\/secure.gravatar.com\/avatar\/9c877d1a6adc2a055330e5c09a8653ce?s=96&d=mm&r=g","caption":"Bruna Greco"}}]}},"_links":{"self":[{"href":"https:\/\/www.manaus.am.gov.br\/semasc\/wp-json\/wp\/v2\/posts\/209192"}],"collection":[{"href":"https:\/\/www.manaus.am.gov.br\/semasc\/wp-json\/wp\/v2\/posts"}],"about":[{"href":"https:\/\/www.manaus.am.gov.br\/semasc\/wp-json\/wp\/v2\/types\/post"}],"author":[{"embeddable":true,"href":"https:\/\/www.manaus.am.gov.br\/semasc\/wp-json\/wp\/v2\/users\/39"}],"replies":[{"embeddable":true,"href":"https:\/\/www.manaus.am.gov.br\/semasc\/wp-json\/wp\/v2\/comments?post=209192"}],"version-history":[{"count":1,"href":"https:\/\/www.manaus.am.gov.br\/semasc\/wp-json\/wp\/v2\/posts\/209192\/revisions"}],"predecessor-version":[{"id":209195,"href":"https:\/\/www.manaus.am.gov.br\/semasc\/wp-json\/wp\/v2\/posts\/209192\/revisions\/209195"}],"wp:featuredmedia":[{"embeddable":true,"href":"https:\/\/www.manaus.am.gov.br\/semasc\/wp-json\/wp\/v2\/media\/209194"}],"wp:attachment":[{"href":"https:\/\/www.manaus.am.gov.br\/semasc\/wp-json\/wp\/v2\/media?parent=209192"}],"wp:term":[{"taxonomy":"category","embeddable":true,"href":"https:\/\/www.manaus.am.gov.br\/semasc\/wp-json\/wp\/v2\/categories?post=209192"},{"taxonomy":"post_tag","embeddable":true,"href":"https:\/\/www.manaus.am.gov.br\/semasc\/wp-json\/wp\/v2\/tags?post=209192"}],"curies":[{"name":"wp","href":"https:\/\/api.w.org\/{rel}","templated":true}]}}