{"id":209189,"date":"2020-05-05T18:05:17","date_gmt":"2020-05-05T22:05:17","guid":{"rendered":"https:\/\/www.manaus.am.gov.br\/semasc\/semasc-abre-inscricoes-para-contratacao-emergencial\/"},"modified":"2023-11-17T18:15:06","modified_gmt":"2023-11-17T22:15:06","slug":"semasc-abre-inscricoes-para-contratacao-emergencial","status":"publish","type":"post","link":"https:\/\/www.manaus.am.gov.br\/semasc\/semasc-abre-inscricoes-para-contratacao-emergencial\/","title":{"rendered":"Semasc abre inscri\u00e7\u00f5es para contrata\u00e7\u00e3o emergencial"},"content":{"rendered":"\n<p><span style=\"font-family: 'Verdana','sans-serif'; color: black;\">A <a href=\"https:\/\/www.manaus.am.gov.br\/\">Prefeitura de Manaus<\/a>, por interm\u00e9dio da Secretaria Municipal da Mulher, Assist\u00eancia Social e Cidadania (Semasc), est\u00e1 com inscri\u00e7\u00f5es abertas para contrata\u00e7\u00e3o emergencial e tempor\u00e1ria de recursos humanos, por meio do edital de credenciamento, publicado na edi\u00e7\u00e3o n\u00ba 4.831, do Di\u00e1rio Oficial do Munic\u00edpio (DOM), na segunda-feira, 4\/5.<\/span><\/p>\n\n\n\n<p><span style=\"font-family: 'Verdana','sans-serif'; color: black;\">O edital prev\u00ea dura\u00e7\u00e3o m\u00ednima de seis meses para o desenvolvimento das fun\u00e7\u00f5es, podendo ser prorrogada enquanto perdurar a pandemia de Covid-19, desde que n\u00e3o exceda dois anos. O objetivo \u00e9 atender as necessidades dos servi\u00e7os de acolhimento de imigrantes ind\u00edgenas warao, atuando em escutas qualificadas, encaminhamentos, orienta\u00e7\u00f5es, atendimentos e acompanhamentos necess\u00e1rios nos espa\u00e7os.<\/span><\/p>\n\n\n\n<p><span style=\"font-family: 'Verdana','sans-serif'; color: black;\">\u201cN\u00f3s estamos seguindo as orienta\u00e7\u00f5es do prefeito Arthur Neto, de buscar recursos humanos para aumentar o contingente de servidores, permitindo que as atividades continuem em meio \u00e0 pandemia\u201d, informa a titular da Semasc, Concei\u00e7\u00e3o Sampaio.<\/span><\/p>\n\n\n\n<p><b><span style=\"font-family: 'Verdana','sans-serif'; color: black;\">Vagas<\/span><\/b><\/p>\n\n\n\n<p><span style=\"font-family: 'Verdana','sans-serif'; color: black;\">Para fun\u00e7\u00f5es de n\u00edvel superior est\u00e3o sendo oferecidas as seguintes vagas: (8) t\u00e9cnicos de servi\u00e7o social, (4) t\u00e9cnicos de psicologia, (2) coordenadores de equipamentos sociais ou casas de acolhimento. Um dos requisitos \u00e9 ter espanhol fluente.<\/span><\/p>\n\n\n\n<p><span style=\"font-family: 'Verdana','sans-serif'; color: black;\">Para o n\u00edvel m\u00e9dio s\u00e3o oferecidas as seguintes vagas: (12) cuidadores sociais, (2) assistentes administrativos. As vagas de n\u00edvel m\u00e9dio tamb\u00e9m exigem espanhol fluente dos candidatos.<\/span><\/p>\n\n\n\n<p><span style=\"font-family: 'Verdana','sans-serif'; color: black;\">Todas as fun\u00e7\u00f5es ter\u00e3o forma\u00e7\u00e3o de cadastro reserva e exigem comprova\u00e7\u00e3o de documentos espec\u00edficos solicitados no edital.<\/span><\/p>\n\n\n\n<p><span style=\"font-family: 'Verdana','sans-serif'; color: black;\">Os sal\u00e1rios variam de R$ 1.600,00 a R$ 3.500,00 com a carga hor\u00e1ria de 30 horas a 44 horas semanais.<\/span><\/p>\n\n\n\n<p><span style=\"font-family: 'Verdana','sans-serif'; color: black;\">As inscri\u00e7\u00f5es ser\u00e3o examinadas pela comiss\u00e3o de an\u00e1lise e sele\u00e7\u00e3o que consta no certame, e a an\u00e1lise ser\u00e1 feita de acordo com os crit\u00e9rios pontuados no edital.<\/span><\/p>\n\n\n\n<p><b><span style=\"font-family: 'Verdana','sans-serif'; color: black;\">Inscri\u00e7\u00f5es<\/span><\/b><\/p>\n\n\n\n<p><span style=\"font-family: 'Verdana','sans-serif'; color: black;\">As inscri\u00e7\u00f5es s\u00e3o gratuitas e seguem at\u00e9 esta quarta-feira, 6. Os candidatos devem analisar os documentos solicitados conforme a vaga desejada e encaminhar em anexo PDF para o email: <a href=\"mailto:semasc.gabinete@gmail.com\" target=\"_blank\" rel=\"noopener\">semasc.gabinete@gmail.com<\/a>.<\/span><\/p>\n\n\n\n<p><span style=\"font-family: 'Verdana','sans-serif'; color: black;\">Para mais informa\u00e7\u00f5es o candidato deve ler atentamente o regulamento especificado no edital dispon\u00edvel no endere\u00e7o: <a href=\"http:\/\/dom.manaus.am.gov.br\" target=\"_blank\" rel=\"noopener\" data-saferedirecturl=\"https:\/\/www.google.com\/url?q=http:\/\/dom.manaus.am.gov.br&amp;source=gmail&amp;ust=1588798839822000&amp;usg=AFQjCNG5pjDwwdNWUiWGUSmilCxKTeuAZg\">http:\/\/dom.manaus.am.gov.br<\/a><\/span><\/p>\n\n\n\n<p><b><span style=\"font-family: 'Verdana','sans-serif'; color: black;\">Resultado<\/span><\/b><\/p>\n\n\n\n<p><span style=\"font-family: 'Verdana','sans-serif'; color: black;\">O resultado do credenciamento ser\u00e1 publicado at\u00e9 o dia 21\/5, no DOM e nos endere\u00e7os eletr\u00f4nicos do Executivo municipal. A classifica\u00e7\u00e3o ser\u00e1 feita pela soma dos pontos obtidos na an\u00e1lise curricular e experi\u00eancia profissional.<\/span><\/p>\n\n\n\n<p><span style=\"font-family: 'Verdana','sans-serif'; color: black;\">Vale ressaltar, que n\u00e3o ser\u00e3o permitidas as inscri\u00e7\u00f5es de candidatos com idade igual ou superior a 60 anos, ou que estejam no grupo de risco, tais como portadores de doen\u00e7as cr\u00f4nicas e respirat\u00f3rias ou comprometedoras de imunidade.<\/span><\/p>\n\n\n\n<p><span style=\"font-family: 'Verdana','sans-serif'; color: black;\">&#8212; &#8212; &#8212;&nbsp;<\/span><\/p>\n\n\n\n<p><b><span style=\"font-family: 'Verdana','sans-serif'; color: black;\">Texto &#8211;<\/span><\/b><span style=\"font-family: 'Verdana','sans-serif'; color: black;\"> Jordana Santos \/ Semasc<\/span><\/p>\n","protected":false},"excerpt":{"rendered":"","protected":false},"author":8,"featured_media":0,"comment_status":"closed","ping_status":"closed","sticky":false,"template":"","format":"standard","meta":{"footnotes":""},"categories":[599],"tags":[600,601,602,18],"acf":[],"yoast_head":"<!-- This site is optimized with the Yoast SEO plugin v23.0 - https:\/\/yoast.com\/wordpress\/plugins\/seo\/ -->\n<title>Semasc abre inscri\u00e7\u00f5es para contrata\u00e7\u00e3o emergencial<\/title>\n<meta name=\"description\" content=\"Semasc abre inscri\u00e7\u00f5es para contrata\u00e7\u00e3o emergencial, e tempor\u00e1ria de recursos humanos, por meio do edital de credenciamento...\" \/>\n<meta name=\"robots\" content=\"noindex, follow\" \/>\n<meta property=\"og:locale\" content=\"pt_BR\" \/>\n<meta property=\"og:type\" content=\"article\" \/>\n<meta property=\"og:title\" content=\"Semasc abre inscri\u00e7\u00f5es para contrata\u00e7\u00e3o emergencial\" \/>\n<meta property=\"og:description\" content=\"Semasc abre inscri\u00e7\u00f5es para contrata\u00e7\u00e3o emergencial, e tempor\u00e1ria de recursos humanos, por meio do edital de credenciamento...\" \/>\n<meta property=\"og:url\" content=\"https:\/\/www.manaus.am.gov.br\/semasc\/semasc-abre-inscricoes-para-contratacao-emergencial\/\" \/>\n<meta property=\"og:site_name\" content=\"SEMASC\" \/>\n<meta property=\"article:publisher\" content=\"https:\/\/www.facebook.com\/semascmanaus\" \/>\n<meta property=\"article:published_time\" content=\"2020-05-05T22:05:17+00:00\" \/>\n<meta property=\"article:modified_time\" content=\"2023-11-17T22:15:06+00:00\" \/>\n<meta property=\"og:image\" content=\"https:\/\/www.manaus.am.gov.br\/semasc\/wp-content\/uploads\/sites\/17\/2024\/07\/thumb-default-2.png\" \/>\n\t<meta property=\"og:image:width\" content=\"966\" \/>\n\t<meta property=\"og:image:height\" content=\"520\" \/>\n\t<meta property=\"og:image:type\" content=\"image\/png\" \/>\n<meta name=\"author\" content=\"Glauber Farias\" \/>\n<meta name=\"twitter:card\" content=\"summary_large_image\" \/>\n<meta name=\"twitter:label1\" content=\"Written by\" \/>\n\t<meta name=\"twitter:data1\" content=\"Glauber Farias\" \/>\n\t<meta name=\"twitter:label2\" content=\"Est. reading time\" \/>\n\t<meta name=\"twitter:data2\" content=\"3 minutos\" \/>\n<script type=\"application\/ld+json\" class=\"yoast-schema-graph\">{\"@context\":\"https:\/\/schema.org\",\"@graph\":[{\"@type\":\"Article\",\"@id\":\"https:\/\/www.manaus.am.gov.br\/semasc\/semasc-abre-inscricoes-para-contratacao-emergencial\/#article\",\"isPartOf\":{\"@id\":\"https:\/\/www.manaus.am.gov.br\/semasc\/semasc-abre-inscricoes-para-contratacao-emergencial\/\"},\"author\":{\"name\":\"Glauber Farias\",\"@id\":\"https:\/\/www.manaus.am.gov.br\/semasc\/#\/schema\/person\/fe69d2249d78e7a3112d42bc34c44a58\"},\"headline\":\"Semasc abre inscri\u00e7\u00f5es para contrata\u00e7\u00e3o emergencial\",\"datePublished\":\"2020-05-05T22:05:17+00:00\",\"dateModified\":\"2023-11-17T22:15:06+00:00\",\"mainEntityOfPage\":{\"@id\":\"https:\/\/www.manaus.am.gov.br\/semasc\/semasc-abre-inscricoes-para-contratacao-emergencial\/\"},\"wordCount\":455,\"publisher\":{\"@id\":\"https:\/\/www.manaus.am.gov.br\/semasc\/#organization\"},\"keywords\":[\"edital\",\"ind\u00edgenas Warao\",\"novo coronav\u00edrus\",\"Semasc\"],\"articleSection\":[\"Coronav\u00edrus\"],\"inLanguage\":\"pt-BR\"},{\"@type\":\"WebPage\",\"@id\":\"https:\/\/www.manaus.am.gov.br\/semasc\/semasc-abre-inscricoes-para-contratacao-emergencial\/\",\"url\":\"https:\/\/www.manaus.am.gov.br\/semasc\/semasc-abre-inscricoes-para-contratacao-emergencial\/\",\"name\":\"Semasc abre inscri\u00e7\u00f5es para contrata\u00e7\u00e3o emergencial\",\"isPartOf\":{\"@id\":\"https:\/\/www.manaus.am.gov.br\/semasc\/#website\"},\"datePublished\":\"2020-05-05T22:05:17+00:00\",\"dateModified\":\"2023-11-17T22:15:06+00:00\",\"description\":\"Semasc abre inscri\u00e7\u00f5es para contrata\u00e7\u00e3o emergencial, e tempor\u00e1ria de recursos humanos, por meio do edital de credenciamento...\",\"breadcrumb\":{\"@id\":\"https:\/\/www.manaus.am.gov.br\/semasc\/semasc-abre-inscricoes-para-contratacao-emergencial\/#breadcrumb\"},\"inLanguage\":\"pt-BR\",\"potentialAction\":[{\"@type\":\"ReadAction\",\"target\":[\"https:\/\/www.manaus.am.gov.br\/semasc\/semasc-abre-inscricoes-para-contratacao-emergencial\/\"]}]},{\"@type\":\"BreadcrumbList\",\"@id\":\"https:\/\/www.manaus.am.gov.br\/semasc\/semasc-abre-inscricoes-para-contratacao-emergencial\/#breadcrumb\",\"itemListElement\":[{\"@type\":\"ListItem\",\"position\":1,\"name\":\"Home\",\"item\":\"https:\/\/www.manaus.am.gov.br\/semasc\/\"},{\"@type\":\"ListItem\",\"position\":2,\"name\":\"Semasc abre inscri\u00e7\u00f5es para contrata\u00e7\u00e3o emergencial\"}]},{\"@type\":\"WebSite\",\"@id\":\"https:\/\/www.manaus.am.gov.br\/semasc\/#website\",\"url\":\"https:\/\/www.manaus.am.gov.br\/semasc\/\",\"name\":\"SEMASC\",\"description\":\"Secretaria Municipal da Mulher, Assist\u00eancia Social e Cidadania.\",\"publisher\":{\"@id\":\"https:\/\/www.manaus.am.gov.br\/semasc\/#organization\"},\"alternateName\":\"Secretaria Municipal da Mulher, Assist\u00eancia Social e Cidadania\",\"potentialAction\":[{\"@type\":\"SearchAction\",\"target\":{\"@type\":\"EntryPoint\",\"urlTemplate\":\"https:\/\/www.manaus.am.gov.br\/semasc\/?s={search_term_string}\"},\"query-input\":\"required name=search_term_string\"}],\"inLanguage\":\"pt-BR\"},{\"@type\":\"Organization\",\"@id\":\"https:\/\/www.manaus.am.gov.br\/semasc\/#organization\",\"name\":\"Prefeitura de Manaus\",\"alternateName\":\"Prefeitura Municipal de Manaus\",\"url\":\"https:\/\/www.manaus.am.gov.br\/semasc\/\",\"logo\":{\"@type\":\"ImageObject\",\"inLanguage\":\"pt-BR\",\"@id\":\"https:\/\/www.manaus.am.gov.br\/semasc\/#\/schema\/logo\/image\/\",\"url\":\"https:\/\/www.manaus.am.gov.br\/semasc\/wp-content\/uploads\/sites\/17\/2024\/07\/favicon.png\",\"contentUrl\":\"https:\/\/www.manaus.am.gov.br\/semasc\/wp-content\/uploads\/sites\/17\/2024\/07\/favicon.png\",\"width\":300,\"height\":300,\"caption\":\"Prefeitura de Manaus\"},\"image\":{\"@id\":\"https:\/\/www.manaus.am.gov.br\/semasc\/#\/schema\/logo\/image\/\"},\"sameAs\":[\"https:\/\/www.facebook.com\/semascmanaus\",\"https:\/\/www.instagram.com\/semascmanaus\/\"]},{\"@type\":\"Person\",\"@id\":\"https:\/\/www.manaus.am.gov.br\/semasc\/#\/schema\/person\/fe69d2249d78e7a3112d42bc34c44a58\",\"name\":\"Glauber Farias\",\"image\":{\"@type\":\"ImageObject\",\"inLanguage\":\"pt-BR\",\"@id\":\"https:\/\/www.manaus.am.gov.br\/semasc\/#\/schema\/person\/image\/\",\"url\":\"https:\/\/secure.gravatar.com\/avatar\/eb33200ffd19538372f635b2165531c0?s=96&d=mm&r=g\",\"contentUrl\":\"https:\/\/secure.gravatar.com\/avatar\/eb33200ffd19538372f635b2165531c0?s=96&d=mm&r=g\",\"caption\":\"Glauber Farias\"}}]}<\/script>\n<!-- \/ Yoast SEO plugin. -->","yoast_head_json":{"title":"Semasc abre inscri\u00e7\u00f5es para contrata\u00e7\u00e3o emergencial","description":"Semasc abre inscri\u00e7\u00f5es para contrata\u00e7\u00e3o emergencial, e tempor\u00e1ria de recursos humanos, por meio do edital de credenciamento...","robots":{"index":"noindex","follow":"follow"},"og_locale":"pt_BR","og_type":"article","og_title":"Semasc abre inscri\u00e7\u00f5es para contrata\u00e7\u00e3o emergencial","og_description":"Semasc abre inscri\u00e7\u00f5es para contrata\u00e7\u00e3o emergencial, e tempor\u00e1ria de recursos humanos, por meio do edital de credenciamento...","og_url":"https:\/\/www.manaus.am.gov.br\/semasc\/semasc-abre-inscricoes-para-contratacao-emergencial\/","og_site_name":"SEMASC","article_publisher":"https:\/\/www.facebook.com\/semascmanaus","article_published_time":"2020-05-05T22:05:17+00:00","article_modified_time":"2023-11-17T22:15:06+00:00","og_image":[{"width":966,"height":520,"url":"https:\/\/www.manaus.am.gov.br\/semasc\/wp-content\/uploads\/sites\/17\/2024\/07\/thumb-default-2.png","type":"image\/png"}],"author":"Glauber Farias","twitter_card":"summary_large_image","twitter_misc":{"Written by":"Glauber Farias","Est. reading time":"3 minutos"},"schema":{"@context":"https:\/\/schema.org","@graph":[{"@type":"Article","@id":"https:\/\/www.manaus.am.gov.br\/semasc\/semasc-abre-inscricoes-para-contratacao-emergencial\/#article","isPartOf":{"@id":"https:\/\/www.manaus.am.gov.br\/semasc\/semasc-abre-inscricoes-para-contratacao-emergencial\/"},"author":{"name":"Glauber Farias","@id":"https:\/\/www.manaus.am.gov.br\/semasc\/#\/schema\/person\/fe69d2249d78e7a3112d42bc34c44a58"},"headline":"Semasc abre inscri\u00e7\u00f5es para contrata\u00e7\u00e3o emergencial","datePublished":"2020-05-05T22:05:17+00:00","dateModified":"2023-11-17T22:15:06+00:00","mainEntityOfPage":{"@id":"https:\/\/www.manaus.am.gov.br\/semasc\/semasc-abre-inscricoes-para-contratacao-emergencial\/"},"wordCount":455,"publisher":{"@id":"https:\/\/www.manaus.am.gov.br\/semasc\/#organization"},"keywords":["edital","ind\u00edgenas Warao","novo coronav\u00edrus","Semasc"],"articleSection":["Coronav\u00edrus"],"inLanguage":"pt-BR"},{"@type":"WebPage","@id":"https:\/\/www.manaus.am.gov.br\/semasc\/semasc-abre-inscricoes-para-contratacao-emergencial\/","url":"https:\/\/www.manaus.am.gov.br\/semasc\/semasc-abre-inscricoes-para-contratacao-emergencial\/","name":"Semasc abre inscri\u00e7\u00f5es para contrata\u00e7\u00e3o emergencial","isPartOf":{"@id":"https:\/\/www.manaus.am.gov.br\/semasc\/#website"},"datePublished":"2020-05-05T22:05:17+00:00","dateModified":"2023-11-17T22:15:06+00:00","description":"Semasc abre inscri\u00e7\u00f5es para contrata\u00e7\u00e3o emergencial, e tempor\u00e1ria de recursos humanos, por meio do edital de credenciamento...","breadcrumb":{"@id":"https:\/\/www.manaus.am.gov.br\/semasc\/semasc-abre-inscricoes-para-contratacao-emergencial\/#breadcrumb"},"inLanguage":"pt-BR","potentialAction":[{"@type":"ReadAction","target":["https:\/\/www.manaus.am.gov.br\/semasc\/semasc-abre-inscricoes-para-contratacao-emergencial\/"]}]},{"@type":"BreadcrumbList","@id":"https:\/\/www.manaus.am.gov.br\/semasc\/semasc-abre-inscricoes-para-contratacao-emergencial\/#breadcrumb","itemListElement":[{"@type":"ListItem","position":1,"name":"Home","item":"https:\/\/www.manaus.am.gov.br\/semasc\/"},{"@type":"ListItem","position":2,"name":"Semasc abre inscri\u00e7\u00f5es para contrata\u00e7\u00e3o emergencial"}]},{"@type":"WebSite","@id":"https:\/\/www.manaus.am.gov.br\/semasc\/#website","url":"https:\/\/www.manaus.am.gov.br\/semasc\/","name":"SEMASC","description":"Secretaria Municipal da Mulher, Assist\u00eancia Social e Cidadania.","publisher":{"@id":"https:\/\/www.manaus.am.gov.br\/semasc\/#organization"},"alternateName":"Secretaria Municipal da Mulher, Assist\u00eancia Social e Cidadania","potentialAction":[{"@type":"SearchAction","target":{"@type":"EntryPoint","urlTemplate":"https:\/\/www.manaus.am.gov.br\/semasc\/?s={search_term_string}"},"query-input":"required name=search_term_string"}],"inLanguage":"pt-BR"},{"@type":"Organization","@id":"https:\/\/www.manaus.am.gov.br\/semasc\/#organization","name":"Prefeitura de Manaus","alternateName":"Prefeitura Municipal de Manaus","url":"https:\/\/www.manaus.am.gov.br\/semasc\/","logo":{"@type":"ImageObject","inLanguage":"pt-BR","@id":"https:\/\/www.manaus.am.gov.br\/semasc\/#\/schema\/logo\/image\/","url":"https:\/\/www.manaus.am.gov.br\/semasc\/wp-content\/uploads\/sites\/17\/2024\/07\/favicon.png","contentUrl":"https:\/\/www.manaus.am.gov.br\/semasc\/wp-content\/uploads\/sites\/17\/2024\/07\/favicon.png","width":300,"height":300,"caption":"Prefeitura de Manaus"},"image":{"@id":"https:\/\/www.manaus.am.gov.br\/semasc\/#\/schema\/logo\/image\/"},"sameAs":["https:\/\/www.facebook.com\/semascmanaus","https:\/\/www.instagram.com\/semascmanaus\/"]},{"@type":"Person","@id":"https:\/\/www.manaus.am.gov.br\/semasc\/#\/schema\/person\/fe69d2249d78e7a3112d42bc34c44a58","name":"Glauber Farias","image":{"@type":"ImageObject","inLanguage":"pt-BR","@id":"https:\/\/www.manaus.am.gov.br\/semasc\/#\/schema\/person\/image\/","url":"https:\/\/secure.gravatar.com\/avatar\/eb33200ffd19538372f635b2165531c0?s=96&d=mm&r=g","contentUrl":"https:\/\/secure.gravatar.com\/avatar\/eb33200ffd19538372f635b2165531c0?s=96&d=mm&r=g","caption":"Glauber Farias"}}]}},"_links":{"self":[{"href":"https:\/\/www.manaus.am.gov.br\/semasc\/wp-json\/wp\/v2\/posts\/209189"}],"collection":[{"href":"https:\/\/www.manaus.am.gov.br\/semasc\/wp-json\/wp\/v2\/posts"}],"about":[{"href":"https:\/\/www.manaus.am.gov.br\/semasc\/wp-json\/wp\/v2\/types\/post"}],"author":[{"embeddable":true,"href":"https:\/\/www.manaus.am.gov.br\/semasc\/wp-json\/wp\/v2\/users\/8"}],"replies":[{"embeddable":true,"href":"https:\/\/www.manaus.am.gov.br\/semasc\/wp-json\/wp\/v2\/comments?post=209189"}],"version-history":[{"count":1,"href":"https:\/\/www.manaus.am.gov.br\/semasc\/wp-json\/wp\/v2\/posts\/209189\/revisions"}],"predecessor-version":[{"id":209206,"href":"https:\/\/www.manaus.am.gov.br\/semasc\/wp-json\/wp\/v2\/posts\/209189\/revisions\/209206"}],"wp:attachment":[{"href":"https:\/\/www.manaus.am.gov.br\/semasc\/wp-json\/wp\/v2\/media?parent=209189"}],"wp:term":[{"taxonomy":"category","embeddable":true,"href":"https:\/\/www.manaus.am.gov.br\/semasc\/wp-json\/wp\/v2\/categories?post=209189"},{"taxonomy":"post_tag","embeddable":true,"href":"https:\/\/www.manaus.am.gov.br\/semasc\/wp-json\/wp\/v2\/tags?post=209189"}],"curies":[{"name":"wp","href":"https:\/\/api.w.org\/{rel}","templated":true}]}}