{"id":209188,"date":"2021-02-01T16:33:32","date_gmt":"2021-02-01T20:33:32","guid":{"rendered":"https:\/\/www.manaus.am.gov.br\/semasc\/semasc-adota-teletrabalho-em-prevencao-a-covid-19\/"},"modified":"2023-11-17T18:10:23","modified_gmt":"2023-11-17T22:10:23","slug":"semasc-adota-teletrabalho-em-prevencao-a-covid-19","status":"publish","type":"post","link":"https:\/\/www.manaus.am.gov.br\/semasc\/semasc-adota-teletrabalho-em-prevencao-a-covid-19\/","title":{"rendered":"Semasc adota teletrabalho em preven\u00e7\u00e3o \u00e0 Covid-19"},"content":{"rendered":"\n<p>Com a publica\u00e7\u00e3o da portaria n\u00ba&nbsp;014\/2021, na edi\u00e7\u00e3o n\u00ba&nbsp;5.020, do Di\u00e1rio Oficial do Munic\u00edpio (DOM), na \u00faltima sexta-feira, 29\/1, a Prefeitura de Manaus, por meio da Secretaria Municipal da Mulher, Assist\u00eancia Social e Cidadania (Semasc), instituiu por 15 dias, o regime de teletrabalho para os servidores da pasta, al\u00e9m de manter suspenso os atendimentos presenciais, participa\u00e7\u00e3o de funcion\u00e1rios em eventos, cursos, reuni\u00f5es ou eventos coletivos e treinamentos pelo mesmo per\u00edodo.<\/p>\n\n\n<div class=\"wp-block-image\">\n<figure class=\"aligncenter\"><img decoding=\"async\" src=\"https:\/\/www.manaus.am.gov.br\/wp-content\/uploads\/2021\/01\/notica-novo-720x407.png\" alt=\"Semasc adota teletrabalho em preven\u00e7\u00e3o \u00e0 Covid-19\" class=\"wp-image-128692\"\/><\/figure><\/div>\n\n\n<p class=\"has-text-align-center\"><\/p>\n\n\n\n<p>Conforme a portaria, as atividades essenciais, quando imprescind\u00edveis para o funcionamento m\u00ednimo e a garantia da continuidade do servi\u00e7o p\u00fablico, dever\u00e3o ser exercidas de 8h \u00e0s 16h, podendo ser utilizado o sistema de revezamento entre servidores, excetuando-se do revezamento os servidores acima dos 60 anos. Os departamentos cujas atividades n\u00e3o podem sofrer paralisa\u00e7\u00e3o ou interrup\u00e7\u00e3o, continuar\u00e3o funcionando normalmente.<\/p>\n\n\n\n<p>A portaria prorroga o regime de teletrabalho, por igual per\u00edodo, aos servidores que atuam nos Centros de Refer\u00eancia em Assist\u00eancia Social (Cras), Centros de Refer\u00eancia Especializada em Assist\u00eancia Social (Creas) e o Espa\u00e7o de Atendimento Multidisciplinar ao Autista \u201cAmigo Ruy\u201d (Eamaar). N\u00e3o est\u00e3o suspensas as atividades voltadas ao atendimento \u00e0 concess\u00e3o de benef\u00edcios eventuais por vulnerabilidade tempor\u00e1ria, determina\u00e7\u00f5es judiciais ou situa\u00e7\u00f5es emergenciais que demandem a\u00e7\u00e3o imediata desses equipamentos.<\/p>\n\n\n\n<p>\u201cEstamos instituindo o teletrabalho diante da alta de casos de contamina\u00e7\u00e3o e de \u00f3bitos, pelo novo coronav\u00edrus. A Semasc \u00e9 considerada secretaria de servi\u00e7o essencial, por essa raz\u00e3o os equipamentos est\u00e3o de forma remota, com o objetivo de n\u00e3o expor o usu\u00e1rio e nem o servidor, considerando o decreto estadual de restri\u00e7\u00e3o de circula\u00e7\u00e3o da popula\u00e7\u00e3o do munic\u00edpio. Cozinhas comunit\u00e1rias e SOS Funeral continuar\u00e3o desenvolvendo suas atividades normalmente\u201d, informou a titular da Semasc, Jane Mara Moraes.<\/p>\n\n\n\n<p><strong>Continuidade<\/strong><\/p>\n\n\n\n<p>Ainda segundo Jane Mara, a portaria n\u00e3o vai atrasar o cronograma do Aux\u00edlio Manauara, que vai beneficiar 40 mil fam\u00edlias com o repasse de R$ 200 por seis meses, podendo ser prorrogado por mais seis meses, caso permane\u00e7a a situa\u00e7\u00e3o de pandemia.<\/p>\n\n\n\n<p>\u201cEsta semana n\u00f3s iremos lan\u00e7ar o aplicativo para inscri\u00e7\u00e3o das fam\u00edlias. Vamos lan\u00e7ar tamb\u00e9m um n\u00famero telef\u00f4nico, para tirar d\u00favidas e orientar aquelas pessoas que tenham dificuldades em acessar a plataforma. A previs\u00e3o \u00e9 que na segunda quinzena de fevereiro come\u00e7aremos a fazer os pagamentos, conforme determinou o prefeito David Almeida\u201d, concluiu Jane Mara.<\/p>\n\n\n\n<p>&#8212; &#8212; &#8212;<\/p>\n\n\n\n<p><strong>Texto &#8211;<\/strong> Leonardo Fierro\/ Semasc<\/p>\n","protected":false},"excerpt":{"rendered":"","protected":false},"author":8,"featured_media":0,"comment_status":"closed","ping_status":"closed","sticky":false,"template":"","format":"standard","meta":{"footnotes":""},"categories":[34],"tags":[570,597,598,18,589],"acf":[],"yoast_head":"<!-- This site is optimized with the Yoast SEO plugin v23.0 - https:\/\/yoast.com\/wordpress\/plugins\/seo\/ -->\n<title>Semasc adota teletrabalho em preven\u00e7\u00e3o \u00e0 Covid-19<\/title>\n<meta name=\"description\" content=\"Semasc adota teletrabalho em preven\u00e7\u00e3o \u00e0 Covid-19, conforme a portaria n\u00ba 014\/2021, na edi\u00e7\u00e3o n\u00ba 5.020, do Di\u00e1rio Oficial...\" \/>\n<meta name=\"robots\" content=\"noindex, follow\" \/>\n<meta property=\"og:locale\" content=\"pt_BR\" \/>\n<meta property=\"og:type\" content=\"article\" \/>\n<meta property=\"og:title\" content=\"Semasc adota teletrabalho em preven\u00e7\u00e3o \u00e0 Covid-19\" \/>\n<meta property=\"og:description\" content=\"Semasc adota teletrabalho em preven\u00e7\u00e3o \u00e0 Covid-19, conforme a portaria n\u00ba 014\/2021, na edi\u00e7\u00e3o n\u00ba 5.020, do Di\u00e1rio Oficial...\" \/>\n<meta property=\"og:url\" content=\"https:\/\/www.manaus.am.gov.br\/semasc\/semasc-adota-teletrabalho-em-prevencao-a-covid-19\/\" \/>\n<meta property=\"og:site_name\" content=\"SEMASC\" \/>\n<meta property=\"article:publisher\" content=\"https:\/\/www.facebook.com\/semascmanaus\" \/>\n<meta property=\"article:published_time\" content=\"2021-02-01T20:33:32+00:00\" \/>\n<meta property=\"article:modified_time\" content=\"2023-11-17T22:10:23+00:00\" \/>\n<meta property=\"og:image\" content=\"https:\/\/www.manaus.am.gov.br\/wp-content\/uploads\/2021\/01\/notica-novo-720x407.png\" \/>\n<meta name=\"author\" content=\"Glauber Farias\" \/>\n<meta name=\"twitter:card\" content=\"summary_large_image\" \/>\n<meta name=\"twitter:label1\" content=\"Written by\" \/>\n\t<meta name=\"twitter:data1\" content=\"Glauber Farias\" \/>\n\t<meta name=\"twitter:label2\" content=\"Est. reading time\" \/>\n\t<meta name=\"twitter:data2\" content=\"3 minutos\" \/>\n<script type=\"application\/ld+json\" class=\"yoast-schema-graph\">{\"@context\":\"https:\/\/schema.org\",\"@graph\":[{\"@type\":\"Article\",\"@id\":\"https:\/\/www.manaus.am.gov.br\/semasc\/semasc-adota-teletrabalho-em-prevencao-a-covid-19\/#article\",\"isPartOf\":{\"@id\":\"https:\/\/www.manaus.am.gov.br\/semasc\/semasc-adota-teletrabalho-em-prevencao-a-covid-19\/\"},\"author\":{\"name\":\"Glauber Farias\",\"@id\":\"https:\/\/www.manaus.am.gov.br\/semasc\/#\/schema\/person\/fe69d2249d78e7a3112d42bc34c44a58\"},\"headline\":\"Semasc adota teletrabalho em preven\u00e7\u00e3o \u00e0 Covid-19\",\"datePublished\":\"2021-02-01T20:33:32+00:00\",\"dateModified\":\"2023-11-17T22:10:23+00:00\",\"mainEntityOfPage\":{\"@id\":\"https:\/\/www.manaus.am.gov.br\/semasc\/semasc-adota-teletrabalho-em-prevencao-a-covid-19\/\"},\"wordCount\":440,\"publisher\":{\"@id\":\"https:\/\/www.manaus.am.gov.br\/semasc\/#organization\"},\"image\":{\"@id\":\"https:\/\/www.manaus.am.gov.br\/semasc\/semasc-adota-teletrabalho-em-prevencao-a-covid-19\/#primaryimage\"},\"thumbnailUrl\":\"https:\/\/www.manaus.am.gov.br\/wp-content\/uploads\/2021\/01\/notica-novo-720x407.png\",\"keywords\":[\"Covid-19\",\"Portaria n\u00ba 014\/2021\",\"Programa Aux\u00edlio Manauara\",\"Semasc\",\"Teletrabalho\"],\"articleSection\":[\"Assist\u00eancia Social\"],\"inLanguage\":\"pt-BR\"},{\"@type\":\"WebPage\",\"@id\":\"https:\/\/www.manaus.am.gov.br\/semasc\/semasc-adota-teletrabalho-em-prevencao-a-covid-19\/\",\"url\":\"https:\/\/www.manaus.am.gov.br\/semasc\/semasc-adota-teletrabalho-em-prevencao-a-covid-19\/\",\"name\":\"Semasc adota teletrabalho em preven\u00e7\u00e3o \u00e0 Covid-19\",\"isPartOf\":{\"@id\":\"https:\/\/www.manaus.am.gov.br\/semasc\/#website\"},\"primaryImageOfPage\":{\"@id\":\"https:\/\/www.manaus.am.gov.br\/semasc\/semasc-adota-teletrabalho-em-prevencao-a-covid-19\/#primaryimage\"},\"image\":{\"@id\":\"https:\/\/www.manaus.am.gov.br\/semasc\/semasc-adota-teletrabalho-em-prevencao-a-covid-19\/#primaryimage\"},\"thumbnailUrl\":\"https:\/\/www.manaus.am.gov.br\/wp-content\/uploads\/2021\/01\/notica-novo-720x407.png\",\"datePublished\":\"2021-02-01T20:33:32+00:00\",\"dateModified\":\"2023-11-17T22:10:23+00:00\",\"description\":\"Semasc adota teletrabalho em preven\u00e7\u00e3o \u00e0 Covid-19, conforme a portaria n\u00ba 014\/2021, na edi\u00e7\u00e3o n\u00ba 5.020, do Di\u00e1rio Oficial...\",\"breadcrumb\":{\"@id\":\"https:\/\/www.manaus.am.gov.br\/semasc\/semasc-adota-teletrabalho-em-prevencao-a-covid-19\/#breadcrumb\"},\"inLanguage\":\"pt-BR\",\"potentialAction\":[{\"@type\":\"ReadAction\",\"target\":[\"https:\/\/www.manaus.am.gov.br\/semasc\/semasc-adota-teletrabalho-em-prevencao-a-covid-19\/\"]}]},{\"@type\":\"ImageObject\",\"inLanguage\":\"pt-BR\",\"@id\":\"https:\/\/www.manaus.am.gov.br\/semasc\/semasc-adota-teletrabalho-em-prevencao-a-covid-19\/#primaryimage\",\"url\":\"https:\/\/www.manaus.am.gov.br\/wp-content\/uploads\/2021\/01\/notica-novo-720x407.png\",\"contentUrl\":\"https:\/\/www.manaus.am.gov.br\/wp-content\/uploads\/2021\/01\/notica-novo-720x407.png\"},{\"@type\":\"BreadcrumbList\",\"@id\":\"https:\/\/www.manaus.am.gov.br\/semasc\/semasc-adota-teletrabalho-em-prevencao-a-covid-19\/#breadcrumb\",\"itemListElement\":[{\"@type\":\"ListItem\",\"position\":1,\"name\":\"Home\",\"item\":\"https:\/\/www.manaus.am.gov.br\/semasc\/\"},{\"@type\":\"ListItem\",\"position\":2,\"name\":\"Semasc adota teletrabalho em preven\u00e7\u00e3o \u00e0 Covid-19\"}]},{\"@type\":\"WebSite\",\"@id\":\"https:\/\/www.manaus.am.gov.br\/semasc\/#website\",\"url\":\"https:\/\/www.manaus.am.gov.br\/semasc\/\",\"name\":\"SEMASC\",\"description\":\"Secretaria Municipal da Mulher, Assist\u00eancia Social e Cidadania.\",\"publisher\":{\"@id\":\"https:\/\/www.manaus.am.gov.br\/semasc\/#organization\"},\"alternateName\":\"Secretaria Municipal da Mulher, Assist\u00eancia Social e Cidadania\",\"potentialAction\":[{\"@type\":\"SearchAction\",\"target\":{\"@type\":\"EntryPoint\",\"urlTemplate\":\"https:\/\/www.manaus.am.gov.br\/semasc\/?s={search_term_string}\"},\"query-input\":\"required name=search_term_string\"}],\"inLanguage\":\"pt-BR\"},{\"@type\":\"Organization\",\"@id\":\"https:\/\/www.manaus.am.gov.br\/semasc\/#organization\",\"name\":\"Prefeitura de Manaus\",\"alternateName\":\"Prefeitura Municipal de Manaus\",\"url\":\"https:\/\/www.manaus.am.gov.br\/semasc\/\",\"logo\":{\"@type\":\"ImageObject\",\"inLanguage\":\"pt-BR\",\"@id\":\"https:\/\/www.manaus.am.gov.br\/semasc\/#\/schema\/logo\/image\/\",\"url\":\"https:\/\/www.manaus.am.gov.br\/semasc\/wp-content\/uploads\/sites\/17\/2024\/07\/favicon.png\",\"contentUrl\":\"https:\/\/www.manaus.am.gov.br\/semasc\/wp-content\/uploads\/sites\/17\/2024\/07\/favicon.png\",\"width\":300,\"height\":300,\"caption\":\"Prefeitura de Manaus\"},\"image\":{\"@id\":\"https:\/\/www.manaus.am.gov.br\/semasc\/#\/schema\/logo\/image\/\"},\"sameAs\":[\"https:\/\/www.facebook.com\/semascmanaus\",\"https:\/\/www.instagram.com\/semascmanaus\/\"]},{\"@type\":\"Person\",\"@id\":\"https:\/\/www.manaus.am.gov.br\/semasc\/#\/schema\/person\/fe69d2249d78e7a3112d42bc34c44a58\",\"name\":\"Glauber Farias\",\"image\":{\"@type\":\"ImageObject\",\"inLanguage\":\"pt-BR\",\"@id\":\"https:\/\/www.manaus.am.gov.br\/semasc\/#\/schema\/person\/image\/\",\"url\":\"https:\/\/secure.gravatar.com\/avatar\/eb33200ffd19538372f635b2165531c0?s=96&d=mm&r=g\",\"contentUrl\":\"https:\/\/secure.gravatar.com\/avatar\/eb33200ffd19538372f635b2165531c0?s=96&d=mm&r=g\",\"caption\":\"Glauber Farias\"}}]}<\/script>\n<!-- \/ Yoast SEO plugin. -->","yoast_head_json":{"title":"Semasc adota teletrabalho em preven\u00e7\u00e3o \u00e0 Covid-19","description":"Semasc adota teletrabalho em preven\u00e7\u00e3o \u00e0 Covid-19, conforme a portaria n\u00ba 014\/2021, na edi\u00e7\u00e3o n\u00ba 5.020, do Di\u00e1rio Oficial...","robots":{"index":"noindex","follow":"follow"},"og_locale":"pt_BR","og_type":"article","og_title":"Semasc adota teletrabalho em preven\u00e7\u00e3o \u00e0 Covid-19","og_description":"Semasc adota teletrabalho em preven\u00e7\u00e3o \u00e0 Covid-19, conforme a portaria n\u00ba 014\/2021, na edi\u00e7\u00e3o n\u00ba 5.020, do Di\u00e1rio Oficial...","og_url":"https:\/\/www.manaus.am.gov.br\/semasc\/semasc-adota-teletrabalho-em-prevencao-a-covid-19\/","og_site_name":"SEMASC","article_publisher":"https:\/\/www.facebook.com\/semascmanaus","article_published_time":"2021-02-01T20:33:32+00:00","article_modified_time":"2023-11-17T22:10:23+00:00","og_image":[{"url":"https:\/\/www.manaus.am.gov.br\/wp-content\/uploads\/2021\/01\/notica-novo-720x407.png"}],"author":"Glauber Farias","twitter_card":"summary_large_image","twitter_misc":{"Written by":"Glauber Farias","Est. reading time":"3 minutos"},"schema":{"@context":"https:\/\/schema.org","@graph":[{"@type":"Article","@id":"https:\/\/www.manaus.am.gov.br\/semasc\/semasc-adota-teletrabalho-em-prevencao-a-covid-19\/#article","isPartOf":{"@id":"https:\/\/www.manaus.am.gov.br\/semasc\/semasc-adota-teletrabalho-em-prevencao-a-covid-19\/"},"author":{"name":"Glauber Farias","@id":"https:\/\/www.manaus.am.gov.br\/semasc\/#\/schema\/person\/fe69d2249d78e7a3112d42bc34c44a58"},"headline":"Semasc adota teletrabalho em preven\u00e7\u00e3o \u00e0 Covid-19","datePublished":"2021-02-01T20:33:32+00:00","dateModified":"2023-11-17T22:10:23+00:00","mainEntityOfPage":{"@id":"https:\/\/www.manaus.am.gov.br\/semasc\/semasc-adota-teletrabalho-em-prevencao-a-covid-19\/"},"wordCount":440,"publisher":{"@id":"https:\/\/www.manaus.am.gov.br\/semasc\/#organization"},"image":{"@id":"https:\/\/www.manaus.am.gov.br\/semasc\/semasc-adota-teletrabalho-em-prevencao-a-covid-19\/#primaryimage"},"thumbnailUrl":"https:\/\/www.manaus.am.gov.br\/wp-content\/uploads\/2021\/01\/notica-novo-720x407.png","keywords":["Covid-19","Portaria n\u00ba 014\/2021","Programa Aux\u00edlio Manauara","Semasc","Teletrabalho"],"articleSection":["Assist\u00eancia Social"],"inLanguage":"pt-BR"},{"@type":"WebPage","@id":"https:\/\/www.manaus.am.gov.br\/semasc\/semasc-adota-teletrabalho-em-prevencao-a-covid-19\/","url":"https:\/\/www.manaus.am.gov.br\/semasc\/semasc-adota-teletrabalho-em-prevencao-a-covid-19\/","name":"Semasc adota teletrabalho em preven\u00e7\u00e3o \u00e0 Covid-19","isPartOf":{"@id":"https:\/\/www.manaus.am.gov.br\/semasc\/#website"},"primaryImageOfPage":{"@id":"https:\/\/www.manaus.am.gov.br\/semasc\/semasc-adota-teletrabalho-em-prevencao-a-covid-19\/#primaryimage"},"image":{"@id":"https:\/\/www.manaus.am.gov.br\/semasc\/semasc-adota-teletrabalho-em-prevencao-a-covid-19\/#primaryimage"},"thumbnailUrl":"https:\/\/www.manaus.am.gov.br\/wp-content\/uploads\/2021\/01\/notica-novo-720x407.png","datePublished":"2021-02-01T20:33:32+00:00","dateModified":"2023-11-17T22:10:23+00:00","description":"Semasc adota teletrabalho em preven\u00e7\u00e3o \u00e0 Covid-19, conforme a portaria n\u00ba 014\/2021, na edi\u00e7\u00e3o n\u00ba 5.020, do Di\u00e1rio Oficial...","breadcrumb":{"@id":"https:\/\/www.manaus.am.gov.br\/semasc\/semasc-adota-teletrabalho-em-prevencao-a-covid-19\/#breadcrumb"},"inLanguage":"pt-BR","potentialAction":[{"@type":"ReadAction","target":["https:\/\/www.manaus.am.gov.br\/semasc\/semasc-adota-teletrabalho-em-prevencao-a-covid-19\/"]}]},{"@type":"ImageObject","inLanguage":"pt-BR","@id":"https:\/\/www.manaus.am.gov.br\/semasc\/semasc-adota-teletrabalho-em-prevencao-a-covid-19\/#primaryimage","url":"https:\/\/www.manaus.am.gov.br\/wp-content\/uploads\/2021\/01\/notica-novo-720x407.png","contentUrl":"https:\/\/www.manaus.am.gov.br\/wp-content\/uploads\/2021\/01\/notica-novo-720x407.png"},{"@type":"BreadcrumbList","@id":"https:\/\/www.manaus.am.gov.br\/semasc\/semasc-adota-teletrabalho-em-prevencao-a-covid-19\/#breadcrumb","itemListElement":[{"@type":"ListItem","position":1,"name":"Home","item":"https:\/\/www.manaus.am.gov.br\/semasc\/"},{"@type":"ListItem","position":2,"name":"Semasc adota teletrabalho em preven\u00e7\u00e3o \u00e0 Covid-19"}]},{"@type":"WebSite","@id":"https:\/\/www.manaus.am.gov.br\/semasc\/#website","url":"https:\/\/www.manaus.am.gov.br\/semasc\/","name":"SEMASC","description":"Secretaria Municipal da Mulher, Assist\u00eancia Social e Cidadania.","publisher":{"@id":"https:\/\/www.manaus.am.gov.br\/semasc\/#organization"},"alternateName":"Secretaria Municipal da Mulher, Assist\u00eancia Social e Cidadania","potentialAction":[{"@type":"SearchAction","target":{"@type":"EntryPoint","urlTemplate":"https:\/\/www.manaus.am.gov.br\/semasc\/?s={search_term_string}"},"query-input":"required name=search_term_string"}],"inLanguage":"pt-BR"},{"@type":"Organization","@id":"https:\/\/www.manaus.am.gov.br\/semasc\/#organization","name":"Prefeitura de Manaus","alternateName":"Prefeitura Municipal de Manaus","url":"https:\/\/www.manaus.am.gov.br\/semasc\/","logo":{"@type":"ImageObject","inLanguage":"pt-BR","@id":"https:\/\/www.manaus.am.gov.br\/semasc\/#\/schema\/logo\/image\/","url":"https:\/\/www.manaus.am.gov.br\/semasc\/wp-content\/uploads\/sites\/17\/2024\/07\/favicon.png","contentUrl":"https:\/\/www.manaus.am.gov.br\/semasc\/wp-content\/uploads\/sites\/17\/2024\/07\/favicon.png","width":300,"height":300,"caption":"Prefeitura de Manaus"},"image":{"@id":"https:\/\/www.manaus.am.gov.br\/semasc\/#\/schema\/logo\/image\/"},"sameAs":["https:\/\/www.facebook.com\/semascmanaus","https:\/\/www.instagram.com\/semascmanaus\/"]},{"@type":"Person","@id":"https:\/\/www.manaus.am.gov.br\/semasc\/#\/schema\/person\/fe69d2249d78e7a3112d42bc34c44a58","name":"Glauber Farias","image":{"@type":"ImageObject","inLanguage":"pt-BR","@id":"https:\/\/www.manaus.am.gov.br\/semasc\/#\/schema\/person\/image\/","url":"https:\/\/secure.gravatar.com\/avatar\/eb33200ffd19538372f635b2165531c0?s=96&d=mm&r=g","contentUrl":"https:\/\/secure.gravatar.com\/avatar\/eb33200ffd19538372f635b2165531c0?s=96&d=mm&r=g","caption":"Glauber Farias"}}]}},"_links":{"self":[{"href":"https:\/\/www.manaus.am.gov.br\/semasc\/wp-json\/wp\/v2\/posts\/209188"}],"collection":[{"href":"https:\/\/www.manaus.am.gov.br\/semasc\/wp-json\/wp\/v2\/posts"}],"about":[{"href":"https:\/\/www.manaus.am.gov.br\/semasc\/wp-json\/wp\/v2\/types\/post"}],"author":[{"embeddable":true,"href":"https:\/\/www.manaus.am.gov.br\/semasc\/wp-json\/wp\/v2\/users\/8"}],"replies":[{"embeddable":true,"href":"https:\/\/www.manaus.am.gov.br\/semasc\/wp-json\/wp\/v2\/comments?post=209188"}],"version-history":[{"count":0,"href":"https:\/\/www.manaus.am.gov.br\/semasc\/wp-json\/wp\/v2\/posts\/209188\/revisions"}],"wp:attachment":[{"href":"https:\/\/www.manaus.am.gov.br\/semasc\/wp-json\/wp\/v2\/media?parent=209188"}],"wp:term":[{"taxonomy":"category","embeddable":true,"href":"https:\/\/www.manaus.am.gov.br\/semasc\/wp-json\/wp\/v2\/categories?post=209188"},{"taxonomy":"post_tag","embeddable":true,"href":"https:\/\/www.manaus.am.gov.br\/semasc\/wp-json\/wp\/v2\/tags?post=209188"}],"curies":[{"name":"wp","href":"https:\/\/api.w.org\/{rel}","templated":true}]}}