{"id":209185,"date":"2021-03-09T21:08:31","date_gmt":"2021-03-10T01:08:31","guid":{"rendered":"https:\/\/www.manaus.am.gov.br\/semasc\/semasc-ilumina-a-sede-de-lilas-em-alusao-ao-mes-da-mulher\/"},"modified":"2023-11-17T18:10:03","modified_gmt":"2023-11-17T22:10:03","slug":"semasc-ilumina-a-sede-de-lilas-em-alusao-ao-mes-da-mulher","status":"publish","type":"post","link":"https:\/\/www.manaus.am.gov.br\/semasc\/semasc-ilumina-a-sede-de-lilas-em-alusao-ao-mes-da-mulher\/","title":{"rendered":"Semasc ilumina a sede de lil\u00e1s em alus\u00e3o ao M\u00eas da Mulher"},"content":{"rendered":"\n<p>Dentro da programa\u00e7\u00e3o do \u201cMar\u00e7o&nbsp;Lil\u00e1s\u201d, mais uma secretaria da <a href=\"https:\/\/www.manaus.am.gov.br\">Prefeitura de Manaus<\/a> iluminou as suas depend\u00eancias, nesta ter\u00e7a-feira, 9\/3, na cor lil\u00e1s. A caixa d\u2019\u00e1gua localizada dentro da sede da Secretaria Municipal da Mulher, Assist\u00eancia Social e Cidadania (Semasc), na avenida Ayr\u00e3o, Centro, recebeu uma ilumina\u00e7\u00e3o em alus\u00e3o \u00e0 campanha, que chama a aten\u00e7\u00e3o sobre a import\u00e2ncia dos exames preventivos, em especial o do colo do \u00fatero, e tamb\u00e9m para o combate \u00e0 viol\u00eancia contra a mulher.<\/p>\n\n\n\n<p>\u201cN\u00f3s fizemos esse ato p\u00fablico para, mais uma vez, chamar a aten\u00e7\u00e3o para este m\u00eas de luta, que n\u00e3o \u00e9 s\u00f3 de combater o c\u00e2ncer do colo do \u00fatero, mas tamb\u00e9m de garantia dos direitos das mulheres. Eu costumo dizer que ser mulher, no mundo, ainda \u00e9 muito dif\u00edcil, mas continuamos lutando pela redu\u00e7\u00e3o da discrimina\u00e7\u00e3o e diversos outros direitos, principalmente sociais\u201d, destacou a secret\u00e1ria da Semasc, Jane Mara Moraes.<\/p>\n\n\n\n<p>Desde o dia 1\u00ba de mar\u00e7o, a Subsecretaria de Pol\u00edticas Afirmativas para Mulheres e Direitos&nbsp;Humanos&nbsp;realiza diversas atividades voltadas para as mulheres, como a\u00e7\u00e3o de cidadania na cozinha comunit\u00e1ria, da Col\u00f4nia Oliveira Machado, zona Sul, divulga\u00e7\u00e3o de v\u00eddeos nas redes sociais com alternativas de renda em tempos de pandemia, entre outras iniciativas que ser\u00e3o desenvolvidas ao longo do m\u00eas.<\/p>\n\n\n\n<p>\u201cEstamos trabalhando atividades que levantam a autoestima das mulheres, com a proposta de garantir a elas uma complementa\u00e7\u00e3o de renda neste per\u00edodo de pandemia, ofertando cursos de curta dura\u00e7\u00e3o e obten\u00e7\u00e3o de renda imediata. Tamb\u00e9m temos a\u00e7\u00f5es acontecendo nas cozinhas comunit\u00e1rias, em parceria com o coletivo Desafio Jovem, onde a gente trabalha os temas de viol\u00eancia contra a mulher\u201d, informou a subsecret\u00e1ria Gra\u00e7a Prola.<\/p>\n\n\n\n<p><strong>Subsecretaria<\/strong><\/p>\n\n\n\n<p>Respons\u00e1vel por formular e executar pol\u00edticas e a\u00e7\u00f5es afirmativas voltadas para a preven\u00e7\u00e3o, combate e enfrentamento \u00e0 viol\u00eancia contra as mulheres, por meio da assist\u00eancia social e jur\u00eddica, assim como o acompanhamento psicol\u00f3gico \u00e0 mulher em situa\u00e7\u00e3o de viol\u00eancia dom\u00e9stica e familiar, a Subsecretaria de Pol\u00edticas Afirmativas para Mulheres e Direitos Humanos, tamb\u00e9m busca promover a emancipa\u00e7\u00e3o feminina, por meio da realiza\u00e7\u00e3o de cursos de qualifica\u00e7\u00e3o, voltados \u00e0 gera\u00e7\u00e3o de renda e o empreendedorismo, procedimentos necess\u00e1rios para viabilizar a supera\u00e7\u00e3o das viol\u00eancias sofridas.<\/p>\n\n\n\n<p>Este ano, considerando a situa\u00e7\u00e3o de risco ocasionado pela pandemia do novo coronav\u00edrus, o Centro de Refer\u00eancia dos Direitos da Mulher (CRDM), da Semasc, desenvolveu suas atividades de maneira remota e realizou a busca ativa, via contato telef\u00f4nico, a 105 mulheres, al\u00e9m de 37 visitas domiciliares a mulheres v\u00edtimas de viol\u00eancia dom\u00e9stica, que j\u00e1 haviam sido atendidas e acompanhadas pela unidade.<\/p>\n\n\n\n<p>&#8212; &#8212; &#8212;<\/p>\n\n\n\n<p><strong>Texto &#8211;<\/strong> Leonardo Fierro \/ Semasc<\/p>\n\n\n\n<p><strong>Fotos &#8211;<\/strong> Valdo Le\u00e3o \/ Semcom<\/p>\n\n\n\n<p><strong>Dispon\u00edveis em<\/strong> &#8211; <a href=\"https:\/\/flic.kr\/s\/aHsmUK9FiC\">https:\/\/flic.kr\/s\/aHsmUK9FiC<\/a><\/p>\n","protected":false},"excerpt":{"rendered":"","protected":false},"author":8,"featured_media":209186,"comment_status":"closed","ping_status":"closed","sticky":false,"template":"","format":"standard","meta":{"footnotes":""},"categories":[594],"tags":[595,596,18],"acf":[],"yoast_head":"<!-- This site is optimized with the Yoast SEO plugin v23.0 - https:\/\/yoast.com\/wordpress\/plugins\/seo\/ -->\n<title>Semasc ilumina a sede de lil\u00e1s em alus\u00e3o ao M\u00eas da Mulher<\/title>\n<meta name=\"description\" content=\"Semasc ilumina a sede de lil\u00e1s em alus\u00e3o ao M\u00eas da Mulher, assim como outras secretarias municipais que adotaram uma ilumina\u00e7\u00e3o...\" \/>\n<meta name=\"robots\" content=\"noindex, follow\" \/>\n<meta property=\"og:locale\" content=\"pt_BR\" \/>\n<meta property=\"og:type\" content=\"article\" \/>\n<meta property=\"og:title\" content=\"Semasc ilumina a sede de lil\u00e1s em alus\u00e3o ao M\u00eas da Mulher\" \/>\n<meta property=\"og:description\" content=\"Semasc ilumina a sede de lil\u00e1s em alus\u00e3o ao M\u00eas da Mulher, assim como outras secretarias municipais que adotaram uma ilumina\u00e7\u00e3o...\" \/>\n<meta property=\"og:url\" content=\"https:\/\/www.manaus.am.gov.br\/semasc\/semasc-ilumina-a-sede-de-lilas-em-alusao-ao-mes-da-mulher\/\" \/>\n<meta property=\"og:site_name\" content=\"SEMASC\" \/>\n<meta property=\"article:publisher\" content=\"https:\/\/www.facebook.com\/semascmanaus\" \/>\n<meta property=\"article:published_time\" content=\"2021-03-10T01:08:31+00:00\" \/>\n<meta property=\"article:modified_time\" content=\"2023-11-17T22:10:03+00:00\" \/>\n<meta property=\"og:image\" content=\"https:\/\/www.manaus.am.gov.br\/semasc\/wp-content\/uploads\/sites\/17\/2023\/11\/Semasc-ilumina-a-sede-de-lilas-em-alusao-ao-Mes-da-Mulher.jpg\" \/>\n\t<meta property=\"og:image:width\" content=\"640\" \/>\n\t<meta property=\"og:image:height\" content=\"427\" \/>\n\t<meta property=\"og:image:type\" content=\"image\/jpeg\" \/>\n<meta name=\"author\" content=\"Glauber Farias\" \/>\n<meta name=\"twitter:card\" content=\"summary_large_image\" \/>\n<meta name=\"twitter:label1\" content=\"Written by\" \/>\n\t<meta name=\"twitter:data1\" content=\"Glauber Farias\" \/>\n\t<meta name=\"twitter:label2\" content=\"Est. reading time\" \/>\n\t<meta name=\"twitter:data2\" content=\"3 minutos\" \/>\n<script type=\"application\/ld+json\" class=\"yoast-schema-graph\">{\"@context\":\"https:\/\/schema.org\",\"@graph\":[{\"@type\":\"Article\",\"@id\":\"https:\/\/www.manaus.am.gov.br\/semasc\/semasc-ilumina-a-sede-de-lilas-em-alusao-ao-mes-da-mulher\/#article\",\"isPartOf\":{\"@id\":\"https:\/\/www.manaus.am.gov.br\/semasc\/semasc-ilumina-a-sede-de-lilas-em-alusao-ao-mes-da-mulher\/\"},\"author\":{\"name\":\"Glauber Farias\",\"@id\":\"https:\/\/www.manaus.am.gov.br\/semasc\/#\/schema\/person\/fe69d2249d78e7a3112d42bc34c44a58\"},\"headline\":\"Semasc ilumina a sede de lil\u00e1s em alus\u00e3o ao M\u00eas da Mulher\",\"datePublished\":\"2021-03-10T01:08:31+00:00\",\"dateModified\":\"2023-11-17T22:10:03+00:00\",\"mainEntityOfPage\":{\"@id\":\"https:\/\/www.manaus.am.gov.br\/semasc\/semasc-ilumina-a-sede-de-lilas-em-alusao-ao-mes-da-mulher\/\"},\"wordCount\":521,\"publisher\":{\"@id\":\"https:\/\/www.manaus.am.gov.br\/semasc\/#organization\"},\"image\":{\"@id\":\"https:\/\/www.manaus.am.gov.br\/semasc\/semasc-ilumina-a-sede-de-lilas-em-alusao-ao-mes-da-mulher\/#primaryimage\"},\"thumbnailUrl\":\"https:\/\/www.manaus.am.gov.br\/semasc\/wp-content\/uploads\/sites\/17\/2023\/11\/Semasc-ilumina-a-sede-de-lilas-em-alusao-ao-Mes-da-Mulher.jpg\",\"keywords\":[\"Mar\u00e7o Lil\u00e1s\",\"m\u00eas da mulher\",\"Semasc\"],\"articleSection\":[\"Mar\u00e7o Lil\u00e1s\"],\"inLanguage\":\"pt-BR\"},{\"@type\":\"WebPage\",\"@id\":\"https:\/\/www.manaus.am.gov.br\/semasc\/semasc-ilumina-a-sede-de-lilas-em-alusao-ao-mes-da-mulher\/\",\"url\":\"https:\/\/www.manaus.am.gov.br\/semasc\/semasc-ilumina-a-sede-de-lilas-em-alusao-ao-mes-da-mulher\/\",\"name\":\"Semasc ilumina a sede de lil\u00e1s em alus\u00e3o ao M\u00eas da Mulher\",\"isPartOf\":{\"@id\":\"https:\/\/www.manaus.am.gov.br\/semasc\/#website\"},\"primaryImageOfPage\":{\"@id\":\"https:\/\/www.manaus.am.gov.br\/semasc\/semasc-ilumina-a-sede-de-lilas-em-alusao-ao-mes-da-mulher\/#primaryimage\"},\"image\":{\"@id\":\"https:\/\/www.manaus.am.gov.br\/semasc\/semasc-ilumina-a-sede-de-lilas-em-alusao-ao-mes-da-mulher\/#primaryimage\"},\"thumbnailUrl\":\"https:\/\/www.manaus.am.gov.br\/semasc\/wp-content\/uploads\/sites\/17\/2023\/11\/Semasc-ilumina-a-sede-de-lilas-em-alusao-ao-Mes-da-Mulher.jpg\",\"datePublished\":\"2021-03-10T01:08:31+00:00\",\"dateModified\":\"2023-11-17T22:10:03+00:00\",\"description\":\"Semasc ilumina a sede de lil\u00e1s em alus\u00e3o ao M\u00eas da Mulher, assim como outras secretarias municipais que adotaram uma ilumina\u00e7\u00e3o...\",\"breadcrumb\":{\"@id\":\"https:\/\/www.manaus.am.gov.br\/semasc\/semasc-ilumina-a-sede-de-lilas-em-alusao-ao-mes-da-mulher\/#breadcrumb\"},\"inLanguage\":\"pt-BR\",\"potentialAction\":[{\"@type\":\"ReadAction\",\"target\":[\"https:\/\/www.manaus.am.gov.br\/semasc\/semasc-ilumina-a-sede-de-lilas-em-alusao-ao-mes-da-mulher\/\"]}]},{\"@type\":\"ImageObject\",\"inLanguage\":\"pt-BR\",\"@id\":\"https:\/\/www.manaus.am.gov.br\/semasc\/semasc-ilumina-a-sede-de-lilas-em-alusao-ao-mes-da-mulher\/#primaryimage\",\"url\":\"https:\/\/www.manaus.am.gov.br\/semasc\/wp-content\/uploads\/sites\/17\/2023\/11\/Semasc-ilumina-a-sede-de-lilas-em-alusao-ao-Mes-da-Mulher.jpg\",\"contentUrl\":\"https:\/\/www.manaus.am.gov.br\/semasc\/wp-content\/uploads\/sites\/17\/2023\/11\/Semasc-ilumina-a-sede-de-lilas-em-alusao-ao-Mes-da-Mulher.jpg\",\"width\":640,\"height\":427,\"caption\":\"Semasc ilumina a sede de lil\u00e1s em alus\u00e3o ao M\u00eas da Mulher\"},{\"@type\":\"BreadcrumbList\",\"@id\":\"https:\/\/www.manaus.am.gov.br\/semasc\/semasc-ilumina-a-sede-de-lilas-em-alusao-ao-mes-da-mulher\/#breadcrumb\",\"itemListElement\":[{\"@type\":\"ListItem\",\"position\":1,\"name\":\"Home\",\"item\":\"https:\/\/www.manaus.am.gov.br\/semasc\/\"},{\"@type\":\"ListItem\",\"position\":2,\"name\":\"Semasc ilumina a sede de lil\u00e1s em alus\u00e3o ao M\u00eas da Mulher\"}]},{\"@type\":\"WebSite\",\"@id\":\"https:\/\/www.manaus.am.gov.br\/semasc\/#website\",\"url\":\"https:\/\/www.manaus.am.gov.br\/semasc\/\",\"name\":\"SEMASC\",\"description\":\"Secretaria Municipal da Mulher, Assist\u00eancia Social e Cidadania.\",\"publisher\":{\"@id\":\"https:\/\/www.manaus.am.gov.br\/semasc\/#organization\"},\"alternateName\":\"Secretaria Municipal da Mulher, Assist\u00eancia Social e Cidadania\",\"potentialAction\":[{\"@type\":\"SearchAction\",\"target\":{\"@type\":\"EntryPoint\",\"urlTemplate\":\"https:\/\/www.manaus.am.gov.br\/semasc\/?s={search_term_string}\"},\"query-input\":\"required name=search_term_string\"}],\"inLanguage\":\"pt-BR\"},{\"@type\":\"Organization\",\"@id\":\"https:\/\/www.manaus.am.gov.br\/semasc\/#organization\",\"name\":\"Prefeitura de Manaus\",\"alternateName\":\"Prefeitura Municipal de Manaus\",\"url\":\"https:\/\/www.manaus.am.gov.br\/semasc\/\",\"logo\":{\"@type\":\"ImageObject\",\"inLanguage\":\"pt-BR\",\"@id\":\"https:\/\/www.manaus.am.gov.br\/semasc\/#\/schema\/logo\/image\/\",\"url\":\"https:\/\/www.manaus.am.gov.br\/semasc\/wp-content\/uploads\/sites\/17\/2024\/07\/favicon.png\",\"contentUrl\":\"https:\/\/www.manaus.am.gov.br\/semasc\/wp-content\/uploads\/sites\/17\/2024\/07\/favicon.png\",\"width\":300,\"height\":300,\"caption\":\"Prefeitura de Manaus\"},\"image\":{\"@id\":\"https:\/\/www.manaus.am.gov.br\/semasc\/#\/schema\/logo\/image\/\"},\"sameAs\":[\"https:\/\/www.facebook.com\/semascmanaus\",\"https:\/\/www.instagram.com\/semascmanaus\/\"]},{\"@type\":\"Person\",\"@id\":\"https:\/\/www.manaus.am.gov.br\/semasc\/#\/schema\/person\/fe69d2249d78e7a3112d42bc34c44a58\",\"name\":\"Glauber Farias\",\"image\":{\"@type\":\"ImageObject\",\"inLanguage\":\"pt-BR\",\"@id\":\"https:\/\/www.manaus.am.gov.br\/semasc\/#\/schema\/person\/image\/\",\"url\":\"https:\/\/secure.gravatar.com\/avatar\/eb33200ffd19538372f635b2165531c0?s=96&d=mm&r=g\",\"contentUrl\":\"https:\/\/secure.gravatar.com\/avatar\/eb33200ffd19538372f635b2165531c0?s=96&d=mm&r=g\",\"caption\":\"Glauber Farias\"}}]}<\/script>\n<!-- \/ Yoast SEO plugin. -->","yoast_head_json":{"title":"Semasc ilumina a sede de lil\u00e1s em alus\u00e3o ao M\u00eas da Mulher","description":"Semasc ilumina a sede de lil\u00e1s em alus\u00e3o ao M\u00eas da Mulher, assim como outras secretarias municipais que adotaram uma ilumina\u00e7\u00e3o...","robots":{"index":"noindex","follow":"follow"},"og_locale":"pt_BR","og_type":"article","og_title":"Semasc ilumina a sede de lil\u00e1s em alus\u00e3o ao M\u00eas da Mulher","og_description":"Semasc ilumina a sede de lil\u00e1s em alus\u00e3o ao M\u00eas da Mulher, assim como outras secretarias municipais que adotaram uma ilumina\u00e7\u00e3o...","og_url":"https:\/\/www.manaus.am.gov.br\/semasc\/semasc-ilumina-a-sede-de-lilas-em-alusao-ao-mes-da-mulher\/","og_site_name":"SEMASC","article_publisher":"https:\/\/www.facebook.com\/semascmanaus","article_published_time":"2021-03-10T01:08:31+00:00","article_modified_time":"2023-11-17T22:10:03+00:00","og_image":[{"width":640,"height":427,"url":"https:\/\/www.manaus.am.gov.br\/semasc\/wp-content\/uploads\/sites\/17\/2023\/11\/Semasc-ilumina-a-sede-de-lilas-em-alusao-ao-Mes-da-Mulher.jpg","type":"image\/jpeg"}],"author":"Glauber Farias","twitter_card":"summary_large_image","twitter_misc":{"Written by":"Glauber Farias","Est. reading time":"3 minutos"},"schema":{"@context":"https:\/\/schema.org","@graph":[{"@type":"Article","@id":"https:\/\/www.manaus.am.gov.br\/semasc\/semasc-ilumina-a-sede-de-lilas-em-alusao-ao-mes-da-mulher\/#article","isPartOf":{"@id":"https:\/\/www.manaus.am.gov.br\/semasc\/semasc-ilumina-a-sede-de-lilas-em-alusao-ao-mes-da-mulher\/"},"author":{"name":"Glauber Farias","@id":"https:\/\/www.manaus.am.gov.br\/semasc\/#\/schema\/person\/fe69d2249d78e7a3112d42bc34c44a58"},"headline":"Semasc ilumina a sede de lil\u00e1s em alus\u00e3o ao M\u00eas da Mulher","datePublished":"2021-03-10T01:08:31+00:00","dateModified":"2023-11-17T22:10:03+00:00","mainEntityOfPage":{"@id":"https:\/\/www.manaus.am.gov.br\/semasc\/semasc-ilumina-a-sede-de-lilas-em-alusao-ao-mes-da-mulher\/"},"wordCount":521,"publisher":{"@id":"https:\/\/www.manaus.am.gov.br\/semasc\/#organization"},"image":{"@id":"https:\/\/www.manaus.am.gov.br\/semasc\/semasc-ilumina-a-sede-de-lilas-em-alusao-ao-mes-da-mulher\/#primaryimage"},"thumbnailUrl":"https:\/\/www.manaus.am.gov.br\/semasc\/wp-content\/uploads\/sites\/17\/2023\/11\/Semasc-ilumina-a-sede-de-lilas-em-alusao-ao-Mes-da-Mulher.jpg","keywords":["Mar\u00e7o Lil\u00e1s","m\u00eas da mulher","Semasc"],"articleSection":["Mar\u00e7o Lil\u00e1s"],"inLanguage":"pt-BR"},{"@type":"WebPage","@id":"https:\/\/www.manaus.am.gov.br\/semasc\/semasc-ilumina-a-sede-de-lilas-em-alusao-ao-mes-da-mulher\/","url":"https:\/\/www.manaus.am.gov.br\/semasc\/semasc-ilumina-a-sede-de-lilas-em-alusao-ao-mes-da-mulher\/","name":"Semasc ilumina a sede de lil\u00e1s em alus\u00e3o ao M\u00eas da Mulher","isPartOf":{"@id":"https:\/\/www.manaus.am.gov.br\/semasc\/#website"},"primaryImageOfPage":{"@id":"https:\/\/www.manaus.am.gov.br\/semasc\/semasc-ilumina-a-sede-de-lilas-em-alusao-ao-mes-da-mulher\/#primaryimage"},"image":{"@id":"https:\/\/www.manaus.am.gov.br\/semasc\/semasc-ilumina-a-sede-de-lilas-em-alusao-ao-mes-da-mulher\/#primaryimage"},"thumbnailUrl":"https:\/\/www.manaus.am.gov.br\/semasc\/wp-content\/uploads\/sites\/17\/2023\/11\/Semasc-ilumina-a-sede-de-lilas-em-alusao-ao-Mes-da-Mulher.jpg","datePublished":"2021-03-10T01:08:31+00:00","dateModified":"2023-11-17T22:10:03+00:00","description":"Semasc ilumina a sede de lil\u00e1s em alus\u00e3o ao M\u00eas da Mulher, assim como outras secretarias municipais que adotaram uma ilumina\u00e7\u00e3o...","breadcrumb":{"@id":"https:\/\/www.manaus.am.gov.br\/semasc\/semasc-ilumina-a-sede-de-lilas-em-alusao-ao-mes-da-mulher\/#breadcrumb"},"inLanguage":"pt-BR","potentialAction":[{"@type":"ReadAction","target":["https:\/\/www.manaus.am.gov.br\/semasc\/semasc-ilumina-a-sede-de-lilas-em-alusao-ao-mes-da-mulher\/"]}]},{"@type":"ImageObject","inLanguage":"pt-BR","@id":"https:\/\/www.manaus.am.gov.br\/semasc\/semasc-ilumina-a-sede-de-lilas-em-alusao-ao-mes-da-mulher\/#primaryimage","url":"https:\/\/www.manaus.am.gov.br\/semasc\/wp-content\/uploads\/sites\/17\/2023\/11\/Semasc-ilumina-a-sede-de-lilas-em-alusao-ao-Mes-da-Mulher.jpg","contentUrl":"https:\/\/www.manaus.am.gov.br\/semasc\/wp-content\/uploads\/sites\/17\/2023\/11\/Semasc-ilumina-a-sede-de-lilas-em-alusao-ao-Mes-da-Mulher.jpg","width":640,"height":427,"caption":"Semasc ilumina a sede de lil\u00e1s em alus\u00e3o ao M\u00eas da Mulher"},{"@type":"BreadcrumbList","@id":"https:\/\/www.manaus.am.gov.br\/semasc\/semasc-ilumina-a-sede-de-lilas-em-alusao-ao-mes-da-mulher\/#breadcrumb","itemListElement":[{"@type":"ListItem","position":1,"name":"Home","item":"https:\/\/www.manaus.am.gov.br\/semasc\/"},{"@type":"ListItem","position":2,"name":"Semasc ilumina a sede de lil\u00e1s em alus\u00e3o ao M\u00eas da Mulher"}]},{"@type":"WebSite","@id":"https:\/\/www.manaus.am.gov.br\/semasc\/#website","url":"https:\/\/www.manaus.am.gov.br\/semasc\/","name":"SEMASC","description":"Secretaria Municipal da Mulher, Assist\u00eancia Social e Cidadania.","publisher":{"@id":"https:\/\/www.manaus.am.gov.br\/semasc\/#organization"},"alternateName":"Secretaria Municipal da Mulher, Assist\u00eancia Social e Cidadania","potentialAction":[{"@type":"SearchAction","target":{"@type":"EntryPoint","urlTemplate":"https:\/\/www.manaus.am.gov.br\/semasc\/?s={search_term_string}"},"query-input":"required name=search_term_string"}],"inLanguage":"pt-BR"},{"@type":"Organization","@id":"https:\/\/www.manaus.am.gov.br\/semasc\/#organization","name":"Prefeitura de Manaus","alternateName":"Prefeitura Municipal de Manaus","url":"https:\/\/www.manaus.am.gov.br\/semasc\/","logo":{"@type":"ImageObject","inLanguage":"pt-BR","@id":"https:\/\/www.manaus.am.gov.br\/semasc\/#\/schema\/logo\/image\/","url":"https:\/\/www.manaus.am.gov.br\/semasc\/wp-content\/uploads\/sites\/17\/2024\/07\/favicon.png","contentUrl":"https:\/\/www.manaus.am.gov.br\/semasc\/wp-content\/uploads\/sites\/17\/2024\/07\/favicon.png","width":300,"height":300,"caption":"Prefeitura de Manaus"},"image":{"@id":"https:\/\/www.manaus.am.gov.br\/semasc\/#\/schema\/logo\/image\/"},"sameAs":["https:\/\/www.facebook.com\/semascmanaus","https:\/\/www.instagram.com\/semascmanaus\/"]},{"@type":"Person","@id":"https:\/\/www.manaus.am.gov.br\/semasc\/#\/schema\/person\/fe69d2249d78e7a3112d42bc34c44a58","name":"Glauber Farias","image":{"@type":"ImageObject","inLanguage":"pt-BR","@id":"https:\/\/www.manaus.am.gov.br\/semasc\/#\/schema\/person\/image\/","url":"https:\/\/secure.gravatar.com\/avatar\/eb33200ffd19538372f635b2165531c0?s=96&d=mm&r=g","contentUrl":"https:\/\/secure.gravatar.com\/avatar\/eb33200ffd19538372f635b2165531c0?s=96&d=mm&r=g","caption":"Glauber Farias"}}]}},"_links":{"self":[{"href":"https:\/\/www.manaus.am.gov.br\/semasc\/wp-json\/wp\/v2\/posts\/209185"}],"collection":[{"href":"https:\/\/www.manaus.am.gov.br\/semasc\/wp-json\/wp\/v2\/posts"}],"about":[{"href":"https:\/\/www.manaus.am.gov.br\/semasc\/wp-json\/wp\/v2\/types\/post"}],"author":[{"embeddable":true,"href":"https:\/\/www.manaus.am.gov.br\/semasc\/wp-json\/wp\/v2\/users\/8"}],"replies":[{"embeddable":true,"href":"https:\/\/www.manaus.am.gov.br\/semasc\/wp-json\/wp\/v2\/comments?post=209185"}],"version-history":[{"count":0,"href":"https:\/\/www.manaus.am.gov.br\/semasc\/wp-json\/wp\/v2\/posts\/209185\/revisions"}],"wp:featuredmedia":[{"embeddable":true,"href":"https:\/\/www.manaus.am.gov.br\/semasc\/wp-json\/wp\/v2\/media\/209186"}],"wp:attachment":[{"href":"https:\/\/www.manaus.am.gov.br\/semasc\/wp-json\/wp\/v2\/media?parent=209185"}],"wp:term":[{"taxonomy":"category","embeddable":true,"href":"https:\/\/www.manaus.am.gov.br\/semasc\/wp-json\/wp\/v2\/categories?post=209185"},{"taxonomy":"post_tag","embeddable":true,"href":"https:\/\/www.manaus.am.gov.br\/semasc\/wp-json\/wp\/v2\/tags?post=209185"}],"curies":[{"name":"wp","href":"https:\/\/api.w.org\/{rel}","templated":true}]}}