{"id":209180,"date":"2021-04-22T17:35:28","date_gmt":"2021-04-22T21:35:28","guid":{"rendered":"https:\/\/www.manaus.am.gov.br\/semasc\/quadro-de-pessoal-da-semasc-e-avaliado-por-comissao-especial\/"},"modified":"2023-11-17T18:06:51","modified_gmt":"2023-11-17T22:06:51","slug":"quadro-de-pessoal-da-semasc-e-avaliado-por-comissao-especial","status":"publish","type":"post","link":"https:\/\/www.manaus.am.gov.br\/semasc\/quadro-de-pessoal-da-semasc-e-avaliado-por-comissao-especial\/","title":{"rendered":"Quadro de pessoal da Semasc \u00e9 avaliado por Comiss\u00e3o Especial"},"content":{"rendered":"\n<p>A Secretaria Municipal da Mulher, Assist\u00eancia Social e Cidadania (Semasc) realizou, nesta quinta-feira, 22\/4, a primeira reuni\u00e3o da Comiss\u00e3o Especial vinculada ao \u00f3rg\u00e3o, com o objetivo de levantar dados relativos \u00e0 recomposi\u00e7\u00e3o dos quadros de pessoal da secretaria, direcionados a subsidiar a realiza\u00e7\u00e3o de concurso p\u00fablico pela <a href=\"https:\/\/www.manaus.am.gov.br\">Prefeitura de Manaus<\/a>.<\/p>\n\n\n\n<p>A comiss\u00e3o conta com a participa\u00e7\u00e3o n\u00e3o remunerada de 11 servidores de diversos setores da Semasc. O \u00faltimo concurso realizado pela pasta foi em 2012, e a&nbsp; \u00faltima convoca\u00e7\u00e3o dos aprovados aconteceu em 2016. Entre os anos de 2010 a 2017, 138 servidores pediram exonera\u00e7\u00e3o da Secretaria de Assist\u00eancia Social.<\/p>\n\n\n\n<p>\u201cN\u00f3s vamos apresentar \u00e0 Semad (Secretaria de Administra\u00e7\u00e3o, Planejamento e Gest\u00e3o) as nossas necessidades. O plano de governo do prefeito David Almeida para a assist\u00eancia social, trata da recomposi\u00e7\u00e3o de equipes t\u00e9cnicas. Detectamos uma grande defasagem de pessoal para atuar nas pol\u00edticas p\u00fablicas do munic\u00edpio e agora vamos trabalhar para que, se poss\u00edvel, no pr\u00f3ximo ano possamos corrigir essa distor\u00e7\u00e3o\u201d, afirmou Jane Mara Moraes, secret\u00e1ria da Semasc.<\/p>\n\n\n\n<p>Na edi\u00e7\u00e3o n\u00ba 5.077, do Di\u00e1rio Oficial do Munic\u00edpio (DOM), do \u00faltimo dia 16, consta a publica\u00e7\u00e3o da portaria n\u00ba 100\/2021, que determina as atividades da comiss\u00e3o, entre elas, o levantamento de informa\u00e7\u00f5es sobre a quantidade de cargos e vagas a serem oferecidas, atribui\u00e7\u00f5es, requisitos, carga hor\u00e1ria, compatibilidade com as leis de cargos e remunera\u00e7\u00e3o com acr\u00e9scimos, se houver, para a realiza\u00e7\u00e3o do concurso p\u00fablico. Ainda conforme a portaria, foi estabelecido o prazo de 30 dias para a conclus\u00e3o dos trabalhos, podendo ser prorrogado por igual per\u00edodo, caso haja necessidade.<\/p>\n\n\n\n<p>\u201cN\u00f3s conhecemos todas as legisla\u00e7\u00f5es atuais que delimitam os gastos p\u00fablicos. Mas, a assist\u00eancia social, reconhecida tanto pelo governo federal quanto estadual e municipal, como \u00e1rea essencial durante o per\u00edodo de pandemia do novo coronav\u00edrus, necessita de um diagn\u00f3stico real de oferta de servi\u00e7os, onde a equipe t\u00e9cnica representa a principal atua\u00e7\u00e3o da secretaria\u201d, afirmou Helena Tupinamb\u00e1, presidente da Comiss\u00e3o Especial.<\/p>\n\n\n\n<p>&#8212; &#8212; &#8212;<\/p>\n\n\n\n<p><strong>Texto &#8211; <\/strong>Leonardo Fierro \/ Semasc<\/p>\n\n\n\n<p><strong>Foto \u2013 <\/strong>Divulga\u00e7\u00e3o \/ Semasc<\/p>\n","protected":false},"excerpt":{"rendered":"","protected":false},"author":8,"featured_media":209181,"comment_status":"closed","ping_status":"closed","sticky":false,"template":"","format":"standard","meta":{"footnotes":""},"categories":[219],"tags":[72,590,591,592,18],"acf":[],"yoast_head":"<!-- This site is optimized with the Yoast SEO plugin v23.0 - https:\/\/yoast.com\/wordpress\/plugins\/seo\/ -->\n<title>Quadro de pessoal da Semasc \u00e9 avaliado por Comiss\u00e3o Especial<\/title>\n<meta name=\"description\" content=\"Quadro de pessoal da Semasc \u00e9 avaliado por Comiss\u00e3o Especial, respons\u00e1vel por fazer todo o levantamento das necessidades do \u00f3rg\u00e3o...\" \/>\n<meta name=\"robots\" content=\"noindex, follow\" \/>\n<meta property=\"og:locale\" content=\"pt_BR\" \/>\n<meta property=\"og:type\" content=\"article\" \/>\n<meta property=\"og:title\" content=\"Quadro de pessoal da Semasc \u00e9 avaliado por Comiss\u00e3o Especial\" \/>\n<meta property=\"og:description\" content=\"Quadro de pessoal da Semasc \u00e9 avaliado por Comiss\u00e3o Especial, respons\u00e1vel por fazer todo o levantamento das necessidades do \u00f3rg\u00e3o...\" \/>\n<meta property=\"og:url\" content=\"https:\/\/www.manaus.am.gov.br\/semasc\/quadro-de-pessoal-da-semasc-e-avaliado-por-comissao-especial\/\" \/>\n<meta property=\"og:site_name\" content=\"SEMASC\" \/>\n<meta property=\"article:publisher\" content=\"https:\/\/www.facebook.com\/semascmanaus\" \/>\n<meta property=\"article:published_time\" content=\"2021-04-22T21:35:28+00:00\" \/>\n<meta property=\"article:modified_time\" content=\"2023-11-17T22:06:51+00:00\" \/>\n<meta property=\"og:image\" content=\"https:\/\/www.manaus.am.gov.br\/semasc\/wp-content\/uploads\/sites\/17\/2023\/11\/Comissao-Semasc-1-e1619127515325.jpg\" \/>\n\t<meta property=\"og:image:width\" content=\"720\" \/>\n\t<meta property=\"og:image:height\" content=\"540\" \/>\n\t<meta property=\"og:image:type\" content=\"image\/jpeg\" \/>\n<meta name=\"author\" content=\"Glauber Farias\" \/>\n<meta name=\"twitter:card\" content=\"summary_large_image\" \/>\n<meta name=\"twitter:label1\" content=\"Written by\" \/>\n\t<meta name=\"twitter:data1\" content=\"Glauber Farias\" \/>\n\t<meta name=\"twitter:label2\" content=\"Est. reading time\" \/>\n\t<meta name=\"twitter:data2\" content=\"2 minutos\" \/>\n<script type=\"application\/ld+json\" class=\"yoast-schema-graph\">{\"@context\":\"https:\/\/schema.org\",\"@graph\":[{\"@type\":\"Article\",\"@id\":\"https:\/\/www.manaus.am.gov.br\/semasc\/quadro-de-pessoal-da-semasc-e-avaliado-por-comissao-especial\/#article\",\"isPartOf\":{\"@id\":\"https:\/\/www.manaus.am.gov.br\/semasc\/quadro-de-pessoal-da-semasc-e-avaliado-por-comissao-especial\/\"},\"author\":{\"name\":\"Glauber Farias\",\"@id\":\"https:\/\/www.manaus.am.gov.br\/semasc\/#\/schema\/person\/fe69d2249d78e7a3112d42bc34c44a58\"},\"headline\":\"Quadro de pessoal da Semasc \u00e9 avaliado por Comiss\u00e3o Especial\",\"datePublished\":\"2021-04-22T21:35:28+00:00\",\"dateModified\":\"2023-11-17T22:06:51+00:00\",\"mainEntityOfPage\":{\"@id\":\"https:\/\/www.manaus.am.gov.br\/semasc\/quadro-de-pessoal-da-semasc-e-avaliado-por-comissao-especial\/\"},\"wordCount\":379,\"publisher\":{\"@id\":\"https:\/\/www.manaus.am.gov.br\/semasc\/#organization\"},\"image\":{\"@id\":\"https:\/\/www.manaus.am.gov.br\/semasc\/quadro-de-pessoal-da-semasc-e-avaliado-por-comissao-especial\/#primaryimage\"},\"thumbnailUrl\":\"https:\/\/www.manaus.am.gov.br\/semasc\/wp-content\/uploads\/sites\/17\/2023\/11\/Comissao-Semasc-1-e1619127515325.jpg\",\"keywords\":[\"assist\u00eancia social\",\"comiss\u00e3o especial\",\"concurso\",\"Portaria n\u00ba 100\/2021\",\"Semasc\"],\"articleSection\":[\"Administra\u00e7\u00e3o\"],\"inLanguage\":\"pt-BR\"},{\"@type\":\"WebPage\",\"@id\":\"https:\/\/www.manaus.am.gov.br\/semasc\/quadro-de-pessoal-da-semasc-e-avaliado-por-comissao-especial\/\",\"url\":\"https:\/\/www.manaus.am.gov.br\/semasc\/quadro-de-pessoal-da-semasc-e-avaliado-por-comissao-especial\/\",\"name\":\"Quadro de pessoal da Semasc \u00e9 avaliado por Comiss\u00e3o Especial\",\"isPartOf\":{\"@id\":\"https:\/\/www.manaus.am.gov.br\/semasc\/#website\"},\"primaryImageOfPage\":{\"@id\":\"https:\/\/www.manaus.am.gov.br\/semasc\/quadro-de-pessoal-da-semasc-e-avaliado-por-comissao-especial\/#primaryimage\"},\"image\":{\"@id\":\"https:\/\/www.manaus.am.gov.br\/semasc\/quadro-de-pessoal-da-semasc-e-avaliado-por-comissao-especial\/#primaryimage\"},\"thumbnailUrl\":\"https:\/\/www.manaus.am.gov.br\/semasc\/wp-content\/uploads\/sites\/17\/2023\/11\/Comissao-Semasc-1-e1619127515325.jpg\",\"datePublished\":\"2021-04-22T21:35:28+00:00\",\"dateModified\":\"2023-11-17T22:06:51+00:00\",\"description\":\"Quadro de pessoal da Semasc \u00e9 avaliado por Comiss\u00e3o Especial, respons\u00e1vel por fazer todo o levantamento das necessidades do \u00f3rg\u00e3o...\",\"breadcrumb\":{\"@id\":\"https:\/\/www.manaus.am.gov.br\/semasc\/quadro-de-pessoal-da-semasc-e-avaliado-por-comissao-especial\/#breadcrumb\"},\"inLanguage\":\"pt-BR\",\"potentialAction\":[{\"@type\":\"ReadAction\",\"target\":[\"https:\/\/www.manaus.am.gov.br\/semasc\/quadro-de-pessoal-da-semasc-e-avaliado-por-comissao-especial\/\"]}]},{\"@type\":\"ImageObject\",\"inLanguage\":\"pt-BR\",\"@id\":\"https:\/\/www.manaus.am.gov.br\/semasc\/quadro-de-pessoal-da-semasc-e-avaliado-por-comissao-especial\/#primaryimage\",\"url\":\"https:\/\/www.manaus.am.gov.br\/semasc\/wp-content\/uploads\/sites\/17\/2023\/11\/Comissao-Semasc-1-e1619127515325.jpg\",\"contentUrl\":\"https:\/\/www.manaus.am.gov.br\/semasc\/wp-content\/uploads\/sites\/17\/2023\/11\/Comissao-Semasc-1-e1619127515325.jpg\",\"width\":720,\"height\":540,\"caption\":\"Quadro de pessoal da Semasc \u00e9 avaliado por Comiss\u00e3o Especial\"},{\"@type\":\"BreadcrumbList\",\"@id\":\"https:\/\/www.manaus.am.gov.br\/semasc\/quadro-de-pessoal-da-semasc-e-avaliado-por-comissao-especial\/#breadcrumb\",\"itemListElement\":[{\"@type\":\"ListItem\",\"position\":1,\"name\":\"Home\",\"item\":\"https:\/\/www.manaus.am.gov.br\/semasc\/\"},{\"@type\":\"ListItem\",\"position\":2,\"name\":\"Quadro de pessoal da Semasc \u00e9 avaliado por Comiss\u00e3o Especial\"}]},{\"@type\":\"WebSite\",\"@id\":\"https:\/\/www.manaus.am.gov.br\/semasc\/#website\",\"url\":\"https:\/\/www.manaus.am.gov.br\/semasc\/\",\"name\":\"SEMASC\",\"description\":\"Secretaria Municipal da Mulher, Assist\u00eancia Social e Cidadania.\",\"publisher\":{\"@id\":\"https:\/\/www.manaus.am.gov.br\/semasc\/#organization\"},\"alternateName\":\"Secretaria Municipal da Mulher, Assist\u00eancia Social e Cidadania\",\"potentialAction\":[{\"@type\":\"SearchAction\",\"target\":{\"@type\":\"EntryPoint\",\"urlTemplate\":\"https:\/\/www.manaus.am.gov.br\/semasc\/?s={search_term_string}\"},\"query-input\":\"required name=search_term_string\"}],\"inLanguage\":\"pt-BR\"},{\"@type\":\"Organization\",\"@id\":\"https:\/\/www.manaus.am.gov.br\/semasc\/#organization\",\"name\":\"Prefeitura de Manaus\",\"alternateName\":\"Prefeitura Municipal de Manaus\",\"url\":\"https:\/\/www.manaus.am.gov.br\/semasc\/\",\"logo\":{\"@type\":\"ImageObject\",\"inLanguage\":\"pt-BR\",\"@id\":\"https:\/\/www.manaus.am.gov.br\/semasc\/#\/schema\/logo\/image\/\",\"url\":\"https:\/\/www.manaus.am.gov.br\/semasc\/wp-content\/uploads\/sites\/17\/2024\/07\/favicon.png\",\"contentUrl\":\"https:\/\/www.manaus.am.gov.br\/semasc\/wp-content\/uploads\/sites\/17\/2024\/07\/favicon.png\",\"width\":300,\"height\":300,\"caption\":\"Prefeitura de Manaus\"},\"image\":{\"@id\":\"https:\/\/www.manaus.am.gov.br\/semasc\/#\/schema\/logo\/image\/\"},\"sameAs\":[\"https:\/\/www.facebook.com\/semascmanaus\",\"https:\/\/www.instagram.com\/semascmanaus\/\"]},{\"@type\":\"Person\",\"@id\":\"https:\/\/www.manaus.am.gov.br\/semasc\/#\/schema\/person\/fe69d2249d78e7a3112d42bc34c44a58\",\"name\":\"Glauber Farias\",\"image\":{\"@type\":\"ImageObject\",\"inLanguage\":\"pt-BR\",\"@id\":\"https:\/\/www.manaus.am.gov.br\/semasc\/#\/schema\/person\/image\/\",\"url\":\"https:\/\/secure.gravatar.com\/avatar\/eb33200ffd19538372f635b2165531c0?s=96&d=mm&r=g\",\"contentUrl\":\"https:\/\/secure.gravatar.com\/avatar\/eb33200ffd19538372f635b2165531c0?s=96&d=mm&r=g\",\"caption\":\"Glauber Farias\"}}]}<\/script>\n<!-- \/ Yoast SEO plugin. -->","yoast_head_json":{"title":"Quadro de pessoal da Semasc \u00e9 avaliado por Comiss\u00e3o Especial","description":"Quadro de pessoal da Semasc \u00e9 avaliado por Comiss\u00e3o Especial, respons\u00e1vel por fazer todo o levantamento das necessidades do \u00f3rg\u00e3o...","robots":{"index":"noindex","follow":"follow"},"og_locale":"pt_BR","og_type":"article","og_title":"Quadro de pessoal da Semasc \u00e9 avaliado por Comiss\u00e3o Especial","og_description":"Quadro de pessoal da Semasc \u00e9 avaliado por Comiss\u00e3o Especial, respons\u00e1vel por fazer todo o levantamento das necessidades do \u00f3rg\u00e3o...","og_url":"https:\/\/www.manaus.am.gov.br\/semasc\/quadro-de-pessoal-da-semasc-e-avaliado-por-comissao-especial\/","og_site_name":"SEMASC","article_publisher":"https:\/\/www.facebook.com\/semascmanaus","article_published_time":"2021-04-22T21:35:28+00:00","article_modified_time":"2023-11-17T22:06:51+00:00","og_image":[{"width":720,"height":540,"url":"https:\/\/www.manaus.am.gov.br\/semasc\/wp-content\/uploads\/sites\/17\/2023\/11\/Comissao-Semasc-1-e1619127515325.jpg","type":"image\/jpeg"}],"author":"Glauber Farias","twitter_card":"summary_large_image","twitter_misc":{"Written by":"Glauber Farias","Est. reading time":"2 minutos"},"schema":{"@context":"https:\/\/schema.org","@graph":[{"@type":"Article","@id":"https:\/\/www.manaus.am.gov.br\/semasc\/quadro-de-pessoal-da-semasc-e-avaliado-por-comissao-especial\/#article","isPartOf":{"@id":"https:\/\/www.manaus.am.gov.br\/semasc\/quadro-de-pessoal-da-semasc-e-avaliado-por-comissao-especial\/"},"author":{"name":"Glauber Farias","@id":"https:\/\/www.manaus.am.gov.br\/semasc\/#\/schema\/person\/fe69d2249d78e7a3112d42bc34c44a58"},"headline":"Quadro de pessoal da Semasc \u00e9 avaliado por Comiss\u00e3o Especial","datePublished":"2021-04-22T21:35:28+00:00","dateModified":"2023-11-17T22:06:51+00:00","mainEntityOfPage":{"@id":"https:\/\/www.manaus.am.gov.br\/semasc\/quadro-de-pessoal-da-semasc-e-avaliado-por-comissao-especial\/"},"wordCount":379,"publisher":{"@id":"https:\/\/www.manaus.am.gov.br\/semasc\/#organization"},"image":{"@id":"https:\/\/www.manaus.am.gov.br\/semasc\/quadro-de-pessoal-da-semasc-e-avaliado-por-comissao-especial\/#primaryimage"},"thumbnailUrl":"https:\/\/www.manaus.am.gov.br\/semasc\/wp-content\/uploads\/sites\/17\/2023\/11\/Comissao-Semasc-1-e1619127515325.jpg","keywords":["assist\u00eancia social","comiss\u00e3o especial","concurso","Portaria n\u00ba 100\/2021","Semasc"],"articleSection":["Administra\u00e7\u00e3o"],"inLanguage":"pt-BR"},{"@type":"WebPage","@id":"https:\/\/www.manaus.am.gov.br\/semasc\/quadro-de-pessoal-da-semasc-e-avaliado-por-comissao-especial\/","url":"https:\/\/www.manaus.am.gov.br\/semasc\/quadro-de-pessoal-da-semasc-e-avaliado-por-comissao-especial\/","name":"Quadro de pessoal da Semasc \u00e9 avaliado por Comiss\u00e3o Especial","isPartOf":{"@id":"https:\/\/www.manaus.am.gov.br\/semasc\/#website"},"primaryImageOfPage":{"@id":"https:\/\/www.manaus.am.gov.br\/semasc\/quadro-de-pessoal-da-semasc-e-avaliado-por-comissao-especial\/#primaryimage"},"image":{"@id":"https:\/\/www.manaus.am.gov.br\/semasc\/quadro-de-pessoal-da-semasc-e-avaliado-por-comissao-especial\/#primaryimage"},"thumbnailUrl":"https:\/\/www.manaus.am.gov.br\/semasc\/wp-content\/uploads\/sites\/17\/2023\/11\/Comissao-Semasc-1-e1619127515325.jpg","datePublished":"2021-04-22T21:35:28+00:00","dateModified":"2023-11-17T22:06:51+00:00","description":"Quadro de pessoal da Semasc \u00e9 avaliado por Comiss\u00e3o Especial, respons\u00e1vel por fazer todo o levantamento das necessidades do \u00f3rg\u00e3o...","breadcrumb":{"@id":"https:\/\/www.manaus.am.gov.br\/semasc\/quadro-de-pessoal-da-semasc-e-avaliado-por-comissao-especial\/#breadcrumb"},"inLanguage":"pt-BR","potentialAction":[{"@type":"ReadAction","target":["https:\/\/www.manaus.am.gov.br\/semasc\/quadro-de-pessoal-da-semasc-e-avaliado-por-comissao-especial\/"]}]},{"@type":"ImageObject","inLanguage":"pt-BR","@id":"https:\/\/www.manaus.am.gov.br\/semasc\/quadro-de-pessoal-da-semasc-e-avaliado-por-comissao-especial\/#primaryimage","url":"https:\/\/www.manaus.am.gov.br\/semasc\/wp-content\/uploads\/sites\/17\/2023\/11\/Comissao-Semasc-1-e1619127515325.jpg","contentUrl":"https:\/\/www.manaus.am.gov.br\/semasc\/wp-content\/uploads\/sites\/17\/2023\/11\/Comissao-Semasc-1-e1619127515325.jpg","width":720,"height":540,"caption":"Quadro de pessoal da Semasc \u00e9 avaliado por Comiss\u00e3o Especial"},{"@type":"BreadcrumbList","@id":"https:\/\/www.manaus.am.gov.br\/semasc\/quadro-de-pessoal-da-semasc-e-avaliado-por-comissao-especial\/#breadcrumb","itemListElement":[{"@type":"ListItem","position":1,"name":"Home","item":"https:\/\/www.manaus.am.gov.br\/semasc\/"},{"@type":"ListItem","position":2,"name":"Quadro de pessoal da Semasc \u00e9 avaliado por Comiss\u00e3o Especial"}]},{"@type":"WebSite","@id":"https:\/\/www.manaus.am.gov.br\/semasc\/#website","url":"https:\/\/www.manaus.am.gov.br\/semasc\/","name":"SEMASC","description":"Secretaria Municipal da Mulher, Assist\u00eancia Social e Cidadania.","publisher":{"@id":"https:\/\/www.manaus.am.gov.br\/semasc\/#organization"},"alternateName":"Secretaria Municipal da Mulher, Assist\u00eancia Social e Cidadania","potentialAction":[{"@type":"SearchAction","target":{"@type":"EntryPoint","urlTemplate":"https:\/\/www.manaus.am.gov.br\/semasc\/?s={search_term_string}"},"query-input":"required name=search_term_string"}],"inLanguage":"pt-BR"},{"@type":"Organization","@id":"https:\/\/www.manaus.am.gov.br\/semasc\/#organization","name":"Prefeitura de Manaus","alternateName":"Prefeitura Municipal de Manaus","url":"https:\/\/www.manaus.am.gov.br\/semasc\/","logo":{"@type":"ImageObject","inLanguage":"pt-BR","@id":"https:\/\/www.manaus.am.gov.br\/semasc\/#\/schema\/logo\/image\/","url":"https:\/\/www.manaus.am.gov.br\/semasc\/wp-content\/uploads\/sites\/17\/2024\/07\/favicon.png","contentUrl":"https:\/\/www.manaus.am.gov.br\/semasc\/wp-content\/uploads\/sites\/17\/2024\/07\/favicon.png","width":300,"height":300,"caption":"Prefeitura de Manaus"},"image":{"@id":"https:\/\/www.manaus.am.gov.br\/semasc\/#\/schema\/logo\/image\/"},"sameAs":["https:\/\/www.facebook.com\/semascmanaus","https:\/\/www.instagram.com\/semascmanaus\/"]},{"@type":"Person","@id":"https:\/\/www.manaus.am.gov.br\/semasc\/#\/schema\/person\/fe69d2249d78e7a3112d42bc34c44a58","name":"Glauber Farias","image":{"@type":"ImageObject","inLanguage":"pt-BR","@id":"https:\/\/www.manaus.am.gov.br\/semasc\/#\/schema\/person\/image\/","url":"https:\/\/secure.gravatar.com\/avatar\/eb33200ffd19538372f635b2165531c0?s=96&d=mm&r=g","contentUrl":"https:\/\/secure.gravatar.com\/avatar\/eb33200ffd19538372f635b2165531c0?s=96&d=mm&r=g","caption":"Glauber Farias"}}]}},"_links":{"self":[{"href":"https:\/\/www.manaus.am.gov.br\/semasc\/wp-json\/wp\/v2\/posts\/209180"}],"collection":[{"href":"https:\/\/www.manaus.am.gov.br\/semasc\/wp-json\/wp\/v2\/posts"}],"about":[{"href":"https:\/\/www.manaus.am.gov.br\/semasc\/wp-json\/wp\/v2\/types\/post"}],"author":[{"embeddable":true,"href":"https:\/\/www.manaus.am.gov.br\/semasc\/wp-json\/wp\/v2\/users\/8"}],"replies":[{"embeddable":true,"href":"https:\/\/www.manaus.am.gov.br\/semasc\/wp-json\/wp\/v2\/comments?post=209180"}],"version-history":[{"count":0,"href":"https:\/\/www.manaus.am.gov.br\/semasc\/wp-json\/wp\/v2\/posts\/209180\/revisions"}],"wp:featuredmedia":[{"embeddable":true,"href":"https:\/\/www.manaus.am.gov.br\/semasc\/wp-json\/wp\/v2\/media\/209181"}],"wp:attachment":[{"href":"https:\/\/www.manaus.am.gov.br\/semasc\/wp-json\/wp\/v2\/media?parent=209180"}],"wp:term":[{"taxonomy":"category","embeddable":true,"href":"https:\/\/www.manaus.am.gov.br\/semasc\/wp-json\/wp\/v2\/categories?post=209180"},{"taxonomy":"post_tag","embeddable":true,"href":"https:\/\/www.manaus.am.gov.br\/semasc\/wp-json\/wp\/v2\/tags?post=209180"}],"curies":[{"name":"wp","href":"https:\/\/api.w.org\/{rel}","templated":true}]}}