{"id":209178,"date":"2021-04-27T16:30:03","date_gmt":"2021-04-27T20:30:03","guid":{"rendered":"https:\/\/www.manaus.am.gov.br\/semasc\/semasc-prorroga-regime-de-teletrabalho-como-medida-de-prevencao-a-covid-19\/"},"modified":"2023-11-17T18:05:00","modified_gmt":"2023-11-17T22:05:00","slug":"semasc-prorroga-regime-de-teletrabalho-como-medida-de-prevencao-a-covid-19","status":"publish","type":"post","link":"https:\/\/www.manaus.am.gov.br\/semasc\/semasc-prorroga-regime-de-teletrabalho-como-medida-de-prevencao-a-covid-19\/","title":{"rendered":"Semasc prorroga regime de teletrabalho como medida de preven\u00e7\u00e3o \u00e0 Covid-19"},"content":{"rendered":"\n<p>Foi publicado no Di\u00e1rio Oficial do Munic\u00edpio (DOM) da \u00faltima segunda-feira, 26\/4, a portaria n\u00ba 103\/2021, da Secretaria Municipal da Mulher, Assist\u00eancia Social e Cidadania (Semasc), que prorroga por 30 dias o regime de teletrabalho, para os servidores da pasta, al\u00e9m de manter suspenso os atendimentos presenciais, participa\u00e7\u00e3o de funcion\u00e1rios em eventos, cursos, reuni\u00f5es ou eventos coletivos e treinamentos pelo mesmo per\u00edodo.<\/p>\n\n\n\n<p>Segundo a portaria, as atividades essenciais devem ocorrer no hor\u00e1rio de 8h \u00e0s 17h, adotando-se o regime de jornada em turnos de revezamento com a presen\u00e7a di\u00e1ria m\u00ednima de servidores por departamento. Servi\u00e7os da Prefeitura de Manaus, por meio do \u00f3rg\u00e3o, que n\u00e3o podem sofrer paralisa\u00e7\u00e3o ou interrup\u00e7\u00e3o v\u00e3o continuar funcionando normalmente.<\/p>\n\n\n\n<p>Os Centros de Refer\u00eancia em Assist\u00eancia Social (Cras), Centros de Refer\u00eancia Especializada em Assist\u00eancia Social (Creas) e o Espa\u00e7o de Atendimento Multidisciplinar ao Autista \u201cAmigo Ruy\u201d (EAMAAR) funcionar\u00e3o no hor\u00e1rio das 8h \u00e0s 14h,&nbsp;com a manuten\u00e7\u00e3o do atendimento ao p\u00fablico externo presencialmente na unidade, mediante agendamento pr\u00e9vio, com vistas a reduzir a circula\u00e7\u00e3o de pessoas e evitar aglomera\u00e7\u00e3o nos equipamentos.<\/p>\n\n\n\n<p>Telefones de contato e endere\u00e7os de e-mail para agendamento podem ser consultados em&nbsp;<a href=\"https:\/\/semasc.manaus.am.gov.br\/\" data-saferedirecturl=\"https:\/\/www.google.com\/url?q=https:\/\/semasc.manaus.am.gov.br\/&amp;source=gmail&amp;ust=1619641670449000&amp;usg=AFQjCNFXs_RDbNMmrhDDcXbPQm7NhpjFcg\">https:\/\/semasc.manaus.am.gov.br\/<\/a>.<\/p>\n\n\n\n<p>\u201cApesar da queda nos casos de novas infec\u00e7\u00f5es e de \u00f3bitos pelo novo coronav\u00edrus, entendemos que precisamos continuar com os cuidados para evitar a terceira onda. A Semasc \u00e9 uma secretaria essencial nas atividades di\u00e1rias da Prefeitura de Manaus e n\u00f3s n\u00e3o vamos paralisar as atividades. Servi\u00e7os que tenham regime de plant\u00e3o, como o SOS Funeral, continuar\u00e3o atendendo normalmente, assim como continuaremos com a nossa a\u00e7\u00e3o de cadastramento na opera\u00e7\u00e3o Cheia 2021\u201d, afirmou a secret\u00e1ria da Semasc, Jane Mara Moraes.<\/p>\n\n\n\n<p>&#8212; &#8212; &#8212;<\/p>\n\n\n\n<p><strong>Texto &#8211; <\/strong>Leonardo Fierro \/ Semasc<br><strong>Foto<\/strong> \u2013 Valdo Le\u00e3o \/ Arquivo Semcom<\/p>\n","protected":false},"excerpt":{"rendered":"","protected":false},"author":31,"featured_media":209179,"comment_status":"closed","ping_status":"closed","sticky":false,"template":"","format":"standard","meta":{"footnotes":""},"categories":[586],"tags":[570,587,588,18,589],"acf":[],"yoast_head":"<!-- This site is optimized with the Yoast SEO plugin v23.0 - https:\/\/yoast.com\/wordpress\/plugins\/seo\/ -->\n<title>Semasc prorroga regime de teletrabalho como medida de preven\u00e7\u00e3o \u00e0 Covid-19 - SEMASC<\/title>\n<meta name=\"robots\" content=\"noindex, follow\" \/>\n<meta property=\"og:locale\" content=\"pt_BR\" \/>\n<meta property=\"og:type\" content=\"article\" \/>\n<meta property=\"og:title\" content=\"Semasc prorroga regime de teletrabalho como medida de preven\u00e7\u00e3o \u00e0 Covid-19 - SEMASC\" \/>\n<meta property=\"og:url\" content=\"https:\/\/www.manaus.am.gov.br\/semasc\/semasc-prorroga-regime-de-teletrabalho-como-medida-de-prevencao-a-covid-19\/\" \/>\n<meta property=\"og:site_name\" content=\"SEMASC\" \/>\n<meta property=\"article:publisher\" content=\"https:\/\/www.facebook.com\/semascmanaus\" \/>\n<meta property=\"article:published_time\" content=\"2021-04-27T20:30:03+00:00\" \/>\n<meta property=\"article:modified_time\" content=\"2023-11-17T22:05:00+00:00\" \/>\n<meta property=\"og:image\" content=\"https:\/\/www.manaus.am.gov.br\/semasc\/wp-content\/uploads\/sites\/17\/2023\/11\/50860018786_b4f86e0ddc_c.jpg\" \/>\n\t<meta property=\"og:image:width\" content=\"800\" \/>\n\t<meta property=\"og:image:height\" content=\"534\" \/>\n\t<meta property=\"og:image:type\" content=\"image\/jpeg\" \/>\n<meta name=\"author\" content=\"Renata Felix\" \/>\n<meta name=\"twitter:card\" content=\"summary_large_image\" \/>\n<meta name=\"twitter:label1\" content=\"Written by\" \/>\n\t<meta name=\"twitter:data1\" content=\"Renata Felix\" \/>\n\t<meta name=\"twitter:label2\" content=\"Est. reading time\" \/>\n\t<meta name=\"twitter:data2\" content=\"2 minutos\" \/>\n<script type=\"application\/ld+json\" class=\"yoast-schema-graph\">{\"@context\":\"https:\/\/schema.org\",\"@graph\":[{\"@type\":\"Article\",\"@id\":\"https:\/\/www.manaus.am.gov.br\/semasc\/semasc-prorroga-regime-de-teletrabalho-como-medida-de-prevencao-a-covid-19\/#article\",\"isPartOf\":{\"@id\":\"https:\/\/www.manaus.am.gov.br\/semasc\/semasc-prorroga-regime-de-teletrabalho-como-medida-de-prevencao-a-covid-19\/\"},\"author\":{\"name\":\"Renata Felix\",\"@id\":\"https:\/\/www.manaus.am.gov.br\/semasc\/#\/schema\/person\/4eea2a8f78dc853097abb026f728aa06\"},\"headline\":\"Semasc prorroga regime de teletrabalho como medida de preven\u00e7\u00e3o \u00e0 Covid-19\",\"datePublished\":\"2021-04-27T20:30:03+00:00\",\"dateModified\":\"2023-11-17T22:05:00+00:00\",\"mainEntityOfPage\":{\"@id\":\"https:\/\/www.manaus.am.gov.br\/semasc\/semasc-prorroga-regime-de-teletrabalho-como-medida-de-prevencao-a-covid-19\/\"},\"wordCount\":338,\"publisher\":{\"@id\":\"https:\/\/www.manaus.am.gov.br\/semasc\/#organization\"},\"image\":{\"@id\":\"https:\/\/www.manaus.am.gov.br\/semasc\/semasc-prorroga-regime-de-teletrabalho-como-medida-de-prevencao-a-covid-19\/#primaryimage\"},\"thumbnailUrl\":\"https:\/\/www.manaus.am.gov.br\/semasc\/wp-content\/uploads\/sites\/17\/2023\/11\/50860018786_b4f86e0ddc_c.jpg\",\"keywords\":[\"Covid-19\",\"preven\u00e7\u00e3o\",\"prorrogacao\",\"Semasc\",\"Teletrabalho\"],\"articleSection\":[\"Prorroga\u00e7\u00e3o\"],\"inLanguage\":\"pt-BR\"},{\"@type\":\"WebPage\",\"@id\":\"https:\/\/www.manaus.am.gov.br\/semasc\/semasc-prorroga-regime-de-teletrabalho-como-medida-de-prevencao-a-covid-19\/\",\"url\":\"https:\/\/www.manaus.am.gov.br\/semasc\/semasc-prorroga-regime-de-teletrabalho-como-medida-de-prevencao-a-covid-19\/\",\"name\":\"Semasc prorroga regime de teletrabalho como medida de preven\u00e7\u00e3o \u00e0 Covid-19 - SEMASC\",\"isPartOf\":{\"@id\":\"https:\/\/www.manaus.am.gov.br\/semasc\/#website\"},\"primaryImageOfPage\":{\"@id\":\"https:\/\/www.manaus.am.gov.br\/semasc\/semasc-prorroga-regime-de-teletrabalho-como-medida-de-prevencao-a-covid-19\/#primaryimage\"},\"image\":{\"@id\":\"https:\/\/www.manaus.am.gov.br\/semasc\/semasc-prorroga-regime-de-teletrabalho-como-medida-de-prevencao-a-covid-19\/#primaryimage\"},\"thumbnailUrl\":\"https:\/\/www.manaus.am.gov.br\/semasc\/wp-content\/uploads\/sites\/17\/2023\/11\/50860018786_b4f86e0ddc_c.jpg\",\"datePublished\":\"2021-04-27T20:30:03+00:00\",\"dateModified\":\"2023-11-17T22:05:00+00:00\",\"breadcrumb\":{\"@id\":\"https:\/\/www.manaus.am.gov.br\/semasc\/semasc-prorroga-regime-de-teletrabalho-como-medida-de-prevencao-a-covid-19\/#breadcrumb\"},\"inLanguage\":\"pt-BR\",\"potentialAction\":[{\"@type\":\"ReadAction\",\"target\":[\"https:\/\/www.manaus.am.gov.br\/semasc\/semasc-prorroga-regime-de-teletrabalho-como-medida-de-prevencao-a-covid-19\/\"]}]},{\"@type\":\"ImageObject\",\"inLanguage\":\"pt-BR\",\"@id\":\"https:\/\/www.manaus.am.gov.br\/semasc\/semasc-prorroga-regime-de-teletrabalho-como-medida-de-prevencao-a-covid-19\/#primaryimage\",\"url\":\"https:\/\/www.manaus.am.gov.br\/semasc\/wp-content\/uploads\/sites\/17\/2023\/11\/50860018786_b4f86e0ddc_c.jpg\",\"contentUrl\":\"https:\/\/www.manaus.am.gov.br\/semasc\/wp-content\/uploads\/sites\/17\/2023\/11\/50860018786_b4f86e0ddc_c.jpg\",\"width\":800,\"height\":534,\"caption\":\"Semasc prorroga regime de teletrabalho como medida de preven\u00e7\u00e3o \u00e0 Covid-19\"},{\"@type\":\"BreadcrumbList\",\"@id\":\"https:\/\/www.manaus.am.gov.br\/semasc\/semasc-prorroga-regime-de-teletrabalho-como-medida-de-prevencao-a-covid-19\/#breadcrumb\",\"itemListElement\":[{\"@type\":\"ListItem\",\"position\":1,\"name\":\"Home\",\"item\":\"https:\/\/www.manaus.am.gov.br\/semasc\/\"},{\"@type\":\"ListItem\",\"position\":2,\"name\":\"Semasc prorroga regime de teletrabalho como medida de preven\u00e7\u00e3o \u00e0 Covid-19\"}]},{\"@type\":\"WebSite\",\"@id\":\"https:\/\/www.manaus.am.gov.br\/semasc\/#website\",\"url\":\"https:\/\/www.manaus.am.gov.br\/semasc\/\",\"name\":\"SEMASC\",\"description\":\"Secretaria Municipal da Mulher, Assist\u00eancia Social e Cidadania.\",\"publisher\":{\"@id\":\"https:\/\/www.manaus.am.gov.br\/semasc\/#organization\"},\"alternateName\":\"Secretaria Municipal da Mulher, Assist\u00eancia Social e Cidadania\",\"potentialAction\":[{\"@type\":\"SearchAction\",\"target\":{\"@type\":\"EntryPoint\",\"urlTemplate\":\"https:\/\/www.manaus.am.gov.br\/semasc\/?s={search_term_string}\"},\"query-input\":\"required name=search_term_string\"}],\"inLanguage\":\"pt-BR\"},{\"@type\":\"Organization\",\"@id\":\"https:\/\/www.manaus.am.gov.br\/semasc\/#organization\",\"name\":\"Prefeitura de Manaus\",\"alternateName\":\"Prefeitura Municipal de Manaus\",\"url\":\"https:\/\/www.manaus.am.gov.br\/semasc\/\",\"logo\":{\"@type\":\"ImageObject\",\"inLanguage\":\"pt-BR\",\"@id\":\"https:\/\/www.manaus.am.gov.br\/semasc\/#\/schema\/logo\/image\/\",\"url\":\"https:\/\/www.manaus.am.gov.br\/semasc\/wp-content\/uploads\/sites\/17\/2024\/07\/favicon.png\",\"contentUrl\":\"https:\/\/www.manaus.am.gov.br\/semasc\/wp-content\/uploads\/sites\/17\/2024\/07\/favicon.png\",\"width\":300,\"height\":300,\"caption\":\"Prefeitura de Manaus\"},\"image\":{\"@id\":\"https:\/\/www.manaus.am.gov.br\/semasc\/#\/schema\/logo\/image\/\"},\"sameAs\":[\"https:\/\/www.facebook.com\/semascmanaus\",\"https:\/\/www.instagram.com\/semascmanaus\/\"]},{\"@type\":\"Person\",\"@id\":\"https:\/\/www.manaus.am.gov.br\/semasc\/#\/schema\/person\/4eea2a8f78dc853097abb026f728aa06\",\"name\":\"Renata Felix\",\"image\":{\"@type\":\"ImageObject\",\"inLanguage\":\"pt-BR\",\"@id\":\"https:\/\/www.manaus.am.gov.br\/semasc\/#\/schema\/person\/image\/\",\"url\":\"https:\/\/secure.gravatar.com\/avatar\/3c196cf9d3b837b24c8edb2c50fd8f29?s=96&d=mm&r=g\",\"contentUrl\":\"https:\/\/secure.gravatar.com\/avatar\/3c196cf9d3b837b24c8edb2c50fd8f29?s=96&d=mm&r=g\",\"caption\":\"Renata Felix\"}}]}<\/script>\n<!-- \/ Yoast SEO plugin. -->","yoast_head_json":{"title":"Semasc prorroga regime de teletrabalho como medida de preven\u00e7\u00e3o \u00e0 Covid-19 - SEMASC","robots":{"index":"noindex","follow":"follow"},"og_locale":"pt_BR","og_type":"article","og_title":"Semasc prorroga regime de teletrabalho como medida de preven\u00e7\u00e3o \u00e0 Covid-19 - SEMASC","og_url":"https:\/\/www.manaus.am.gov.br\/semasc\/semasc-prorroga-regime-de-teletrabalho-como-medida-de-prevencao-a-covid-19\/","og_site_name":"SEMASC","article_publisher":"https:\/\/www.facebook.com\/semascmanaus","article_published_time":"2021-04-27T20:30:03+00:00","article_modified_time":"2023-11-17T22:05:00+00:00","og_image":[{"width":800,"height":534,"url":"https:\/\/www.manaus.am.gov.br\/semasc\/wp-content\/uploads\/sites\/17\/2023\/11\/50860018786_b4f86e0ddc_c.jpg","type":"image\/jpeg"}],"author":"Renata Felix","twitter_card":"summary_large_image","twitter_misc":{"Written by":"Renata Felix","Est. reading time":"2 minutos"},"schema":{"@context":"https:\/\/schema.org","@graph":[{"@type":"Article","@id":"https:\/\/www.manaus.am.gov.br\/semasc\/semasc-prorroga-regime-de-teletrabalho-como-medida-de-prevencao-a-covid-19\/#article","isPartOf":{"@id":"https:\/\/www.manaus.am.gov.br\/semasc\/semasc-prorroga-regime-de-teletrabalho-como-medida-de-prevencao-a-covid-19\/"},"author":{"name":"Renata Felix","@id":"https:\/\/www.manaus.am.gov.br\/semasc\/#\/schema\/person\/4eea2a8f78dc853097abb026f728aa06"},"headline":"Semasc prorroga regime de teletrabalho como medida de preven\u00e7\u00e3o \u00e0 Covid-19","datePublished":"2021-04-27T20:30:03+00:00","dateModified":"2023-11-17T22:05:00+00:00","mainEntityOfPage":{"@id":"https:\/\/www.manaus.am.gov.br\/semasc\/semasc-prorroga-regime-de-teletrabalho-como-medida-de-prevencao-a-covid-19\/"},"wordCount":338,"publisher":{"@id":"https:\/\/www.manaus.am.gov.br\/semasc\/#organization"},"image":{"@id":"https:\/\/www.manaus.am.gov.br\/semasc\/semasc-prorroga-regime-de-teletrabalho-como-medida-de-prevencao-a-covid-19\/#primaryimage"},"thumbnailUrl":"https:\/\/www.manaus.am.gov.br\/semasc\/wp-content\/uploads\/sites\/17\/2023\/11\/50860018786_b4f86e0ddc_c.jpg","keywords":["Covid-19","preven\u00e7\u00e3o","prorrogacao","Semasc","Teletrabalho"],"articleSection":["Prorroga\u00e7\u00e3o"],"inLanguage":"pt-BR"},{"@type":"WebPage","@id":"https:\/\/www.manaus.am.gov.br\/semasc\/semasc-prorroga-regime-de-teletrabalho-como-medida-de-prevencao-a-covid-19\/","url":"https:\/\/www.manaus.am.gov.br\/semasc\/semasc-prorroga-regime-de-teletrabalho-como-medida-de-prevencao-a-covid-19\/","name":"Semasc prorroga regime de teletrabalho como medida de preven\u00e7\u00e3o \u00e0 Covid-19 - SEMASC","isPartOf":{"@id":"https:\/\/www.manaus.am.gov.br\/semasc\/#website"},"primaryImageOfPage":{"@id":"https:\/\/www.manaus.am.gov.br\/semasc\/semasc-prorroga-regime-de-teletrabalho-como-medida-de-prevencao-a-covid-19\/#primaryimage"},"image":{"@id":"https:\/\/www.manaus.am.gov.br\/semasc\/semasc-prorroga-regime-de-teletrabalho-como-medida-de-prevencao-a-covid-19\/#primaryimage"},"thumbnailUrl":"https:\/\/www.manaus.am.gov.br\/semasc\/wp-content\/uploads\/sites\/17\/2023\/11\/50860018786_b4f86e0ddc_c.jpg","datePublished":"2021-04-27T20:30:03+00:00","dateModified":"2023-11-17T22:05:00+00:00","breadcrumb":{"@id":"https:\/\/www.manaus.am.gov.br\/semasc\/semasc-prorroga-regime-de-teletrabalho-como-medida-de-prevencao-a-covid-19\/#breadcrumb"},"inLanguage":"pt-BR","potentialAction":[{"@type":"ReadAction","target":["https:\/\/www.manaus.am.gov.br\/semasc\/semasc-prorroga-regime-de-teletrabalho-como-medida-de-prevencao-a-covid-19\/"]}]},{"@type":"ImageObject","inLanguage":"pt-BR","@id":"https:\/\/www.manaus.am.gov.br\/semasc\/semasc-prorroga-regime-de-teletrabalho-como-medida-de-prevencao-a-covid-19\/#primaryimage","url":"https:\/\/www.manaus.am.gov.br\/semasc\/wp-content\/uploads\/sites\/17\/2023\/11\/50860018786_b4f86e0ddc_c.jpg","contentUrl":"https:\/\/www.manaus.am.gov.br\/semasc\/wp-content\/uploads\/sites\/17\/2023\/11\/50860018786_b4f86e0ddc_c.jpg","width":800,"height":534,"caption":"Semasc prorroga regime de teletrabalho como medida de preven\u00e7\u00e3o \u00e0 Covid-19"},{"@type":"BreadcrumbList","@id":"https:\/\/www.manaus.am.gov.br\/semasc\/semasc-prorroga-regime-de-teletrabalho-como-medida-de-prevencao-a-covid-19\/#breadcrumb","itemListElement":[{"@type":"ListItem","position":1,"name":"Home","item":"https:\/\/www.manaus.am.gov.br\/semasc\/"},{"@type":"ListItem","position":2,"name":"Semasc prorroga regime de teletrabalho como medida de preven\u00e7\u00e3o \u00e0 Covid-19"}]},{"@type":"WebSite","@id":"https:\/\/www.manaus.am.gov.br\/semasc\/#website","url":"https:\/\/www.manaus.am.gov.br\/semasc\/","name":"SEMASC","description":"Secretaria Municipal da Mulher, Assist\u00eancia Social e Cidadania.","publisher":{"@id":"https:\/\/www.manaus.am.gov.br\/semasc\/#organization"},"alternateName":"Secretaria Municipal da Mulher, Assist\u00eancia Social e Cidadania","potentialAction":[{"@type":"SearchAction","target":{"@type":"EntryPoint","urlTemplate":"https:\/\/www.manaus.am.gov.br\/semasc\/?s={search_term_string}"},"query-input":"required name=search_term_string"}],"inLanguage":"pt-BR"},{"@type":"Organization","@id":"https:\/\/www.manaus.am.gov.br\/semasc\/#organization","name":"Prefeitura de Manaus","alternateName":"Prefeitura Municipal de Manaus","url":"https:\/\/www.manaus.am.gov.br\/semasc\/","logo":{"@type":"ImageObject","inLanguage":"pt-BR","@id":"https:\/\/www.manaus.am.gov.br\/semasc\/#\/schema\/logo\/image\/","url":"https:\/\/www.manaus.am.gov.br\/semasc\/wp-content\/uploads\/sites\/17\/2024\/07\/favicon.png","contentUrl":"https:\/\/www.manaus.am.gov.br\/semasc\/wp-content\/uploads\/sites\/17\/2024\/07\/favicon.png","width":300,"height":300,"caption":"Prefeitura de Manaus"},"image":{"@id":"https:\/\/www.manaus.am.gov.br\/semasc\/#\/schema\/logo\/image\/"},"sameAs":["https:\/\/www.facebook.com\/semascmanaus","https:\/\/www.instagram.com\/semascmanaus\/"]},{"@type":"Person","@id":"https:\/\/www.manaus.am.gov.br\/semasc\/#\/schema\/person\/4eea2a8f78dc853097abb026f728aa06","name":"Renata Felix","image":{"@type":"ImageObject","inLanguage":"pt-BR","@id":"https:\/\/www.manaus.am.gov.br\/semasc\/#\/schema\/person\/image\/","url":"https:\/\/secure.gravatar.com\/avatar\/3c196cf9d3b837b24c8edb2c50fd8f29?s=96&d=mm&r=g","contentUrl":"https:\/\/secure.gravatar.com\/avatar\/3c196cf9d3b837b24c8edb2c50fd8f29?s=96&d=mm&r=g","caption":"Renata Felix"}}]}},"_links":{"self":[{"href":"https:\/\/www.manaus.am.gov.br\/semasc\/wp-json\/wp\/v2\/posts\/209178"}],"collection":[{"href":"https:\/\/www.manaus.am.gov.br\/semasc\/wp-json\/wp\/v2\/posts"}],"about":[{"href":"https:\/\/www.manaus.am.gov.br\/semasc\/wp-json\/wp\/v2\/types\/post"}],"author":[{"embeddable":true,"href":"https:\/\/www.manaus.am.gov.br\/semasc\/wp-json\/wp\/v2\/users\/31"}],"replies":[{"embeddable":true,"href":"https:\/\/www.manaus.am.gov.br\/semasc\/wp-json\/wp\/v2\/comments?post=209178"}],"version-history":[{"count":0,"href":"https:\/\/www.manaus.am.gov.br\/semasc\/wp-json\/wp\/v2\/posts\/209178\/revisions"}],"wp:featuredmedia":[{"embeddable":true,"href":"https:\/\/www.manaus.am.gov.br\/semasc\/wp-json\/wp\/v2\/media\/209179"}],"wp:attachment":[{"href":"https:\/\/www.manaus.am.gov.br\/semasc\/wp-json\/wp\/v2\/media?parent=209178"}],"wp:term":[{"taxonomy":"category","embeddable":true,"href":"https:\/\/www.manaus.am.gov.br\/semasc\/wp-json\/wp\/v2\/categories?post=209178"},{"taxonomy":"post_tag","embeddable":true,"href":"https:\/\/www.manaus.am.gov.br\/semasc\/wp-json\/wp\/v2\/tags?post=209178"}],"curies":[{"name":"wp","href":"https:\/\/api.w.org\/{rel}","templated":true}]}}