{"id":209175,"date":"2021-06-06T23:24:08","date_gmt":"2021-06-07T03:24:08","guid":{"rendered":"https:\/\/www.manaus.am.gov.br\/semasc\/atendimentos-presenciais-em-unidades-da-semasc-serao-suspensos-nesta-segunda-feira\/"},"modified":"2023-11-17T18:01:01","modified_gmt":"2023-11-17T22:01:01","slug":"atendimentos-presenciais-em-unidades-da-semasc-serao-suspensos-nesta-segunda-feira","status":"publish","type":"post","link":"https:\/\/www.manaus.am.gov.br\/semasc\/atendimentos-presenciais-em-unidades-da-semasc-serao-suspensos-nesta-segunda-feira\/","title":{"rendered":"Atendimentos presenciais em unidades da Semasc ser\u00e3o suspensos nesta segunda-feira"},"content":{"rendered":"\n<p>Os atendimentos presenciais nas unidades da Secretaria Municipal da Mulher, Assist\u00eancia Social e Cidadania (Semasc) &#8211; Centros de Refer\u00eancia de Assist\u00eancia Social (CRAS), Centros de Refer\u00eancia Especializado de Assist\u00eancia Social (CREAS), Centro Pop, Cozinhas Comunit\u00e1rias e Restaurante Popular da Compensa &#8211; ser\u00e3o suspensos nesta segunda-feira, 7\/6, em virtude da situa\u00e7\u00e3o de viol\u00eancia e vandalismo contra diversas unidades p\u00fablicas de Manaus. Na sede da Semasc, os atendimentos presenciais, como Cadastro \u00danico, tamb\u00e9m ser\u00e3o suspensos. Todos os servidores estar\u00e3o atuando em regime de teletrabalho, com exce\u00e7\u00e3o dos servi\u00e7os de acolhimento.<\/p>\n\n\n\n<p class=\"has-text-align-center\"><\/p>\n\n\n\n<p>A entrega de cestas b\u00e1sicas que estavam programadas para esta segunda-feira tamb\u00e9m ser\u00e3o suspensas e reprogramadas para os pr\u00f3ximos dias. O que acontecer\u00e1 com o cadastramento de fam\u00edlias atingidas pela cheia do Rio Negro.<\/p>\n\n\n\n<p>Servi\u00e7os que funcionam 24h, como o SOS Funeral e Disque Den\u00fancia, funcionar\u00e3o normalmente.<\/p>\n","protected":false},"excerpt":{"rendered":"","protected":false},"author":25,"featured_media":209160,"comment_status":"closed","ping_status":"closed","sticky":false,"template":"","format":"standard","meta":{"footnotes":""},"categories":[156],"tags":[432,18,583],"acf":[],"yoast_head":"<!-- This site is optimized with the Yoast SEO plugin v23.0 - https:\/\/yoast.com\/wordpress\/plugins\/seo\/ -->\n<title>Atendimentos presenciais em unidades da Semasc ser\u00e3o suspensos nesta segunda-feira\u00a0<\/title>\n<meta name=\"description\" content=\"Os atendimentos presenciais nas unidades da Secretaria Municipal da Mulher, Assist\u00eancia Social e Cidadania (Semasc)\" \/>\n<meta name=\"robots\" content=\"noindex, follow\" \/>\n<meta property=\"og:locale\" content=\"pt_BR\" \/>\n<meta property=\"og:type\" content=\"article\" \/>\n<meta property=\"og:title\" content=\"Atendimentos presenciais em unidades da Semasc ser\u00e3o suspensos nesta segunda-feira\u00a0\" \/>\n<meta property=\"og:description\" content=\"Os atendimentos presenciais nas unidades da Secretaria Municipal da Mulher, Assist\u00eancia Social e Cidadania (Semasc)\" \/>\n<meta property=\"og:url\" content=\"https:\/\/www.manaus.am.gov.br\/semasc\/atendimentos-presenciais-em-unidades-da-semasc-serao-suspensos-nesta-segunda-feira\/\" \/>\n<meta property=\"og:site_name\" content=\"SEMASC\" \/>\n<meta property=\"article:publisher\" content=\"https:\/\/www.facebook.com\/semascmanaus\" \/>\n<meta property=\"article:published_time\" content=\"2021-06-07T03:24:08+00:00\" \/>\n<meta property=\"article:modified_time\" content=\"2023-11-17T22:01:01+00:00\" \/>\n<meta property=\"og:image\" content=\"https:\/\/www.manaus.am.gov.br\/semasc\/wp-content\/uploads\/sites\/17\/2023\/11\/Nota.png\" \/>\n\t<meta property=\"og:image:width\" content=\"900\" \/>\n\t<meta property=\"og:image:height\" content=\"509\" \/>\n\t<meta property=\"og:image:type\" content=\"image\/png\" \/>\n<meta name=\"author\" content=\"Maur\u00edcio Freire\" \/>\n<meta name=\"twitter:card\" content=\"summary_large_image\" \/>\n<meta name=\"twitter:label1\" content=\"Written by\" \/>\n\t<meta name=\"twitter:data1\" content=\"Maur\u00edcio Freire\" \/>\n\t<meta name=\"twitter:label2\" content=\"Est. reading time\" \/>\n\t<meta name=\"twitter:data2\" content=\"1 minuto\" \/>\n<script type=\"application\/ld+json\" class=\"yoast-schema-graph\">{\"@context\":\"https:\/\/schema.org\",\"@graph\":[{\"@type\":\"Article\",\"@id\":\"https:\/\/www.manaus.am.gov.br\/semasc\/atendimentos-presenciais-em-unidades-da-semasc-serao-suspensos-nesta-segunda-feira\/#article\",\"isPartOf\":{\"@id\":\"https:\/\/www.manaus.am.gov.br\/semasc\/atendimentos-presenciais-em-unidades-da-semasc-serao-suspensos-nesta-segunda-feira\/\"},\"author\":{\"name\":\"Maur\u00edcio Freire\",\"@id\":\"https:\/\/www.manaus.am.gov.br\/semasc\/#\/schema\/person\/587989a23a463cde5618e6a028977a9a\"},\"headline\":\"Atendimentos presenciais em unidades da Semasc ser\u00e3o suspensos nesta segunda-feira\",\"datePublished\":\"2021-06-07T03:24:08+00:00\",\"dateModified\":\"2023-11-17T22:01:01+00:00\",\"mainEntityOfPage\":{\"@id\":\"https:\/\/www.manaus.am.gov.br\/semasc\/atendimentos-presenciais-em-unidades-da-semasc-serao-suspensos-nesta-segunda-feira\/\"},\"wordCount\":168,\"publisher\":{\"@id\":\"https:\/\/www.manaus.am.gov.br\/semasc\/#organization\"},\"image\":{\"@id\":\"https:\/\/www.manaus.am.gov.br\/semasc\/atendimentos-presenciais-em-unidades-da-semasc-serao-suspensos-nesta-segunda-feira\/#primaryimage\"},\"thumbnailUrl\":\"https:\/\/www.manaus.am.gov.br\/semasc\/wp-content\/uploads\/sites\/17\/2023\/11\/Nota.png\",\"keywords\":[\"atendimentos\",\"Semasc\",\"suspens\u00e3o\"],\"articleSection\":[\"Nota\"],\"inLanguage\":\"pt-BR\"},{\"@type\":\"WebPage\",\"@id\":\"https:\/\/www.manaus.am.gov.br\/semasc\/atendimentos-presenciais-em-unidades-da-semasc-serao-suspensos-nesta-segunda-feira\/\",\"url\":\"https:\/\/www.manaus.am.gov.br\/semasc\/atendimentos-presenciais-em-unidades-da-semasc-serao-suspensos-nesta-segunda-feira\/\",\"name\":\"Atendimentos presenciais em unidades da Semasc ser\u00e3o suspensos nesta segunda-feira\u00a0\",\"isPartOf\":{\"@id\":\"https:\/\/www.manaus.am.gov.br\/semasc\/#website\"},\"primaryImageOfPage\":{\"@id\":\"https:\/\/www.manaus.am.gov.br\/semasc\/atendimentos-presenciais-em-unidades-da-semasc-serao-suspensos-nesta-segunda-feira\/#primaryimage\"},\"image\":{\"@id\":\"https:\/\/www.manaus.am.gov.br\/semasc\/atendimentos-presenciais-em-unidades-da-semasc-serao-suspensos-nesta-segunda-feira\/#primaryimage\"},\"thumbnailUrl\":\"https:\/\/www.manaus.am.gov.br\/semasc\/wp-content\/uploads\/sites\/17\/2023\/11\/Nota.png\",\"datePublished\":\"2021-06-07T03:24:08+00:00\",\"dateModified\":\"2023-11-17T22:01:01+00:00\",\"description\":\"Os atendimentos presenciais nas unidades da Secretaria Municipal da Mulher, Assist\u00eancia Social e Cidadania (Semasc)\",\"breadcrumb\":{\"@id\":\"https:\/\/www.manaus.am.gov.br\/semasc\/atendimentos-presenciais-em-unidades-da-semasc-serao-suspensos-nesta-segunda-feira\/#breadcrumb\"},\"inLanguage\":\"pt-BR\",\"potentialAction\":[{\"@type\":\"ReadAction\",\"target\":[\"https:\/\/www.manaus.am.gov.br\/semasc\/atendimentos-presenciais-em-unidades-da-semasc-serao-suspensos-nesta-segunda-feira\/\"]}]},{\"@type\":\"ImageObject\",\"inLanguage\":\"pt-BR\",\"@id\":\"https:\/\/www.manaus.am.gov.br\/semasc\/atendimentos-presenciais-em-unidades-da-semasc-serao-suspensos-nesta-segunda-feira\/#primaryimage\",\"url\":\"https:\/\/www.manaus.am.gov.br\/semasc\/wp-content\/uploads\/sites\/17\/2023\/11\/Nota.png\",\"contentUrl\":\"https:\/\/www.manaus.am.gov.br\/semasc\/wp-content\/uploads\/sites\/17\/2023\/11\/Nota.png\",\"width\":900,\"height\":509,\"caption\":\"Nota da Prefeitura de Manaus\"},{\"@type\":\"BreadcrumbList\",\"@id\":\"https:\/\/www.manaus.am.gov.br\/semasc\/atendimentos-presenciais-em-unidades-da-semasc-serao-suspensos-nesta-segunda-feira\/#breadcrumb\",\"itemListElement\":[{\"@type\":\"ListItem\",\"position\":1,\"name\":\"Home\",\"item\":\"https:\/\/www.manaus.am.gov.br\/semasc\/\"},{\"@type\":\"ListItem\",\"position\":2,\"name\":\"Atendimentos presenciais em unidades da Semasc ser\u00e3o suspensos nesta segunda-feira\"}]},{\"@type\":\"WebSite\",\"@id\":\"https:\/\/www.manaus.am.gov.br\/semasc\/#website\",\"url\":\"https:\/\/www.manaus.am.gov.br\/semasc\/\",\"name\":\"SEMASC\",\"description\":\"Secretaria Municipal da Mulher, Assist\u00eancia Social e Cidadania.\",\"publisher\":{\"@id\":\"https:\/\/www.manaus.am.gov.br\/semasc\/#organization\"},\"alternateName\":\"Secretaria Municipal da Mulher, Assist\u00eancia Social e Cidadania\",\"potentialAction\":[{\"@type\":\"SearchAction\",\"target\":{\"@type\":\"EntryPoint\",\"urlTemplate\":\"https:\/\/www.manaus.am.gov.br\/semasc\/?s={search_term_string}\"},\"query-input\":\"required name=search_term_string\"}],\"inLanguage\":\"pt-BR\"},{\"@type\":\"Organization\",\"@id\":\"https:\/\/www.manaus.am.gov.br\/semasc\/#organization\",\"name\":\"Prefeitura de Manaus\",\"alternateName\":\"Prefeitura Municipal de Manaus\",\"url\":\"https:\/\/www.manaus.am.gov.br\/semasc\/\",\"logo\":{\"@type\":\"ImageObject\",\"inLanguage\":\"pt-BR\",\"@id\":\"https:\/\/www.manaus.am.gov.br\/semasc\/#\/schema\/logo\/image\/\",\"url\":\"https:\/\/www.manaus.am.gov.br\/semasc\/wp-content\/uploads\/sites\/17\/2024\/07\/favicon.png\",\"contentUrl\":\"https:\/\/www.manaus.am.gov.br\/semasc\/wp-content\/uploads\/sites\/17\/2024\/07\/favicon.png\",\"width\":300,\"height\":300,\"caption\":\"Prefeitura de Manaus\"},\"image\":{\"@id\":\"https:\/\/www.manaus.am.gov.br\/semasc\/#\/schema\/logo\/image\/\"},\"sameAs\":[\"https:\/\/www.facebook.com\/semascmanaus\",\"https:\/\/www.instagram.com\/semascmanaus\/\"]},{\"@type\":\"Person\",\"@id\":\"https:\/\/www.manaus.am.gov.br\/semasc\/#\/schema\/person\/587989a23a463cde5618e6a028977a9a\",\"name\":\"Maur\u00edcio Freire\",\"image\":{\"@type\":\"ImageObject\",\"inLanguage\":\"pt-BR\",\"@id\":\"https:\/\/www.manaus.am.gov.br\/semasc\/#\/schema\/person\/image\/\",\"url\":\"https:\/\/secure.gravatar.com\/avatar\/dc1481799a1f75c733ac3b2634cd6749?s=96&d=mm&r=g\",\"contentUrl\":\"https:\/\/secure.gravatar.com\/avatar\/dc1481799a1f75c733ac3b2634cd6749?s=96&d=mm&r=g\",\"caption\":\"Maur\u00edcio Freire\"}}]}<\/script>\n<!-- \/ Yoast SEO plugin. -->","yoast_head_json":{"title":"Atendimentos presenciais em unidades da Semasc ser\u00e3o suspensos nesta segunda-feira\u00a0","description":"Os atendimentos presenciais nas unidades da Secretaria Municipal da Mulher, Assist\u00eancia Social e Cidadania (Semasc)","robots":{"index":"noindex","follow":"follow"},"og_locale":"pt_BR","og_type":"article","og_title":"Atendimentos presenciais em unidades da Semasc ser\u00e3o suspensos nesta segunda-feira\u00a0","og_description":"Os atendimentos presenciais nas unidades da Secretaria Municipal da Mulher, Assist\u00eancia Social e Cidadania (Semasc)","og_url":"https:\/\/www.manaus.am.gov.br\/semasc\/atendimentos-presenciais-em-unidades-da-semasc-serao-suspensos-nesta-segunda-feira\/","og_site_name":"SEMASC","article_publisher":"https:\/\/www.facebook.com\/semascmanaus","article_published_time":"2021-06-07T03:24:08+00:00","article_modified_time":"2023-11-17T22:01:01+00:00","og_image":[{"width":900,"height":509,"url":"https:\/\/www.manaus.am.gov.br\/semasc\/wp-content\/uploads\/sites\/17\/2023\/11\/Nota.png","type":"image\/png"}],"author":"Maur\u00edcio Freire","twitter_card":"summary_large_image","twitter_misc":{"Written by":"Maur\u00edcio Freire","Est. reading time":"1 minuto"},"schema":{"@context":"https:\/\/schema.org","@graph":[{"@type":"Article","@id":"https:\/\/www.manaus.am.gov.br\/semasc\/atendimentos-presenciais-em-unidades-da-semasc-serao-suspensos-nesta-segunda-feira\/#article","isPartOf":{"@id":"https:\/\/www.manaus.am.gov.br\/semasc\/atendimentos-presenciais-em-unidades-da-semasc-serao-suspensos-nesta-segunda-feira\/"},"author":{"name":"Maur\u00edcio Freire","@id":"https:\/\/www.manaus.am.gov.br\/semasc\/#\/schema\/person\/587989a23a463cde5618e6a028977a9a"},"headline":"Atendimentos presenciais em unidades da Semasc ser\u00e3o suspensos nesta segunda-feira","datePublished":"2021-06-07T03:24:08+00:00","dateModified":"2023-11-17T22:01:01+00:00","mainEntityOfPage":{"@id":"https:\/\/www.manaus.am.gov.br\/semasc\/atendimentos-presenciais-em-unidades-da-semasc-serao-suspensos-nesta-segunda-feira\/"},"wordCount":168,"publisher":{"@id":"https:\/\/www.manaus.am.gov.br\/semasc\/#organization"},"image":{"@id":"https:\/\/www.manaus.am.gov.br\/semasc\/atendimentos-presenciais-em-unidades-da-semasc-serao-suspensos-nesta-segunda-feira\/#primaryimage"},"thumbnailUrl":"https:\/\/www.manaus.am.gov.br\/semasc\/wp-content\/uploads\/sites\/17\/2023\/11\/Nota.png","keywords":["atendimentos","Semasc","suspens\u00e3o"],"articleSection":["Nota"],"inLanguage":"pt-BR"},{"@type":"WebPage","@id":"https:\/\/www.manaus.am.gov.br\/semasc\/atendimentos-presenciais-em-unidades-da-semasc-serao-suspensos-nesta-segunda-feira\/","url":"https:\/\/www.manaus.am.gov.br\/semasc\/atendimentos-presenciais-em-unidades-da-semasc-serao-suspensos-nesta-segunda-feira\/","name":"Atendimentos presenciais em unidades da Semasc ser\u00e3o suspensos nesta segunda-feira\u00a0","isPartOf":{"@id":"https:\/\/www.manaus.am.gov.br\/semasc\/#website"},"primaryImageOfPage":{"@id":"https:\/\/www.manaus.am.gov.br\/semasc\/atendimentos-presenciais-em-unidades-da-semasc-serao-suspensos-nesta-segunda-feira\/#primaryimage"},"image":{"@id":"https:\/\/www.manaus.am.gov.br\/semasc\/atendimentos-presenciais-em-unidades-da-semasc-serao-suspensos-nesta-segunda-feira\/#primaryimage"},"thumbnailUrl":"https:\/\/www.manaus.am.gov.br\/semasc\/wp-content\/uploads\/sites\/17\/2023\/11\/Nota.png","datePublished":"2021-06-07T03:24:08+00:00","dateModified":"2023-11-17T22:01:01+00:00","description":"Os atendimentos presenciais nas unidades da Secretaria Municipal da Mulher, Assist\u00eancia Social e Cidadania (Semasc)","breadcrumb":{"@id":"https:\/\/www.manaus.am.gov.br\/semasc\/atendimentos-presenciais-em-unidades-da-semasc-serao-suspensos-nesta-segunda-feira\/#breadcrumb"},"inLanguage":"pt-BR","potentialAction":[{"@type":"ReadAction","target":["https:\/\/www.manaus.am.gov.br\/semasc\/atendimentos-presenciais-em-unidades-da-semasc-serao-suspensos-nesta-segunda-feira\/"]}]},{"@type":"ImageObject","inLanguage":"pt-BR","@id":"https:\/\/www.manaus.am.gov.br\/semasc\/atendimentos-presenciais-em-unidades-da-semasc-serao-suspensos-nesta-segunda-feira\/#primaryimage","url":"https:\/\/www.manaus.am.gov.br\/semasc\/wp-content\/uploads\/sites\/17\/2023\/11\/Nota.png","contentUrl":"https:\/\/www.manaus.am.gov.br\/semasc\/wp-content\/uploads\/sites\/17\/2023\/11\/Nota.png","width":900,"height":509,"caption":"Nota da Prefeitura de Manaus"},{"@type":"BreadcrumbList","@id":"https:\/\/www.manaus.am.gov.br\/semasc\/atendimentos-presenciais-em-unidades-da-semasc-serao-suspensos-nesta-segunda-feira\/#breadcrumb","itemListElement":[{"@type":"ListItem","position":1,"name":"Home","item":"https:\/\/www.manaus.am.gov.br\/semasc\/"},{"@type":"ListItem","position":2,"name":"Atendimentos presenciais em unidades da Semasc ser\u00e3o suspensos nesta segunda-feira"}]},{"@type":"WebSite","@id":"https:\/\/www.manaus.am.gov.br\/semasc\/#website","url":"https:\/\/www.manaus.am.gov.br\/semasc\/","name":"SEMASC","description":"Secretaria Municipal da Mulher, Assist\u00eancia Social e Cidadania.","publisher":{"@id":"https:\/\/www.manaus.am.gov.br\/semasc\/#organization"},"alternateName":"Secretaria Municipal da Mulher, Assist\u00eancia Social e Cidadania","potentialAction":[{"@type":"SearchAction","target":{"@type":"EntryPoint","urlTemplate":"https:\/\/www.manaus.am.gov.br\/semasc\/?s={search_term_string}"},"query-input":"required name=search_term_string"}],"inLanguage":"pt-BR"},{"@type":"Organization","@id":"https:\/\/www.manaus.am.gov.br\/semasc\/#organization","name":"Prefeitura de Manaus","alternateName":"Prefeitura Municipal de Manaus","url":"https:\/\/www.manaus.am.gov.br\/semasc\/","logo":{"@type":"ImageObject","inLanguage":"pt-BR","@id":"https:\/\/www.manaus.am.gov.br\/semasc\/#\/schema\/logo\/image\/","url":"https:\/\/www.manaus.am.gov.br\/semasc\/wp-content\/uploads\/sites\/17\/2024\/07\/favicon.png","contentUrl":"https:\/\/www.manaus.am.gov.br\/semasc\/wp-content\/uploads\/sites\/17\/2024\/07\/favicon.png","width":300,"height":300,"caption":"Prefeitura de Manaus"},"image":{"@id":"https:\/\/www.manaus.am.gov.br\/semasc\/#\/schema\/logo\/image\/"},"sameAs":["https:\/\/www.facebook.com\/semascmanaus","https:\/\/www.instagram.com\/semascmanaus\/"]},{"@type":"Person","@id":"https:\/\/www.manaus.am.gov.br\/semasc\/#\/schema\/person\/587989a23a463cde5618e6a028977a9a","name":"Maur\u00edcio Freire","image":{"@type":"ImageObject","inLanguage":"pt-BR","@id":"https:\/\/www.manaus.am.gov.br\/semasc\/#\/schema\/person\/image\/","url":"https:\/\/secure.gravatar.com\/avatar\/dc1481799a1f75c733ac3b2634cd6749?s=96&d=mm&r=g","contentUrl":"https:\/\/secure.gravatar.com\/avatar\/dc1481799a1f75c733ac3b2634cd6749?s=96&d=mm&r=g","caption":"Maur\u00edcio Freire"}}]}},"_links":{"self":[{"href":"https:\/\/www.manaus.am.gov.br\/semasc\/wp-json\/wp\/v2\/posts\/209175"}],"collection":[{"href":"https:\/\/www.manaus.am.gov.br\/semasc\/wp-json\/wp\/v2\/posts"}],"about":[{"href":"https:\/\/www.manaus.am.gov.br\/semasc\/wp-json\/wp\/v2\/types\/post"}],"author":[{"embeddable":true,"href":"https:\/\/www.manaus.am.gov.br\/semasc\/wp-json\/wp\/v2\/users\/25"}],"replies":[{"embeddable":true,"href":"https:\/\/www.manaus.am.gov.br\/semasc\/wp-json\/wp\/v2\/comments?post=209175"}],"version-history":[{"count":0,"href":"https:\/\/www.manaus.am.gov.br\/semasc\/wp-json\/wp\/v2\/posts\/209175\/revisions"}],"wp:featuredmedia":[{"embeddable":true,"href":"https:\/\/www.manaus.am.gov.br\/semasc\/wp-json\/wp\/v2\/media\/209160"}],"wp:attachment":[{"href":"https:\/\/www.manaus.am.gov.br\/semasc\/wp-json\/wp\/v2\/media?parent=209175"}],"wp:term":[{"taxonomy":"category","embeddable":true,"href":"https:\/\/www.manaus.am.gov.br\/semasc\/wp-json\/wp\/v2\/categories?post=209175"},{"taxonomy":"post_tag","embeddable":true,"href":"https:\/\/www.manaus.am.gov.br\/semasc\/wp-json\/wp\/v2\/tags?post=209175"}],"curies":[{"name":"wp","href":"https:\/\/api.w.org\/{rel}","templated":true}]}}