{"id":209171,"date":"2023-11-17T15:38:25","date_gmt":"2023-11-17T19:38:25","guid":{"rendered":"https:\/\/www.manaus.am.gov.br\/semasc\/prefeito-david-almeida-reinaugura-cras-cidade-de-deus-e-enfatiza-parceria-com-governo-federal-para-diminuir-diferenca-social\/"},"modified":"2023-11-21T13:22:13","modified_gmt":"2023-11-21T17:22:13","slug":"prefeito-david-almeida-reinaugura-cras-cidade-de-deus-e-enfatiza-parceria-com-governo-federal-para-diminuir-diferenca-social","status":"publish","type":"post","link":"https:\/\/www.manaus.am.gov.br\/semasc\/prefeito-david-almeida-reinaugura-cras-cidade-de-deus-e-enfatiza-parceria-com-governo-federal-para-diminuir-diferenca-social\/","title":{"rendered":"Prefeito David Almeida reinaugura Cras Nossa Senhora da Concei\u00e7\u00e3o e enfatiza parceria com governo federal para diminuir diferen\u00e7a social"},"content":{"rendered":"\n<p>O prefeito de Manaus, David Almeida, ao lado do ministro do Desenvolvimento e Assist\u00eancia Social, Fam\u00edlia e Combate \u00e0 Fome (MDS), Wellington Dias, reinaugurou o Centro de Refer\u00eancia de Assist\u00eancia Social (Cras) Nossa Senhora da Concei\u00e7\u00e3o, localizado no bairro Cidade de Deus, zona Norte, na tarde desta sexta-feira, 17\/11.<\/p>\n\n\n\n<p>Este \u00e9 o 12\u00ba equipamento revitalizado, gra\u00e7as \u00e0s emendas parlamentares destinadas pelo ent\u00e3o deputado federal Marcelo Ramos, no valor aproximado de R$ 5 milh\u00f5es, em junho de 2022. Al\u00e9m dos 11 Cras, uma unidade do Centro de Refer\u00eancia Especializado de Assist\u00eancia Social (Creas) tamb\u00e9m passou por um processo de revitaliza\u00e7\u00e3o.<\/p>\n\n\n\n<p>David Almeida destacou que esses investimentos ser\u00e3o fundamentais para melhorar o atendimento \u00e0 popula\u00e7\u00e3o.<\/p>\n\n\n\n<p>\u201cEsta \u00e9 uma mudan\u00e7a significativa, porque n\u00f3s temos 22 estruturas no total. Esses equipamentos est\u00e3o sendo revitalizados e modernizados. Isso vai permitir um melhor atendimento \u00e0 popula\u00e7\u00e3o que mais precisa desta assist\u00eancia social. Al\u00e9m disso, estamos recebendo recursos de emendas do deputado Saullo Viana, em que vamos abrir mais dez restaurantes comunit\u00e1rios a partir do ano que vem. Ser\u00e3o 10 mil refei\u00e7\u00f5es servidas todos os dias na cidade. Isso ajuda na seguran\u00e7a alimentar das pessoas que est\u00e3o com essa necessidade\u201d, enfatizou Almeida.<\/p>\n\n\n\n<p>O equipamento social passou por revitaliza\u00e7\u00e3o dos ambientes internos e \u00e1reas externas. Durante a manuten\u00e7\u00e3o, foi efetuada a troca das telhas, das divis\u00f3rias e do forro proporcionando maior seguran\u00e7a e conforto ac\u00fastico e ambiental. Foi feita tamb\u00e9m a troca de pisos e revestimentos cer\u00e2micos em banheiros com a substitui\u00e7\u00e3o de lou\u00e7as sanit\u00e1rias, acess\u00f3rios e metais, al\u00e9m de outros servi\u00e7os el\u00e9tricos, hidr\u00e1ulicos e de refor\u00e7o da seguran\u00e7a.<\/p>\n\n\n\n<figure class=\"wp-block-image size-full\"><img loading=\"lazy\" decoding=\"async\" width=\"799\" height=\"533\" src=\"https:\/\/www.manaus.am.gov.br\/semasc\/wp-content\/uploads\/sites\/17\/2023\/11\/53338120984_5e0c84a175_c.jpg\" alt=\"\" class=\"wp-image-209172\" srcset=\"https:\/\/www.manaus.am.gov.br\/semasc\/wp-content\/uploads\/sites\/17\/2023\/11\/53338120984_5e0c84a175_c.jpg 799w, https:\/\/www.manaus.am.gov.br\/semasc\/wp-content\/uploads\/sites\/17\/2023\/11\/53338120984_5e0c84a175_c-300x200.jpg 300w, https:\/\/www.manaus.am.gov.br\/semasc\/wp-content\/uploads\/sites\/17\/2023\/11\/53338120984_5e0c84a175_c-768x512.jpg 768w\" sizes=\"(max-width: 799px) 100vw, 799px\" \/><\/figure>\n\n\n\n<p>O ministro Wellington Dias salientou a import\u00e2ncia dos Cras para o Sistema \u00danico de Assist\u00eancia Social (Suas) e que estar\u00e1 pr\u00f3ximo da Prefeitura Municipal para fortalecer as a\u00e7\u00f5es sociais.<\/p>\n\n\n\n<p>\u201cO Cras \u00e9 a porta onde chegam e atendem as pessoas que mais precisam. Segundo, n\u00f3s vamos estar juntos em duas \u00e1reas, de um lado a alimenta\u00e7\u00e3o, por isso a import\u00e2ncia e vamos apoiar tamb\u00e9m essa rede de cozinhas solid\u00e1rias, de restaurante popular que \u00e9 muito importante. E, por \u00faltimo, abrimos portas para o emprego, abrimos portas para o empreendedorismo, e a outra \u00e9 a dignidade. Ent\u00e3o \u00e9 esse o caminho que n\u00f3s vamos trabalhar\u201d, concluiu o ministro.<\/p>\n\n\n\n<p>&#8212; &#8212; &#8212;<\/p>\n\n\n\n<p><strong>Texto<\/strong>&nbsp;\u2013 Thiago Fernando \/ Semcom<\/p>\n\n\n\n<p><strong>Fotos<\/strong>&nbsp;\u2013 Dhyeizo Lemos \/ Semcom e Antonio Pereira \/ Casa Civil<\/p>\n\n\n\n<p>Dispon\u00edveis em \u2013&nbsp;<a href=\"https:\/\/flic.kr\/s\/aHBqjB3BtR\" target=\"_blank\" rel=\"noreferrer noopener\">https:\/\/flic.kr\/s\/aHBqjB3BtR<\/a><\/p>\n","protected":false},"excerpt":{"rendered":"","protected":false},"author":31,"featured_media":209173,"comment_status":"closed","ping_status":"closed","sticky":false,"template":"","format":"standard","meta":{"footnotes":""},"categories":[194],"tags":[193,580,581,582],"acf":[],"yoast_head":"<!-- This site is optimized with the Yoast SEO plugin v23.0 - https:\/\/yoast.com\/wordpress\/plugins\/seo\/ -->\n<title>Prefeito David Almeida reinaugura Cras Nossa Senhora da Concei\u00e7\u00e3o e enfatiza parceria com governo federal para diminuir diferen\u00e7a social - SEMASC<\/title>\n<meta name=\"robots\" content=\"noindex, follow\" \/>\n<meta property=\"og:locale\" content=\"pt_BR\" \/>\n<meta property=\"og:type\" content=\"article\" \/>\n<meta property=\"og:title\" content=\"Prefeito David Almeida reinaugura Cras Nossa Senhora da Concei\u00e7\u00e3o e enfatiza parceria com governo federal para diminuir diferen\u00e7a social - SEMASC\" \/>\n<meta property=\"og:url\" content=\"https:\/\/www.manaus.am.gov.br\/semasc\/prefeito-david-almeida-reinaugura-cras-cidade-de-deus-e-enfatiza-parceria-com-governo-federal-para-diminuir-diferenca-social\/\" \/>\n<meta property=\"og:site_name\" content=\"SEMASC\" \/>\n<meta property=\"article:publisher\" content=\"https:\/\/www.facebook.com\/semascmanaus\" \/>\n<meta property=\"article:published_time\" content=\"2023-11-17T19:38:25+00:00\" \/>\n<meta property=\"article:modified_time\" content=\"2023-11-21T17:22:13+00:00\" \/>\n<meta property=\"og:image\" content=\"https:\/\/www.manaus.am.gov.br\/semasc\/wp-content\/uploads\/sites\/17\/2023\/11\/53337130352_01c55efe24_c.jpg\" \/>\n\t<meta property=\"og:image:width\" content=\"799\" \/>\n\t<meta property=\"og:image:height\" content=\"533\" \/>\n\t<meta property=\"og:image:type\" content=\"image\/jpeg\" \/>\n<meta name=\"author\" content=\"Renata Felix\" \/>\n<meta name=\"twitter:card\" content=\"summary_large_image\" \/>\n<meta name=\"twitter:label1\" content=\"Written by\" \/>\n\t<meta name=\"twitter:data1\" content=\"Renata Felix\" \/>\n\t<meta name=\"twitter:label2\" content=\"Est. reading time\" \/>\n\t<meta name=\"twitter:data2\" content=\"3 minutos\" \/>\n<script type=\"application\/ld+json\" class=\"yoast-schema-graph\">{\"@context\":\"https:\/\/schema.org\",\"@graph\":[{\"@type\":\"Article\",\"@id\":\"https:\/\/www.manaus.am.gov.br\/semasc\/prefeito-david-almeida-reinaugura-cras-cidade-de-deus-e-enfatiza-parceria-com-governo-federal-para-diminuir-diferenca-social\/#article\",\"isPartOf\":{\"@id\":\"https:\/\/www.manaus.am.gov.br\/semasc\/prefeito-david-almeida-reinaugura-cras-cidade-de-deus-e-enfatiza-parceria-com-governo-federal-para-diminuir-diferenca-social\/\"},\"author\":{\"name\":\"Renata Felix\",\"@id\":\"https:\/\/www.manaus.am.gov.br\/semasc\/#\/schema\/person\/4eea2a8f78dc853097abb026f728aa06\"},\"headline\":\"Prefeito David Almeida reinaugura Cras Nossa Senhora da Concei\u00e7\u00e3o e enfatiza parceria com governo federal para diminuir diferen\u00e7a social\",\"datePublished\":\"2023-11-17T19:38:25+00:00\",\"dateModified\":\"2023-11-21T17:22:13+00:00\",\"mainEntityOfPage\":{\"@id\":\"https:\/\/www.manaus.am.gov.br\/semasc\/prefeito-david-almeida-reinaugura-cras-cidade-de-deus-e-enfatiza-parceria-com-governo-federal-para-diminuir-diferenca-social\/\"},\"wordCount\":455,\"publisher\":{\"@id\":\"https:\/\/www.manaus.am.gov.br\/semasc\/#organization\"},\"image\":{\"@id\":\"https:\/\/www.manaus.am.gov.br\/semasc\/prefeito-david-almeida-reinaugura-cras-cidade-de-deus-e-enfatiza-parceria-com-governo-federal-para-diminuir-diferenca-social\/#primaryimage\"},\"thumbnailUrl\":\"https:\/\/www.manaus.am.gov.br\/semasc\/wp-content\/uploads\/sites\/17\/2023\/11\/53337130352_01c55efe24_c.jpg\",\"keywords\":[\"bairro Cidade de Deus\",\"cras Nossa Senhora da Concei\u00e7\u00e3o\",\"MDS\",\"ministro Wellington Dias\"],\"articleSection\":[\"Assist\u00eancia\"],\"inLanguage\":\"pt-BR\"},{\"@type\":\"WebPage\",\"@id\":\"https:\/\/www.manaus.am.gov.br\/semasc\/prefeito-david-almeida-reinaugura-cras-cidade-de-deus-e-enfatiza-parceria-com-governo-federal-para-diminuir-diferenca-social\/\",\"url\":\"https:\/\/www.manaus.am.gov.br\/semasc\/prefeito-david-almeida-reinaugura-cras-cidade-de-deus-e-enfatiza-parceria-com-governo-federal-para-diminuir-diferenca-social\/\",\"name\":\"Prefeito David Almeida reinaugura Cras Nossa Senhora da Concei\u00e7\u00e3o e enfatiza parceria com governo federal para diminuir diferen\u00e7a social - SEMASC\",\"isPartOf\":{\"@id\":\"https:\/\/www.manaus.am.gov.br\/semasc\/#website\"},\"primaryImageOfPage\":{\"@id\":\"https:\/\/www.manaus.am.gov.br\/semasc\/prefeito-david-almeida-reinaugura-cras-cidade-de-deus-e-enfatiza-parceria-com-governo-federal-para-diminuir-diferenca-social\/#primaryimage\"},\"image\":{\"@id\":\"https:\/\/www.manaus.am.gov.br\/semasc\/prefeito-david-almeida-reinaugura-cras-cidade-de-deus-e-enfatiza-parceria-com-governo-federal-para-diminuir-diferenca-social\/#primaryimage\"},\"thumbnailUrl\":\"https:\/\/www.manaus.am.gov.br\/semasc\/wp-content\/uploads\/sites\/17\/2023\/11\/53337130352_01c55efe24_c.jpg\",\"datePublished\":\"2023-11-17T19:38:25+00:00\",\"dateModified\":\"2023-11-21T17:22:13+00:00\",\"breadcrumb\":{\"@id\":\"https:\/\/www.manaus.am.gov.br\/semasc\/prefeito-david-almeida-reinaugura-cras-cidade-de-deus-e-enfatiza-parceria-com-governo-federal-para-diminuir-diferenca-social\/#breadcrumb\"},\"inLanguage\":\"pt-BR\",\"potentialAction\":[{\"@type\":\"ReadAction\",\"target\":[\"https:\/\/www.manaus.am.gov.br\/semasc\/prefeito-david-almeida-reinaugura-cras-cidade-de-deus-e-enfatiza-parceria-com-governo-federal-para-diminuir-diferenca-social\/\"]}]},{\"@type\":\"ImageObject\",\"inLanguage\":\"pt-BR\",\"@id\":\"https:\/\/www.manaus.am.gov.br\/semasc\/prefeito-david-almeida-reinaugura-cras-cidade-de-deus-e-enfatiza-parceria-com-governo-federal-para-diminuir-diferenca-social\/#primaryimage\",\"url\":\"https:\/\/www.manaus.am.gov.br\/semasc\/wp-content\/uploads\/sites\/17\/2023\/11\/53337130352_01c55efe24_c.jpg\",\"contentUrl\":\"https:\/\/www.manaus.am.gov.br\/semasc\/wp-content\/uploads\/sites\/17\/2023\/11\/53337130352_01c55efe24_c.jpg\",\"width\":799,\"height\":533,\"caption\":\"#paratodosverem - Prefeito David Almeida e ministro do MDS, Wellington Dias, apertam as m\u00e3os diante da placa de inaugura\u00e7\u00e3o do Cras\"},{\"@type\":\"BreadcrumbList\",\"@id\":\"https:\/\/www.manaus.am.gov.br\/semasc\/prefeito-david-almeida-reinaugura-cras-cidade-de-deus-e-enfatiza-parceria-com-governo-federal-para-diminuir-diferenca-social\/#breadcrumb\",\"itemListElement\":[{\"@type\":\"ListItem\",\"position\":1,\"name\":\"Home\",\"item\":\"https:\/\/www.manaus.am.gov.br\/semasc\/\"},{\"@type\":\"ListItem\",\"position\":2,\"name\":\"Prefeito David Almeida reinaugura Cras Nossa Senhora da Concei\u00e7\u00e3o e enfatiza parceria com governo federal para diminuir diferen\u00e7a social\"}]},{\"@type\":\"WebSite\",\"@id\":\"https:\/\/www.manaus.am.gov.br\/semasc\/#website\",\"url\":\"https:\/\/www.manaus.am.gov.br\/semasc\/\",\"name\":\"SEMASC\",\"description\":\"Secretaria Municipal da Mulher, Assist\u00eancia Social e Cidadania.\",\"publisher\":{\"@id\":\"https:\/\/www.manaus.am.gov.br\/semasc\/#organization\"},\"alternateName\":\"Secretaria Municipal da Mulher, Assist\u00eancia Social e Cidadania\",\"potentialAction\":[{\"@type\":\"SearchAction\",\"target\":{\"@type\":\"EntryPoint\",\"urlTemplate\":\"https:\/\/www.manaus.am.gov.br\/semasc\/?s={search_term_string}\"},\"query-input\":\"required name=search_term_string\"}],\"inLanguage\":\"pt-BR\"},{\"@type\":\"Organization\",\"@id\":\"https:\/\/www.manaus.am.gov.br\/semasc\/#organization\",\"name\":\"Prefeitura de Manaus\",\"alternateName\":\"Prefeitura Municipal de Manaus\",\"url\":\"https:\/\/www.manaus.am.gov.br\/semasc\/\",\"logo\":{\"@type\":\"ImageObject\",\"inLanguage\":\"pt-BR\",\"@id\":\"https:\/\/www.manaus.am.gov.br\/semasc\/#\/schema\/logo\/image\/\",\"url\":\"https:\/\/www.manaus.am.gov.br\/semasc\/wp-content\/uploads\/sites\/17\/2024\/07\/favicon.png\",\"contentUrl\":\"https:\/\/www.manaus.am.gov.br\/semasc\/wp-content\/uploads\/sites\/17\/2024\/07\/favicon.png\",\"width\":300,\"height\":300,\"caption\":\"Prefeitura de Manaus\"},\"image\":{\"@id\":\"https:\/\/www.manaus.am.gov.br\/semasc\/#\/schema\/logo\/image\/\"},\"sameAs\":[\"https:\/\/www.facebook.com\/semascmanaus\",\"https:\/\/www.instagram.com\/semascmanaus\/\"]},{\"@type\":\"Person\",\"@id\":\"https:\/\/www.manaus.am.gov.br\/semasc\/#\/schema\/person\/4eea2a8f78dc853097abb026f728aa06\",\"name\":\"Renata Felix\",\"image\":{\"@type\":\"ImageObject\",\"inLanguage\":\"pt-BR\",\"@id\":\"https:\/\/www.manaus.am.gov.br\/semasc\/#\/schema\/person\/image\/\",\"url\":\"https:\/\/secure.gravatar.com\/avatar\/3c196cf9d3b837b24c8edb2c50fd8f29?s=96&d=mm&r=g\",\"contentUrl\":\"https:\/\/secure.gravatar.com\/avatar\/3c196cf9d3b837b24c8edb2c50fd8f29?s=96&d=mm&r=g\",\"caption\":\"Renata Felix\"}}]}<\/script>\n<!-- \/ Yoast SEO plugin. -->","yoast_head_json":{"title":"Prefeito David Almeida reinaugura Cras Nossa Senhora da Concei\u00e7\u00e3o e enfatiza parceria com governo federal para diminuir diferen\u00e7a social - SEMASC","robots":{"index":"noindex","follow":"follow"},"og_locale":"pt_BR","og_type":"article","og_title":"Prefeito David Almeida reinaugura Cras Nossa Senhora da Concei\u00e7\u00e3o e enfatiza parceria com governo federal para diminuir diferen\u00e7a social - SEMASC","og_url":"https:\/\/www.manaus.am.gov.br\/semasc\/prefeito-david-almeida-reinaugura-cras-cidade-de-deus-e-enfatiza-parceria-com-governo-federal-para-diminuir-diferenca-social\/","og_site_name":"SEMASC","article_publisher":"https:\/\/www.facebook.com\/semascmanaus","article_published_time":"2023-11-17T19:38:25+00:00","article_modified_time":"2023-11-21T17:22:13+00:00","og_image":[{"width":799,"height":533,"url":"https:\/\/www.manaus.am.gov.br\/semasc\/wp-content\/uploads\/sites\/17\/2023\/11\/53337130352_01c55efe24_c.jpg","type":"image\/jpeg"}],"author":"Renata Felix","twitter_card":"summary_large_image","twitter_misc":{"Written by":"Renata Felix","Est. reading time":"3 minutos"},"schema":{"@context":"https:\/\/schema.org","@graph":[{"@type":"Article","@id":"https:\/\/www.manaus.am.gov.br\/semasc\/prefeito-david-almeida-reinaugura-cras-cidade-de-deus-e-enfatiza-parceria-com-governo-federal-para-diminuir-diferenca-social\/#article","isPartOf":{"@id":"https:\/\/www.manaus.am.gov.br\/semasc\/prefeito-david-almeida-reinaugura-cras-cidade-de-deus-e-enfatiza-parceria-com-governo-federal-para-diminuir-diferenca-social\/"},"author":{"name":"Renata Felix","@id":"https:\/\/www.manaus.am.gov.br\/semasc\/#\/schema\/person\/4eea2a8f78dc853097abb026f728aa06"},"headline":"Prefeito David Almeida reinaugura Cras Nossa Senhora da Concei\u00e7\u00e3o e enfatiza parceria com governo federal para diminuir diferen\u00e7a social","datePublished":"2023-11-17T19:38:25+00:00","dateModified":"2023-11-21T17:22:13+00:00","mainEntityOfPage":{"@id":"https:\/\/www.manaus.am.gov.br\/semasc\/prefeito-david-almeida-reinaugura-cras-cidade-de-deus-e-enfatiza-parceria-com-governo-federal-para-diminuir-diferenca-social\/"},"wordCount":455,"publisher":{"@id":"https:\/\/www.manaus.am.gov.br\/semasc\/#organization"},"image":{"@id":"https:\/\/www.manaus.am.gov.br\/semasc\/prefeito-david-almeida-reinaugura-cras-cidade-de-deus-e-enfatiza-parceria-com-governo-federal-para-diminuir-diferenca-social\/#primaryimage"},"thumbnailUrl":"https:\/\/www.manaus.am.gov.br\/semasc\/wp-content\/uploads\/sites\/17\/2023\/11\/53337130352_01c55efe24_c.jpg","keywords":["bairro Cidade de Deus","cras Nossa Senhora da Concei\u00e7\u00e3o","MDS","ministro Wellington Dias"],"articleSection":["Assist\u00eancia"],"inLanguage":"pt-BR"},{"@type":"WebPage","@id":"https:\/\/www.manaus.am.gov.br\/semasc\/prefeito-david-almeida-reinaugura-cras-cidade-de-deus-e-enfatiza-parceria-com-governo-federal-para-diminuir-diferenca-social\/","url":"https:\/\/www.manaus.am.gov.br\/semasc\/prefeito-david-almeida-reinaugura-cras-cidade-de-deus-e-enfatiza-parceria-com-governo-federal-para-diminuir-diferenca-social\/","name":"Prefeito David Almeida reinaugura Cras Nossa Senhora da Concei\u00e7\u00e3o e enfatiza parceria com governo federal para diminuir diferen\u00e7a social - SEMASC","isPartOf":{"@id":"https:\/\/www.manaus.am.gov.br\/semasc\/#website"},"primaryImageOfPage":{"@id":"https:\/\/www.manaus.am.gov.br\/semasc\/prefeito-david-almeida-reinaugura-cras-cidade-de-deus-e-enfatiza-parceria-com-governo-federal-para-diminuir-diferenca-social\/#primaryimage"},"image":{"@id":"https:\/\/www.manaus.am.gov.br\/semasc\/prefeito-david-almeida-reinaugura-cras-cidade-de-deus-e-enfatiza-parceria-com-governo-federal-para-diminuir-diferenca-social\/#primaryimage"},"thumbnailUrl":"https:\/\/www.manaus.am.gov.br\/semasc\/wp-content\/uploads\/sites\/17\/2023\/11\/53337130352_01c55efe24_c.jpg","datePublished":"2023-11-17T19:38:25+00:00","dateModified":"2023-11-21T17:22:13+00:00","breadcrumb":{"@id":"https:\/\/www.manaus.am.gov.br\/semasc\/prefeito-david-almeida-reinaugura-cras-cidade-de-deus-e-enfatiza-parceria-com-governo-federal-para-diminuir-diferenca-social\/#breadcrumb"},"inLanguage":"pt-BR","potentialAction":[{"@type":"ReadAction","target":["https:\/\/www.manaus.am.gov.br\/semasc\/prefeito-david-almeida-reinaugura-cras-cidade-de-deus-e-enfatiza-parceria-com-governo-federal-para-diminuir-diferenca-social\/"]}]},{"@type":"ImageObject","inLanguage":"pt-BR","@id":"https:\/\/www.manaus.am.gov.br\/semasc\/prefeito-david-almeida-reinaugura-cras-cidade-de-deus-e-enfatiza-parceria-com-governo-federal-para-diminuir-diferenca-social\/#primaryimage","url":"https:\/\/www.manaus.am.gov.br\/semasc\/wp-content\/uploads\/sites\/17\/2023\/11\/53337130352_01c55efe24_c.jpg","contentUrl":"https:\/\/www.manaus.am.gov.br\/semasc\/wp-content\/uploads\/sites\/17\/2023\/11\/53337130352_01c55efe24_c.jpg","width":799,"height":533,"caption":"#paratodosverem - Prefeito David Almeida e ministro do MDS, Wellington Dias, apertam as m\u00e3os diante da placa de inaugura\u00e7\u00e3o do Cras"},{"@type":"BreadcrumbList","@id":"https:\/\/www.manaus.am.gov.br\/semasc\/prefeito-david-almeida-reinaugura-cras-cidade-de-deus-e-enfatiza-parceria-com-governo-federal-para-diminuir-diferenca-social\/#breadcrumb","itemListElement":[{"@type":"ListItem","position":1,"name":"Home","item":"https:\/\/www.manaus.am.gov.br\/semasc\/"},{"@type":"ListItem","position":2,"name":"Prefeito David Almeida reinaugura Cras Nossa Senhora da Concei\u00e7\u00e3o e enfatiza parceria com governo federal para diminuir diferen\u00e7a social"}]},{"@type":"WebSite","@id":"https:\/\/www.manaus.am.gov.br\/semasc\/#website","url":"https:\/\/www.manaus.am.gov.br\/semasc\/","name":"SEMASC","description":"Secretaria Municipal da Mulher, Assist\u00eancia Social e Cidadania.","publisher":{"@id":"https:\/\/www.manaus.am.gov.br\/semasc\/#organization"},"alternateName":"Secretaria Municipal da Mulher, Assist\u00eancia Social e Cidadania","potentialAction":[{"@type":"SearchAction","target":{"@type":"EntryPoint","urlTemplate":"https:\/\/www.manaus.am.gov.br\/semasc\/?s={search_term_string}"},"query-input":"required name=search_term_string"}],"inLanguage":"pt-BR"},{"@type":"Organization","@id":"https:\/\/www.manaus.am.gov.br\/semasc\/#organization","name":"Prefeitura de Manaus","alternateName":"Prefeitura Municipal de Manaus","url":"https:\/\/www.manaus.am.gov.br\/semasc\/","logo":{"@type":"ImageObject","inLanguage":"pt-BR","@id":"https:\/\/www.manaus.am.gov.br\/semasc\/#\/schema\/logo\/image\/","url":"https:\/\/www.manaus.am.gov.br\/semasc\/wp-content\/uploads\/sites\/17\/2024\/07\/favicon.png","contentUrl":"https:\/\/www.manaus.am.gov.br\/semasc\/wp-content\/uploads\/sites\/17\/2024\/07\/favicon.png","width":300,"height":300,"caption":"Prefeitura de Manaus"},"image":{"@id":"https:\/\/www.manaus.am.gov.br\/semasc\/#\/schema\/logo\/image\/"},"sameAs":["https:\/\/www.facebook.com\/semascmanaus","https:\/\/www.instagram.com\/semascmanaus\/"]},{"@type":"Person","@id":"https:\/\/www.manaus.am.gov.br\/semasc\/#\/schema\/person\/4eea2a8f78dc853097abb026f728aa06","name":"Renata Felix","image":{"@type":"ImageObject","inLanguage":"pt-BR","@id":"https:\/\/www.manaus.am.gov.br\/semasc\/#\/schema\/person\/image\/","url":"https:\/\/secure.gravatar.com\/avatar\/3c196cf9d3b837b24c8edb2c50fd8f29?s=96&d=mm&r=g","contentUrl":"https:\/\/secure.gravatar.com\/avatar\/3c196cf9d3b837b24c8edb2c50fd8f29?s=96&d=mm&r=g","caption":"Renata Felix"}}]}},"_links":{"self":[{"href":"https:\/\/www.manaus.am.gov.br\/semasc\/wp-json\/wp\/v2\/posts\/209171"}],"collection":[{"href":"https:\/\/www.manaus.am.gov.br\/semasc\/wp-json\/wp\/v2\/posts"}],"about":[{"href":"https:\/\/www.manaus.am.gov.br\/semasc\/wp-json\/wp\/v2\/types\/post"}],"author":[{"embeddable":true,"href":"https:\/\/www.manaus.am.gov.br\/semasc\/wp-json\/wp\/v2\/users\/31"}],"replies":[{"embeddable":true,"href":"https:\/\/www.manaus.am.gov.br\/semasc\/wp-json\/wp\/v2\/comments?post=209171"}],"version-history":[{"count":2,"href":"https:\/\/www.manaus.am.gov.br\/semasc\/wp-json\/wp\/v2\/posts\/209171\/revisions"}],"predecessor-version":[{"id":209253,"href":"https:\/\/www.manaus.am.gov.br\/semasc\/wp-json\/wp\/v2\/posts\/209171\/revisions\/209253"}],"wp:featuredmedia":[{"embeddable":true,"href":"https:\/\/www.manaus.am.gov.br\/semasc\/wp-json\/wp\/v2\/media\/209173"}],"wp:attachment":[{"href":"https:\/\/www.manaus.am.gov.br\/semasc\/wp-json\/wp\/v2\/media?parent=209171"}],"wp:term":[{"taxonomy":"category","embeddable":true,"href":"https:\/\/www.manaus.am.gov.br\/semasc\/wp-json\/wp\/v2\/categories?post=209171"},{"taxonomy":"post_tag","embeddable":true,"href":"https:\/\/www.manaus.am.gov.br\/semasc\/wp-json\/wp\/v2\/tags?post=209171"}],"curies":[{"name":"wp","href":"https:\/\/api.w.org\/{rel}","templated":true}]}}