{"id":209169,"date":"2021-06-07T21:05:41","date_gmt":"2021-06-08T01:05:41","guid":{"rendered":"https:\/\/www.manaus.am.gov.br\/semasc\/atendimentos-presenciais-na-semasc-continuam-suspensos-nesta-terca-feira\/"},"modified":"2023-11-17T10:49:09","modified_gmt":"2023-11-17T14:49:09","slug":"atendimentos-presenciais-na-semasc-continuam-suspensos-nesta-terca-feira","status":"publish","type":"post","link":"https:\/\/www.manaus.am.gov.br\/semasc\/atendimentos-presenciais-na-semasc-continuam-suspensos-nesta-terca-feira\/","title":{"rendered":"Atendimentos presenciais na Semasc continuam suspensos nesta ter\u00e7a-feira"},"content":{"rendered":"\n<p>A <a href=\"https:\/\/www.manaus.am.gov.br\">Prefeitura de Manaus<\/a>, por meio da Secretaria Municipal da Mulher, Assist\u00eancia Social e Cidadania (Semasc), comunica que os atendimentos presenciais nos Centros de Refer\u00eancia de Assist\u00eancia Social (Cras), Centros de Refer\u00eancia Especializado de Assist\u00eancia Social (Creas), Centro Pop, cozinhas comunit\u00e1rias e restaurante popular da Compensa continuar\u00e3o suspensos nesta ter\u00e7a-feira, 8\/6, como medida de precau\u00e7\u00e3o em virtude da situa\u00e7\u00e3o de vandalismo registrada nos \u00faltimos dias. Na sede da Semasc, na avenida Ayr\u00e3o, Centro, os atendimentos presenciais, como Cadastro \u00danico (Cad\u00danico) tamb\u00e9m continuar\u00e3o suspensos.<\/p>\n\n\n\n<p>Todos os servidores estar\u00e3o atuando em regime de teletrabalho (<em>home office<\/em>), com exce\u00e7\u00e3o dos servi\u00e7os de acolhimento. Servi\u00e7os que funcionam 24 horas, como o SOS Funeral e Disque-Den\u00fancia, funcionar\u00e3o normalmente.<\/p>\n\n\n\n<p><strong>&#8212; &#8212; &#8212;<\/strong><\/p>\n\n\n\n<p><strong>Texto \u2013<\/strong> Divulga\u00e7\u00e3o \/ Semasc<\/p>\n","protected":false},"excerpt":{"rendered":"","protected":false},"author":8,"featured_media":207692,"comment_status":"closed","ping_status":"closed","sticky":false,"template":"","format":"standard","meta":{"footnotes":""},"categories":[156],"tags":[74,205,125,121,57,18],"acf":[],"yoast_head":"<!-- This site is optimized with the Yoast SEO plugin v23.0 - https:\/\/yoast.com\/wordpress\/plugins\/seo\/ -->\n<title>Atendimentos presenciais na Semasc continuam suspensos<\/title>\n<meta name=\"description\" content=\"Atendimentos presenciais na Semasc continuam suspensos nesta ter\u00e7a-feira, 8\/6, em virtude dos casos de viol\u00eancia registrados...\" \/>\n<meta name=\"robots\" content=\"noindex, follow\" \/>\n<meta property=\"og:locale\" content=\"pt_BR\" \/>\n<meta property=\"og:type\" content=\"article\" \/>\n<meta property=\"og:title\" content=\"Atendimentos presenciais na Semasc continuam suspensos\" \/>\n<meta property=\"og:description\" content=\"Atendimentos presenciais na Semasc continuam suspensos nesta ter\u00e7a-feira, 8\/6, em virtude dos casos de viol\u00eancia registrados...\" \/>\n<meta property=\"og:url\" content=\"https:\/\/www.manaus.am.gov.br\/semasc\/atendimentos-presenciais-na-semasc-continuam-suspensos-nesta-terca-feira\/\" \/>\n<meta property=\"og:site_name\" content=\"SEMASC\" \/>\n<meta property=\"article:publisher\" content=\"https:\/\/www.facebook.com\/semascmanaus\" \/>\n<meta property=\"article:published_time\" content=\"2021-06-08T01:05:41+00:00\" \/>\n<meta property=\"article:modified_time\" content=\"2023-11-17T14:49:09+00:00\" \/>\n<meta property=\"og:image\" content=\"https:\/\/www.manaus.am.gov.br\/semasc\/wp-content\/uploads\/sites\/17\/2023\/06\/Nota.png\" \/>\n\t<meta property=\"og:image:width\" content=\"900\" \/>\n\t<meta property=\"og:image:height\" content=\"509\" \/>\n\t<meta property=\"og:image:type\" content=\"image\/png\" \/>\n<meta name=\"author\" content=\"Glauber Farias\" \/>\n<meta name=\"twitter:card\" content=\"summary_large_image\" \/>\n<meta name=\"twitter:label1\" content=\"Written by\" \/>\n\t<meta name=\"twitter:data1\" content=\"Glauber Farias\" \/>\n\t<meta name=\"twitter:label2\" content=\"Est. reading time\" \/>\n\t<meta name=\"twitter:data2\" content=\"1 minuto\" \/>\n<script type=\"application\/ld+json\" class=\"yoast-schema-graph\">{\"@context\":\"https:\/\/schema.org\",\"@graph\":[{\"@type\":\"Article\",\"@id\":\"https:\/\/www.manaus.am.gov.br\/semasc\/atendimentos-presenciais-na-semasc-continuam-suspensos-nesta-terca-feira\/#article\",\"isPartOf\":{\"@id\":\"https:\/\/www.manaus.am.gov.br\/semasc\/atendimentos-presenciais-na-semasc-continuam-suspensos-nesta-terca-feira\/\"},\"author\":{\"name\":\"Glauber Farias\",\"@id\":\"https:\/\/www.manaus.am.gov.br\/semasc\/#\/schema\/person\/fe69d2249d78e7a3112d42bc34c44a58\"},\"headline\":\"Atendimentos presenciais na Semasc continuam suspensos nesta ter\u00e7a-feira\",\"datePublished\":\"2021-06-08T01:05:41+00:00\",\"dateModified\":\"2023-11-17T14:49:09+00:00\",\"mainEntityOfPage\":{\"@id\":\"https:\/\/www.manaus.am.gov.br\/semasc\/atendimentos-presenciais-na-semasc-continuam-suspensos-nesta-terca-feira\/\"},\"wordCount\":147,\"publisher\":{\"@id\":\"https:\/\/www.manaus.am.gov.br\/semasc\/#organization\"},\"image\":{\"@id\":\"https:\/\/www.manaus.am.gov.br\/semasc\/atendimentos-presenciais-na-semasc-continuam-suspensos-nesta-terca-feira\/#primaryimage\"},\"thumbnailUrl\":\"https:\/\/www.manaus.am.gov.br\/semasc\/wp-content\/uploads\/sites\/17\/2023\/06\/Nota.png\",\"keywords\":[\"Cadastro \u00danico\",\"centro pop\",\"cozinha comunit\u00e1ria\",\"cras\",\"Creas\",\"Semasc\"],\"articleSection\":[\"Nota\"],\"inLanguage\":\"pt-BR\"},{\"@type\":\"WebPage\",\"@id\":\"https:\/\/www.manaus.am.gov.br\/semasc\/atendimentos-presenciais-na-semasc-continuam-suspensos-nesta-terca-feira\/\",\"url\":\"https:\/\/www.manaus.am.gov.br\/semasc\/atendimentos-presenciais-na-semasc-continuam-suspensos-nesta-terca-feira\/\",\"name\":\"Atendimentos presenciais na Semasc continuam suspensos\",\"isPartOf\":{\"@id\":\"https:\/\/www.manaus.am.gov.br\/semasc\/#website\"},\"primaryImageOfPage\":{\"@id\":\"https:\/\/www.manaus.am.gov.br\/semasc\/atendimentos-presenciais-na-semasc-continuam-suspensos-nesta-terca-feira\/#primaryimage\"},\"image\":{\"@id\":\"https:\/\/www.manaus.am.gov.br\/semasc\/atendimentos-presenciais-na-semasc-continuam-suspensos-nesta-terca-feira\/#primaryimage\"},\"thumbnailUrl\":\"https:\/\/www.manaus.am.gov.br\/semasc\/wp-content\/uploads\/sites\/17\/2023\/06\/Nota.png\",\"datePublished\":\"2021-06-08T01:05:41+00:00\",\"dateModified\":\"2023-11-17T14:49:09+00:00\",\"description\":\"Atendimentos presenciais na Semasc continuam suspensos nesta ter\u00e7a-feira, 8\/6, em virtude dos casos de viol\u00eancia registrados...\",\"breadcrumb\":{\"@id\":\"https:\/\/www.manaus.am.gov.br\/semasc\/atendimentos-presenciais-na-semasc-continuam-suspensos-nesta-terca-feira\/#breadcrumb\"},\"inLanguage\":\"pt-BR\",\"potentialAction\":[{\"@type\":\"ReadAction\",\"target\":[\"https:\/\/www.manaus.am.gov.br\/semasc\/atendimentos-presenciais-na-semasc-continuam-suspensos-nesta-terca-feira\/\"]}]},{\"@type\":\"ImageObject\",\"inLanguage\":\"pt-BR\",\"@id\":\"https:\/\/www.manaus.am.gov.br\/semasc\/atendimentos-presenciais-na-semasc-continuam-suspensos-nesta-terca-feira\/#primaryimage\",\"url\":\"https:\/\/www.manaus.am.gov.br\/semasc\/wp-content\/uploads\/sites\/17\/2023\/06\/Nota.png\",\"contentUrl\":\"https:\/\/www.manaus.am.gov.br\/semasc\/wp-content\/uploads\/sites\/17\/2023\/06\/Nota.png\",\"width\":900,\"height\":509},{\"@type\":\"BreadcrumbList\",\"@id\":\"https:\/\/www.manaus.am.gov.br\/semasc\/atendimentos-presenciais-na-semasc-continuam-suspensos-nesta-terca-feira\/#breadcrumb\",\"itemListElement\":[{\"@type\":\"ListItem\",\"position\":1,\"name\":\"Home\",\"item\":\"https:\/\/www.manaus.am.gov.br\/semasc\/\"},{\"@type\":\"ListItem\",\"position\":2,\"name\":\"Atendimentos presenciais na Semasc continuam suspensos nesta ter\u00e7a-feira\"}]},{\"@type\":\"WebSite\",\"@id\":\"https:\/\/www.manaus.am.gov.br\/semasc\/#website\",\"url\":\"https:\/\/www.manaus.am.gov.br\/semasc\/\",\"name\":\"SEMASC\",\"description\":\"Secretaria Municipal da Mulher, Assist\u00eancia Social e Cidadania.\",\"publisher\":{\"@id\":\"https:\/\/www.manaus.am.gov.br\/semasc\/#organization\"},\"alternateName\":\"Secretaria Municipal da Mulher, Assist\u00eancia Social e Cidadania\",\"potentialAction\":[{\"@type\":\"SearchAction\",\"target\":{\"@type\":\"EntryPoint\",\"urlTemplate\":\"https:\/\/www.manaus.am.gov.br\/semasc\/?s={search_term_string}\"},\"query-input\":\"required name=search_term_string\"}],\"inLanguage\":\"pt-BR\"},{\"@type\":\"Organization\",\"@id\":\"https:\/\/www.manaus.am.gov.br\/semasc\/#organization\",\"name\":\"Prefeitura de Manaus\",\"alternateName\":\"Prefeitura Municipal de Manaus\",\"url\":\"https:\/\/www.manaus.am.gov.br\/semasc\/\",\"logo\":{\"@type\":\"ImageObject\",\"inLanguage\":\"pt-BR\",\"@id\":\"https:\/\/www.manaus.am.gov.br\/semasc\/#\/schema\/logo\/image\/\",\"url\":\"https:\/\/www.manaus.am.gov.br\/semasc\/wp-content\/uploads\/sites\/17\/2024\/07\/favicon.png\",\"contentUrl\":\"https:\/\/www.manaus.am.gov.br\/semasc\/wp-content\/uploads\/sites\/17\/2024\/07\/favicon.png\",\"width\":300,\"height\":300,\"caption\":\"Prefeitura de Manaus\"},\"image\":{\"@id\":\"https:\/\/www.manaus.am.gov.br\/semasc\/#\/schema\/logo\/image\/\"},\"sameAs\":[\"https:\/\/www.facebook.com\/semascmanaus\",\"https:\/\/www.instagram.com\/semascmanaus\/\"]},{\"@type\":\"Person\",\"@id\":\"https:\/\/www.manaus.am.gov.br\/semasc\/#\/schema\/person\/fe69d2249d78e7a3112d42bc34c44a58\",\"name\":\"Glauber Farias\",\"image\":{\"@type\":\"ImageObject\",\"inLanguage\":\"pt-BR\",\"@id\":\"https:\/\/www.manaus.am.gov.br\/semasc\/#\/schema\/person\/image\/\",\"url\":\"https:\/\/secure.gravatar.com\/avatar\/eb33200ffd19538372f635b2165531c0?s=96&d=mm&r=g\",\"contentUrl\":\"https:\/\/secure.gravatar.com\/avatar\/eb33200ffd19538372f635b2165531c0?s=96&d=mm&r=g\",\"caption\":\"Glauber Farias\"}}]}<\/script>\n<!-- \/ Yoast SEO plugin. -->","yoast_head_json":{"title":"Atendimentos presenciais na Semasc continuam suspensos","description":"Atendimentos presenciais na Semasc continuam suspensos nesta ter\u00e7a-feira, 8\/6, em virtude dos casos de viol\u00eancia registrados...","robots":{"index":"noindex","follow":"follow"},"og_locale":"pt_BR","og_type":"article","og_title":"Atendimentos presenciais na Semasc continuam suspensos","og_description":"Atendimentos presenciais na Semasc continuam suspensos nesta ter\u00e7a-feira, 8\/6, em virtude dos casos de viol\u00eancia registrados...","og_url":"https:\/\/www.manaus.am.gov.br\/semasc\/atendimentos-presenciais-na-semasc-continuam-suspensos-nesta-terca-feira\/","og_site_name":"SEMASC","article_publisher":"https:\/\/www.facebook.com\/semascmanaus","article_published_time":"2021-06-08T01:05:41+00:00","article_modified_time":"2023-11-17T14:49:09+00:00","og_image":[{"width":900,"height":509,"url":"https:\/\/www.manaus.am.gov.br\/semasc\/wp-content\/uploads\/sites\/17\/2023\/06\/Nota.png","type":"image\/png"}],"author":"Glauber Farias","twitter_card":"summary_large_image","twitter_misc":{"Written by":"Glauber Farias","Est. reading time":"1 minuto"},"schema":{"@context":"https:\/\/schema.org","@graph":[{"@type":"Article","@id":"https:\/\/www.manaus.am.gov.br\/semasc\/atendimentos-presenciais-na-semasc-continuam-suspensos-nesta-terca-feira\/#article","isPartOf":{"@id":"https:\/\/www.manaus.am.gov.br\/semasc\/atendimentos-presenciais-na-semasc-continuam-suspensos-nesta-terca-feira\/"},"author":{"name":"Glauber Farias","@id":"https:\/\/www.manaus.am.gov.br\/semasc\/#\/schema\/person\/fe69d2249d78e7a3112d42bc34c44a58"},"headline":"Atendimentos presenciais na Semasc continuam suspensos nesta ter\u00e7a-feira","datePublished":"2021-06-08T01:05:41+00:00","dateModified":"2023-11-17T14:49:09+00:00","mainEntityOfPage":{"@id":"https:\/\/www.manaus.am.gov.br\/semasc\/atendimentos-presenciais-na-semasc-continuam-suspensos-nesta-terca-feira\/"},"wordCount":147,"publisher":{"@id":"https:\/\/www.manaus.am.gov.br\/semasc\/#organization"},"image":{"@id":"https:\/\/www.manaus.am.gov.br\/semasc\/atendimentos-presenciais-na-semasc-continuam-suspensos-nesta-terca-feira\/#primaryimage"},"thumbnailUrl":"https:\/\/www.manaus.am.gov.br\/semasc\/wp-content\/uploads\/sites\/17\/2023\/06\/Nota.png","keywords":["Cadastro \u00danico","centro pop","cozinha comunit\u00e1ria","cras","Creas","Semasc"],"articleSection":["Nota"],"inLanguage":"pt-BR"},{"@type":"WebPage","@id":"https:\/\/www.manaus.am.gov.br\/semasc\/atendimentos-presenciais-na-semasc-continuam-suspensos-nesta-terca-feira\/","url":"https:\/\/www.manaus.am.gov.br\/semasc\/atendimentos-presenciais-na-semasc-continuam-suspensos-nesta-terca-feira\/","name":"Atendimentos presenciais na Semasc continuam suspensos","isPartOf":{"@id":"https:\/\/www.manaus.am.gov.br\/semasc\/#website"},"primaryImageOfPage":{"@id":"https:\/\/www.manaus.am.gov.br\/semasc\/atendimentos-presenciais-na-semasc-continuam-suspensos-nesta-terca-feira\/#primaryimage"},"image":{"@id":"https:\/\/www.manaus.am.gov.br\/semasc\/atendimentos-presenciais-na-semasc-continuam-suspensos-nesta-terca-feira\/#primaryimage"},"thumbnailUrl":"https:\/\/www.manaus.am.gov.br\/semasc\/wp-content\/uploads\/sites\/17\/2023\/06\/Nota.png","datePublished":"2021-06-08T01:05:41+00:00","dateModified":"2023-11-17T14:49:09+00:00","description":"Atendimentos presenciais na Semasc continuam suspensos nesta ter\u00e7a-feira, 8\/6, em virtude dos casos de viol\u00eancia registrados...","breadcrumb":{"@id":"https:\/\/www.manaus.am.gov.br\/semasc\/atendimentos-presenciais-na-semasc-continuam-suspensos-nesta-terca-feira\/#breadcrumb"},"inLanguage":"pt-BR","potentialAction":[{"@type":"ReadAction","target":["https:\/\/www.manaus.am.gov.br\/semasc\/atendimentos-presenciais-na-semasc-continuam-suspensos-nesta-terca-feira\/"]}]},{"@type":"ImageObject","inLanguage":"pt-BR","@id":"https:\/\/www.manaus.am.gov.br\/semasc\/atendimentos-presenciais-na-semasc-continuam-suspensos-nesta-terca-feira\/#primaryimage","url":"https:\/\/www.manaus.am.gov.br\/semasc\/wp-content\/uploads\/sites\/17\/2023\/06\/Nota.png","contentUrl":"https:\/\/www.manaus.am.gov.br\/semasc\/wp-content\/uploads\/sites\/17\/2023\/06\/Nota.png","width":900,"height":509},{"@type":"BreadcrumbList","@id":"https:\/\/www.manaus.am.gov.br\/semasc\/atendimentos-presenciais-na-semasc-continuam-suspensos-nesta-terca-feira\/#breadcrumb","itemListElement":[{"@type":"ListItem","position":1,"name":"Home","item":"https:\/\/www.manaus.am.gov.br\/semasc\/"},{"@type":"ListItem","position":2,"name":"Atendimentos presenciais na Semasc continuam suspensos nesta ter\u00e7a-feira"}]},{"@type":"WebSite","@id":"https:\/\/www.manaus.am.gov.br\/semasc\/#website","url":"https:\/\/www.manaus.am.gov.br\/semasc\/","name":"SEMASC","description":"Secretaria Municipal da Mulher, Assist\u00eancia Social e Cidadania.","publisher":{"@id":"https:\/\/www.manaus.am.gov.br\/semasc\/#organization"},"alternateName":"Secretaria Municipal da Mulher, Assist\u00eancia Social e Cidadania","potentialAction":[{"@type":"SearchAction","target":{"@type":"EntryPoint","urlTemplate":"https:\/\/www.manaus.am.gov.br\/semasc\/?s={search_term_string}"},"query-input":"required name=search_term_string"}],"inLanguage":"pt-BR"},{"@type":"Organization","@id":"https:\/\/www.manaus.am.gov.br\/semasc\/#organization","name":"Prefeitura de Manaus","alternateName":"Prefeitura Municipal de Manaus","url":"https:\/\/www.manaus.am.gov.br\/semasc\/","logo":{"@type":"ImageObject","inLanguage":"pt-BR","@id":"https:\/\/www.manaus.am.gov.br\/semasc\/#\/schema\/logo\/image\/","url":"https:\/\/www.manaus.am.gov.br\/semasc\/wp-content\/uploads\/sites\/17\/2024\/07\/favicon.png","contentUrl":"https:\/\/www.manaus.am.gov.br\/semasc\/wp-content\/uploads\/sites\/17\/2024\/07\/favicon.png","width":300,"height":300,"caption":"Prefeitura de Manaus"},"image":{"@id":"https:\/\/www.manaus.am.gov.br\/semasc\/#\/schema\/logo\/image\/"},"sameAs":["https:\/\/www.facebook.com\/semascmanaus","https:\/\/www.instagram.com\/semascmanaus\/"]},{"@type":"Person","@id":"https:\/\/www.manaus.am.gov.br\/semasc\/#\/schema\/person\/fe69d2249d78e7a3112d42bc34c44a58","name":"Glauber Farias","image":{"@type":"ImageObject","inLanguage":"pt-BR","@id":"https:\/\/www.manaus.am.gov.br\/semasc\/#\/schema\/person\/image\/","url":"https:\/\/secure.gravatar.com\/avatar\/eb33200ffd19538372f635b2165531c0?s=96&d=mm&r=g","contentUrl":"https:\/\/secure.gravatar.com\/avatar\/eb33200ffd19538372f635b2165531c0?s=96&d=mm&r=g","caption":"Glauber Farias"}}]}},"_links":{"self":[{"href":"https:\/\/www.manaus.am.gov.br\/semasc\/wp-json\/wp\/v2\/posts\/209169"}],"collection":[{"href":"https:\/\/www.manaus.am.gov.br\/semasc\/wp-json\/wp\/v2\/posts"}],"about":[{"href":"https:\/\/www.manaus.am.gov.br\/semasc\/wp-json\/wp\/v2\/types\/post"}],"author":[{"embeddable":true,"href":"https:\/\/www.manaus.am.gov.br\/semasc\/wp-json\/wp\/v2\/users\/8"}],"replies":[{"embeddable":true,"href":"https:\/\/www.manaus.am.gov.br\/semasc\/wp-json\/wp\/v2\/comments?post=209169"}],"version-history":[{"count":0,"href":"https:\/\/www.manaus.am.gov.br\/semasc\/wp-json\/wp\/v2\/posts\/209169\/revisions"}],"wp:featuredmedia":[{"embeddable":true,"href":"https:\/\/www.manaus.am.gov.br\/semasc\/wp-json\/wp\/v2\/media\/207692"}],"wp:attachment":[{"href":"https:\/\/www.manaus.am.gov.br\/semasc\/wp-json\/wp\/v2\/media?parent=209169"}],"wp:term":[{"taxonomy":"category","embeddable":true,"href":"https:\/\/www.manaus.am.gov.br\/semasc\/wp-json\/wp\/v2\/categories?post=209169"},{"taxonomy":"post_tag","embeddable":true,"href":"https:\/\/www.manaus.am.gov.br\/semasc\/wp-json\/wp\/v2\/tags?post=209169"}],"curies":[{"name":"wp","href":"https:\/\/api.w.org\/{rel}","templated":true}]}}