{"id":209166,"date":"2021-06-10T15:53:27","date_gmt":"2021-06-10T19:53:27","guid":{"rendered":"https:\/\/www.manaus.am.gov.br\/semasc\/prefeitura-inicia-vacinacao-de-servidores-da-semasc-que-atuam-no-combate-a-covid-19\/"},"modified":"2023-11-17T10:48:34","modified_gmt":"2023-11-17T14:48:34","slug":"prefeitura-inicia-vacinacao-de-servidores-da-semasc-que-atuam-no-combate-a-covid-19","status":"publish","type":"post","link":"https:\/\/www.manaus.am.gov.br\/semasc\/prefeitura-inicia-vacinacao-de-servidores-da-semasc-que-atuam-no-combate-a-covid-19\/","title":{"rendered":"Prefeitura inicia vacina\u00e7\u00e3o de servidores da Semasc que atuam no combate \u00e0 Covid-19"},"content":{"rendered":"\n<p>A <a href=\"https:\/\/www.manaus.am.gov.br\">Prefeitura de Manaus<\/a> iniciou nesta quinta-feira, 10\/6, a vacina\u00e7\u00e3o de mais de 800 servidores da Secretaria Municipal da Mulher, Assist\u00eancia Social e Cidadania (Semasc), contra a Covid-19. A imuniza\u00e7\u00e3o era um pleito antigo da categoria, que tem atuado na linha de frente no combate \u00e0 doen\u00e7a, com atendimento \u00e0s fam\u00edlias em diferentes servi\u00e7os, como o SOS Funeral, cadastro de fam\u00edlias na opera\u00e7\u00e3o Cheia 2021 e distribui\u00e7\u00e3o de cestas b\u00e1sicas. A a\u00e7\u00e3o de imuniza\u00e7\u00e3o ser\u00e1 conclu\u00edda nesta sexta-feira, 11.<\/p>\n\n\n\n<p>\u201cUm dos esfor\u00e7os do prefeito David Almeida, desde que assumiu a prefeitura, \u00e9 assegurar a vacina\u00e7\u00e3o a toda a popula\u00e7\u00e3o de Manaus, e tamb\u00e9m aos servidores do munic\u00edpio que est\u00e3o atuando no enfrentamento \u00e0 pandemia da Covid-19, diariamente e, portanto, precisam tamb\u00e9m ser imunizados. Isso dar\u00e1 tranquilidade tanto ao servidor que recebe a vacina quanto para quem ele vai atender\u201d, afirmou a secret\u00e1ria da Semasc, Jane Mara Moraes.<\/p>\n\n\n\n<p>Para Cristina Albuquerque, que atua no Servi\u00e7o de Acolhimento Institucional (SAI) Amine Daou Lindoso, Centro, o momento foi de muita alegria. \u201cN\u00f3s est\u00e1vamos esperando por essa vacina, ent\u00e3o para a gente, \u00e9 um momento de muita satisfa\u00e7\u00e3o. Trabalhamos com pessoas em situa\u00e7\u00e3o de rua, e saber que agora estamos iniciando o processo de imuniza\u00e7\u00e3o, nos d\u00e1 uma tranquilidade\u201d, declarou.<\/p>\n\n\n\n<p>\u201cQueremos agradecer \u00e0 Prefeitura de Manaus, ao prefeito David Almeida, que ouviu o nosso colegiado, que n\u00e3o parou as atividades desde o in\u00edcio da pandemia, e hoje est\u00e1 sendo beneficiado com a vacina. Podem ter certeza que nosso trabalho passar\u00e1 a ser ainda mais efetivo\u201d, afirmou o conselheiro tutelar da zona Sul I, Kirk Sahdo, que tamb\u00e9m faz parte da estrutura administrativa da Semasc.<\/p>\n\n\n\n<p>&#8212; &#8212; &#8212;<\/p>\n\n\n\n<p><strong>Texto &#8211; <\/strong>Leonardo Fierro \/ Semasc<br><strong>Foto &#8211; <\/strong>Divulga\u00e7\u00e3o \/ Semasc<\/p>\n","protected":false},"excerpt":{"rendered":"","protected":false},"author":8,"featured_media":209167,"comment_status":"closed","ping_status":"closed","sticky":false,"template":"","format":"standard","meta":{"footnotes":""},"categories":[577],"tags":[570,578,18,579],"acf":[],"yoast_head":"<!-- This site is optimized with the Yoast SEO plugin v23.0 - https:\/\/yoast.com\/wordpress\/plugins\/seo\/ -->\n<title>Prefeitura inicia vacina\u00e7\u00e3o de servidores da Semasc<\/title>\n<meta name=\"description\" content=\"Prefeitura inicia vacina\u00e7\u00e3o de servidores da Semasc que atuam no combate \u00e0 Covid-19, nesta quinta-feira, 10\/5, no SAI Amine Daou... \u00a0\" \/>\n<meta name=\"robots\" content=\"noindex, follow\" \/>\n<meta property=\"og:locale\" content=\"pt_BR\" \/>\n<meta property=\"og:type\" content=\"article\" \/>\n<meta property=\"og:title\" content=\"Prefeitura inicia vacina\u00e7\u00e3o de servidores da Semasc\" \/>\n<meta property=\"og:description\" content=\"Prefeitura inicia vacina\u00e7\u00e3o de servidores da Semasc que atuam no combate \u00e0 Covid-19, nesta quinta-feira, 10\/5, no SAI Amine Daou... \u00a0\" \/>\n<meta property=\"og:url\" content=\"https:\/\/www.manaus.am.gov.br\/semasc\/prefeitura-inicia-vacinacao-de-servidores-da-semasc-que-atuam-no-combate-a-covid-19\/\" \/>\n<meta property=\"og:site_name\" content=\"SEMASC\" \/>\n<meta property=\"article:publisher\" content=\"https:\/\/www.facebook.com\/semascmanaus\" \/>\n<meta property=\"article:published_time\" content=\"2021-06-10T19:53:27+00:00\" \/>\n<meta property=\"article:modified_time\" content=\"2023-11-17T14:48:34+00:00\" \/>\n<meta property=\"og:image\" content=\"https:\/\/www.manaus.am.gov.br\/semasc\/wp-content\/uploads\/sites\/17\/2023\/11\/20210610_093502-scaled-e1623355167774.jpg\" \/>\n\t<meta property=\"og:image:width\" content=\"720\" \/>\n\t<meta property=\"og:image:height\" content=\"406\" \/>\n\t<meta property=\"og:image:type\" content=\"image\/jpeg\" \/>\n<meta name=\"author\" content=\"Glauber Farias\" \/>\n<meta name=\"twitter:card\" content=\"summary_large_image\" \/>\n<meta name=\"twitter:label1\" content=\"Written by\" \/>\n\t<meta name=\"twitter:data1\" content=\"Glauber Farias\" \/>\n\t<meta name=\"twitter:label2\" content=\"Est. reading time\" \/>\n\t<meta name=\"twitter:data2\" content=\"2 minutos\" \/>\n<script type=\"application\/ld+json\" class=\"yoast-schema-graph\">{\"@context\":\"https:\/\/schema.org\",\"@graph\":[{\"@type\":\"Article\",\"@id\":\"https:\/\/www.manaus.am.gov.br\/semasc\/prefeitura-inicia-vacinacao-de-servidores-da-semasc-que-atuam-no-combate-a-covid-19\/#article\",\"isPartOf\":{\"@id\":\"https:\/\/www.manaus.am.gov.br\/semasc\/prefeitura-inicia-vacinacao-de-servidores-da-semasc-que-atuam-no-combate-a-covid-19\/\"},\"author\":{\"name\":\"Glauber Farias\",\"@id\":\"https:\/\/www.manaus.am.gov.br\/semasc\/#\/schema\/person\/fe69d2249d78e7a3112d42bc34c44a58\"},\"headline\":\"Prefeitura inicia vacina\u00e7\u00e3o de servidores da Semasc que atuam no combate \u00e0 Covid-19\",\"datePublished\":\"2021-06-10T19:53:27+00:00\",\"dateModified\":\"2023-11-17T14:48:34+00:00\",\"mainEntityOfPage\":{\"@id\":\"https:\/\/www.manaus.am.gov.br\/semasc\/prefeitura-inicia-vacinacao-de-servidores-da-semasc-que-atuam-no-combate-a-covid-19\/\"},\"wordCount\":318,\"publisher\":{\"@id\":\"https:\/\/www.manaus.am.gov.br\/semasc\/#organization\"},\"image\":{\"@id\":\"https:\/\/www.manaus.am.gov.br\/semasc\/prefeitura-inicia-vacinacao-de-servidores-da-semasc-que-atuam-no-combate-a-covid-19\/#primaryimage\"},\"thumbnailUrl\":\"https:\/\/www.manaus.am.gov.br\/semasc\/wp-content\/uploads\/sites\/17\/2023\/11\/20210610_093502-scaled-e1623355167774.jpg\",\"keywords\":[\"Covid-19\",\"opera\u00e7\u00e3o cheia 2021\",\"Semasc\",\"vacina\u00e7\u00e3o\"],\"articleSection\":[\"Imuniza\u00e7\u00e3o\"],\"inLanguage\":\"pt-BR\"},{\"@type\":\"WebPage\",\"@id\":\"https:\/\/www.manaus.am.gov.br\/semasc\/prefeitura-inicia-vacinacao-de-servidores-da-semasc-que-atuam-no-combate-a-covid-19\/\",\"url\":\"https:\/\/www.manaus.am.gov.br\/semasc\/prefeitura-inicia-vacinacao-de-servidores-da-semasc-que-atuam-no-combate-a-covid-19\/\",\"name\":\"Prefeitura inicia vacina\u00e7\u00e3o de servidores da Semasc\",\"isPartOf\":{\"@id\":\"https:\/\/www.manaus.am.gov.br\/semasc\/#website\"},\"primaryImageOfPage\":{\"@id\":\"https:\/\/www.manaus.am.gov.br\/semasc\/prefeitura-inicia-vacinacao-de-servidores-da-semasc-que-atuam-no-combate-a-covid-19\/#primaryimage\"},\"image\":{\"@id\":\"https:\/\/www.manaus.am.gov.br\/semasc\/prefeitura-inicia-vacinacao-de-servidores-da-semasc-que-atuam-no-combate-a-covid-19\/#primaryimage\"},\"thumbnailUrl\":\"https:\/\/www.manaus.am.gov.br\/semasc\/wp-content\/uploads\/sites\/17\/2023\/11\/20210610_093502-scaled-e1623355167774.jpg\",\"datePublished\":\"2021-06-10T19:53:27+00:00\",\"dateModified\":\"2023-11-17T14:48:34+00:00\",\"description\":\"Prefeitura inicia vacina\u00e7\u00e3o de servidores da Semasc que atuam no combate \u00e0 Covid-19, nesta quinta-feira, 10\/5, no SAI Amine Daou... \u00a0\",\"breadcrumb\":{\"@id\":\"https:\/\/www.manaus.am.gov.br\/semasc\/prefeitura-inicia-vacinacao-de-servidores-da-semasc-que-atuam-no-combate-a-covid-19\/#breadcrumb\"},\"inLanguage\":\"pt-BR\",\"potentialAction\":[{\"@type\":\"ReadAction\",\"target\":[\"https:\/\/www.manaus.am.gov.br\/semasc\/prefeitura-inicia-vacinacao-de-servidores-da-semasc-que-atuam-no-combate-a-covid-19\/\"]}]},{\"@type\":\"ImageObject\",\"inLanguage\":\"pt-BR\",\"@id\":\"https:\/\/www.manaus.am.gov.br\/semasc\/prefeitura-inicia-vacinacao-de-servidores-da-semasc-que-atuam-no-combate-a-covid-19\/#primaryimage\",\"url\":\"https:\/\/www.manaus.am.gov.br\/semasc\/wp-content\/uploads\/sites\/17\/2023\/11\/20210610_093502-scaled-e1623355167774.jpg\",\"contentUrl\":\"https:\/\/www.manaus.am.gov.br\/semasc\/wp-content\/uploads\/sites\/17\/2023\/11\/20210610_093502-scaled-e1623355167774.jpg\",\"width\":720,\"height\":406,\"caption\":\"Prefeitura inicia vacina\u00e7\u00e3o de servidores da Semasc que atuam no combate \u00e0 Covid-19\"},{\"@type\":\"BreadcrumbList\",\"@id\":\"https:\/\/www.manaus.am.gov.br\/semasc\/prefeitura-inicia-vacinacao-de-servidores-da-semasc-que-atuam-no-combate-a-covid-19\/#breadcrumb\",\"itemListElement\":[{\"@type\":\"ListItem\",\"position\":1,\"name\":\"Home\",\"item\":\"https:\/\/www.manaus.am.gov.br\/semasc\/\"},{\"@type\":\"ListItem\",\"position\":2,\"name\":\"Prefeitura inicia vacina\u00e7\u00e3o de servidores da Semasc que atuam no combate \u00e0 Covid-19\"}]},{\"@type\":\"WebSite\",\"@id\":\"https:\/\/www.manaus.am.gov.br\/semasc\/#website\",\"url\":\"https:\/\/www.manaus.am.gov.br\/semasc\/\",\"name\":\"SEMASC\",\"description\":\"Secretaria Municipal da Mulher, Assist\u00eancia Social e Cidadania.\",\"publisher\":{\"@id\":\"https:\/\/www.manaus.am.gov.br\/semasc\/#organization\"},\"alternateName\":\"Secretaria Municipal da Mulher, Assist\u00eancia Social e Cidadania\",\"potentialAction\":[{\"@type\":\"SearchAction\",\"target\":{\"@type\":\"EntryPoint\",\"urlTemplate\":\"https:\/\/www.manaus.am.gov.br\/semasc\/?s={search_term_string}\"},\"query-input\":\"required name=search_term_string\"}],\"inLanguage\":\"pt-BR\"},{\"@type\":\"Organization\",\"@id\":\"https:\/\/www.manaus.am.gov.br\/semasc\/#organization\",\"name\":\"Prefeitura de Manaus\",\"alternateName\":\"Prefeitura Municipal de Manaus\",\"url\":\"https:\/\/www.manaus.am.gov.br\/semasc\/\",\"logo\":{\"@type\":\"ImageObject\",\"inLanguage\":\"pt-BR\",\"@id\":\"https:\/\/www.manaus.am.gov.br\/semasc\/#\/schema\/logo\/image\/\",\"url\":\"https:\/\/www.manaus.am.gov.br\/semasc\/wp-content\/uploads\/sites\/17\/2024\/07\/favicon.png\",\"contentUrl\":\"https:\/\/www.manaus.am.gov.br\/semasc\/wp-content\/uploads\/sites\/17\/2024\/07\/favicon.png\",\"width\":300,\"height\":300,\"caption\":\"Prefeitura de Manaus\"},\"image\":{\"@id\":\"https:\/\/www.manaus.am.gov.br\/semasc\/#\/schema\/logo\/image\/\"},\"sameAs\":[\"https:\/\/www.facebook.com\/semascmanaus\",\"https:\/\/www.instagram.com\/semascmanaus\/\"]},{\"@type\":\"Person\",\"@id\":\"https:\/\/www.manaus.am.gov.br\/semasc\/#\/schema\/person\/fe69d2249d78e7a3112d42bc34c44a58\",\"name\":\"Glauber Farias\",\"image\":{\"@type\":\"ImageObject\",\"inLanguage\":\"pt-BR\",\"@id\":\"https:\/\/www.manaus.am.gov.br\/semasc\/#\/schema\/person\/image\/\",\"url\":\"https:\/\/secure.gravatar.com\/avatar\/eb33200ffd19538372f635b2165531c0?s=96&d=mm&r=g\",\"contentUrl\":\"https:\/\/secure.gravatar.com\/avatar\/eb33200ffd19538372f635b2165531c0?s=96&d=mm&r=g\",\"caption\":\"Glauber Farias\"}}]}<\/script>\n<!-- \/ Yoast SEO plugin. -->","yoast_head_json":{"title":"Prefeitura inicia vacina\u00e7\u00e3o de servidores da Semasc","description":"Prefeitura inicia vacina\u00e7\u00e3o de servidores da Semasc que atuam no combate \u00e0 Covid-19, nesta quinta-feira, 10\/5, no SAI Amine Daou... \u00a0","robots":{"index":"noindex","follow":"follow"},"og_locale":"pt_BR","og_type":"article","og_title":"Prefeitura inicia vacina\u00e7\u00e3o de servidores da Semasc","og_description":"Prefeitura inicia vacina\u00e7\u00e3o de servidores da Semasc que atuam no combate \u00e0 Covid-19, nesta quinta-feira, 10\/5, no SAI Amine Daou... \u00a0","og_url":"https:\/\/www.manaus.am.gov.br\/semasc\/prefeitura-inicia-vacinacao-de-servidores-da-semasc-que-atuam-no-combate-a-covid-19\/","og_site_name":"SEMASC","article_publisher":"https:\/\/www.facebook.com\/semascmanaus","article_published_time":"2021-06-10T19:53:27+00:00","article_modified_time":"2023-11-17T14:48:34+00:00","og_image":[{"width":720,"height":406,"url":"https:\/\/www.manaus.am.gov.br\/semasc\/wp-content\/uploads\/sites\/17\/2023\/11\/20210610_093502-scaled-e1623355167774.jpg","type":"image\/jpeg"}],"author":"Glauber Farias","twitter_card":"summary_large_image","twitter_misc":{"Written by":"Glauber Farias","Est. reading time":"2 minutos"},"schema":{"@context":"https:\/\/schema.org","@graph":[{"@type":"Article","@id":"https:\/\/www.manaus.am.gov.br\/semasc\/prefeitura-inicia-vacinacao-de-servidores-da-semasc-que-atuam-no-combate-a-covid-19\/#article","isPartOf":{"@id":"https:\/\/www.manaus.am.gov.br\/semasc\/prefeitura-inicia-vacinacao-de-servidores-da-semasc-que-atuam-no-combate-a-covid-19\/"},"author":{"name":"Glauber Farias","@id":"https:\/\/www.manaus.am.gov.br\/semasc\/#\/schema\/person\/fe69d2249d78e7a3112d42bc34c44a58"},"headline":"Prefeitura inicia vacina\u00e7\u00e3o de servidores da Semasc que atuam no combate \u00e0 Covid-19","datePublished":"2021-06-10T19:53:27+00:00","dateModified":"2023-11-17T14:48:34+00:00","mainEntityOfPage":{"@id":"https:\/\/www.manaus.am.gov.br\/semasc\/prefeitura-inicia-vacinacao-de-servidores-da-semasc-que-atuam-no-combate-a-covid-19\/"},"wordCount":318,"publisher":{"@id":"https:\/\/www.manaus.am.gov.br\/semasc\/#organization"},"image":{"@id":"https:\/\/www.manaus.am.gov.br\/semasc\/prefeitura-inicia-vacinacao-de-servidores-da-semasc-que-atuam-no-combate-a-covid-19\/#primaryimage"},"thumbnailUrl":"https:\/\/www.manaus.am.gov.br\/semasc\/wp-content\/uploads\/sites\/17\/2023\/11\/20210610_093502-scaled-e1623355167774.jpg","keywords":["Covid-19","opera\u00e7\u00e3o cheia 2021","Semasc","vacina\u00e7\u00e3o"],"articleSection":["Imuniza\u00e7\u00e3o"],"inLanguage":"pt-BR"},{"@type":"WebPage","@id":"https:\/\/www.manaus.am.gov.br\/semasc\/prefeitura-inicia-vacinacao-de-servidores-da-semasc-que-atuam-no-combate-a-covid-19\/","url":"https:\/\/www.manaus.am.gov.br\/semasc\/prefeitura-inicia-vacinacao-de-servidores-da-semasc-que-atuam-no-combate-a-covid-19\/","name":"Prefeitura inicia vacina\u00e7\u00e3o de servidores da Semasc","isPartOf":{"@id":"https:\/\/www.manaus.am.gov.br\/semasc\/#website"},"primaryImageOfPage":{"@id":"https:\/\/www.manaus.am.gov.br\/semasc\/prefeitura-inicia-vacinacao-de-servidores-da-semasc-que-atuam-no-combate-a-covid-19\/#primaryimage"},"image":{"@id":"https:\/\/www.manaus.am.gov.br\/semasc\/prefeitura-inicia-vacinacao-de-servidores-da-semasc-que-atuam-no-combate-a-covid-19\/#primaryimage"},"thumbnailUrl":"https:\/\/www.manaus.am.gov.br\/semasc\/wp-content\/uploads\/sites\/17\/2023\/11\/20210610_093502-scaled-e1623355167774.jpg","datePublished":"2021-06-10T19:53:27+00:00","dateModified":"2023-11-17T14:48:34+00:00","description":"Prefeitura inicia vacina\u00e7\u00e3o de servidores da Semasc que atuam no combate \u00e0 Covid-19, nesta quinta-feira, 10\/5, no SAI Amine Daou... \u00a0","breadcrumb":{"@id":"https:\/\/www.manaus.am.gov.br\/semasc\/prefeitura-inicia-vacinacao-de-servidores-da-semasc-que-atuam-no-combate-a-covid-19\/#breadcrumb"},"inLanguage":"pt-BR","potentialAction":[{"@type":"ReadAction","target":["https:\/\/www.manaus.am.gov.br\/semasc\/prefeitura-inicia-vacinacao-de-servidores-da-semasc-que-atuam-no-combate-a-covid-19\/"]}]},{"@type":"ImageObject","inLanguage":"pt-BR","@id":"https:\/\/www.manaus.am.gov.br\/semasc\/prefeitura-inicia-vacinacao-de-servidores-da-semasc-que-atuam-no-combate-a-covid-19\/#primaryimage","url":"https:\/\/www.manaus.am.gov.br\/semasc\/wp-content\/uploads\/sites\/17\/2023\/11\/20210610_093502-scaled-e1623355167774.jpg","contentUrl":"https:\/\/www.manaus.am.gov.br\/semasc\/wp-content\/uploads\/sites\/17\/2023\/11\/20210610_093502-scaled-e1623355167774.jpg","width":720,"height":406,"caption":"Prefeitura inicia vacina\u00e7\u00e3o de servidores da Semasc que atuam no combate \u00e0 Covid-19"},{"@type":"BreadcrumbList","@id":"https:\/\/www.manaus.am.gov.br\/semasc\/prefeitura-inicia-vacinacao-de-servidores-da-semasc-que-atuam-no-combate-a-covid-19\/#breadcrumb","itemListElement":[{"@type":"ListItem","position":1,"name":"Home","item":"https:\/\/www.manaus.am.gov.br\/semasc\/"},{"@type":"ListItem","position":2,"name":"Prefeitura inicia vacina\u00e7\u00e3o de servidores da Semasc que atuam no combate \u00e0 Covid-19"}]},{"@type":"WebSite","@id":"https:\/\/www.manaus.am.gov.br\/semasc\/#website","url":"https:\/\/www.manaus.am.gov.br\/semasc\/","name":"SEMASC","description":"Secretaria Municipal da Mulher, Assist\u00eancia Social e Cidadania.","publisher":{"@id":"https:\/\/www.manaus.am.gov.br\/semasc\/#organization"},"alternateName":"Secretaria Municipal da Mulher, Assist\u00eancia Social e Cidadania","potentialAction":[{"@type":"SearchAction","target":{"@type":"EntryPoint","urlTemplate":"https:\/\/www.manaus.am.gov.br\/semasc\/?s={search_term_string}"},"query-input":"required name=search_term_string"}],"inLanguage":"pt-BR"},{"@type":"Organization","@id":"https:\/\/www.manaus.am.gov.br\/semasc\/#organization","name":"Prefeitura de Manaus","alternateName":"Prefeitura Municipal de Manaus","url":"https:\/\/www.manaus.am.gov.br\/semasc\/","logo":{"@type":"ImageObject","inLanguage":"pt-BR","@id":"https:\/\/www.manaus.am.gov.br\/semasc\/#\/schema\/logo\/image\/","url":"https:\/\/www.manaus.am.gov.br\/semasc\/wp-content\/uploads\/sites\/17\/2024\/07\/favicon.png","contentUrl":"https:\/\/www.manaus.am.gov.br\/semasc\/wp-content\/uploads\/sites\/17\/2024\/07\/favicon.png","width":300,"height":300,"caption":"Prefeitura de Manaus"},"image":{"@id":"https:\/\/www.manaus.am.gov.br\/semasc\/#\/schema\/logo\/image\/"},"sameAs":["https:\/\/www.facebook.com\/semascmanaus","https:\/\/www.instagram.com\/semascmanaus\/"]},{"@type":"Person","@id":"https:\/\/www.manaus.am.gov.br\/semasc\/#\/schema\/person\/fe69d2249d78e7a3112d42bc34c44a58","name":"Glauber Farias","image":{"@type":"ImageObject","inLanguage":"pt-BR","@id":"https:\/\/www.manaus.am.gov.br\/semasc\/#\/schema\/person\/image\/","url":"https:\/\/secure.gravatar.com\/avatar\/eb33200ffd19538372f635b2165531c0?s=96&d=mm&r=g","contentUrl":"https:\/\/secure.gravatar.com\/avatar\/eb33200ffd19538372f635b2165531c0?s=96&d=mm&r=g","caption":"Glauber Farias"}}]}},"_links":{"self":[{"href":"https:\/\/www.manaus.am.gov.br\/semasc\/wp-json\/wp\/v2\/posts\/209166"}],"collection":[{"href":"https:\/\/www.manaus.am.gov.br\/semasc\/wp-json\/wp\/v2\/posts"}],"about":[{"href":"https:\/\/www.manaus.am.gov.br\/semasc\/wp-json\/wp\/v2\/types\/post"}],"author":[{"embeddable":true,"href":"https:\/\/www.manaus.am.gov.br\/semasc\/wp-json\/wp\/v2\/users\/8"}],"replies":[{"embeddable":true,"href":"https:\/\/www.manaus.am.gov.br\/semasc\/wp-json\/wp\/v2\/comments?post=209166"}],"version-history":[{"count":0,"href":"https:\/\/www.manaus.am.gov.br\/semasc\/wp-json\/wp\/v2\/posts\/209166\/revisions"}],"wp:featuredmedia":[{"embeddable":true,"href":"https:\/\/www.manaus.am.gov.br\/semasc\/wp-json\/wp\/v2\/media\/209167"}],"wp:attachment":[{"href":"https:\/\/www.manaus.am.gov.br\/semasc\/wp-json\/wp\/v2\/media?parent=209166"}],"wp:term":[{"taxonomy":"category","embeddable":true,"href":"https:\/\/www.manaus.am.gov.br\/semasc\/wp-json\/wp\/v2\/categories?post=209166"},{"taxonomy":"post_tag","embeddable":true,"href":"https:\/\/www.manaus.am.gov.br\/semasc\/wp-json\/wp\/v2\/tags?post=209166"}],"curies":[{"name":"wp","href":"https:\/\/api.w.org\/{rel}","templated":true}]}}