{"id":209162,"date":"2021-10-05T20:46:20","date_gmt":"2021-10-06T00:46:20","guid":{"rendered":"https:\/\/www.manaus.am.gov.br\/semasc\/prefeitura-abre-programacao-alusiva-ao-outubro-rosa-na-sede-da-semasc\/"},"modified":"2023-11-17T10:47:16","modified_gmt":"2023-11-17T14:47:16","slug":"prefeitura-abre-programacao-alusiva-ao-outubro-rosa-na-sede-da-semasc","status":"publish","type":"post","link":"https:\/\/www.manaus.am.gov.br\/semasc\/prefeitura-abre-programacao-alusiva-ao-outubro-rosa-na-sede-da-semasc\/","title":{"rendered":"Prefeitura abre programa\u00e7\u00e3o alusiva ao &#8216;Outubro Rosa&#8217;, na sede da Semasc"},"content":{"rendered":"\n<p>A <a href=\"https:\/\/www.manaus.am.gov.br\">Prefeitura de Manaus<\/a>, por meio da Secretaria Municipal da Mulher, Assist\u00eancia Social e Cidadania (Semasc), realizou, nesta ter\u00e7a-feira, 5\/10, a abertura da programa\u00e7\u00e3o alusiva ao &#8220;Outubro Rosa&#8221;, m\u00eas que tem o objetivo de sensibilizar as mulheres sobre a import\u00e2ncia da preven\u00e7\u00e3o e do diagn\u00f3stico precoce do c\u00e2ncer de mama e do colo do \u00fatero. O ato ocorreu na sede da Semasc, localizada na avenida Ayr\u00e3o, Centro, que recebeu ilumina\u00e7\u00e3o especial.<\/p>\n\n\n\n<p>A programa\u00e7\u00e3o contou com atra\u00e7\u00e3o musical e soltura de bal\u00f5es na cor rosa. Al\u00e9m dos servidores da Semasc tamb\u00e9m estiveram presentes representantes do F\u00f3rum Permanente de Afrodescendentes do Amazonas (Fopaam), Conselho da Igualdade Racial (Cepi), Povos de Terreiros e Associa\u00e7\u00e3o Afro Brasileira Il\u00ea Ase Opo Ogodo.<\/p>\n\n\n\n<p>\u201cN\u00f3s realizamos hoje, um ato p\u00fablico para destacar ao longo do m\u00eas de outubro a import\u00e2ncia da preven\u00e7\u00e3o, tanto do c\u00e2ncer de mama, quanto do c\u00e2ncer do colo do \u00fatero. Em nossas unidades fazemos as orienta\u00e7\u00f5es necess\u00e1rias e encaminhamos as mulheres para as UBSs (Unidades B\u00e1sicas de Sa\u00fade), onde poder\u00e3o fazer os exames\u201d, enfatizou a secret\u00e1ria da Semasc, Jane Mara Moraes.<\/p>\n\n\n\n<figure class=\"wp-block-embed is-type-photo is-provider-flickr wp-block-embed-flickr\"><div class=\"wp-block-embed__wrapper\">\n<a href=\"https:\/\/www.flickr.com\/photos\/prefeiturademanaus\/51555625528\/in\/album-72157719974559202\/\"><img loading=\"lazy\" decoding=\"async\" src=\"https:\/\/live.staticflickr.com\/65535\/51555625528_4710ef5e13.jpg\" alt=\"05.10.21 - Abertura Outubro Rosa\" width=\"500\" height=\"333\" \/><\/a>\n<\/div><\/figure>\n\n\n\n<p>Durante todo o m\u00eas, a Semasc ir\u00e1 realizar diversas atividades nos Centros de Refer\u00eancia de Assist\u00eancia Social (Cras), Centros de Refer\u00eancia Especializado de Assist\u00eancia Social (Creas) e no Centro de Refer\u00eancia dos Direitos da Mulher (CRDM), como palestras, sess\u00f5es de autocuidado, rodas de conversa, entre outros.<\/p>\n\n\n\n<p>\u201cEsse ato \u00e9 um chamado \u00e0s mulheres, conclamando para que realizem o autoexame nas mamas e o preventivo, e se encontrar algum ind\u00edcio, que procurem os servi\u00e7os de sa\u00fade. Esse \u00e9 o prop\u00f3sito com essa campanha que come\u00e7amos hoje. Cuidar da sa\u00fade \u00e9 um dever e ter acesso \u00e0 sa\u00fade \u00e9 um direito de todas\u201d, disse a subsecret\u00e1ria de Pol\u00edticas Afirmativas para as Mulheres e Direitos Humanos da Semasc, Gra\u00e7a Prola.<\/p>\n\n\n\n<h2 class=\"wp-block-heading\">Diagn\u00f3stico e tratamento<\/h2>\n\n\n\n<p>A mamografia \u00e9 feita na rede b\u00e1sica de sa\u00fade. As mulheres precisam buscar atendimento em uma UBS, para que seja agendada, via sistema de regula\u00e7\u00e3o, o seu exame.<\/p>\n\n\n\n<p>As pacientes que possuem alta suspeita de c\u00e2ncer de mama, evidenciado por um exame de imagem, s\u00e3o encaminhadas por um m\u00e9dico \u00e0 Funda\u00e7\u00e3o Centro de Controle de Oncologia (FCecon-AM), zona Oeste, onde realizam bi\u00f3psia, ap\u00f3s a an\u00e1lise dos exames e a abertura de prontu\u00e1rio m\u00e9dico.<\/p>\n\n\n\n<p>O tratamento depender\u00e1 do tipo e est\u00e1gio da doen\u00e7a, podendo incluir quimioterapia, cirurgia e radioterapia.<\/p>\n\n\n\n<p>&#8212; &#8212; &#8212;<\/p>\n\n\n\n<p><strong>Texto &#8211; <\/strong>Fabiana Ara\u00fajo \/ Semasc<\/p>\n\n\n\n<p><strong>Fotos &#8211;<\/strong> Marcely Gomes \/ Semcom<\/p>\n\n\n\n<p><strong>Dispon\u00edveis em<\/strong> &#8211; <a href=\"https:\/\/flic.kr\/s\/aHsmWRDAuJ\">https:\/\/flic.kr\/s\/aHsmWRDAuJ<\/a><\/p>\n","protected":false},"excerpt":{"rendered":"","protected":false},"author":8,"featured_media":209163,"comment_status":"closed","ping_status":"closed","sticky":false,"template":"","format":"standard","meta":{"footnotes":""},"categories":[256],"tags":[574,575,576,18],"acf":[],"yoast_head":"<!-- This site is optimized with the Yoast SEO plugin v23.0 - https:\/\/yoast.com\/wordpress\/plugins\/seo\/ -->\n<title>Prefeitura abre programa\u00e7\u00e3o alusiva ao &#039;Outubro Rosa&#039;, na Semasc<\/title>\n<meta name=\"description\" content=\"Prefeitura abre programa\u00e7\u00e3o alusiva ao &#039;Outubro Rosa&#039;, na sede da Semasc, com show, soltura de bal\u00f5es e ilumina\u00e7\u00e3o especial no...\" \/>\n<meta name=\"robots\" content=\"noindex, follow\" \/>\n<meta property=\"og:locale\" content=\"pt_BR\" \/>\n<meta property=\"og:type\" content=\"article\" \/>\n<meta property=\"og:title\" content=\"Prefeitura abre programa\u00e7\u00e3o alusiva ao &#039;Outubro Rosa&#039;, na Semasc\" \/>\n<meta property=\"og:description\" content=\"Prefeitura abre programa\u00e7\u00e3o alusiva ao &#039;Outubro Rosa&#039;, na sede da Semasc, com show, soltura de bal\u00f5es e ilumina\u00e7\u00e3o especial no...\" \/>\n<meta property=\"og:url\" content=\"https:\/\/www.manaus.am.gov.br\/semasc\/prefeitura-abre-programacao-alusiva-ao-outubro-rosa-na-sede-da-semasc\/\" \/>\n<meta property=\"og:site_name\" content=\"SEMASC\" \/>\n<meta property=\"article:publisher\" content=\"https:\/\/www.facebook.com\/semascmanaus\" \/>\n<meta property=\"article:published_time\" content=\"2021-10-06T00:46:20+00:00\" \/>\n<meta property=\"article:modified_time\" content=\"2023-11-17T14:47:16+00:00\" \/>\n<meta property=\"og:image\" content=\"https:\/\/www.manaus.am.gov.br\/semasc\/wp-content\/uploads\/sites\/17\/2023\/11\/Prefeitura-abre-programacao-alusiva-ao-Outubro-Rosa-na-sede-da-Semasc.jpg\" \/>\n\t<meta property=\"og:image:width\" content=\"799\" \/>\n\t<meta property=\"og:image:height\" content=\"533\" \/>\n\t<meta property=\"og:image:type\" content=\"image\/jpeg\" \/>\n<meta name=\"author\" content=\"Glauber Farias\" \/>\n<meta name=\"twitter:card\" content=\"summary_large_image\" \/>\n<meta name=\"twitter:label1\" content=\"Written by\" \/>\n\t<meta name=\"twitter:data1\" content=\"Glauber Farias\" \/>\n\t<meta name=\"twitter:label2\" content=\"Est. reading time\" \/>\n\t<meta name=\"twitter:data2\" content=\"3 minutos\" \/>\n<script type=\"application\/ld+json\" class=\"yoast-schema-graph\">{\"@context\":\"https:\/\/schema.org\",\"@graph\":[{\"@type\":\"Article\",\"@id\":\"https:\/\/www.manaus.am.gov.br\/semasc\/prefeitura-abre-programacao-alusiva-ao-outubro-rosa-na-sede-da-semasc\/#article\",\"isPartOf\":{\"@id\":\"https:\/\/www.manaus.am.gov.br\/semasc\/prefeitura-abre-programacao-alusiva-ao-outubro-rosa-na-sede-da-semasc\/\"},\"author\":{\"name\":\"Glauber Farias\",\"@id\":\"https:\/\/www.manaus.am.gov.br\/semasc\/#\/schema\/person\/fe69d2249d78e7a3112d42bc34c44a58\"},\"headline\":\"Prefeitura abre programa\u00e7\u00e3o alusiva ao &#8216;Outubro Rosa&#8217;, na sede da Semasc\",\"datePublished\":\"2021-10-06T00:46:20+00:00\",\"dateModified\":\"2023-11-17T14:47:16+00:00\",\"mainEntityOfPage\":{\"@id\":\"https:\/\/www.manaus.am.gov.br\/semasc\/prefeitura-abre-programacao-alusiva-ao-outubro-rosa-na-sede-da-semasc\/\"},\"wordCount\":483,\"publisher\":{\"@id\":\"https:\/\/www.manaus.am.gov.br\/semasc\/#organization\"},\"image\":{\"@id\":\"https:\/\/www.manaus.am.gov.br\/semasc\/prefeitura-abre-programacao-alusiva-ao-outubro-rosa-na-sede-da-semasc\/#primaryimage\"},\"thumbnailUrl\":\"https:\/\/www.manaus.am.gov.br\/semasc\/wp-content\/uploads\/sites\/17\/2023\/11\/Prefeitura-abre-programacao-alusiva-ao-Outubro-Rosa-na-sede-da-Semasc.jpg\",\"keywords\":[\"c\u00e2ncer de colo do \u00fatero\",\"C\u00e2ncer de Mama\",\"outubro rosa\",\"Semasc\"],\"articleSection\":[\"Conscientiza\u00e7\u00e3o\"],\"inLanguage\":\"pt-BR\"},{\"@type\":\"WebPage\",\"@id\":\"https:\/\/www.manaus.am.gov.br\/semasc\/prefeitura-abre-programacao-alusiva-ao-outubro-rosa-na-sede-da-semasc\/\",\"url\":\"https:\/\/www.manaus.am.gov.br\/semasc\/prefeitura-abre-programacao-alusiva-ao-outubro-rosa-na-sede-da-semasc\/\",\"name\":\"Prefeitura abre programa\u00e7\u00e3o alusiva ao 'Outubro Rosa', na Semasc\",\"isPartOf\":{\"@id\":\"https:\/\/www.manaus.am.gov.br\/semasc\/#website\"},\"primaryImageOfPage\":{\"@id\":\"https:\/\/www.manaus.am.gov.br\/semasc\/prefeitura-abre-programacao-alusiva-ao-outubro-rosa-na-sede-da-semasc\/#primaryimage\"},\"image\":{\"@id\":\"https:\/\/www.manaus.am.gov.br\/semasc\/prefeitura-abre-programacao-alusiva-ao-outubro-rosa-na-sede-da-semasc\/#primaryimage\"},\"thumbnailUrl\":\"https:\/\/www.manaus.am.gov.br\/semasc\/wp-content\/uploads\/sites\/17\/2023\/11\/Prefeitura-abre-programacao-alusiva-ao-Outubro-Rosa-na-sede-da-Semasc.jpg\",\"datePublished\":\"2021-10-06T00:46:20+00:00\",\"dateModified\":\"2023-11-17T14:47:16+00:00\",\"description\":\"Prefeitura abre programa\u00e7\u00e3o alusiva ao 'Outubro Rosa', na sede da Semasc, com show, soltura de bal\u00f5es e ilumina\u00e7\u00e3o especial no...\",\"breadcrumb\":{\"@id\":\"https:\/\/www.manaus.am.gov.br\/semasc\/prefeitura-abre-programacao-alusiva-ao-outubro-rosa-na-sede-da-semasc\/#breadcrumb\"},\"inLanguage\":\"pt-BR\",\"potentialAction\":[{\"@type\":\"ReadAction\",\"target\":[\"https:\/\/www.manaus.am.gov.br\/semasc\/prefeitura-abre-programacao-alusiva-ao-outubro-rosa-na-sede-da-semasc\/\"]}]},{\"@type\":\"ImageObject\",\"inLanguage\":\"pt-BR\",\"@id\":\"https:\/\/www.manaus.am.gov.br\/semasc\/prefeitura-abre-programacao-alusiva-ao-outubro-rosa-na-sede-da-semasc\/#primaryimage\",\"url\":\"https:\/\/www.manaus.am.gov.br\/semasc\/wp-content\/uploads\/sites\/17\/2023\/11\/Prefeitura-abre-programacao-alusiva-ao-Outubro-Rosa-na-sede-da-Semasc.jpg\",\"contentUrl\":\"https:\/\/www.manaus.am.gov.br\/semasc\/wp-content\/uploads\/sites\/17\/2023\/11\/Prefeitura-abre-programacao-alusiva-ao-Outubro-Rosa-na-sede-da-Semasc.jpg\",\"width\":799,\"height\":533,\"caption\":\"Prefeitura abre programa\u00e7\u00e3o alusiva ao 'Outubro Rosa', na sede da Semasc\"},{\"@type\":\"BreadcrumbList\",\"@id\":\"https:\/\/www.manaus.am.gov.br\/semasc\/prefeitura-abre-programacao-alusiva-ao-outubro-rosa-na-sede-da-semasc\/#breadcrumb\",\"itemListElement\":[{\"@type\":\"ListItem\",\"position\":1,\"name\":\"Home\",\"item\":\"https:\/\/www.manaus.am.gov.br\/semasc\/\"},{\"@type\":\"ListItem\",\"position\":2,\"name\":\"Prefeitura abre programa\u00e7\u00e3o alusiva ao &#8216;Outubro Rosa&#8217;, na sede da Semasc\"}]},{\"@type\":\"WebSite\",\"@id\":\"https:\/\/www.manaus.am.gov.br\/semasc\/#website\",\"url\":\"https:\/\/www.manaus.am.gov.br\/semasc\/\",\"name\":\"SEMASC\",\"description\":\"Secretaria Municipal da Mulher, Assist\u00eancia Social e Cidadania.\",\"publisher\":{\"@id\":\"https:\/\/www.manaus.am.gov.br\/semasc\/#organization\"},\"alternateName\":\"Secretaria Municipal da Mulher, Assist\u00eancia Social e Cidadania\",\"potentialAction\":[{\"@type\":\"SearchAction\",\"target\":{\"@type\":\"EntryPoint\",\"urlTemplate\":\"https:\/\/www.manaus.am.gov.br\/semasc\/?s={search_term_string}\"},\"query-input\":\"required name=search_term_string\"}],\"inLanguage\":\"pt-BR\"},{\"@type\":\"Organization\",\"@id\":\"https:\/\/www.manaus.am.gov.br\/semasc\/#organization\",\"name\":\"Prefeitura de Manaus\",\"alternateName\":\"Prefeitura Municipal de Manaus\",\"url\":\"https:\/\/www.manaus.am.gov.br\/semasc\/\",\"logo\":{\"@type\":\"ImageObject\",\"inLanguage\":\"pt-BR\",\"@id\":\"https:\/\/www.manaus.am.gov.br\/semasc\/#\/schema\/logo\/image\/\",\"url\":\"https:\/\/www.manaus.am.gov.br\/semasc\/wp-content\/uploads\/sites\/17\/2024\/07\/favicon.png\",\"contentUrl\":\"https:\/\/www.manaus.am.gov.br\/semasc\/wp-content\/uploads\/sites\/17\/2024\/07\/favicon.png\",\"width\":300,\"height\":300,\"caption\":\"Prefeitura de Manaus\"},\"image\":{\"@id\":\"https:\/\/www.manaus.am.gov.br\/semasc\/#\/schema\/logo\/image\/\"},\"sameAs\":[\"https:\/\/www.facebook.com\/semascmanaus\",\"https:\/\/www.instagram.com\/semascmanaus\/\"]},{\"@type\":\"Person\",\"@id\":\"https:\/\/www.manaus.am.gov.br\/semasc\/#\/schema\/person\/fe69d2249d78e7a3112d42bc34c44a58\",\"name\":\"Glauber Farias\",\"image\":{\"@type\":\"ImageObject\",\"inLanguage\":\"pt-BR\",\"@id\":\"https:\/\/www.manaus.am.gov.br\/semasc\/#\/schema\/person\/image\/\",\"url\":\"https:\/\/secure.gravatar.com\/avatar\/eb33200ffd19538372f635b2165531c0?s=96&d=mm&r=g\",\"contentUrl\":\"https:\/\/secure.gravatar.com\/avatar\/eb33200ffd19538372f635b2165531c0?s=96&d=mm&r=g\",\"caption\":\"Glauber Farias\"}}]}<\/script>\n<!-- \/ Yoast SEO plugin. -->","yoast_head_json":{"title":"Prefeitura abre programa\u00e7\u00e3o alusiva ao 'Outubro Rosa', na Semasc","description":"Prefeitura abre programa\u00e7\u00e3o alusiva ao 'Outubro Rosa', na sede da Semasc, com show, soltura de bal\u00f5es e ilumina\u00e7\u00e3o especial no...","robots":{"index":"noindex","follow":"follow"},"og_locale":"pt_BR","og_type":"article","og_title":"Prefeitura abre programa\u00e7\u00e3o alusiva ao 'Outubro Rosa', na Semasc","og_description":"Prefeitura abre programa\u00e7\u00e3o alusiva ao 'Outubro Rosa', na sede da Semasc, com show, soltura de bal\u00f5es e ilumina\u00e7\u00e3o especial no...","og_url":"https:\/\/www.manaus.am.gov.br\/semasc\/prefeitura-abre-programacao-alusiva-ao-outubro-rosa-na-sede-da-semasc\/","og_site_name":"SEMASC","article_publisher":"https:\/\/www.facebook.com\/semascmanaus","article_published_time":"2021-10-06T00:46:20+00:00","article_modified_time":"2023-11-17T14:47:16+00:00","og_image":[{"width":799,"height":533,"url":"https:\/\/www.manaus.am.gov.br\/semasc\/wp-content\/uploads\/sites\/17\/2023\/11\/Prefeitura-abre-programacao-alusiva-ao-Outubro-Rosa-na-sede-da-Semasc.jpg","type":"image\/jpeg"}],"author":"Glauber Farias","twitter_card":"summary_large_image","twitter_misc":{"Written by":"Glauber Farias","Est. reading time":"3 minutos"},"schema":{"@context":"https:\/\/schema.org","@graph":[{"@type":"Article","@id":"https:\/\/www.manaus.am.gov.br\/semasc\/prefeitura-abre-programacao-alusiva-ao-outubro-rosa-na-sede-da-semasc\/#article","isPartOf":{"@id":"https:\/\/www.manaus.am.gov.br\/semasc\/prefeitura-abre-programacao-alusiva-ao-outubro-rosa-na-sede-da-semasc\/"},"author":{"name":"Glauber Farias","@id":"https:\/\/www.manaus.am.gov.br\/semasc\/#\/schema\/person\/fe69d2249d78e7a3112d42bc34c44a58"},"headline":"Prefeitura abre programa\u00e7\u00e3o alusiva ao &#8216;Outubro Rosa&#8217;, na sede da Semasc","datePublished":"2021-10-06T00:46:20+00:00","dateModified":"2023-11-17T14:47:16+00:00","mainEntityOfPage":{"@id":"https:\/\/www.manaus.am.gov.br\/semasc\/prefeitura-abre-programacao-alusiva-ao-outubro-rosa-na-sede-da-semasc\/"},"wordCount":483,"publisher":{"@id":"https:\/\/www.manaus.am.gov.br\/semasc\/#organization"},"image":{"@id":"https:\/\/www.manaus.am.gov.br\/semasc\/prefeitura-abre-programacao-alusiva-ao-outubro-rosa-na-sede-da-semasc\/#primaryimage"},"thumbnailUrl":"https:\/\/www.manaus.am.gov.br\/semasc\/wp-content\/uploads\/sites\/17\/2023\/11\/Prefeitura-abre-programacao-alusiva-ao-Outubro-Rosa-na-sede-da-Semasc.jpg","keywords":["c\u00e2ncer de colo do \u00fatero","C\u00e2ncer de Mama","outubro rosa","Semasc"],"articleSection":["Conscientiza\u00e7\u00e3o"],"inLanguage":"pt-BR"},{"@type":"WebPage","@id":"https:\/\/www.manaus.am.gov.br\/semasc\/prefeitura-abre-programacao-alusiva-ao-outubro-rosa-na-sede-da-semasc\/","url":"https:\/\/www.manaus.am.gov.br\/semasc\/prefeitura-abre-programacao-alusiva-ao-outubro-rosa-na-sede-da-semasc\/","name":"Prefeitura abre programa\u00e7\u00e3o alusiva ao 'Outubro Rosa', na Semasc","isPartOf":{"@id":"https:\/\/www.manaus.am.gov.br\/semasc\/#website"},"primaryImageOfPage":{"@id":"https:\/\/www.manaus.am.gov.br\/semasc\/prefeitura-abre-programacao-alusiva-ao-outubro-rosa-na-sede-da-semasc\/#primaryimage"},"image":{"@id":"https:\/\/www.manaus.am.gov.br\/semasc\/prefeitura-abre-programacao-alusiva-ao-outubro-rosa-na-sede-da-semasc\/#primaryimage"},"thumbnailUrl":"https:\/\/www.manaus.am.gov.br\/semasc\/wp-content\/uploads\/sites\/17\/2023\/11\/Prefeitura-abre-programacao-alusiva-ao-Outubro-Rosa-na-sede-da-Semasc.jpg","datePublished":"2021-10-06T00:46:20+00:00","dateModified":"2023-11-17T14:47:16+00:00","description":"Prefeitura abre programa\u00e7\u00e3o alusiva ao 'Outubro Rosa', na sede da Semasc, com show, soltura de bal\u00f5es e ilumina\u00e7\u00e3o especial no...","breadcrumb":{"@id":"https:\/\/www.manaus.am.gov.br\/semasc\/prefeitura-abre-programacao-alusiva-ao-outubro-rosa-na-sede-da-semasc\/#breadcrumb"},"inLanguage":"pt-BR","potentialAction":[{"@type":"ReadAction","target":["https:\/\/www.manaus.am.gov.br\/semasc\/prefeitura-abre-programacao-alusiva-ao-outubro-rosa-na-sede-da-semasc\/"]}]},{"@type":"ImageObject","inLanguage":"pt-BR","@id":"https:\/\/www.manaus.am.gov.br\/semasc\/prefeitura-abre-programacao-alusiva-ao-outubro-rosa-na-sede-da-semasc\/#primaryimage","url":"https:\/\/www.manaus.am.gov.br\/semasc\/wp-content\/uploads\/sites\/17\/2023\/11\/Prefeitura-abre-programacao-alusiva-ao-Outubro-Rosa-na-sede-da-Semasc.jpg","contentUrl":"https:\/\/www.manaus.am.gov.br\/semasc\/wp-content\/uploads\/sites\/17\/2023\/11\/Prefeitura-abre-programacao-alusiva-ao-Outubro-Rosa-na-sede-da-Semasc.jpg","width":799,"height":533,"caption":"Prefeitura abre programa\u00e7\u00e3o alusiva ao 'Outubro Rosa', na sede da Semasc"},{"@type":"BreadcrumbList","@id":"https:\/\/www.manaus.am.gov.br\/semasc\/prefeitura-abre-programacao-alusiva-ao-outubro-rosa-na-sede-da-semasc\/#breadcrumb","itemListElement":[{"@type":"ListItem","position":1,"name":"Home","item":"https:\/\/www.manaus.am.gov.br\/semasc\/"},{"@type":"ListItem","position":2,"name":"Prefeitura abre programa\u00e7\u00e3o alusiva ao &#8216;Outubro Rosa&#8217;, na sede da Semasc"}]},{"@type":"WebSite","@id":"https:\/\/www.manaus.am.gov.br\/semasc\/#website","url":"https:\/\/www.manaus.am.gov.br\/semasc\/","name":"SEMASC","description":"Secretaria Municipal da Mulher, Assist\u00eancia Social e Cidadania.","publisher":{"@id":"https:\/\/www.manaus.am.gov.br\/semasc\/#organization"},"alternateName":"Secretaria Municipal da Mulher, Assist\u00eancia Social e Cidadania","potentialAction":[{"@type":"SearchAction","target":{"@type":"EntryPoint","urlTemplate":"https:\/\/www.manaus.am.gov.br\/semasc\/?s={search_term_string}"},"query-input":"required name=search_term_string"}],"inLanguage":"pt-BR"},{"@type":"Organization","@id":"https:\/\/www.manaus.am.gov.br\/semasc\/#organization","name":"Prefeitura de Manaus","alternateName":"Prefeitura Municipal de Manaus","url":"https:\/\/www.manaus.am.gov.br\/semasc\/","logo":{"@type":"ImageObject","inLanguage":"pt-BR","@id":"https:\/\/www.manaus.am.gov.br\/semasc\/#\/schema\/logo\/image\/","url":"https:\/\/www.manaus.am.gov.br\/semasc\/wp-content\/uploads\/sites\/17\/2024\/07\/favicon.png","contentUrl":"https:\/\/www.manaus.am.gov.br\/semasc\/wp-content\/uploads\/sites\/17\/2024\/07\/favicon.png","width":300,"height":300,"caption":"Prefeitura de Manaus"},"image":{"@id":"https:\/\/www.manaus.am.gov.br\/semasc\/#\/schema\/logo\/image\/"},"sameAs":["https:\/\/www.facebook.com\/semascmanaus","https:\/\/www.instagram.com\/semascmanaus\/"]},{"@type":"Person","@id":"https:\/\/www.manaus.am.gov.br\/semasc\/#\/schema\/person\/fe69d2249d78e7a3112d42bc34c44a58","name":"Glauber Farias","image":{"@type":"ImageObject","inLanguage":"pt-BR","@id":"https:\/\/www.manaus.am.gov.br\/semasc\/#\/schema\/person\/image\/","url":"https:\/\/secure.gravatar.com\/avatar\/eb33200ffd19538372f635b2165531c0?s=96&d=mm&r=g","contentUrl":"https:\/\/secure.gravatar.com\/avatar\/eb33200ffd19538372f635b2165531c0?s=96&d=mm&r=g","caption":"Glauber Farias"}}]}},"_links":{"self":[{"href":"https:\/\/www.manaus.am.gov.br\/semasc\/wp-json\/wp\/v2\/posts\/209162"}],"collection":[{"href":"https:\/\/www.manaus.am.gov.br\/semasc\/wp-json\/wp\/v2\/posts"}],"about":[{"href":"https:\/\/www.manaus.am.gov.br\/semasc\/wp-json\/wp\/v2\/types\/post"}],"author":[{"embeddable":true,"href":"https:\/\/www.manaus.am.gov.br\/semasc\/wp-json\/wp\/v2\/users\/8"}],"replies":[{"embeddable":true,"href":"https:\/\/www.manaus.am.gov.br\/semasc\/wp-json\/wp\/v2\/comments?post=209162"}],"version-history":[{"count":1,"href":"https:\/\/www.manaus.am.gov.br\/semasc\/wp-json\/wp\/v2\/posts\/209162\/revisions"}],"predecessor-version":[{"id":209165,"href":"https:\/\/www.manaus.am.gov.br\/semasc\/wp-json\/wp\/v2\/posts\/209162\/revisions\/209165"}],"wp:featuredmedia":[{"embeddable":true,"href":"https:\/\/www.manaus.am.gov.br\/semasc\/wp-json\/wp\/v2\/media\/209163"}],"wp:attachment":[{"href":"https:\/\/www.manaus.am.gov.br\/semasc\/wp-json\/wp\/v2\/media?parent=209162"}],"wp:term":[{"taxonomy":"category","embeddable":true,"href":"https:\/\/www.manaus.am.gov.br\/semasc\/wp-json\/wp\/v2\/categories?post=209162"},{"taxonomy":"post_tag","embeddable":true,"href":"https:\/\/www.manaus.am.gov.br\/semasc\/wp-json\/wp\/v2\/tags?post=209162"}],"curies":[{"name":"wp","href":"https:\/\/api.w.org\/{rel}","templated":true}]}}