{"id":209157,"date":"2022-05-26T12:31:43","date_gmt":"2022-05-26T16:31:43","guid":{"rendered":"https:\/\/www.manaus.am.gov.br\/semasc\/david-almeida-destaca-reforma-dos-cras-e-busca-pela-excelencia-nos-servicos-da-semasc-durante-abertura-do-22o-encontro-regional-do-congemas-norte\/"},"modified":"2023-11-17T10:32:52","modified_gmt":"2023-11-17T14:32:52","slug":"david-almeida-destaca-reforma-dos-cras-e-busca-pela-excelencia-nos-servicos-da-semasc-durante-abertura-do-22o-encontro-regional-do-congemas-norte","status":"publish","type":"post","link":"https:\/\/www.manaus.am.gov.br\/semasc\/david-almeida-destaca-reforma-dos-cras-e-busca-pela-excelencia-nos-servicos-da-semasc-durante-abertura-do-22o-encontro-regional-do-congemas-norte\/","title":{"rendered":"David Almeida destaca reforma dos Cras e busca pela excel\u00eancia nos servi\u00e7os da Semasc durante abertura do 22\u00ba Encontro Regional do Congemas-Norte"},"content":{"rendered":"\n<p>O prefeito de Manaus, David Almeida, realizou, nesta quinta-feira, 26\/5, a abertura oficial do 22\u00ba Encontro Regional do\u00a0Colegiado de Gestores Municipais de Assist\u00eancia Social (Congemas) da regi\u00e3o Norte. <\/p>\n\n\n\n<p>O evento, realizado no audit\u00f3rio do Manaus Plaza Shopping, localizado na Chapada, zona Centro-Sul, \u00e9 organizado pela Prefeitura de Manaus, por meio da Secretaria Municipal da Mulher, Assist\u00eancia Social e Cidadania (Semasc), e tem como tema &#8220;O futuro da assist\u00eancia social na regi\u00e3o Norte, o compromisso dos governos na supera\u00e7\u00e3o da fome e desprote\u00e7\u00f5es sociais&#8221;.<\/p>\n\n\n\n<p>Durante o seu discurso, David Almeida fez quest\u00e3o de enfatizar o objetivo do encontro, que \u00e9 analisar a realidade da assist\u00eancia social na regi\u00e3o e debater pol\u00edticas p\u00fablicas para o seu aprimoramento, principalmente resultando em melhores servi\u00e7os prestados para a popula\u00e7\u00e3o.<\/p>\n\n\n\n<p>&#8220;Quero cumprimentar e agradecer a presen\u00e7a de todos que est\u00e3o participando deste encontro. Manaus agradece o prest\u00edgio que nos concedem em visitar a nossa cidade e agora participa desta confer\u00eancia que temos a honra e a oportunidade de sediar. <\/p>\n\n\n\n<p>Que todos os presentes possam absorver os conhecimentos passados pelos palestrantes para que n\u00f3s possamos dar para a popula\u00e7\u00e3o de Manaus e de todos os munic\u00edpios representados um servi\u00e7o p\u00fablico de qualidade, pois \u00e9 isso que ela quer, precisa e espera de um servidor p\u00fablico&#8221;, afirmou Almeida.<\/p>\n\n\n\n<p>Al\u00e9m disso, o chefe do Executivo municipal anunciou que, ainda em 2022, a gest\u00e3o municipal ir\u00e1 reformar todos os 20 Centros de Refer\u00eancia de Assist\u00eancia Social (Cras) administrados pela prefeitura.<\/p>\n\n\n\n<p>&#8220;Vamos reformar todos os Cras da Prefeitura de Manaus ainda esse ano.\u00a0 Temos 20, dois j\u00e1 foram recuperados e n\u00f3s vamos recuperar 18. Tudo isso com recursos oriundos de emendas do deputado federal Marcelo Ramos. <\/p>\n\n\n\n<p>Portanto, em dois anos, n\u00f3s vamos reconstruir, refazer todas as estruturas da prefeitura com rela\u00e7\u00e3o \u00e0 assist\u00eancia social dos nossos Cras.\u00a0 Isso n\u00e3o \u00e9 pouco para uma prefeitura em apenas um ano e cinco meses de gest\u00e3o, e estamos buscando a excel\u00eancia na presta\u00e7\u00e3o de servi\u00e7os na Prefeitura de Manaus&#8221;, salientou o prefeito.<\/p>\n\n\n\n<h2 class=\"wp-block-heading\">Cronograma<\/h2>\n\n\n\n<p>O primeiro dia de evento ir\u00e1 priorizar as discuss\u00f5es mais t\u00e9cnicas, com palestras e debates sobre \u201cDesfinanciamento, subfinanciamento e os impactos da Emenda Constitucional 95\/16\u201d, \u201cOs impactos da pandemia na amplia\u00e7\u00e3o das desprote\u00e7\u00f5es sociais e as emerg\u00eancias e calamidades: o lugar da Assist\u00eancia Social\u201d, \u201cFluxos migrat\u00f3rios e prote\u00e7\u00e3o social na regi\u00e3o Norte\u201d, e \u201cA rela\u00e7\u00e3o do Suas com o Sistema de Garantia de Direitos e demais pol\u00edticas transversais\u201d.<\/p>\n\n\n\n<p>J\u00e1 o segundo dia contar\u00e1 com oficinas de capacita\u00e7\u00e3o voltadas a diversos temas, como as \u201cNovas estrat\u00e9gias no contexto de pandemia, inova\u00e7\u00e3o em gest\u00e3o e trabalho social\u201d, com as oficinas divididas em oito subtemas que passam pelo trabalho social, gest\u00e3o financeira do Suas, programa Aux\u00edlio Brasil, entre outros.<\/p>\n\n\n\n<p>&#8212; &#8212; &#8212;<\/p>\n\n\n\n<p><strong>Texto \u2013 <\/strong>Thiago Fernando \/ Semcom<\/p>\n\n\n\n<p><strong>Fotos \u2013<\/strong> Dhyeizo Lemos \/ Semcom<\/p>\n\n\n\n<p><strong>Dispon\u00edveis em &#8211; <\/strong><a href=\"https:\/\/flic.kr\/s\/aHBqjzRCjc\">https:\/\/flic.kr\/s\/aHBqjzRCjc<\/a><\/p>\n\n\n\n<p>&nbsp;<\/p>\n","protected":false},"excerpt":{"rendered":"","protected":false},"author":24,"featured_media":209158,"comment_status":"closed","ping_status":"closed","sticky":false,"template":"","format":"standard","meta":{"footnotes":""},"categories":[34],"tags":[566,567,568,121,274,569],"acf":[],"yoast_head":"<!-- This site is optimized with the Yoast SEO plugin v23.0 - https:\/\/yoast.com\/wordpress\/plugins\/seo\/ -->\n<title>David Destaca Reforma dos CRAS e Busca pela Excel\u00eancia<\/title>\n<meta name=\"description\" content=\"David Almeida destaca reforma dos Cras e busca pela excel\u00eancia nos servi\u00e7os da Semasc durante a 22\u00ba Encontro Regional do Congemas-Norte\" \/>\n<meta name=\"robots\" content=\"noindex, follow\" \/>\n<meta property=\"og:locale\" content=\"pt_BR\" \/>\n<meta property=\"og:type\" content=\"article\" \/>\n<meta property=\"og:title\" content=\"David Destaca Reforma dos CRAS e Busca pela Excel\u00eancia\" \/>\n<meta property=\"og:description\" content=\"David Almeida destaca reforma dos Cras e busca pela excel\u00eancia nos servi\u00e7os da Semasc durante a 22\u00ba Encontro Regional do Congemas-Norte\" \/>\n<meta property=\"og:url\" content=\"https:\/\/www.manaus.am.gov.br\/semasc\/david-almeida-destaca-reforma-dos-cras-e-busca-pela-excelencia-nos-servicos-da-semasc-durante-abertura-do-22o-encontro-regional-do-congemas-norte\/\" \/>\n<meta property=\"og:site_name\" content=\"SEMASC\" \/>\n<meta property=\"article:publisher\" content=\"https:\/\/www.facebook.com\/semascmanaus\" \/>\n<meta property=\"article:published_time\" content=\"2022-05-26T16:31:43+00:00\" \/>\n<meta property=\"article:modified_time\" content=\"2023-11-17T14:32:52+00:00\" \/>\n<meta property=\"og:image\" content=\"https:\/\/www.manaus.am.gov.br\/semasc\/wp-content\/uploads\/sites\/17\/2023\/11\/52100966943_958d514948_o-scaled.jpg\" \/>\n\t<meta property=\"og:image:width\" content=\"2560\" \/>\n\t<meta property=\"og:image:height\" content=\"1707\" \/>\n\t<meta property=\"og:image:type\" content=\"image\/jpeg\" \/>\n<meta name=\"author\" content=\"Cl\u00e1udia Barbosa\" \/>\n<meta name=\"twitter:card\" content=\"summary_large_image\" \/>\n<meta name=\"twitter:label1\" content=\"Written by\" \/>\n\t<meta name=\"twitter:data1\" content=\"Cl\u00e1udia Barbosa\" \/>\n\t<meta name=\"twitter:label2\" content=\"Est. reading time\" \/>\n\t<meta name=\"twitter:data2\" content=\"3 minutos\" \/>\n<script type=\"application\/ld+json\" class=\"yoast-schema-graph\">{\"@context\":\"https:\/\/schema.org\",\"@graph\":[{\"@type\":\"Article\",\"@id\":\"https:\/\/www.manaus.am.gov.br\/semasc\/david-almeida-destaca-reforma-dos-cras-e-busca-pela-excelencia-nos-servicos-da-semasc-durante-abertura-do-22o-encontro-regional-do-congemas-norte\/#article\",\"isPartOf\":{\"@id\":\"https:\/\/www.manaus.am.gov.br\/semasc\/david-almeida-destaca-reforma-dos-cras-e-busca-pela-excelencia-nos-servicos-da-semasc-durante-abertura-do-22o-encontro-regional-do-congemas-norte\/\"},\"author\":{\"name\":\"Cl\u00e1udia Barbosa\",\"@id\":\"https:\/\/www.manaus.am.gov.br\/semasc\/#\/schema\/person\/d0a166b5031154c33c77794ddc9a827e\"},\"headline\":\"David Almeida destaca reforma dos Cras e busca pela excel\u00eancia nos servi\u00e7os da Semasc durante abertura do 22\u00ba Encontro Regional do Congemas-Norte\",\"datePublished\":\"2022-05-26T16:31:43+00:00\",\"dateModified\":\"2023-11-17T14:32:52+00:00\",\"mainEntityOfPage\":{\"@id\":\"https:\/\/www.manaus.am.gov.br\/semasc\/david-almeida-destaca-reforma-dos-cras-e-busca-pela-excelencia-nos-servicos-da-semasc-durante-abertura-do-22o-encontro-regional-do-congemas-norte\/\"},\"wordCount\":533,\"publisher\":{\"@id\":\"https:\/\/www.manaus.am.gov.br\/semasc\/#organization\"},\"image\":{\"@id\":\"https:\/\/www.manaus.am.gov.br\/semasc\/david-almeida-destaca-reforma-dos-cras-e-busca-pela-excelencia-nos-servicos-da-semasc-durante-abertura-do-22o-encontro-regional-do-congemas-norte\/#primaryimage\"},\"thumbnailUrl\":\"https:\/\/www.manaus.am.gov.br\/semasc\/wp-content\/uploads\/sites\/17\/2023\/11\/52100966943_958d514948_o-scaled.jpg\",\"keywords\":[\"22\u00ba Encontro Regional do\u00a0Colegiado de Gestores Municipais de Assist\u00eancia Social\",\"Centros de Refer\u00eancia de Assist\u00eancia Social\",\"Congemas\",\"cras\",\"David Almeida\",\"Manaus Plaza Shopping\"],\"articleSection\":[\"Assist\u00eancia Social\"],\"inLanguage\":\"pt-BR\"},{\"@type\":\"WebPage\",\"@id\":\"https:\/\/www.manaus.am.gov.br\/semasc\/david-almeida-destaca-reforma-dos-cras-e-busca-pela-excelencia-nos-servicos-da-semasc-durante-abertura-do-22o-encontro-regional-do-congemas-norte\/\",\"url\":\"https:\/\/www.manaus.am.gov.br\/semasc\/david-almeida-destaca-reforma-dos-cras-e-busca-pela-excelencia-nos-servicos-da-semasc-durante-abertura-do-22o-encontro-regional-do-congemas-norte\/\",\"name\":\"David Destaca Reforma dos CRAS e Busca pela Excel\u00eancia\",\"isPartOf\":{\"@id\":\"https:\/\/www.manaus.am.gov.br\/semasc\/#website\"},\"primaryImageOfPage\":{\"@id\":\"https:\/\/www.manaus.am.gov.br\/semasc\/david-almeida-destaca-reforma-dos-cras-e-busca-pela-excelencia-nos-servicos-da-semasc-durante-abertura-do-22o-encontro-regional-do-congemas-norte\/#primaryimage\"},\"image\":{\"@id\":\"https:\/\/www.manaus.am.gov.br\/semasc\/david-almeida-destaca-reforma-dos-cras-e-busca-pela-excelencia-nos-servicos-da-semasc-durante-abertura-do-22o-encontro-regional-do-congemas-norte\/#primaryimage\"},\"thumbnailUrl\":\"https:\/\/www.manaus.am.gov.br\/semasc\/wp-content\/uploads\/sites\/17\/2023\/11\/52100966943_958d514948_o-scaled.jpg\",\"datePublished\":\"2022-05-26T16:31:43+00:00\",\"dateModified\":\"2023-11-17T14:32:52+00:00\",\"description\":\"David Almeida destaca reforma dos Cras e busca pela excel\u00eancia nos servi\u00e7os da Semasc durante a 22\u00ba Encontro Regional do Congemas-Norte\",\"breadcrumb\":{\"@id\":\"https:\/\/www.manaus.am.gov.br\/semasc\/david-almeida-destaca-reforma-dos-cras-e-busca-pela-excelencia-nos-servicos-da-semasc-durante-abertura-do-22o-encontro-regional-do-congemas-norte\/#breadcrumb\"},\"inLanguage\":\"pt-BR\",\"potentialAction\":[{\"@type\":\"ReadAction\",\"target\":[\"https:\/\/www.manaus.am.gov.br\/semasc\/david-almeida-destaca-reforma-dos-cras-e-busca-pela-excelencia-nos-servicos-da-semasc-durante-abertura-do-22o-encontro-regional-do-congemas-norte\/\"]}]},{\"@type\":\"ImageObject\",\"inLanguage\":\"pt-BR\",\"@id\":\"https:\/\/www.manaus.am.gov.br\/semasc\/david-almeida-destaca-reforma-dos-cras-e-busca-pela-excelencia-nos-servicos-da-semasc-durante-abertura-do-22o-encontro-regional-do-congemas-norte\/#primaryimage\",\"url\":\"https:\/\/www.manaus.am.gov.br\/semasc\/wp-content\/uploads\/sites\/17\/2023\/11\/52100966943_958d514948_o-scaled.jpg\",\"contentUrl\":\"https:\/\/www.manaus.am.gov.br\/semasc\/wp-content\/uploads\/sites\/17\/2023\/11\/52100966943_958d514948_o-scaled.jpg\",\"width\":2560,\"height\":1707,\"caption\":\"David Almeida destaca reforma dos Cras e busca pela excel\u00eancia nos servi\u00e7os da Semasc durante abertura do 22\u00ba Encontro Regional do Congemas-Norte\"},{\"@type\":\"BreadcrumbList\",\"@id\":\"https:\/\/www.manaus.am.gov.br\/semasc\/david-almeida-destaca-reforma-dos-cras-e-busca-pela-excelencia-nos-servicos-da-semasc-durante-abertura-do-22o-encontro-regional-do-congemas-norte\/#breadcrumb\",\"itemListElement\":[{\"@type\":\"ListItem\",\"position\":1,\"name\":\"Home\",\"item\":\"https:\/\/www.manaus.am.gov.br\/semasc\/\"},{\"@type\":\"ListItem\",\"position\":2,\"name\":\"David Almeida destaca reforma dos Cras e busca pela excel\u00eancia nos servi\u00e7os da Semasc durante abertura do 22\u00ba Encontro Regional do Congemas-Norte\"}]},{\"@type\":\"WebSite\",\"@id\":\"https:\/\/www.manaus.am.gov.br\/semasc\/#website\",\"url\":\"https:\/\/www.manaus.am.gov.br\/semasc\/\",\"name\":\"SEMASC\",\"description\":\"Secretaria Municipal da Mulher, Assist\u00eancia Social e Cidadania.\",\"publisher\":{\"@id\":\"https:\/\/www.manaus.am.gov.br\/semasc\/#organization\"},\"alternateName\":\"Secretaria Municipal da Mulher, Assist\u00eancia Social e Cidadania\",\"potentialAction\":[{\"@type\":\"SearchAction\",\"target\":{\"@type\":\"EntryPoint\",\"urlTemplate\":\"https:\/\/www.manaus.am.gov.br\/semasc\/?s={search_term_string}\"},\"query-input\":\"required name=search_term_string\"}],\"inLanguage\":\"pt-BR\"},{\"@type\":\"Organization\",\"@id\":\"https:\/\/www.manaus.am.gov.br\/semasc\/#organization\",\"name\":\"Prefeitura de Manaus\",\"alternateName\":\"Prefeitura Municipal de Manaus\",\"url\":\"https:\/\/www.manaus.am.gov.br\/semasc\/\",\"logo\":{\"@type\":\"ImageObject\",\"inLanguage\":\"pt-BR\",\"@id\":\"https:\/\/www.manaus.am.gov.br\/semasc\/#\/schema\/logo\/image\/\",\"url\":\"https:\/\/www.manaus.am.gov.br\/semasc\/wp-content\/uploads\/sites\/17\/2024\/07\/favicon.png\",\"contentUrl\":\"https:\/\/www.manaus.am.gov.br\/semasc\/wp-content\/uploads\/sites\/17\/2024\/07\/favicon.png\",\"width\":300,\"height\":300,\"caption\":\"Prefeitura de Manaus\"},\"image\":{\"@id\":\"https:\/\/www.manaus.am.gov.br\/semasc\/#\/schema\/logo\/image\/\"},\"sameAs\":[\"https:\/\/www.facebook.com\/semascmanaus\",\"https:\/\/www.instagram.com\/semascmanaus\/\"]},{\"@type\":\"Person\",\"@id\":\"https:\/\/www.manaus.am.gov.br\/semasc\/#\/schema\/person\/d0a166b5031154c33c77794ddc9a827e\",\"name\":\"Cl\u00e1udia Barbosa\",\"image\":{\"@type\":\"ImageObject\",\"inLanguage\":\"pt-BR\",\"@id\":\"https:\/\/www.manaus.am.gov.br\/semasc\/#\/schema\/person\/image\/\",\"url\":\"https:\/\/secure.gravatar.com\/avatar\/42958a1cf007f1a00534009218c72590?s=96&d=mm&r=g\",\"contentUrl\":\"https:\/\/secure.gravatar.com\/avatar\/42958a1cf007f1a00534009218c72590?s=96&d=mm&r=g\",\"caption\":\"Cl\u00e1udia Barbosa\"}}]}<\/script>\n<!-- \/ Yoast SEO plugin. -->","yoast_head_json":{"title":"David Destaca Reforma dos CRAS e Busca pela Excel\u00eancia","description":"David Almeida destaca reforma dos Cras e busca pela excel\u00eancia nos servi\u00e7os da Semasc durante a 22\u00ba Encontro Regional do Congemas-Norte","robots":{"index":"noindex","follow":"follow"},"og_locale":"pt_BR","og_type":"article","og_title":"David Destaca Reforma dos CRAS e Busca pela Excel\u00eancia","og_description":"David Almeida destaca reforma dos Cras e busca pela excel\u00eancia nos servi\u00e7os da Semasc durante a 22\u00ba Encontro Regional do Congemas-Norte","og_url":"https:\/\/www.manaus.am.gov.br\/semasc\/david-almeida-destaca-reforma-dos-cras-e-busca-pela-excelencia-nos-servicos-da-semasc-durante-abertura-do-22o-encontro-regional-do-congemas-norte\/","og_site_name":"SEMASC","article_publisher":"https:\/\/www.facebook.com\/semascmanaus","article_published_time":"2022-05-26T16:31:43+00:00","article_modified_time":"2023-11-17T14:32:52+00:00","og_image":[{"width":2560,"height":1707,"url":"https:\/\/www.manaus.am.gov.br\/semasc\/wp-content\/uploads\/sites\/17\/2023\/11\/52100966943_958d514948_o-scaled.jpg","type":"image\/jpeg"}],"author":"Cl\u00e1udia Barbosa","twitter_card":"summary_large_image","twitter_misc":{"Written by":"Cl\u00e1udia Barbosa","Est. reading time":"3 minutos"},"schema":{"@context":"https:\/\/schema.org","@graph":[{"@type":"Article","@id":"https:\/\/www.manaus.am.gov.br\/semasc\/david-almeida-destaca-reforma-dos-cras-e-busca-pela-excelencia-nos-servicos-da-semasc-durante-abertura-do-22o-encontro-regional-do-congemas-norte\/#article","isPartOf":{"@id":"https:\/\/www.manaus.am.gov.br\/semasc\/david-almeida-destaca-reforma-dos-cras-e-busca-pela-excelencia-nos-servicos-da-semasc-durante-abertura-do-22o-encontro-regional-do-congemas-norte\/"},"author":{"name":"Cl\u00e1udia Barbosa","@id":"https:\/\/www.manaus.am.gov.br\/semasc\/#\/schema\/person\/d0a166b5031154c33c77794ddc9a827e"},"headline":"David Almeida destaca reforma dos Cras e busca pela excel\u00eancia nos servi\u00e7os da Semasc durante abertura do 22\u00ba Encontro Regional do Congemas-Norte","datePublished":"2022-05-26T16:31:43+00:00","dateModified":"2023-11-17T14:32:52+00:00","mainEntityOfPage":{"@id":"https:\/\/www.manaus.am.gov.br\/semasc\/david-almeida-destaca-reforma-dos-cras-e-busca-pela-excelencia-nos-servicos-da-semasc-durante-abertura-do-22o-encontro-regional-do-congemas-norte\/"},"wordCount":533,"publisher":{"@id":"https:\/\/www.manaus.am.gov.br\/semasc\/#organization"},"image":{"@id":"https:\/\/www.manaus.am.gov.br\/semasc\/david-almeida-destaca-reforma-dos-cras-e-busca-pela-excelencia-nos-servicos-da-semasc-durante-abertura-do-22o-encontro-regional-do-congemas-norte\/#primaryimage"},"thumbnailUrl":"https:\/\/www.manaus.am.gov.br\/semasc\/wp-content\/uploads\/sites\/17\/2023\/11\/52100966943_958d514948_o-scaled.jpg","keywords":["22\u00ba Encontro Regional do\u00a0Colegiado de Gestores Municipais de Assist\u00eancia Social","Centros de Refer\u00eancia de Assist\u00eancia Social","Congemas","cras","David Almeida","Manaus Plaza Shopping"],"articleSection":["Assist\u00eancia Social"],"inLanguage":"pt-BR"},{"@type":"WebPage","@id":"https:\/\/www.manaus.am.gov.br\/semasc\/david-almeida-destaca-reforma-dos-cras-e-busca-pela-excelencia-nos-servicos-da-semasc-durante-abertura-do-22o-encontro-regional-do-congemas-norte\/","url":"https:\/\/www.manaus.am.gov.br\/semasc\/david-almeida-destaca-reforma-dos-cras-e-busca-pela-excelencia-nos-servicos-da-semasc-durante-abertura-do-22o-encontro-regional-do-congemas-norte\/","name":"David Destaca Reforma dos CRAS e Busca pela Excel\u00eancia","isPartOf":{"@id":"https:\/\/www.manaus.am.gov.br\/semasc\/#website"},"primaryImageOfPage":{"@id":"https:\/\/www.manaus.am.gov.br\/semasc\/david-almeida-destaca-reforma-dos-cras-e-busca-pela-excelencia-nos-servicos-da-semasc-durante-abertura-do-22o-encontro-regional-do-congemas-norte\/#primaryimage"},"image":{"@id":"https:\/\/www.manaus.am.gov.br\/semasc\/david-almeida-destaca-reforma-dos-cras-e-busca-pela-excelencia-nos-servicos-da-semasc-durante-abertura-do-22o-encontro-regional-do-congemas-norte\/#primaryimage"},"thumbnailUrl":"https:\/\/www.manaus.am.gov.br\/semasc\/wp-content\/uploads\/sites\/17\/2023\/11\/52100966943_958d514948_o-scaled.jpg","datePublished":"2022-05-26T16:31:43+00:00","dateModified":"2023-11-17T14:32:52+00:00","description":"David Almeida destaca reforma dos Cras e busca pela excel\u00eancia nos servi\u00e7os da Semasc durante a 22\u00ba Encontro Regional do Congemas-Norte","breadcrumb":{"@id":"https:\/\/www.manaus.am.gov.br\/semasc\/david-almeida-destaca-reforma-dos-cras-e-busca-pela-excelencia-nos-servicos-da-semasc-durante-abertura-do-22o-encontro-regional-do-congemas-norte\/#breadcrumb"},"inLanguage":"pt-BR","potentialAction":[{"@type":"ReadAction","target":["https:\/\/www.manaus.am.gov.br\/semasc\/david-almeida-destaca-reforma-dos-cras-e-busca-pela-excelencia-nos-servicos-da-semasc-durante-abertura-do-22o-encontro-regional-do-congemas-norte\/"]}]},{"@type":"ImageObject","inLanguage":"pt-BR","@id":"https:\/\/www.manaus.am.gov.br\/semasc\/david-almeida-destaca-reforma-dos-cras-e-busca-pela-excelencia-nos-servicos-da-semasc-durante-abertura-do-22o-encontro-regional-do-congemas-norte\/#primaryimage","url":"https:\/\/www.manaus.am.gov.br\/semasc\/wp-content\/uploads\/sites\/17\/2023\/11\/52100966943_958d514948_o-scaled.jpg","contentUrl":"https:\/\/www.manaus.am.gov.br\/semasc\/wp-content\/uploads\/sites\/17\/2023\/11\/52100966943_958d514948_o-scaled.jpg","width":2560,"height":1707,"caption":"David Almeida destaca reforma dos Cras e busca pela excel\u00eancia nos servi\u00e7os da Semasc durante abertura do 22\u00ba Encontro Regional do Congemas-Norte"},{"@type":"BreadcrumbList","@id":"https:\/\/www.manaus.am.gov.br\/semasc\/david-almeida-destaca-reforma-dos-cras-e-busca-pela-excelencia-nos-servicos-da-semasc-durante-abertura-do-22o-encontro-regional-do-congemas-norte\/#breadcrumb","itemListElement":[{"@type":"ListItem","position":1,"name":"Home","item":"https:\/\/www.manaus.am.gov.br\/semasc\/"},{"@type":"ListItem","position":2,"name":"David Almeida destaca reforma dos Cras e busca pela excel\u00eancia nos servi\u00e7os da Semasc durante abertura do 22\u00ba Encontro Regional do Congemas-Norte"}]},{"@type":"WebSite","@id":"https:\/\/www.manaus.am.gov.br\/semasc\/#website","url":"https:\/\/www.manaus.am.gov.br\/semasc\/","name":"SEMASC","description":"Secretaria Municipal da Mulher, Assist\u00eancia Social e Cidadania.","publisher":{"@id":"https:\/\/www.manaus.am.gov.br\/semasc\/#organization"},"alternateName":"Secretaria Municipal da Mulher, Assist\u00eancia Social e Cidadania","potentialAction":[{"@type":"SearchAction","target":{"@type":"EntryPoint","urlTemplate":"https:\/\/www.manaus.am.gov.br\/semasc\/?s={search_term_string}"},"query-input":"required name=search_term_string"}],"inLanguage":"pt-BR"},{"@type":"Organization","@id":"https:\/\/www.manaus.am.gov.br\/semasc\/#organization","name":"Prefeitura de Manaus","alternateName":"Prefeitura Municipal de Manaus","url":"https:\/\/www.manaus.am.gov.br\/semasc\/","logo":{"@type":"ImageObject","inLanguage":"pt-BR","@id":"https:\/\/www.manaus.am.gov.br\/semasc\/#\/schema\/logo\/image\/","url":"https:\/\/www.manaus.am.gov.br\/semasc\/wp-content\/uploads\/sites\/17\/2024\/07\/favicon.png","contentUrl":"https:\/\/www.manaus.am.gov.br\/semasc\/wp-content\/uploads\/sites\/17\/2024\/07\/favicon.png","width":300,"height":300,"caption":"Prefeitura de Manaus"},"image":{"@id":"https:\/\/www.manaus.am.gov.br\/semasc\/#\/schema\/logo\/image\/"},"sameAs":["https:\/\/www.facebook.com\/semascmanaus","https:\/\/www.instagram.com\/semascmanaus\/"]},{"@type":"Person","@id":"https:\/\/www.manaus.am.gov.br\/semasc\/#\/schema\/person\/d0a166b5031154c33c77794ddc9a827e","name":"Cl\u00e1udia Barbosa","image":{"@type":"ImageObject","inLanguage":"pt-BR","@id":"https:\/\/www.manaus.am.gov.br\/semasc\/#\/schema\/person\/image\/","url":"https:\/\/secure.gravatar.com\/avatar\/42958a1cf007f1a00534009218c72590?s=96&d=mm&r=g","contentUrl":"https:\/\/secure.gravatar.com\/avatar\/42958a1cf007f1a00534009218c72590?s=96&d=mm&r=g","caption":"Cl\u00e1udia Barbosa"}}]}},"_links":{"self":[{"href":"https:\/\/www.manaus.am.gov.br\/semasc\/wp-json\/wp\/v2\/posts\/209157"}],"collection":[{"href":"https:\/\/www.manaus.am.gov.br\/semasc\/wp-json\/wp\/v2\/posts"}],"about":[{"href":"https:\/\/www.manaus.am.gov.br\/semasc\/wp-json\/wp\/v2\/types\/post"}],"author":[{"embeddable":true,"href":"https:\/\/www.manaus.am.gov.br\/semasc\/wp-json\/wp\/v2\/users\/24"}],"replies":[{"embeddable":true,"href":"https:\/\/www.manaus.am.gov.br\/semasc\/wp-json\/wp\/v2\/comments?post=209157"}],"version-history":[{"count":0,"href":"https:\/\/www.manaus.am.gov.br\/semasc\/wp-json\/wp\/v2\/posts\/209157\/revisions"}],"wp:featuredmedia":[{"embeddable":true,"href":"https:\/\/www.manaus.am.gov.br\/semasc\/wp-json\/wp\/v2\/media\/209158"}],"wp:attachment":[{"href":"https:\/\/www.manaus.am.gov.br\/semasc\/wp-json\/wp\/v2\/media?parent=209157"}],"wp:term":[{"taxonomy":"category","embeddable":true,"href":"https:\/\/www.manaus.am.gov.br\/semasc\/wp-json\/wp\/v2\/categories?post=209157"},{"taxonomy":"post_tag","embeddable":true,"href":"https:\/\/www.manaus.am.gov.br\/semasc\/wp-json\/wp\/v2\/tags?post=209157"}],"curies":[{"name":"wp","href":"https:\/\/api.w.org\/{rel}","templated":true}]}}